{"id":10047,"date":"2014-12-01T20:00:18","date_gmt":"2014-12-01T20:00:18","guid":{"rendered":"https:\/\/archiviocassano.lavocedelpaese.info\/index.php\/2014\/12\/01\/violenza-di-genere-impegni-concreti-nel-convegno-organizzato-da-no-more-difesa-donna\/"},"modified":"2014-12-01T20:00:18","modified_gmt":"2014-12-01T20:00:18","slug":"violenza-di-genere-impegni-concreti-nel-convegno-organizzato-da-no-more-difesa-donna","status":"publish","type":"post","link":"https:\/\/archiviocassano.lavocedelpaese.info\/index.php\/2014\/12\/01\/violenza-di-genere-impegni-concreti-nel-convegno-organizzato-da-no-more-difesa-donna\/","title":{"rendered":"Impegni concreti nel convegno di \u201cNo more- Difesa donna\u201d"},"content":{"rendered":"<p style=\"text-align: justify;\"><img loading=\"lazy\" decoding=\"async\" src=\"images\/stories\/archiviofoto\/convengo_no_more.jpg\" alt=\"convengo no more\" height=\"150\" width=\"320\" \/><\/p>\n<p><!--more--><\/p>\n<p>Creare una rete di concreta solidariet\u00e0 e sostegno per le donne vittime della violenza di genere, che metta insieme le esperienze acquisite, i servizi sociali, le competenze sul territorio, in forte sinergia fra pubblico e privato sociale.<\/p>\n<p style=\"text-align: justify;\">E\u2019 l\u2019impegno emerso l\u2019altra sera, nell\u2019ambito del convegno organizzato a Cassano dall\u2019<strong>Associazione di Promozione Sociale \u201cNo more \u2013 Difesa donna\u201d<\/strong> sul tema <strong><em>\u201cTragedia invisibile: norme e strumenti per la tutela, per la protezione ed il sostegno\u201d,<\/em><\/strong> al quale hanno preso parte <strong>Giulia Sannoll<\/strong>a, per la Regione Puglia; <strong>Ubaldo Pagano<\/strong>, coordinatore del Piano Sociale di Zona; <strong>Ivana Canevari<\/strong>, assistente sociale presso il Centro Antiviolenza \u201cIl Melograno\u201d, di Conversano e <strong>Rosamaria Scorese<\/strong>, sorella di Santa, giovanissima vittima della violenza, morta nel 1991.<\/p>\n<p style=\"text-align: justify;\">In apertura dei lavori &#8211; coordinati dalla Presidente dell\u2019Associazione nonch\u00e9 una delle animatrici del Centro Ascolto di Cassano, <strong>Raffaella Casamassima<\/strong> &#8211; il sindaco <strong>Vito Lionetti<\/strong> ha avuto parole di elogio per il lavoro che l\u2019Associazione sta conducendo, <em>\u201cun impegno silenzioso ma prezioso<\/em> \u2013 ha detto Lionetti \u2013 <em>di cui sto sempre pi\u00f9 scoprendo l\u2019importanza, immersi come siamo in una societ\u00e0 che \u00e8 sempre meno solidale, pur essendoci tutti i motivi per cui dovrebbe accadere il contrario\u201d.<\/em><\/p>\n<p style=\"text-align: justify;\">Il sindaco ha raccomandato un significativo raccordo con la scuola perch\u00e9 gi\u00e0 dai banchi si insegni il rispetto verso tutti tramite l\u2019educazione e la conoscenza e si \u00e8 impegnato con \u201cNo more- Difesa donna\u201d perch\u00e8 \u201c<em>vogliamo dimostrare il nostro supporto non solo con le parole ma con i fatti\u201d.<\/em><\/p>\n<p style=\"text-align: justify;\">Fatti concreti anche quelli messi in campo dalla Regione Puglia, come ha spiegato <strong>Giulia Sannolla<\/strong> che da Funzionaria presso l\u2019Assessorato al welfare \u00e8 stata una delle autrici della legge (la n. 92 del 2014) sul sostegno alle donne vittime di violenza di genere, una delle pi\u00f9 avanzate d\u2019Italia, che mira a scardinare <em>\u201cla violenza come fatto strutturale, che si annida nella nostra cultura, nei rapporti di coppia\u201d<\/em> e lo fa attraverso una rete regionale fatta di diversi nodi ovvero i Centri Antiviolenza, i Centri Ascolto, le Case-rifugio, che possono contare su una dotazione iniziale di 900mila euro oltre ad altri 700mila che arriveranno dal Governo. Questa rete, nelle intenzioni del legislatore regionale, deve riuscire a raccogliere segnali spesso deboli e intermittenti del diffuso disagio sociale perch\u00e9 <em>\u201cdobbiamo smetterla di far finta di non vedere e non sentire\u201d,<\/em> ha concluso la Sannolla commentando una toccante lettera di una mamma che le aveva scritto dopo il suicidio di sua figlia, vittima della violenza del pap\u00e0, a soli 18 anni: una violenza che la donna non era riuscita a leggere e interpretare.<\/p>\n<p style=\"text-align: justify;\">L\u2019intervento di <strong>Ubaldo Pagano<\/strong>, che ha sottolineato come quello cassanese fosse l\u2019unico appuntamento sul tema in tutti i Comuni dell\u2019Ambito, segno che dell\u2019argomento di dibatte ancora poco, \u00e8 servito a capire lo stato dell\u2019arte in materia di aiuto alle vittime, nel nostro Ambito. <em>\u201cC\u2019\u00e8 poco e nulla<\/em> \u2013 ha detto Pagano \u2013 <em>anche per la scarsit\u00e0 di risorse umane e per un quadro legislativo poco chiaro\u201d<\/em> ma certamente il fenomeno esiste: <em>\u201cho ricevuto, finora, solo 3 segnalazioni di casi di violenza ma sicuramente il fenomeno \u00e8 sommerso e va fatto emergere\u201d<\/em> ha detto Pagano. Il quale ha aggiunto che con la nuova legge regionale e le forze del privato sociale e del volontariato che stanno emergendo, la promessa \u00e8 quella di un maggiore impegno su queste problematiche, con la creazione, anche nell\u2019Ambito 5, di alcuni nodi di questa rete, in simbiosi con il Distretto socio-sanitario.<\/p>\n<p style=\"text-align: justify;\">L\u2019urgenza di intervenire sul nostro territorio creando strutture e luoghi idonei \u00e8 data da alcuni numeri snocciolati dalla Canevari, assistente sociale presso il <strong>Centro Antiviolenza \u201cIl Melograno\u201d:<\/strong> <em>\u201csolo nell\u2019anno 2014 (<\/em>che non si \u00e8 ancora concluso, nda)<em> si sono rivolte a \u201cIl Melograno\u201d circa 48 donne, con una media di quasi 4 ingressi al mese, provenienti da Conversano, Polignano e Monopoli ma anche da altri comuni della provincia di Bari; questi dati per\u00f2<\/em> \u2013 ha spiegato l\u2019assistente sociale &#8211; <em>non mi permettono di restituire gli occhi, la voce e la forza alle donne che ogni giorno incontro nel mio lavoro. Sono donne diverse, per et\u00e0 e religione; donne provenienti da differenti estrazioni sociali, economiche, culturali e territoriali. Questo ci deve &nbsp;far riflettere:&nbsp; la violenza \u00e8 purtroppo un fenomeno trasversale ed &nbsp;esteso, che si sviluppa nell\u2019ambito dei rapporti d\u2019intimit\u00e0, perch\u00e9 l\u00ec trova terreno fertile: nello squilibrio relazionale tra i sessi, nel desiderio di controllo&nbsp; e possesso da parte del genere maschile su quello femminile\u201d.<\/em><\/p>\n<p style=\"text-align: justify;\">La Presidente di &#8220;No more &#8211; Dfesa donna&#8221; ha parlato quindi della esperienza che l&#8217;associazione ha avviato come Centro Ascolto per le vittime di violenza, dopo una lunga formazione delle volontarie che lo animano, con una trasparente valutazione del rischio nei confronti delle donne che decidono di rivolgersi al Centro <em>&#8220;ma senza che noi diciamo loro cosa devono fare, senza giudicarle, senza fare ulteriori pressioni psicologiche pi\u00f9 di quante ne subiscono&#8221;<\/em> ha spiegato <strong>Raffaella Casamassima<\/strong>, rivelando che presso il centro cassanese si siano rivolte non solo donne residenti nel nostro paese ma anche di altri paesi limitrofi.<\/p>\n<p style=\"text-align: justify;\"><em>&#8220;Ma adesso \u00e8 necessario fare rete<\/em> &#8211; ha detto la Presidente &#8211; <em>e di mettere assieme le esperienze per un intervento organico sul territorio&#8221;.<\/em><\/p>\n<p style=\"text-align: justify;\">Scioccante, nella sua semplice crudelt\u00e0 di una storia di ordinaria violenza che potrebbe colpire chiunque, la testimonianza di <strong>Rosamaria Scorese<\/strong> che ha raccontato la vicenda umana e religiosa di sua sorella Santa, vittima di uno \u201cstalker\u201d (ma nei primi anni \u201990 il fenomeno non lo si conosceva in questo modo) che per tre anni non le ha dato tregua, fino ad ucciderla, sotto gli occhi impotenti di suo padre.<\/p>\n<p style=\"text-align: justify;\">Forse anche grazie a quel sangue versato \u2013 come nella tradizione martirologica della Chiesa Cattolica, di cui la ragazza barese era fedele \u2013 \u00e8 cresciuta la consapevolezza nella societ\u00e0 che lo \u201cstalking\u201d, la follia omicida, la persecuzione irrazionale non sono \u201ccose che capitano\u201d ma fenomeni umani che vanno compresi e combattuti perch\u00e9 non ci siano pi\u00f9 vittime.<\/p>\n<p style=\"text-align: justify;\">Oggi di Santa \u2013 riconosciuta dalla Chiesa come \u201cserva di Dio\u201d ed in attesa del riconoscimento della beatificazione perch\u00e9 \u201cmartire in spregio della fede\u201d \u2013 ricordiamo l\u2019immagine che sua sorella ha restituito nel suo racconto <em>\u201cnella sua bara volli vestirla con un abito rosso, una scelta in quel momenti istintiva, quasi irrazionale per qualcuno che la voleva vestita di bianco\u2026..ma io non ebbi esitazioni e volli quell\u2019abito, quel colore, per ricordare di Santa la vivacit\u00e0 e la gioia di vivere ma anche la tonalit\u00e0 del sangue che questa ragazza ha dovuto versare perch\u00e9 tante altre donne non soffrissero pi\u00f9\u201d.<\/em><\/p>\n<p>&nbsp;<\/p>\n<p>&nbsp;<\/p>\n<p>&nbsp;<\/p>\n","protected":false},"excerpt":{"rendered":"","protected":false},"author":1,"featured_media":0,"comment_status":"open","ping_status":"closed","sticky":false,"template":"","format":"standard","meta":{"colormag_page_container_layout":"default_layout","colormag_page_sidebar_layout":"default_layout","footnotes":""},"categories":[6],"tags":[],"class_list":["post-10047","post","type-post","status-publish","format-standard","hentry","category-cultura"],"yoast_head":"<!-- This site is optimized with the Yoast SEO plugin v27.5 - https:\/\/yoast.com\/product\/yoast-seo-wordpress\/ -->\n<title>Impegni concreti nel convegno di \u201cNo more- Difesa donna\u201d - Archivio CassanoWeb<\/title>\n<meta name=\"robots\" content=\"index, follow, max-snippet:-1, max-image-preview:large, max-video-preview:-1\" \/>\n<link rel=\"canonical\" href=\"https:\/\/archiviocassano.lavocedelpaese.info\/index.php\/2014\/12\/01\/violenza-di-genere-impegni-concreti-nel-convegno-organizzato-da-no-more-difesa-donna\/\" \/>\n<meta property=\"og:locale\" content=\"it_IT\" \/>\n<meta property=\"og:type\" content=\"article\" \/>\n<meta property=\"og:title\" content=\"Impegni concreti nel convegno di \u201cNo more- Difesa donna\u201d - Archivio CassanoWeb\" \/>\n<meta property=\"og:url\" content=\"https:\/\/archiviocassano.lavocedelpaese.info\/index.php\/2014\/12\/01\/violenza-di-genere-impegni-concreti-nel-convegno-organizzato-da-no-more-difesa-donna\/\" \/>\n<meta property=\"og:site_name\" content=\"Archivio CassanoWeb\" \/>\n<meta property=\"article:publisher\" content=\"https:\/\/www.facebook.com\/redazione.cassanoweb\" \/>\n<meta property=\"article:published_time\" content=\"2014-12-01T20:00:18+00:00\" \/>\n<meta name=\"author\" content=\"admin\" \/>\n<meta name=\"twitter:card\" content=\"summary_large_image\" \/>\n<meta name=\"twitter:label1\" content=\"Scritto da\" \/>\n\t<meta name=\"twitter:data1\" content=\"admin\" \/>\n\t<meta name=\"twitter:label2\" content=\"Tempo di lettura stimato\" \/>\n\t<meta name=\"twitter:data2\" content=\"5 minuti\" \/>\n<script type=\"application\/ld+json\" class=\"yoast-schema-graph\">{\"@context\":\"https:\\\/\\\/schema.org\",\"@graph\":[{\"@type\":\"Article\",\"@id\":\"https:\\\/\\\/archiviocassano.lavocedelpaese.info\\\/index.php\\\/2014\\\/12\\\/01\\\/violenza-di-genere-impegni-concreti-nel-convegno-organizzato-da-no-more-difesa-donna\\\/#article\",\"isPartOf\":{\"@id\":\"https:\\\/\\\/archiviocassano.lavocedelpaese.info\\\/index.php\\\/2014\\\/12\\\/01\\\/violenza-di-genere-impegni-concreti-nel-convegno-organizzato-da-no-more-difesa-donna\\\/\"},\"author\":{\"name\":\"admin\",\"@id\":\"https:\\\/\\\/archiviocassano.lavocedelpaese.info\\\/#\\\/schema\\\/person\\\/df195bc79a9b4c35127cf005f92e041b\"},\"headline\":\"Impegni concreti nel convegno di \u201cNo more- Difesa donna\u201d\",\"datePublished\":\"2014-12-01T20:00:18+00:00\",\"mainEntityOfPage\":{\"@id\":\"https:\\\/\\\/archiviocassano.lavocedelpaese.info\\\/index.php\\\/2014\\\/12\\\/01\\\/violenza-di-genere-impegni-concreti-nel-convegno-organizzato-da-no-more-difesa-donna\\\/\"},\"wordCount\":1085,\"commentCount\":0,\"publisher\":{\"@id\":\"https:\\\/\\\/archiviocassano.lavocedelpaese.info\\\/#organization\"},\"articleSection\":[\"Cultura\"],\"inLanguage\":\"it-IT\",\"potentialAction\":[{\"@type\":\"CommentAction\",\"name\":\"Comment\",\"target\":[\"https:\\\/\\\/archiviocassano.lavocedelpaese.info\\\/index.php\\\/2014\\\/12\\\/01\\\/violenza-di-genere-impegni-concreti-nel-convegno-organizzato-da-no-more-difesa-donna\\\/#respond\"]}]},{\"@type\":\"WebPage\",\"@id\":\"https:\\\/\\\/archiviocassano.lavocedelpaese.info\\\/index.php\\\/2014\\\/12\\\/01\\\/violenza-di-genere-impegni-concreti-nel-convegno-organizzato-da-no-more-difesa-donna\\\/\",\"url\":\"https:\\\/\\\/archiviocassano.lavocedelpaese.info\\\/index.php\\\/2014\\\/12\\\/01\\\/violenza-di-genere-impegni-concreti-nel-convegno-organizzato-da-no-more-difesa-donna\\\/\",\"name\":\"Impegni concreti nel convegno di \u201cNo more- Difesa donna\u201d - Archivio CassanoWeb\",\"isPartOf\":{\"@id\":\"https:\\\/\\\/archiviocassano.lavocedelpaese.info\\\/#website\"},\"datePublished\":\"2014-12-01T20:00:18+00:00\",\"breadcrumb\":{\"@id\":\"https:\\\/\\\/archiviocassano.lavocedelpaese.info\\\/index.php\\\/2014\\\/12\\\/01\\\/violenza-di-genere-impegni-concreti-nel-convegno-organizzato-da-no-more-difesa-donna\\\/#breadcrumb\"},\"inLanguage\":\"it-IT\",\"potentialAction\":[{\"@type\":\"ReadAction\",\"target\":[\"https:\\\/\\\/archiviocassano.lavocedelpaese.info\\\/index.php\\\/2014\\\/12\\\/01\\\/violenza-di-genere-impegni-concreti-nel-convegno-organizzato-da-no-more-difesa-donna\\\/\"]}]},{\"@type\":\"BreadcrumbList\",\"@id\":\"https:\\\/\\\/archiviocassano.lavocedelpaese.info\\\/index.php\\\/2014\\\/12\\\/01\\\/violenza-di-genere-impegni-concreti-nel-convegno-organizzato-da-no-more-difesa-donna\\\/#breadcrumb\",\"itemListElement\":[{\"@type\":\"ListItem\",\"position\":1,\"name\":\"Home\",\"item\":\"https:\\\/\\\/archiviocassano.lavocedelpaese.info\\\/\"},{\"@type\":\"ListItem\",\"position\":2,\"name\":\"Impegni concreti nel convegno di \u201cNo more- Difesa donna\u201d\"}]},{\"@type\":\"WebSite\",\"@id\":\"https:\\\/\\\/archiviocassano.lavocedelpaese.info\\\/#website\",\"url\":\"https:\\\/\\\/archiviocassano.lavocedelpaese.info\\\/\",\"name\":\"Archivio CassanoWeb\",\"description\":\"La Voce del Paese - un network di idee\",\"publisher\":{\"@id\":\"https:\\\/\\\/archiviocassano.lavocedelpaese.info\\\/#organization\"},\"potentialAction\":[{\"@type\":\"SearchAction\",\"target\":{\"@type\":\"EntryPoint\",\"urlTemplate\":\"https:\\\/\\\/archiviocassano.lavocedelpaese.info\\\/?s={search_term_string}\"},\"query-input\":{\"@type\":\"PropertyValueSpecification\",\"valueRequired\":true,\"valueName\":\"search_term_string\"}}],\"inLanguage\":\"it-IT\"},{\"@type\":\"Organization\",\"@id\":\"https:\\\/\\\/archiviocassano.lavocedelpaese.info\\\/#organization\",\"name\":\"Archivio CassanoWeb\",\"url\":\"https:\\\/\\\/archiviocassano.lavocedelpaese.info\\\/\",\"logo\":{\"@type\":\"ImageObject\",\"inLanguage\":\"it-IT\",\"@id\":\"https:\\\/\\\/archiviocassano.lavocedelpaese.info\\\/#\\\/schema\\\/logo\\\/image\\\/\",\"url\":\"https:\\\/\\\/archiviocassano.lavocedelpaese.info\\\/wp-content\\\/uploads\\\/2024\\\/08\\\/logo-rosso-2.png\",\"contentUrl\":\"https:\\\/\\\/archiviocassano.lavocedelpaese.info\\\/wp-content\\\/uploads\\\/2024\\\/08\\\/logo-rosso-2.png\",\"width\":491,\"height\":432,\"caption\":\"Archivio CassanoWeb\"},\"image\":{\"@id\":\"https:\\\/\\\/archiviocassano.lavocedelpaese.info\\\/#\\\/schema\\\/logo\\\/image\\\/\"},\"sameAs\":[\"https:\\\/\\\/www.facebook.com\\\/redazione.cassanoweb\"]},{\"@type\":\"Person\",\"@id\":\"https:\\\/\\\/archiviocassano.lavocedelpaese.info\\\/#\\\/schema\\\/person\\\/df195bc79a9b4c35127cf005f92e041b\",\"name\":\"admin\",\"image\":{\"@type\":\"ImageObject\",\"inLanguage\":\"it-IT\",\"@id\":\"https:\\\/\\\/secure.gravatar.com\\\/avatar\\\/eabba89a432e8eaa1b0207cc55f7e5340b22712b1ed80677efcf63e02ff5b235?s=96&d=mm&r=g\",\"url\":\"https:\\\/\\\/secure.gravatar.com\\\/avatar\\\/eabba89a432e8eaa1b0207cc55f7e5340b22712b1ed80677efcf63e02ff5b235?s=96&d=mm&r=g\",\"contentUrl\":\"https:\\\/\\\/secure.gravatar.com\\\/avatar\\\/eabba89a432e8eaa1b0207cc55f7e5340b22712b1ed80677efcf63e02ff5b235?s=96&d=mm&r=g\",\"caption\":\"admin\"},\"sameAs\":[\"https:\\\/\\\/archiviocassano.lavocedelpaese.info\"],\"url\":\"https:\\\/\\\/archiviocassano.lavocedelpaese.info\\\/index.php\\\/author\\\/admin_0qgz1xdp\\\/\"}]}<\/script>\n<!-- \/ Yoast SEO plugin. -->","yoast_head_json":{"title":"Impegni concreti nel convegno di \u201cNo more- Difesa donna\u201d - Archivio CassanoWeb","robots":{"index":"index","follow":"follow","max-snippet":"max-snippet:-1","max-image-preview":"max-image-preview:large","max-video-preview":"max-video-preview:-1"},"canonical":"https:\/\/archiviocassano.lavocedelpaese.info\/index.php\/2014\/12\/01\/violenza-di-genere-impegni-concreti-nel-convegno-organizzato-da-no-more-difesa-donna\/","og_locale":"it_IT","og_type":"article","og_title":"Impegni concreti nel convegno di \u201cNo more- Difesa donna\u201d - Archivio CassanoWeb","og_url":"https:\/\/archiviocassano.lavocedelpaese.info\/index.php\/2014\/12\/01\/violenza-di-genere-impegni-concreti-nel-convegno-organizzato-da-no-more-difesa-donna\/","og_site_name":"Archivio CassanoWeb","article_publisher":"https:\/\/www.facebook.com\/redazione.cassanoweb","article_published_time":"2014-12-01T20:00:18+00:00","author":"admin","twitter_card":"summary_large_image","twitter_misc":{"Scritto da":"admin","Tempo di lettura stimato":"5 minuti"},"schema":{"@context":"https:\/\/schema.org","@graph":[{"@type":"Article","@id":"https:\/\/archiviocassano.lavocedelpaese.info\/index.php\/2014\/12\/01\/violenza-di-genere-impegni-concreti-nel-convegno-organizzato-da-no-more-difesa-donna\/#article","isPartOf":{"@id":"https:\/\/archiviocassano.lavocedelpaese.info\/index.php\/2014\/12\/01\/violenza-di-genere-impegni-concreti-nel-convegno-organizzato-da-no-more-difesa-donna\/"},"author":{"name":"admin","@id":"https:\/\/archiviocassano.lavocedelpaese.info\/#\/schema\/person\/df195bc79a9b4c35127cf005f92e041b"},"headline":"Impegni concreti nel convegno di \u201cNo more- Difesa donna\u201d","datePublished":"2014-12-01T20:00:18+00:00","mainEntityOfPage":{"@id":"https:\/\/archiviocassano.lavocedelpaese.info\/index.php\/2014\/12\/01\/violenza-di-genere-impegni-concreti-nel-convegno-organizzato-da-no-more-difesa-donna\/"},"wordCount":1085,"commentCount":0,"publisher":{"@id":"https:\/\/archiviocassano.lavocedelpaese.info\/#organization"},"articleSection":["Cultura"],"inLanguage":"it-IT","potentialAction":[{"@type":"CommentAction","name":"Comment","target":["https:\/\/archiviocassano.lavocedelpaese.info\/index.php\/2014\/12\/01\/violenza-di-genere-impegni-concreti-nel-convegno-organizzato-da-no-more-difesa-donna\/#respond"]}]},{"@type":"WebPage","@id":"https:\/\/archiviocassano.lavocedelpaese.info\/index.php\/2014\/12\/01\/violenza-di-genere-impegni-concreti-nel-convegno-organizzato-da-no-more-difesa-donna\/","url":"https:\/\/archiviocassano.lavocedelpaese.info\/index.php\/2014\/12\/01\/violenza-di-genere-impegni-concreti-nel-convegno-organizzato-da-no-more-difesa-donna\/","name":"Impegni concreti nel convegno di \u201cNo more- Difesa donna\u201d - Archivio CassanoWeb","isPartOf":{"@id":"https:\/\/archiviocassano.lavocedelpaese.info\/#website"},"datePublished":"2014-12-01T20:00:18+00:00","breadcrumb":{"@id":"https:\/\/archiviocassano.lavocedelpaese.info\/index.php\/2014\/12\/01\/violenza-di-genere-impegni-concreti-nel-convegno-organizzato-da-no-more-difesa-donna\/#breadcrumb"},"inLanguage":"it-IT","potentialAction":[{"@type":"ReadAction","target":["https:\/\/archiviocassano.lavocedelpaese.info\/index.php\/2014\/12\/01\/violenza-di-genere-impegni-concreti-nel-convegno-organizzato-da-no-more-difesa-donna\/"]}]},{"@type":"BreadcrumbList","@id":"https:\/\/archiviocassano.lavocedelpaese.info\/index.php\/2014\/12\/01\/violenza-di-genere-impegni-concreti-nel-convegno-organizzato-da-no-more-difesa-donna\/#breadcrumb","itemListElement":[{"@type":"ListItem","position":1,"name":"Home","item":"https:\/\/archiviocassano.lavocedelpaese.info\/"},{"@type":"ListItem","position":2,"name":"Impegni concreti nel convegno di \u201cNo more- Difesa donna\u201d"}]},{"@type":"WebSite","@id":"https:\/\/archiviocassano.lavocedelpaese.info\/#website","url":"https:\/\/archiviocassano.lavocedelpaese.info\/","name":"Archivio CassanoWeb","description":"La Voce del Paese - un network di idee","publisher":{"@id":"https:\/\/archiviocassano.lavocedelpaese.info\/#organization"},"potentialAction":[{"@type":"SearchAction","target":{"@type":"EntryPoint","urlTemplate":"https:\/\/archiviocassano.lavocedelpaese.info\/?s={search_term_string}"},"query-input":{"@type":"PropertyValueSpecification","valueRequired":true,"valueName":"search_term_string"}}],"inLanguage":"it-IT"},{"@type":"Organization","@id":"https:\/\/archiviocassano.lavocedelpaese.info\/#organization","name":"Archivio CassanoWeb","url":"https:\/\/archiviocassano.lavocedelpaese.info\/","logo":{"@type":"ImageObject","inLanguage":"it-IT","@id":"https:\/\/archiviocassano.lavocedelpaese.info\/#\/schema\/logo\/image\/","url":"https:\/\/archiviocassano.lavocedelpaese.info\/wp-content\/uploads\/2024\/08\/logo-rosso-2.png","contentUrl":"https:\/\/archiviocassano.lavocedelpaese.info\/wp-content\/uploads\/2024\/08\/logo-rosso-2.png","width":491,"height":432,"caption":"Archivio CassanoWeb"},"image":{"@id":"https:\/\/archiviocassano.lavocedelpaese.info\/#\/schema\/logo\/image\/"},"sameAs":["https:\/\/www.facebook.com\/redazione.cassanoweb"]},{"@type":"Person","@id":"https:\/\/archiviocassano.lavocedelpaese.info\/#\/schema\/person\/df195bc79a9b4c35127cf005f92e041b","name":"admin","image":{"@type":"ImageObject","inLanguage":"it-IT","@id":"https:\/\/secure.gravatar.com\/avatar\/eabba89a432e8eaa1b0207cc55f7e5340b22712b1ed80677efcf63e02ff5b235?s=96&d=mm&r=g","url":"https:\/\/secure.gravatar.com\/avatar\/eabba89a432e8eaa1b0207cc55f7e5340b22712b1ed80677efcf63e02ff5b235?s=96&d=mm&r=g","contentUrl":"https:\/\/secure.gravatar.com\/avatar\/eabba89a432e8eaa1b0207cc55f7e5340b22712b1ed80677efcf63e02ff5b235?s=96&d=mm&r=g","caption":"admin"},"sameAs":["https:\/\/archiviocassano.lavocedelpaese.info"],"url":"https:\/\/archiviocassano.lavocedelpaese.info\/index.php\/author\/admin_0qgz1xdp\/"}]}},"_links":{"self":[{"href":"https:\/\/archiviocassano.lavocedelpaese.info\/index.php\/wp-json\/wp\/v2\/posts\/10047","targetHints":{"allow":["GET"]}}],"collection":[{"href":"https:\/\/archiviocassano.lavocedelpaese.info\/index.php\/wp-json\/wp\/v2\/posts"}],"about":[{"href":"https:\/\/archiviocassano.lavocedelpaese.info\/index.php\/wp-json\/wp\/v2\/types\/post"}],"author":[{"embeddable":true,"href":"https:\/\/archiviocassano.lavocedelpaese.info\/index.php\/wp-json\/wp\/v2\/users\/1"}],"replies":[{"embeddable":true,"href":"https:\/\/archiviocassano.lavocedelpaese.info\/index.php\/wp-json\/wp\/v2\/comments?post=10047"}],"version-history":[{"count":0,"href":"https:\/\/archiviocassano.lavocedelpaese.info\/index.php\/wp-json\/wp\/v2\/posts\/10047\/revisions"}],"wp:attachment":[{"href":"https:\/\/archiviocassano.lavocedelpaese.info\/index.php\/wp-json\/wp\/v2\/media?parent=10047"}],"wp:term":[{"taxonomy":"category","embeddable":true,"href":"https:\/\/archiviocassano.lavocedelpaese.info\/index.php\/wp-json\/wp\/v2\/categories?post=10047"},{"taxonomy":"post_tag","embeddable":true,"href":"https:\/\/archiviocassano.lavocedelpaese.info\/index.php\/wp-json\/wp\/v2\/tags?post=10047"}],"curies":[{"name":"wp","href":"https:\/\/api.w.org\/{rel}","templated":true}]}}