{"id":10115,"date":"2014-12-13T16:01:51","date_gmt":"2014-12-13T16:01:51","guid":{"rendered":"https:\/\/archiviocassano.lavocedelpaese.info\/index.php\/2014\/12\/13\/la-politica-a-cassanodietro-le-bandiere-dellambiente\/"},"modified":"2014-12-13T16:01:51","modified_gmt":"2014-12-13T16:01:51","slug":"la-politica-a-cassanodietro-le-bandiere-dellambiente","status":"publish","type":"post","link":"https:\/\/archiviocassano.lavocedelpaese.info\/index.php\/2014\/12\/13\/la-politica-a-cassanodietro-le-bandiere-dellambiente\/","title":{"rendered":"La politica a Cassano&#8230;dietro le bandiere dell&#8217;ambiente"},"content":{"rendered":"<p><img loading=\"lazy\" decoding=\"async\" class=\" size-full wp-image-10114\" src=\"https:\/\/archiviocassano.lavocedelpaese.info\/wp-content\/uploads\/2014\/12\/losito_con_albero.jpg\" width=\"320\" height=\"150\" alt=\"losito con albero\" style=\"margin-right: 2px; margin-left: 2px;\" \/><\/p>\n<p><!--more--><\/p>\n<p style=\"text-align: justify;\"><em>Dal signor Leonardo Losito, riceviamo e pubblichiamo questo contributo in relazione ad un concorso attivo fino a questa mattina nella nostra cittadina. <\/em><\/p>\n<p style=\"text-align: justify;\"><em>Sottolineamo &#8211; laddove ce ne fosse bisogno &#8211; che CassanoWeb \u00e8 da sempre, e sempre lo sar\u00e0, un giornale aperto ai contributi di tutti anche se non necessariamente le idee che ospita sono condivise o condivisibili.<\/em><\/p>\n<p style=\"text-align: justify;\"><em>Crediamo di assolvere ad un impegno civico nei confronti della cittadinanza cassanese quando diamo voce a chiunque, nel rispetto delle persone e delle leggi, abbia da dire qualcosa, soprattutto quando \u00e8 disposto a esporsi con il proprio nome e cognome.<\/em>&nbsp;<\/p>\n<p>&nbsp;<\/p>\n<div style=\"text-align: justify;\">Letto con attenzione il regolamento di un concorso fotografico pubblico (ma per pochi e non per tutti) proposto dal circolo cassanese di un&#8217;associazione che non nomino per non offrire propaganda gratuita e che ha ottenuto un contributo dalle casse comunali, e sensibile all&#8217;argomento ambiente, ho deciso di propagandare l&#8217;evento e di parteciparvi con alcune mie foto.<\/div>\n<div style=\"text-align: justify;\">&nbsp;<\/div>\n<div style=\"text-align: justify;\">Sin da subito mi \u00e8 stato contestata una foto poich\u00e9 riportante il mio nome e cognome ed il titolo della foto, successivamente, &#8220;grazie al successo del concorso&#8221; (come asserito dagli organizzatori), sono stati riaperti i termini di invio delle foto contravvenendo al regolamento. Infine, avvenuta la pubblicazione delle foto, quando la mia dal titolo &#8220;Abbracciamo un albero per misurarne la circonferenza e datarlo&#8221;, in tema con l&#8217;argomento e rispettante il regolamento, effettuata durante un mio evento escursionistico ha raggiunto un notevole punteggio tanto da potersi ritenere vincitrice, mi \u00e8 stata contestata la mia intenzione di omaggiare l&#8217;eventuale premio a favore di un partecipante ai miei eventi escursionistici-culturali per dar possibilit\u00e0 ad altri di conoscere gli sponsor a me gi\u00e0 noti e gli strumenti utilizzati per incrementarne il punteggio. Cos\u00ec, e come da mie previsioni, tutte le mie foto sono state escluse dal concorso a favore delle poche altre (circa 20) che hanno utilizzato gli stessi strumenti per raggiungere il punteggio. Ho ricevuto in risposta a mie mail di chiarimento solo messaggi anonimi e, ad una richiesta telefonica di spiegazioni, sono stato invitato con &#8220;estrema cortesia&#8221; a desistere dal seguire le iniziative pubbliche che l&#8217;associazione propone nel paese.<\/div>\n<div style=\"text-align: justify;\">&nbsp;<\/div>\n<div style=\"text-align: justify;\">Ma i dissapori con gli organizzatori di tale concorso hanno origini pi\u00f9 remote poich\u00e9 lo scorso anno, quando il circolo si \u00e8 costituito qualche mese prima delle votazioni comunali sostenendo un comitato cittadino, da socio fondatore e ricoprendo l&#8217;incarico di consigliere, precisando il mio disinteresse alla politica, ho invitato ad evitare qualsiasi coinvolgimento politico ricevendo in risposta rassicurazioni. Durante le varie riunioni alle quali ho partecipato in maniera attiva insieme agli altri quattro soci attivi per\u00f2 ho iniziato a notare un certo accanimento contro l&#8217;amministrazione comunale del momento finch\u00e9 pi\u00f9 di un amico concittadino mi ha contattato per esprimere il suo giudizio e per ammonirmi. Sono seguite escursioni curate da un socio, ma riportanti pubblicamente il nome della sua associazione nei &#8220;luoghi dei vasconi&#8221; per sottolineare l&#8217;impatto ambientale di un progetto presentato dal sindaco in carica e rassicurando che il candidato sindaco avrebbe ostacolato tali progetti.<\/div>\n<div style=\"text-align: justify;\">&nbsp;<\/div>\n<div style=\"text-align: justify;\">Solo successivamente a questi episodi, durante l&#8217;evento Earth Hour, ho conosciuto personalmente il Sindaco Di Medio che non avevo avuto opportunit\u00e0 di conoscere prima, ma soprattutto ho conosciuto cittadini cassanesi che mi hanno chiaramente e con dati certi mostrato l&#8217;appartenenza politica del presidente dell&#8217;associazione che invece mi aveva sempre negato un interesse alla politica locale.<\/div>\n<div style=\"text-align: justify;\">&nbsp;<\/div>\n<div style=\"text-align: justify;\">Avuti alcuni presentimenti ho denunciato al Presidente regionale dell&#8217;associazione il mio dissapore presentando ad aprile scorso le mie dimissioni dal circolo cassanese precisando:&nbsp;<i>&#8220;&#8230;un ruolo e una presenza diventata scomoda (tanto che non ho pi\u00f9 ricevuto pi\u00f9 convocazioni alle riunioni e mi \u00e8 stato negato l&#8217;accesso alla pagina Facebook del circolo negandomi la diffusione di alcune mie opinioni) da quando ho invitato i soci a riflettere sui pareri pubblici, a mio avviso meritevoli di attenzione, che ho riportato nel circolo e che sono stati ignorati . Purtroppo quando ho iniziato il percorso con il circolo ho creduto di condividere gli stessi obiettivi mirati esclusivamente alla tutela dell\u2019ambiente&#8230;continuer\u00f2 ad offrire il mio modesto e apprezzato contributo all\u2019ambiente e al territorio proponendo eventi&#8230;che non nascondono altri interessi (economici, lavorativi, politici, ecc.), offrir\u00f2 la mia collaborazione presso altri circoli&#8230;e le altre associazioni di volontariato con le quali da tempo collaboro con entusiasmo&#8230;e parteciper\u00f2 agli eventi pubblici del circolo cassanese e delle associazioni e\/o gruppi locali che dal mio volontariato hanno tratto indubbio vantaggio. Mi vedo costretto&#8230;a rendere pubbliche le mie dimissioni per evitare io stesso un danno d\u2019immagine per l&#8217;operato del circolo&#8230; &#8220;<\/i>.<\/div>\n<div style=\"text-align: justify;\">&nbsp;<\/div>\n<div style=\"text-align: justify;\">Oggi, al termine della campagna elettorale e dopo il cambio dell&#8217;amministrazione comunale, il presidente fondatore del circolo cassanese dell&#8217;associazione ha ottenuto un incarico retribuito dal comune quasi che a Cassano non ci siano disoccupati o persone pi\u00f9 preparate, oltretutto in pieno contrasto con altra attivit\u00e0 gi\u00e0 svolta; un altro socio ha ottenuto la visibilit\u00e0 della sua associazione escursionistica propagandando il nome della stessa sulle locandine dell&#8217;associazione ambientalistica; un altro socio ha utilizzato la pagina facebook dell&#8217;associazione per proporre i propri lavori (divani in legno), ecc.. Sono tutte casualit\u00e0 o i miei sospetti erano e sono fondati? E ancora, poich\u00e9 abbiamo ora la fortuna di avere un Sindaco la cui professione (docente) sicuramente gli consente di preparare autonomamente i suoi comunicati, non potevano essere spesi quei soldi per l&#8217;ambiente o per altre vere necessit\u00e0 (trasporto pubblico verso i quartieri periferici, riduzione delle tasse, manutenzioni, ecc.)?<\/div>\n<div style=\"text-align: justify;\">&nbsp;<\/div>\n<div style=\"text-align: justify;\">Sentito qualche giorno fa il presidente regionale dell&#8217;associazione, lo stesso \u00e8 risultato ignaro della carica pubblica assunta dal presidente del circolo ritenendola incompatibile ma, al momento attuale, non mi ha saputo fornire il nome del nuovo presidente.<\/div>\n<div style=\"text-align: justify;\">&nbsp;<\/div>\n<div style=\"text-align: justify;\">Ad oggi le minacce di vedere la mia immagine danneggiata attraverso canali di informazione pubblica di parte non mi hanno intimorito e sento il dovere di diffondere il mio pensiero, avverto inoltre un rimorso morale per non aver comunicato le mie impressioni prima della chiusura della campagna elettorale.<\/div>\n<div style=\"text-align: justify;\">Per una scelta personale non mi sono mai interessato di politica e ammetto la mia ignoranza in materia, ma ritengo che certe scelte a spese dei contribuenti e la strumentalizzazione di ignari partecipanti ad eventi &#8220;escursionistici&#8221; non fanno certo onore al paese ed alla cittadinanza.<\/div>\n<div style=\"text-align: justify;\">&nbsp;<\/div>\n<div style=\"text-align: justify;\">Ovviamente conservo documentazione attestante quanto da me sostenuto.<\/div>\n<div style=\"text-align: justify;\">&nbsp;<\/div>\n<div style=\"text-align: justify;\">Ad oggi offro la mia collaborazione gratuitamente e con entusiasmo ad associazioni di tutto rispetto (FareVerde, WWF, Legambiente Santeramo, Puglia Terra Nobile, ARI RE, ecc.) ricevendo grande soddisfazione. Ringrazio comunque quanti mi hanno supportato nel concorso e, con il solo fine di promuovere il territorio e valorizzarlo, lontano da interessi politici, economici e lavorativi, nonostante i tentativi di boicottaggio di alcuni eventi, continuer\u00f2 ad impegnarmi per far conoscere la parte buona del nostro paese.<\/div>\n<div style=\"text-align: justify;\">&nbsp;<\/div>\n<div>&nbsp;<\/div>\n<div style=\"text-align: right;\"><strong>Leonardo Losito<\/strong><\/div>\n<p>&nbsp;<\/p>\n","protected":false},"excerpt":{"rendered":"","protected":false},"author":1,"featured_media":10114,"comment_status":"open","ping_status":"closed","sticky":false,"template":"","format":"standard","meta":{"colormag_page_container_layout":"default_layout","colormag_page_sidebar_layout":"default_layout","footnotes":""},"categories":[9],"tags":[],"class_list":["post-10115","post","type-post","status-publish","format-standard","has-post-thumbnail","hentry","category-la-voce-del-paese"],"yoast_head":"<!-- This site is optimized with the Yoast SEO plugin v27.5 - https:\/\/yoast.com\/product\/yoast-seo-wordpress\/ -->\n<title>La politica a Cassano...dietro le bandiere dell&#039;ambiente - Archivio CassanoWeb<\/title>\n<meta name=\"robots\" content=\"index, follow, max-snippet:-1, max-image-preview:large, max-video-preview:-1\" \/>\n<link rel=\"canonical\" href=\"https:\/\/archiviocassano.lavocedelpaese.info\/index.php\/2014\/12\/13\/la-politica-a-cassanodietro-le-bandiere-dellambiente\/\" \/>\n<meta property=\"og:locale\" content=\"it_IT\" \/>\n<meta property=\"og:type\" content=\"article\" \/>\n<meta property=\"og:title\" content=\"La politica a Cassano...dietro le bandiere dell&#039;ambiente - Archivio CassanoWeb\" \/>\n<meta property=\"og:url\" content=\"https:\/\/archiviocassano.lavocedelpaese.info\/index.php\/2014\/12\/13\/la-politica-a-cassanodietro-le-bandiere-dellambiente\/\" \/>\n<meta property=\"og:site_name\" content=\"Archivio CassanoWeb\" \/>\n<meta property=\"article:publisher\" content=\"https:\/\/www.facebook.com\/redazione.cassanoweb\" \/>\n<meta property=\"article:published_time\" content=\"2014-12-13T16:01:51+00:00\" \/>\n<meta property=\"og:image\" content=\"https:\/\/archiviocassano.lavocedelpaese.info\/wp-content\/uploads\/2014\/12\/losito_con_albero.jpg\" \/>\n\t<meta property=\"og:image:width\" content=\"960\" \/>\n\t<meta property=\"og:image:height\" content=\"640\" \/>\n\t<meta property=\"og:image:type\" content=\"image\/jpeg\" \/>\n<meta name=\"author\" content=\"admin\" \/>\n<meta name=\"twitter:card\" content=\"summary_large_image\" \/>\n<meta name=\"twitter:label1\" content=\"Scritto da\" \/>\n\t<meta name=\"twitter:data1\" content=\"admin\" \/>\n\t<meta name=\"twitter:label2\" content=\"Tempo di lettura stimato\" \/>\n\t<meta name=\"twitter:data2\" content=\"6 minuti\" \/>\n<script type=\"application\/ld+json\" class=\"yoast-schema-graph\">{\"@context\":\"https:\\\/\\\/schema.org\",\"@graph\":[{\"@type\":\"Article\",\"@id\":\"https:\\\/\\\/archiviocassano.lavocedelpaese.info\\\/index.php\\\/2014\\\/12\\\/13\\\/la-politica-a-cassanodietro-le-bandiere-dellambiente\\\/#article\",\"isPartOf\":{\"@id\":\"https:\\\/\\\/archiviocassano.lavocedelpaese.info\\\/index.php\\\/2014\\\/12\\\/13\\\/la-politica-a-cassanodietro-le-bandiere-dellambiente\\\/\"},\"author\":{\"name\":\"admin\",\"@id\":\"https:\\\/\\\/archiviocassano.lavocedelpaese.info\\\/#\\\/schema\\\/person\\\/df195bc79a9b4c35127cf005f92e041b\"},\"headline\":\"La politica a Cassano&#8230;dietro le bandiere dell&#8217;ambiente\",\"datePublished\":\"2014-12-13T16:01:51+00:00\",\"mainEntityOfPage\":{\"@id\":\"https:\\\/\\\/archiviocassano.lavocedelpaese.info\\\/index.php\\\/2014\\\/12\\\/13\\\/la-politica-a-cassanodietro-le-bandiere-dellambiente\\\/\"},\"wordCount\":1144,\"commentCount\":0,\"publisher\":{\"@id\":\"https:\\\/\\\/archiviocassano.lavocedelpaese.info\\\/#organization\"},\"image\":{\"@id\":\"https:\\\/\\\/archiviocassano.lavocedelpaese.info\\\/index.php\\\/2014\\\/12\\\/13\\\/la-politica-a-cassanodietro-le-bandiere-dellambiente\\\/#primaryimage\"},\"thumbnailUrl\":\"https:\\\/\\\/archiviocassano.lavocedelpaese.info\\\/wp-content\\\/uploads\\\/2014\\\/12\\\/losito_con_albero.jpg\",\"articleSection\":[\"La voce del paese\"],\"inLanguage\":\"it-IT\",\"potentialAction\":[{\"@type\":\"CommentAction\",\"name\":\"Comment\",\"target\":[\"https:\\\/\\\/archiviocassano.lavocedelpaese.info\\\/index.php\\\/2014\\\/12\\\/13\\\/la-politica-a-cassanodietro-le-bandiere-dellambiente\\\/#respond\"]}]},{\"@type\":\"WebPage\",\"@id\":\"https:\\\/\\\/archiviocassano.lavocedelpaese.info\\\/index.php\\\/2014\\\/12\\\/13\\\/la-politica-a-cassanodietro-le-bandiere-dellambiente\\\/\",\"url\":\"https:\\\/\\\/archiviocassano.lavocedelpaese.info\\\/index.php\\\/2014\\\/12\\\/13\\\/la-politica-a-cassanodietro-le-bandiere-dellambiente\\\/\",\"name\":\"La politica a Cassano...dietro le bandiere dell'ambiente - Archivio CassanoWeb\",\"isPartOf\":{\"@id\":\"https:\\\/\\\/archiviocassano.lavocedelpaese.info\\\/#website\"},\"primaryImageOfPage\":{\"@id\":\"https:\\\/\\\/archiviocassano.lavocedelpaese.info\\\/index.php\\\/2014\\\/12\\\/13\\\/la-politica-a-cassanodietro-le-bandiere-dellambiente\\\/#primaryimage\"},\"image\":{\"@id\":\"https:\\\/\\\/archiviocassano.lavocedelpaese.info\\\/index.php\\\/2014\\\/12\\\/13\\\/la-politica-a-cassanodietro-le-bandiere-dellambiente\\\/#primaryimage\"},\"thumbnailUrl\":\"https:\\\/\\\/archiviocassano.lavocedelpaese.info\\\/wp-content\\\/uploads\\\/2014\\\/12\\\/losito_con_albero.jpg\",\"datePublished\":\"2014-12-13T16:01:51+00:00\",\"breadcrumb\":{\"@id\":\"https:\\\/\\\/archiviocassano.lavocedelpaese.info\\\/index.php\\\/2014\\\/12\\\/13\\\/la-politica-a-cassanodietro-le-bandiere-dellambiente\\\/#breadcrumb\"},\"inLanguage\":\"it-IT\",\"potentialAction\":[{\"@type\":\"ReadAction\",\"target\":[\"https:\\\/\\\/archiviocassano.lavocedelpaese.info\\\/index.php\\\/2014\\\/12\\\/13\\\/la-politica-a-cassanodietro-le-bandiere-dellambiente\\\/\"]}]},{\"@type\":\"ImageObject\",\"inLanguage\":\"it-IT\",\"@id\":\"https:\\\/\\\/archiviocassano.lavocedelpaese.info\\\/index.php\\\/2014\\\/12\\\/13\\\/la-politica-a-cassanodietro-le-bandiere-dellambiente\\\/#primaryimage\",\"url\":\"https:\\\/\\\/archiviocassano.lavocedelpaese.info\\\/wp-content\\\/uploads\\\/2014\\\/12\\\/losito_con_albero.jpg\",\"contentUrl\":\"https:\\\/\\\/archiviocassano.lavocedelpaese.info\\\/wp-content\\\/uploads\\\/2014\\\/12\\\/losito_con_albero.jpg\",\"width\":960,\"height\":640,\"caption\":\"losito con albero\"},{\"@type\":\"BreadcrumbList\",\"@id\":\"https:\\\/\\\/archiviocassano.lavocedelpaese.info\\\/index.php\\\/2014\\\/12\\\/13\\\/la-politica-a-cassanodietro-le-bandiere-dellambiente\\\/#breadcrumb\",\"itemListElement\":[{\"@type\":\"ListItem\",\"position\":1,\"name\":\"Home\",\"item\":\"https:\\\/\\\/archiviocassano.lavocedelpaese.info\\\/\"},{\"@type\":\"ListItem\",\"position\":2,\"name\":\"La politica a Cassano&#8230;dietro le bandiere dell&#8217;ambiente\"}]},{\"@type\":\"WebSite\",\"@id\":\"https:\\\/\\\/archiviocassano.lavocedelpaese.info\\\/#website\",\"url\":\"https:\\\/\\\/archiviocassano.lavocedelpaese.info\\\/\",\"name\":\"Archivio CassanoWeb\",\"description\":\"La Voce del Paese - un network di idee\",\"publisher\":{\"@id\":\"https:\\\/\\\/archiviocassano.lavocedelpaese.info\\\/#organization\"},\"potentialAction\":[{\"@type\":\"SearchAction\",\"target\":{\"@type\":\"EntryPoint\",\"urlTemplate\":\"https:\\\/\\\/archiviocassano.lavocedelpaese.info\\\/?s={search_term_string}\"},\"query-input\":{\"@type\":\"PropertyValueSpecification\",\"valueRequired\":true,\"valueName\":\"search_term_string\"}}],\"inLanguage\":\"it-IT\"},{\"@type\":\"Organization\",\"@id\":\"https:\\\/\\\/archiviocassano.lavocedelpaese.info\\\/#organization\",\"name\":\"Archivio CassanoWeb\",\"url\":\"https:\\\/\\\/archiviocassano.lavocedelpaese.info\\\/\",\"logo\":{\"@type\":\"ImageObject\",\"inLanguage\":\"it-IT\",\"@id\":\"https:\\\/\\\/archiviocassano.lavocedelpaese.info\\\/#\\\/schema\\\/logo\\\/image\\\/\",\"url\":\"https:\\\/\\\/archiviocassano.lavocedelpaese.info\\\/wp-content\\\/uploads\\\/2024\\\/08\\\/logo-rosso-2.png\",\"contentUrl\":\"https:\\\/\\\/archiviocassano.lavocedelpaese.info\\\/wp-content\\\/uploads\\\/2024\\\/08\\\/logo-rosso-2.png\",\"width\":491,\"height\":432,\"caption\":\"Archivio CassanoWeb\"},\"image\":{\"@id\":\"https:\\\/\\\/archiviocassano.lavocedelpaese.info\\\/#\\\/schema\\\/logo\\\/image\\\/\"},\"sameAs\":[\"https:\\\/\\\/www.facebook.com\\\/redazione.cassanoweb\"]},{\"@type\":\"Person\",\"@id\":\"https:\\\/\\\/archiviocassano.lavocedelpaese.info\\\/#\\\/schema\\\/person\\\/df195bc79a9b4c35127cf005f92e041b\",\"name\":\"admin\",\"image\":{\"@type\":\"ImageObject\",\"inLanguage\":\"it-IT\",\"@id\":\"https:\\\/\\\/secure.gravatar.com\\\/avatar\\\/eabba89a432e8eaa1b0207cc55f7e5340b22712b1ed80677efcf63e02ff5b235?s=96&d=mm&r=g\",\"url\":\"https:\\\/\\\/secure.gravatar.com\\\/avatar\\\/eabba89a432e8eaa1b0207cc55f7e5340b22712b1ed80677efcf63e02ff5b235?s=96&d=mm&r=g\",\"contentUrl\":\"https:\\\/\\\/secure.gravatar.com\\\/avatar\\\/eabba89a432e8eaa1b0207cc55f7e5340b22712b1ed80677efcf63e02ff5b235?s=96&d=mm&r=g\",\"caption\":\"admin\"},\"sameAs\":[\"https:\\\/\\\/archiviocassano.lavocedelpaese.info\"],\"url\":\"https:\\\/\\\/archiviocassano.lavocedelpaese.info\\\/index.php\\\/author\\\/admin_0qgz1xdp\\\/\"}]}<\/script>\n<!-- \/ Yoast SEO plugin. -->","yoast_head_json":{"title":"La politica a Cassano...dietro le bandiere dell'ambiente - Archivio CassanoWeb","robots":{"index":"index","follow":"follow","max-snippet":"max-snippet:-1","max-image-preview":"max-image-preview:large","max-video-preview":"max-video-preview:-1"},"canonical":"https:\/\/archiviocassano.lavocedelpaese.info\/index.php\/2014\/12\/13\/la-politica-a-cassanodietro-le-bandiere-dellambiente\/","og_locale":"it_IT","og_type":"article","og_title":"La politica a Cassano...dietro le bandiere dell'ambiente - Archivio CassanoWeb","og_url":"https:\/\/archiviocassano.lavocedelpaese.info\/index.php\/2014\/12\/13\/la-politica-a-cassanodietro-le-bandiere-dellambiente\/","og_site_name":"Archivio CassanoWeb","article_publisher":"https:\/\/www.facebook.com\/redazione.cassanoweb","article_published_time":"2014-12-13T16:01:51+00:00","og_image":[{"width":960,"height":640,"url":"https:\/\/archiviocassano.lavocedelpaese.info\/wp-content\/uploads\/2014\/12\/losito_con_albero.jpg","type":"image\/jpeg"}],"author":"admin","twitter_card":"summary_large_image","twitter_misc":{"Scritto da":"admin","Tempo di lettura stimato":"6 minuti"},"schema":{"@context":"https:\/\/schema.org","@graph":[{"@type":"Article","@id":"https:\/\/archiviocassano.lavocedelpaese.info\/index.php\/2014\/12\/13\/la-politica-a-cassanodietro-le-bandiere-dellambiente\/#article","isPartOf":{"@id":"https:\/\/archiviocassano.lavocedelpaese.info\/index.php\/2014\/12\/13\/la-politica-a-cassanodietro-le-bandiere-dellambiente\/"},"author":{"name":"admin","@id":"https:\/\/archiviocassano.lavocedelpaese.info\/#\/schema\/person\/df195bc79a9b4c35127cf005f92e041b"},"headline":"La politica a Cassano&#8230;dietro le bandiere dell&#8217;ambiente","datePublished":"2014-12-13T16:01:51+00:00","mainEntityOfPage":{"@id":"https:\/\/archiviocassano.lavocedelpaese.info\/index.php\/2014\/12\/13\/la-politica-a-cassanodietro-le-bandiere-dellambiente\/"},"wordCount":1144,"commentCount":0,"publisher":{"@id":"https:\/\/archiviocassano.lavocedelpaese.info\/#organization"},"image":{"@id":"https:\/\/archiviocassano.lavocedelpaese.info\/index.php\/2014\/12\/13\/la-politica-a-cassanodietro-le-bandiere-dellambiente\/#primaryimage"},"thumbnailUrl":"https:\/\/archiviocassano.lavocedelpaese.info\/wp-content\/uploads\/2014\/12\/losito_con_albero.jpg","articleSection":["La voce del paese"],"inLanguage":"it-IT","potentialAction":[{"@type":"CommentAction","name":"Comment","target":["https:\/\/archiviocassano.lavocedelpaese.info\/index.php\/2014\/12\/13\/la-politica-a-cassanodietro-le-bandiere-dellambiente\/#respond"]}]},{"@type":"WebPage","@id":"https:\/\/archiviocassano.lavocedelpaese.info\/index.php\/2014\/12\/13\/la-politica-a-cassanodietro-le-bandiere-dellambiente\/","url":"https:\/\/archiviocassano.lavocedelpaese.info\/index.php\/2014\/12\/13\/la-politica-a-cassanodietro-le-bandiere-dellambiente\/","name":"La politica a Cassano...dietro le bandiere dell'ambiente - Archivio CassanoWeb","isPartOf":{"@id":"https:\/\/archiviocassano.lavocedelpaese.info\/#website"},"primaryImageOfPage":{"@id":"https:\/\/archiviocassano.lavocedelpaese.info\/index.php\/2014\/12\/13\/la-politica-a-cassanodietro-le-bandiere-dellambiente\/#primaryimage"},"image":{"@id":"https:\/\/archiviocassano.lavocedelpaese.info\/index.php\/2014\/12\/13\/la-politica-a-cassanodietro-le-bandiere-dellambiente\/#primaryimage"},"thumbnailUrl":"https:\/\/archiviocassano.lavocedelpaese.info\/wp-content\/uploads\/2014\/12\/losito_con_albero.jpg","datePublished":"2014-12-13T16:01:51+00:00","breadcrumb":{"@id":"https:\/\/archiviocassano.lavocedelpaese.info\/index.php\/2014\/12\/13\/la-politica-a-cassanodietro-le-bandiere-dellambiente\/#breadcrumb"},"inLanguage":"it-IT","potentialAction":[{"@type":"ReadAction","target":["https:\/\/archiviocassano.lavocedelpaese.info\/index.php\/2014\/12\/13\/la-politica-a-cassanodietro-le-bandiere-dellambiente\/"]}]},{"@type":"ImageObject","inLanguage":"it-IT","@id":"https:\/\/archiviocassano.lavocedelpaese.info\/index.php\/2014\/12\/13\/la-politica-a-cassanodietro-le-bandiere-dellambiente\/#primaryimage","url":"https:\/\/archiviocassano.lavocedelpaese.info\/wp-content\/uploads\/2014\/12\/losito_con_albero.jpg","contentUrl":"https:\/\/archiviocassano.lavocedelpaese.info\/wp-content\/uploads\/2014\/12\/losito_con_albero.jpg","width":960,"height":640,"caption":"losito con albero"},{"@type":"BreadcrumbList","@id":"https:\/\/archiviocassano.lavocedelpaese.info\/index.php\/2014\/12\/13\/la-politica-a-cassanodietro-le-bandiere-dellambiente\/#breadcrumb","itemListElement":[{"@type":"ListItem","position":1,"name":"Home","item":"https:\/\/archiviocassano.lavocedelpaese.info\/"},{"@type":"ListItem","position":2,"name":"La politica a Cassano&#8230;dietro le bandiere dell&#8217;ambiente"}]},{"@type":"WebSite","@id":"https:\/\/archiviocassano.lavocedelpaese.info\/#website","url":"https:\/\/archiviocassano.lavocedelpaese.info\/","name":"Archivio CassanoWeb","description":"La Voce del Paese - un network di idee","publisher":{"@id":"https:\/\/archiviocassano.lavocedelpaese.info\/#organization"},"potentialAction":[{"@type":"SearchAction","target":{"@type":"EntryPoint","urlTemplate":"https:\/\/archiviocassano.lavocedelpaese.info\/?s={search_term_string}"},"query-input":{"@type":"PropertyValueSpecification","valueRequired":true,"valueName":"search_term_string"}}],"inLanguage":"it-IT"},{"@type":"Organization","@id":"https:\/\/archiviocassano.lavocedelpaese.info\/#organization","name":"Archivio CassanoWeb","url":"https:\/\/archiviocassano.lavocedelpaese.info\/","logo":{"@type":"ImageObject","inLanguage":"it-IT","@id":"https:\/\/archiviocassano.lavocedelpaese.info\/#\/schema\/logo\/image\/","url":"https:\/\/archiviocassano.lavocedelpaese.info\/wp-content\/uploads\/2024\/08\/logo-rosso-2.png","contentUrl":"https:\/\/archiviocassano.lavocedelpaese.info\/wp-content\/uploads\/2024\/08\/logo-rosso-2.png","width":491,"height":432,"caption":"Archivio CassanoWeb"},"image":{"@id":"https:\/\/archiviocassano.lavocedelpaese.info\/#\/schema\/logo\/image\/"},"sameAs":["https:\/\/www.facebook.com\/redazione.cassanoweb"]},{"@type":"Person","@id":"https:\/\/archiviocassano.lavocedelpaese.info\/#\/schema\/person\/df195bc79a9b4c35127cf005f92e041b","name":"admin","image":{"@type":"ImageObject","inLanguage":"it-IT","@id":"https:\/\/secure.gravatar.com\/avatar\/eabba89a432e8eaa1b0207cc55f7e5340b22712b1ed80677efcf63e02ff5b235?s=96&d=mm&r=g","url":"https:\/\/secure.gravatar.com\/avatar\/eabba89a432e8eaa1b0207cc55f7e5340b22712b1ed80677efcf63e02ff5b235?s=96&d=mm&r=g","contentUrl":"https:\/\/secure.gravatar.com\/avatar\/eabba89a432e8eaa1b0207cc55f7e5340b22712b1ed80677efcf63e02ff5b235?s=96&d=mm&r=g","caption":"admin"},"sameAs":["https:\/\/archiviocassano.lavocedelpaese.info"],"url":"https:\/\/archiviocassano.lavocedelpaese.info\/index.php\/author\/admin_0qgz1xdp\/"}]}},"_links":{"self":[{"href":"https:\/\/archiviocassano.lavocedelpaese.info\/index.php\/wp-json\/wp\/v2\/posts\/10115","targetHints":{"allow":["GET"]}}],"collection":[{"href":"https:\/\/archiviocassano.lavocedelpaese.info\/index.php\/wp-json\/wp\/v2\/posts"}],"about":[{"href":"https:\/\/archiviocassano.lavocedelpaese.info\/index.php\/wp-json\/wp\/v2\/types\/post"}],"author":[{"embeddable":true,"href":"https:\/\/archiviocassano.lavocedelpaese.info\/index.php\/wp-json\/wp\/v2\/users\/1"}],"replies":[{"embeddable":true,"href":"https:\/\/archiviocassano.lavocedelpaese.info\/index.php\/wp-json\/wp\/v2\/comments?post=10115"}],"version-history":[{"count":0,"href":"https:\/\/archiviocassano.lavocedelpaese.info\/index.php\/wp-json\/wp\/v2\/posts\/10115\/revisions"}],"wp:featuredmedia":[{"embeddable":true,"href":"https:\/\/archiviocassano.lavocedelpaese.info\/index.php\/wp-json\/wp\/v2\/media\/10114"}],"wp:attachment":[{"href":"https:\/\/archiviocassano.lavocedelpaese.info\/index.php\/wp-json\/wp\/v2\/media?parent=10115"}],"wp:term":[{"taxonomy":"category","embeddable":true,"href":"https:\/\/archiviocassano.lavocedelpaese.info\/index.php\/wp-json\/wp\/v2\/categories?post=10115"},{"taxonomy":"post_tag","embeddable":true,"href":"https:\/\/archiviocassano.lavocedelpaese.info\/index.php\/wp-json\/wp\/v2\/tags?post=10115"}],"curies":[{"name":"wp","href":"https:\/\/api.w.org\/{rel}","templated":true}]}}