{"id":10120,"date":"2014-12-16T07:06:08","date_gmt":"2014-12-16T07:06:08","guid":{"rendered":"https:\/\/archiviocassano.lavocedelpaese.info\/index.php\/2014\/12\/16\/qfiabe-e-novelle-del-popolo-puglieseq-il-16-la-presentazione\/"},"modified":"2014-12-16T07:06:08","modified_gmt":"2014-12-16T07:06:08","slug":"qfiabe-e-novelle-del-popolo-puglieseq-il-16-la-presentazione","status":"publish","type":"post","link":"https:\/\/archiviocassano.lavocedelpaese.info\/index.php\/2014\/12\/16\/qfiabe-e-novelle-del-popolo-puglieseq-il-16-la-presentazione\/","title":{"rendered":"&#8220;Fiabe e novelle del popolo pugliese&#8221;: oggi la presentazione"},"content":{"rendered":"<p><img loading=\"lazy\" decoding=\"async\" class=\" size-full wp-image-10119\" src=\"https:\/\/archiviocassano.lavocedelpaese.info\/wp-content\/uploads\/2014\/12\/Manifesto_Fiabe_e_novelle_.jpg\" alt=\"Manifesto Fiabe e novelle \" style=\"margin-right: 2px; margin-left: 2px;\" width=\"320\" height=\"150\" srcset=\"https:\/\/archiviocassano.lavocedelpaese.info\/wp-content\/uploads\/2014\/12\/Manifesto_Fiabe_e_novelle_.jpg 320w, https:\/\/archiviocassano.lavocedelpaese.info\/wp-content\/uploads\/2014\/12\/Manifesto_Fiabe_e_novelle_-300x141.jpg 300w\" sizes=\"auto, (max-width: 320px) 100vw, 320px\" \/><\/p>\n<p><!--more--><\/p>\n<p style=\"text-align: justify;\">Con la presentazione del libro <i>Fiabe e novelle del popolo pugliese <\/i>del folclorista molfettese Saverio La Sorsa (il pi\u00f9 prolifico studioso di folclore pugliese del secolo scorso) il <strong>Club Unesco di Cassano<\/strong> \u2013 con la&nbsp; collaborazione del <strong>Comune di Cassano<\/strong> e delle <strong>Edizioni di Pagina<\/strong>, con il coinvolgimento dell\u2019<strong>Universit\u00e0 della Terza Et\u00e0<\/strong>, \u2013 continua la sua attivit\u00e0 di promozione e valorizzazione dei Beni culturali e immateriali del territorio focalizzandola sulla tradizione orale popolare, la cui vitalit\u00e0 \u00e8 stata registrata nella stessa Cassano Murge da rilevazioni sul campo e pubblicazioni realizzate in un recente passato, i cui risultati e documenti il Club intende contribuire a far conoscere nelle sue prossime iniziative.<\/p>\n<p style=\"text-align: justify;\">La raccolta del patrimonio novellistico pugliese \u00e8 stata una delle pi\u00f9 felici imprese di <strong>Saverio La Sorsa<\/strong>. Due volumi di<i> Fiabe e novelle del popolo pugliese<\/i> videro la luce negli anni 1927-28; ne verr\u00e0 un terzo, a completare l\u2019opera, nel 1941. \u00c8 un repertorio ricchissimo, comprendente 287 testi raccolti in pi\u00f9 di 90 localit\u00e0 della regione, dal Gargano al Salento, trascritti nei dialetti originali e corredati di traduzione. Questa riedizione della raccolta, in un volume unico, ad opera delle Edizioni di Pagina esalta alcune delle qualit\u00e0 della ricerca di La Sorsa che nei tre volumi pubblicati nel giro di 15 anni (e mai pi\u00f9 ristampati) erano in ombra. In essa emergono la tenacia dell\u2019autore nella sua lunga ricerca delle fonti, la passione dedicata alla raccolta delle testimonianze sul campo (ben 128 testimoni diretti e 12 raccoglitori), la vastit\u00e0 dei suoi interessi.<\/p>\n<p style=\"text-align: justify;\">Questa pubblicazione, per le modalit\u00e0 con cui \u00e8 stata realizzata (in collaborazione con <strong><i>Voci in capitolo<\/i><\/strong>, che ne ha curato una trasposizione multimediale, con file audio e filmati animati, liberamente accessibile sul proprio canale You Tube), rivela un <strong>aspetto<\/strong> <strong>nuovo<\/strong> della trasmissione dei contenuti narrativi \u2013 favole di animali, fiabe, novelle, racconti morali ecc. \u2013 della tradizione folclorica: essa \u00e8 ancora vitale, nel suo adattamento alle nuove forme di comunicazione, e mostra come una tradizione orale si rinnova con le nuove tecnologie. &nbsp;<\/p>\n<p style=\"text-align: justify;\">Venuto meno il contesto culturale che per secoli ha garantito la sua riproduzione (la civilt\u00e0 contadina, illetterata e prevalentemente orale), la trasmissione della narrativa di tradizione orale &nbsp;ha conquistato nuove forme espressive. Da qui il titolo: <strong>\u00abDite la vostra, ch\u2019io ho detto la mia\u2026\u00bb<\/strong>, e l\u2019intento dell\u2019iniziativa, che trova conferma da quanto la <i>Convenzione per la salvaguardia del patrimonio culturale immateriale <\/i>dell\u2019Unesco dichiarava nell\u2019ottobre 2003:<\/p>\n<p style=\"text-align: justify;\">\u00ab\u2026..Il&nbsp; patrimonio culturale immateriale trasmesso di generazione in generazione \u00e8 costantemente ricreato dalla comunit\u00e0 e dai gruppi in risposta al loro ambiente, alla loro interazione con la natura e alla loro storia, e d\u00e0 loro un senso di identit\u00e0 e di continuit\u00e0, promuovendo in tal modo il rispetto per la diversit\u00e0 culturale e la creativit\u00e0 umana\u00bb\u2026\u2026<\/p>\n<p style=\"text-align: justify;\">Di questo parleranno i relatori (i professori Luca Gallo e Francesco Nuzzaco) e tali nuove modalit\u00e0 comunicative mostreranno Michele Di Pasquale e Serena Sasanelli (per <i>Voci in capitolo<\/i>) e Lucia Siciliano con le loro performance. &nbsp;&nbsp;&nbsp;&nbsp;&nbsp;&nbsp;&nbsp;&nbsp;&nbsp;&nbsp;&nbsp;&nbsp;&nbsp;&nbsp;&nbsp;&nbsp;&nbsp;&nbsp;&nbsp;&nbsp;&nbsp;&nbsp;&nbsp;&nbsp;&nbsp;&nbsp;&nbsp;&nbsp;&nbsp;&nbsp;&nbsp;&nbsp;&nbsp;&nbsp;&nbsp;&nbsp;&nbsp;&nbsp;&nbsp;&nbsp;&nbsp;&nbsp;&nbsp;&nbsp;&nbsp;&nbsp;&nbsp;&nbsp;&nbsp;&nbsp;&nbsp;&nbsp;&nbsp;&nbsp;&nbsp;&nbsp;&nbsp;&nbsp;&nbsp;&nbsp;&nbsp;&nbsp;&nbsp;&nbsp;&nbsp;&nbsp;&nbsp;&nbsp;&nbsp;&nbsp;&nbsp;&nbsp;&nbsp;&nbsp;&nbsp;&nbsp;&nbsp;&nbsp;&nbsp;&nbsp;&nbsp;&nbsp;&nbsp;&nbsp;&nbsp;&nbsp;&nbsp;&nbsp;&nbsp;&nbsp;&nbsp;&nbsp;&nbsp;&nbsp;&nbsp;&nbsp;&nbsp;&nbsp;&nbsp;&nbsp;&nbsp;&nbsp;<\/p>\n<p>Una serata all\u2019insegna della tradizione e dell\u2019innovazione, in cui voci antiche e nuove rinnoveranno il fascino ancestrale delle fiabe e i suoi contenuti sempre attuali.&nbsp;&nbsp;<\/p>\n<p>&nbsp;<\/p>\n<p style=\"text-align: justify;\"><strong>Appuntamento, dunque, marted\u00ec 16 dicembre alle ore 18.00 presso la Sala Conferenze del Palazzo &#8220;Miani-Perotti&#8221;.<\/strong><\/p>\n","protected":false},"excerpt":{"rendered":"","protected":false},"author":1,"featured_media":10119,"comment_status":"open","ping_status":"closed","sticky":false,"template":"","format":"standard","meta":{"colormag_page_container_layout":"default_layout","colormag_page_sidebar_layout":"default_layout","footnotes":""},"categories":[11],"tags":[],"class_list":["post-10120","post","type-post","status-publish","format-standard","has-post-thumbnail","hentry","category-appuntamenti"],"yoast_head":"<!-- This site is optimized with the Yoast SEO plugin v27.5 - https:\/\/yoast.com\/product\/yoast-seo-wordpress\/ -->\n<title>&quot;Fiabe e novelle del popolo pugliese&quot;: oggi la presentazione - Archivio CassanoWeb<\/title>\n<meta name=\"robots\" content=\"index, follow, max-snippet:-1, max-image-preview:large, max-video-preview:-1\" \/>\n<link rel=\"canonical\" href=\"https:\/\/archiviocassano.lavocedelpaese.info\/index.php\/2014\/12\/16\/qfiabe-e-novelle-del-popolo-puglieseq-il-16-la-presentazione\/\" \/>\n<meta property=\"og:locale\" content=\"it_IT\" \/>\n<meta property=\"og:type\" content=\"article\" \/>\n<meta property=\"og:title\" content=\"&quot;Fiabe e novelle del popolo pugliese&quot;: oggi la presentazione - Archivio CassanoWeb\" \/>\n<meta property=\"og:url\" content=\"https:\/\/archiviocassano.lavocedelpaese.info\/index.php\/2014\/12\/16\/qfiabe-e-novelle-del-popolo-puglieseq-il-16-la-presentazione\/\" \/>\n<meta property=\"og:site_name\" content=\"Archivio CassanoWeb\" \/>\n<meta property=\"article:publisher\" content=\"https:\/\/www.facebook.com\/redazione.cassanoweb\" \/>\n<meta property=\"article:published_time\" content=\"2014-12-16T07:06:08+00:00\" \/>\n<meta property=\"og:image\" content=\"https:\/\/archiviocassano.lavocedelpaese.info\/wp-content\/uploads\/2014\/12\/Manifesto_Fiabe_e_novelle_.jpg\" \/>\n\t<meta property=\"og:image:width\" content=\"320\" \/>\n\t<meta property=\"og:image:height\" content=\"150\" \/>\n\t<meta property=\"og:image:type\" content=\"image\/jpeg\" \/>\n<meta name=\"author\" content=\"admin\" \/>\n<meta name=\"twitter:card\" content=\"summary_large_image\" \/>\n<meta name=\"twitter:label1\" content=\"Scritto da\" \/>\n\t<meta name=\"twitter:data1\" content=\"admin\" \/>\n\t<meta name=\"twitter:label2\" content=\"Tempo di lettura stimato\" \/>\n\t<meta name=\"twitter:data2\" content=\"3 minuti\" \/>\n<script type=\"application\/ld+json\" class=\"yoast-schema-graph\">{\"@context\":\"https:\\\/\\\/schema.org\",\"@graph\":[{\"@type\":\"Article\",\"@id\":\"https:\\\/\\\/archiviocassano.lavocedelpaese.info\\\/index.php\\\/2014\\\/12\\\/16\\\/qfiabe-e-novelle-del-popolo-puglieseq-il-16-la-presentazione\\\/#article\",\"isPartOf\":{\"@id\":\"https:\\\/\\\/archiviocassano.lavocedelpaese.info\\\/index.php\\\/2014\\\/12\\\/16\\\/qfiabe-e-novelle-del-popolo-puglieseq-il-16-la-presentazione\\\/\"},\"author\":{\"name\":\"admin\",\"@id\":\"https:\\\/\\\/archiviocassano.lavocedelpaese.info\\\/#\\\/schema\\\/person\\\/df195bc79a9b4c35127cf005f92e041b\"},\"headline\":\"&#8220;Fiabe e novelle del popolo pugliese&#8221;: oggi la presentazione\",\"datePublished\":\"2014-12-16T07:06:08+00:00\",\"mainEntityOfPage\":{\"@id\":\"https:\\\/\\\/archiviocassano.lavocedelpaese.info\\\/index.php\\\/2014\\\/12\\\/16\\\/qfiabe-e-novelle-del-popolo-puglieseq-il-16-la-presentazione\\\/\"},\"wordCount\":638,\"commentCount\":0,\"publisher\":{\"@id\":\"https:\\\/\\\/archiviocassano.lavocedelpaese.info\\\/#organization\"},\"image\":{\"@id\":\"https:\\\/\\\/archiviocassano.lavocedelpaese.info\\\/index.php\\\/2014\\\/12\\\/16\\\/qfiabe-e-novelle-del-popolo-puglieseq-il-16-la-presentazione\\\/#primaryimage\"},\"thumbnailUrl\":\"https:\\\/\\\/archiviocassano.lavocedelpaese.info\\\/wp-content\\\/uploads\\\/2014\\\/12\\\/Manifesto_Fiabe_e_novelle_.jpg\",\"articleSection\":[\"Appuntamenti\"],\"inLanguage\":\"it-IT\",\"potentialAction\":[{\"@type\":\"CommentAction\",\"name\":\"Comment\",\"target\":[\"https:\\\/\\\/archiviocassano.lavocedelpaese.info\\\/index.php\\\/2014\\\/12\\\/16\\\/qfiabe-e-novelle-del-popolo-puglieseq-il-16-la-presentazione\\\/#respond\"]}]},{\"@type\":\"WebPage\",\"@id\":\"https:\\\/\\\/archiviocassano.lavocedelpaese.info\\\/index.php\\\/2014\\\/12\\\/16\\\/qfiabe-e-novelle-del-popolo-puglieseq-il-16-la-presentazione\\\/\",\"url\":\"https:\\\/\\\/archiviocassano.lavocedelpaese.info\\\/index.php\\\/2014\\\/12\\\/16\\\/qfiabe-e-novelle-del-popolo-puglieseq-il-16-la-presentazione\\\/\",\"name\":\"\\\"Fiabe e novelle del popolo pugliese\\\": oggi la presentazione - Archivio CassanoWeb\",\"isPartOf\":{\"@id\":\"https:\\\/\\\/archiviocassano.lavocedelpaese.info\\\/#website\"},\"primaryImageOfPage\":{\"@id\":\"https:\\\/\\\/archiviocassano.lavocedelpaese.info\\\/index.php\\\/2014\\\/12\\\/16\\\/qfiabe-e-novelle-del-popolo-puglieseq-il-16-la-presentazione\\\/#primaryimage\"},\"image\":{\"@id\":\"https:\\\/\\\/archiviocassano.lavocedelpaese.info\\\/index.php\\\/2014\\\/12\\\/16\\\/qfiabe-e-novelle-del-popolo-puglieseq-il-16-la-presentazione\\\/#primaryimage\"},\"thumbnailUrl\":\"https:\\\/\\\/archiviocassano.lavocedelpaese.info\\\/wp-content\\\/uploads\\\/2014\\\/12\\\/Manifesto_Fiabe_e_novelle_.jpg\",\"datePublished\":\"2014-12-16T07:06:08+00:00\",\"breadcrumb\":{\"@id\":\"https:\\\/\\\/archiviocassano.lavocedelpaese.info\\\/index.php\\\/2014\\\/12\\\/16\\\/qfiabe-e-novelle-del-popolo-puglieseq-il-16-la-presentazione\\\/#breadcrumb\"},\"inLanguage\":\"it-IT\",\"potentialAction\":[{\"@type\":\"ReadAction\",\"target\":[\"https:\\\/\\\/archiviocassano.lavocedelpaese.info\\\/index.php\\\/2014\\\/12\\\/16\\\/qfiabe-e-novelle-del-popolo-puglieseq-il-16-la-presentazione\\\/\"]}]},{\"@type\":\"ImageObject\",\"inLanguage\":\"it-IT\",\"@id\":\"https:\\\/\\\/archiviocassano.lavocedelpaese.info\\\/index.php\\\/2014\\\/12\\\/16\\\/qfiabe-e-novelle-del-popolo-puglieseq-il-16-la-presentazione\\\/#primaryimage\",\"url\":\"https:\\\/\\\/archiviocassano.lavocedelpaese.info\\\/wp-content\\\/uploads\\\/2014\\\/12\\\/Manifesto_Fiabe_e_novelle_.jpg\",\"contentUrl\":\"https:\\\/\\\/archiviocassano.lavocedelpaese.info\\\/wp-content\\\/uploads\\\/2014\\\/12\\\/Manifesto_Fiabe_e_novelle_.jpg\",\"width\":320,\"height\":150,\"caption\":\"Manifesto Fiabe e novelle\"},{\"@type\":\"BreadcrumbList\",\"@id\":\"https:\\\/\\\/archiviocassano.lavocedelpaese.info\\\/index.php\\\/2014\\\/12\\\/16\\\/qfiabe-e-novelle-del-popolo-puglieseq-il-16-la-presentazione\\\/#breadcrumb\",\"itemListElement\":[{\"@type\":\"ListItem\",\"position\":1,\"name\":\"Home\",\"item\":\"https:\\\/\\\/archiviocassano.lavocedelpaese.info\\\/\"},{\"@type\":\"ListItem\",\"position\":2,\"name\":\"&#8220;Fiabe e novelle del popolo pugliese&#8221;: oggi la presentazione\"}]},{\"@type\":\"WebSite\",\"@id\":\"https:\\\/\\\/archiviocassano.lavocedelpaese.info\\\/#website\",\"url\":\"https:\\\/\\\/archiviocassano.lavocedelpaese.info\\\/\",\"name\":\"Archivio CassanoWeb\",\"description\":\"La Voce del Paese - un network di idee\",\"publisher\":{\"@id\":\"https:\\\/\\\/archiviocassano.lavocedelpaese.info\\\/#organization\"},\"potentialAction\":[{\"@type\":\"SearchAction\",\"target\":{\"@type\":\"EntryPoint\",\"urlTemplate\":\"https:\\\/\\\/archiviocassano.lavocedelpaese.info\\\/?s={search_term_string}\"},\"query-input\":{\"@type\":\"PropertyValueSpecification\",\"valueRequired\":true,\"valueName\":\"search_term_string\"}}],\"inLanguage\":\"it-IT\"},{\"@type\":\"Organization\",\"@id\":\"https:\\\/\\\/archiviocassano.lavocedelpaese.info\\\/#organization\",\"name\":\"Archivio CassanoWeb\",\"url\":\"https:\\\/\\\/archiviocassano.lavocedelpaese.info\\\/\",\"logo\":{\"@type\":\"ImageObject\",\"inLanguage\":\"it-IT\",\"@id\":\"https:\\\/\\\/archiviocassano.lavocedelpaese.info\\\/#\\\/schema\\\/logo\\\/image\\\/\",\"url\":\"https:\\\/\\\/archiviocassano.lavocedelpaese.info\\\/wp-content\\\/uploads\\\/2024\\\/08\\\/logo-rosso-2.png\",\"contentUrl\":\"https:\\\/\\\/archiviocassano.lavocedelpaese.info\\\/wp-content\\\/uploads\\\/2024\\\/08\\\/logo-rosso-2.png\",\"width\":491,\"height\":432,\"caption\":\"Archivio CassanoWeb\"},\"image\":{\"@id\":\"https:\\\/\\\/archiviocassano.lavocedelpaese.info\\\/#\\\/schema\\\/logo\\\/image\\\/\"},\"sameAs\":[\"https:\\\/\\\/www.facebook.com\\\/redazione.cassanoweb\"]},{\"@type\":\"Person\",\"@id\":\"https:\\\/\\\/archiviocassano.lavocedelpaese.info\\\/#\\\/schema\\\/person\\\/df195bc79a9b4c35127cf005f92e041b\",\"name\":\"admin\",\"image\":{\"@type\":\"ImageObject\",\"inLanguage\":\"it-IT\",\"@id\":\"https:\\\/\\\/secure.gravatar.com\\\/avatar\\\/eabba89a432e8eaa1b0207cc55f7e5340b22712b1ed80677efcf63e02ff5b235?s=96&d=mm&r=g\",\"url\":\"https:\\\/\\\/secure.gravatar.com\\\/avatar\\\/eabba89a432e8eaa1b0207cc55f7e5340b22712b1ed80677efcf63e02ff5b235?s=96&d=mm&r=g\",\"contentUrl\":\"https:\\\/\\\/secure.gravatar.com\\\/avatar\\\/eabba89a432e8eaa1b0207cc55f7e5340b22712b1ed80677efcf63e02ff5b235?s=96&d=mm&r=g\",\"caption\":\"admin\"},\"sameAs\":[\"https:\\\/\\\/archiviocassano.lavocedelpaese.info\"],\"url\":\"https:\\\/\\\/archiviocassano.lavocedelpaese.info\\\/index.php\\\/author\\\/admin_0qgz1xdp\\\/\"}]}<\/script>\n<!-- \/ Yoast SEO plugin. -->","yoast_head_json":{"title":"\"Fiabe e novelle del popolo pugliese\": oggi la presentazione - Archivio CassanoWeb","robots":{"index":"index","follow":"follow","max-snippet":"max-snippet:-1","max-image-preview":"max-image-preview:large","max-video-preview":"max-video-preview:-1"},"canonical":"https:\/\/archiviocassano.lavocedelpaese.info\/index.php\/2014\/12\/16\/qfiabe-e-novelle-del-popolo-puglieseq-il-16-la-presentazione\/","og_locale":"it_IT","og_type":"article","og_title":"\"Fiabe e novelle del popolo pugliese\": oggi la presentazione - Archivio CassanoWeb","og_url":"https:\/\/archiviocassano.lavocedelpaese.info\/index.php\/2014\/12\/16\/qfiabe-e-novelle-del-popolo-puglieseq-il-16-la-presentazione\/","og_site_name":"Archivio CassanoWeb","article_publisher":"https:\/\/www.facebook.com\/redazione.cassanoweb","article_published_time":"2014-12-16T07:06:08+00:00","og_image":[{"width":320,"height":150,"url":"https:\/\/archiviocassano.lavocedelpaese.info\/wp-content\/uploads\/2014\/12\/Manifesto_Fiabe_e_novelle_.jpg","type":"image\/jpeg"}],"author":"admin","twitter_card":"summary_large_image","twitter_misc":{"Scritto da":"admin","Tempo di lettura stimato":"3 minuti"},"schema":{"@context":"https:\/\/schema.org","@graph":[{"@type":"Article","@id":"https:\/\/archiviocassano.lavocedelpaese.info\/index.php\/2014\/12\/16\/qfiabe-e-novelle-del-popolo-puglieseq-il-16-la-presentazione\/#article","isPartOf":{"@id":"https:\/\/archiviocassano.lavocedelpaese.info\/index.php\/2014\/12\/16\/qfiabe-e-novelle-del-popolo-puglieseq-il-16-la-presentazione\/"},"author":{"name":"admin","@id":"https:\/\/archiviocassano.lavocedelpaese.info\/#\/schema\/person\/df195bc79a9b4c35127cf005f92e041b"},"headline":"&#8220;Fiabe e novelle del popolo pugliese&#8221;: oggi la presentazione","datePublished":"2014-12-16T07:06:08+00:00","mainEntityOfPage":{"@id":"https:\/\/archiviocassano.lavocedelpaese.info\/index.php\/2014\/12\/16\/qfiabe-e-novelle-del-popolo-puglieseq-il-16-la-presentazione\/"},"wordCount":638,"commentCount":0,"publisher":{"@id":"https:\/\/archiviocassano.lavocedelpaese.info\/#organization"},"image":{"@id":"https:\/\/archiviocassano.lavocedelpaese.info\/index.php\/2014\/12\/16\/qfiabe-e-novelle-del-popolo-puglieseq-il-16-la-presentazione\/#primaryimage"},"thumbnailUrl":"https:\/\/archiviocassano.lavocedelpaese.info\/wp-content\/uploads\/2014\/12\/Manifesto_Fiabe_e_novelle_.jpg","articleSection":["Appuntamenti"],"inLanguage":"it-IT","potentialAction":[{"@type":"CommentAction","name":"Comment","target":["https:\/\/archiviocassano.lavocedelpaese.info\/index.php\/2014\/12\/16\/qfiabe-e-novelle-del-popolo-puglieseq-il-16-la-presentazione\/#respond"]}]},{"@type":"WebPage","@id":"https:\/\/archiviocassano.lavocedelpaese.info\/index.php\/2014\/12\/16\/qfiabe-e-novelle-del-popolo-puglieseq-il-16-la-presentazione\/","url":"https:\/\/archiviocassano.lavocedelpaese.info\/index.php\/2014\/12\/16\/qfiabe-e-novelle-del-popolo-puglieseq-il-16-la-presentazione\/","name":"\"Fiabe e novelle del popolo pugliese\": oggi la presentazione - Archivio CassanoWeb","isPartOf":{"@id":"https:\/\/archiviocassano.lavocedelpaese.info\/#website"},"primaryImageOfPage":{"@id":"https:\/\/archiviocassano.lavocedelpaese.info\/index.php\/2014\/12\/16\/qfiabe-e-novelle-del-popolo-puglieseq-il-16-la-presentazione\/#primaryimage"},"image":{"@id":"https:\/\/archiviocassano.lavocedelpaese.info\/index.php\/2014\/12\/16\/qfiabe-e-novelle-del-popolo-puglieseq-il-16-la-presentazione\/#primaryimage"},"thumbnailUrl":"https:\/\/archiviocassano.lavocedelpaese.info\/wp-content\/uploads\/2014\/12\/Manifesto_Fiabe_e_novelle_.jpg","datePublished":"2014-12-16T07:06:08+00:00","breadcrumb":{"@id":"https:\/\/archiviocassano.lavocedelpaese.info\/index.php\/2014\/12\/16\/qfiabe-e-novelle-del-popolo-puglieseq-il-16-la-presentazione\/#breadcrumb"},"inLanguage":"it-IT","potentialAction":[{"@type":"ReadAction","target":["https:\/\/archiviocassano.lavocedelpaese.info\/index.php\/2014\/12\/16\/qfiabe-e-novelle-del-popolo-puglieseq-il-16-la-presentazione\/"]}]},{"@type":"ImageObject","inLanguage":"it-IT","@id":"https:\/\/archiviocassano.lavocedelpaese.info\/index.php\/2014\/12\/16\/qfiabe-e-novelle-del-popolo-puglieseq-il-16-la-presentazione\/#primaryimage","url":"https:\/\/archiviocassano.lavocedelpaese.info\/wp-content\/uploads\/2014\/12\/Manifesto_Fiabe_e_novelle_.jpg","contentUrl":"https:\/\/archiviocassano.lavocedelpaese.info\/wp-content\/uploads\/2014\/12\/Manifesto_Fiabe_e_novelle_.jpg","width":320,"height":150,"caption":"Manifesto Fiabe e novelle"},{"@type":"BreadcrumbList","@id":"https:\/\/archiviocassano.lavocedelpaese.info\/index.php\/2014\/12\/16\/qfiabe-e-novelle-del-popolo-puglieseq-il-16-la-presentazione\/#breadcrumb","itemListElement":[{"@type":"ListItem","position":1,"name":"Home","item":"https:\/\/archiviocassano.lavocedelpaese.info\/"},{"@type":"ListItem","position":2,"name":"&#8220;Fiabe e novelle del popolo pugliese&#8221;: oggi la presentazione"}]},{"@type":"WebSite","@id":"https:\/\/archiviocassano.lavocedelpaese.info\/#website","url":"https:\/\/archiviocassano.lavocedelpaese.info\/","name":"Archivio CassanoWeb","description":"La Voce del Paese - un network di idee","publisher":{"@id":"https:\/\/archiviocassano.lavocedelpaese.info\/#organization"},"potentialAction":[{"@type":"SearchAction","target":{"@type":"EntryPoint","urlTemplate":"https:\/\/archiviocassano.lavocedelpaese.info\/?s={search_term_string}"},"query-input":{"@type":"PropertyValueSpecification","valueRequired":true,"valueName":"search_term_string"}}],"inLanguage":"it-IT"},{"@type":"Organization","@id":"https:\/\/archiviocassano.lavocedelpaese.info\/#organization","name":"Archivio CassanoWeb","url":"https:\/\/archiviocassano.lavocedelpaese.info\/","logo":{"@type":"ImageObject","inLanguage":"it-IT","@id":"https:\/\/archiviocassano.lavocedelpaese.info\/#\/schema\/logo\/image\/","url":"https:\/\/archiviocassano.lavocedelpaese.info\/wp-content\/uploads\/2024\/08\/logo-rosso-2.png","contentUrl":"https:\/\/archiviocassano.lavocedelpaese.info\/wp-content\/uploads\/2024\/08\/logo-rosso-2.png","width":491,"height":432,"caption":"Archivio CassanoWeb"},"image":{"@id":"https:\/\/archiviocassano.lavocedelpaese.info\/#\/schema\/logo\/image\/"},"sameAs":["https:\/\/www.facebook.com\/redazione.cassanoweb"]},{"@type":"Person","@id":"https:\/\/archiviocassano.lavocedelpaese.info\/#\/schema\/person\/df195bc79a9b4c35127cf005f92e041b","name":"admin","image":{"@type":"ImageObject","inLanguage":"it-IT","@id":"https:\/\/secure.gravatar.com\/avatar\/eabba89a432e8eaa1b0207cc55f7e5340b22712b1ed80677efcf63e02ff5b235?s=96&d=mm&r=g","url":"https:\/\/secure.gravatar.com\/avatar\/eabba89a432e8eaa1b0207cc55f7e5340b22712b1ed80677efcf63e02ff5b235?s=96&d=mm&r=g","contentUrl":"https:\/\/secure.gravatar.com\/avatar\/eabba89a432e8eaa1b0207cc55f7e5340b22712b1ed80677efcf63e02ff5b235?s=96&d=mm&r=g","caption":"admin"},"sameAs":["https:\/\/archiviocassano.lavocedelpaese.info"],"url":"https:\/\/archiviocassano.lavocedelpaese.info\/index.php\/author\/admin_0qgz1xdp\/"}]}},"_links":{"self":[{"href":"https:\/\/archiviocassano.lavocedelpaese.info\/index.php\/wp-json\/wp\/v2\/posts\/10120","targetHints":{"allow":["GET"]}}],"collection":[{"href":"https:\/\/archiviocassano.lavocedelpaese.info\/index.php\/wp-json\/wp\/v2\/posts"}],"about":[{"href":"https:\/\/archiviocassano.lavocedelpaese.info\/index.php\/wp-json\/wp\/v2\/types\/post"}],"author":[{"embeddable":true,"href":"https:\/\/archiviocassano.lavocedelpaese.info\/index.php\/wp-json\/wp\/v2\/users\/1"}],"replies":[{"embeddable":true,"href":"https:\/\/archiviocassano.lavocedelpaese.info\/index.php\/wp-json\/wp\/v2\/comments?post=10120"}],"version-history":[{"count":0,"href":"https:\/\/archiviocassano.lavocedelpaese.info\/index.php\/wp-json\/wp\/v2\/posts\/10120\/revisions"}],"wp:featuredmedia":[{"embeddable":true,"href":"https:\/\/archiviocassano.lavocedelpaese.info\/index.php\/wp-json\/wp\/v2\/media\/10119"}],"wp:attachment":[{"href":"https:\/\/archiviocassano.lavocedelpaese.info\/index.php\/wp-json\/wp\/v2\/media?parent=10120"}],"wp:term":[{"taxonomy":"category","embeddable":true,"href":"https:\/\/archiviocassano.lavocedelpaese.info\/index.php\/wp-json\/wp\/v2\/categories?post=10120"},{"taxonomy":"post_tag","embeddable":true,"href":"https:\/\/archiviocassano.lavocedelpaese.info\/index.php\/wp-json\/wp\/v2\/tags?post=10120"}],"curies":[{"name":"wp","href":"https:\/\/api.w.org\/{rel}","templated":true}]}}