{"id":10180,"date":"2014-12-24T00:14:33","date_gmt":"2014-12-24T00:14:33","guid":{"rendered":"https:\/\/archiviocassano.lavocedelpaese.info\/index.php\/2014\/12\/24\/qfiat-luxq-e-strade-le-interrogazioni-della-minoranza\/"},"modified":"2014-12-24T00:14:33","modified_gmt":"2014-12-24T00:14:33","slug":"qfiat-luxq-e-strade-le-interrogazioni-della-minoranza","status":"publish","type":"post","link":"https:\/\/archiviocassano.lavocedelpaese.info\/index.php\/2014\/12\/24\/qfiat-luxq-e-strade-le-interrogazioni-della-minoranza\/","title":{"rendered":"&#8220;Fiat lux&#8221; e strade: la minoranza interroga"},"content":{"rendered":"<p><img loading=\"lazy\" decoding=\"async\" class=\" size-full wp-image-10179\" src=\"https:\/\/archiviocassano.lavocedelpaese.info\/wp-content\/uploads\/2014\/12\/minoranza.jpg\" alt=\"minoranza\" style=\"margin-right: 2px; margin-left: 2px;\" width=\"320\" height=\"150\" srcset=\"https:\/\/archiviocassano.lavocedelpaese.info\/wp-content\/uploads\/2014\/12\/minoranza.jpg 320w, https:\/\/archiviocassano.lavocedelpaese.info\/wp-content\/uploads\/2014\/12\/minoranza-300x141.jpg 300w\" sizes=\"auto, (max-width: 320px) 100vw, 320px\" \/><\/p>\n<p><!--more--><\/p>\n<p>Si \u00e8 aperto con le risposte a precedenti interpellanze e nuove interrogazioni il Consiglio Comunale di ieri pomeriggio.<\/p>\n<p style=\"text-align: justify;\">L\u2019assessore al welfare <strong>Enza Battista <\/strong>ha specificato, in merito ai libri di testo consegnati agli alunni delle famiglie bisognose al posto dei vecchi buoni da spendere in libreria, che il 70% delle famiglie che ne aveva fatto richiesta \u00e8 stato soddisfatto mentre il restante 30% vi ha rinunciato. \u201c<i>E\u2019 un sistema in rodaggio<\/i> \u2013 ha detto l\u2019assessore \u2013 <i>che l\u2019anno prossimo sicuramente si potr\u00e0 migliorare ma un fatto \u00e8 certo: c\u2019\u00e8 stata ampia comunicazione fra scuola e famiglie richiedenti che non dovevano acquistare i libri avendone fatto richiesta in Comune\u201d. <\/i>Non \u00e8 risultata vera, dunque, la voce per cui alcuni insegnanti avrebbero chiesto insistentemente alle famiglie di acquistare i libri di testo, ben sapendo della novit\u00e0 di quest\u2019anno. La <strong>Di Medio,<\/strong> che aveva sollecitato l\u2019interrogazione, si \u00e8 detta soddisfatta della risposta.<\/p>\n<p style=\"text-align: justify;\">Sempre l\u2019assessore Battista ha risposto a chi chiedeva i dati sul gettito relativo al \u201c5&#215;1000\u201d: 3.500 euro saranno spesi \u2013 ha detto l\u2019assessore \u2013 per il progetto \u201cInsieme Doposcuola\u201d mentre altri 1.500 (assieme ad altre risorse del Comune) per acquistare buoni spesa per le famiglie bisognose.<\/p>\n<p style=\"text-align: justify;\">Al sindaco, la Di Medio <a href=\"\/www.cassanoweb.it\/politica\/24997-consiglio-comunale-approvati-tutti-i-provvedimenti-schermaglie-sulla-vicenda-del-portavoce-del-sindaco.html%20\" target=\"_blank\" rel=\"noopener\">\u2013 nello scorso Consiglio \u2013 chiese conto<\/a> del contributo di 50 euro erogato a Legambiente per la Festa dell\u2019Albero e se ci\u00f2 non fosse in contrasto con la normativa che non permette erogazioni a chi ha rapporti lavorativi con l\u2019ente (il riferimento era al portavoce del Sindaco, Gianni Spina, gi\u00e0 assessore del Circolo cassanese dell\u2019associazione).<\/p>\n<p><i>\u201cIl contributo \u00e8 andato a Legambiente<\/i> \u2013 ha spiegato Vito Lionetti \u2013 <i>e nessuna annotazione pu\u00f2 essere fatta rispetto a ci\u00f2\u201d <\/i>dato che \u2013 aggiungiamo noi \u2013 Spina all\u2019epoca della richiesta di contributo aveva gi\u00e0 rassegnato le dimissioni da Presidente.<\/p>\n<p style=\"text-align: justify;\">Sempre Lionetti si \u00e8 soffermato sulla vicenda della stradina di congiunzione fra via Pellerano e via Colamonico, chiusa al traffico ad esclusione dei residenti. <i>\u201cTale decisione<\/i> &#8211; &nbsp;ha spiegato il sindaco al consigliere <strong>Carmelo Briano<\/strong> \u2013 <i>\u00e8 stata presa, nella sua autonomia gestionale, dal Comandante della Polizia Municipale e per esigenze di sicurezza\u201d;<\/i> della petizione sottoscritta da una settantina di cittadini che chiedeva la riapertura al traffico della stradina si terr\u00e0 conto nel riordino complessivo della viabilit\u00e0 in quella zona. Briano si \u00e8 dichiarato non&nbsp; soddisfatto della risposta dato che \u201c<i>c\u2019\u00e8 solerzia nel provvedimento per poche persone e un rinvio senza data alla petizione\u201d.<\/i><\/p>\n<p style=\"text-align: justify;\">Dopo le risposte dalla maggioranza, due nuove interrogazioni sono arrivate dai banchi della minoranza.<\/p>\n<p style=\"text-align: justify;\">Nella prima, il consigliere Michele Ruggiero ha chiesto come l\u2019amministrazione sta ponendo rimedio ai bisogni di manutenzione di strade, marciapiedi e piazze che da mesi necessitano di interventi visto che per i pedoni \u00e8 un pericolo camminare per certe zone (vedi il basolato di piazza Rossani) o per le auto diventa una odissea circolare per certe strade piene di buche e avvallamenti.<\/p>\n<p style=\"text-align: justify;\"><strong>L\u2019assessore Davide Del Re <\/strong>ha ironicamente sottolineato che <i>\u201cnon da mesi ma da anni le strade necessitano di interventi che tuttavia si stanno programmando per rispondere ad un progetto complessivo da effettuare al termine dei lavori, come in piazza Rossani\u201d.<\/i><\/p>\n<p style=\"text-align: justify;\"><strong>Ignazio Zullo<\/strong>, infine, ha chiesto al sindaco Lionetti \u2013 che si \u00e8 impegnato a rispondere per iscritto entro 30 giorni \u2013 se l\u2019amministrazione \u00e8 a conoscenza del fatto che a seguito della operazione <strong>&#8220;Fiat Lux&#8221;<\/strong> della Guardia di Finanza <strong>(<a href=\"cronaca\/24976-pizzicato-un-altro-furbetto-della-corrente-elettrica-a-scrocco-stavolta-e-un-panettiere-cassanese.html\" target=\"_self\" rel=\"noopener\">leggi l&#8217;articolo<\/a>)<\/strong>&nbsp;su esercizi commerciali cassanesi (ma non solo) che hanno utilizzato sistemi illegali per evitare di pagare la corrente elettrica, stanno utilizzando (o hanno utilizzato) generatori di corrente a gasolio, provocando inquinamento atmosferico e violando le norme in materia di commercio.<\/p>\n<p>&nbsp;<\/p>\n<p>&nbsp;<\/p>\n","protected":false},"excerpt":{"rendered":"","protected":false},"author":1,"featured_media":10179,"comment_status":"open","ping_status":"closed","sticky":false,"template":"","format":"standard","meta":{"colormag_page_container_layout":"default_layout","colormag_page_sidebar_layout":"default_layout","footnotes":""},"categories":[4],"tags":[],"class_list":["post-10180","post","type-post","status-publish","format-standard","has-post-thumbnail","hentry","category-politica"],"yoast_head":"<!-- This site is optimized with the Yoast SEO plugin v27.5 - https:\/\/yoast.com\/product\/yoast-seo-wordpress\/ -->\n<title>&quot;Fiat lux&quot; e strade: la minoranza interroga - Archivio CassanoWeb<\/title>\n<meta name=\"robots\" content=\"index, follow, max-snippet:-1, max-image-preview:large, max-video-preview:-1\" \/>\n<link rel=\"canonical\" href=\"https:\/\/archiviocassano.lavocedelpaese.info\/index.php\/2014\/12\/24\/qfiat-luxq-e-strade-le-interrogazioni-della-minoranza\/\" \/>\n<meta property=\"og:locale\" content=\"it_IT\" \/>\n<meta property=\"og:type\" content=\"article\" \/>\n<meta property=\"og:title\" content=\"&quot;Fiat lux&quot; e strade: la minoranza interroga - Archivio CassanoWeb\" \/>\n<meta property=\"og:url\" content=\"https:\/\/archiviocassano.lavocedelpaese.info\/index.php\/2014\/12\/24\/qfiat-luxq-e-strade-le-interrogazioni-della-minoranza\/\" \/>\n<meta property=\"og:site_name\" content=\"Archivio CassanoWeb\" \/>\n<meta property=\"article:publisher\" content=\"https:\/\/www.facebook.com\/redazione.cassanoweb\" \/>\n<meta property=\"article:published_time\" content=\"2014-12-24T00:14:33+00:00\" \/>\n<meta property=\"og:image\" content=\"https:\/\/archiviocassano.lavocedelpaese.info\/wp-content\/uploads\/2014\/12\/minoranza.jpg\" \/>\n\t<meta property=\"og:image:width\" content=\"320\" \/>\n\t<meta property=\"og:image:height\" content=\"150\" \/>\n\t<meta property=\"og:image:type\" content=\"image\/jpeg\" \/>\n<meta name=\"author\" content=\"admin\" \/>\n<meta name=\"twitter:card\" content=\"summary_large_image\" \/>\n<meta name=\"twitter:label1\" content=\"Scritto da\" \/>\n\t<meta name=\"twitter:data1\" content=\"admin\" \/>\n\t<meta name=\"twitter:label2\" content=\"Tempo di lettura stimato\" \/>\n\t<meta name=\"twitter:data2\" content=\"3 minuti\" \/>\n<script type=\"application\/ld+json\" class=\"yoast-schema-graph\">{\"@context\":\"https:\\\/\\\/schema.org\",\"@graph\":[{\"@type\":\"Article\",\"@id\":\"https:\\\/\\\/archiviocassano.lavocedelpaese.info\\\/index.php\\\/2014\\\/12\\\/24\\\/qfiat-luxq-e-strade-le-interrogazioni-della-minoranza\\\/#article\",\"isPartOf\":{\"@id\":\"https:\\\/\\\/archiviocassano.lavocedelpaese.info\\\/index.php\\\/2014\\\/12\\\/24\\\/qfiat-luxq-e-strade-le-interrogazioni-della-minoranza\\\/\"},\"author\":{\"name\":\"admin\",\"@id\":\"https:\\\/\\\/archiviocassano.lavocedelpaese.info\\\/#\\\/schema\\\/person\\\/df195bc79a9b4c35127cf005f92e041b\"},\"headline\":\"&#8220;Fiat lux&#8221; e strade: la minoranza interroga\",\"datePublished\":\"2014-12-24T00:14:33+00:00\",\"mainEntityOfPage\":{\"@id\":\"https:\\\/\\\/archiviocassano.lavocedelpaese.info\\\/index.php\\\/2014\\\/12\\\/24\\\/qfiat-luxq-e-strade-le-interrogazioni-della-minoranza\\\/\"},\"wordCount\":592,\"commentCount\":0,\"publisher\":{\"@id\":\"https:\\\/\\\/archiviocassano.lavocedelpaese.info\\\/#organization\"},\"image\":{\"@id\":\"https:\\\/\\\/archiviocassano.lavocedelpaese.info\\\/index.php\\\/2014\\\/12\\\/24\\\/qfiat-luxq-e-strade-le-interrogazioni-della-minoranza\\\/#primaryimage\"},\"thumbnailUrl\":\"https:\\\/\\\/archiviocassano.lavocedelpaese.info\\\/wp-content\\\/uploads\\\/2014\\\/12\\\/minoranza.jpg\",\"articleSection\":[\"Politica\"],\"inLanguage\":\"it-IT\",\"potentialAction\":[{\"@type\":\"CommentAction\",\"name\":\"Comment\",\"target\":[\"https:\\\/\\\/archiviocassano.lavocedelpaese.info\\\/index.php\\\/2014\\\/12\\\/24\\\/qfiat-luxq-e-strade-le-interrogazioni-della-minoranza\\\/#respond\"]}]},{\"@type\":\"WebPage\",\"@id\":\"https:\\\/\\\/archiviocassano.lavocedelpaese.info\\\/index.php\\\/2014\\\/12\\\/24\\\/qfiat-luxq-e-strade-le-interrogazioni-della-minoranza\\\/\",\"url\":\"https:\\\/\\\/archiviocassano.lavocedelpaese.info\\\/index.php\\\/2014\\\/12\\\/24\\\/qfiat-luxq-e-strade-le-interrogazioni-della-minoranza\\\/\",\"name\":\"\\\"Fiat lux\\\" e strade: la minoranza interroga - Archivio CassanoWeb\",\"isPartOf\":{\"@id\":\"https:\\\/\\\/archiviocassano.lavocedelpaese.info\\\/#website\"},\"primaryImageOfPage\":{\"@id\":\"https:\\\/\\\/archiviocassano.lavocedelpaese.info\\\/index.php\\\/2014\\\/12\\\/24\\\/qfiat-luxq-e-strade-le-interrogazioni-della-minoranza\\\/#primaryimage\"},\"image\":{\"@id\":\"https:\\\/\\\/archiviocassano.lavocedelpaese.info\\\/index.php\\\/2014\\\/12\\\/24\\\/qfiat-luxq-e-strade-le-interrogazioni-della-minoranza\\\/#primaryimage\"},\"thumbnailUrl\":\"https:\\\/\\\/archiviocassano.lavocedelpaese.info\\\/wp-content\\\/uploads\\\/2014\\\/12\\\/minoranza.jpg\",\"datePublished\":\"2014-12-24T00:14:33+00:00\",\"breadcrumb\":{\"@id\":\"https:\\\/\\\/archiviocassano.lavocedelpaese.info\\\/index.php\\\/2014\\\/12\\\/24\\\/qfiat-luxq-e-strade-le-interrogazioni-della-minoranza\\\/#breadcrumb\"},\"inLanguage\":\"it-IT\",\"potentialAction\":[{\"@type\":\"ReadAction\",\"target\":[\"https:\\\/\\\/archiviocassano.lavocedelpaese.info\\\/index.php\\\/2014\\\/12\\\/24\\\/qfiat-luxq-e-strade-le-interrogazioni-della-minoranza\\\/\"]}]},{\"@type\":\"ImageObject\",\"inLanguage\":\"it-IT\",\"@id\":\"https:\\\/\\\/archiviocassano.lavocedelpaese.info\\\/index.php\\\/2014\\\/12\\\/24\\\/qfiat-luxq-e-strade-le-interrogazioni-della-minoranza\\\/#primaryimage\",\"url\":\"https:\\\/\\\/archiviocassano.lavocedelpaese.info\\\/wp-content\\\/uploads\\\/2014\\\/12\\\/minoranza.jpg\",\"contentUrl\":\"https:\\\/\\\/archiviocassano.lavocedelpaese.info\\\/wp-content\\\/uploads\\\/2014\\\/12\\\/minoranza.jpg\",\"width\":320,\"height\":150,\"caption\":\"minoranza\"},{\"@type\":\"BreadcrumbList\",\"@id\":\"https:\\\/\\\/archiviocassano.lavocedelpaese.info\\\/index.php\\\/2014\\\/12\\\/24\\\/qfiat-luxq-e-strade-le-interrogazioni-della-minoranza\\\/#breadcrumb\",\"itemListElement\":[{\"@type\":\"ListItem\",\"position\":1,\"name\":\"Home\",\"item\":\"https:\\\/\\\/archiviocassano.lavocedelpaese.info\\\/\"},{\"@type\":\"ListItem\",\"position\":2,\"name\":\"&#8220;Fiat lux&#8221; e strade: la minoranza interroga\"}]},{\"@type\":\"WebSite\",\"@id\":\"https:\\\/\\\/archiviocassano.lavocedelpaese.info\\\/#website\",\"url\":\"https:\\\/\\\/archiviocassano.lavocedelpaese.info\\\/\",\"name\":\"Archivio CassanoWeb\",\"description\":\"La Voce del Paese - un network di idee\",\"publisher\":{\"@id\":\"https:\\\/\\\/archiviocassano.lavocedelpaese.info\\\/#organization\"},\"potentialAction\":[{\"@type\":\"SearchAction\",\"target\":{\"@type\":\"EntryPoint\",\"urlTemplate\":\"https:\\\/\\\/archiviocassano.lavocedelpaese.info\\\/?s={search_term_string}\"},\"query-input\":{\"@type\":\"PropertyValueSpecification\",\"valueRequired\":true,\"valueName\":\"search_term_string\"}}],\"inLanguage\":\"it-IT\"},{\"@type\":\"Organization\",\"@id\":\"https:\\\/\\\/archiviocassano.lavocedelpaese.info\\\/#organization\",\"name\":\"Archivio CassanoWeb\",\"url\":\"https:\\\/\\\/archiviocassano.lavocedelpaese.info\\\/\",\"logo\":{\"@type\":\"ImageObject\",\"inLanguage\":\"it-IT\",\"@id\":\"https:\\\/\\\/archiviocassano.lavocedelpaese.info\\\/#\\\/schema\\\/logo\\\/image\\\/\",\"url\":\"https:\\\/\\\/archiviocassano.lavocedelpaese.info\\\/wp-content\\\/uploads\\\/2024\\\/08\\\/logo-rosso-2.png\",\"contentUrl\":\"https:\\\/\\\/archiviocassano.lavocedelpaese.info\\\/wp-content\\\/uploads\\\/2024\\\/08\\\/logo-rosso-2.png\",\"width\":491,\"height\":432,\"caption\":\"Archivio CassanoWeb\"},\"image\":{\"@id\":\"https:\\\/\\\/archiviocassano.lavocedelpaese.info\\\/#\\\/schema\\\/logo\\\/image\\\/\"},\"sameAs\":[\"https:\\\/\\\/www.facebook.com\\\/redazione.cassanoweb\"]},{\"@type\":\"Person\",\"@id\":\"https:\\\/\\\/archiviocassano.lavocedelpaese.info\\\/#\\\/schema\\\/person\\\/df195bc79a9b4c35127cf005f92e041b\",\"name\":\"admin\",\"image\":{\"@type\":\"ImageObject\",\"inLanguage\":\"it-IT\",\"@id\":\"https:\\\/\\\/secure.gravatar.com\\\/avatar\\\/eabba89a432e8eaa1b0207cc55f7e5340b22712b1ed80677efcf63e02ff5b235?s=96&d=mm&r=g\",\"url\":\"https:\\\/\\\/secure.gravatar.com\\\/avatar\\\/eabba89a432e8eaa1b0207cc55f7e5340b22712b1ed80677efcf63e02ff5b235?s=96&d=mm&r=g\",\"contentUrl\":\"https:\\\/\\\/secure.gravatar.com\\\/avatar\\\/eabba89a432e8eaa1b0207cc55f7e5340b22712b1ed80677efcf63e02ff5b235?s=96&d=mm&r=g\",\"caption\":\"admin\"},\"sameAs\":[\"https:\\\/\\\/archiviocassano.lavocedelpaese.info\"],\"url\":\"https:\\\/\\\/archiviocassano.lavocedelpaese.info\\\/index.php\\\/author\\\/admin_0qgz1xdp\\\/\"}]}<\/script>\n<!-- \/ Yoast SEO plugin. -->","yoast_head_json":{"title":"\"Fiat lux\" e strade: la minoranza interroga - Archivio CassanoWeb","robots":{"index":"index","follow":"follow","max-snippet":"max-snippet:-1","max-image-preview":"max-image-preview:large","max-video-preview":"max-video-preview:-1"},"canonical":"https:\/\/archiviocassano.lavocedelpaese.info\/index.php\/2014\/12\/24\/qfiat-luxq-e-strade-le-interrogazioni-della-minoranza\/","og_locale":"it_IT","og_type":"article","og_title":"\"Fiat lux\" e strade: la minoranza interroga - Archivio CassanoWeb","og_url":"https:\/\/archiviocassano.lavocedelpaese.info\/index.php\/2014\/12\/24\/qfiat-luxq-e-strade-le-interrogazioni-della-minoranza\/","og_site_name":"Archivio CassanoWeb","article_publisher":"https:\/\/www.facebook.com\/redazione.cassanoweb","article_published_time":"2014-12-24T00:14:33+00:00","og_image":[{"width":320,"height":150,"url":"https:\/\/archiviocassano.lavocedelpaese.info\/wp-content\/uploads\/2014\/12\/minoranza.jpg","type":"image\/jpeg"}],"author":"admin","twitter_card":"summary_large_image","twitter_misc":{"Scritto da":"admin","Tempo di lettura stimato":"3 minuti"},"schema":{"@context":"https:\/\/schema.org","@graph":[{"@type":"Article","@id":"https:\/\/archiviocassano.lavocedelpaese.info\/index.php\/2014\/12\/24\/qfiat-luxq-e-strade-le-interrogazioni-della-minoranza\/#article","isPartOf":{"@id":"https:\/\/archiviocassano.lavocedelpaese.info\/index.php\/2014\/12\/24\/qfiat-luxq-e-strade-le-interrogazioni-della-minoranza\/"},"author":{"name":"admin","@id":"https:\/\/archiviocassano.lavocedelpaese.info\/#\/schema\/person\/df195bc79a9b4c35127cf005f92e041b"},"headline":"&#8220;Fiat lux&#8221; e strade: la minoranza interroga","datePublished":"2014-12-24T00:14:33+00:00","mainEntityOfPage":{"@id":"https:\/\/archiviocassano.lavocedelpaese.info\/index.php\/2014\/12\/24\/qfiat-luxq-e-strade-le-interrogazioni-della-minoranza\/"},"wordCount":592,"commentCount":0,"publisher":{"@id":"https:\/\/archiviocassano.lavocedelpaese.info\/#organization"},"image":{"@id":"https:\/\/archiviocassano.lavocedelpaese.info\/index.php\/2014\/12\/24\/qfiat-luxq-e-strade-le-interrogazioni-della-minoranza\/#primaryimage"},"thumbnailUrl":"https:\/\/archiviocassano.lavocedelpaese.info\/wp-content\/uploads\/2014\/12\/minoranza.jpg","articleSection":["Politica"],"inLanguage":"it-IT","potentialAction":[{"@type":"CommentAction","name":"Comment","target":["https:\/\/archiviocassano.lavocedelpaese.info\/index.php\/2014\/12\/24\/qfiat-luxq-e-strade-le-interrogazioni-della-minoranza\/#respond"]}]},{"@type":"WebPage","@id":"https:\/\/archiviocassano.lavocedelpaese.info\/index.php\/2014\/12\/24\/qfiat-luxq-e-strade-le-interrogazioni-della-minoranza\/","url":"https:\/\/archiviocassano.lavocedelpaese.info\/index.php\/2014\/12\/24\/qfiat-luxq-e-strade-le-interrogazioni-della-minoranza\/","name":"\"Fiat lux\" e strade: la minoranza interroga - Archivio CassanoWeb","isPartOf":{"@id":"https:\/\/archiviocassano.lavocedelpaese.info\/#website"},"primaryImageOfPage":{"@id":"https:\/\/archiviocassano.lavocedelpaese.info\/index.php\/2014\/12\/24\/qfiat-luxq-e-strade-le-interrogazioni-della-minoranza\/#primaryimage"},"image":{"@id":"https:\/\/archiviocassano.lavocedelpaese.info\/index.php\/2014\/12\/24\/qfiat-luxq-e-strade-le-interrogazioni-della-minoranza\/#primaryimage"},"thumbnailUrl":"https:\/\/archiviocassano.lavocedelpaese.info\/wp-content\/uploads\/2014\/12\/minoranza.jpg","datePublished":"2014-12-24T00:14:33+00:00","breadcrumb":{"@id":"https:\/\/archiviocassano.lavocedelpaese.info\/index.php\/2014\/12\/24\/qfiat-luxq-e-strade-le-interrogazioni-della-minoranza\/#breadcrumb"},"inLanguage":"it-IT","potentialAction":[{"@type":"ReadAction","target":["https:\/\/archiviocassano.lavocedelpaese.info\/index.php\/2014\/12\/24\/qfiat-luxq-e-strade-le-interrogazioni-della-minoranza\/"]}]},{"@type":"ImageObject","inLanguage":"it-IT","@id":"https:\/\/archiviocassano.lavocedelpaese.info\/index.php\/2014\/12\/24\/qfiat-luxq-e-strade-le-interrogazioni-della-minoranza\/#primaryimage","url":"https:\/\/archiviocassano.lavocedelpaese.info\/wp-content\/uploads\/2014\/12\/minoranza.jpg","contentUrl":"https:\/\/archiviocassano.lavocedelpaese.info\/wp-content\/uploads\/2014\/12\/minoranza.jpg","width":320,"height":150,"caption":"minoranza"},{"@type":"BreadcrumbList","@id":"https:\/\/archiviocassano.lavocedelpaese.info\/index.php\/2014\/12\/24\/qfiat-luxq-e-strade-le-interrogazioni-della-minoranza\/#breadcrumb","itemListElement":[{"@type":"ListItem","position":1,"name":"Home","item":"https:\/\/archiviocassano.lavocedelpaese.info\/"},{"@type":"ListItem","position":2,"name":"&#8220;Fiat lux&#8221; e strade: la minoranza interroga"}]},{"@type":"WebSite","@id":"https:\/\/archiviocassano.lavocedelpaese.info\/#website","url":"https:\/\/archiviocassano.lavocedelpaese.info\/","name":"Archivio CassanoWeb","description":"La Voce del Paese - un network di idee","publisher":{"@id":"https:\/\/archiviocassano.lavocedelpaese.info\/#organization"},"potentialAction":[{"@type":"SearchAction","target":{"@type":"EntryPoint","urlTemplate":"https:\/\/archiviocassano.lavocedelpaese.info\/?s={search_term_string}"},"query-input":{"@type":"PropertyValueSpecification","valueRequired":true,"valueName":"search_term_string"}}],"inLanguage":"it-IT"},{"@type":"Organization","@id":"https:\/\/archiviocassano.lavocedelpaese.info\/#organization","name":"Archivio CassanoWeb","url":"https:\/\/archiviocassano.lavocedelpaese.info\/","logo":{"@type":"ImageObject","inLanguage":"it-IT","@id":"https:\/\/archiviocassano.lavocedelpaese.info\/#\/schema\/logo\/image\/","url":"https:\/\/archiviocassano.lavocedelpaese.info\/wp-content\/uploads\/2024\/08\/logo-rosso-2.png","contentUrl":"https:\/\/archiviocassano.lavocedelpaese.info\/wp-content\/uploads\/2024\/08\/logo-rosso-2.png","width":491,"height":432,"caption":"Archivio CassanoWeb"},"image":{"@id":"https:\/\/archiviocassano.lavocedelpaese.info\/#\/schema\/logo\/image\/"},"sameAs":["https:\/\/www.facebook.com\/redazione.cassanoweb"]},{"@type":"Person","@id":"https:\/\/archiviocassano.lavocedelpaese.info\/#\/schema\/person\/df195bc79a9b4c35127cf005f92e041b","name":"admin","image":{"@type":"ImageObject","inLanguage":"it-IT","@id":"https:\/\/secure.gravatar.com\/avatar\/eabba89a432e8eaa1b0207cc55f7e5340b22712b1ed80677efcf63e02ff5b235?s=96&d=mm&r=g","url":"https:\/\/secure.gravatar.com\/avatar\/eabba89a432e8eaa1b0207cc55f7e5340b22712b1ed80677efcf63e02ff5b235?s=96&d=mm&r=g","contentUrl":"https:\/\/secure.gravatar.com\/avatar\/eabba89a432e8eaa1b0207cc55f7e5340b22712b1ed80677efcf63e02ff5b235?s=96&d=mm&r=g","caption":"admin"},"sameAs":["https:\/\/archiviocassano.lavocedelpaese.info"],"url":"https:\/\/archiviocassano.lavocedelpaese.info\/index.php\/author\/admin_0qgz1xdp\/"}]}},"_links":{"self":[{"href":"https:\/\/archiviocassano.lavocedelpaese.info\/index.php\/wp-json\/wp\/v2\/posts\/10180","targetHints":{"allow":["GET"]}}],"collection":[{"href":"https:\/\/archiviocassano.lavocedelpaese.info\/index.php\/wp-json\/wp\/v2\/posts"}],"about":[{"href":"https:\/\/archiviocassano.lavocedelpaese.info\/index.php\/wp-json\/wp\/v2\/types\/post"}],"author":[{"embeddable":true,"href":"https:\/\/archiviocassano.lavocedelpaese.info\/index.php\/wp-json\/wp\/v2\/users\/1"}],"replies":[{"embeddable":true,"href":"https:\/\/archiviocassano.lavocedelpaese.info\/index.php\/wp-json\/wp\/v2\/comments?post=10180"}],"version-history":[{"count":0,"href":"https:\/\/archiviocassano.lavocedelpaese.info\/index.php\/wp-json\/wp\/v2\/posts\/10180\/revisions"}],"wp:featuredmedia":[{"embeddable":true,"href":"https:\/\/archiviocassano.lavocedelpaese.info\/index.php\/wp-json\/wp\/v2\/media\/10179"}],"wp:attachment":[{"href":"https:\/\/archiviocassano.lavocedelpaese.info\/index.php\/wp-json\/wp\/v2\/media?parent=10180"}],"wp:term":[{"taxonomy":"category","embeddable":true,"href":"https:\/\/archiviocassano.lavocedelpaese.info\/index.php\/wp-json\/wp\/v2\/categories?post=10180"},{"taxonomy":"post_tag","embeddable":true,"href":"https:\/\/archiviocassano.lavocedelpaese.info\/index.php\/wp-json\/wp\/v2\/tags?post=10180"}],"curies":[{"name":"wp","href":"https:\/\/api.w.org\/{rel}","templated":true}]}}