{"id":10461,"date":"2015-02-23T08:25:32","date_gmt":"2015-02-23T08:25:32","guid":{"rendered":"https:\/\/archiviocassano.lavocedelpaese.info\/index.php\/2015\/02\/23\/cadute-in-ospedale-una-studio-della-fondazione-maugeri\/"},"modified":"2015-02-23T08:25:32","modified_gmt":"2015-02-23T08:25:32","slug":"cadute-in-ospedale-una-studio-della-fondazione-maugeri","status":"publish","type":"post","link":"https:\/\/archiviocassano.lavocedelpaese.info\/index.php\/2015\/02\/23\/cadute-in-ospedale-una-studio-della-fondazione-maugeri\/","title":{"rendered":"Cadute in ospedale, una studio della &#8220;S. Maugeri&#8221;"},"content":{"rendered":"<p><img loading=\"lazy\" decoding=\"async\" class=\" size-full wp-image-5068\" src=\"https:\/\/archiviocassano.lavocedelpaese.info\/wp-content\/uploads\/2012\/01\/fondazione_maugeri.jpg\" width=\"320\" height=\"150\" alt=\"fondazione maugeri\" style=\"margin-right: 2px; margin-left: 2px;\" srcset=\"https:\/\/archiviocassano.lavocedelpaese.info\/wp-content\/uploads\/2012\/01\/fondazione_maugeri.jpg 640w, https:\/\/archiviocassano.lavocedelpaese.info\/wp-content\/uploads\/2012\/01\/fondazione_maugeri-300x141.jpg 300w\" sizes=\"auto, (max-width: 320px) 100vw, 320px\" \/><\/p>\n<p><!--more--><\/p>\n<p>&nbsp;<\/p>\n<p style=\"text-align: justify;\">Coordinamento, raccolta dati centralizzata e informatizzata, e coinvolgimento del personale. Sono queste le azioni chiave che hanno reso possibile affrontare di petto il grave problema delle cadute in ambito ospedaliero all\u2019interno dei 17 Istituti scientifici&nbsp;&nbsp; dell\u2019IRCCS Fondazione Maugeri. Significativi i risultati, tenendo conto della tipologia di pazienti trattati inseriti in percorsi riabilitativi che tendono al massimo risultato di autonomia residua.<\/p>\n<p style=\"text-align: justify;\">Il percorso di raccolta dati in ciascun Istituto inizia gi\u00e0 nel 2008 per partire poi a regime nel 2010 con l\u2019attivazione di modalit\u00e0 operative comuni a tutti. <strong>Nei cinque anni dal 2010 al 2014 sono stati monitorati complessivamente 150 mila ricoveri (30 mila\/anno) <\/strong>afferenti alle varie strutture dislocate in Piemonte, Lombardia, Liguria, Campania, Puglia, Sicilia<strong>, registrando una media di 1600 cadute complessive all\u2019anno ovvero il 5,6%, <\/strong>un dato positivo quasi sovrapponibile a quelli delle strutture per acuti dove il rischio cadute \u00e8 decisamente inferiore<strong>. Altrettanto incoraggiante e positivo il dato relativo agli eventi che hanno portato ad una richiesta di risarcimento,<\/strong> peraltro sempre contenuta: <strong>3 casi dal 2010 al 2013 per un esborso complessivo di 16 mila euro. Il progetto sul Monitoraggio delle cadute negli Istituti scientifici \u00e8 stato premiato all\u2019ultimo Premio Qualit\u00e0 del Network Joint Commission International 2015.<\/strong><\/p>\n<p style=\"text-align: justify;\"><strong>&nbsp;<\/strong><\/p>\n<p style=\"text-align: justify;\">Il rischio cadute, variegato e fisiologicamente presente in una struttura riabilitativa, richiede quindi un approccio articolato coinvolgendo quasi sempre persone anziane fragili, persone con patologie anche neurologiche e degenerative. Stati che possono inficiare talune funzionalit\u00e0 e nelle quali la caduta pu\u00f2 produrre danni che riducono la mobilit\u00e0 e l\u2019indipendenza, comportano ansia e ostacoli alla riabilitazione e portano ad una degenza prolungata, contribuendo in tal modo a costi aggiuntivi ospedalieri e sociali. E\u2019 a partire da queste premesse, ma consapevole che il rischio caduta pu\u00f2 essere entro certi limiti evitato, che la Direzione Sanitaria Centrale di Fondazione Maugeri ha approcciato il problema su diversi piani, coinvolgendo Unit\u00e0 Operative ritenute strategiche nella messa in atto di un cambiamento strutturale, con l\u2019obiettivo di raggiungere un grado ottimale di <strong>standardizzazione del dato raccolto<\/strong>, punto focale per attuare idonee politiche di intervento.<\/p>\n<p style=\"text-align: justify;\">Si \u00e8 quindi partiti da una <strong>valutazione oggettiva del rischio ambientale<\/strong> con il supporto del Servizio di Prevenzione e Protezione per cercare di eliminare o prendere in considerazione tutti gli impedimenti o elementi che potessero essere causa di caduta nei locali frequentati dai pazienti; il passo successivo \u00e8 stato <strong>valutare attentamente le condizioni cliniche del paziente<\/strong> per stimarne il rischio individuale tramite scale validate, (Morse in prima battuta e poi in caso di positivit\u00e0 al rischio la scala Stratify); poi si \u00e8 richiesto di procedere alle <strong>rilevazioni e registrazioni obbligatorie delle cadute<\/strong> secondo un unico protocollo e in questo passaggio l\u2019informatizzazione della cartella clinica infermieristica, anche questa unica per tutti i reparti di riabilitazione, ha assicurato una tempestiva e corretta raccolta delle informazioni.<\/p>\n<p style=\"text-align: justify;\">\u201c<i>I dati sulle cadute, pluriennali, sistematici e standardizzati &#8211; <\/i>afferma il dottor Claudio Garbelli Direttore Sanitario centrale<i> &#8211; ci hanno permesso di individuare i nostri punti deboli e da qui agire per mettere in atto strategie concrete attraverso il coinvolgimento fattivo del personale che si \u00e8 dimostrato sempre molto motivato. Tenendo conto della casistica delicata e complessa dei degenti dei nostri reparti abbiamo rilevato che alla base della caduta spesso ci sono le condizioni cliniche (26% &#8211; 2014), o ancora la mancata osservazione delle indicazioni date dal personale circa le modalit\u00e0 di movimento (39% &#8211; 2014). Significativo \u00e8 anche il dato relativo alle cadute ripetute in capo allo stesso paziente: la pronta rilevazione di questa tipologia di evento, ad esempio, permette di agire rapidamente con modalit\u00e0 efficaci e, infatti, il trend 2010-2014 \u00e8 in calo dal 20,4% al 18,3%. Ma soltanto conoscendo a fondo la problematica \u00e8 stato possibile intervenire in maniera precisa<\/i>\u201d.<\/p>\n<p style=\"text-align: justify;\">Per comprendere la positivit\u00e0 del dato cadute nel suo complesso, (5,6%), \u00e8 stato anche utile analizzare in percentuale in quali reparti si concentrano le cadute: nel 56,6% in Riabilitazione Neuromotoria, 20% Cardiologica, 10,8% Pneumologica, 3,1% Cure sub acute, 8,8% Acuti, ovvero il maggior numero di eventi si registra nei reparti dove la mobilit\u00e0 del paziente \u00e8 al centro del percorso riabilitativo.<\/p>\n<p style=\"text-align: justify;\">Ma l\u2019evento caduta oltre alle implicazioni per il paziente (30% esito di contusioni, 29% escoriazioni, 13% ferite, 12% trauma cranico) deve essere analizzato anche dal punto di vista economico, in termini di <strong>costo per la struttura per la gestione degli accertamenti<\/strong>: in questo caso l\u2019esborso nel 2013 si attesta intorno ai 70 mila \u20ac riferiti soprattutto ad interventi per osservazione del paziente (20 mila \u20ac ca.), TC Encefalo (15 mila \u20ac ca.), Medicazioni (15 mila \u20ac ca.), Radiografie (15 mila \u20ac ca.), senza contare eventuali giornate di degenza aggiuntive; infine, ma non meno rilevante, \u00e8 il dato sull\u2019<strong>ammontare dei contenziosi<\/strong>: su quest\u2019ultimo fronte vale la pena evidenziare il numero minimo di eventi che in Fondazione Maugeri hanno portato ad una richiesta di risarcimento: 3 casi <strong>dal 2010 al 2013 per un esborso complessivo di 16 mila euro<\/strong>.<\/p>\n<p>&nbsp;<\/p>\n<p>&nbsp;<\/p>\n","protected":false},"excerpt":{"rendered":"","protected":false},"author":1,"featured_media":5068,"comment_status":"open","ping_status":"closed","sticky":false,"template":"","format":"standard","meta":{"colormag_page_container_layout":"default_layout","colormag_page_sidebar_layout":"default_layout","footnotes":""},"categories":[7],"tags":[],"class_list":["post-10461","post","type-post","status-publish","format-standard","has-post-thumbnail","hentry","category-attualita"],"yoast_head":"<!-- This site is optimized with the Yoast SEO plugin v27.5 - https:\/\/yoast.com\/product\/yoast-seo-wordpress\/ -->\n<title>Cadute in ospedale, una studio della &quot;S. Maugeri&quot; - Archivio CassanoWeb<\/title>\n<meta name=\"robots\" content=\"index, follow, max-snippet:-1, max-image-preview:large, max-video-preview:-1\" \/>\n<link rel=\"canonical\" href=\"https:\/\/archiviocassano.lavocedelpaese.info\/index.php\/2015\/02\/23\/cadute-in-ospedale-una-studio-della-fondazione-maugeri\/\" \/>\n<meta property=\"og:locale\" content=\"it_IT\" \/>\n<meta property=\"og:type\" content=\"article\" \/>\n<meta property=\"og:title\" content=\"Cadute in ospedale, una studio della &quot;S. Maugeri&quot; - Archivio CassanoWeb\" \/>\n<meta property=\"og:url\" content=\"https:\/\/archiviocassano.lavocedelpaese.info\/index.php\/2015\/02\/23\/cadute-in-ospedale-una-studio-della-fondazione-maugeri\/\" \/>\n<meta property=\"og:site_name\" content=\"Archivio CassanoWeb\" \/>\n<meta property=\"article:publisher\" content=\"https:\/\/www.facebook.com\/redazione.cassanoweb\" \/>\n<meta property=\"article:published_time\" content=\"2015-02-23T08:25:32+00:00\" \/>\n<meta property=\"og:image\" content=\"https:\/\/archiviocassano.lavocedelpaese.info\/wp-content\/uploads\/2012\/01\/fondazione_maugeri.jpg\" \/>\n\t<meta property=\"og:image:width\" content=\"640\" \/>\n\t<meta property=\"og:image:height\" content=\"300\" \/>\n\t<meta property=\"og:image:type\" content=\"image\/jpeg\" \/>\n<meta name=\"author\" content=\"admin\" \/>\n<meta name=\"twitter:card\" content=\"summary_large_image\" \/>\n<meta name=\"twitter:label1\" content=\"Scritto da\" \/>\n\t<meta name=\"twitter:data1\" content=\"admin\" \/>\n\t<meta name=\"twitter:label2\" content=\"Tempo di lettura stimato\" \/>\n\t<meta name=\"twitter:data2\" content=\"4 minuti\" \/>\n<script type=\"application\/ld+json\" class=\"yoast-schema-graph\">{\"@context\":\"https:\\\/\\\/schema.org\",\"@graph\":[{\"@type\":\"Article\",\"@id\":\"https:\\\/\\\/archiviocassano.lavocedelpaese.info\\\/index.php\\\/2015\\\/02\\\/23\\\/cadute-in-ospedale-una-studio-della-fondazione-maugeri\\\/#article\",\"isPartOf\":{\"@id\":\"https:\\\/\\\/archiviocassano.lavocedelpaese.info\\\/index.php\\\/2015\\\/02\\\/23\\\/cadute-in-ospedale-una-studio-della-fondazione-maugeri\\\/\"},\"author\":{\"name\":\"admin\",\"@id\":\"https:\\\/\\\/archiviocassano.lavocedelpaese.info\\\/#\\\/schema\\\/person\\\/df195bc79a9b4c35127cf005f92e041b\"},\"headline\":\"Cadute in ospedale, una studio della &#8220;S. Maugeri&#8221;\",\"datePublished\":\"2015-02-23T08:25:32+00:00\",\"mainEntityOfPage\":{\"@id\":\"https:\\\/\\\/archiviocassano.lavocedelpaese.info\\\/index.php\\\/2015\\\/02\\\/23\\\/cadute-in-ospedale-una-studio-della-fondazione-maugeri\\\/\"},\"wordCount\":780,\"commentCount\":0,\"publisher\":{\"@id\":\"https:\\\/\\\/archiviocassano.lavocedelpaese.info\\\/#organization\"},\"image\":{\"@id\":\"https:\\\/\\\/archiviocassano.lavocedelpaese.info\\\/index.php\\\/2015\\\/02\\\/23\\\/cadute-in-ospedale-una-studio-della-fondazione-maugeri\\\/#primaryimage\"},\"thumbnailUrl\":\"https:\\\/\\\/archiviocassano.lavocedelpaese.info\\\/wp-content\\\/uploads\\\/2012\\\/01\\\/fondazione_maugeri.jpg\",\"articleSection\":[\"Attualit\u00e0\"],\"inLanguage\":\"it-IT\",\"potentialAction\":[{\"@type\":\"CommentAction\",\"name\":\"Comment\",\"target\":[\"https:\\\/\\\/archiviocassano.lavocedelpaese.info\\\/index.php\\\/2015\\\/02\\\/23\\\/cadute-in-ospedale-una-studio-della-fondazione-maugeri\\\/#respond\"]}]},{\"@type\":\"WebPage\",\"@id\":\"https:\\\/\\\/archiviocassano.lavocedelpaese.info\\\/index.php\\\/2015\\\/02\\\/23\\\/cadute-in-ospedale-una-studio-della-fondazione-maugeri\\\/\",\"url\":\"https:\\\/\\\/archiviocassano.lavocedelpaese.info\\\/index.php\\\/2015\\\/02\\\/23\\\/cadute-in-ospedale-una-studio-della-fondazione-maugeri\\\/\",\"name\":\"Cadute in ospedale, una studio della \\\"S. Maugeri\\\" - Archivio CassanoWeb\",\"isPartOf\":{\"@id\":\"https:\\\/\\\/archiviocassano.lavocedelpaese.info\\\/#website\"},\"primaryImageOfPage\":{\"@id\":\"https:\\\/\\\/archiviocassano.lavocedelpaese.info\\\/index.php\\\/2015\\\/02\\\/23\\\/cadute-in-ospedale-una-studio-della-fondazione-maugeri\\\/#primaryimage\"},\"image\":{\"@id\":\"https:\\\/\\\/archiviocassano.lavocedelpaese.info\\\/index.php\\\/2015\\\/02\\\/23\\\/cadute-in-ospedale-una-studio-della-fondazione-maugeri\\\/#primaryimage\"},\"thumbnailUrl\":\"https:\\\/\\\/archiviocassano.lavocedelpaese.info\\\/wp-content\\\/uploads\\\/2012\\\/01\\\/fondazione_maugeri.jpg\",\"datePublished\":\"2015-02-23T08:25:32+00:00\",\"breadcrumb\":{\"@id\":\"https:\\\/\\\/archiviocassano.lavocedelpaese.info\\\/index.php\\\/2015\\\/02\\\/23\\\/cadute-in-ospedale-una-studio-della-fondazione-maugeri\\\/#breadcrumb\"},\"inLanguage\":\"it-IT\",\"potentialAction\":[{\"@type\":\"ReadAction\",\"target\":[\"https:\\\/\\\/archiviocassano.lavocedelpaese.info\\\/index.php\\\/2015\\\/02\\\/23\\\/cadute-in-ospedale-una-studio-della-fondazione-maugeri\\\/\"]}]},{\"@type\":\"ImageObject\",\"inLanguage\":\"it-IT\",\"@id\":\"https:\\\/\\\/archiviocassano.lavocedelpaese.info\\\/index.php\\\/2015\\\/02\\\/23\\\/cadute-in-ospedale-una-studio-della-fondazione-maugeri\\\/#primaryimage\",\"url\":\"https:\\\/\\\/archiviocassano.lavocedelpaese.info\\\/wp-content\\\/uploads\\\/2012\\\/01\\\/fondazione_maugeri.jpg\",\"contentUrl\":\"https:\\\/\\\/archiviocassano.lavocedelpaese.info\\\/wp-content\\\/uploads\\\/2012\\\/01\\\/fondazione_maugeri.jpg\",\"width\":640,\"height\":300,\"caption\":\"fondazione maugeri\"},{\"@type\":\"BreadcrumbList\",\"@id\":\"https:\\\/\\\/archiviocassano.lavocedelpaese.info\\\/index.php\\\/2015\\\/02\\\/23\\\/cadute-in-ospedale-una-studio-della-fondazione-maugeri\\\/#breadcrumb\",\"itemListElement\":[{\"@type\":\"ListItem\",\"position\":1,\"name\":\"Home\",\"item\":\"https:\\\/\\\/archiviocassano.lavocedelpaese.info\\\/\"},{\"@type\":\"ListItem\",\"position\":2,\"name\":\"Cadute in ospedale, una studio della &#8220;S. Maugeri&#8221;\"}]},{\"@type\":\"WebSite\",\"@id\":\"https:\\\/\\\/archiviocassano.lavocedelpaese.info\\\/#website\",\"url\":\"https:\\\/\\\/archiviocassano.lavocedelpaese.info\\\/\",\"name\":\"Archivio CassanoWeb\",\"description\":\"La Voce del Paese - un network di idee\",\"publisher\":{\"@id\":\"https:\\\/\\\/archiviocassano.lavocedelpaese.info\\\/#organization\"},\"potentialAction\":[{\"@type\":\"SearchAction\",\"target\":{\"@type\":\"EntryPoint\",\"urlTemplate\":\"https:\\\/\\\/archiviocassano.lavocedelpaese.info\\\/?s={search_term_string}\"},\"query-input\":{\"@type\":\"PropertyValueSpecification\",\"valueRequired\":true,\"valueName\":\"search_term_string\"}}],\"inLanguage\":\"it-IT\"},{\"@type\":\"Organization\",\"@id\":\"https:\\\/\\\/archiviocassano.lavocedelpaese.info\\\/#organization\",\"name\":\"Archivio CassanoWeb\",\"url\":\"https:\\\/\\\/archiviocassano.lavocedelpaese.info\\\/\",\"logo\":{\"@type\":\"ImageObject\",\"inLanguage\":\"it-IT\",\"@id\":\"https:\\\/\\\/archiviocassano.lavocedelpaese.info\\\/#\\\/schema\\\/logo\\\/image\\\/\",\"url\":\"https:\\\/\\\/archiviocassano.lavocedelpaese.info\\\/wp-content\\\/uploads\\\/2024\\\/08\\\/logo-rosso-2.png\",\"contentUrl\":\"https:\\\/\\\/archiviocassano.lavocedelpaese.info\\\/wp-content\\\/uploads\\\/2024\\\/08\\\/logo-rosso-2.png\",\"width\":491,\"height\":432,\"caption\":\"Archivio CassanoWeb\"},\"image\":{\"@id\":\"https:\\\/\\\/archiviocassano.lavocedelpaese.info\\\/#\\\/schema\\\/logo\\\/image\\\/\"},\"sameAs\":[\"https:\\\/\\\/www.facebook.com\\\/redazione.cassanoweb\"]},{\"@type\":\"Person\",\"@id\":\"https:\\\/\\\/archiviocassano.lavocedelpaese.info\\\/#\\\/schema\\\/person\\\/df195bc79a9b4c35127cf005f92e041b\",\"name\":\"admin\",\"image\":{\"@type\":\"ImageObject\",\"inLanguage\":\"it-IT\",\"@id\":\"https:\\\/\\\/secure.gravatar.com\\\/avatar\\\/eabba89a432e8eaa1b0207cc55f7e5340b22712b1ed80677efcf63e02ff5b235?s=96&d=mm&r=g\",\"url\":\"https:\\\/\\\/secure.gravatar.com\\\/avatar\\\/eabba89a432e8eaa1b0207cc55f7e5340b22712b1ed80677efcf63e02ff5b235?s=96&d=mm&r=g\",\"contentUrl\":\"https:\\\/\\\/secure.gravatar.com\\\/avatar\\\/eabba89a432e8eaa1b0207cc55f7e5340b22712b1ed80677efcf63e02ff5b235?s=96&d=mm&r=g\",\"caption\":\"admin\"},\"sameAs\":[\"https:\\\/\\\/archiviocassano.lavocedelpaese.info\"],\"url\":\"https:\\\/\\\/archiviocassano.lavocedelpaese.info\\\/index.php\\\/author\\\/admin_0qgz1xdp\\\/\"}]}<\/script>\n<!-- \/ Yoast SEO plugin. -->","yoast_head_json":{"title":"Cadute in ospedale, una studio della \"S. Maugeri\" - Archivio CassanoWeb","robots":{"index":"index","follow":"follow","max-snippet":"max-snippet:-1","max-image-preview":"max-image-preview:large","max-video-preview":"max-video-preview:-1"},"canonical":"https:\/\/archiviocassano.lavocedelpaese.info\/index.php\/2015\/02\/23\/cadute-in-ospedale-una-studio-della-fondazione-maugeri\/","og_locale":"it_IT","og_type":"article","og_title":"Cadute in ospedale, una studio della \"S. Maugeri\" - Archivio CassanoWeb","og_url":"https:\/\/archiviocassano.lavocedelpaese.info\/index.php\/2015\/02\/23\/cadute-in-ospedale-una-studio-della-fondazione-maugeri\/","og_site_name":"Archivio CassanoWeb","article_publisher":"https:\/\/www.facebook.com\/redazione.cassanoweb","article_published_time":"2015-02-23T08:25:32+00:00","og_image":[{"width":640,"height":300,"url":"https:\/\/archiviocassano.lavocedelpaese.info\/wp-content\/uploads\/2012\/01\/fondazione_maugeri.jpg","type":"image\/jpeg"}],"author":"admin","twitter_card":"summary_large_image","twitter_misc":{"Scritto da":"admin","Tempo di lettura stimato":"4 minuti"},"schema":{"@context":"https:\/\/schema.org","@graph":[{"@type":"Article","@id":"https:\/\/archiviocassano.lavocedelpaese.info\/index.php\/2015\/02\/23\/cadute-in-ospedale-una-studio-della-fondazione-maugeri\/#article","isPartOf":{"@id":"https:\/\/archiviocassano.lavocedelpaese.info\/index.php\/2015\/02\/23\/cadute-in-ospedale-una-studio-della-fondazione-maugeri\/"},"author":{"name":"admin","@id":"https:\/\/archiviocassano.lavocedelpaese.info\/#\/schema\/person\/df195bc79a9b4c35127cf005f92e041b"},"headline":"Cadute in ospedale, una studio della &#8220;S. Maugeri&#8221;","datePublished":"2015-02-23T08:25:32+00:00","mainEntityOfPage":{"@id":"https:\/\/archiviocassano.lavocedelpaese.info\/index.php\/2015\/02\/23\/cadute-in-ospedale-una-studio-della-fondazione-maugeri\/"},"wordCount":780,"commentCount":0,"publisher":{"@id":"https:\/\/archiviocassano.lavocedelpaese.info\/#organization"},"image":{"@id":"https:\/\/archiviocassano.lavocedelpaese.info\/index.php\/2015\/02\/23\/cadute-in-ospedale-una-studio-della-fondazione-maugeri\/#primaryimage"},"thumbnailUrl":"https:\/\/archiviocassano.lavocedelpaese.info\/wp-content\/uploads\/2012\/01\/fondazione_maugeri.jpg","articleSection":["Attualit\u00e0"],"inLanguage":"it-IT","potentialAction":[{"@type":"CommentAction","name":"Comment","target":["https:\/\/archiviocassano.lavocedelpaese.info\/index.php\/2015\/02\/23\/cadute-in-ospedale-una-studio-della-fondazione-maugeri\/#respond"]}]},{"@type":"WebPage","@id":"https:\/\/archiviocassano.lavocedelpaese.info\/index.php\/2015\/02\/23\/cadute-in-ospedale-una-studio-della-fondazione-maugeri\/","url":"https:\/\/archiviocassano.lavocedelpaese.info\/index.php\/2015\/02\/23\/cadute-in-ospedale-una-studio-della-fondazione-maugeri\/","name":"Cadute in ospedale, una studio della \"S. Maugeri\" - Archivio CassanoWeb","isPartOf":{"@id":"https:\/\/archiviocassano.lavocedelpaese.info\/#website"},"primaryImageOfPage":{"@id":"https:\/\/archiviocassano.lavocedelpaese.info\/index.php\/2015\/02\/23\/cadute-in-ospedale-una-studio-della-fondazione-maugeri\/#primaryimage"},"image":{"@id":"https:\/\/archiviocassano.lavocedelpaese.info\/index.php\/2015\/02\/23\/cadute-in-ospedale-una-studio-della-fondazione-maugeri\/#primaryimage"},"thumbnailUrl":"https:\/\/archiviocassano.lavocedelpaese.info\/wp-content\/uploads\/2012\/01\/fondazione_maugeri.jpg","datePublished":"2015-02-23T08:25:32+00:00","breadcrumb":{"@id":"https:\/\/archiviocassano.lavocedelpaese.info\/index.php\/2015\/02\/23\/cadute-in-ospedale-una-studio-della-fondazione-maugeri\/#breadcrumb"},"inLanguage":"it-IT","potentialAction":[{"@type":"ReadAction","target":["https:\/\/archiviocassano.lavocedelpaese.info\/index.php\/2015\/02\/23\/cadute-in-ospedale-una-studio-della-fondazione-maugeri\/"]}]},{"@type":"ImageObject","inLanguage":"it-IT","@id":"https:\/\/archiviocassano.lavocedelpaese.info\/index.php\/2015\/02\/23\/cadute-in-ospedale-una-studio-della-fondazione-maugeri\/#primaryimage","url":"https:\/\/archiviocassano.lavocedelpaese.info\/wp-content\/uploads\/2012\/01\/fondazione_maugeri.jpg","contentUrl":"https:\/\/archiviocassano.lavocedelpaese.info\/wp-content\/uploads\/2012\/01\/fondazione_maugeri.jpg","width":640,"height":300,"caption":"fondazione maugeri"},{"@type":"BreadcrumbList","@id":"https:\/\/archiviocassano.lavocedelpaese.info\/index.php\/2015\/02\/23\/cadute-in-ospedale-una-studio-della-fondazione-maugeri\/#breadcrumb","itemListElement":[{"@type":"ListItem","position":1,"name":"Home","item":"https:\/\/archiviocassano.lavocedelpaese.info\/"},{"@type":"ListItem","position":2,"name":"Cadute in ospedale, una studio della &#8220;S. Maugeri&#8221;"}]},{"@type":"WebSite","@id":"https:\/\/archiviocassano.lavocedelpaese.info\/#website","url":"https:\/\/archiviocassano.lavocedelpaese.info\/","name":"Archivio CassanoWeb","description":"La Voce del Paese - un network di idee","publisher":{"@id":"https:\/\/archiviocassano.lavocedelpaese.info\/#organization"},"potentialAction":[{"@type":"SearchAction","target":{"@type":"EntryPoint","urlTemplate":"https:\/\/archiviocassano.lavocedelpaese.info\/?s={search_term_string}"},"query-input":{"@type":"PropertyValueSpecification","valueRequired":true,"valueName":"search_term_string"}}],"inLanguage":"it-IT"},{"@type":"Organization","@id":"https:\/\/archiviocassano.lavocedelpaese.info\/#organization","name":"Archivio CassanoWeb","url":"https:\/\/archiviocassano.lavocedelpaese.info\/","logo":{"@type":"ImageObject","inLanguage":"it-IT","@id":"https:\/\/archiviocassano.lavocedelpaese.info\/#\/schema\/logo\/image\/","url":"https:\/\/archiviocassano.lavocedelpaese.info\/wp-content\/uploads\/2024\/08\/logo-rosso-2.png","contentUrl":"https:\/\/archiviocassano.lavocedelpaese.info\/wp-content\/uploads\/2024\/08\/logo-rosso-2.png","width":491,"height":432,"caption":"Archivio CassanoWeb"},"image":{"@id":"https:\/\/archiviocassano.lavocedelpaese.info\/#\/schema\/logo\/image\/"},"sameAs":["https:\/\/www.facebook.com\/redazione.cassanoweb"]},{"@type":"Person","@id":"https:\/\/archiviocassano.lavocedelpaese.info\/#\/schema\/person\/df195bc79a9b4c35127cf005f92e041b","name":"admin","image":{"@type":"ImageObject","inLanguage":"it-IT","@id":"https:\/\/secure.gravatar.com\/avatar\/eabba89a432e8eaa1b0207cc55f7e5340b22712b1ed80677efcf63e02ff5b235?s=96&d=mm&r=g","url":"https:\/\/secure.gravatar.com\/avatar\/eabba89a432e8eaa1b0207cc55f7e5340b22712b1ed80677efcf63e02ff5b235?s=96&d=mm&r=g","contentUrl":"https:\/\/secure.gravatar.com\/avatar\/eabba89a432e8eaa1b0207cc55f7e5340b22712b1ed80677efcf63e02ff5b235?s=96&d=mm&r=g","caption":"admin"},"sameAs":["https:\/\/archiviocassano.lavocedelpaese.info"],"url":"https:\/\/archiviocassano.lavocedelpaese.info\/index.php\/author\/admin_0qgz1xdp\/"}]}},"_links":{"self":[{"href":"https:\/\/archiviocassano.lavocedelpaese.info\/index.php\/wp-json\/wp\/v2\/posts\/10461","targetHints":{"allow":["GET"]}}],"collection":[{"href":"https:\/\/archiviocassano.lavocedelpaese.info\/index.php\/wp-json\/wp\/v2\/posts"}],"about":[{"href":"https:\/\/archiviocassano.lavocedelpaese.info\/index.php\/wp-json\/wp\/v2\/types\/post"}],"author":[{"embeddable":true,"href":"https:\/\/archiviocassano.lavocedelpaese.info\/index.php\/wp-json\/wp\/v2\/users\/1"}],"replies":[{"embeddable":true,"href":"https:\/\/archiviocassano.lavocedelpaese.info\/index.php\/wp-json\/wp\/v2\/comments?post=10461"}],"version-history":[{"count":0,"href":"https:\/\/archiviocassano.lavocedelpaese.info\/index.php\/wp-json\/wp\/v2\/posts\/10461\/revisions"}],"wp:featuredmedia":[{"embeddable":true,"href":"https:\/\/archiviocassano.lavocedelpaese.info\/index.php\/wp-json\/wp\/v2\/media\/5068"}],"wp:attachment":[{"href":"https:\/\/archiviocassano.lavocedelpaese.info\/index.php\/wp-json\/wp\/v2\/media?parent=10461"}],"wp:term":[{"taxonomy":"category","embeddable":true,"href":"https:\/\/archiviocassano.lavocedelpaese.info\/index.php\/wp-json\/wp\/v2\/categories?post=10461"},{"taxonomy":"post_tag","embeddable":true,"href":"https:\/\/archiviocassano.lavocedelpaese.info\/index.php\/wp-json\/wp\/v2\/tags?post=10461"}],"curies":[{"name":"wp","href":"https:\/\/api.w.org\/{rel}","templated":true}]}}