{"id":10521,"date":"2015-03-08T07:42:12","date_gmt":"2015-03-08T07:42:12","guid":{"rendered":"https:\/\/archiviocassano.lavocedelpaese.info\/index.php\/2015\/03\/08\/festa-della-donna-che-generedi-festa\/"},"modified":"2015-03-08T07:42:12","modified_gmt":"2015-03-08T07:42:12","slug":"festa-della-donna-che-generedi-festa","status":"publish","type":"post","link":"https:\/\/archiviocassano.lavocedelpaese.info\/index.php\/2015\/03\/08\/festa-della-donna-che-generedi-festa\/","title":{"rendered":"Festa della donna: che genere\u2026di festa?"},"content":{"rendered":"<p style=\"text-align: justify;\"><img loading=\"lazy\" decoding=\"async\" class=\" size-full wp-image-10520\" src=\"https:\/\/archiviocassano.lavocedelpaese.info\/wp-content\/uploads\/2015\/03\/festa_donne_con_mimosa.jpg\" width=\"320\" height=\"150\" alt=\"festa donne con mimosa\" \/><\/p>\n<p><!--more--><\/p>\n<p>Domenica, 8 marzo, festa della donna.<\/p>\n<p style=\"text-align: justify;\">In tutta Italia saranno soprattutto le operatrici dei centri antiviolenza a rimboccarsi le maniche per organizzare diversi momenti di confronto sul loro lavoro e sulla loro esperienza con le donne vittime di violenza.<\/p>\n<p style=\"text-align: justify;\">Ebbene, come operatrice del Centro di primo ascolto per le donne vittime di violenza di genere di Cassano delle Murge, servizio gratuito offerto dall\u2019associazione No More \u2013 Difesa donna che rappresento, vorrei riportare la mia esperienza, vorrei offrire qualche spunto di riflessione sul sentirsi donna oggi.<\/p>\n<p style=\"text-align: justify;\">La metodologia di accoglienza del Centro, \u00e8 basata sulla relazione tra donne. Ci sono donne che accolgono altre donne. E\u2019 una relazione simbiotica, significa specchiarsi in sentimenti, paure, debolezze e fragilit\u00e0 che accomunano tutte le donne. Anche quelle che non sono vittime di violenza di genere.<\/p>\n<p style=\"text-align: justify;\">Ma che cosa \u00e8 la violenza di genere? Violenza di genere significa violenza contro il genere donna. Violenza contro la donna <strong>perch\u00e9<\/strong> donna. Quindi dimentichiamo la parola RAPTUS. Diremo donna uccisa da un uomo e non da un raptus. Lotta alla violenza di genere significa, allora, lottare e intervenire per un cambiamento culturale che finalmente non veda pi\u00f9 la donna sottomessa all\u2019uomo, che non veda pi\u00f9 la donna posta su un gradino inferiore rispetto a quello su cui si pone l\u2019uomo.<\/p>\n<p style=\"text-align: justify;\">La violenza \u00e8 figlia di una cultura patriarcale, maschilista. Per questo la violenza contro le donne non \u00e8 conflittualit\u00e0. Non \u00e8 divergenza di opinioni. Violenza contro le donne \u00e8 <strong>privazione della libert\u00e0.<\/strong><\/p>\n<p style=\"text-align: justify;\">Ebbene, in un epoca in cui i media cavalcano l\u2019onda del fenomeno (?) femminicidio, in cui tra le grigie mura della politica si discute di quote rosa, di legge elettorale del \u201c50\/50\u201d, di grammatica di genere, mi sono chiesta: di cosa ha bisogno la donna, oggi? Di una giornata preconfezionata dipinta di giallo? O piuttosto della parit\u00e0 di opportunit\u00e0? E mi sono chiesta: ma perch\u00e9, non siamo (ancora) uguali? Gli uomini sono tutti maschilisti?<\/p>\n<p style=\"text-align: justify;\">Da quando mi occupo di violenza e di questioni di genere, ho cominciato a nutrire un certo disagio nel relazionarmi con l\u2019otto marzo, festa della donna. Perch\u00e9, \u00e8 chiaro, il mio pensiero va a loro, a quelle donne che ancora stanno nella violenza. E quindi questa \u201cfesta\u201d per me assume il sapore del superfluo, della corsa al regalo, del commerciale.<\/p>\n<p style=\"text-align: justify;\">Uso volutamente l\u2019espressione \u201cFesta della donna\u201d e non \u201cGiornata internazionale della donna\u201d per sottolineare come, nell\u2019immaginario comune, questa sia spesso percepita appunto come una festa (serate rigorosamente tra donne) e non come un reale e intenso momento di riflessione sulle condizioni passate e attuali della donna.<\/p>\n<p style=\"text-align: justify;\">Ma la vera domanda \u00e8: \u201cPerch\u00e9 c\u2019\u00e8 bisogno di una festa della donna?\u201d<\/p>\n<p style=\"text-align: justify;\">Risposta: probabilmente si ha l\u2019impressione che l\u2019uomo venga \u201cfesteggiato\u201d quotidianamente ed allora, prendiamoci almeno un giorno per festeggiare noi stesse..(e che cavolo!)<\/p>\n<p style=\"text-align: justify;\">Perch\u00e9 l\u2019essere femmina, spesso ci ha costrette a limitarci e a non esprimerci al meglio perch\u00e9 la societ\u00e0 (maschile) non ce lo ha permesso.<\/p>\n<p style=\"text-align: justify;\">Quindi, adesso se dobbiamo esprimerci, dobbiamo farlo in tutto e per tutto e dunque rivoluzioniamo anche la grammatica!<\/p>\n<p style=\"text-align: justify;\">La presidente della Crusca nel 2013 ribadiva \u201cl\u2019opportunit\u00e0 di usare il genere grammaticale femminile per indicare ruoli istituzionali (<i>la ministra<\/i>,<i> la presidente<\/i>, <i>l\u2019assessora<\/i>,<i> la senatrice<\/i>,<i> la deputata<\/i> ecc.) e professioni alle quali l\u2019accesso \u00e8 normale per le donne solo da qualche decennio (<i>chirurga<\/i>, <i>avvocata<\/i> o <i>avvocatessa<\/i>, <i>architetta<\/i>, <i>magistrata<\/i> ecc.) cos\u00ec come del resto \u00e8 avvenuto per mestieri e professioni tradizionali (infermiera, maestra, operaia, attrice ecc.)\u201d.<\/p>\n<p style=\"text-align: justify;\">Ma per non sentirci discriminate questo non ci baster\u00e0, e quindi useremo l\u2019asterisco al posto della desinenza per indicare sia la forma maschile che femminile (es.: <i>tutt* al posto di tutte\/tutti; ragazz* al posto di ragazze\/ragazzi). <\/i><\/p>\n<p style=\"text-align: justify;\">Incomprensibilit\u00e0 del testo garantita, dico io.<\/p>\n<p style=\"text-align: justify;\">Ma abbiamo davvero bisogno della grammatica di genere? Delle quote rosa? Della legge elettorale del 50\/50? Delle \u201cnuove\u201d femministe?<\/p>\n<p style=\"text-align: justify;\">La vita delle donne italiane \u00e8 cambiata in meglio rispetto a trent\u2019anni fa. Basta ricordare le grandi conquiste del \u2018900&nbsp;e quanto le donne abbiano lottato per ottenere il diritto al lavoro, l\u2019accesso alle carriere, l\u2019abolizione del delitto d\u2019onore, l\u2019autodeterminazione rispetto al proprio corpo, il riconoscimento della violenza sessuale come reato contro la persona e non contro la morale.<\/p>\n<p style=\"text-align: justify;\">Ma adesso?<\/p>\n<p style=\"text-align: justify;\">Dobbiamo ancora lottare?<\/p>\n<p style=\"text-align: justify;\">Non solo per riaffermare diritti gi\u00e0 conquistati e spesso messi in discussione, ma soprattutto per ottenere la parit\u00e0 sostanziale?<\/p>\n<p style=\"text-align: justify;\">Ho l\u2019impressione che da luned\u00ec fino all\u20198 marzo del prossimo anno, staremo ancora a parlare di queste cose.<\/p>\n<p style=\"text-align: justify;\">Non voglio andare contro il mio stesso sesso, come a volte vengo semplicisticamente tacciata di fare per le mie riflessioni ad alta voce,&nbsp; ma credo che il troppo storpi e forse ne parliamo cos\u00ec tanto di parit\u00e0 di opportunit\u00e0 che stiamo rischiando di cadere nella autocelebrazione di noi stesse. E non meravigliamoci poi se accade quel che \u00e8 accaduto in Consiglio Regionale dove uomini di sinistra hanno affossato la legge elettorale della doppia preferenza tanto bramata dalle donne della sinistra.<\/p>\n<p style=\"text-align: justify;\">E mentre scrivo questo mi domando: ma perch\u00e9, esistono donne di sinistra e donne di destra? Non siamo tutte donne? Beh, certo! ma vedete, anche noi siamo diverse e non la pensiamo tutte alla stessa maniera. Scioccante eh?<\/p>\n<p style=\"text-align: justify;\">Ed allora, non me la sento, comunque, di \u201ccondannare\u201d le tante donne che in nome della \u201csorellanza\u201d oggi si ritroveranno davanti ad un bel bicchiere di vino a parlare dei loro mariti, dei loro fidanzati, del ragazzo da cui si lasciano corteggiare. Perch\u00e9 sar\u00e0 anche quello un momento di confronto, un momento per ritrovare se stesse, per dedicarsi solo a se stesse. Perch\u00e9\u2026mica parleranno di pari opportunit\u00e0!? Mica rifletteranno sulla loro condizione di essere donna!? Anzi! Vi dir\u00f2 di pi\u00f9! Anche quelle che quotidianamente lottano per la parit\u00e0 dei diritti, lo faranno! Ma ben venga dico io!<\/p>\n<p style=\"text-align: justify;\">Il mio pensiero invece va a tutte quelle donne che non saranno libere di farlo, perch\u00e9 vittime della tragedia invisibile della violenza domestica, vittime della privazione di quella libert\u00e0 che non ti consente neanche di pensare all\u2019otto marzo come ad un giorno diverso dagli altri e per le quali invece sar\u00e0 il solito giorno in cui le prenderai perch\u00e9 la pasta \u00e8 scotta, il posacenere sta su un tavolo piuttosto che su un altro, il bambino piange, stai guardando la tv stesa sul divano.<\/p>\n<p style=\"text-align: justify;\">Sar\u00e0 il solito giorno in cui ti chiederai a cosa serve un mazzo di fiori se poi il giorno prima eri in ospedale con il naso spaccato. In cui ti chiederai come pu\u00f2 l\u2019uomo che ami trattarti come un oggetto continuare ad abusare di te anche nel giorno della tua festa. E quindi al diavolo le 50 rose rosse. Al diavolo tutto.&nbsp; &nbsp;<\/p>\n<p style=\"text-align: justify;\">Il mio, il pensiero delle operatrice del Centro, va soprattutto a loro. Alle donne vittime di violenza.<\/p>\n<p style=\"text-align: justify;\">Che sia soprattutto la loro festa.<\/p>\n<p align=\"right\">Avvocato e Presidente dell\u2019Associazione<\/p>\n<p align=\"right\">\u201cNo More \u2013 Difesa Donna\u201d<\/p>\n<p>&nbsp;<\/p>\n","protected":false},"excerpt":{"rendered":"","protected":false},"author":1,"featured_media":10520,"comment_status":"open","ping_status":"closed","sticky":false,"template":"","format":"standard","meta":{"colormag_page_container_layout":"default_layout","colormag_page_sidebar_layout":"default_layout","footnotes":""},"categories":[6],"tags":[],"class_list":["post-10521","post","type-post","status-publish","format-standard","has-post-thumbnail","hentry","category-cultura"],"yoast_head":"<!-- This site is optimized with the Yoast SEO plugin v27.5 - https:\/\/yoast.com\/product\/yoast-seo-wordpress\/ -->\n<title>Festa della donna: che genere\u2026di festa? - Archivio CassanoWeb<\/title>\n<meta name=\"robots\" content=\"index, follow, max-snippet:-1, max-image-preview:large, max-video-preview:-1\" \/>\n<link rel=\"canonical\" href=\"https:\/\/archiviocassano.lavocedelpaese.info\/index.php\/2015\/03\/08\/festa-della-donna-che-generedi-festa\/\" \/>\n<meta property=\"og:locale\" content=\"it_IT\" \/>\n<meta property=\"og:type\" content=\"article\" \/>\n<meta property=\"og:title\" content=\"Festa della donna: che genere\u2026di festa? - Archivio CassanoWeb\" \/>\n<meta property=\"og:url\" content=\"https:\/\/archiviocassano.lavocedelpaese.info\/index.php\/2015\/03\/08\/festa-della-donna-che-generedi-festa\/\" \/>\n<meta property=\"og:site_name\" content=\"Archivio CassanoWeb\" \/>\n<meta property=\"article:publisher\" content=\"https:\/\/www.facebook.com\/redazione.cassanoweb\" \/>\n<meta property=\"article:published_time\" content=\"2015-03-08T07:42:12+00:00\" \/>\n<meta property=\"og:image\" content=\"https:\/\/archiviocassano.lavocedelpaese.info\/wp-content\/uploads\/2015\/03\/festa_donne_con_mimosa.jpg\" \/>\n\t<meta property=\"og:image:width\" content=\"620\" \/>\n\t<meta property=\"og:image:height\" content=\"438\" \/>\n\t<meta property=\"og:image:type\" content=\"image\/jpeg\" \/>\n<meta name=\"author\" content=\"admin\" \/>\n<meta name=\"twitter:card\" content=\"summary_large_image\" \/>\n<meta name=\"twitter:label1\" content=\"Scritto da\" \/>\n\t<meta name=\"twitter:data1\" content=\"admin\" \/>\n\t<meta name=\"twitter:label2\" content=\"Tempo di lettura stimato\" \/>\n\t<meta name=\"twitter:data2\" content=\"6 minuti\" \/>\n<script type=\"application\/ld+json\" class=\"yoast-schema-graph\">{\"@context\":\"https:\\\/\\\/schema.org\",\"@graph\":[{\"@type\":\"Article\",\"@id\":\"https:\\\/\\\/archiviocassano.lavocedelpaese.info\\\/index.php\\\/2015\\\/03\\\/08\\\/festa-della-donna-che-generedi-festa\\\/#article\",\"isPartOf\":{\"@id\":\"https:\\\/\\\/archiviocassano.lavocedelpaese.info\\\/index.php\\\/2015\\\/03\\\/08\\\/festa-della-donna-che-generedi-festa\\\/\"},\"author\":{\"name\":\"admin\",\"@id\":\"https:\\\/\\\/archiviocassano.lavocedelpaese.info\\\/#\\\/schema\\\/person\\\/df195bc79a9b4c35127cf005f92e041b\"},\"headline\":\"Festa della donna: che genere\u2026di festa?\",\"datePublished\":\"2015-03-08T07:42:12+00:00\",\"mainEntityOfPage\":{\"@id\":\"https:\\\/\\\/archiviocassano.lavocedelpaese.info\\\/index.php\\\/2015\\\/03\\\/08\\\/festa-della-donna-che-generedi-festa\\\/\"},\"wordCount\":1138,\"commentCount\":0,\"publisher\":{\"@id\":\"https:\\\/\\\/archiviocassano.lavocedelpaese.info\\\/#organization\"},\"image\":{\"@id\":\"https:\\\/\\\/archiviocassano.lavocedelpaese.info\\\/index.php\\\/2015\\\/03\\\/08\\\/festa-della-donna-che-generedi-festa\\\/#primaryimage\"},\"thumbnailUrl\":\"https:\\\/\\\/archiviocassano.lavocedelpaese.info\\\/wp-content\\\/uploads\\\/2015\\\/03\\\/festa_donne_con_mimosa.jpg\",\"articleSection\":[\"Cultura\"],\"inLanguage\":\"it-IT\",\"potentialAction\":[{\"@type\":\"CommentAction\",\"name\":\"Comment\",\"target\":[\"https:\\\/\\\/archiviocassano.lavocedelpaese.info\\\/index.php\\\/2015\\\/03\\\/08\\\/festa-della-donna-che-generedi-festa\\\/#respond\"]}]},{\"@type\":\"WebPage\",\"@id\":\"https:\\\/\\\/archiviocassano.lavocedelpaese.info\\\/index.php\\\/2015\\\/03\\\/08\\\/festa-della-donna-che-generedi-festa\\\/\",\"url\":\"https:\\\/\\\/archiviocassano.lavocedelpaese.info\\\/index.php\\\/2015\\\/03\\\/08\\\/festa-della-donna-che-generedi-festa\\\/\",\"name\":\"Festa della donna: che genere\u2026di festa? - Archivio CassanoWeb\",\"isPartOf\":{\"@id\":\"https:\\\/\\\/archiviocassano.lavocedelpaese.info\\\/#website\"},\"primaryImageOfPage\":{\"@id\":\"https:\\\/\\\/archiviocassano.lavocedelpaese.info\\\/index.php\\\/2015\\\/03\\\/08\\\/festa-della-donna-che-generedi-festa\\\/#primaryimage\"},\"image\":{\"@id\":\"https:\\\/\\\/archiviocassano.lavocedelpaese.info\\\/index.php\\\/2015\\\/03\\\/08\\\/festa-della-donna-che-generedi-festa\\\/#primaryimage\"},\"thumbnailUrl\":\"https:\\\/\\\/archiviocassano.lavocedelpaese.info\\\/wp-content\\\/uploads\\\/2015\\\/03\\\/festa_donne_con_mimosa.jpg\",\"datePublished\":\"2015-03-08T07:42:12+00:00\",\"breadcrumb\":{\"@id\":\"https:\\\/\\\/archiviocassano.lavocedelpaese.info\\\/index.php\\\/2015\\\/03\\\/08\\\/festa-della-donna-che-generedi-festa\\\/#breadcrumb\"},\"inLanguage\":\"it-IT\",\"potentialAction\":[{\"@type\":\"ReadAction\",\"target\":[\"https:\\\/\\\/archiviocassano.lavocedelpaese.info\\\/index.php\\\/2015\\\/03\\\/08\\\/festa-della-donna-che-generedi-festa\\\/\"]}]},{\"@type\":\"ImageObject\",\"inLanguage\":\"it-IT\",\"@id\":\"https:\\\/\\\/archiviocassano.lavocedelpaese.info\\\/index.php\\\/2015\\\/03\\\/08\\\/festa-della-donna-che-generedi-festa\\\/#primaryimage\",\"url\":\"https:\\\/\\\/archiviocassano.lavocedelpaese.info\\\/wp-content\\\/uploads\\\/2015\\\/03\\\/festa_donne_con_mimosa.jpg\",\"contentUrl\":\"https:\\\/\\\/archiviocassano.lavocedelpaese.info\\\/wp-content\\\/uploads\\\/2015\\\/03\\\/festa_donne_con_mimosa.jpg\",\"width\":620,\"height\":438,\"caption\":\"festa donne con mimosa\"},{\"@type\":\"BreadcrumbList\",\"@id\":\"https:\\\/\\\/archiviocassano.lavocedelpaese.info\\\/index.php\\\/2015\\\/03\\\/08\\\/festa-della-donna-che-generedi-festa\\\/#breadcrumb\",\"itemListElement\":[{\"@type\":\"ListItem\",\"position\":1,\"name\":\"Home\",\"item\":\"https:\\\/\\\/archiviocassano.lavocedelpaese.info\\\/\"},{\"@type\":\"ListItem\",\"position\":2,\"name\":\"Festa della donna: che genere\u2026di festa?\"}]},{\"@type\":\"WebSite\",\"@id\":\"https:\\\/\\\/archiviocassano.lavocedelpaese.info\\\/#website\",\"url\":\"https:\\\/\\\/archiviocassano.lavocedelpaese.info\\\/\",\"name\":\"Archivio CassanoWeb\",\"description\":\"La Voce del Paese - un network di idee\",\"publisher\":{\"@id\":\"https:\\\/\\\/archiviocassano.lavocedelpaese.info\\\/#organization\"},\"potentialAction\":[{\"@type\":\"SearchAction\",\"target\":{\"@type\":\"EntryPoint\",\"urlTemplate\":\"https:\\\/\\\/archiviocassano.lavocedelpaese.info\\\/?s={search_term_string}\"},\"query-input\":{\"@type\":\"PropertyValueSpecification\",\"valueRequired\":true,\"valueName\":\"search_term_string\"}}],\"inLanguage\":\"it-IT\"},{\"@type\":\"Organization\",\"@id\":\"https:\\\/\\\/archiviocassano.lavocedelpaese.info\\\/#organization\",\"name\":\"Archivio CassanoWeb\",\"url\":\"https:\\\/\\\/archiviocassano.lavocedelpaese.info\\\/\",\"logo\":{\"@type\":\"ImageObject\",\"inLanguage\":\"it-IT\",\"@id\":\"https:\\\/\\\/archiviocassano.lavocedelpaese.info\\\/#\\\/schema\\\/logo\\\/image\\\/\",\"url\":\"https:\\\/\\\/archiviocassano.lavocedelpaese.info\\\/wp-content\\\/uploads\\\/2024\\\/08\\\/logo-rosso-2.png\",\"contentUrl\":\"https:\\\/\\\/archiviocassano.lavocedelpaese.info\\\/wp-content\\\/uploads\\\/2024\\\/08\\\/logo-rosso-2.png\",\"width\":491,\"height\":432,\"caption\":\"Archivio CassanoWeb\"},\"image\":{\"@id\":\"https:\\\/\\\/archiviocassano.lavocedelpaese.info\\\/#\\\/schema\\\/logo\\\/image\\\/\"},\"sameAs\":[\"https:\\\/\\\/www.facebook.com\\\/redazione.cassanoweb\"]},{\"@type\":\"Person\",\"@id\":\"https:\\\/\\\/archiviocassano.lavocedelpaese.info\\\/#\\\/schema\\\/person\\\/df195bc79a9b4c35127cf005f92e041b\",\"name\":\"admin\",\"image\":{\"@type\":\"ImageObject\",\"inLanguage\":\"it-IT\",\"@id\":\"https:\\\/\\\/secure.gravatar.com\\\/avatar\\\/eabba89a432e8eaa1b0207cc55f7e5340b22712b1ed80677efcf63e02ff5b235?s=96&d=mm&r=g\",\"url\":\"https:\\\/\\\/secure.gravatar.com\\\/avatar\\\/eabba89a432e8eaa1b0207cc55f7e5340b22712b1ed80677efcf63e02ff5b235?s=96&d=mm&r=g\",\"contentUrl\":\"https:\\\/\\\/secure.gravatar.com\\\/avatar\\\/eabba89a432e8eaa1b0207cc55f7e5340b22712b1ed80677efcf63e02ff5b235?s=96&d=mm&r=g\",\"caption\":\"admin\"},\"sameAs\":[\"https:\\\/\\\/archiviocassano.lavocedelpaese.info\"],\"url\":\"https:\\\/\\\/archiviocassano.lavocedelpaese.info\\\/index.php\\\/author\\\/admin_0qgz1xdp\\\/\"}]}<\/script>\n<!-- \/ Yoast SEO plugin. -->","yoast_head_json":{"title":"Festa della donna: che genere\u2026di festa? - Archivio CassanoWeb","robots":{"index":"index","follow":"follow","max-snippet":"max-snippet:-1","max-image-preview":"max-image-preview:large","max-video-preview":"max-video-preview:-1"},"canonical":"https:\/\/archiviocassano.lavocedelpaese.info\/index.php\/2015\/03\/08\/festa-della-donna-che-generedi-festa\/","og_locale":"it_IT","og_type":"article","og_title":"Festa della donna: che genere\u2026di festa? - Archivio CassanoWeb","og_url":"https:\/\/archiviocassano.lavocedelpaese.info\/index.php\/2015\/03\/08\/festa-della-donna-che-generedi-festa\/","og_site_name":"Archivio CassanoWeb","article_publisher":"https:\/\/www.facebook.com\/redazione.cassanoweb","article_published_time":"2015-03-08T07:42:12+00:00","og_image":[{"width":620,"height":438,"url":"https:\/\/archiviocassano.lavocedelpaese.info\/wp-content\/uploads\/2015\/03\/festa_donne_con_mimosa.jpg","type":"image\/jpeg"}],"author":"admin","twitter_card":"summary_large_image","twitter_misc":{"Scritto da":"admin","Tempo di lettura stimato":"6 minuti"},"schema":{"@context":"https:\/\/schema.org","@graph":[{"@type":"Article","@id":"https:\/\/archiviocassano.lavocedelpaese.info\/index.php\/2015\/03\/08\/festa-della-donna-che-generedi-festa\/#article","isPartOf":{"@id":"https:\/\/archiviocassano.lavocedelpaese.info\/index.php\/2015\/03\/08\/festa-della-donna-che-generedi-festa\/"},"author":{"name":"admin","@id":"https:\/\/archiviocassano.lavocedelpaese.info\/#\/schema\/person\/df195bc79a9b4c35127cf005f92e041b"},"headline":"Festa della donna: che genere\u2026di festa?","datePublished":"2015-03-08T07:42:12+00:00","mainEntityOfPage":{"@id":"https:\/\/archiviocassano.lavocedelpaese.info\/index.php\/2015\/03\/08\/festa-della-donna-che-generedi-festa\/"},"wordCount":1138,"commentCount":0,"publisher":{"@id":"https:\/\/archiviocassano.lavocedelpaese.info\/#organization"},"image":{"@id":"https:\/\/archiviocassano.lavocedelpaese.info\/index.php\/2015\/03\/08\/festa-della-donna-che-generedi-festa\/#primaryimage"},"thumbnailUrl":"https:\/\/archiviocassano.lavocedelpaese.info\/wp-content\/uploads\/2015\/03\/festa_donne_con_mimosa.jpg","articleSection":["Cultura"],"inLanguage":"it-IT","potentialAction":[{"@type":"CommentAction","name":"Comment","target":["https:\/\/archiviocassano.lavocedelpaese.info\/index.php\/2015\/03\/08\/festa-della-donna-che-generedi-festa\/#respond"]}]},{"@type":"WebPage","@id":"https:\/\/archiviocassano.lavocedelpaese.info\/index.php\/2015\/03\/08\/festa-della-donna-che-generedi-festa\/","url":"https:\/\/archiviocassano.lavocedelpaese.info\/index.php\/2015\/03\/08\/festa-della-donna-che-generedi-festa\/","name":"Festa della donna: che genere\u2026di festa? - Archivio CassanoWeb","isPartOf":{"@id":"https:\/\/archiviocassano.lavocedelpaese.info\/#website"},"primaryImageOfPage":{"@id":"https:\/\/archiviocassano.lavocedelpaese.info\/index.php\/2015\/03\/08\/festa-della-donna-che-generedi-festa\/#primaryimage"},"image":{"@id":"https:\/\/archiviocassano.lavocedelpaese.info\/index.php\/2015\/03\/08\/festa-della-donna-che-generedi-festa\/#primaryimage"},"thumbnailUrl":"https:\/\/archiviocassano.lavocedelpaese.info\/wp-content\/uploads\/2015\/03\/festa_donne_con_mimosa.jpg","datePublished":"2015-03-08T07:42:12+00:00","breadcrumb":{"@id":"https:\/\/archiviocassano.lavocedelpaese.info\/index.php\/2015\/03\/08\/festa-della-donna-che-generedi-festa\/#breadcrumb"},"inLanguage":"it-IT","potentialAction":[{"@type":"ReadAction","target":["https:\/\/archiviocassano.lavocedelpaese.info\/index.php\/2015\/03\/08\/festa-della-donna-che-generedi-festa\/"]}]},{"@type":"ImageObject","inLanguage":"it-IT","@id":"https:\/\/archiviocassano.lavocedelpaese.info\/index.php\/2015\/03\/08\/festa-della-donna-che-generedi-festa\/#primaryimage","url":"https:\/\/archiviocassano.lavocedelpaese.info\/wp-content\/uploads\/2015\/03\/festa_donne_con_mimosa.jpg","contentUrl":"https:\/\/archiviocassano.lavocedelpaese.info\/wp-content\/uploads\/2015\/03\/festa_donne_con_mimosa.jpg","width":620,"height":438,"caption":"festa donne con mimosa"},{"@type":"BreadcrumbList","@id":"https:\/\/archiviocassano.lavocedelpaese.info\/index.php\/2015\/03\/08\/festa-della-donna-che-generedi-festa\/#breadcrumb","itemListElement":[{"@type":"ListItem","position":1,"name":"Home","item":"https:\/\/archiviocassano.lavocedelpaese.info\/"},{"@type":"ListItem","position":2,"name":"Festa della donna: che genere\u2026di festa?"}]},{"@type":"WebSite","@id":"https:\/\/archiviocassano.lavocedelpaese.info\/#website","url":"https:\/\/archiviocassano.lavocedelpaese.info\/","name":"Archivio CassanoWeb","description":"La Voce del Paese - un network di idee","publisher":{"@id":"https:\/\/archiviocassano.lavocedelpaese.info\/#organization"},"potentialAction":[{"@type":"SearchAction","target":{"@type":"EntryPoint","urlTemplate":"https:\/\/archiviocassano.lavocedelpaese.info\/?s={search_term_string}"},"query-input":{"@type":"PropertyValueSpecification","valueRequired":true,"valueName":"search_term_string"}}],"inLanguage":"it-IT"},{"@type":"Organization","@id":"https:\/\/archiviocassano.lavocedelpaese.info\/#organization","name":"Archivio CassanoWeb","url":"https:\/\/archiviocassano.lavocedelpaese.info\/","logo":{"@type":"ImageObject","inLanguage":"it-IT","@id":"https:\/\/archiviocassano.lavocedelpaese.info\/#\/schema\/logo\/image\/","url":"https:\/\/archiviocassano.lavocedelpaese.info\/wp-content\/uploads\/2024\/08\/logo-rosso-2.png","contentUrl":"https:\/\/archiviocassano.lavocedelpaese.info\/wp-content\/uploads\/2024\/08\/logo-rosso-2.png","width":491,"height":432,"caption":"Archivio CassanoWeb"},"image":{"@id":"https:\/\/archiviocassano.lavocedelpaese.info\/#\/schema\/logo\/image\/"},"sameAs":["https:\/\/www.facebook.com\/redazione.cassanoweb"]},{"@type":"Person","@id":"https:\/\/archiviocassano.lavocedelpaese.info\/#\/schema\/person\/df195bc79a9b4c35127cf005f92e041b","name":"admin","image":{"@type":"ImageObject","inLanguage":"it-IT","@id":"https:\/\/secure.gravatar.com\/avatar\/eabba89a432e8eaa1b0207cc55f7e5340b22712b1ed80677efcf63e02ff5b235?s=96&d=mm&r=g","url":"https:\/\/secure.gravatar.com\/avatar\/eabba89a432e8eaa1b0207cc55f7e5340b22712b1ed80677efcf63e02ff5b235?s=96&d=mm&r=g","contentUrl":"https:\/\/secure.gravatar.com\/avatar\/eabba89a432e8eaa1b0207cc55f7e5340b22712b1ed80677efcf63e02ff5b235?s=96&d=mm&r=g","caption":"admin"},"sameAs":["https:\/\/archiviocassano.lavocedelpaese.info"],"url":"https:\/\/archiviocassano.lavocedelpaese.info\/index.php\/author\/admin_0qgz1xdp\/"}]}},"_links":{"self":[{"href":"https:\/\/archiviocassano.lavocedelpaese.info\/index.php\/wp-json\/wp\/v2\/posts\/10521","targetHints":{"allow":["GET"]}}],"collection":[{"href":"https:\/\/archiviocassano.lavocedelpaese.info\/index.php\/wp-json\/wp\/v2\/posts"}],"about":[{"href":"https:\/\/archiviocassano.lavocedelpaese.info\/index.php\/wp-json\/wp\/v2\/types\/post"}],"author":[{"embeddable":true,"href":"https:\/\/archiviocassano.lavocedelpaese.info\/index.php\/wp-json\/wp\/v2\/users\/1"}],"replies":[{"embeddable":true,"href":"https:\/\/archiviocassano.lavocedelpaese.info\/index.php\/wp-json\/wp\/v2\/comments?post=10521"}],"version-history":[{"count":0,"href":"https:\/\/archiviocassano.lavocedelpaese.info\/index.php\/wp-json\/wp\/v2\/posts\/10521\/revisions"}],"wp:featuredmedia":[{"embeddable":true,"href":"https:\/\/archiviocassano.lavocedelpaese.info\/index.php\/wp-json\/wp\/v2\/media\/10520"}],"wp:attachment":[{"href":"https:\/\/archiviocassano.lavocedelpaese.info\/index.php\/wp-json\/wp\/v2\/media?parent=10521"}],"wp:term":[{"taxonomy":"category","embeddable":true,"href":"https:\/\/archiviocassano.lavocedelpaese.info\/index.php\/wp-json\/wp\/v2\/categories?post=10521"},{"taxonomy":"post_tag","embeddable":true,"href":"https:\/\/archiviocassano.lavocedelpaese.info\/index.php\/wp-json\/wp\/v2\/tags?post=10521"}],"curies":[{"name":"wp","href":"https:\/\/api.w.org\/{rel}","templated":true}]}}