{"id":10693,"date":"2015-04-13T14:49:28","date_gmt":"2015-04-13T14:49:28","guid":{"rendered":"https:\/\/archiviocassano.lavocedelpaese.info\/index.php\/2015\/04\/13\/chi-sara-il-successore-della-marazia\/"},"modified":"2015-04-13T14:49:28","modified_gmt":"2015-04-13T14:49:28","slug":"chi-sara-il-successore-della-marazia","status":"publish","type":"post","link":"https:\/\/archiviocassano.lavocedelpaese.info\/index.php\/2015\/04\/13\/chi-sara-il-successore-della-marazia\/","title":{"rendered":"Chi sar\u00e0 il successore della Marazia?"},"content":{"rendered":"<p style=\"text-align: justify;\"><img loading=\"lazy\" decoding=\"async\" class=\" size-full wp-image-10692\" src=\"https:\/\/archiviocassano.lavocedelpaese.info\/wp-content\/uploads\/2015\/04\/Uomo_con_punto_interrogativo_copy.jpg\" alt=\"Uomo con punto interrogativo copy\" height=\"150\" width=\"320\" \/><\/p>\n<p><!--more--><\/p>\n<p>Si conoscer\u00e0 in questa settimana, forse gi\u00e0 mercoled\u00ec sera, il successore di Maria Luisa Marazia alla guida dell\u2019Assessorato comunale all\u2019Ambiente e Attivit\u00e0 Produttive, che la dottoressa veterinaria cassanese ha lasciato qualche giorno fa a poco pi\u00f9 di dieci mesi dalla nomina.<\/p>\n<p style=\"text-align: justify;\">La scelta, come legge prescrive, spetta al sindaco ma Lionetti non \u00e8 tipo da \u201cuomo solo al comando\u201d e dunque prima di nominare il nuovo assessore ha chiesto una riunione di maggioranza che dovrebbe tenersi in questi giorni.<\/p>\n<p style=\"text-align: justify;\">Ovviamente non si tratta di \u201cgenerosit\u00e0\u201d, da parte del sindaco, l\u2019ascoltare il gruppo di \u201cRinascita\u201d ma capire che aria tira fra le diverse anime della compagine amministrativa che governa il Comune.<\/p>\n<p style=\"text-align: justify;\">Che le dimissioni della Marazia potessero portare qualche grana non gradita lo dice il fatto che da almeno due-tre mesi l\u2019assessore voleva lasciare: prima solo il settore \u201cAmbiente\u201d (leggi: rifiuti) poi tutta la delega ma le pressioni di Lionetti ad attendere, ad aspettare avevano funzionato.<\/p>\n<p style=\"text-align: justify;\">Fino all\u2019altro giorno.<\/p>\n<p style=\"text-align: justify;\">L\u2019addio alla Giunta della Marazia, infatti, non sono problematiche in s\u00e9 quanto per l\u2019avvicendamento che ne scaturisce.<\/p>\n<p style=\"text-align: justify;\">Chi nominare al suo posto?<\/p>\n<p style=\"text-align: justify;\">Ogni scelta ha alla base un criterio. In questo caso i criteri sono diversi a disposizione del Sindaco.<\/p>\n<p style=\"text-align: justify;\"><strong>Il criterio dei voti<\/strong> <strong>raccolti.<\/strong> Se si dovesse scegliere questo criterio, ovvero fa l\u2019assessore chi ha preso pi\u00f9 voti nelle elezioni del 25 maggio scorso, il nuovo assessore dovrebbe essere <strong>Alessandro Greco<\/strong> che con 324 preferenze \u00e8 il primo dei consiglieri ancora \u201cliberi\u201d ovvero senza alcun incarico di governo. Un criterio che il Sindaco ha adottato nel comporre la Giunta, lo scorso giugno, chiamando al Governo i pi\u00f9 suffragati, che potrebbe confermare.<\/p>\n<p style=\"text-align: justify;\"><strong>Il criterio delle competenze. <\/strong>&nbsp;Mettere una persona competente al posto giusto \u00e8 un altro dei criteri possibili. Greco non avrebbe, in questo caso, possibilit\u00e0 avendo una formazione umanistica e non tecnica, necessaria per capirne di rifiuti e attivit\u00e0 produttive nonch\u00e9 commercio. In questo caso il favorito potrebbe essere <strong>Michele Maiullaro, <\/strong>operatore commerciale, artigiano e rappresentante di artigiani, che rappresenta il Comune nel Gruppo di Azione Locale della nostra zona dunque sicuramente pi\u00f9 addentro alla materia \u201cimprenditoriale\u201d (meno in quella dei \u201crifiuti\u201d).<\/p>\n<p style=\"text-align: justify;\"><strong>Il criterio politico.<\/strong> L\u2019equilibrio politico all\u2019interno di una Giunta e di un Consiglio Comunale non sono da escludere cos\u00ec facilmente. Tenere conto di ogni sensibilit\u00e0 esistente all\u2019interno di una variegata compagine come \u201cRinascita\u201d (unita, comunque, dal collante dell\u2019essere di centrosinistra) \u00e8 importante per il proseguo della legislatura che non ha ancora un anno di vita. Seguendo questo criterio, per\u00f2, le scelte potrebbero essere diverse.<\/p>\n<p style=\"text-align: justify;\">Favorito, ancora, sarebbe Michele Maiullaro dato che \u2013 come la Marazia \u2013 rappresenta in Consiglio \u201cRealt\u00e0 Italia\u201d, il movimento che a livello regionale fa capo ad Olivieri. Dunque se se ne va una di RI bisogna metterne un altro dello stesso partito.<\/p>\n<p style=\"text-align: justify;\">Ma non&nbsp; bisogna dimenticare cosa \u00e8 successo solo qualche mese fa.<\/p>\n<p style=\"text-align: justify;\">Dal novembre scorso, infatti, dal Pd (partito di maggioranza relativa in seno a \u201cRinascita\u201d) sono fuoriusciti due esponenti di peso ovvero l\u2019assessore <strong>Miriam De Grandi<\/strong> e il capogruppo <strong>Simeone Paparella<\/strong>; che hanno stretto un patto politico (le conseguenze le vedremo in Comune subito dopo le regionali di fine maggio) con RI (Marazia e Maiullaro) ed a cui strizza l\u2019occhio il vicesindaco <strong>Davide Del Re<\/strong>, ex SEL, in cerca di una collocazione politica.<\/p>\n<p style=\"text-align: justify;\">Quattro\/cinque consiglieri sono una forza consistente che potrebbe condizionare diverse scelte amministrative.<\/p>\n<p style=\"text-align: justify;\">E il Pd non pu\u00f2 permetterlo.<\/p>\n<p style=\"text-align: justify;\">Il partito del Segretario <strong>Davide Pignatale<\/strong> ha gi\u00e0 due rappresentanti in Giunta (lo stesso Segretario e la Battista) senza considerare Lionetti (che ha sempre deciso, per\u00f2, di astenersi&nbsp; volutamente dalle beghe di partito) ma questo non gli basta per stare tranquillo.<\/p>\n<p style=\"text-align: justify;\">Un primo segnale il Partito Democratico al Sindaco ci sembra lo abbia gi\u00e0 lanciato: venerd\u00ec scorso, alla presentazione del DPRU, non un solo rappresentante del Pd era presente, neppure quelli che fanno parte del Consiglio Comunale n\u00e9 del Direttivo. Eppure non si parlava di filosofia o poesia ma di fatti estremamente importanti per la vita amministrativa del paese.<\/p>\n<p style=\"text-align: justify;\">Si sa: in politica certe assenze sono pi\u00f9 eloquenti di molte presenze.<\/p>\n<p style=\"text-align: justify;\">Il candidato del Pd, allora, \u00e8 <strong>Michele Lopane<\/strong>, pi\u00f9 volte consigliere comunale e gi\u00e0 assessore con l\u2019amministrazione Gentile. Lopane rinuncerebbe volentieri alla nomina di consigliere delegato alla manutenzione che il Sindaco gli ha concesso qualche mese fa, per ricoprire un carica pi\u00f9 prestigiosa e remunerativa.<\/p>\n<p style=\"text-align: justify;\">La nomina di Lopane, per\u00f2, scontenterebbe Realt\u00e0 Italia e, contemporaneamente, irriterebbe Greco che si vedrebbe ancora una volta superato da chi arriva dalle retrovie delle preferenze, cosa gi\u00e0 successa con Rocco Capriulo eletto Presidente del Consiglio Comunale (anche se in quel caso si trattava di un patto pre-elettorale da rispettare).<\/p>\n<p style=\"text-align: justify;\">Nessun sindaco, se vuole governare pi\u00f9 o meno serenamente, pu\u00f2 accumulare tanti malumori con i quattro quinti della legislatura ancora dinanzi a s\u00e9.<\/p>\n<p style=\"text-align: justify;\">Che fare, dunque?<\/p>\n<p style=\"text-align: justify;\">Le strade da percorrere sembrano due, forse una.<\/p>\n<p style=\"text-align: justify;\">La prima, pi\u00f9 improbabile, quella di un incarico esterno, magari ad un giovane ingegnere ambientale che almeno teoricamente sa di cosa si parla quando si parla di rifiuti.&nbsp; Ammesso che ce ne sia uno che si accontenti di 1.254 euro (lordi) al mese, quant\u2019\u00e8, cio\u00e8, il compenso di un assessore del Comune di Cassano, che non sia lavoratore dipendente. Un assessore esterno scontenterebbe tutti coloro che hanno fatto una dura campagna elettorale e che hanno portato alla vittoria \u201cRinascita\u201d, senza sapere poi di vedersi sfilare dinanzi un esterno. Non \u00e8 un caso che negli ultimi venti anni di politica amministrativa cassanese, solo due (e contemporaneamente) sono stati gli assessori esterni in una Giunta Comunale ovvero Isa Tisci e Ignazio Zullo, a met\u00e0 degli anni \u201990: durarono poco pi\u00f9 di un anno, poi l\u2019allora sindaco Leporale li liquid\u00f2 per sostituirli con consiglieri eletti.<\/p>\n<p style=\"text-align: justify;\">L\u2019altra via sarebbe quella di un rimpasto generale delle deleghe, che andrebbero tutte azzerate, tirando dentro anche la carica di Presidente del Consiglio. In questo caso il sindaco ridisegnerebbe gli assessorati rispetto alle competenze dei consiglieri e li riassegnerebbe modificandole un po\u2019.<\/p>\n<p style=\"text-align: justify;\">Operazione che richiede abilit\u00e0 e destrezza nonch\u00e9 una grande fiducia da parte della maggioranza: quella che Lionetti andr\u00e0 a conquistarsi nella oramai imminente riunione a Palazzo di Citt\u00e0 dalla quale potrebbero uscire non poche novit\u00e0 nel \u201crisiko\u201d delle poltrone comunali.<\/p>\n<p>&nbsp;<\/p>\n<p>&nbsp;<\/p>\n","protected":false},"excerpt":{"rendered":"","protected":false},"author":1,"featured_media":10692,"comment_status":"open","ping_status":"closed","sticky":false,"template":"","format":"standard","meta":{"colormag_page_container_layout":"default_layout","colormag_page_sidebar_layout":"default_layout","footnotes":""},"categories":[4],"tags":[],"class_list":["post-10693","post","type-post","status-publish","format-standard","has-post-thumbnail","hentry","category-politica"],"yoast_head":"<!-- This site is optimized with the Yoast SEO plugin v27.5 - https:\/\/yoast.com\/product\/yoast-seo-wordpress\/ -->\n<title>Chi sar\u00e0 il successore della Marazia? - Archivio CassanoWeb<\/title>\n<meta name=\"robots\" content=\"index, follow, max-snippet:-1, max-image-preview:large, max-video-preview:-1\" \/>\n<link rel=\"canonical\" href=\"https:\/\/archiviocassano.lavocedelpaese.info\/index.php\/2015\/04\/13\/chi-sara-il-successore-della-marazia\/\" \/>\n<meta property=\"og:locale\" content=\"it_IT\" \/>\n<meta property=\"og:type\" content=\"article\" \/>\n<meta property=\"og:title\" content=\"Chi sar\u00e0 il successore della Marazia? - Archivio CassanoWeb\" \/>\n<meta property=\"og:url\" content=\"https:\/\/archiviocassano.lavocedelpaese.info\/index.php\/2015\/04\/13\/chi-sara-il-successore-della-marazia\/\" \/>\n<meta property=\"og:site_name\" content=\"Archivio CassanoWeb\" \/>\n<meta property=\"article:publisher\" content=\"https:\/\/www.facebook.com\/redazione.cassanoweb\" \/>\n<meta property=\"article:published_time\" content=\"2015-04-13T14:49:28+00:00\" \/>\n<meta property=\"og:image\" content=\"https:\/\/archiviocassano.lavocedelpaese.info\/wp-content\/uploads\/2015\/04\/Uomo_con_punto_interrogativo_copy.jpg\" \/>\n\t<meta property=\"og:image:width\" content=\"266\" \/>\n\t<meta property=\"og:image:height\" content=\"400\" \/>\n\t<meta property=\"og:image:type\" content=\"image\/jpeg\" \/>\n<meta name=\"author\" content=\"admin\" \/>\n<meta name=\"twitter:card\" content=\"summary_large_image\" \/>\n<meta name=\"twitter:label1\" content=\"Scritto da\" \/>\n\t<meta name=\"twitter:data1\" content=\"admin\" \/>\n\t<meta name=\"twitter:label2\" content=\"Tempo di lettura stimato\" \/>\n\t<meta name=\"twitter:data2\" content=\"5 minuti\" \/>\n<script type=\"application\/ld+json\" class=\"yoast-schema-graph\">{\"@context\":\"https:\\\/\\\/schema.org\",\"@graph\":[{\"@type\":\"Article\",\"@id\":\"https:\\\/\\\/archiviocassano.lavocedelpaese.info\\\/index.php\\\/2015\\\/04\\\/13\\\/chi-sara-il-successore-della-marazia\\\/#article\",\"isPartOf\":{\"@id\":\"https:\\\/\\\/archiviocassano.lavocedelpaese.info\\\/index.php\\\/2015\\\/04\\\/13\\\/chi-sara-il-successore-della-marazia\\\/\"},\"author\":{\"name\":\"admin\",\"@id\":\"https:\\\/\\\/archiviocassano.lavocedelpaese.info\\\/#\\\/schema\\\/person\\\/df195bc79a9b4c35127cf005f92e041b\"},\"headline\":\"Chi sar\u00e0 il successore della Marazia?\",\"datePublished\":\"2015-04-13T14:49:28+00:00\",\"mainEntityOfPage\":{\"@id\":\"https:\\\/\\\/archiviocassano.lavocedelpaese.info\\\/index.php\\\/2015\\\/04\\\/13\\\/chi-sara-il-successore-della-marazia\\\/\"},\"wordCount\":1039,\"commentCount\":0,\"publisher\":{\"@id\":\"https:\\\/\\\/archiviocassano.lavocedelpaese.info\\\/#organization\"},\"image\":{\"@id\":\"https:\\\/\\\/archiviocassano.lavocedelpaese.info\\\/index.php\\\/2015\\\/04\\\/13\\\/chi-sara-il-successore-della-marazia\\\/#primaryimage\"},\"thumbnailUrl\":\"https:\\\/\\\/archiviocassano.lavocedelpaese.info\\\/wp-content\\\/uploads\\\/2015\\\/04\\\/Uomo_con_punto_interrogativo_copy.jpg\",\"articleSection\":[\"Politica\"],\"inLanguage\":\"it-IT\",\"potentialAction\":[{\"@type\":\"CommentAction\",\"name\":\"Comment\",\"target\":[\"https:\\\/\\\/archiviocassano.lavocedelpaese.info\\\/index.php\\\/2015\\\/04\\\/13\\\/chi-sara-il-successore-della-marazia\\\/#respond\"]}]},{\"@type\":\"WebPage\",\"@id\":\"https:\\\/\\\/archiviocassano.lavocedelpaese.info\\\/index.php\\\/2015\\\/04\\\/13\\\/chi-sara-il-successore-della-marazia\\\/\",\"url\":\"https:\\\/\\\/archiviocassano.lavocedelpaese.info\\\/index.php\\\/2015\\\/04\\\/13\\\/chi-sara-il-successore-della-marazia\\\/\",\"name\":\"Chi sar\u00e0 il successore della Marazia? - Archivio CassanoWeb\",\"isPartOf\":{\"@id\":\"https:\\\/\\\/archiviocassano.lavocedelpaese.info\\\/#website\"},\"primaryImageOfPage\":{\"@id\":\"https:\\\/\\\/archiviocassano.lavocedelpaese.info\\\/index.php\\\/2015\\\/04\\\/13\\\/chi-sara-il-successore-della-marazia\\\/#primaryimage\"},\"image\":{\"@id\":\"https:\\\/\\\/archiviocassano.lavocedelpaese.info\\\/index.php\\\/2015\\\/04\\\/13\\\/chi-sara-il-successore-della-marazia\\\/#primaryimage\"},\"thumbnailUrl\":\"https:\\\/\\\/archiviocassano.lavocedelpaese.info\\\/wp-content\\\/uploads\\\/2015\\\/04\\\/Uomo_con_punto_interrogativo_copy.jpg\",\"datePublished\":\"2015-04-13T14:49:28+00:00\",\"breadcrumb\":{\"@id\":\"https:\\\/\\\/archiviocassano.lavocedelpaese.info\\\/index.php\\\/2015\\\/04\\\/13\\\/chi-sara-il-successore-della-marazia\\\/#breadcrumb\"},\"inLanguage\":\"it-IT\",\"potentialAction\":[{\"@type\":\"ReadAction\",\"target\":[\"https:\\\/\\\/archiviocassano.lavocedelpaese.info\\\/index.php\\\/2015\\\/04\\\/13\\\/chi-sara-il-successore-della-marazia\\\/\"]}]},{\"@type\":\"ImageObject\",\"inLanguage\":\"it-IT\",\"@id\":\"https:\\\/\\\/archiviocassano.lavocedelpaese.info\\\/index.php\\\/2015\\\/04\\\/13\\\/chi-sara-il-successore-della-marazia\\\/#primaryimage\",\"url\":\"https:\\\/\\\/archiviocassano.lavocedelpaese.info\\\/wp-content\\\/uploads\\\/2015\\\/04\\\/Uomo_con_punto_interrogativo_copy.jpg\",\"contentUrl\":\"https:\\\/\\\/archiviocassano.lavocedelpaese.info\\\/wp-content\\\/uploads\\\/2015\\\/04\\\/Uomo_con_punto_interrogativo_copy.jpg\",\"width\":266,\"height\":400,\"caption\":\"Uomo con punto interrogativo copy\"},{\"@type\":\"BreadcrumbList\",\"@id\":\"https:\\\/\\\/archiviocassano.lavocedelpaese.info\\\/index.php\\\/2015\\\/04\\\/13\\\/chi-sara-il-successore-della-marazia\\\/#breadcrumb\",\"itemListElement\":[{\"@type\":\"ListItem\",\"position\":1,\"name\":\"Home\",\"item\":\"https:\\\/\\\/archiviocassano.lavocedelpaese.info\\\/\"},{\"@type\":\"ListItem\",\"position\":2,\"name\":\"Chi sar\u00e0 il successore della Marazia?\"}]},{\"@type\":\"WebSite\",\"@id\":\"https:\\\/\\\/archiviocassano.lavocedelpaese.info\\\/#website\",\"url\":\"https:\\\/\\\/archiviocassano.lavocedelpaese.info\\\/\",\"name\":\"Archivio CassanoWeb\",\"description\":\"La Voce del Paese - un network di idee\",\"publisher\":{\"@id\":\"https:\\\/\\\/archiviocassano.lavocedelpaese.info\\\/#organization\"},\"potentialAction\":[{\"@type\":\"SearchAction\",\"target\":{\"@type\":\"EntryPoint\",\"urlTemplate\":\"https:\\\/\\\/archiviocassano.lavocedelpaese.info\\\/?s={search_term_string}\"},\"query-input\":{\"@type\":\"PropertyValueSpecification\",\"valueRequired\":true,\"valueName\":\"search_term_string\"}}],\"inLanguage\":\"it-IT\"},{\"@type\":\"Organization\",\"@id\":\"https:\\\/\\\/archiviocassano.lavocedelpaese.info\\\/#organization\",\"name\":\"Archivio CassanoWeb\",\"url\":\"https:\\\/\\\/archiviocassano.lavocedelpaese.info\\\/\",\"logo\":{\"@type\":\"ImageObject\",\"inLanguage\":\"it-IT\",\"@id\":\"https:\\\/\\\/archiviocassano.lavocedelpaese.info\\\/#\\\/schema\\\/logo\\\/image\\\/\",\"url\":\"https:\\\/\\\/archiviocassano.lavocedelpaese.info\\\/wp-content\\\/uploads\\\/2024\\\/08\\\/logo-rosso-2.png\",\"contentUrl\":\"https:\\\/\\\/archiviocassano.lavocedelpaese.info\\\/wp-content\\\/uploads\\\/2024\\\/08\\\/logo-rosso-2.png\",\"width\":491,\"height\":432,\"caption\":\"Archivio CassanoWeb\"},\"image\":{\"@id\":\"https:\\\/\\\/archiviocassano.lavocedelpaese.info\\\/#\\\/schema\\\/logo\\\/image\\\/\"},\"sameAs\":[\"https:\\\/\\\/www.facebook.com\\\/redazione.cassanoweb\"]},{\"@type\":\"Person\",\"@id\":\"https:\\\/\\\/archiviocassano.lavocedelpaese.info\\\/#\\\/schema\\\/person\\\/df195bc79a9b4c35127cf005f92e041b\",\"name\":\"admin\",\"image\":{\"@type\":\"ImageObject\",\"inLanguage\":\"it-IT\",\"@id\":\"https:\\\/\\\/secure.gravatar.com\\\/avatar\\\/eabba89a432e8eaa1b0207cc55f7e5340b22712b1ed80677efcf63e02ff5b235?s=96&d=mm&r=g\",\"url\":\"https:\\\/\\\/secure.gravatar.com\\\/avatar\\\/eabba89a432e8eaa1b0207cc55f7e5340b22712b1ed80677efcf63e02ff5b235?s=96&d=mm&r=g\",\"contentUrl\":\"https:\\\/\\\/secure.gravatar.com\\\/avatar\\\/eabba89a432e8eaa1b0207cc55f7e5340b22712b1ed80677efcf63e02ff5b235?s=96&d=mm&r=g\",\"caption\":\"admin\"},\"sameAs\":[\"https:\\\/\\\/archiviocassano.lavocedelpaese.info\"],\"url\":\"https:\\\/\\\/archiviocassano.lavocedelpaese.info\\\/index.php\\\/author\\\/admin_0qgz1xdp\\\/\"}]}<\/script>\n<!-- \/ Yoast SEO plugin. -->","yoast_head_json":{"title":"Chi sar\u00e0 il successore della Marazia? - Archivio CassanoWeb","robots":{"index":"index","follow":"follow","max-snippet":"max-snippet:-1","max-image-preview":"max-image-preview:large","max-video-preview":"max-video-preview:-1"},"canonical":"https:\/\/archiviocassano.lavocedelpaese.info\/index.php\/2015\/04\/13\/chi-sara-il-successore-della-marazia\/","og_locale":"it_IT","og_type":"article","og_title":"Chi sar\u00e0 il successore della Marazia? - Archivio CassanoWeb","og_url":"https:\/\/archiviocassano.lavocedelpaese.info\/index.php\/2015\/04\/13\/chi-sara-il-successore-della-marazia\/","og_site_name":"Archivio CassanoWeb","article_publisher":"https:\/\/www.facebook.com\/redazione.cassanoweb","article_published_time":"2015-04-13T14:49:28+00:00","og_image":[{"width":266,"height":400,"url":"https:\/\/archiviocassano.lavocedelpaese.info\/wp-content\/uploads\/2015\/04\/Uomo_con_punto_interrogativo_copy.jpg","type":"image\/jpeg"}],"author":"admin","twitter_card":"summary_large_image","twitter_misc":{"Scritto da":"admin","Tempo di lettura stimato":"5 minuti"},"schema":{"@context":"https:\/\/schema.org","@graph":[{"@type":"Article","@id":"https:\/\/archiviocassano.lavocedelpaese.info\/index.php\/2015\/04\/13\/chi-sara-il-successore-della-marazia\/#article","isPartOf":{"@id":"https:\/\/archiviocassano.lavocedelpaese.info\/index.php\/2015\/04\/13\/chi-sara-il-successore-della-marazia\/"},"author":{"name":"admin","@id":"https:\/\/archiviocassano.lavocedelpaese.info\/#\/schema\/person\/df195bc79a9b4c35127cf005f92e041b"},"headline":"Chi sar\u00e0 il successore della Marazia?","datePublished":"2015-04-13T14:49:28+00:00","mainEntityOfPage":{"@id":"https:\/\/archiviocassano.lavocedelpaese.info\/index.php\/2015\/04\/13\/chi-sara-il-successore-della-marazia\/"},"wordCount":1039,"commentCount":0,"publisher":{"@id":"https:\/\/archiviocassano.lavocedelpaese.info\/#organization"},"image":{"@id":"https:\/\/archiviocassano.lavocedelpaese.info\/index.php\/2015\/04\/13\/chi-sara-il-successore-della-marazia\/#primaryimage"},"thumbnailUrl":"https:\/\/archiviocassano.lavocedelpaese.info\/wp-content\/uploads\/2015\/04\/Uomo_con_punto_interrogativo_copy.jpg","articleSection":["Politica"],"inLanguage":"it-IT","potentialAction":[{"@type":"CommentAction","name":"Comment","target":["https:\/\/archiviocassano.lavocedelpaese.info\/index.php\/2015\/04\/13\/chi-sara-il-successore-della-marazia\/#respond"]}]},{"@type":"WebPage","@id":"https:\/\/archiviocassano.lavocedelpaese.info\/index.php\/2015\/04\/13\/chi-sara-il-successore-della-marazia\/","url":"https:\/\/archiviocassano.lavocedelpaese.info\/index.php\/2015\/04\/13\/chi-sara-il-successore-della-marazia\/","name":"Chi sar\u00e0 il successore della Marazia? - Archivio CassanoWeb","isPartOf":{"@id":"https:\/\/archiviocassano.lavocedelpaese.info\/#website"},"primaryImageOfPage":{"@id":"https:\/\/archiviocassano.lavocedelpaese.info\/index.php\/2015\/04\/13\/chi-sara-il-successore-della-marazia\/#primaryimage"},"image":{"@id":"https:\/\/archiviocassano.lavocedelpaese.info\/index.php\/2015\/04\/13\/chi-sara-il-successore-della-marazia\/#primaryimage"},"thumbnailUrl":"https:\/\/archiviocassano.lavocedelpaese.info\/wp-content\/uploads\/2015\/04\/Uomo_con_punto_interrogativo_copy.jpg","datePublished":"2015-04-13T14:49:28+00:00","breadcrumb":{"@id":"https:\/\/archiviocassano.lavocedelpaese.info\/index.php\/2015\/04\/13\/chi-sara-il-successore-della-marazia\/#breadcrumb"},"inLanguage":"it-IT","potentialAction":[{"@type":"ReadAction","target":["https:\/\/archiviocassano.lavocedelpaese.info\/index.php\/2015\/04\/13\/chi-sara-il-successore-della-marazia\/"]}]},{"@type":"ImageObject","inLanguage":"it-IT","@id":"https:\/\/archiviocassano.lavocedelpaese.info\/index.php\/2015\/04\/13\/chi-sara-il-successore-della-marazia\/#primaryimage","url":"https:\/\/archiviocassano.lavocedelpaese.info\/wp-content\/uploads\/2015\/04\/Uomo_con_punto_interrogativo_copy.jpg","contentUrl":"https:\/\/archiviocassano.lavocedelpaese.info\/wp-content\/uploads\/2015\/04\/Uomo_con_punto_interrogativo_copy.jpg","width":266,"height":400,"caption":"Uomo con punto interrogativo copy"},{"@type":"BreadcrumbList","@id":"https:\/\/archiviocassano.lavocedelpaese.info\/index.php\/2015\/04\/13\/chi-sara-il-successore-della-marazia\/#breadcrumb","itemListElement":[{"@type":"ListItem","position":1,"name":"Home","item":"https:\/\/archiviocassano.lavocedelpaese.info\/"},{"@type":"ListItem","position":2,"name":"Chi sar\u00e0 il successore della Marazia?"}]},{"@type":"WebSite","@id":"https:\/\/archiviocassano.lavocedelpaese.info\/#website","url":"https:\/\/archiviocassano.lavocedelpaese.info\/","name":"Archivio CassanoWeb","description":"La Voce del Paese - un network di idee","publisher":{"@id":"https:\/\/archiviocassano.lavocedelpaese.info\/#organization"},"potentialAction":[{"@type":"SearchAction","target":{"@type":"EntryPoint","urlTemplate":"https:\/\/archiviocassano.lavocedelpaese.info\/?s={search_term_string}"},"query-input":{"@type":"PropertyValueSpecification","valueRequired":true,"valueName":"search_term_string"}}],"inLanguage":"it-IT"},{"@type":"Organization","@id":"https:\/\/archiviocassano.lavocedelpaese.info\/#organization","name":"Archivio CassanoWeb","url":"https:\/\/archiviocassano.lavocedelpaese.info\/","logo":{"@type":"ImageObject","inLanguage":"it-IT","@id":"https:\/\/archiviocassano.lavocedelpaese.info\/#\/schema\/logo\/image\/","url":"https:\/\/archiviocassano.lavocedelpaese.info\/wp-content\/uploads\/2024\/08\/logo-rosso-2.png","contentUrl":"https:\/\/archiviocassano.lavocedelpaese.info\/wp-content\/uploads\/2024\/08\/logo-rosso-2.png","width":491,"height":432,"caption":"Archivio CassanoWeb"},"image":{"@id":"https:\/\/archiviocassano.lavocedelpaese.info\/#\/schema\/logo\/image\/"},"sameAs":["https:\/\/www.facebook.com\/redazione.cassanoweb"]},{"@type":"Person","@id":"https:\/\/archiviocassano.lavocedelpaese.info\/#\/schema\/person\/df195bc79a9b4c35127cf005f92e041b","name":"admin","image":{"@type":"ImageObject","inLanguage":"it-IT","@id":"https:\/\/secure.gravatar.com\/avatar\/eabba89a432e8eaa1b0207cc55f7e5340b22712b1ed80677efcf63e02ff5b235?s=96&d=mm&r=g","url":"https:\/\/secure.gravatar.com\/avatar\/eabba89a432e8eaa1b0207cc55f7e5340b22712b1ed80677efcf63e02ff5b235?s=96&d=mm&r=g","contentUrl":"https:\/\/secure.gravatar.com\/avatar\/eabba89a432e8eaa1b0207cc55f7e5340b22712b1ed80677efcf63e02ff5b235?s=96&d=mm&r=g","caption":"admin"},"sameAs":["https:\/\/archiviocassano.lavocedelpaese.info"],"url":"https:\/\/archiviocassano.lavocedelpaese.info\/index.php\/author\/admin_0qgz1xdp\/"}]}},"_links":{"self":[{"href":"https:\/\/archiviocassano.lavocedelpaese.info\/index.php\/wp-json\/wp\/v2\/posts\/10693","targetHints":{"allow":["GET"]}}],"collection":[{"href":"https:\/\/archiviocassano.lavocedelpaese.info\/index.php\/wp-json\/wp\/v2\/posts"}],"about":[{"href":"https:\/\/archiviocassano.lavocedelpaese.info\/index.php\/wp-json\/wp\/v2\/types\/post"}],"author":[{"embeddable":true,"href":"https:\/\/archiviocassano.lavocedelpaese.info\/index.php\/wp-json\/wp\/v2\/users\/1"}],"replies":[{"embeddable":true,"href":"https:\/\/archiviocassano.lavocedelpaese.info\/index.php\/wp-json\/wp\/v2\/comments?post=10693"}],"version-history":[{"count":0,"href":"https:\/\/archiviocassano.lavocedelpaese.info\/index.php\/wp-json\/wp\/v2\/posts\/10693\/revisions"}],"wp:featuredmedia":[{"embeddable":true,"href":"https:\/\/archiviocassano.lavocedelpaese.info\/index.php\/wp-json\/wp\/v2\/media\/10692"}],"wp:attachment":[{"href":"https:\/\/archiviocassano.lavocedelpaese.info\/index.php\/wp-json\/wp\/v2\/media?parent=10693"}],"wp:term":[{"taxonomy":"category","embeddable":true,"href":"https:\/\/archiviocassano.lavocedelpaese.info\/index.php\/wp-json\/wp\/v2\/categories?post=10693"},{"taxonomy":"post_tag","embeddable":true,"href":"https:\/\/archiviocassano.lavocedelpaese.info\/index.php\/wp-json\/wp\/v2\/tags?post=10693"}],"curies":[{"name":"wp","href":"https:\/\/api.w.org\/{rel}","templated":true}]}}