{"id":10766,"date":"2015-04-24T09:42:00","date_gmt":"2015-04-24T09:42:00","guid":{"rendered":"https:\/\/archiviocassano.lavocedelpaese.info\/index.php\/2015\/04\/24\/forza-italia-ma-cassano-sta-gareggiando-con-la-svizzera\/"},"modified":"2015-04-24T09:42:00","modified_gmt":"2015-04-24T09:42:00","slug":"forza-italia-ma-cassano-sta-gareggiando-con-la-svizzera","status":"publish","type":"post","link":"https:\/\/archiviocassano.lavocedelpaese.info\/index.php\/2015\/04\/24\/forza-italia-ma-cassano-sta-gareggiando-con-la-svizzera\/","title":{"rendered":"Forza Italia: ma Cassano sta gareggiando con la Svizzera?"},"content":{"rendered":"<p><img loading=\"lazy\" decoding=\"async\" src=\"images\/stories\/archiviofoto\/buca_in_via_san_domenico.jpg\" width=\"320\" height=\"150\" alt=\"buca in via san domenico\" style=\"margin-right: 2px; margin-left: 2px;\" \/><\/p>\n<p><!--more--><\/p>\n<p><p style=\"text-align: justify;\">\u201cContinua&nbsp; la \u201ckermesse\u201d &nbsp;tra la nostra amata Cassano e lo stato Elvetico per chi si aggiudicher\u00e0 il primato in materia di buchi. Pare addirittura che il nostro Sindaco, come si dice\u2026 \u201cse l\u2019\u00e8 messa proprio brutta in testa\u201d ed ha deciso che DEVE vincere la sfida! C\u2019\u00e8 voglia di un altro primato! Negativo naturalmente\u201d.<\/p>\n<p style=\"text-align: justify;\">Lo scrive, in una nota, il Coordinamento cittadino di Forza Italia sulla situazione delle strade cassanesi piene di buche, nonostante nelle scorse settimane qualche rappezzo sia stato fatto.<\/p>\n<p style=\"text-align: justify;\">\u201cIronia a parte \u2013 scrive Forza Italia &#8211; si ha davvero l\u2019impressione che chi amministra abbia preso il tutto come un gioco. Amministrare la cosa pubblica non \u00e8 uno scherzo. Significa avere a cuore gli interessi di chi ci mette il suo denaro e ha la giusta pretesa non solo di vederlo speso con la diligenza del buon padre di famiglia ma che si spenda perch\u00e9 si viva in un paese vivibile.<\/p>\n<p style=\"text-align: justify;\">E non hanno diritto forse i cassanesi perch\u00e9 l\u2019Ente al pi\u00f9 presto provveda a manutenere le strade della nostra amata Cassano?<\/p>\n<p style=\"text-align: justify;\">Come ricorderete gi\u00e0 ad ottobre 2014 avevamo segnalato lo stato di cattiva manutenzione delle strade del paese. Buche, caditoie, vere e proprie voragini. L\u2019impressione che si ha \u00e8 che chi tanto dice di avere a cuore questo paese menta ben sapendo di mentire.<\/p>\n<p style=\"text-align: justify;\">I fatti parlano chiaro. Questa amministrazione \u00e8 <strong>indifferente<\/strong> alle tante richieste dei cittadini che vogliono vedere ripristinato il manto stradale, di cittadini che vogliono vedere tutelato il loro buon diritto a vivere in un paese che sia sicuro e che non li sottoponga al pericolo di dover incorrere in una buca e subire danni sia materiali che fisici, vista le pericolosit\u00e0 di alcune buche.<\/p>\n<p style=\"text-align: justify;\">In attesa che qualcuno si risvegli dal lungo letargo, vi segnaliamo alcune situazioni di grave pericolo che potrebbero causare danni a cose e persone.<\/p>\n<p style=\"text-align: justify;\">Come per esempio alcune caditoie di via Colamonico,&nbsp; via Paolo VI\u00b0, via Indipendenza, &nbsp;caditoie e buche in zona industriale, alcuni pericolosissimi tombini e tanto altro ancora.<\/p>\n<p style=\"text-align: justify;\">Noi, come vedete, a differenza di qualcuno, non siamo in letargo ma siamo bene vigili e attenti.<\/p>\n<p style=\"text-align: justify;\">A dicembre scorso i componenti di opposizione presentarono un\u2019interpellanza in Consiglio Comunale mettendo in risalto il cattivo stato del manto stradale ed i pericoli che ne potevano derivare, subito dopo abbiamo chiesto a gran voce di intervenire per evitare il peggio, ma,&nbsp; anche a questa l\u2019amministrazione \u00e8 rimasta <strong>indifferente.<\/strong><\/p>\n<p style=\"text-align: justify;\">Indifferenza. <strong>Indifferenza, sciatteria o menefreghismo<\/strong>?<\/p>\n<p style=\"text-align: justify;\">Dovete sapere che nel periodo incriminato, e cio\u00e8 da quando abbiamo chiesto di intervenire fino a quando sono stati fatti interventi parziali sono oltre 20 le richieste di risarcimento danni pervenute all\u2019Ente per i danni subiti dai cittadini a causa delle buche presenti sul manto stradale. <strong>Cui prodest?<\/strong><\/p>\n<p style=\"text-align: justify;\">A cosa \u00e8 servito nei mesi addietro rattopparle con la sabbia? Ve lo diciamo noi: a niente, perch\u00e9 da Novembre 2014 a Dicembre 2014 le richieste sono state pi\u00f9 di 10, ed altrettante nei mesi successivi.<\/p>\n<p style=\"text-align: justify;\">Si sarebbe dovuto intervenite in tempo e la conseguenze le pagheremo noi, di tasca nostra.<\/p>\n<p style=\"text-align: justify;\">E\u2019 non \u00e8 forse ingiusto anche alla luce del nuovo salasso dei tributi locali a firma di \u201cRinascita\u201d?<\/p>\n<p style=\"text-align: justify;\">Ebbene, Sindaco, che intende fare? Si \u00e8 davvero messo in testa di voler vincere la sfida con la patria dell\u2019Emmental? \u201c<\/p>\n<p style=\"text-align: justify;\">Conclude la nota del Coordinamento cittadino di Forza Italia: \u201cNoi auspichiamo che si ravveda o per lo meno esca dal lungo letargo in cui sembra caduto e che finalmente metta in atto le tante promesse sbandierate in campagna elettorale, perch\u00e9 di quelle, fin\u2019ora nessuna \u00e8 stata mantenuta.\u201d<\/p>\n<p style=\"text-align: right;\">&nbsp;Coordinamento Cittadino PDL-FI Cassano delle Buche. <strong>No scusate delle Murge!<\/strong><\/p>\n<p>&nbsp;<\/p>\n","protected":false},"excerpt":{"rendered":"","protected":false},"author":1,"featured_media":0,"comment_status":"open","ping_status":"closed","sticky":false,"template":"","format":"standard","meta":{"colormag_page_container_layout":"default_layout","colormag_page_sidebar_layout":"default_layout","footnotes":""},"categories":[7],"tags":[],"class_list":["post-10766","post","type-post","status-publish","format-standard","hentry","category-attualita"],"yoast_head":"<!-- This site is optimized with the Yoast SEO plugin v27.5 - https:\/\/yoast.com\/product\/yoast-seo-wordpress\/ -->\n<title>Forza Italia: ma Cassano sta gareggiando con la Svizzera? - Archivio CassanoWeb<\/title>\n<meta name=\"robots\" content=\"index, follow, max-snippet:-1, max-image-preview:large, max-video-preview:-1\" \/>\n<link rel=\"canonical\" href=\"https:\/\/archiviocassano.lavocedelpaese.info\/index.php\/2015\/04\/24\/forza-italia-ma-cassano-sta-gareggiando-con-la-svizzera\/\" \/>\n<meta property=\"og:locale\" content=\"it_IT\" \/>\n<meta property=\"og:type\" content=\"article\" \/>\n<meta property=\"og:title\" content=\"Forza Italia: ma Cassano sta gareggiando con la Svizzera? - Archivio CassanoWeb\" \/>\n<meta property=\"og:url\" content=\"https:\/\/archiviocassano.lavocedelpaese.info\/index.php\/2015\/04\/24\/forza-italia-ma-cassano-sta-gareggiando-con-la-svizzera\/\" \/>\n<meta property=\"og:site_name\" content=\"Archivio CassanoWeb\" \/>\n<meta property=\"article:publisher\" content=\"https:\/\/www.facebook.com\/redazione.cassanoweb\" \/>\n<meta property=\"article:published_time\" content=\"2015-04-24T09:42:00+00:00\" \/>\n<meta name=\"author\" content=\"admin\" \/>\n<meta name=\"twitter:card\" content=\"summary_large_image\" \/>\n<meta name=\"twitter:label1\" content=\"Scritto da\" \/>\n\t<meta name=\"twitter:data1\" content=\"admin\" \/>\n\t<meta name=\"twitter:label2\" content=\"Tempo di lettura stimato\" \/>\n\t<meta name=\"twitter:data2\" content=\"3 minuti\" \/>\n<script type=\"application\/ld+json\" class=\"yoast-schema-graph\">{\"@context\":\"https:\\\/\\\/schema.org\",\"@graph\":[{\"@type\":\"Article\",\"@id\":\"https:\\\/\\\/archiviocassano.lavocedelpaese.info\\\/index.php\\\/2015\\\/04\\\/24\\\/forza-italia-ma-cassano-sta-gareggiando-con-la-svizzera\\\/#article\",\"isPartOf\":{\"@id\":\"https:\\\/\\\/archiviocassano.lavocedelpaese.info\\\/index.php\\\/2015\\\/04\\\/24\\\/forza-italia-ma-cassano-sta-gareggiando-con-la-svizzera\\\/\"},\"author\":{\"name\":\"admin\",\"@id\":\"https:\\\/\\\/archiviocassano.lavocedelpaese.info\\\/#\\\/schema\\\/person\\\/df195bc79a9b4c35127cf005f92e041b\"},\"headline\":\"Forza Italia: ma Cassano sta gareggiando con la Svizzera?\",\"datePublished\":\"2015-04-24T09:42:00+00:00\",\"mainEntityOfPage\":{\"@id\":\"https:\\\/\\\/archiviocassano.lavocedelpaese.info\\\/index.php\\\/2015\\\/04\\\/24\\\/forza-italia-ma-cassano-sta-gareggiando-con-la-svizzera\\\/\"},\"wordCount\":607,\"commentCount\":0,\"publisher\":{\"@id\":\"https:\\\/\\\/archiviocassano.lavocedelpaese.info\\\/#organization\"},\"articleSection\":[\"Attualit\u00e0\"],\"inLanguage\":\"it-IT\",\"potentialAction\":[{\"@type\":\"CommentAction\",\"name\":\"Comment\",\"target\":[\"https:\\\/\\\/archiviocassano.lavocedelpaese.info\\\/index.php\\\/2015\\\/04\\\/24\\\/forza-italia-ma-cassano-sta-gareggiando-con-la-svizzera\\\/#respond\"]}]},{\"@type\":\"WebPage\",\"@id\":\"https:\\\/\\\/archiviocassano.lavocedelpaese.info\\\/index.php\\\/2015\\\/04\\\/24\\\/forza-italia-ma-cassano-sta-gareggiando-con-la-svizzera\\\/\",\"url\":\"https:\\\/\\\/archiviocassano.lavocedelpaese.info\\\/index.php\\\/2015\\\/04\\\/24\\\/forza-italia-ma-cassano-sta-gareggiando-con-la-svizzera\\\/\",\"name\":\"Forza Italia: ma Cassano sta gareggiando con la Svizzera? - Archivio CassanoWeb\",\"isPartOf\":{\"@id\":\"https:\\\/\\\/archiviocassano.lavocedelpaese.info\\\/#website\"},\"datePublished\":\"2015-04-24T09:42:00+00:00\",\"breadcrumb\":{\"@id\":\"https:\\\/\\\/archiviocassano.lavocedelpaese.info\\\/index.php\\\/2015\\\/04\\\/24\\\/forza-italia-ma-cassano-sta-gareggiando-con-la-svizzera\\\/#breadcrumb\"},\"inLanguage\":\"it-IT\",\"potentialAction\":[{\"@type\":\"ReadAction\",\"target\":[\"https:\\\/\\\/archiviocassano.lavocedelpaese.info\\\/index.php\\\/2015\\\/04\\\/24\\\/forza-italia-ma-cassano-sta-gareggiando-con-la-svizzera\\\/\"]}]},{\"@type\":\"BreadcrumbList\",\"@id\":\"https:\\\/\\\/archiviocassano.lavocedelpaese.info\\\/index.php\\\/2015\\\/04\\\/24\\\/forza-italia-ma-cassano-sta-gareggiando-con-la-svizzera\\\/#breadcrumb\",\"itemListElement\":[{\"@type\":\"ListItem\",\"position\":1,\"name\":\"Home\",\"item\":\"https:\\\/\\\/archiviocassano.lavocedelpaese.info\\\/\"},{\"@type\":\"ListItem\",\"position\":2,\"name\":\"Forza Italia: ma Cassano sta gareggiando con la Svizzera?\"}]},{\"@type\":\"WebSite\",\"@id\":\"https:\\\/\\\/archiviocassano.lavocedelpaese.info\\\/#website\",\"url\":\"https:\\\/\\\/archiviocassano.lavocedelpaese.info\\\/\",\"name\":\"Archivio CassanoWeb\",\"description\":\"La Voce del Paese - un network di idee\",\"publisher\":{\"@id\":\"https:\\\/\\\/archiviocassano.lavocedelpaese.info\\\/#organization\"},\"potentialAction\":[{\"@type\":\"SearchAction\",\"target\":{\"@type\":\"EntryPoint\",\"urlTemplate\":\"https:\\\/\\\/archiviocassano.lavocedelpaese.info\\\/?s={search_term_string}\"},\"query-input\":{\"@type\":\"PropertyValueSpecification\",\"valueRequired\":true,\"valueName\":\"search_term_string\"}}],\"inLanguage\":\"it-IT\"},{\"@type\":\"Organization\",\"@id\":\"https:\\\/\\\/archiviocassano.lavocedelpaese.info\\\/#organization\",\"name\":\"Archivio CassanoWeb\",\"url\":\"https:\\\/\\\/archiviocassano.lavocedelpaese.info\\\/\",\"logo\":{\"@type\":\"ImageObject\",\"inLanguage\":\"it-IT\",\"@id\":\"https:\\\/\\\/archiviocassano.lavocedelpaese.info\\\/#\\\/schema\\\/logo\\\/image\\\/\",\"url\":\"https:\\\/\\\/archiviocassano.lavocedelpaese.info\\\/wp-content\\\/uploads\\\/2024\\\/08\\\/logo-rosso-2.png\",\"contentUrl\":\"https:\\\/\\\/archiviocassano.lavocedelpaese.info\\\/wp-content\\\/uploads\\\/2024\\\/08\\\/logo-rosso-2.png\",\"width\":491,\"height\":432,\"caption\":\"Archivio CassanoWeb\"},\"image\":{\"@id\":\"https:\\\/\\\/archiviocassano.lavocedelpaese.info\\\/#\\\/schema\\\/logo\\\/image\\\/\"},\"sameAs\":[\"https:\\\/\\\/www.facebook.com\\\/redazione.cassanoweb\"]},{\"@type\":\"Person\",\"@id\":\"https:\\\/\\\/archiviocassano.lavocedelpaese.info\\\/#\\\/schema\\\/person\\\/df195bc79a9b4c35127cf005f92e041b\",\"name\":\"admin\",\"image\":{\"@type\":\"ImageObject\",\"inLanguage\":\"it-IT\",\"@id\":\"https:\\\/\\\/secure.gravatar.com\\\/avatar\\\/eabba89a432e8eaa1b0207cc55f7e5340b22712b1ed80677efcf63e02ff5b235?s=96&d=mm&r=g\",\"url\":\"https:\\\/\\\/secure.gravatar.com\\\/avatar\\\/eabba89a432e8eaa1b0207cc55f7e5340b22712b1ed80677efcf63e02ff5b235?s=96&d=mm&r=g\",\"contentUrl\":\"https:\\\/\\\/secure.gravatar.com\\\/avatar\\\/eabba89a432e8eaa1b0207cc55f7e5340b22712b1ed80677efcf63e02ff5b235?s=96&d=mm&r=g\",\"caption\":\"admin\"},\"sameAs\":[\"https:\\\/\\\/archiviocassano.lavocedelpaese.info\"],\"url\":\"https:\\\/\\\/archiviocassano.lavocedelpaese.info\\\/index.php\\\/author\\\/admin_0qgz1xdp\\\/\"}]}<\/script>\n<!-- \/ Yoast SEO plugin. -->","yoast_head_json":{"title":"Forza Italia: ma Cassano sta gareggiando con la Svizzera? - Archivio CassanoWeb","robots":{"index":"index","follow":"follow","max-snippet":"max-snippet:-1","max-image-preview":"max-image-preview:large","max-video-preview":"max-video-preview:-1"},"canonical":"https:\/\/archiviocassano.lavocedelpaese.info\/index.php\/2015\/04\/24\/forza-italia-ma-cassano-sta-gareggiando-con-la-svizzera\/","og_locale":"it_IT","og_type":"article","og_title":"Forza Italia: ma Cassano sta gareggiando con la Svizzera? - Archivio CassanoWeb","og_url":"https:\/\/archiviocassano.lavocedelpaese.info\/index.php\/2015\/04\/24\/forza-italia-ma-cassano-sta-gareggiando-con-la-svizzera\/","og_site_name":"Archivio CassanoWeb","article_publisher":"https:\/\/www.facebook.com\/redazione.cassanoweb","article_published_time":"2015-04-24T09:42:00+00:00","author":"admin","twitter_card":"summary_large_image","twitter_misc":{"Scritto da":"admin","Tempo di lettura stimato":"3 minuti"},"schema":{"@context":"https:\/\/schema.org","@graph":[{"@type":"Article","@id":"https:\/\/archiviocassano.lavocedelpaese.info\/index.php\/2015\/04\/24\/forza-italia-ma-cassano-sta-gareggiando-con-la-svizzera\/#article","isPartOf":{"@id":"https:\/\/archiviocassano.lavocedelpaese.info\/index.php\/2015\/04\/24\/forza-italia-ma-cassano-sta-gareggiando-con-la-svizzera\/"},"author":{"name":"admin","@id":"https:\/\/archiviocassano.lavocedelpaese.info\/#\/schema\/person\/df195bc79a9b4c35127cf005f92e041b"},"headline":"Forza Italia: ma Cassano sta gareggiando con la Svizzera?","datePublished":"2015-04-24T09:42:00+00:00","mainEntityOfPage":{"@id":"https:\/\/archiviocassano.lavocedelpaese.info\/index.php\/2015\/04\/24\/forza-italia-ma-cassano-sta-gareggiando-con-la-svizzera\/"},"wordCount":607,"commentCount":0,"publisher":{"@id":"https:\/\/archiviocassano.lavocedelpaese.info\/#organization"},"articleSection":["Attualit\u00e0"],"inLanguage":"it-IT","potentialAction":[{"@type":"CommentAction","name":"Comment","target":["https:\/\/archiviocassano.lavocedelpaese.info\/index.php\/2015\/04\/24\/forza-italia-ma-cassano-sta-gareggiando-con-la-svizzera\/#respond"]}]},{"@type":"WebPage","@id":"https:\/\/archiviocassano.lavocedelpaese.info\/index.php\/2015\/04\/24\/forza-italia-ma-cassano-sta-gareggiando-con-la-svizzera\/","url":"https:\/\/archiviocassano.lavocedelpaese.info\/index.php\/2015\/04\/24\/forza-italia-ma-cassano-sta-gareggiando-con-la-svizzera\/","name":"Forza Italia: ma Cassano sta gareggiando con la Svizzera? - Archivio CassanoWeb","isPartOf":{"@id":"https:\/\/archiviocassano.lavocedelpaese.info\/#website"},"datePublished":"2015-04-24T09:42:00+00:00","breadcrumb":{"@id":"https:\/\/archiviocassano.lavocedelpaese.info\/index.php\/2015\/04\/24\/forza-italia-ma-cassano-sta-gareggiando-con-la-svizzera\/#breadcrumb"},"inLanguage":"it-IT","potentialAction":[{"@type":"ReadAction","target":["https:\/\/archiviocassano.lavocedelpaese.info\/index.php\/2015\/04\/24\/forza-italia-ma-cassano-sta-gareggiando-con-la-svizzera\/"]}]},{"@type":"BreadcrumbList","@id":"https:\/\/archiviocassano.lavocedelpaese.info\/index.php\/2015\/04\/24\/forza-italia-ma-cassano-sta-gareggiando-con-la-svizzera\/#breadcrumb","itemListElement":[{"@type":"ListItem","position":1,"name":"Home","item":"https:\/\/archiviocassano.lavocedelpaese.info\/"},{"@type":"ListItem","position":2,"name":"Forza Italia: ma Cassano sta gareggiando con la Svizzera?"}]},{"@type":"WebSite","@id":"https:\/\/archiviocassano.lavocedelpaese.info\/#website","url":"https:\/\/archiviocassano.lavocedelpaese.info\/","name":"Archivio CassanoWeb","description":"La Voce del Paese - un network di idee","publisher":{"@id":"https:\/\/archiviocassano.lavocedelpaese.info\/#organization"},"potentialAction":[{"@type":"SearchAction","target":{"@type":"EntryPoint","urlTemplate":"https:\/\/archiviocassano.lavocedelpaese.info\/?s={search_term_string}"},"query-input":{"@type":"PropertyValueSpecification","valueRequired":true,"valueName":"search_term_string"}}],"inLanguage":"it-IT"},{"@type":"Organization","@id":"https:\/\/archiviocassano.lavocedelpaese.info\/#organization","name":"Archivio CassanoWeb","url":"https:\/\/archiviocassano.lavocedelpaese.info\/","logo":{"@type":"ImageObject","inLanguage":"it-IT","@id":"https:\/\/archiviocassano.lavocedelpaese.info\/#\/schema\/logo\/image\/","url":"https:\/\/archiviocassano.lavocedelpaese.info\/wp-content\/uploads\/2024\/08\/logo-rosso-2.png","contentUrl":"https:\/\/archiviocassano.lavocedelpaese.info\/wp-content\/uploads\/2024\/08\/logo-rosso-2.png","width":491,"height":432,"caption":"Archivio CassanoWeb"},"image":{"@id":"https:\/\/archiviocassano.lavocedelpaese.info\/#\/schema\/logo\/image\/"},"sameAs":["https:\/\/www.facebook.com\/redazione.cassanoweb"]},{"@type":"Person","@id":"https:\/\/archiviocassano.lavocedelpaese.info\/#\/schema\/person\/df195bc79a9b4c35127cf005f92e041b","name":"admin","image":{"@type":"ImageObject","inLanguage":"it-IT","@id":"https:\/\/secure.gravatar.com\/avatar\/eabba89a432e8eaa1b0207cc55f7e5340b22712b1ed80677efcf63e02ff5b235?s=96&d=mm&r=g","url":"https:\/\/secure.gravatar.com\/avatar\/eabba89a432e8eaa1b0207cc55f7e5340b22712b1ed80677efcf63e02ff5b235?s=96&d=mm&r=g","contentUrl":"https:\/\/secure.gravatar.com\/avatar\/eabba89a432e8eaa1b0207cc55f7e5340b22712b1ed80677efcf63e02ff5b235?s=96&d=mm&r=g","caption":"admin"},"sameAs":["https:\/\/archiviocassano.lavocedelpaese.info"],"url":"https:\/\/archiviocassano.lavocedelpaese.info\/index.php\/author\/admin_0qgz1xdp\/"}]}},"_links":{"self":[{"href":"https:\/\/archiviocassano.lavocedelpaese.info\/index.php\/wp-json\/wp\/v2\/posts\/10766","targetHints":{"allow":["GET"]}}],"collection":[{"href":"https:\/\/archiviocassano.lavocedelpaese.info\/index.php\/wp-json\/wp\/v2\/posts"}],"about":[{"href":"https:\/\/archiviocassano.lavocedelpaese.info\/index.php\/wp-json\/wp\/v2\/types\/post"}],"author":[{"embeddable":true,"href":"https:\/\/archiviocassano.lavocedelpaese.info\/index.php\/wp-json\/wp\/v2\/users\/1"}],"replies":[{"embeddable":true,"href":"https:\/\/archiviocassano.lavocedelpaese.info\/index.php\/wp-json\/wp\/v2\/comments?post=10766"}],"version-history":[{"count":0,"href":"https:\/\/archiviocassano.lavocedelpaese.info\/index.php\/wp-json\/wp\/v2\/posts\/10766\/revisions"}],"wp:attachment":[{"href":"https:\/\/archiviocassano.lavocedelpaese.info\/index.php\/wp-json\/wp\/v2\/media?parent=10766"}],"wp:term":[{"taxonomy":"category","embeddable":true,"href":"https:\/\/archiviocassano.lavocedelpaese.info\/index.php\/wp-json\/wp\/v2\/categories?post=10766"},{"taxonomy":"post_tag","embeddable":true,"href":"https:\/\/archiviocassano.lavocedelpaese.info\/index.php\/wp-json\/wp\/v2\/tags?post=10766"}],"curies":[{"name":"wp","href":"https:\/\/api.w.org\/{rel}","templated":true}]}}