{"id":10775,"date":"2015-04-29T05:43:04","date_gmt":"2015-04-29T05:43:04","guid":{"rendered":"https:\/\/archiviocassano.lavocedelpaese.info\/index.php\/2015\/04\/29\/a-cento-anni-dalla-grande-guerra-il-29-aprile-conferenza-e-una-mostra-a-cura-di-club-unesco-liceo-e-comune-di-cassano\/"},"modified":"2015-04-29T05:43:04","modified_gmt":"2015-04-29T05:43:04","slug":"a-cento-anni-dalla-grande-guerra-il-29-aprile-conferenza-e-una-mostra-a-cura-di-club-unesco-liceo-e-comune-di-cassano","status":"publish","type":"post","link":"https:\/\/archiviocassano.lavocedelpaese.info\/index.php\/2015\/04\/29\/a-cento-anni-dalla-grande-guerra-il-29-aprile-conferenza-e-una-mostra-a-cura-di-club-unesco-liceo-e-comune-di-cassano\/","title":{"rendered":"Grande Guerra: oggi la conferenza al Liceo"},"content":{"rendered":"<p style=\"text-align: justify;\"><img loading=\"lazy\" decoding=\"async\" class=\" size-full wp-image-10774\" src=\"https:\/\/archiviocassano.lavocedelpaese.info\/wp-content\/uploads\/2015\/04\/conferenza_29_aprile.jpg\" alt=\"conferenza 29 aprile\" height=\"150\" width=\"320\" \/><\/p>\n<p><!--more--><\/p>\n<p>In occasione del centenario della prima guerra mondiale Il Club Unesco di Cassano&nbsp; in collaborazione con il Comune di Cassano, l\u2019 Istituto di Istruzione secondaria \u201cLeonardo da Vinci\u201d, il Liceo Classico \u201cMargherita\u201d di Bari &nbsp;,promuove la mostra \u201cLa grande guerra nelle pagine dei giornali\u201d e il&nbsp; seminario di presentazione&nbsp; \u201c Come la grande guerra fu comunicata al popolo\u201d &nbsp;<strong>Mercoled\u00ec 29 aprile 2015 alle ore 17&nbsp; <\/strong>&nbsp;nell\u2019auditorium del Liceo Scientifico di Cassano.&nbsp;<\/p>\n<p style=\"text-align: justify;\">L\u2019incontro sar\u00e0 &nbsp;coordinato dalla prof.ssa <strong>Angela Carbone<\/strong>, docente di Storia Moderna presso la facolt\u00e0 di Scienze della Comunicazione \u2013 Universit\u00e0 degli Studi di Bari; con interventi del prof. <strong>V. Gallotta<\/strong>, gi\u00e0 docente di storia del giornalismo, facolt\u00e0 di Scienze della Comunicazione, Universit\u00e0 degli Studi di Bari; del prof. <strong>Giacomo Cecere<\/strong>, Coordinatore del Liceo Classico &nbsp;Margherita di Bari .<\/p>\n<p style=\"text-align: justify;\">Considerando che la Scuola rappresenta il luogo deputato al consolidamento delle radici comuni, alla condivisione di un sistema valoriale e ricopre un ruolo centrale nella crescita intellettuale delle nuove generazioni, attraverso la mostra delle prime pagine dei quotidiani d\u2019epoca ed il seminario di presentazione dell\u2019evento&nbsp; &nbsp;, il Club Unesco di Cassano,&nbsp; considerando&nbsp; quando citato nel Preambolo dell\u2019Atto costitutivo dell\u2019UNESCO\u201d Poich\u00e9 le guerre nascono nella mente degli uomini, \u00e8 la mente degli uomini che deve essere educata alla difesa della pace\u201d, si rivolge soprattutto &nbsp;alle giovani generazioni, per&nbsp; promuovere la conoscenza dei fatti, e&nbsp; sensibilizzare i giovani sul valore della Pace e della fratellanza e integrazione tra i popoli,.<\/p>\n<p style=\"text-align: justify;\">Leggere oggi i giornali che accompagnarono la Grande Guerra si giustifica con l&#8217;intento di capire innanzitutto perch\u00e9 quella guerra, perch\u00e9 &#8220;grande&#8221; quella guerra, ma soprattutto per comprendere &#8220;se&#8221; e &#8220;come&#8221; una coscienza collettiva giunse a familiarizzare con la guerra, a convivere per cinque lunghi anni con un evento cos\u00ec luttuoso.<\/p>\n<p style=\"text-align: justify;\">Scoprire i meccanismi attraverso cui l&#8217;informazione quotidiana si trasformi in convinzione collettiva, pi\u00f9 o meno pilotata, pu\u00f2 servire alle nuove generazioni a maturare, di fronte a ogni informazione e avvenimento, una salvifica coscienza critica.&nbsp;<\/p>\n<p style=\"text-align: justify;\">La necessit\u00e0 di ricordare deriva dal bisogno di rinnovare per costruire un futuro che sia reale superamento del passato, per costruire una civilt\u00e0 che sappia negare la guerra come legge naturale, come soluzione di problemi, peggio come difesa, sia pure estrema, di un diritto: ricordare, dunque,&nbsp;per guardare oltre il proprio tempo, ma ricordare con la mente e con il cuore per salvaguardare la nostra integralit\u00e0 di uomini.<\/p>\n<p style=\"text-align: justify;\">Nella convinzione di tale proponimento, il Club Unesco di Cassano Murge, in collaborazione con il Comune di Cassano delle Murge, il&nbsp; Liceo Scientifico &#8220;Leonardo da Vinci&#8221; di Cassano delle Murge e il Liceo Classico &#8220;Margherita&#8221; di Bari, presenta una selezione di quotidiani degli anni della Grande Guerra come documenti utili a significare la percezione collettiva di quell&#8217;evento.<\/p>\n<p style=\"text-align: justify;\">&nbsp;<\/p>\n<p style=\"text-align: center;\">&nbsp;<\/p>\n<p>&nbsp;<\/p>\n<p><iframe loading=\"lazy\" src=\"https:\/\/www.slideshare.net\/slideshow\/embed_code\/key\/i2VqE7Zp6aOgDS\" width=\"476\" height=\"400\" marginwidth=\"0\" marginheight=\"0\" scrolling=\"no\" style=\"display: block; margin-left: auto; margin-right: auto;\"><\/iframe><\/p>\n","protected":false},"excerpt":{"rendered":"","protected":false},"author":1,"featured_media":10774,"comment_status":"open","ping_status":"closed","sticky":false,"template":"","format":"standard","meta":{"colormag_page_container_layout":"default_layout","colormag_page_sidebar_layout":"default_layout","footnotes":""},"categories":[11],"tags":[],"class_list":["post-10775","post","type-post","status-publish","format-standard","has-post-thumbnail","hentry","category-appuntamenti"],"yoast_head":"<!-- This site is optimized with the Yoast SEO plugin v27.5 - https:\/\/yoast.com\/product\/yoast-seo-wordpress\/ -->\n<title>Grande Guerra: oggi la conferenza al Liceo - Archivio CassanoWeb<\/title>\n<meta name=\"robots\" content=\"index, follow, max-snippet:-1, max-image-preview:large, max-video-preview:-1\" \/>\n<link rel=\"canonical\" href=\"https:\/\/archiviocassano.lavocedelpaese.info\/index.php\/2015\/04\/29\/a-cento-anni-dalla-grande-guerra-il-29-aprile-conferenza-e-una-mostra-a-cura-di-club-unesco-liceo-e-comune-di-cassano\/\" \/>\n<meta property=\"og:locale\" content=\"it_IT\" \/>\n<meta property=\"og:type\" content=\"article\" \/>\n<meta property=\"og:title\" content=\"Grande Guerra: oggi la conferenza al Liceo - Archivio CassanoWeb\" \/>\n<meta property=\"og:url\" content=\"https:\/\/archiviocassano.lavocedelpaese.info\/index.php\/2015\/04\/29\/a-cento-anni-dalla-grande-guerra-il-29-aprile-conferenza-e-una-mostra-a-cura-di-club-unesco-liceo-e-comune-di-cassano\/\" \/>\n<meta property=\"og:site_name\" content=\"Archivio CassanoWeb\" \/>\n<meta property=\"article:publisher\" content=\"https:\/\/www.facebook.com\/redazione.cassanoweb\" \/>\n<meta property=\"article:published_time\" content=\"2015-04-29T05:43:04+00:00\" \/>\n<meta property=\"og:image\" content=\"https:\/\/archiviocassano.lavocedelpaese.info\/wp-content\/uploads\/2015\/04\/conferenza_29_aprile.jpg\" \/>\n\t<meta property=\"og:image:width\" content=\"600\" \/>\n\t<meta property=\"og:image:height\" content=\"370\" \/>\n\t<meta property=\"og:image:type\" content=\"image\/jpeg\" \/>\n<meta name=\"author\" content=\"admin\" \/>\n<meta name=\"twitter:card\" content=\"summary_large_image\" \/>\n<meta name=\"twitter:label1\" content=\"Scritto da\" \/>\n\t<meta name=\"twitter:data1\" content=\"admin\" \/>\n\t<meta name=\"twitter:label2\" content=\"Tempo di lettura stimato\" \/>\n\t<meta name=\"twitter:data2\" content=\"2 minuti\" \/>\n<script type=\"application\/ld+json\" class=\"yoast-schema-graph\">{\"@context\":\"https:\\\/\\\/schema.org\",\"@graph\":[{\"@type\":\"Article\",\"@id\":\"https:\\\/\\\/archiviocassano.lavocedelpaese.info\\\/index.php\\\/2015\\\/04\\\/29\\\/a-cento-anni-dalla-grande-guerra-il-29-aprile-conferenza-e-una-mostra-a-cura-di-club-unesco-liceo-e-comune-di-cassano\\\/#article\",\"isPartOf\":{\"@id\":\"https:\\\/\\\/archiviocassano.lavocedelpaese.info\\\/index.php\\\/2015\\\/04\\\/29\\\/a-cento-anni-dalla-grande-guerra-il-29-aprile-conferenza-e-una-mostra-a-cura-di-club-unesco-liceo-e-comune-di-cassano\\\/\"},\"author\":{\"name\":\"admin\",\"@id\":\"https:\\\/\\\/archiviocassano.lavocedelpaese.info\\\/#\\\/schema\\\/person\\\/df195bc79a9b4c35127cf005f92e041b\"},\"headline\":\"Grande Guerra: oggi la conferenza al Liceo\",\"datePublished\":\"2015-04-29T05:43:04+00:00\",\"mainEntityOfPage\":{\"@id\":\"https:\\\/\\\/archiviocassano.lavocedelpaese.info\\\/index.php\\\/2015\\\/04\\\/29\\\/a-cento-anni-dalla-grande-guerra-il-29-aprile-conferenza-e-una-mostra-a-cura-di-club-unesco-liceo-e-comune-di-cassano\\\/\"},\"wordCount\":478,\"commentCount\":0,\"publisher\":{\"@id\":\"https:\\\/\\\/archiviocassano.lavocedelpaese.info\\\/#organization\"},\"image\":{\"@id\":\"https:\\\/\\\/archiviocassano.lavocedelpaese.info\\\/index.php\\\/2015\\\/04\\\/29\\\/a-cento-anni-dalla-grande-guerra-il-29-aprile-conferenza-e-una-mostra-a-cura-di-club-unesco-liceo-e-comune-di-cassano\\\/#primaryimage\"},\"thumbnailUrl\":\"https:\\\/\\\/archiviocassano.lavocedelpaese.info\\\/wp-content\\\/uploads\\\/2015\\\/04\\\/conferenza_29_aprile.jpg\",\"articleSection\":[\"Appuntamenti\"],\"inLanguage\":\"it-IT\",\"potentialAction\":[{\"@type\":\"CommentAction\",\"name\":\"Comment\",\"target\":[\"https:\\\/\\\/archiviocassano.lavocedelpaese.info\\\/index.php\\\/2015\\\/04\\\/29\\\/a-cento-anni-dalla-grande-guerra-il-29-aprile-conferenza-e-una-mostra-a-cura-di-club-unesco-liceo-e-comune-di-cassano\\\/#respond\"]}]},{\"@type\":\"WebPage\",\"@id\":\"https:\\\/\\\/archiviocassano.lavocedelpaese.info\\\/index.php\\\/2015\\\/04\\\/29\\\/a-cento-anni-dalla-grande-guerra-il-29-aprile-conferenza-e-una-mostra-a-cura-di-club-unesco-liceo-e-comune-di-cassano\\\/\",\"url\":\"https:\\\/\\\/archiviocassano.lavocedelpaese.info\\\/index.php\\\/2015\\\/04\\\/29\\\/a-cento-anni-dalla-grande-guerra-il-29-aprile-conferenza-e-una-mostra-a-cura-di-club-unesco-liceo-e-comune-di-cassano\\\/\",\"name\":\"Grande Guerra: oggi la conferenza al Liceo - Archivio CassanoWeb\",\"isPartOf\":{\"@id\":\"https:\\\/\\\/archiviocassano.lavocedelpaese.info\\\/#website\"},\"primaryImageOfPage\":{\"@id\":\"https:\\\/\\\/archiviocassano.lavocedelpaese.info\\\/index.php\\\/2015\\\/04\\\/29\\\/a-cento-anni-dalla-grande-guerra-il-29-aprile-conferenza-e-una-mostra-a-cura-di-club-unesco-liceo-e-comune-di-cassano\\\/#primaryimage\"},\"image\":{\"@id\":\"https:\\\/\\\/archiviocassano.lavocedelpaese.info\\\/index.php\\\/2015\\\/04\\\/29\\\/a-cento-anni-dalla-grande-guerra-il-29-aprile-conferenza-e-una-mostra-a-cura-di-club-unesco-liceo-e-comune-di-cassano\\\/#primaryimage\"},\"thumbnailUrl\":\"https:\\\/\\\/archiviocassano.lavocedelpaese.info\\\/wp-content\\\/uploads\\\/2015\\\/04\\\/conferenza_29_aprile.jpg\",\"datePublished\":\"2015-04-29T05:43:04+00:00\",\"breadcrumb\":{\"@id\":\"https:\\\/\\\/archiviocassano.lavocedelpaese.info\\\/index.php\\\/2015\\\/04\\\/29\\\/a-cento-anni-dalla-grande-guerra-il-29-aprile-conferenza-e-una-mostra-a-cura-di-club-unesco-liceo-e-comune-di-cassano\\\/#breadcrumb\"},\"inLanguage\":\"it-IT\",\"potentialAction\":[{\"@type\":\"ReadAction\",\"target\":[\"https:\\\/\\\/archiviocassano.lavocedelpaese.info\\\/index.php\\\/2015\\\/04\\\/29\\\/a-cento-anni-dalla-grande-guerra-il-29-aprile-conferenza-e-una-mostra-a-cura-di-club-unesco-liceo-e-comune-di-cassano\\\/\"]}]},{\"@type\":\"ImageObject\",\"inLanguage\":\"it-IT\",\"@id\":\"https:\\\/\\\/archiviocassano.lavocedelpaese.info\\\/index.php\\\/2015\\\/04\\\/29\\\/a-cento-anni-dalla-grande-guerra-il-29-aprile-conferenza-e-una-mostra-a-cura-di-club-unesco-liceo-e-comune-di-cassano\\\/#primaryimage\",\"url\":\"https:\\\/\\\/archiviocassano.lavocedelpaese.info\\\/wp-content\\\/uploads\\\/2015\\\/04\\\/conferenza_29_aprile.jpg\",\"contentUrl\":\"https:\\\/\\\/archiviocassano.lavocedelpaese.info\\\/wp-content\\\/uploads\\\/2015\\\/04\\\/conferenza_29_aprile.jpg\",\"width\":600,\"height\":370,\"caption\":\"conferenza 29 aprile\"},{\"@type\":\"BreadcrumbList\",\"@id\":\"https:\\\/\\\/archiviocassano.lavocedelpaese.info\\\/index.php\\\/2015\\\/04\\\/29\\\/a-cento-anni-dalla-grande-guerra-il-29-aprile-conferenza-e-una-mostra-a-cura-di-club-unesco-liceo-e-comune-di-cassano\\\/#breadcrumb\",\"itemListElement\":[{\"@type\":\"ListItem\",\"position\":1,\"name\":\"Home\",\"item\":\"https:\\\/\\\/archiviocassano.lavocedelpaese.info\\\/\"},{\"@type\":\"ListItem\",\"position\":2,\"name\":\"Grande Guerra: oggi la conferenza al Liceo\"}]},{\"@type\":\"WebSite\",\"@id\":\"https:\\\/\\\/archiviocassano.lavocedelpaese.info\\\/#website\",\"url\":\"https:\\\/\\\/archiviocassano.lavocedelpaese.info\\\/\",\"name\":\"Archivio CassanoWeb\",\"description\":\"La Voce del Paese - un network di idee\",\"publisher\":{\"@id\":\"https:\\\/\\\/archiviocassano.lavocedelpaese.info\\\/#organization\"},\"potentialAction\":[{\"@type\":\"SearchAction\",\"target\":{\"@type\":\"EntryPoint\",\"urlTemplate\":\"https:\\\/\\\/archiviocassano.lavocedelpaese.info\\\/?s={search_term_string}\"},\"query-input\":{\"@type\":\"PropertyValueSpecification\",\"valueRequired\":true,\"valueName\":\"search_term_string\"}}],\"inLanguage\":\"it-IT\"},{\"@type\":\"Organization\",\"@id\":\"https:\\\/\\\/archiviocassano.lavocedelpaese.info\\\/#organization\",\"name\":\"Archivio CassanoWeb\",\"url\":\"https:\\\/\\\/archiviocassano.lavocedelpaese.info\\\/\",\"logo\":{\"@type\":\"ImageObject\",\"inLanguage\":\"it-IT\",\"@id\":\"https:\\\/\\\/archiviocassano.lavocedelpaese.info\\\/#\\\/schema\\\/logo\\\/image\\\/\",\"url\":\"https:\\\/\\\/archiviocassano.lavocedelpaese.info\\\/wp-content\\\/uploads\\\/2024\\\/08\\\/logo-rosso-2.png\",\"contentUrl\":\"https:\\\/\\\/archiviocassano.lavocedelpaese.info\\\/wp-content\\\/uploads\\\/2024\\\/08\\\/logo-rosso-2.png\",\"width\":491,\"height\":432,\"caption\":\"Archivio CassanoWeb\"},\"image\":{\"@id\":\"https:\\\/\\\/archiviocassano.lavocedelpaese.info\\\/#\\\/schema\\\/logo\\\/image\\\/\"},\"sameAs\":[\"https:\\\/\\\/www.facebook.com\\\/redazione.cassanoweb\"]},{\"@type\":\"Person\",\"@id\":\"https:\\\/\\\/archiviocassano.lavocedelpaese.info\\\/#\\\/schema\\\/person\\\/df195bc79a9b4c35127cf005f92e041b\",\"name\":\"admin\",\"image\":{\"@type\":\"ImageObject\",\"inLanguage\":\"it-IT\",\"@id\":\"https:\\\/\\\/secure.gravatar.com\\\/avatar\\\/eabba89a432e8eaa1b0207cc55f7e5340b22712b1ed80677efcf63e02ff5b235?s=96&d=mm&r=g\",\"url\":\"https:\\\/\\\/secure.gravatar.com\\\/avatar\\\/eabba89a432e8eaa1b0207cc55f7e5340b22712b1ed80677efcf63e02ff5b235?s=96&d=mm&r=g\",\"contentUrl\":\"https:\\\/\\\/secure.gravatar.com\\\/avatar\\\/eabba89a432e8eaa1b0207cc55f7e5340b22712b1ed80677efcf63e02ff5b235?s=96&d=mm&r=g\",\"caption\":\"admin\"},\"sameAs\":[\"https:\\\/\\\/archiviocassano.lavocedelpaese.info\"],\"url\":\"https:\\\/\\\/archiviocassano.lavocedelpaese.info\\\/index.php\\\/author\\\/admin_0qgz1xdp\\\/\"}]}<\/script>\n<!-- \/ Yoast SEO plugin. -->","yoast_head_json":{"title":"Grande Guerra: oggi la conferenza al Liceo - Archivio CassanoWeb","robots":{"index":"index","follow":"follow","max-snippet":"max-snippet:-1","max-image-preview":"max-image-preview:large","max-video-preview":"max-video-preview:-1"},"canonical":"https:\/\/archiviocassano.lavocedelpaese.info\/index.php\/2015\/04\/29\/a-cento-anni-dalla-grande-guerra-il-29-aprile-conferenza-e-una-mostra-a-cura-di-club-unesco-liceo-e-comune-di-cassano\/","og_locale":"it_IT","og_type":"article","og_title":"Grande Guerra: oggi la conferenza al Liceo - Archivio CassanoWeb","og_url":"https:\/\/archiviocassano.lavocedelpaese.info\/index.php\/2015\/04\/29\/a-cento-anni-dalla-grande-guerra-il-29-aprile-conferenza-e-una-mostra-a-cura-di-club-unesco-liceo-e-comune-di-cassano\/","og_site_name":"Archivio CassanoWeb","article_publisher":"https:\/\/www.facebook.com\/redazione.cassanoweb","article_published_time":"2015-04-29T05:43:04+00:00","og_image":[{"width":600,"height":370,"url":"https:\/\/archiviocassano.lavocedelpaese.info\/wp-content\/uploads\/2015\/04\/conferenza_29_aprile.jpg","type":"image\/jpeg"}],"author":"admin","twitter_card":"summary_large_image","twitter_misc":{"Scritto da":"admin","Tempo di lettura stimato":"2 minuti"},"schema":{"@context":"https:\/\/schema.org","@graph":[{"@type":"Article","@id":"https:\/\/archiviocassano.lavocedelpaese.info\/index.php\/2015\/04\/29\/a-cento-anni-dalla-grande-guerra-il-29-aprile-conferenza-e-una-mostra-a-cura-di-club-unesco-liceo-e-comune-di-cassano\/#article","isPartOf":{"@id":"https:\/\/archiviocassano.lavocedelpaese.info\/index.php\/2015\/04\/29\/a-cento-anni-dalla-grande-guerra-il-29-aprile-conferenza-e-una-mostra-a-cura-di-club-unesco-liceo-e-comune-di-cassano\/"},"author":{"name":"admin","@id":"https:\/\/archiviocassano.lavocedelpaese.info\/#\/schema\/person\/df195bc79a9b4c35127cf005f92e041b"},"headline":"Grande Guerra: oggi la conferenza al Liceo","datePublished":"2015-04-29T05:43:04+00:00","mainEntityOfPage":{"@id":"https:\/\/archiviocassano.lavocedelpaese.info\/index.php\/2015\/04\/29\/a-cento-anni-dalla-grande-guerra-il-29-aprile-conferenza-e-una-mostra-a-cura-di-club-unesco-liceo-e-comune-di-cassano\/"},"wordCount":478,"commentCount":0,"publisher":{"@id":"https:\/\/archiviocassano.lavocedelpaese.info\/#organization"},"image":{"@id":"https:\/\/archiviocassano.lavocedelpaese.info\/index.php\/2015\/04\/29\/a-cento-anni-dalla-grande-guerra-il-29-aprile-conferenza-e-una-mostra-a-cura-di-club-unesco-liceo-e-comune-di-cassano\/#primaryimage"},"thumbnailUrl":"https:\/\/archiviocassano.lavocedelpaese.info\/wp-content\/uploads\/2015\/04\/conferenza_29_aprile.jpg","articleSection":["Appuntamenti"],"inLanguage":"it-IT","potentialAction":[{"@type":"CommentAction","name":"Comment","target":["https:\/\/archiviocassano.lavocedelpaese.info\/index.php\/2015\/04\/29\/a-cento-anni-dalla-grande-guerra-il-29-aprile-conferenza-e-una-mostra-a-cura-di-club-unesco-liceo-e-comune-di-cassano\/#respond"]}]},{"@type":"WebPage","@id":"https:\/\/archiviocassano.lavocedelpaese.info\/index.php\/2015\/04\/29\/a-cento-anni-dalla-grande-guerra-il-29-aprile-conferenza-e-una-mostra-a-cura-di-club-unesco-liceo-e-comune-di-cassano\/","url":"https:\/\/archiviocassano.lavocedelpaese.info\/index.php\/2015\/04\/29\/a-cento-anni-dalla-grande-guerra-il-29-aprile-conferenza-e-una-mostra-a-cura-di-club-unesco-liceo-e-comune-di-cassano\/","name":"Grande Guerra: oggi la conferenza al Liceo - Archivio CassanoWeb","isPartOf":{"@id":"https:\/\/archiviocassano.lavocedelpaese.info\/#website"},"primaryImageOfPage":{"@id":"https:\/\/archiviocassano.lavocedelpaese.info\/index.php\/2015\/04\/29\/a-cento-anni-dalla-grande-guerra-il-29-aprile-conferenza-e-una-mostra-a-cura-di-club-unesco-liceo-e-comune-di-cassano\/#primaryimage"},"image":{"@id":"https:\/\/archiviocassano.lavocedelpaese.info\/index.php\/2015\/04\/29\/a-cento-anni-dalla-grande-guerra-il-29-aprile-conferenza-e-una-mostra-a-cura-di-club-unesco-liceo-e-comune-di-cassano\/#primaryimage"},"thumbnailUrl":"https:\/\/archiviocassano.lavocedelpaese.info\/wp-content\/uploads\/2015\/04\/conferenza_29_aprile.jpg","datePublished":"2015-04-29T05:43:04+00:00","breadcrumb":{"@id":"https:\/\/archiviocassano.lavocedelpaese.info\/index.php\/2015\/04\/29\/a-cento-anni-dalla-grande-guerra-il-29-aprile-conferenza-e-una-mostra-a-cura-di-club-unesco-liceo-e-comune-di-cassano\/#breadcrumb"},"inLanguage":"it-IT","potentialAction":[{"@type":"ReadAction","target":["https:\/\/archiviocassano.lavocedelpaese.info\/index.php\/2015\/04\/29\/a-cento-anni-dalla-grande-guerra-il-29-aprile-conferenza-e-una-mostra-a-cura-di-club-unesco-liceo-e-comune-di-cassano\/"]}]},{"@type":"ImageObject","inLanguage":"it-IT","@id":"https:\/\/archiviocassano.lavocedelpaese.info\/index.php\/2015\/04\/29\/a-cento-anni-dalla-grande-guerra-il-29-aprile-conferenza-e-una-mostra-a-cura-di-club-unesco-liceo-e-comune-di-cassano\/#primaryimage","url":"https:\/\/archiviocassano.lavocedelpaese.info\/wp-content\/uploads\/2015\/04\/conferenza_29_aprile.jpg","contentUrl":"https:\/\/archiviocassano.lavocedelpaese.info\/wp-content\/uploads\/2015\/04\/conferenza_29_aprile.jpg","width":600,"height":370,"caption":"conferenza 29 aprile"},{"@type":"BreadcrumbList","@id":"https:\/\/archiviocassano.lavocedelpaese.info\/index.php\/2015\/04\/29\/a-cento-anni-dalla-grande-guerra-il-29-aprile-conferenza-e-una-mostra-a-cura-di-club-unesco-liceo-e-comune-di-cassano\/#breadcrumb","itemListElement":[{"@type":"ListItem","position":1,"name":"Home","item":"https:\/\/archiviocassano.lavocedelpaese.info\/"},{"@type":"ListItem","position":2,"name":"Grande Guerra: oggi la conferenza al Liceo"}]},{"@type":"WebSite","@id":"https:\/\/archiviocassano.lavocedelpaese.info\/#website","url":"https:\/\/archiviocassano.lavocedelpaese.info\/","name":"Archivio CassanoWeb","description":"La Voce del Paese - un network di idee","publisher":{"@id":"https:\/\/archiviocassano.lavocedelpaese.info\/#organization"},"potentialAction":[{"@type":"SearchAction","target":{"@type":"EntryPoint","urlTemplate":"https:\/\/archiviocassano.lavocedelpaese.info\/?s={search_term_string}"},"query-input":{"@type":"PropertyValueSpecification","valueRequired":true,"valueName":"search_term_string"}}],"inLanguage":"it-IT"},{"@type":"Organization","@id":"https:\/\/archiviocassano.lavocedelpaese.info\/#organization","name":"Archivio CassanoWeb","url":"https:\/\/archiviocassano.lavocedelpaese.info\/","logo":{"@type":"ImageObject","inLanguage":"it-IT","@id":"https:\/\/archiviocassano.lavocedelpaese.info\/#\/schema\/logo\/image\/","url":"https:\/\/archiviocassano.lavocedelpaese.info\/wp-content\/uploads\/2024\/08\/logo-rosso-2.png","contentUrl":"https:\/\/archiviocassano.lavocedelpaese.info\/wp-content\/uploads\/2024\/08\/logo-rosso-2.png","width":491,"height":432,"caption":"Archivio CassanoWeb"},"image":{"@id":"https:\/\/archiviocassano.lavocedelpaese.info\/#\/schema\/logo\/image\/"},"sameAs":["https:\/\/www.facebook.com\/redazione.cassanoweb"]},{"@type":"Person","@id":"https:\/\/archiviocassano.lavocedelpaese.info\/#\/schema\/person\/df195bc79a9b4c35127cf005f92e041b","name":"admin","image":{"@type":"ImageObject","inLanguage":"it-IT","@id":"https:\/\/secure.gravatar.com\/avatar\/eabba89a432e8eaa1b0207cc55f7e5340b22712b1ed80677efcf63e02ff5b235?s=96&d=mm&r=g","url":"https:\/\/secure.gravatar.com\/avatar\/eabba89a432e8eaa1b0207cc55f7e5340b22712b1ed80677efcf63e02ff5b235?s=96&d=mm&r=g","contentUrl":"https:\/\/secure.gravatar.com\/avatar\/eabba89a432e8eaa1b0207cc55f7e5340b22712b1ed80677efcf63e02ff5b235?s=96&d=mm&r=g","caption":"admin"},"sameAs":["https:\/\/archiviocassano.lavocedelpaese.info"],"url":"https:\/\/archiviocassano.lavocedelpaese.info\/index.php\/author\/admin_0qgz1xdp\/"}]}},"_links":{"self":[{"href":"https:\/\/archiviocassano.lavocedelpaese.info\/index.php\/wp-json\/wp\/v2\/posts\/10775","targetHints":{"allow":["GET"]}}],"collection":[{"href":"https:\/\/archiviocassano.lavocedelpaese.info\/index.php\/wp-json\/wp\/v2\/posts"}],"about":[{"href":"https:\/\/archiviocassano.lavocedelpaese.info\/index.php\/wp-json\/wp\/v2\/types\/post"}],"author":[{"embeddable":true,"href":"https:\/\/archiviocassano.lavocedelpaese.info\/index.php\/wp-json\/wp\/v2\/users\/1"}],"replies":[{"embeddable":true,"href":"https:\/\/archiviocassano.lavocedelpaese.info\/index.php\/wp-json\/wp\/v2\/comments?post=10775"}],"version-history":[{"count":0,"href":"https:\/\/archiviocassano.lavocedelpaese.info\/index.php\/wp-json\/wp\/v2\/posts\/10775\/revisions"}],"wp:featuredmedia":[{"embeddable":true,"href":"https:\/\/archiviocassano.lavocedelpaese.info\/index.php\/wp-json\/wp\/v2\/media\/10774"}],"wp:attachment":[{"href":"https:\/\/archiviocassano.lavocedelpaese.info\/index.php\/wp-json\/wp\/v2\/media?parent=10775"}],"wp:term":[{"taxonomy":"category","embeddable":true,"href":"https:\/\/archiviocassano.lavocedelpaese.info\/index.php\/wp-json\/wp\/v2\/categories?post=10775"},{"taxonomy":"post_tag","embeddable":true,"href":"https:\/\/archiviocassano.lavocedelpaese.info\/index.php\/wp-json\/wp\/v2\/tags?post=10775"}],"curies":[{"name":"wp","href":"https:\/\/api.w.org\/{rel}","templated":true}]}}