{"id":10790,"date":"2015-04-28T14:07:12","date_gmt":"2015-04-28T14:07:12","guid":{"rendered":"https:\/\/archiviocassano.lavocedelpaese.info\/index.php\/2015\/04\/28\/cassano-ha-un-luogo-della-memoria-per-chi-offri-la-vita-per-la-liberazione\/"},"modified":"2015-04-28T14:07:12","modified_gmt":"2015-04-28T14:07:12","slug":"cassano-ha-un-luogo-della-memoria-per-chi-offri-la-vita-per-la-liberazione","status":"publish","type":"post","link":"https:\/\/archiviocassano.lavocedelpaese.info\/index.php\/2015\/04\/28\/cassano-ha-un-luogo-della-memoria-per-chi-offri-la-vita-per-la-liberazione\/","title":{"rendered":"Cassano ha un luogo della memoria per la Liberazione"},"content":{"rendered":"<p style=\"text-align: justify;\"><img loading=\"lazy\" decoding=\"async\" class=\" size-full wp-image-10787\" src=\"https:\/\/archiviocassano.lavocedelpaese.info\/wp-content\/uploads\/2015\/04\/lapide_marmorea_1.jpg\" alt=\"lapide marmorea 1\" height=\"150\" width=\"320\" \/><\/p>\n<p><!--more--><\/p>\n<p style=\"text-align: justify;\">Ora finalmente Cassano ha un luogo fisico dove ricordare coloro che settant&#8217;anni fa diedero la vita per la Liberazione dell&#8217;Italia, all&#8217;indomani della sconfitta del regime nazifascista.<\/p>\n<p style=\"text-align: justify;\">Un altro dono che la Fondazione &#8220;Albenzio-Patrino&#8221; ha fatto al paese, nel corso di una cerimonia solenne, svoltasi questa mattina in piazza Moro, benedetta dalla pioggia nel corso degli interventi di autorit\u00e0 e invitati.<\/p>\n<p>&nbsp;<\/p>\n<p style=\"text-align: center;\"><img loading=\"lazy\" decoding=\"async\" class=\" size-full wp-image-10788\" src=\"https:\/\/archiviocassano.lavocedelpaese.info\/wp-content\/uploads\/2015\/04\/lapide_marmorea_2.jpg\" alt=\"lapide marmorea 2\" style=\"margin-right: 2px; margin-left: 2px;\" width=\"600\" height=\"450\" srcset=\"https:\/\/archiviocassano.lavocedelpaese.info\/wp-content\/uploads\/2015\/04\/lapide_marmorea_2.jpg 600w, https:\/\/archiviocassano.lavocedelpaese.info\/wp-content\/uploads\/2015\/04\/lapide_marmorea_2-300x225.jpg 300w\" sizes=\"auto, (max-width: 600px) 100vw, 600px\" \/><\/p>\n<p style=\"text-align: justify;\">Con il Presidente della Fondazione, <strong>Francesco Giustino<\/strong>, i fondatori <strong>Antonia Patrino e Giuseppe Albenzio<\/strong>, il sindaco di Cassano <strong>Vito Lionetti<\/strong>, il parroco <strong>don Nunzio<\/strong> a fare gli onori di casa, innumerevole l&#8217;elenco delle autorit\u00e0 civili presenti alla cerimonia, assieme a numerosi Sindaci delle citt\u00e0 vicine e una folta rappresentanza di studenti di ogni ordine e grado delle scuole cassanesi, &#8220;<em>i veri ospiti d&#8217;onore di questa giornata&#8221;<\/em>, come ha detto la vice-presidente prof.sa patrino nel suo intervento.<\/p>\n<p style=\"text-align: justify;\"><em>\u201cSe siamo liberi non \u00e8 un caso. La libert\u00e0<\/em> \u2013 ha detto il Sindaco \u2013 <em>non ce l\u2019ha regalata nessuno ma ci \u00e8 stata data grazie a persone che ci hanno creduto e che hanno lottato per essa. Il frutto di questa scelta \u00e8 stata la Carta Costituzionale\u201d <\/em>e citando una famosa trasmissione di Roberto Benigni Lionetti ha ricordato come essa \u00e8 stata definita \u201cla pi\u00f9 bella del mondo\u201d.<\/p>\n<p>Agli alunni, agli studenti, dunque, Lionetti ha lanciato l\u2019appello a far s\u00ec che quel che oggi si sta celebrando non vada mai dimenticato.<\/p>\n<p>&nbsp;<\/p>\n<p style=\"text-align: justify;\">&nbsp;<\/p>\n<p style=\"text-align: center;\"><img loading=\"lazy\" decoding=\"async\" class=\" size-full wp-image-10789\" src=\"https:\/\/archiviocassano.lavocedelpaese.info\/wp-content\/uploads\/2015\/04\/lapide_marmorea_3.jpg\" alt=\"lapide marmorea 3\" style=\"margin-right: 2px; margin-left: 2px;\" width=\"600\" height=\"450\" srcset=\"https:\/\/archiviocassano.lavocedelpaese.info\/wp-content\/uploads\/2015\/04\/lapide_marmorea_3.jpg 600w, https:\/\/archiviocassano.lavocedelpaese.info\/wp-content\/uploads\/2015\/04\/lapide_marmorea_3-300x225.jpg 300w\" sizes=\"auto, (max-width: 600px) 100vw, 600px\" \/><\/p>\n<p style=\"text-align: center;\">&nbsp;<\/p>\n<p style=\"text-align: justify;\">Imponente, poi, la presenza delle Forze dell&#8217;ordine rappresentate al massimo grado, per quel che riguarda la Legione Carabinieri Puglia, con il <strong>Generale Claudio Vincelli,<\/strong> affiancato dal&nbsp;nostro concittadino&nbsp;<strong>Filippo Giampietro<\/strong>, Comandante della Polizia Stradale di Gioia del Colle,&nbsp;da rappresentanti della Guardia di Finanza, del Corpo Forestale dello Stato oltre a nutrite rappresentanze delle associazioni combattentistiche e d&#8217;Arma.<\/p>\n<p style=\"text-align: justify;\">Tutti hanno sottolineato l&#8217;importanza del trasmettere la memoria storica alle nuove generazioni, per coloro che con sacrificio hanno permesso di vivere in una democrazia.<\/p>\n<p style=\"text-align: justify;\"><em>&#8220;La Liberazione<\/em> &#8211; ha detto nel suo intervento la prof.sa Patrino &#8211; <em>\u00e8 la conclusione di un lungo percorso cominciato dal Risorgimento, teso a unificare la Nazione italiana. Ecco perch\u00e8 ci piace che tutti guardassimo alle Istituzioni con simpatia, perch\u00e8 esse sono il risultato di chi ha lottato per noi affinch\u00e8 noi tutti ci si senta parte di quella storia&#8221;.<\/em><\/p>\n<p style=\"text-align: justify;\"><em>&#8220;La liberazione non \u00e8 teminata<\/em> &#8211; ha detto don Nunzio benedicendo l&#8217;opera &#8211; <em>perch\u00e8 ogni giorno dobbiamo operare per liberare i nostri luoghi dalle mafie, dal malaffare, dall&#8217;egosimo, dall&#8217;incapacit\u00e0 di accogliere l&#8217;altro&#8221;.&nbsp;<\/em><\/p>\n<p style=\"text-align: justify;\">In conclusione, il prof. <strong>Antonio Leuzzi<\/strong>, Direttore per la storia dell&#8217;antifascismo e dell&#8217;Italia contemporanea ha ringraziato, anche a nome delle associazioni di partigiani, la Fondazione e il Comune per aver scelto di non dimenticare, per far s\u00ec che ognuno continui a riflettere sulla necessit\u00e0 che certe tragedie non si ripetano.<\/p>\n<p style=\"text-align: justify;\"><em>\u201cCi uniamo con convinzione<\/em> &nbsp;&#8211; ha scritto in una nota <strong>Maria Pia Di Medio<\/strong>, capogruppo Consiliare \u201cPer crederci ancora\u201d &#8211; <em>al sentimento di gratitudine verso chi ha combattuto per la Liberazione. Questo sentimento, manifestato oggi con la cerimonia per l&#8217;apposizione della lapide sul Palazzo di Citt\u00e0 a cura della Fondazione Albenzio Patrino, ci deve far riflettere quotidianamente sul sacrificio e sulla abnegazione di tutti quelli che ci hanno consegnato un\u2019Italia democratica, uno Stato con la Costituzione pi\u00f9 bella del Mondo.&nbsp;<\/em><em>Nel Comitato di Liberazione Nazionale vi erano uomini come Pertini, Parri, De Gasperi e Ugo La Malfa il cui insegnamento di libert\u00e0, tolleranza e solidariet\u00e0 continua ad ispirarci.&nbsp;<\/em><em>Auguriamo a tutta la comunit\u00e0 di conservare quei valori con la genuinit\u00e0 con cui ce li hanno consegnati i padri. W la Repubblica Italiana.<\/em><\/p>\n<p style=\"text-align: justify;\"><em>&nbsp;<\/em><\/p>\n<p style=\"text-align: justify;\"><strong>&nbsp;<\/strong><\/p>\n<p style=\"text-align: justify;\"><strong>Sul settimanale &nbsp;&#8220;La voce del paese&#8221; in uscita venerd\u00ec 1\u00b0 maggio, i discorsi, i commenti, la cronaca e un ampio servizio fotografico sull&#8217;evento odierno.<\/strong><\/p>\n<p style=\"text-align: justify;\">&nbsp;<\/p>\n<p style=\"text-align: center;\">&nbsp;<\/p>\n","protected":false},"excerpt":{"rendered":"","protected":false},"author":1,"featured_media":10787,"comment_status":"open","ping_status":"closed","sticky":false,"template":"","format":"standard","meta":{"colormag_page_container_layout":"default_layout","colormag_page_sidebar_layout":"default_layout","footnotes":""},"categories":[6],"tags":[],"class_list":["post-10790","post","type-post","status-publish","format-standard","has-post-thumbnail","hentry","category-cultura"],"yoast_head":"<!-- This site is optimized with the Yoast SEO plugin v27.5 - https:\/\/yoast.com\/product\/yoast-seo-wordpress\/ -->\n<title>Cassano ha un luogo della memoria per la Liberazione - Archivio CassanoWeb<\/title>\n<meta name=\"robots\" content=\"index, follow, max-snippet:-1, max-image-preview:large, max-video-preview:-1\" \/>\n<link rel=\"canonical\" href=\"https:\/\/archiviocassano.lavocedelpaese.info\/index.php\/2015\/04\/28\/cassano-ha-un-luogo-della-memoria-per-chi-offri-la-vita-per-la-liberazione\/\" \/>\n<meta property=\"og:locale\" content=\"it_IT\" \/>\n<meta property=\"og:type\" content=\"article\" \/>\n<meta property=\"og:title\" content=\"Cassano ha un luogo della memoria per la Liberazione - Archivio CassanoWeb\" \/>\n<meta property=\"og:url\" content=\"https:\/\/archiviocassano.lavocedelpaese.info\/index.php\/2015\/04\/28\/cassano-ha-un-luogo-della-memoria-per-chi-offri-la-vita-per-la-liberazione\/\" \/>\n<meta property=\"og:site_name\" content=\"Archivio CassanoWeb\" \/>\n<meta property=\"article:publisher\" content=\"https:\/\/www.facebook.com\/redazione.cassanoweb\" \/>\n<meta property=\"article:published_time\" content=\"2015-04-28T14:07:12+00:00\" \/>\n<meta property=\"og:image\" content=\"https:\/\/archiviocassano.lavocedelpaese.info\/wp-content\/uploads\/2015\/04\/lapide_marmorea_1.jpg\" \/>\n\t<meta property=\"og:image:width\" content=\"600\" \/>\n\t<meta property=\"og:image:height\" content=\"395\" \/>\n\t<meta property=\"og:image:type\" content=\"image\/jpeg\" \/>\n<meta name=\"author\" content=\"admin\" \/>\n<meta name=\"twitter:card\" content=\"summary_large_image\" \/>\n<meta name=\"twitter:label1\" content=\"Scritto da\" \/>\n\t<meta name=\"twitter:data1\" content=\"admin\" \/>\n\t<meta name=\"twitter:label2\" content=\"Tempo di lettura stimato\" \/>\n\t<meta name=\"twitter:data2\" content=\"3 minuti\" \/>\n<script type=\"application\/ld+json\" class=\"yoast-schema-graph\">{\"@context\":\"https:\\\/\\\/schema.org\",\"@graph\":[{\"@type\":\"Article\",\"@id\":\"https:\\\/\\\/archiviocassano.lavocedelpaese.info\\\/index.php\\\/2015\\\/04\\\/28\\\/cassano-ha-un-luogo-della-memoria-per-chi-offri-la-vita-per-la-liberazione\\\/#article\",\"isPartOf\":{\"@id\":\"https:\\\/\\\/archiviocassano.lavocedelpaese.info\\\/index.php\\\/2015\\\/04\\\/28\\\/cassano-ha-un-luogo-della-memoria-per-chi-offri-la-vita-per-la-liberazione\\\/\"},\"author\":{\"name\":\"admin\",\"@id\":\"https:\\\/\\\/archiviocassano.lavocedelpaese.info\\\/#\\\/schema\\\/person\\\/df195bc79a9b4c35127cf005f92e041b\"},\"headline\":\"Cassano ha un luogo della memoria per la Liberazione\",\"datePublished\":\"2015-04-28T14:07:12+00:00\",\"mainEntityOfPage\":{\"@id\":\"https:\\\/\\\/archiviocassano.lavocedelpaese.info\\\/index.php\\\/2015\\\/04\\\/28\\\/cassano-ha-un-luogo-della-memoria-per-chi-offri-la-vita-per-la-liberazione\\\/\"},\"wordCount\":645,\"commentCount\":0,\"publisher\":{\"@id\":\"https:\\\/\\\/archiviocassano.lavocedelpaese.info\\\/#organization\"},\"image\":{\"@id\":\"https:\\\/\\\/archiviocassano.lavocedelpaese.info\\\/index.php\\\/2015\\\/04\\\/28\\\/cassano-ha-un-luogo-della-memoria-per-chi-offri-la-vita-per-la-liberazione\\\/#primaryimage\"},\"thumbnailUrl\":\"https:\\\/\\\/archiviocassano.lavocedelpaese.info\\\/wp-content\\\/uploads\\\/2015\\\/04\\\/lapide_marmorea_1.jpg\",\"articleSection\":[\"Cultura\"],\"inLanguage\":\"it-IT\",\"potentialAction\":[{\"@type\":\"CommentAction\",\"name\":\"Comment\",\"target\":[\"https:\\\/\\\/archiviocassano.lavocedelpaese.info\\\/index.php\\\/2015\\\/04\\\/28\\\/cassano-ha-un-luogo-della-memoria-per-chi-offri-la-vita-per-la-liberazione\\\/#respond\"]}]},{\"@type\":\"WebPage\",\"@id\":\"https:\\\/\\\/archiviocassano.lavocedelpaese.info\\\/index.php\\\/2015\\\/04\\\/28\\\/cassano-ha-un-luogo-della-memoria-per-chi-offri-la-vita-per-la-liberazione\\\/\",\"url\":\"https:\\\/\\\/archiviocassano.lavocedelpaese.info\\\/index.php\\\/2015\\\/04\\\/28\\\/cassano-ha-un-luogo-della-memoria-per-chi-offri-la-vita-per-la-liberazione\\\/\",\"name\":\"Cassano ha un luogo della memoria per la Liberazione - Archivio CassanoWeb\",\"isPartOf\":{\"@id\":\"https:\\\/\\\/archiviocassano.lavocedelpaese.info\\\/#website\"},\"primaryImageOfPage\":{\"@id\":\"https:\\\/\\\/archiviocassano.lavocedelpaese.info\\\/index.php\\\/2015\\\/04\\\/28\\\/cassano-ha-un-luogo-della-memoria-per-chi-offri-la-vita-per-la-liberazione\\\/#primaryimage\"},\"image\":{\"@id\":\"https:\\\/\\\/archiviocassano.lavocedelpaese.info\\\/index.php\\\/2015\\\/04\\\/28\\\/cassano-ha-un-luogo-della-memoria-per-chi-offri-la-vita-per-la-liberazione\\\/#primaryimage\"},\"thumbnailUrl\":\"https:\\\/\\\/archiviocassano.lavocedelpaese.info\\\/wp-content\\\/uploads\\\/2015\\\/04\\\/lapide_marmorea_1.jpg\",\"datePublished\":\"2015-04-28T14:07:12+00:00\",\"breadcrumb\":{\"@id\":\"https:\\\/\\\/archiviocassano.lavocedelpaese.info\\\/index.php\\\/2015\\\/04\\\/28\\\/cassano-ha-un-luogo-della-memoria-per-chi-offri-la-vita-per-la-liberazione\\\/#breadcrumb\"},\"inLanguage\":\"it-IT\",\"potentialAction\":[{\"@type\":\"ReadAction\",\"target\":[\"https:\\\/\\\/archiviocassano.lavocedelpaese.info\\\/index.php\\\/2015\\\/04\\\/28\\\/cassano-ha-un-luogo-della-memoria-per-chi-offri-la-vita-per-la-liberazione\\\/\"]}]},{\"@type\":\"ImageObject\",\"inLanguage\":\"it-IT\",\"@id\":\"https:\\\/\\\/archiviocassano.lavocedelpaese.info\\\/index.php\\\/2015\\\/04\\\/28\\\/cassano-ha-un-luogo-della-memoria-per-chi-offri-la-vita-per-la-liberazione\\\/#primaryimage\",\"url\":\"https:\\\/\\\/archiviocassano.lavocedelpaese.info\\\/wp-content\\\/uploads\\\/2015\\\/04\\\/lapide_marmorea_1.jpg\",\"contentUrl\":\"https:\\\/\\\/archiviocassano.lavocedelpaese.info\\\/wp-content\\\/uploads\\\/2015\\\/04\\\/lapide_marmorea_1.jpg\",\"width\":600,\"height\":395,\"caption\":\"lapide marmorea 1\"},{\"@type\":\"BreadcrumbList\",\"@id\":\"https:\\\/\\\/archiviocassano.lavocedelpaese.info\\\/index.php\\\/2015\\\/04\\\/28\\\/cassano-ha-un-luogo-della-memoria-per-chi-offri-la-vita-per-la-liberazione\\\/#breadcrumb\",\"itemListElement\":[{\"@type\":\"ListItem\",\"position\":1,\"name\":\"Home\",\"item\":\"https:\\\/\\\/archiviocassano.lavocedelpaese.info\\\/\"},{\"@type\":\"ListItem\",\"position\":2,\"name\":\"Cassano ha un luogo della memoria per la Liberazione\"}]},{\"@type\":\"WebSite\",\"@id\":\"https:\\\/\\\/archiviocassano.lavocedelpaese.info\\\/#website\",\"url\":\"https:\\\/\\\/archiviocassano.lavocedelpaese.info\\\/\",\"name\":\"Archivio CassanoWeb\",\"description\":\"La Voce del Paese - un network di idee\",\"publisher\":{\"@id\":\"https:\\\/\\\/archiviocassano.lavocedelpaese.info\\\/#organization\"},\"potentialAction\":[{\"@type\":\"SearchAction\",\"target\":{\"@type\":\"EntryPoint\",\"urlTemplate\":\"https:\\\/\\\/archiviocassano.lavocedelpaese.info\\\/?s={search_term_string}\"},\"query-input\":{\"@type\":\"PropertyValueSpecification\",\"valueRequired\":true,\"valueName\":\"search_term_string\"}}],\"inLanguage\":\"it-IT\"},{\"@type\":\"Organization\",\"@id\":\"https:\\\/\\\/archiviocassano.lavocedelpaese.info\\\/#organization\",\"name\":\"Archivio CassanoWeb\",\"url\":\"https:\\\/\\\/archiviocassano.lavocedelpaese.info\\\/\",\"logo\":{\"@type\":\"ImageObject\",\"inLanguage\":\"it-IT\",\"@id\":\"https:\\\/\\\/archiviocassano.lavocedelpaese.info\\\/#\\\/schema\\\/logo\\\/image\\\/\",\"url\":\"https:\\\/\\\/archiviocassano.lavocedelpaese.info\\\/wp-content\\\/uploads\\\/2024\\\/08\\\/logo-rosso-2.png\",\"contentUrl\":\"https:\\\/\\\/archiviocassano.lavocedelpaese.info\\\/wp-content\\\/uploads\\\/2024\\\/08\\\/logo-rosso-2.png\",\"width\":491,\"height\":432,\"caption\":\"Archivio CassanoWeb\"},\"image\":{\"@id\":\"https:\\\/\\\/archiviocassano.lavocedelpaese.info\\\/#\\\/schema\\\/logo\\\/image\\\/\"},\"sameAs\":[\"https:\\\/\\\/www.facebook.com\\\/redazione.cassanoweb\"]},{\"@type\":\"Person\",\"@id\":\"https:\\\/\\\/archiviocassano.lavocedelpaese.info\\\/#\\\/schema\\\/person\\\/df195bc79a9b4c35127cf005f92e041b\",\"name\":\"admin\",\"image\":{\"@type\":\"ImageObject\",\"inLanguage\":\"it-IT\",\"@id\":\"https:\\\/\\\/secure.gravatar.com\\\/avatar\\\/eabba89a432e8eaa1b0207cc55f7e5340b22712b1ed80677efcf63e02ff5b235?s=96&d=mm&r=g\",\"url\":\"https:\\\/\\\/secure.gravatar.com\\\/avatar\\\/eabba89a432e8eaa1b0207cc55f7e5340b22712b1ed80677efcf63e02ff5b235?s=96&d=mm&r=g\",\"contentUrl\":\"https:\\\/\\\/secure.gravatar.com\\\/avatar\\\/eabba89a432e8eaa1b0207cc55f7e5340b22712b1ed80677efcf63e02ff5b235?s=96&d=mm&r=g\",\"caption\":\"admin\"},\"sameAs\":[\"https:\\\/\\\/archiviocassano.lavocedelpaese.info\"],\"url\":\"https:\\\/\\\/archiviocassano.lavocedelpaese.info\\\/index.php\\\/author\\\/admin_0qgz1xdp\\\/\"}]}<\/script>\n<!-- \/ Yoast SEO plugin. -->","yoast_head_json":{"title":"Cassano ha un luogo della memoria per la Liberazione - Archivio CassanoWeb","robots":{"index":"index","follow":"follow","max-snippet":"max-snippet:-1","max-image-preview":"max-image-preview:large","max-video-preview":"max-video-preview:-1"},"canonical":"https:\/\/archiviocassano.lavocedelpaese.info\/index.php\/2015\/04\/28\/cassano-ha-un-luogo-della-memoria-per-chi-offri-la-vita-per-la-liberazione\/","og_locale":"it_IT","og_type":"article","og_title":"Cassano ha un luogo della memoria per la Liberazione - Archivio CassanoWeb","og_url":"https:\/\/archiviocassano.lavocedelpaese.info\/index.php\/2015\/04\/28\/cassano-ha-un-luogo-della-memoria-per-chi-offri-la-vita-per-la-liberazione\/","og_site_name":"Archivio CassanoWeb","article_publisher":"https:\/\/www.facebook.com\/redazione.cassanoweb","article_published_time":"2015-04-28T14:07:12+00:00","og_image":[{"width":600,"height":395,"url":"https:\/\/archiviocassano.lavocedelpaese.info\/wp-content\/uploads\/2015\/04\/lapide_marmorea_1.jpg","type":"image\/jpeg"}],"author":"admin","twitter_card":"summary_large_image","twitter_misc":{"Scritto da":"admin","Tempo di lettura stimato":"3 minuti"},"schema":{"@context":"https:\/\/schema.org","@graph":[{"@type":"Article","@id":"https:\/\/archiviocassano.lavocedelpaese.info\/index.php\/2015\/04\/28\/cassano-ha-un-luogo-della-memoria-per-chi-offri-la-vita-per-la-liberazione\/#article","isPartOf":{"@id":"https:\/\/archiviocassano.lavocedelpaese.info\/index.php\/2015\/04\/28\/cassano-ha-un-luogo-della-memoria-per-chi-offri-la-vita-per-la-liberazione\/"},"author":{"name":"admin","@id":"https:\/\/archiviocassano.lavocedelpaese.info\/#\/schema\/person\/df195bc79a9b4c35127cf005f92e041b"},"headline":"Cassano ha un luogo della memoria per la Liberazione","datePublished":"2015-04-28T14:07:12+00:00","mainEntityOfPage":{"@id":"https:\/\/archiviocassano.lavocedelpaese.info\/index.php\/2015\/04\/28\/cassano-ha-un-luogo-della-memoria-per-chi-offri-la-vita-per-la-liberazione\/"},"wordCount":645,"commentCount":0,"publisher":{"@id":"https:\/\/archiviocassano.lavocedelpaese.info\/#organization"},"image":{"@id":"https:\/\/archiviocassano.lavocedelpaese.info\/index.php\/2015\/04\/28\/cassano-ha-un-luogo-della-memoria-per-chi-offri-la-vita-per-la-liberazione\/#primaryimage"},"thumbnailUrl":"https:\/\/archiviocassano.lavocedelpaese.info\/wp-content\/uploads\/2015\/04\/lapide_marmorea_1.jpg","articleSection":["Cultura"],"inLanguage":"it-IT","potentialAction":[{"@type":"CommentAction","name":"Comment","target":["https:\/\/archiviocassano.lavocedelpaese.info\/index.php\/2015\/04\/28\/cassano-ha-un-luogo-della-memoria-per-chi-offri-la-vita-per-la-liberazione\/#respond"]}]},{"@type":"WebPage","@id":"https:\/\/archiviocassano.lavocedelpaese.info\/index.php\/2015\/04\/28\/cassano-ha-un-luogo-della-memoria-per-chi-offri-la-vita-per-la-liberazione\/","url":"https:\/\/archiviocassano.lavocedelpaese.info\/index.php\/2015\/04\/28\/cassano-ha-un-luogo-della-memoria-per-chi-offri-la-vita-per-la-liberazione\/","name":"Cassano ha un luogo della memoria per la Liberazione - Archivio CassanoWeb","isPartOf":{"@id":"https:\/\/archiviocassano.lavocedelpaese.info\/#website"},"primaryImageOfPage":{"@id":"https:\/\/archiviocassano.lavocedelpaese.info\/index.php\/2015\/04\/28\/cassano-ha-un-luogo-della-memoria-per-chi-offri-la-vita-per-la-liberazione\/#primaryimage"},"image":{"@id":"https:\/\/archiviocassano.lavocedelpaese.info\/index.php\/2015\/04\/28\/cassano-ha-un-luogo-della-memoria-per-chi-offri-la-vita-per-la-liberazione\/#primaryimage"},"thumbnailUrl":"https:\/\/archiviocassano.lavocedelpaese.info\/wp-content\/uploads\/2015\/04\/lapide_marmorea_1.jpg","datePublished":"2015-04-28T14:07:12+00:00","breadcrumb":{"@id":"https:\/\/archiviocassano.lavocedelpaese.info\/index.php\/2015\/04\/28\/cassano-ha-un-luogo-della-memoria-per-chi-offri-la-vita-per-la-liberazione\/#breadcrumb"},"inLanguage":"it-IT","potentialAction":[{"@type":"ReadAction","target":["https:\/\/archiviocassano.lavocedelpaese.info\/index.php\/2015\/04\/28\/cassano-ha-un-luogo-della-memoria-per-chi-offri-la-vita-per-la-liberazione\/"]}]},{"@type":"ImageObject","inLanguage":"it-IT","@id":"https:\/\/archiviocassano.lavocedelpaese.info\/index.php\/2015\/04\/28\/cassano-ha-un-luogo-della-memoria-per-chi-offri-la-vita-per-la-liberazione\/#primaryimage","url":"https:\/\/archiviocassano.lavocedelpaese.info\/wp-content\/uploads\/2015\/04\/lapide_marmorea_1.jpg","contentUrl":"https:\/\/archiviocassano.lavocedelpaese.info\/wp-content\/uploads\/2015\/04\/lapide_marmorea_1.jpg","width":600,"height":395,"caption":"lapide marmorea 1"},{"@type":"BreadcrumbList","@id":"https:\/\/archiviocassano.lavocedelpaese.info\/index.php\/2015\/04\/28\/cassano-ha-un-luogo-della-memoria-per-chi-offri-la-vita-per-la-liberazione\/#breadcrumb","itemListElement":[{"@type":"ListItem","position":1,"name":"Home","item":"https:\/\/archiviocassano.lavocedelpaese.info\/"},{"@type":"ListItem","position":2,"name":"Cassano ha un luogo della memoria per la Liberazione"}]},{"@type":"WebSite","@id":"https:\/\/archiviocassano.lavocedelpaese.info\/#website","url":"https:\/\/archiviocassano.lavocedelpaese.info\/","name":"Archivio CassanoWeb","description":"La Voce del Paese - un network di idee","publisher":{"@id":"https:\/\/archiviocassano.lavocedelpaese.info\/#organization"},"potentialAction":[{"@type":"SearchAction","target":{"@type":"EntryPoint","urlTemplate":"https:\/\/archiviocassano.lavocedelpaese.info\/?s={search_term_string}"},"query-input":{"@type":"PropertyValueSpecification","valueRequired":true,"valueName":"search_term_string"}}],"inLanguage":"it-IT"},{"@type":"Organization","@id":"https:\/\/archiviocassano.lavocedelpaese.info\/#organization","name":"Archivio CassanoWeb","url":"https:\/\/archiviocassano.lavocedelpaese.info\/","logo":{"@type":"ImageObject","inLanguage":"it-IT","@id":"https:\/\/archiviocassano.lavocedelpaese.info\/#\/schema\/logo\/image\/","url":"https:\/\/archiviocassano.lavocedelpaese.info\/wp-content\/uploads\/2024\/08\/logo-rosso-2.png","contentUrl":"https:\/\/archiviocassano.lavocedelpaese.info\/wp-content\/uploads\/2024\/08\/logo-rosso-2.png","width":491,"height":432,"caption":"Archivio CassanoWeb"},"image":{"@id":"https:\/\/archiviocassano.lavocedelpaese.info\/#\/schema\/logo\/image\/"},"sameAs":["https:\/\/www.facebook.com\/redazione.cassanoweb"]},{"@type":"Person","@id":"https:\/\/archiviocassano.lavocedelpaese.info\/#\/schema\/person\/df195bc79a9b4c35127cf005f92e041b","name":"admin","image":{"@type":"ImageObject","inLanguage":"it-IT","@id":"https:\/\/secure.gravatar.com\/avatar\/eabba89a432e8eaa1b0207cc55f7e5340b22712b1ed80677efcf63e02ff5b235?s=96&d=mm&r=g","url":"https:\/\/secure.gravatar.com\/avatar\/eabba89a432e8eaa1b0207cc55f7e5340b22712b1ed80677efcf63e02ff5b235?s=96&d=mm&r=g","contentUrl":"https:\/\/secure.gravatar.com\/avatar\/eabba89a432e8eaa1b0207cc55f7e5340b22712b1ed80677efcf63e02ff5b235?s=96&d=mm&r=g","caption":"admin"},"sameAs":["https:\/\/archiviocassano.lavocedelpaese.info"],"url":"https:\/\/archiviocassano.lavocedelpaese.info\/index.php\/author\/admin_0qgz1xdp\/"}]}},"_links":{"self":[{"href":"https:\/\/archiviocassano.lavocedelpaese.info\/index.php\/wp-json\/wp\/v2\/posts\/10790","targetHints":{"allow":["GET"]}}],"collection":[{"href":"https:\/\/archiviocassano.lavocedelpaese.info\/index.php\/wp-json\/wp\/v2\/posts"}],"about":[{"href":"https:\/\/archiviocassano.lavocedelpaese.info\/index.php\/wp-json\/wp\/v2\/types\/post"}],"author":[{"embeddable":true,"href":"https:\/\/archiviocassano.lavocedelpaese.info\/index.php\/wp-json\/wp\/v2\/users\/1"}],"replies":[{"embeddable":true,"href":"https:\/\/archiviocassano.lavocedelpaese.info\/index.php\/wp-json\/wp\/v2\/comments?post=10790"}],"version-history":[{"count":0,"href":"https:\/\/archiviocassano.lavocedelpaese.info\/index.php\/wp-json\/wp\/v2\/posts\/10790\/revisions"}],"wp:featuredmedia":[{"embeddable":true,"href":"https:\/\/archiviocassano.lavocedelpaese.info\/index.php\/wp-json\/wp\/v2\/media\/10787"}],"wp:attachment":[{"href":"https:\/\/archiviocassano.lavocedelpaese.info\/index.php\/wp-json\/wp\/v2\/media?parent=10790"}],"wp:term":[{"taxonomy":"category","embeddable":true,"href":"https:\/\/archiviocassano.lavocedelpaese.info\/index.php\/wp-json\/wp\/v2\/categories?post=10790"},{"taxonomy":"post_tag","embeddable":true,"href":"https:\/\/archiviocassano.lavocedelpaese.info\/index.php\/wp-json\/wp\/v2\/tags?post=10790"}],"curies":[{"name":"wp","href":"https:\/\/api.w.org\/{rel}","templated":true}]}}