{"id":108,"date":"2009-08-01T17:43:41","date_gmt":"2009-08-01T17:43:41","guid":{"rendered":"https:\/\/archiviocassano.lavocedelpaese.info\/index.php\/2009\/08\/01\/sudden-ensemble-a-giovinazzo\/"},"modified":"2009-08-01T17:43:41","modified_gmt":"2009-08-01T17:43:41","slug":"sudden-ensemble-a-giovinazzo","status":"publish","type":"post","link":"https:\/\/archiviocassano.lavocedelpaese.info\/index.php\/2009\/08\/01\/sudden-ensemble-a-giovinazzo\/","title":{"rendered":"SUDDEN ENSEMBLE A GIOVINAZZO"},"content":{"rendered":"<p><img loading=\"lazy\" decoding=\"async\" class=\" size-full wp-image-107\" height=\"156\" width=\"320\" src=\"https:\/\/archiviocassano.lavocedelpaese.info\/wp-content\/uploads\/2009\/08\/sudden_ensemble.jpg\" alt=\"sudden_ensemble\" srcset=\"https:\/\/archiviocassano.lavocedelpaese.info\/wp-content\/uploads\/2009\/08\/sudden_ensemble.jpg 410w, https:\/\/archiviocassano.lavocedelpaese.info\/wp-content\/uploads\/2009\/08\/sudden_ensemble-300x146.jpg 300w\" sizes=\"auto, (max-width: 320px) 100vw, 320px\" \/> <\/p>\n<p><!--more--><\/p>\n<h3>IL GRUPPO CAMERISTICO CASSANESE AL THE FOOD OPERA<\/h3>\n<p><strong>\u00a0<\/strong><\/p>\n<p style=\"text-align: justify;\">Si \u00e8 svolta il 30 luglio, presso il Cortile dell\u2019Istituto Vittorio Emanuele II di Giovinazzo, all\u2019interno del cartellone del <strong>II Festival Operistico del Mediterraneo<\/strong>, in prima assoluta, l&#8217;Opera in un atto e in sette scene <strong>&#8220;The Food Opera&#8221;<\/strong>, su libretto di <strong>Pino Africano<\/strong> e musica di <strong>Luigi Morleo<\/strong>.<\/p>\n<div style=\"text-align: justify;\"><\/div>\n<p style=\"text-align: justify;\">A questa meravigliosa Opera ha partecipato<strong>, <\/strong><strong>il Sudden Ensemble<\/strong><strong>, <\/strong><strong>gruppo cameristico cassanese<\/strong>, che ha sostituito, nell\u2019Opera, l\u2019orchestra. Il Sudden Ensemble \u00e8 formato da: <strong>Francesco manfredi<\/strong>, clarinettista cassanese, <strong>Tommaso Difonzo<\/strong>, clarinettista, <strong>Francesco Pugliese<\/strong>, sassofonista cassanese, <strong>Alessio Anzivino<\/strong>, tubista cassanese e <strong>Michele Fracchiolla<\/strong>, percussionista cassanese.<\/p>\n<div style=\"text-align: justify;\"><\/div>\n<p style=\"text-align: justify;\"><strong>LA STORIA<\/strong> &#8211; In origine si chiamava Sudden Quintet e nasceva nel <strong>2006 <\/strong>dall\u2019iniziativa di alcuni giovani componenti e musicisti professionisti dell\u2019Associazione Musicale \u201cS.Maria degli Angeli\u201d di Cassano, impegnati nei loro studi e con una propria attivit\u00e0 musicale.<\/p>\n<p style=\"text-align: justify;\">La formazione, molto atipica, rappresentava un esperimento perch\u00e9 composto da due clarinetti, un sassofono (alto o soprano), una tuba, batteria e percussioni; adesso \u00e8 una miscela perfetta e originale che, con l\u2019aggiunta di marimba e vibrafono, per l\u2019occasione, ha assunto il nome Sudden Ensemble.<\/p>\n<div style=\"text-align: justify;\"><\/div>\n<p style=\"text-align: justify;\">Il Sudden Ensemble, diretto dal Maestro Luigi Morleo, riempie di colori la cornice teatrale con straordinarie sonorit\u00e0 e rivela grande abilit\u00e0 nel passaggio tra stili e generi musicali che si intersecano tra loro con estrema fluidit\u00e0 musicale. The Food Opera \u00e8 un esempio di Opera Teatrale in cui si incontrano le tradizionali arti dell\u2019opera lirica con una musica che abbraccia il minimalismo, il pop, il jazz, l\u2019etnico, tutti forme e contenitori di esperienze musicali che Luigi Morleo fa convivere con estrema semplicit\u00e0, coinvolgendo il grande pubblico presente in uno spettacolo affascinante.<\/p>\n<div style=\"text-align: justify;\"><\/div>\n<p style=\"text-align: justify;\"><strong>ALIMENTAZIONE<\/strong> &#8211; L\u2019Opera riguarda il tema dell\u2019 alimentazione ed il cibo. Il cibo, infatti, \u00e8 una necessit\u00e0, per molti una rarit\u00e0, in alcune regioni del mondo una mancanza. Nella nostra societ\u00e0 occidentale il vero problema \u00e8 la <strong>sovrabbondanza di prodotti<\/strong> che siamo indotti a consumare, e il modo in cui si consumano.<\/p>\n<div style=\"text-align: justify;\"><\/div>\n<p style=\"text-align: justify;\">Il foltissimo pubblico presente ha apprezzato con lunghi applausi, al termine, l\u2019operazione che ha avuto in Luigi Morleo e nel naturopata Pino Africano (autore del libro <em>Aprite le orecchiette, <\/em>Unaltropuntodivista ed. ) i due protagonisti principali. La voce recitante ha tratto dai suoi scritti il libretto ed ha dispensato consigli da nutrizionista denunciando il cattivo <strong>rapporto che l\u2019uomo ha con il cibo<\/strong>, spesso causa di <strong>tumori<\/strong>, molti luoghi comuni e l\u2019alimentazione sbagliata degli ospedali. Il soprano, invece, ha ripreso con ottima vocalit\u00e0 i concetti sintetizzati da Africano esaltando i preziosi suggerimenti del libretto. Le vicende si susseguono in una scenografia accattivante e di facile coloritura ironica proiettata nel sottolineare l\u2019<strong>indifferenza<\/strong>, nella vita quotidiana, riguardo certe tematiche.<\/p>\n<div style=\"text-align: justify;\"><\/div>\n<p style=\"text-align: justify;\">I personaggi e gli interpreti sono <strong>Pino Africano<\/strong>, narratore e <strong>Marika Spadafino<\/strong><strong>,<\/strong> voce soprano. Il Maestro concertatore e direttore \u00e8 <strong>Luigi Morleo<\/strong>, mentre la regia e le scene sono a cura di <strong>Pino Africano e <\/strong><strong>Francesco Gorgoglione<\/strong>. Gli attori\u00a0 sono della compagnia \u201cQuelli del\u2026 Teatro\u201d di <strong>Gianni De Marzo<\/strong>.<strong> <\/strong><\/p>\n","protected":false},"excerpt":{"rendered":"","protected":false},"author":1,"featured_media":107,"comment_status":"open","ping_status":"closed","sticky":false,"template":"","format":"standard","meta":{"colormag_page_container_layout":"default_layout","colormag_page_sidebar_layout":"default_layout","footnotes":""},"categories":[6],"tags":[],"class_list":["post-108","post","type-post","status-publish","format-standard","has-post-thumbnail","hentry","category-cultura"],"yoast_head":"<!-- This site is optimized with the Yoast SEO plugin v27.5 - https:\/\/yoast.com\/product\/yoast-seo-wordpress\/ -->\n<title>SUDDEN ENSEMBLE A GIOVINAZZO - Archivio CassanoWeb<\/title>\n<meta name=\"robots\" content=\"index, follow, max-snippet:-1, max-image-preview:large, max-video-preview:-1\" \/>\n<link rel=\"canonical\" href=\"https:\/\/archiviocassano.lavocedelpaese.info\/index.php\/2009\/08\/01\/sudden-ensemble-a-giovinazzo\/\" \/>\n<meta property=\"og:locale\" content=\"it_IT\" \/>\n<meta property=\"og:type\" content=\"article\" \/>\n<meta property=\"og:title\" content=\"SUDDEN ENSEMBLE A GIOVINAZZO - Archivio CassanoWeb\" \/>\n<meta property=\"og:url\" content=\"https:\/\/archiviocassano.lavocedelpaese.info\/index.php\/2009\/08\/01\/sudden-ensemble-a-giovinazzo\/\" \/>\n<meta property=\"og:site_name\" content=\"Archivio CassanoWeb\" \/>\n<meta property=\"article:publisher\" content=\"https:\/\/www.facebook.com\/redazione.cassanoweb\" \/>\n<meta property=\"article:published_time\" content=\"2009-08-01T17:43:41+00:00\" \/>\n<meta property=\"og:image\" content=\"https:\/\/archiviocassano.lavocedelpaese.info\/wp-content\/uploads\/2009\/08\/sudden_ensemble.jpg\" \/>\n\t<meta property=\"og:image:width\" content=\"410\" \/>\n\t<meta property=\"og:image:height\" content=\"200\" \/>\n\t<meta property=\"og:image:type\" content=\"image\/jpeg\" \/>\n<meta name=\"author\" content=\"admin\" \/>\n<meta name=\"twitter:card\" content=\"summary_large_image\" \/>\n<meta name=\"twitter:label1\" content=\"Scritto da\" \/>\n\t<meta name=\"twitter:data1\" content=\"admin\" \/>\n\t<meta name=\"twitter:label2\" content=\"Tempo di lettura stimato\" \/>\n\t<meta name=\"twitter:data2\" content=\"2 minuti\" \/>\n<script type=\"application\/ld+json\" class=\"yoast-schema-graph\">{\"@context\":\"https:\\\/\\\/schema.org\",\"@graph\":[{\"@type\":\"Article\",\"@id\":\"https:\\\/\\\/archiviocassano.lavocedelpaese.info\\\/index.php\\\/2009\\\/08\\\/01\\\/sudden-ensemble-a-giovinazzo\\\/#article\",\"isPartOf\":{\"@id\":\"https:\\\/\\\/archiviocassano.lavocedelpaese.info\\\/index.php\\\/2009\\\/08\\\/01\\\/sudden-ensemble-a-giovinazzo\\\/\"},\"author\":{\"name\":\"admin\",\"@id\":\"https:\\\/\\\/archiviocassano.lavocedelpaese.info\\\/#\\\/schema\\\/person\\\/df195bc79a9b4c35127cf005f92e041b\"},\"headline\":\"SUDDEN ENSEMBLE A GIOVINAZZO\",\"datePublished\":\"2009-08-01T17:43:41+00:00\",\"mainEntityOfPage\":{\"@id\":\"https:\\\/\\\/archiviocassano.lavocedelpaese.info\\\/index.php\\\/2009\\\/08\\\/01\\\/sudden-ensemble-a-giovinazzo\\\/\"},\"wordCount\":500,\"commentCount\":0,\"publisher\":{\"@id\":\"https:\\\/\\\/archiviocassano.lavocedelpaese.info\\\/#organization\"},\"image\":{\"@id\":\"https:\\\/\\\/archiviocassano.lavocedelpaese.info\\\/index.php\\\/2009\\\/08\\\/01\\\/sudden-ensemble-a-giovinazzo\\\/#primaryimage\"},\"thumbnailUrl\":\"https:\\\/\\\/archiviocassano.lavocedelpaese.info\\\/wp-content\\\/uploads\\\/2009\\\/08\\\/sudden_ensemble.jpg\",\"articleSection\":[\"Cultura\"],\"inLanguage\":\"it-IT\",\"potentialAction\":[{\"@type\":\"CommentAction\",\"name\":\"Comment\",\"target\":[\"https:\\\/\\\/archiviocassano.lavocedelpaese.info\\\/index.php\\\/2009\\\/08\\\/01\\\/sudden-ensemble-a-giovinazzo\\\/#respond\"]}]},{\"@type\":\"WebPage\",\"@id\":\"https:\\\/\\\/archiviocassano.lavocedelpaese.info\\\/index.php\\\/2009\\\/08\\\/01\\\/sudden-ensemble-a-giovinazzo\\\/\",\"url\":\"https:\\\/\\\/archiviocassano.lavocedelpaese.info\\\/index.php\\\/2009\\\/08\\\/01\\\/sudden-ensemble-a-giovinazzo\\\/\",\"name\":\"SUDDEN ENSEMBLE A GIOVINAZZO - Archivio CassanoWeb\",\"isPartOf\":{\"@id\":\"https:\\\/\\\/archiviocassano.lavocedelpaese.info\\\/#website\"},\"primaryImageOfPage\":{\"@id\":\"https:\\\/\\\/archiviocassano.lavocedelpaese.info\\\/index.php\\\/2009\\\/08\\\/01\\\/sudden-ensemble-a-giovinazzo\\\/#primaryimage\"},\"image\":{\"@id\":\"https:\\\/\\\/archiviocassano.lavocedelpaese.info\\\/index.php\\\/2009\\\/08\\\/01\\\/sudden-ensemble-a-giovinazzo\\\/#primaryimage\"},\"thumbnailUrl\":\"https:\\\/\\\/archiviocassano.lavocedelpaese.info\\\/wp-content\\\/uploads\\\/2009\\\/08\\\/sudden_ensemble.jpg\",\"datePublished\":\"2009-08-01T17:43:41+00:00\",\"breadcrumb\":{\"@id\":\"https:\\\/\\\/archiviocassano.lavocedelpaese.info\\\/index.php\\\/2009\\\/08\\\/01\\\/sudden-ensemble-a-giovinazzo\\\/#breadcrumb\"},\"inLanguage\":\"it-IT\",\"potentialAction\":[{\"@type\":\"ReadAction\",\"target\":[\"https:\\\/\\\/archiviocassano.lavocedelpaese.info\\\/index.php\\\/2009\\\/08\\\/01\\\/sudden-ensemble-a-giovinazzo\\\/\"]}]},{\"@type\":\"ImageObject\",\"inLanguage\":\"it-IT\",\"@id\":\"https:\\\/\\\/archiviocassano.lavocedelpaese.info\\\/index.php\\\/2009\\\/08\\\/01\\\/sudden-ensemble-a-giovinazzo\\\/#primaryimage\",\"url\":\"https:\\\/\\\/archiviocassano.lavocedelpaese.info\\\/wp-content\\\/uploads\\\/2009\\\/08\\\/sudden_ensemble.jpg\",\"contentUrl\":\"https:\\\/\\\/archiviocassano.lavocedelpaese.info\\\/wp-content\\\/uploads\\\/2009\\\/08\\\/sudden_ensemble.jpg\",\"width\":410,\"height\":200,\"caption\":\"sudden_ensemble\"},{\"@type\":\"BreadcrumbList\",\"@id\":\"https:\\\/\\\/archiviocassano.lavocedelpaese.info\\\/index.php\\\/2009\\\/08\\\/01\\\/sudden-ensemble-a-giovinazzo\\\/#breadcrumb\",\"itemListElement\":[{\"@type\":\"ListItem\",\"position\":1,\"name\":\"Home\",\"item\":\"https:\\\/\\\/archiviocassano.lavocedelpaese.info\\\/\"},{\"@type\":\"ListItem\",\"position\":2,\"name\":\"SUDDEN ENSEMBLE A GIOVINAZZO\"}]},{\"@type\":\"WebSite\",\"@id\":\"https:\\\/\\\/archiviocassano.lavocedelpaese.info\\\/#website\",\"url\":\"https:\\\/\\\/archiviocassano.lavocedelpaese.info\\\/\",\"name\":\"Archivio CassanoWeb\",\"description\":\"La Voce del Paese - un network di idee\",\"publisher\":{\"@id\":\"https:\\\/\\\/archiviocassano.lavocedelpaese.info\\\/#organization\"},\"potentialAction\":[{\"@type\":\"SearchAction\",\"target\":{\"@type\":\"EntryPoint\",\"urlTemplate\":\"https:\\\/\\\/archiviocassano.lavocedelpaese.info\\\/?s={search_term_string}\"},\"query-input\":{\"@type\":\"PropertyValueSpecification\",\"valueRequired\":true,\"valueName\":\"search_term_string\"}}],\"inLanguage\":\"it-IT\"},{\"@type\":\"Organization\",\"@id\":\"https:\\\/\\\/archiviocassano.lavocedelpaese.info\\\/#organization\",\"name\":\"Archivio CassanoWeb\",\"url\":\"https:\\\/\\\/archiviocassano.lavocedelpaese.info\\\/\",\"logo\":{\"@type\":\"ImageObject\",\"inLanguage\":\"it-IT\",\"@id\":\"https:\\\/\\\/archiviocassano.lavocedelpaese.info\\\/#\\\/schema\\\/logo\\\/image\\\/\",\"url\":\"https:\\\/\\\/archiviocassano.lavocedelpaese.info\\\/wp-content\\\/uploads\\\/2024\\\/08\\\/logo-rosso-2.png\",\"contentUrl\":\"https:\\\/\\\/archiviocassano.lavocedelpaese.info\\\/wp-content\\\/uploads\\\/2024\\\/08\\\/logo-rosso-2.png\",\"width\":491,\"height\":432,\"caption\":\"Archivio CassanoWeb\"},\"image\":{\"@id\":\"https:\\\/\\\/archiviocassano.lavocedelpaese.info\\\/#\\\/schema\\\/logo\\\/image\\\/\"},\"sameAs\":[\"https:\\\/\\\/www.facebook.com\\\/redazione.cassanoweb\"]},{\"@type\":\"Person\",\"@id\":\"https:\\\/\\\/archiviocassano.lavocedelpaese.info\\\/#\\\/schema\\\/person\\\/df195bc79a9b4c35127cf005f92e041b\",\"name\":\"admin\",\"image\":{\"@type\":\"ImageObject\",\"inLanguage\":\"it-IT\",\"@id\":\"https:\\\/\\\/secure.gravatar.com\\\/avatar\\\/eabba89a432e8eaa1b0207cc55f7e5340b22712b1ed80677efcf63e02ff5b235?s=96&d=mm&r=g\",\"url\":\"https:\\\/\\\/secure.gravatar.com\\\/avatar\\\/eabba89a432e8eaa1b0207cc55f7e5340b22712b1ed80677efcf63e02ff5b235?s=96&d=mm&r=g\",\"contentUrl\":\"https:\\\/\\\/secure.gravatar.com\\\/avatar\\\/eabba89a432e8eaa1b0207cc55f7e5340b22712b1ed80677efcf63e02ff5b235?s=96&d=mm&r=g\",\"caption\":\"admin\"},\"sameAs\":[\"https:\\\/\\\/archiviocassano.lavocedelpaese.info\"],\"url\":\"https:\\\/\\\/archiviocassano.lavocedelpaese.info\\\/index.php\\\/author\\\/admin_0qgz1xdp\\\/\"}]}<\/script>\n<!-- \/ Yoast SEO plugin. -->","yoast_head_json":{"title":"SUDDEN ENSEMBLE A GIOVINAZZO - Archivio CassanoWeb","robots":{"index":"index","follow":"follow","max-snippet":"max-snippet:-1","max-image-preview":"max-image-preview:large","max-video-preview":"max-video-preview:-1"},"canonical":"https:\/\/archiviocassano.lavocedelpaese.info\/index.php\/2009\/08\/01\/sudden-ensemble-a-giovinazzo\/","og_locale":"it_IT","og_type":"article","og_title":"SUDDEN ENSEMBLE A GIOVINAZZO - Archivio CassanoWeb","og_url":"https:\/\/archiviocassano.lavocedelpaese.info\/index.php\/2009\/08\/01\/sudden-ensemble-a-giovinazzo\/","og_site_name":"Archivio CassanoWeb","article_publisher":"https:\/\/www.facebook.com\/redazione.cassanoweb","article_published_time":"2009-08-01T17:43:41+00:00","og_image":[{"width":410,"height":200,"url":"https:\/\/archiviocassano.lavocedelpaese.info\/wp-content\/uploads\/2009\/08\/sudden_ensemble.jpg","type":"image\/jpeg"}],"author":"admin","twitter_card":"summary_large_image","twitter_misc":{"Scritto da":"admin","Tempo di lettura stimato":"2 minuti"},"schema":{"@context":"https:\/\/schema.org","@graph":[{"@type":"Article","@id":"https:\/\/archiviocassano.lavocedelpaese.info\/index.php\/2009\/08\/01\/sudden-ensemble-a-giovinazzo\/#article","isPartOf":{"@id":"https:\/\/archiviocassano.lavocedelpaese.info\/index.php\/2009\/08\/01\/sudden-ensemble-a-giovinazzo\/"},"author":{"name":"admin","@id":"https:\/\/archiviocassano.lavocedelpaese.info\/#\/schema\/person\/df195bc79a9b4c35127cf005f92e041b"},"headline":"SUDDEN ENSEMBLE A GIOVINAZZO","datePublished":"2009-08-01T17:43:41+00:00","mainEntityOfPage":{"@id":"https:\/\/archiviocassano.lavocedelpaese.info\/index.php\/2009\/08\/01\/sudden-ensemble-a-giovinazzo\/"},"wordCount":500,"commentCount":0,"publisher":{"@id":"https:\/\/archiviocassano.lavocedelpaese.info\/#organization"},"image":{"@id":"https:\/\/archiviocassano.lavocedelpaese.info\/index.php\/2009\/08\/01\/sudden-ensemble-a-giovinazzo\/#primaryimage"},"thumbnailUrl":"https:\/\/archiviocassano.lavocedelpaese.info\/wp-content\/uploads\/2009\/08\/sudden_ensemble.jpg","articleSection":["Cultura"],"inLanguage":"it-IT","potentialAction":[{"@type":"CommentAction","name":"Comment","target":["https:\/\/archiviocassano.lavocedelpaese.info\/index.php\/2009\/08\/01\/sudden-ensemble-a-giovinazzo\/#respond"]}]},{"@type":"WebPage","@id":"https:\/\/archiviocassano.lavocedelpaese.info\/index.php\/2009\/08\/01\/sudden-ensemble-a-giovinazzo\/","url":"https:\/\/archiviocassano.lavocedelpaese.info\/index.php\/2009\/08\/01\/sudden-ensemble-a-giovinazzo\/","name":"SUDDEN ENSEMBLE A GIOVINAZZO - Archivio CassanoWeb","isPartOf":{"@id":"https:\/\/archiviocassano.lavocedelpaese.info\/#website"},"primaryImageOfPage":{"@id":"https:\/\/archiviocassano.lavocedelpaese.info\/index.php\/2009\/08\/01\/sudden-ensemble-a-giovinazzo\/#primaryimage"},"image":{"@id":"https:\/\/archiviocassano.lavocedelpaese.info\/index.php\/2009\/08\/01\/sudden-ensemble-a-giovinazzo\/#primaryimage"},"thumbnailUrl":"https:\/\/archiviocassano.lavocedelpaese.info\/wp-content\/uploads\/2009\/08\/sudden_ensemble.jpg","datePublished":"2009-08-01T17:43:41+00:00","breadcrumb":{"@id":"https:\/\/archiviocassano.lavocedelpaese.info\/index.php\/2009\/08\/01\/sudden-ensemble-a-giovinazzo\/#breadcrumb"},"inLanguage":"it-IT","potentialAction":[{"@type":"ReadAction","target":["https:\/\/archiviocassano.lavocedelpaese.info\/index.php\/2009\/08\/01\/sudden-ensemble-a-giovinazzo\/"]}]},{"@type":"ImageObject","inLanguage":"it-IT","@id":"https:\/\/archiviocassano.lavocedelpaese.info\/index.php\/2009\/08\/01\/sudden-ensemble-a-giovinazzo\/#primaryimage","url":"https:\/\/archiviocassano.lavocedelpaese.info\/wp-content\/uploads\/2009\/08\/sudden_ensemble.jpg","contentUrl":"https:\/\/archiviocassano.lavocedelpaese.info\/wp-content\/uploads\/2009\/08\/sudden_ensemble.jpg","width":410,"height":200,"caption":"sudden_ensemble"},{"@type":"BreadcrumbList","@id":"https:\/\/archiviocassano.lavocedelpaese.info\/index.php\/2009\/08\/01\/sudden-ensemble-a-giovinazzo\/#breadcrumb","itemListElement":[{"@type":"ListItem","position":1,"name":"Home","item":"https:\/\/archiviocassano.lavocedelpaese.info\/"},{"@type":"ListItem","position":2,"name":"SUDDEN ENSEMBLE A GIOVINAZZO"}]},{"@type":"WebSite","@id":"https:\/\/archiviocassano.lavocedelpaese.info\/#website","url":"https:\/\/archiviocassano.lavocedelpaese.info\/","name":"Archivio CassanoWeb","description":"La Voce del Paese - un network di idee","publisher":{"@id":"https:\/\/archiviocassano.lavocedelpaese.info\/#organization"},"potentialAction":[{"@type":"SearchAction","target":{"@type":"EntryPoint","urlTemplate":"https:\/\/archiviocassano.lavocedelpaese.info\/?s={search_term_string}"},"query-input":{"@type":"PropertyValueSpecification","valueRequired":true,"valueName":"search_term_string"}}],"inLanguage":"it-IT"},{"@type":"Organization","@id":"https:\/\/archiviocassano.lavocedelpaese.info\/#organization","name":"Archivio CassanoWeb","url":"https:\/\/archiviocassano.lavocedelpaese.info\/","logo":{"@type":"ImageObject","inLanguage":"it-IT","@id":"https:\/\/archiviocassano.lavocedelpaese.info\/#\/schema\/logo\/image\/","url":"https:\/\/archiviocassano.lavocedelpaese.info\/wp-content\/uploads\/2024\/08\/logo-rosso-2.png","contentUrl":"https:\/\/archiviocassano.lavocedelpaese.info\/wp-content\/uploads\/2024\/08\/logo-rosso-2.png","width":491,"height":432,"caption":"Archivio CassanoWeb"},"image":{"@id":"https:\/\/archiviocassano.lavocedelpaese.info\/#\/schema\/logo\/image\/"},"sameAs":["https:\/\/www.facebook.com\/redazione.cassanoweb"]},{"@type":"Person","@id":"https:\/\/archiviocassano.lavocedelpaese.info\/#\/schema\/person\/df195bc79a9b4c35127cf005f92e041b","name":"admin","image":{"@type":"ImageObject","inLanguage":"it-IT","@id":"https:\/\/secure.gravatar.com\/avatar\/eabba89a432e8eaa1b0207cc55f7e5340b22712b1ed80677efcf63e02ff5b235?s=96&d=mm&r=g","url":"https:\/\/secure.gravatar.com\/avatar\/eabba89a432e8eaa1b0207cc55f7e5340b22712b1ed80677efcf63e02ff5b235?s=96&d=mm&r=g","contentUrl":"https:\/\/secure.gravatar.com\/avatar\/eabba89a432e8eaa1b0207cc55f7e5340b22712b1ed80677efcf63e02ff5b235?s=96&d=mm&r=g","caption":"admin"},"sameAs":["https:\/\/archiviocassano.lavocedelpaese.info"],"url":"https:\/\/archiviocassano.lavocedelpaese.info\/index.php\/author\/admin_0qgz1xdp\/"}]}},"_links":{"self":[{"href":"https:\/\/archiviocassano.lavocedelpaese.info\/index.php\/wp-json\/wp\/v2\/posts\/108","targetHints":{"allow":["GET"]}}],"collection":[{"href":"https:\/\/archiviocassano.lavocedelpaese.info\/index.php\/wp-json\/wp\/v2\/posts"}],"about":[{"href":"https:\/\/archiviocassano.lavocedelpaese.info\/index.php\/wp-json\/wp\/v2\/types\/post"}],"author":[{"embeddable":true,"href":"https:\/\/archiviocassano.lavocedelpaese.info\/index.php\/wp-json\/wp\/v2\/users\/1"}],"replies":[{"embeddable":true,"href":"https:\/\/archiviocassano.lavocedelpaese.info\/index.php\/wp-json\/wp\/v2\/comments?post=108"}],"version-history":[{"count":0,"href":"https:\/\/archiviocassano.lavocedelpaese.info\/index.php\/wp-json\/wp\/v2\/posts\/108\/revisions"}],"wp:featuredmedia":[{"embeddable":true,"href":"https:\/\/archiviocassano.lavocedelpaese.info\/index.php\/wp-json\/wp\/v2\/media\/107"}],"wp:attachment":[{"href":"https:\/\/archiviocassano.lavocedelpaese.info\/index.php\/wp-json\/wp\/v2\/media?parent=108"}],"wp:term":[{"taxonomy":"category","embeddable":true,"href":"https:\/\/archiviocassano.lavocedelpaese.info\/index.php\/wp-json\/wp\/v2\/categories?post=108"},{"taxonomy":"post_tag","embeddable":true,"href":"https:\/\/archiviocassano.lavocedelpaese.info\/index.php\/wp-json\/wp\/v2\/tags?post=108"}],"curies":[{"name":"wp","href":"https:\/\/api.w.org\/{rel}","templated":true}]}}