{"id":10806,"date":"2015-04-30T22:12:03","date_gmt":"2015-04-30T22:12:03","guid":{"rendered":"https:\/\/archiviocassano.lavocedelpaese.info\/index.php\/2015\/04\/30\/approvato-il-bilancio-consuntivo-con-lavanzo-record\/"},"modified":"2015-04-30T22:12:03","modified_gmt":"2015-04-30T22:12:03","slug":"approvato-il-bilancio-consuntivo-con-lavanzo-record","status":"publish","type":"post","link":"https:\/\/archiviocassano.lavocedelpaese.info\/index.php\/2015\/04\/30\/approvato-il-bilancio-consuntivo-con-lavanzo-record\/","title":{"rendered":"Comune, approvato il Bilancio Consuntivo"},"content":{"rendered":"<p style=\"text-align: justify;\"><img decoding=\"async\" src=\"images\/stories\/archiviofoto\/consiglio_in_biblioteca_1_piccola_copy.jpg\" alt=\"consiglio in biblioteca 1 piccola copy\" style=\"margin-right: 2px; margin-left: 2px;\" \/><\/p>\n<p><!--more--><\/p>\n<p style=\"text-align: justify;\">Momentaneo trasloco per il Consiglio Comunale che questo pomeriggio si \u00e8 riunito presso la Sala Conferenze della Biblioteca a causa dei lavori presso la Sala di piazza Rossani.<\/p>\n<p style=\"text-align: justify;\">Quattro gli assenti: Di Medio, Ruggiero, Contursi e Marazia.<\/p>\n<p style=\"text-align: justify;\">In apertura dei lavori il consigliere&nbsp;<strong>Michele Lopane<\/strong>&nbsp;ha chiesto di fare un minuto di silenzio per le vittime dell\u2019immigrazione e per quelle del terremoto in Nepal.<\/p>\n<p><strong>&nbsp;<\/strong><\/p>\n<p><strong>La prima volta per Maiullaro, ignorato da tutti.<\/strong><\/p>\n<p style=\"text-align: justify;\">Sar\u00e0 stata la nuova, temporanea sede che ha spiazzato un po\u2019 tutti i consiglieri rendendoli indisciplinati, come ha detto il Presidente Capriulo riprendendo pi\u00f9 volte i membri dell\u2019assise. Fatto sta che quando il sindaco Lionetti ha comunicato al Consiglio che&nbsp;<strong>Michele Maiullaro<\/strong>&nbsp;\u00e8 il nuovo assessore al posto della dimissionaria Marazia, nessuno dei consiglieri gli ha fatto gli auguri: n\u00e9 la maggioranza, n\u00e9 lo stesso sindaco e neppure la minoranza.<\/p>\n<p style=\"text-align: justify;\">Ignorato da tutti, insomma, il neo assessore all\u2019ambiente e rifiuti.<\/p>\n<p style=\"text-align: justify;\">Tanto che anche quando ben tre dei 7 punti all\u2019ordine del giorno erano di sua competenza, non gli \u00e8 stato fatto aprire bocca visto che a parlare sono stati Del Re e Pignatale. Solo a margine di un intervento, il consigliere Briano ha augurato buon lavoro al neo assessore. Giusto per &nbsp;farlo sentire meno solo\u2026<\/p>\n<p style=\"text-align: justify;\"><strong>Approvato il DPRU.<\/strong><\/p>\n<p style=\"text-align: justify;\">Maggioranza e minoranza votano compatte per l\u2019adozione del Documento Unico per la Rigenerazione Urbana. Il Piano, pronto per i prossimi Bandi europei che dovessero mettere a disposizione risorse economiche per la rigenerazione di intere aree di un paese (Cassano \u00e8 stata suddivisa in cinque blocchi),&nbsp;&nbsp;<em>\u201c\u00e8 uno strumento rivoluzionario<\/em>&nbsp;\u2013 ha detto l\u2019assessore&nbsp;<strong>Del Re<\/strong>&nbsp;\u2013&nbsp;<em>soprattutto perch\u00e9 nasce dal basso e vede la partecipazione di cittadini, scuole, associazioni che hanno dato un essenziale contributo nel far emergere bisogni e necessit\u00e0 per la Cassano 2020\u201d.<\/em>&nbsp;Anche la minoranza, con il consigliere Zullo, ha elogiato il grande passo in avanti che si fa con questo provvedimento, auspicando che Cassano possa beneficiare di quei contributi per migliorare la qualit\u00e0 della vita dei cittadini e del territorio.<\/p>\n<p><strong>Passa il Bilancio consuntivo con avanzo record.<\/strong><\/p>\n<p style=\"text-align: justify;\">Approvato a maggioranza (con il voto contrario degli unici due consiglieri di opposizione presenti) il Bilancio Consuntivo 2014, il primo dell\u2019amministrazione Lionetti. Un Consuntivo che registra un avanzo di amministrazione di&nbsp;<strong>oltre 1milione e 400mila euro<\/strong>: cifra sulla quale divergono i pareri su come si sia formata. Secondo l\u2019assessore&nbsp;<strong>Davide Pignatale<\/strong>, infatti, \u00e8 stata una meticolosa e non pi\u00f9 rinviabile operazioni di \u201cpulizia\u201d dei cosiddetti \u201cresidui\u201d che ha portato a far s\u00ec che l\u2019anno contabile si chiudesse con quella cifra: \u201c<em>soldi<\/em>&nbsp;\u2013 ha spiegato Pignatale \u2013&nbsp;<em>che non sono realmente in cassa ma sulla carta, visto che per molte voci lo Stato pagatore non ha ancora saldato il dovuto, senza contare che per gran parte si tratta di somme da bloccare in determinati capitoli di spesa, nel Bilancio del 2015, per obblighi di legge\u201d.<\/em>&nbsp;Opposta la lettura delle opposizioni: Briano e Zullo hanno contestato l\u2019aver chiesto pi\u00f9 soldi del dovuto ai cittadini cassanesi, tramite l\u2019imposizione di una tassazione pi\u00f9 alta rispetto al passato, nonostante le promesse della campagna elettorale che parlavano di meno tasse.&nbsp;<em>\u201cLe taglieremo<\/em>&nbsp;\u2013 ha replicato l\u2019assessore Pignatale \u2013&nbsp;<em>laddove vi saranno le condizioni finanziarie che ce lo permetteranno\u201d.<\/em><\/p>\n<p><strong>Abbiamo qualche pecca nella comunicazione, dice Del Re.<\/strong><\/p>\n<p style=\"text-align: justify;\">Dalla maggioranza, poi, \u00e8 stato fatto presente che in questi undici mesi di amministrazione sono state affrontate diverse questioni che hanno comportato aggravi di spesa non previsti: dalla chiusura di alcuni contenziosi (Intraferr, AQP, solo per citarne alcuni), la rivisitazione di diverse spese legali. Un lavoro, insomma, spesso oscuro e che i cittadini poco conoscono. \u201c<em>Abbiamo qualche pecca sul piano della comunicazione\u201d<\/em>&nbsp;ha affermato il&nbsp;<strong>vicesindaco Davide Del Re<\/strong>, poich\u00e9 i cittadini spesso non sanno e non conoscono le emergenze a cui di continuo l\u2019amministrazione deve far fronte. Per contro, ha spiegato il sindaco Lionetti, \u201cnessun servizio \u00e8 stato tagliato e si sono mantenuti gli stessi livelli degli anni precedenti, anche se per il prossimo anno dovr\u00e0 essere messa mano a qualche voce\u201d.<\/p>\n<p><img decoding=\"async\" src=\"images\/stories\/archiviofoto\/consiglio_in_biblioteca_2_copy.jpg\" alt=\"consiglio in biblioteca 2 copy\" \/><\/p>\n<p><strong>Briano: lei si contraddice, Pignatale!<\/strong><\/p>\n<p style=\"text-align: justify;\"><em>\u201cIl Bilancio \u00e8 precario, instabile, che stava crollando\u201d<\/em>: lo diceva Pignatale qualche mese fa, alla presentazione del Bilancio Preventivo 2014, fatto per met\u00e0 dalla Giunta Di Medio. A ricordargli le parole pronunciate in sala consiliare \u00e8 stato&nbsp;<strong>Carmelo Briano<\/strong>: \u201c<em>ora lei dice che questo avanzo di amministrazione viene da lontano e le sembra precario un avanzo di 1 milione e 400mila euro?\u201d.<\/em>&nbsp;Ha rincarato la dose&nbsp;<strong>Ignazio Zullo<\/strong>&nbsp;secondo il quale le maggiori entrate sono chiaramente il frutto di una maggiore tassazione a carico di cittadini e imprese. E a proposito dei servizi comunque erogati, il consigliere di minoranza ha chiesto che vengano effettuate delle ricerche per valutare l\u2019efficacia e la qualit\u00e0 dei servizi comunali.<\/p>\n<p style=\"text-align: justify;\"><strong>&nbsp;<\/strong><\/p>\n<p style=\"text-align: justify;\"><strong><\/strong><strong>La Pallavicino prende il posto di Paparella?<\/strong><\/p>\n<p style=\"text-align: justify;\">Poco o nulla \u00e8 stato lasciato fare a Paparella, capogruppo di Rinascita. Fra tutte le dichiarazioni di voto pronunciate, solo un paio sono state appannaggio del rappresentante di Iniziativa Democratica. Quella pi\u00f9 politicamente importante, quella sul Bilancio, \u00e8 stata pronunciata con molta veemenza dalla consigliera&nbsp;<strong>Anna Pallavicino<\/strong>&nbsp;che ha difeso strenuamente l\u2019operato della amministrazione.<\/p>\n<p>E&#8217; forse in vista un ricambio? Vedremo.<\/p>\n<p><strong>&nbsp;<\/strong><\/p>\n<p style=\"text-align: justify;\"><strong>Tari, bocciati gli emendamenti della minoranza.<\/strong><\/p>\n<p style=\"text-align: justify;\">Sul punto in discussione riguardante il Regolamento della Tassa Rifiuti, la minoranza aveva presentato 4 emendamenti di cui solo 2 hanno superato il vaglio degli uffici e del Revisore e sono stati ritirati. Gli altri due, invece, sono stati bocciati a maggioranza dal Consiglio. Essi prevedevano una riduzione del 5% della tassa fra quota fissa e variabile per le famiglie con figli a carico e una riduzione del 50% per le famiglie che abbiano in casa una persona diversamente abile.<\/p>\n<p style=\"text-align: justify;\">La introduzione, da quest\u2019anno, della dichiarazione Isee molto pi\u00f9 rigorosa rispetto al passato, per l\u2019assessore Pignatale \u00e8 garanzia che chi ha bisogno sar\u00e0 esentato in maniera totale o parziale dal pagamento della Tassa Rifiuti, per cui gli emendamenti proposti non avrebbero avuto senso.<\/p>\n<p style=\"text-align: justify;\">\u201c<em>Si ripete la storia di qualche mese fa\u201d<\/em>&nbsp;ha replicato Zullo: \u201c<em>noi presentavamo emendamenti tecnicamente ineccepibili, che vanno a favore delle fasce deboli della popolazione, che voi dite di voler tutelare e aiutare, e invece li bocciate per partito preso, perch\u00e9 vengono dall\u2019opposizione. E cos\u00ec poi avete avanzi di amministrazione dato che chiedete ai cittadini pi\u00f9 soldi del dovuto\u201d<\/em>, ha concluso Zullo. &nbsp;<\/p>\n<p style=\"text-align: justify;\">Approvate a maggioranza anche le nuove tariffe 2015 per la Tassa Rifiuti (Tari) che sostanzialmente non cambiano di molto rispetto all\u2019anno scorso.<\/p>\n<p><strong>&nbsp;<\/strong><\/p>\n<p style=\"text-align: justify;\"><strong>Maiullaro lascia le Commissioni.<\/strong><\/p>\n<p style=\"text-align: justify;\">Dopo la sua nomina ad assessore, Michele Maiullaro ha rassegnato le dimissioni, perch\u00e9 incompatibile, nella Prima (dove era Presidente) e nella Terza Commissione Consiliare Permanente. Al suo posto sieder\u00e0&nbsp;<strong>Simeone Paparella.<\/strong><\/p>\n<p><strong>&nbsp;<\/strong><\/p>\n<p style=\"text-align: justify;\"><strong>Furti di corrente elettrica: approvato un Odg.<\/strong><\/p>\n<p style=\"text-align: justify;\">Approvato all\u2019unanimit\u00e0 anche l\u2019ultimo punto in discussione, un Ordine del Giorno proposto dalla minoranza ed emendato dalla maggioranza nel quale si stigmatizza ogni comportamento fraudolento e irrispettoso delle leggi e della concorrenza nel quale dovessero incappare cittadini cassanesi e in particolare gli operatori commerciali del territorio.<\/p>\n<p style=\"text-align: justify;\">Un OdG di cui non si capisce n\u00e9 il senso n\u00e9 l&#8217;utilit\u00e0 se non considerando la vecchia storia dell\u2019elefante in una stanza: tutti sanno che c\u2019\u00e8 ma fanno finta che non ci sia, per evitare problemi.<\/p>\n<p>&nbsp;<\/p>\n","protected":false},"excerpt":{"rendered":"","protected":false},"author":1,"featured_media":0,"comment_status":"open","ping_status":"closed","sticky":false,"template":"","format":"standard","meta":{"colormag_page_container_layout":"default_layout","colormag_page_sidebar_layout":"default_layout","footnotes":""},"categories":[4],"tags":[],"class_list":["post-10806","post","type-post","status-publish","format-standard","hentry","category-politica"],"yoast_head":"<!-- This site is optimized with the Yoast SEO plugin v27.5 - https:\/\/yoast.com\/product\/yoast-seo-wordpress\/ -->\n<title>Comune, approvato il Bilancio Consuntivo - Archivio CassanoWeb<\/title>\n<meta name=\"robots\" content=\"index, follow, max-snippet:-1, max-image-preview:large, max-video-preview:-1\" \/>\n<link rel=\"canonical\" href=\"https:\/\/archiviocassano.lavocedelpaese.info\/index.php\/2015\/04\/30\/approvato-il-bilancio-consuntivo-con-lavanzo-record\/\" \/>\n<meta property=\"og:locale\" content=\"it_IT\" \/>\n<meta property=\"og:type\" content=\"article\" \/>\n<meta property=\"og:title\" content=\"Comune, approvato il Bilancio Consuntivo - Archivio CassanoWeb\" \/>\n<meta property=\"og:url\" content=\"https:\/\/archiviocassano.lavocedelpaese.info\/index.php\/2015\/04\/30\/approvato-il-bilancio-consuntivo-con-lavanzo-record\/\" \/>\n<meta property=\"og:site_name\" content=\"Archivio CassanoWeb\" \/>\n<meta property=\"article:publisher\" content=\"https:\/\/www.facebook.com\/redazione.cassanoweb\" \/>\n<meta property=\"article:published_time\" content=\"2015-04-30T22:12:03+00:00\" \/>\n<meta name=\"author\" content=\"admin\" \/>\n<meta name=\"twitter:card\" content=\"summary_large_image\" \/>\n<meta name=\"twitter:label1\" content=\"Scritto da\" \/>\n\t<meta name=\"twitter:data1\" content=\"admin\" \/>\n\t<meta name=\"twitter:label2\" content=\"Tempo di lettura stimato\" \/>\n\t<meta name=\"twitter:data2\" content=\"6 minuti\" \/>\n<script type=\"application\/ld+json\" class=\"yoast-schema-graph\">{\"@context\":\"https:\\\/\\\/schema.org\",\"@graph\":[{\"@type\":\"Article\",\"@id\":\"https:\\\/\\\/archiviocassano.lavocedelpaese.info\\\/index.php\\\/2015\\\/04\\\/30\\\/approvato-il-bilancio-consuntivo-con-lavanzo-record\\\/#article\",\"isPartOf\":{\"@id\":\"https:\\\/\\\/archiviocassano.lavocedelpaese.info\\\/index.php\\\/2015\\\/04\\\/30\\\/approvato-il-bilancio-consuntivo-con-lavanzo-record\\\/\"},\"author\":{\"name\":\"admin\",\"@id\":\"https:\\\/\\\/archiviocassano.lavocedelpaese.info\\\/#\\\/schema\\\/person\\\/df195bc79a9b4c35127cf005f92e041b\"},\"headline\":\"Comune, approvato il Bilancio Consuntivo\",\"datePublished\":\"2015-04-30T22:12:03+00:00\",\"mainEntityOfPage\":{\"@id\":\"https:\\\/\\\/archiviocassano.lavocedelpaese.info\\\/index.php\\\/2015\\\/04\\\/30\\\/approvato-il-bilancio-consuntivo-con-lavanzo-record\\\/\"},\"wordCount\":1224,\"commentCount\":0,\"publisher\":{\"@id\":\"https:\\\/\\\/archiviocassano.lavocedelpaese.info\\\/#organization\"},\"articleSection\":[\"Politica\"],\"inLanguage\":\"it-IT\",\"potentialAction\":[{\"@type\":\"CommentAction\",\"name\":\"Comment\",\"target\":[\"https:\\\/\\\/archiviocassano.lavocedelpaese.info\\\/index.php\\\/2015\\\/04\\\/30\\\/approvato-il-bilancio-consuntivo-con-lavanzo-record\\\/#respond\"]}]},{\"@type\":\"WebPage\",\"@id\":\"https:\\\/\\\/archiviocassano.lavocedelpaese.info\\\/index.php\\\/2015\\\/04\\\/30\\\/approvato-il-bilancio-consuntivo-con-lavanzo-record\\\/\",\"url\":\"https:\\\/\\\/archiviocassano.lavocedelpaese.info\\\/index.php\\\/2015\\\/04\\\/30\\\/approvato-il-bilancio-consuntivo-con-lavanzo-record\\\/\",\"name\":\"Comune, approvato il Bilancio Consuntivo - Archivio CassanoWeb\",\"isPartOf\":{\"@id\":\"https:\\\/\\\/archiviocassano.lavocedelpaese.info\\\/#website\"},\"datePublished\":\"2015-04-30T22:12:03+00:00\",\"breadcrumb\":{\"@id\":\"https:\\\/\\\/archiviocassano.lavocedelpaese.info\\\/index.php\\\/2015\\\/04\\\/30\\\/approvato-il-bilancio-consuntivo-con-lavanzo-record\\\/#breadcrumb\"},\"inLanguage\":\"it-IT\",\"potentialAction\":[{\"@type\":\"ReadAction\",\"target\":[\"https:\\\/\\\/archiviocassano.lavocedelpaese.info\\\/index.php\\\/2015\\\/04\\\/30\\\/approvato-il-bilancio-consuntivo-con-lavanzo-record\\\/\"]}]},{\"@type\":\"BreadcrumbList\",\"@id\":\"https:\\\/\\\/archiviocassano.lavocedelpaese.info\\\/index.php\\\/2015\\\/04\\\/30\\\/approvato-il-bilancio-consuntivo-con-lavanzo-record\\\/#breadcrumb\",\"itemListElement\":[{\"@type\":\"ListItem\",\"position\":1,\"name\":\"Home\",\"item\":\"https:\\\/\\\/archiviocassano.lavocedelpaese.info\\\/\"},{\"@type\":\"ListItem\",\"position\":2,\"name\":\"Comune, approvato il Bilancio Consuntivo\"}]},{\"@type\":\"WebSite\",\"@id\":\"https:\\\/\\\/archiviocassano.lavocedelpaese.info\\\/#website\",\"url\":\"https:\\\/\\\/archiviocassano.lavocedelpaese.info\\\/\",\"name\":\"Archivio CassanoWeb\",\"description\":\"La Voce del Paese - un network di idee\",\"publisher\":{\"@id\":\"https:\\\/\\\/archiviocassano.lavocedelpaese.info\\\/#organization\"},\"potentialAction\":[{\"@type\":\"SearchAction\",\"target\":{\"@type\":\"EntryPoint\",\"urlTemplate\":\"https:\\\/\\\/archiviocassano.lavocedelpaese.info\\\/?s={search_term_string}\"},\"query-input\":{\"@type\":\"PropertyValueSpecification\",\"valueRequired\":true,\"valueName\":\"search_term_string\"}}],\"inLanguage\":\"it-IT\"},{\"@type\":\"Organization\",\"@id\":\"https:\\\/\\\/archiviocassano.lavocedelpaese.info\\\/#organization\",\"name\":\"Archivio CassanoWeb\",\"url\":\"https:\\\/\\\/archiviocassano.lavocedelpaese.info\\\/\",\"logo\":{\"@type\":\"ImageObject\",\"inLanguage\":\"it-IT\",\"@id\":\"https:\\\/\\\/archiviocassano.lavocedelpaese.info\\\/#\\\/schema\\\/logo\\\/image\\\/\",\"url\":\"https:\\\/\\\/archiviocassano.lavocedelpaese.info\\\/wp-content\\\/uploads\\\/2024\\\/08\\\/logo-rosso-2.png\",\"contentUrl\":\"https:\\\/\\\/archiviocassano.lavocedelpaese.info\\\/wp-content\\\/uploads\\\/2024\\\/08\\\/logo-rosso-2.png\",\"width\":491,\"height\":432,\"caption\":\"Archivio CassanoWeb\"},\"image\":{\"@id\":\"https:\\\/\\\/archiviocassano.lavocedelpaese.info\\\/#\\\/schema\\\/logo\\\/image\\\/\"},\"sameAs\":[\"https:\\\/\\\/www.facebook.com\\\/redazione.cassanoweb\"]},{\"@type\":\"Person\",\"@id\":\"https:\\\/\\\/archiviocassano.lavocedelpaese.info\\\/#\\\/schema\\\/person\\\/df195bc79a9b4c35127cf005f92e041b\",\"name\":\"admin\",\"image\":{\"@type\":\"ImageObject\",\"inLanguage\":\"it-IT\",\"@id\":\"https:\\\/\\\/secure.gravatar.com\\\/avatar\\\/eabba89a432e8eaa1b0207cc55f7e5340b22712b1ed80677efcf63e02ff5b235?s=96&d=mm&r=g\",\"url\":\"https:\\\/\\\/secure.gravatar.com\\\/avatar\\\/eabba89a432e8eaa1b0207cc55f7e5340b22712b1ed80677efcf63e02ff5b235?s=96&d=mm&r=g\",\"contentUrl\":\"https:\\\/\\\/secure.gravatar.com\\\/avatar\\\/eabba89a432e8eaa1b0207cc55f7e5340b22712b1ed80677efcf63e02ff5b235?s=96&d=mm&r=g\",\"caption\":\"admin\"},\"sameAs\":[\"https:\\\/\\\/archiviocassano.lavocedelpaese.info\"],\"url\":\"https:\\\/\\\/archiviocassano.lavocedelpaese.info\\\/index.php\\\/author\\\/admin_0qgz1xdp\\\/\"}]}<\/script>\n<!-- \/ Yoast SEO plugin. -->","yoast_head_json":{"title":"Comune, approvato il Bilancio Consuntivo - Archivio CassanoWeb","robots":{"index":"index","follow":"follow","max-snippet":"max-snippet:-1","max-image-preview":"max-image-preview:large","max-video-preview":"max-video-preview:-1"},"canonical":"https:\/\/archiviocassano.lavocedelpaese.info\/index.php\/2015\/04\/30\/approvato-il-bilancio-consuntivo-con-lavanzo-record\/","og_locale":"it_IT","og_type":"article","og_title":"Comune, approvato il Bilancio Consuntivo - Archivio CassanoWeb","og_url":"https:\/\/archiviocassano.lavocedelpaese.info\/index.php\/2015\/04\/30\/approvato-il-bilancio-consuntivo-con-lavanzo-record\/","og_site_name":"Archivio CassanoWeb","article_publisher":"https:\/\/www.facebook.com\/redazione.cassanoweb","article_published_time":"2015-04-30T22:12:03+00:00","author":"admin","twitter_card":"summary_large_image","twitter_misc":{"Scritto da":"admin","Tempo di lettura stimato":"6 minuti"},"schema":{"@context":"https:\/\/schema.org","@graph":[{"@type":"Article","@id":"https:\/\/archiviocassano.lavocedelpaese.info\/index.php\/2015\/04\/30\/approvato-il-bilancio-consuntivo-con-lavanzo-record\/#article","isPartOf":{"@id":"https:\/\/archiviocassano.lavocedelpaese.info\/index.php\/2015\/04\/30\/approvato-il-bilancio-consuntivo-con-lavanzo-record\/"},"author":{"name":"admin","@id":"https:\/\/archiviocassano.lavocedelpaese.info\/#\/schema\/person\/df195bc79a9b4c35127cf005f92e041b"},"headline":"Comune, approvato il Bilancio Consuntivo","datePublished":"2015-04-30T22:12:03+00:00","mainEntityOfPage":{"@id":"https:\/\/archiviocassano.lavocedelpaese.info\/index.php\/2015\/04\/30\/approvato-il-bilancio-consuntivo-con-lavanzo-record\/"},"wordCount":1224,"commentCount":0,"publisher":{"@id":"https:\/\/archiviocassano.lavocedelpaese.info\/#organization"},"articleSection":["Politica"],"inLanguage":"it-IT","potentialAction":[{"@type":"CommentAction","name":"Comment","target":["https:\/\/archiviocassano.lavocedelpaese.info\/index.php\/2015\/04\/30\/approvato-il-bilancio-consuntivo-con-lavanzo-record\/#respond"]}]},{"@type":"WebPage","@id":"https:\/\/archiviocassano.lavocedelpaese.info\/index.php\/2015\/04\/30\/approvato-il-bilancio-consuntivo-con-lavanzo-record\/","url":"https:\/\/archiviocassano.lavocedelpaese.info\/index.php\/2015\/04\/30\/approvato-il-bilancio-consuntivo-con-lavanzo-record\/","name":"Comune, approvato il Bilancio Consuntivo - Archivio CassanoWeb","isPartOf":{"@id":"https:\/\/archiviocassano.lavocedelpaese.info\/#website"},"datePublished":"2015-04-30T22:12:03+00:00","breadcrumb":{"@id":"https:\/\/archiviocassano.lavocedelpaese.info\/index.php\/2015\/04\/30\/approvato-il-bilancio-consuntivo-con-lavanzo-record\/#breadcrumb"},"inLanguage":"it-IT","potentialAction":[{"@type":"ReadAction","target":["https:\/\/archiviocassano.lavocedelpaese.info\/index.php\/2015\/04\/30\/approvato-il-bilancio-consuntivo-con-lavanzo-record\/"]}]},{"@type":"BreadcrumbList","@id":"https:\/\/archiviocassano.lavocedelpaese.info\/index.php\/2015\/04\/30\/approvato-il-bilancio-consuntivo-con-lavanzo-record\/#breadcrumb","itemListElement":[{"@type":"ListItem","position":1,"name":"Home","item":"https:\/\/archiviocassano.lavocedelpaese.info\/"},{"@type":"ListItem","position":2,"name":"Comune, approvato il Bilancio Consuntivo"}]},{"@type":"WebSite","@id":"https:\/\/archiviocassano.lavocedelpaese.info\/#website","url":"https:\/\/archiviocassano.lavocedelpaese.info\/","name":"Archivio CassanoWeb","description":"La Voce del Paese - un network di idee","publisher":{"@id":"https:\/\/archiviocassano.lavocedelpaese.info\/#organization"},"potentialAction":[{"@type":"SearchAction","target":{"@type":"EntryPoint","urlTemplate":"https:\/\/archiviocassano.lavocedelpaese.info\/?s={search_term_string}"},"query-input":{"@type":"PropertyValueSpecification","valueRequired":true,"valueName":"search_term_string"}}],"inLanguage":"it-IT"},{"@type":"Organization","@id":"https:\/\/archiviocassano.lavocedelpaese.info\/#organization","name":"Archivio CassanoWeb","url":"https:\/\/archiviocassano.lavocedelpaese.info\/","logo":{"@type":"ImageObject","inLanguage":"it-IT","@id":"https:\/\/archiviocassano.lavocedelpaese.info\/#\/schema\/logo\/image\/","url":"https:\/\/archiviocassano.lavocedelpaese.info\/wp-content\/uploads\/2024\/08\/logo-rosso-2.png","contentUrl":"https:\/\/archiviocassano.lavocedelpaese.info\/wp-content\/uploads\/2024\/08\/logo-rosso-2.png","width":491,"height":432,"caption":"Archivio CassanoWeb"},"image":{"@id":"https:\/\/archiviocassano.lavocedelpaese.info\/#\/schema\/logo\/image\/"},"sameAs":["https:\/\/www.facebook.com\/redazione.cassanoweb"]},{"@type":"Person","@id":"https:\/\/archiviocassano.lavocedelpaese.info\/#\/schema\/person\/df195bc79a9b4c35127cf005f92e041b","name":"admin","image":{"@type":"ImageObject","inLanguage":"it-IT","@id":"https:\/\/secure.gravatar.com\/avatar\/eabba89a432e8eaa1b0207cc55f7e5340b22712b1ed80677efcf63e02ff5b235?s=96&d=mm&r=g","url":"https:\/\/secure.gravatar.com\/avatar\/eabba89a432e8eaa1b0207cc55f7e5340b22712b1ed80677efcf63e02ff5b235?s=96&d=mm&r=g","contentUrl":"https:\/\/secure.gravatar.com\/avatar\/eabba89a432e8eaa1b0207cc55f7e5340b22712b1ed80677efcf63e02ff5b235?s=96&d=mm&r=g","caption":"admin"},"sameAs":["https:\/\/archiviocassano.lavocedelpaese.info"],"url":"https:\/\/archiviocassano.lavocedelpaese.info\/index.php\/author\/admin_0qgz1xdp\/"}]}},"_links":{"self":[{"href":"https:\/\/archiviocassano.lavocedelpaese.info\/index.php\/wp-json\/wp\/v2\/posts\/10806","targetHints":{"allow":["GET"]}}],"collection":[{"href":"https:\/\/archiviocassano.lavocedelpaese.info\/index.php\/wp-json\/wp\/v2\/posts"}],"about":[{"href":"https:\/\/archiviocassano.lavocedelpaese.info\/index.php\/wp-json\/wp\/v2\/types\/post"}],"author":[{"embeddable":true,"href":"https:\/\/archiviocassano.lavocedelpaese.info\/index.php\/wp-json\/wp\/v2\/users\/1"}],"replies":[{"embeddable":true,"href":"https:\/\/archiviocassano.lavocedelpaese.info\/index.php\/wp-json\/wp\/v2\/comments?post=10806"}],"version-history":[{"count":0,"href":"https:\/\/archiviocassano.lavocedelpaese.info\/index.php\/wp-json\/wp\/v2\/posts\/10806\/revisions"}],"wp:attachment":[{"href":"https:\/\/archiviocassano.lavocedelpaese.info\/index.php\/wp-json\/wp\/v2\/media?parent=10806"}],"wp:term":[{"taxonomy":"category","embeddable":true,"href":"https:\/\/archiviocassano.lavocedelpaese.info\/index.php\/wp-json\/wp\/v2\/categories?post=10806"},{"taxonomy":"post_tag","embeddable":true,"href":"https:\/\/archiviocassano.lavocedelpaese.info\/index.php\/wp-json\/wp\/v2\/tags?post=10806"}],"curies":[{"name":"wp","href":"https:\/\/api.w.org\/{rel}","templated":true}]}}