{"id":10954,"date":"2015-06-02T08:03:11","date_gmt":"2015-06-02T08:03:11","guid":{"rendered":"https:\/\/archiviocassano.lavocedelpaese.info\/index.php\/2015\/06\/02\/regionali-a-cassano-perdono-tutti-tranne-gli-astensionisti\/"},"modified":"2015-06-02T08:03:11","modified_gmt":"2015-06-02T08:03:11","slug":"regionali-a-cassano-perdono-tutti-tranne-gli-astensionisti","status":"publish","type":"post","link":"https:\/\/archiviocassano.lavocedelpaese.info\/index.php\/2015\/06\/02\/regionali-a-cassano-perdono-tutti-tranne-gli-astensionisti\/","title":{"rendered":"Regionali a Cassano: perdono tutti. Tranne gli astensionisti"},"content":{"rendered":"<p style=\"text-align: justify;\"><img loading=\"lazy\" decoding=\"async\" class=\" size-full wp-image-10953\" src=\"https:\/\/archiviocassano.lavocedelpaese.info\/wp-content\/uploads\/2015\/06\/analisi_voto.png\" alt=\"analisi voto\" height=\"150\" width=\"320\" \/><\/p>\n<p><!--more--><\/p>\n<p>A urne chiuse ed a risultati acquisiti, \u00e8 utile fare una piccola analisi del voto per quel che riguarda il nostro paese che, come vedremo, non si discosta molto dal quadro regionale e nazionale che la giornata elettorale del 31 maggio ha disegnato.<\/p>\n<p style=\"text-align: justify;\">Va subito evidenziato il dato relativo all\u2019astensionismo: <strong>a Cassano ha votato il 51,57%, il dato pi\u00f9 basso di sempre<\/strong>. Se si escludono i referendum degli ultimi anni, <strong>mai a Cassano si era scesi a livelli di partecipazione cos\u00ec bassi<\/strong>. Su 12.265 aventi diritto, sono andati alle urne 6.325 dunque 1 cassanese su 2, in linea con quanto accaduto nel resto del Paese.<\/p>\n<p style=\"text-align: justify;\">Per quel che riguarda l\u2019analisi politica del voto, occorre tener presente che le Regionali, pur con tutte le eccezioni, sono a met\u00e0 strada fra elezioni prettamente politiche ed elezioni amministrative: si ragiona, cio\u00e8, in un quadro di scelte politiche ma non si pu\u00f2 non tener conto delle dinamiche localistiche e personali, ad esempio laddove ci sono candidati locali.<\/p>\n<p style=\"text-align: justify;\">Se, dunque, si tengono presenti le Elezioni Europee del 2014 e le Elezioni Amministrative cassanesi dello stesso anno, non si pu\u00f2 non fare numerosi distinguo, come vedremo.<\/p>\n<p style=\"text-align: justify;\"><strong>Chi perde e chi vince, dunque, rispetto alle Europee dell\u2019anno scorso?<\/strong><\/p>\n<p style=\"text-align: justify;\">Perdono tutti.<\/p>\n<p style=\"text-align: justify;\">Il centrosinistra cassanese conquist\u00f2, nel 2014, 2.394 voti (pari al 30,02%) con il Partito Democratico a fare la &#8220;voce grossa&#8221; con i suoi 2.209 voti.<\/p>\n<p style=\"text-align: justify;\">Alle Regionali 2015 il centrosinistra cassanese conquista, invece, 1.959 voti (34,8%), con <strong>una perdita secca di 435 voti<\/strong>. Occorre tener presente, tuttavia, che le liste \u201cciviche\u201d messe in campo per Michele Emiliano valgono complessivamente 808 voti: se dunque dovessimo considerare \u201csolo\u201d i partiti tradizionali la <strong>perdita per il centrosinistra scenderebbe a 1.243 voti<\/strong><\/p>\n<p style=\"text-align: justify;\"><strong><\/strong>Il solo PD, ad esempio, passa dai 2.209 voti ad appena 678 delle Regionali 2015.<\/p>\n<p style=\"text-align: justify;\">Anche la sinistra perde voti: <strong>\u201cL\u2019Altra Europa con Tsipras\u201d<\/strong> nel 2014 port\u00f2 a casa 494 voti (il 6,2%) ma alle Regionali la lista <strong>\u201cNoi a Sinistra\u201d<\/strong> ha messo insieme <strong>solo 121 voti<\/strong> e anche considerando i voti per altre formazioni satellite (Partito Comunista Italiano, che stava con Emiliano e le altre tre formazioni autonome) c\u2019\u00e8 comunque <strong>un calo di circa 300 voti.<\/strong><\/p>\n<p style=\"text-align: justify;\">Il centrodestra anch\u2019esso perde voti. Nel 2014 complessivamente conquist\u00f2 2.830 voti (35.58%) mentre l\u2019altro giorno 2.160 complessivamente (mettendo, cio\u00e8, assieme, le due anime divise fra Schittulli e Poli Bortone). <strong>La perdita di consensi \u00e8 pari a 670 voti<\/strong>, tenendo comunque a mente che c\u2019era un candidato locale,&nbsp; Ignazio Zullo, che da solo ha fatto il 90% dei consensi per la lista \u201cOltre con Fitto\u201d.<\/p>\n<p style=\"text-align: justify;\">Nell\u2019elenco delle formazioni perdenti c\u2019entra anche il <strong>Movimento 5 Stelle<\/strong> che passa dai 2.081 voti del 2014 (26,16%) ai 1.249 voti del 2015 (22,18%) quindi con <strong>una perdita di 832 voti<\/strong> (-3,98%): un salasso elettorale mitigato, per\u00f2, da una vittoria politica dato che fino all\u2019altro ieri non c\u2019era, in Regione Puglia, alcun rappresentante del Movimento e oggi ce ne sono 7.<\/p>\n<p style=\"text-align: justify;\">L\u2019unica formazione apolitica a non perdere, proprio come a livello nazionale, \u00e8 la lista <strong>\u201cNoi con Salvini\u201d<\/strong>, associata alla Lega Nord. Alle Europee ebbe 81 voti, ieri <strong>ne ha ricevuti 180<\/strong> di cui solo 57 sono andati ai candidati (c\u2019erano due santermani con mote amicizie e rapporti di lavoro con Cassano) mentre 123 sono andati alla lista, dunque una chiara scelta politica.<\/p>\n<p style=\"text-align: justify;\"><strong>&nbsp;E in riferimento alle Amministrative cassanesi del 2014, che cosa si pu\u00f2 dire?<\/strong><\/p>\n<p style=\"text-align: justify;\">Ovviamente ogni paragone \u00e8 azzardato: le logiche di un voto amministrativo per il Comune sono nettamente diverse da quelle per la Regione. Sia centrosinistra che centrodestra, come abbiamo visto, perdono elettori e dunque, azzardando \u2013 con molti distinguo \u2013 una lettura del dato regionale riflesso su quello comunale potremmo dire che \u201cRinascita\u201d \u2013 sostenuta dal centrosinistra cassanese \u2013 ebbe 4.172 voti ma il centrosinistra oggi ne conquista, complessivamente, solo 2.886.<\/p>\n<p style=\"text-align: justify;\">\u201cPer crederci ancora\u201d dell\u2019ex sindaco Di Medio \u2013 sostenuta dal centrodestra \u2013 ne ricevette 4.107 di voti mentre oggi ne conquista solo 2.830.<\/p>\n<p style=\"text-align: justify;\"><strong>Discorso pi\u00f9 fondato, invece, \u00e8 possibile farlo per i singoli candidati<\/strong> <strong>\u2013 eletti o meno \u2013 al Consiglio regionale, anche in considerazione dei loro sostenitori locali.<\/strong><\/p>\n<p style=\"text-align: justify;\">Il pi\u00f9 suffragato a Cassano &#8211; con 7.366 voti &#8211; \u00e8 stato il consigliere uscente <strong>Ignazio Zullo<\/strong>. Che perde voti sia rispetto a 10 che a 5 anni fa.<\/p>\n<p style=\"text-align: justify;\">Zullo fu eletto in Regione per la prima volta nel 2005 con \u201cLa Puglia prima di tutto\u201d ed ebbe 8.797 voti di cui 2.018 a Cassano; nel 2010 con Forza Italia fu eletto con 10.147 voti di cui 1.956 voti a Cassano. Si accinge a cominciare il suo terzo mandato nella lista \u201cOltre con Fitto\u201d sulla base di 7.366 voti di cui 1.305 a Cassano. <strong>Una perdita secca, dunque, di 2.788 voti complessivi di cui 651 persi a Cassano<\/strong> rispetto al 2010.<\/p>\n<p style=\"text-align: justify;\">Tante, ovviamente, le ragioni di questa flessione: il connubio Zullo\/Forza Italia era maggiormente vincente, l\u2019astensionismo marcato, una certa delusione dell\u2019elettorato moderato che mal vede le liti interne ai partiti, un terzo mandato che gi\u00e0 si sapeva essere all\u2019opposizione in via Capruzzi, una non sempre decisa corresponsione alle aspettative elettorali e via dicendo.<\/p>\n<p style=\"text-align: justify;\">Zullo, poi, \u00e8 vero che ha stretto accordi con alcuni ex componenti della maggioranza che governava Cassano fino all\u2019anno scorso ma non tutti l\u2019hanno seguito: l\u2019ex sindaco<strong> Di Medio<\/strong> pare non sia stata della partita ma anche alcuni componenti della lista \u201cPer crederci ancora\u201d come <strong>Massimo Sapone<\/strong> (che sosteneva Davide Bellomo, poi non eletto, che gli ha dato 162 voti cassanesi) hanno preferito altre strade.<\/p>\n<p style=\"text-align: justify;\">Parcellizzato il voto nel <strong>Pd<\/strong>: ognuno \u00e8 andato per la sua strada e il risultato \u00e8 stato che diversi candidati hanno ottenuto un po\u2019 di voti, a volte riuscendo ad essere eletti (Loizzo, Giannini, Lacarra) a volte no (Maurodinoia, Patruno).<\/p>\n<p style=\"text-align: justify;\">Male \u00e8 andato il Presidente dell\u2019Ente Parco Alta Murgia, Cesare Veronico, con soli 45 voti (e non \u00e8 stato eletto), appoggiato da alcuni giovani del PD locale ma anche Guglielmo Minervini (solo 37 voti per lui) \u00e8 andato male. Sempre a sinistra, Davide Del Re si \u00e8 speso per Onofrio Introna, portandogli, per\u00f2, solo una parte delle sue oltre novecento preferenze locali dato che ha ricevuto 152 voti appena.<\/p>\n<p style=\"text-align: justify;\">Pisicchio, a cui fa riferimento il capogruppo di \u201cRinascita\u201d in Comune, <strong>Simeone Paparella<\/strong> ha rastrellato 102 voti, anche grazie ad amicizie da lungo tempo coltivate dalla sua famiglia a Cassano mentre i consiglieri che orbitano in Realt\u00e0 Italia (<strong>Maiullaro, Marazia<\/strong>) sostenevano Saverio Tammacco di Molfetta (non eletto) a cui hanno portato 124 voti.<\/p>\n<p style=\"text-align: justify;\">Di fronte a questi dati e tornando all\u2019inizio del nostro discorso, occorre che forze politiche, movimenti e amministratori locali riflettano sempre pi\u00f9 sull\u2019astensionismo dal voto e, di riflesso, dalla vita socio-politica di tanti cittadini che negli ultimi anni sta subendo una profonda e preoccupante accelerazione in uno dei Paesi che in tutta Europa brillava per partecipazione al voto e al consenso per chi ci governa.<\/p>\n<p>&nbsp;<\/p>\n<p>&nbsp;<\/p>\n","protected":false},"excerpt":{"rendered":"","protected":false},"author":1,"featured_media":10953,"comment_status":"open","ping_status":"closed","sticky":false,"template":"","format":"standard","meta":{"colormag_page_container_layout":"default_layout","colormag_page_sidebar_layout":"default_layout","footnotes":""},"categories":[4],"tags":[],"class_list":["post-10954","post","type-post","status-publish","format-standard","has-post-thumbnail","hentry","category-politica"],"yoast_head":"<!-- This site is optimized with the Yoast SEO plugin v27.5 - https:\/\/yoast.com\/product\/yoast-seo-wordpress\/ -->\n<title>Regionali a Cassano: perdono tutti. Tranne gli astensionisti - Archivio CassanoWeb<\/title>\n<meta name=\"robots\" content=\"index, follow, max-snippet:-1, max-image-preview:large, max-video-preview:-1\" \/>\n<link rel=\"canonical\" href=\"https:\/\/archiviocassano.lavocedelpaese.info\/index.php\/2015\/06\/02\/regionali-a-cassano-perdono-tutti-tranne-gli-astensionisti\/\" \/>\n<meta property=\"og:locale\" content=\"it_IT\" \/>\n<meta property=\"og:type\" content=\"article\" \/>\n<meta property=\"og:title\" content=\"Regionali a Cassano: perdono tutti. Tranne gli astensionisti - Archivio CassanoWeb\" \/>\n<meta property=\"og:url\" content=\"https:\/\/archiviocassano.lavocedelpaese.info\/index.php\/2015\/06\/02\/regionali-a-cassano-perdono-tutti-tranne-gli-astensionisti\/\" \/>\n<meta property=\"og:site_name\" content=\"Archivio CassanoWeb\" \/>\n<meta property=\"article:publisher\" content=\"https:\/\/www.facebook.com\/redazione.cassanoweb\" \/>\n<meta property=\"article:published_time\" content=\"2015-06-02T08:03:11+00:00\" \/>\n<meta property=\"og:image\" content=\"https:\/\/archiviocassano.lavocedelpaese.info\/wp-content\/uploads\/2015\/06\/analisi_voto.png\" \/>\n\t<meta property=\"og:image:width\" content=\"420\" \/>\n\t<meta property=\"og:image:height\" content=\"315\" \/>\n\t<meta property=\"og:image:type\" content=\"image\/png\" \/>\n<meta name=\"author\" content=\"admin\" \/>\n<meta name=\"twitter:card\" content=\"summary_large_image\" \/>\n<meta name=\"twitter:label1\" content=\"Scritto da\" \/>\n\t<meta name=\"twitter:data1\" content=\"admin\" \/>\n\t<meta name=\"twitter:label2\" content=\"Tempo di lettura stimato\" \/>\n\t<meta name=\"twitter:data2\" content=\"5 minuti\" \/>\n<script type=\"application\/ld+json\" class=\"yoast-schema-graph\">{\"@context\":\"https:\\\/\\\/schema.org\",\"@graph\":[{\"@type\":\"Article\",\"@id\":\"https:\\\/\\\/archiviocassano.lavocedelpaese.info\\\/index.php\\\/2015\\\/06\\\/02\\\/regionali-a-cassano-perdono-tutti-tranne-gli-astensionisti\\\/#article\",\"isPartOf\":{\"@id\":\"https:\\\/\\\/archiviocassano.lavocedelpaese.info\\\/index.php\\\/2015\\\/06\\\/02\\\/regionali-a-cassano-perdono-tutti-tranne-gli-astensionisti\\\/\"},\"author\":{\"name\":\"admin\",\"@id\":\"https:\\\/\\\/archiviocassano.lavocedelpaese.info\\\/#\\\/schema\\\/person\\\/df195bc79a9b4c35127cf005f92e041b\"},\"headline\":\"Regionali a Cassano: perdono tutti. Tranne gli astensionisti\",\"datePublished\":\"2015-06-02T08:03:11+00:00\",\"mainEntityOfPage\":{\"@id\":\"https:\\\/\\\/archiviocassano.lavocedelpaese.info\\\/index.php\\\/2015\\\/06\\\/02\\\/regionali-a-cassano-perdono-tutti-tranne-gli-astensionisti\\\/\"},\"wordCount\":1078,\"commentCount\":0,\"publisher\":{\"@id\":\"https:\\\/\\\/archiviocassano.lavocedelpaese.info\\\/#organization\"},\"image\":{\"@id\":\"https:\\\/\\\/archiviocassano.lavocedelpaese.info\\\/index.php\\\/2015\\\/06\\\/02\\\/regionali-a-cassano-perdono-tutti-tranne-gli-astensionisti\\\/#primaryimage\"},\"thumbnailUrl\":\"https:\\\/\\\/archiviocassano.lavocedelpaese.info\\\/wp-content\\\/uploads\\\/2015\\\/06\\\/analisi_voto.png\",\"articleSection\":[\"Politica\"],\"inLanguage\":\"it-IT\",\"potentialAction\":[{\"@type\":\"CommentAction\",\"name\":\"Comment\",\"target\":[\"https:\\\/\\\/archiviocassano.lavocedelpaese.info\\\/index.php\\\/2015\\\/06\\\/02\\\/regionali-a-cassano-perdono-tutti-tranne-gli-astensionisti\\\/#respond\"]}]},{\"@type\":\"WebPage\",\"@id\":\"https:\\\/\\\/archiviocassano.lavocedelpaese.info\\\/index.php\\\/2015\\\/06\\\/02\\\/regionali-a-cassano-perdono-tutti-tranne-gli-astensionisti\\\/\",\"url\":\"https:\\\/\\\/archiviocassano.lavocedelpaese.info\\\/index.php\\\/2015\\\/06\\\/02\\\/regionali-a-cassano-perdono-tutti-tranne-gli-astensionisti\\\/\",\"name\":\"Regionali a Cassano: perdono tutti. Tranne gli astensionisti - Archivio CassanoWeb\",\"isPartOf\":{\"@id\":\"https:\\\/\\\/archiviocassano.lavocedelpaese.info\\\/#website\"},\"primaryImageOfPage\":{\"@id\":\"https:\\\/\\\/archiviocassano.lavocedelpaese.info\\\/index.php\\\/2015\\\/06\\\/02\\\/regionali-a-cassano-perdono-tutti-tranne-gli-astensionisti\\\/#primaryimage\"},\"image\":{\"@id\":\"https:\\\/\\\/archiviocassano.lavocedelpaese.info\\\/index.php\\\/2015\\\/06\\\/02\\\/regionali-a-cassano-perdono-tutti-tranne-gli-astensionisti\\\/#primaryimage\"},\"thumbnailUrl\":\"https:\\\/\\\/archiviocassano.lavocedelpaese.info\\\/wp-content\\\/uploads\\\/2015\\\/06\\\/analisi_voto.png\",\"datePublished\":\"2015-06-02T08:03:11+00:00\",\"breadcrumb\":{\"@id\":\"https:\\\/\\\/archiviocassano.lavocedelpaese.info\\\/index.php\\\/2015\\\/06\\\/02\\\/regionali-a-cassano-perdono-tutti-tranne-gli-astensionisti\\\/#breadcrumb\"},\"inLanguage\":\"it-IT\",\"potentialAction\":[{\"@type\":\"ReadAction\",\"target\":[\"https:\\\/\\\/archiviocassano.lavocedelpaese.info\\\/index.php\\\/2015\\\/06\\\/02\\\/regionali-a-cassano-perdono-tutti-tranne-gli-astensionisti\\\/\"]}]},{\"@type\":\"ImageObject\",\"inLanguage\":\"it-IT\",\"@id\":\"https:\\\/\\\/archiviocassano.lavocedelpaese.info\\\/index.php\\\/2015\\\/06\\\/02\\\/regionali-a-cassano-perdono-tutti-tranne-gli-astensionisti\\\/#primaryimage\",\"url\":\"https:\\\/\\\/archiviocassano.lavocedelpaese.info\\\/wp-content\\\/uploads\\\/2015\\\/06\\\/analisi_voto.png\",\"contentUrl\":\"https:\\\/\\\/archiviocassano.lavocedelpaese.info\\\/wp-content\\\/uploads\\\/2015\\\/06\\\/analisi_voto.png\",\"width\":420,\"height\":315,\"caption\":\"analisi voto\"},{\"@type\":\"BreadcrumbList\",\"@id\":\"https:\\\/\\\/archiviocassano.lavocedelpaese.info\\\/index.php\\\/2015\\\/06\\\/02\\\/regionali-a-cassano-perdono-tutti-tranne-gli-astensionisti\\\/#breadcrumb\",\"itemListElement\":[{\"@type\":\"ListItem\",\"position\":1,\"name\":\"Home\",\"item\":\"https:\\\/\\\/archiviocassano.lavocedelpaese.info\\\/\"},{\"@type\":\"ListItem\",\"position\":2,\"name\":\"Regionali a Cassano: perdono tutti. Tranne gli astensionisti\"}]},{\"@type\":\"WebSite\",\"@id\":\"https:\\\/\\\/archiviocassano.lavocedelpaese.info\\\/#website\",\"url\":\"https:\\\/\\\/archiviocassano.lavocedelpaese.info\\\/\",\"name\":\"Archivio CassanoWeb\",\"description\":\"La Voce del Paese - un network di idee\",\"publisher\":{\"@id\":\"https:\\\/\\\/archiviocassano.lavocedelpaese.info\\\/#organization\"},\"potentialAction\":[{\"@type\":\"SearchAction\",\"target\":{\"@type\":\"EntryPoint\",\"urlTemplate\":\"https:\\\/\\\/archiviocassano.lavocedelpaese.info\\\/?s={search_term_string}\"},\"query-input\":{\"@type\":\"PropertyValueSpecification\",\"valueRequired\":true,\"valueName\":\"search_term_string\"}}],\"inLanguage\":\"it-IT\"},{\"@type\":\"Organization\",\"@id\":\"https:\\\/\\\/archiviocassano.lavocedelpaese.info\\\/#organization\",\"name\":\"Archivio CassanoWeb\",\"url\":\"https:\\\/\\\/archiviocassano.lavocedelpaese.info\\\/\",\"logo\":{\"@type\":\"ImageObject\",\"inLanguage\":\"it-IT\",\"@id\":\"https:\\\/\\\/archiviocassano.lavocedelpaese.info\\\/#\\\/schema\\\/logo\\\/image\\\/\",\"url\":\"https:\\\/\\\/archiviocassano.lavocedelpaese.info\\\/wp-content\\\/uploads\\\/2024\\\/08\\\/logo-rosso-2.png\",\"contentUrl\":\"https:\\\/\\\/archiviocassano.lavocedelpaese.info\\\/wp-content\\\/uploads\\\/2024\\\/08\\\/logo-rosso-2.png\",\"width\":491,\"height\":432,\"caption\":\"Archivio CassanoWeb\"},\"image\":{\"@id\":\"https:\\\/\\\/archiviocassano.lavocedelpaese.info\\\/#\\\/schema\\\/logo\\\/image\\\/\"},\"sameAs\":[\"https:\\\/\\\/www.facebook.com\\\/redazione.cassanoweb\"]},{\"@type\":\"Person\",\"@id\":\"https:\\\/\\\/archiviocassano.lavocedelpaese.info\\\/#\\\/schema\\\/person\\\/df195bc79a9b4c35127cf005f92e041b\",\"name\":\"admin\",\"image\":{\"@type\":\"ImageObject\",\"inLanguage\":\"it-IT\",\"@id\":\"https:\\\/\\\/secure.gravatar.com\\\/avatar\\\/eabba89a432e8eaa1b0207cc55f7e5340b22712b1ed80677efcf63e02ff5b235?s=96&d=mm&r=g\",\"url\":\"https:\\\/\\\/secure.gravatar.com\\\/avatar\\\/eabba89a432e8eaa1b0207cc55f7e5340b22712b1ed80677efcf63e02ff5b235?s=96&d=mm&r=g\",\"contentUrl\":\"https:\\\/\\\/secure.gravatar.com\\\/avatar\\\/eabba89a432e8eaa1b0207cc55f7e5340b22712b1ed80677efcf63e02ff5b235?s=96&d=mm&r=g\",\"caption\":\"admin\"},\"sameAs\":[\"https:\\\/\\\/archiviocassano.lavocedelpaese.info\"],\"url\":\"https:\\\/\\\/archiviocassano.lavocedelpaese.info\\\/index.php\\\/author\\\/admin_0qgz1xdp\\\/\"}]}<\/script>\n<!-- \/ Yoast SEO plugin. -->","yoast_head_json":{"title":"Regionali a Cassano: perdono tutti. Tranne gli astensionisti - Archivio CassanoWeb","robots":{"index":"index","follow":"follow","max-snippet":"max-snippet:-1","max-image-preview":"max-image-preview:large","max-video-preview":"max-video-preview:-1"},"canonical":"https:\/\/archiviocassano.lavocedelpaese.info\/index.php\/2015\/06\/02\/regionali-a-cassano-perdono-tutti-tranne-gli-astensionisti\/","og_locale":"it_IT","og_type":"article","og_title":"Regionali a Cassano: perdono tutti. Tranne gli astensionisti - Archivio CassanoWeb","og_url":"https:\/\/archiviocassano.lavocedelpaese.info\/index.php\/2015\/06\/02\/regionali-a-cassano-perdono-tutti-tranne-gli-astensionisti\/","og_site_name":"Archivio CassanoWeb","article_publisher":"https:\/\/www.facebook.com\/redazione.cassanoweb","article_published_time":"2015-06-02T08:03:11+00:00","og_image":[{"width":420,"height":315,"url":"https:\/\/archiviocassano.lavocedelpaese.info\/wp-content\/uploads\/2015\/06\/analisi_voto.png","type":"image\/png"}],"author":"admin","twitter_card":"summary_large_image","twitter_misc":{"Scritto da":"admin","Tempo di lettura stimato":"5 minuti"},"schema":{"@context":"https:\/\/schema.org","@graph":[{"@type":"Article","@id":"https:\/\/archiviocassano.lavocedelpaese.info\/index.php\/2015\/06\/02\/regionali-a-cassano-perdono-tutti-tranne-gli-astensionisti\/#article","isPartOf":{"@id":"https:\/\/archiviocassano.lavocedelpaese.info\/index.php\/2015\/06\/02\/regionali-a-cassano-perdono-tutti-tranne-gli-astensionisti\/"},"author":{"name":"admin","@id":"https:\/\/archiviocassano.lavocedelpaese.info\/#\/schema\/person\/df195bc79a9b4c35127cf005f92e041b"},"headline":"Regionali a Cassano: perdono tutti. Tranne gli astensionisti","datePublished":"2015-06-02T08:03:11+00:00","mainEntityOfPage":{"@id":"https:\/\/archiviocassano.lavocedelpaese.info\/index.php\/2015\/06\/02\/regionali-a-cassano-perdono-tutti-tranne-gli-astensionisti\/"},"wordCount":1078,"commentCount":0,"publisher":{"@id":"https:\/\/archiviocassano.lavocedelpaese.info\/#organization"},"image":{"@id":"https:\/\/archiviocassano.lavocedelpaese.info\/index.php\/2015\/06\/02\/regionali-a-cassano-perdono-tutti-tranne-gli-astensionisti\/#primaryimage"},"thumbnailUrl":"https:\/\/archiviocassano.lavocedelpaese.info\/wp-content\/uploads\/2015\/06\/analisi_voto.png","articleSection":["Politica"],"inLanguage":"it-IT","potentialAction":[{"@type":"CommentAction","name":"Comment","target":["https:\/\/archiviocassano.lavocedelpaese.info\/index.php\/2015\/06\/02\/regionali-a-cassano-perdono-tutti-tranne-gli-astensionisti\/#respond"]}]},{"@type":"WebPage","@id":"https:\/\/archiviocassano.lavocedelpaese.info\/index.php\/2015\/06\/02\/regionali-a-cassano-perdono-tutti-tranne-gli-astensionisti\/","url":"https:\/\/archiviocassano.lavocedelpaese.info\/index.php\/2015\/06\/02\/regionali-a-cassano-perdono-tutti-tranne-gli-astensionisti\/","name":"Regionali a Cassano: perdono tutti. Tranne gli astensionisti - Archivio CassanoWeb","isPartOf":{"@id":"https:\/\/archiviocassano.lavocedelpaese.info\/#website"},"primaryImageOfPage":{"@id":"https:\/\/archiviocassano.lavocedelpaese.info\/index.php\/2015\/06\/02\/regionali-a-cassano-perdono-tutti-tranne-gli-astensionisti\/#primaryimage"},"image":{"@id":"https:\/\/archiviocassano.lavocedelpaese.info\/index.php\/2015\/06\/02\/regionali-a-cassano-perdono-tutti-tranne-gli-astensionisti\/#primaryimage"},"thumbnailUrl":"https:\/\/archiviocassano.lavocedelpaese.info\/wp-content\/uploads\/2015\/06\/analisi_voto.png","datePublished":"2015-06-02T08:03:11+00:00","breadcrumb":{"@id":"https:\/\/archiviocassano.lavocedelpaese.info\/index.php\/2015\/06\/02\/regionali-a-cassano-perdono-tutti-tranne-gli-astensionisti\/#breadcrumb"},"inLanguage":"it-IT","potentialAction":[{"@type":"ReadAction","target":["https:\/\/archiviocassano.lavocedelpaese.info\/index.php\/2015\/06\/02\/regionali-a-cassano-perdono-tutti-tranne-gli-astensionisti\/"]}]},{"@type":"ImageObject","inLanguage":"it-IT","@id":"https:\/\/archiviocassano.lavocedelpaese.info\/index.php\/2015\/06\/02\/regionali-a-cassano-perdono-tutti-tranne-gli-astensionisti\/#primaryimage","url":"https:\/\/archiviocassano.lavocedelpaese.info\/wp-content\/uploads\/2015\/06\/analisi_voto.png","contentUrl":"https:\/\/archiviocassano.lavocedelpaese.info\/wp-content\/uploads\/2015\/06\/analisi_voto.png","width":420,"height":315,"caption":"analisi voto"},{"@type":"BreadcrumbList","@id":"https:\/\/archiviocassano.lavocedelpaese.info\/index.php\/2015\/06\/02\/regionali-a-cassano-perdono-tutti-tranne-gli-astensionisti\/#breadcrumb","itemListElement":[{"@type":"ListItem","position":1,"name":"Home","item":"https:\/\/archiviocassano.lavocedelpaese.info\/"},{"@type":"ListItem","position":2,"name":"Regionali a Cassano: perdono tutti. Tranne gli astensionisti"}]},{"@type":"WebSite","@id":"https:\/\/archiviocassano.lavocedelpaese.info\/#website","url":"https:\/\/archiviocassano.lavocedelpaese.info\/","name":"Archivio CassanoWeb","description":"La Voce del Paese - un network di idee","publisher":{"@id":"https:\/\/archiviocassano.lavocedelpaese.info\/#organization"},"potentialAction":[{"@type":"SearchAction","target":{"@type":"EntryPoint","urlTemplate":"https:\/\/archiviocassano.lavocedelpaese.info\/?s={search_term_string}"},"query-input":{"@type":"PropertyValueSpecification","valueRequired":true,"valueName":"search_term_string"}}],"inLanguage":"it-IT"},{"@type":"Organization","@id":"https:\/\/archiviocassano.lavocedelpaese.info\/#organization","name":"Archivio CassanoWeb","url":"https:\/\/archiviocassano.lavocedelpaese.info\/","logo":{"@type":"ImageObject","inLanguage":"it-IT","@id":"https:\/\/archiviocassano.lavocedelpaese.info\/#\/schema\/logo\/image\/","url":"https:\/\/archiviocassano.lavocedelpaese.info\/wp-content\/uploads\/2024\/08\/logo-rosso-2.png","contentUrl":"https:\/\/archiviocassano.lavocedelpaese.info\/wp-content\/uploads\/2024\/08\/logo-rosso-2.png","width":491,"height":432,"caption":"Archivio CassanoWeb"},"image":{"@id":"https:\/\/archiviocassano.lavocedelpaese.info\/#\/schema\/logo\/image\/"},"sameAs":["https:\/\/www.facebook.com\/redazione.cassanoweb"]},{"@type":"Person","@id":"https:\/\/archiviocassano.lavocedelpaese.info\/#\/schema\/person\/df195bc79a9b4c35127cf005f92e041b","name":"admin","image":{"@type":"ImageObject","inLanguage":"it-IT","@id":"https:\/\/secure.gravatar.com\/avatar\/eabba89a432e8eaa1b0207cc55f7e5340b22712b1ed80677efcf63e02ff5b235?s=96&d=mm&r=g","url":"https:\/\/secure.gravatar.com\/avatar\/eabba89a432e8eaa1b0207cc55f7e5340b22712b1ed80677efcf63e02ff5b235?s=96&d=mm&r=g","contentUrl":"https:\/\/secure.gravatar.com\/avatar\/eabba89a432e8eaa1b0207cc55f7e5340b22712b1ed80677efcf63e02ff5b235?s=96&d=mm&r=g","caption":"admin"},"sameAs":["https:\/\/archiviocassano.lavocedelpaese.info"],"url":"https:\/\/archiviocassano.lavocedelpaese.info\/index.php\/author\/admin_0qgz1xdp\/"}]}},"_links":{"self":[{"href":"https:\/\/archiviocassano.lavocedelpaese.info\/index.php\/wp-json\/wp\/v2\/posts\/10954","targetHints":{"allow":["GET"]}}],"collection":[{"href":"https:\/\/archiviocassano.lavocedelpaese.info\/index.php\/wp-json\/wp\/v2\/posts"}],"about":[{"href":"https:\/\/archiviocassano.lavocedelpaese.info\/index.php\/wp-json\/wp\/v2\/types\/post"}],"author":[{"embeddable":true,"href":"https:\/\/archiviocassano.lavocedelpaese.info\/index.php\/wp-json\/wp\/v2\/users\/1"}],"replies":[{"embeddable":true,"href":"https:\/\/archiviocassano.lavocedelpaese.info\/index.php\/wp-json\/wp\/v2\/comments?post=10954"}],"version-history":[{"count":0,"href":"https:\/\/archiviocassano.lavocedelpaese.info\/index.php\/wp-json\/wp\/v2\/posts\/10954\/revisions"}],"wp:featuredmedia":[{"embeddable":true,"href":"https:\/\/archiviocassano.lavocedelpaese.info\/index.php\/wp-json\/wp\/v2\/media\/10953"}],"wp:attachment":[{"href":"https:\/\/archiviocassano.lavocedelpaese.info\/index.php\/wp-json\/wp\/v2\/media?parent=10954"}],"wp:term":[{"taxonomy":"category","embeddable":true,"href":"https:\/\/archiviocassano.lavocedelpaese.info\/index.php\/wp-json\/wp\/v2\/categories?post=10954"},{"taxonomy":"post_tag","embeddable":true,"href":"https:\/\/archiviocassano.lavocedelpaese.info\/index.php\/wp-json\/wp\/v2\/tags?post=10954"}],"curies":[{"name":"wp","href":"https:\/\/api.w.org\/{rel}","templated":true}]}}