{"id":10975,"date":"2015-06-07T08:17:15","date_gmt":"2015-06-07T08:17:15","guid":{"rendered":"https:\/\/archiviocassano.lavocedelpaese.info\/index.php\/2015\/06\/07\/da-autista-di-ambulanze-a-scaricatore-di-carta-igienica-la-vicenda-del-cassanese-castellucci-finisce-in-tribunale\/"},"modified":"2015-06-07T08:17:15","modified_gmt":"2015-06-07T08:17:15","slug":"da-autista-di-ambulanze-a-scaricatore-di-carta-igienica-la-vicenda-del-cassanese-castellucci-finisce-in-tribunale","status":"publish","type":"post","link":"https:\/\/archiviocassano.lavocedelpaese.info\/index.php\/2015\/06\/07\/da-autista-di-ambulanze-a-scaricatore-di-carta-igienica-la-vicenda-del-cassanese-castellucci-finisce-in-tribunale\/","title":{"rendered":"Castellucci, la vicenda finisce in Tribunale"},"content":{"rendered":"<p style=\"text-align: justify;\"><img loading=\"lazy\" decoding=\"async\" class=\" size-full wp-image-10974\" src=\"https:\/\/archiviocassano.lavocedelpaese.info\/wp-content\/uploads\/2015\/06\/michele_castellucci.jpg\" alt=\"michele castellucci\" width=\"327\" height=\"213\" srcset=\"https:\/\/archiviocassano.lavocedelpaese.info\/wp-content\/uploads\/2015\/06\/michele_castellucci.jpg 327w, https:\/\/archiviocassano.lavocedelpaese.info\/wp-content\/uploads\/2015\/06\/michele_castellucci-300x195.jpg 300w\" sizes=\"auto, (max-width: 327px) 100vw, 327px\" \/><\/p>\n<p><!--more--><\/p>\n<p>&nbsp;<\/p>\n<p style=\"text-align: justify;\">Da autista di ambulanze a scaricatore di carta igienica.<\/p>\n<p style=\"text-align: justify;\">Un demansionamento che ha il sapore del \u201cmobbing\u201d e che ha portato <strong>il cassanese &nbsp;Michele Castellucci<\/strong> a denunciare la ASL \/Ba , chiedendo un risarcimento di 600mila euro all\u2019Azienda Sanitaria Locale barese.<\/p>\n<p style=\"text-align: justify;\">Luned\u00ec il processo, presso il Tribunale di Bari, entrer\u00e0 nelle fasi pi\u00f9 importanti, con l\u2019ascolto dei testimoni da parte del Giudice.<\/p>\n<p style=\"text-align: justify;\">Perch\u00e8 si \u00e8 arrivati in un\u2019aula di giustizia affinch\u00e9 ad un lavoratore vengano riconosciuti i suoi diritti?<\/p>\n<p style=\"text-align: justify;\">Tutto nasce nel 2010 quando Castellucci viene assunto, a tempo indeterminato, dalla Asl come autista di ambulanze e assegnato presso la postazione \u201c118\u201d di Santeramo in Colle.<\/p>\n<p style=\"text-align: justify;\">Dopo qualche tempo, per\u00f2, scopre che il suo contratto di lavoro ha delle difformit\u00e0 rispetto all\u2019inquadramento che la legge prescrive per questa tipologia di lavoratori e lo fa presente alla Asl, anche perch\u00e9 nella sua situazione si trovano anche altri operatori, autista di ambulanze che invece di essere inquadrati nella categoria BS sono in categoria B dunque da tecnico autista.<\/p>\n<p style=\"text-align: justify;\">La Asl chiede spiegazioni su questa difformit\u00e0 al Coordinatore del \u201c118\u201d, dott. Marco De Giosa e da quel momento \u2013 a dire di Castellucci \u2013 cominciano una serie di problemi: resta a casa e non viene inserito nei turni pur essendo, i suoi colleghi, in affanno rispetto alla copertura degli stessi, viene accusato di non rispondere al cellulare, pur essendo reperibile, ma in realt\u00e0 dal \u201c118\u201d chiamavano un altro numero di cellulare, inesistente.<\/p>\n<p style=\"text-align: justify;\">Fino a quando, nel gennaio 2013, viene trasferito a guidare un \u201cFiorino\u201d per la consegna della carta igienica nei diversi plessi della Asl di Altamura e quando il mezzo va in avaria, lo lasciano seduto dietro ad una scrivania a far niente. E con in pi\u00f9 un consistente taglio di stipendio mensile.<\/p>\n<p style=\"text-align: justify;\">Cominciano i problemi di salute per Castellucci, forse aggravati dalla situazione di vessazione che si trova a vivere quotidianamente e decide, dopo inutili richieste di reintegro nella sua posizione lavorative e dopo aver interessato &nbsp;anche l\u2019Assessorato Regionale alla Salute.<\/p>\n<p style=\"text-align: justify;\">Neppure l\u2019Assessorato, infatti, riesce a ricevere chiarimenti dalla Asl, pur avendo fatto formale richiesta al Direttore Generale dell\u2019Azienda, Colasanto.<\/p>\n<p style=\"text-align: justify;\">Parte, quindi, la vicenda giudiziaria a seguito di denuncia da parte di Castellucci che alla Asl chiede il reintegro nella sua posizione e un risarcimento per danni fisici e morali di 600mila euro.<\/p>\n<p>&nbsp;<\/p>\n<p><i>Potete ascoltare qui l\u2019intervista che il giornalista di \u201cIl Quotidiano Italiano\u201d, Antonio Loconte ha realizzato qualche tempo fa all\u2019autista cassanese.<\/i><\/p>\n<p align=\"center\"><a href=\"https:\/\/www.youtube.com\/watch?v=WV5FPxq7wRg\" target=\"_blank\" rel=\"noopener\"><strong>GUARDA L\u2019INTERVISTA<\/strong><\/a><\/p>\n<p>&nbsp;<\/p>\n<p>&nbsp;<\/p>\n","protected":false},"excerpt":{"rendered":"","protected":false},"author":1,"featured_media":10974,"comment_status":"open","ping_status":"closed","sticky":false,"template":"","format":"standard","meta":{"colormag_page_container_layout":"default_layout","colormag_page_sidebar_layout":"default_layout","footnotes":""},"categories":[7],"tags":[],"class_list":["post-10975","post","type-post","status-publish","format-standard","has-post-thumbnail","hentry","category-attualita"],"yoast_head":"<!-- This site is optimized with the Yoast SEO plugin v27.5 - https:\/\/yoast.com\/product\/yoast-seo-wordpress\/ -->\n<title>Castellucci, la vicenda finisce in Tribunale - Archivio CassanoWeb<\/title>\n<meta name=\"robots\" content=\"index, follow, max-snippet:-1, max-image-preview:large, max-video-preview:-1\" \/>\n<link rel=\"canonical\" href=\"https:\/\/archiviocassano.lavocedelpaese.info\/index.php\/2015\/06\/07\/da-autista-di-ambulanze-a-scaricatore-di-carta-igienica-la-vicenda-del-cassanese-castellucci-finisce-in-tribunale\/\" \/>\n<meta property=\"og:locale\" content=\"it_IT\" \/>\n<meta property=\"og:type\" content=\"article\" \/>\n<meta property=\"og:title\" content=\"Castellucci, la vicenda finisce in Tribunale - Archivio CassanoWeb\" \/>\n<meta property=\"og:url\" content=\"https:\/\/archiviocassano.lavocedelpaese.info\/index.php\/2015\/06\/07\/da-autista-di-ambulanze-a-scaricatore-di-carta-igienica-la-vicenda-del-cassanese-castellucci-finisce-in-tribunale\/\" \/>\n<meta property=\"og:site_name\" content=\"Archivio CassanoWeb\" \/>\n<meta property=\"article:publisher\" content=\"https:\/\/www.facebook.com\/redazione.cassanoweb\" \/>\n<meta property=\"article:published_time\" content=\"2015-06-07T08:17:15+00:00\" \/>\n<meta property=\"og:image\" content=\"https:\/\/archiviocassano.lavocedelpaese.info\/wp-content\/uploads\/2015\/06\/michele_castellucci.jpg\" \/>\n\t<meta property=\"og:image:width\" content=\"327\" \/>\n\t<meta property=\"og:image:height\" content=\"213\" \/>\n\t<meta property=\"og:image:type\" content=\"image\/jpeg\" \/>\n<meta name=\"author\" content=\"admin\" \/>\n<meta name=\"twitter:card\" content=\"summary_large_image\" \/>\n<meta name=\"twitter:label1\" content=\"Scritto da\" \/>\n\t<meta name=\"twitter:data1\" content=\"admin\" \/>\n\t<meta name=\"twitter:label2\" content=\"Tempo di lettura stimato\" \/>\n\t<meta name=\"twitter:data2\" content=\"2 minuti\" \/>\n<script type=\"application\/ld+json\" class=\"yoast-schema-graph\">{\"@context\":\"https:\\\/\\\/schema.org\",\"@graph\":[{\"@type\":\"Article\",\"@id\":\"https:\\\/\\\/archiviocassano.lavocedelpaese.info\\\/index.php\\\/2015\\\/06\\\/07\\\/da-autista-di-ambulanze-a-scaricatore-di-carta-igienica-la-vicenda-del-cassanese-castellucci-finisce-in-tribunale\\\/#article\",\"isPartOf\":{\"@id\":\"https:\\\/\\\/archiviocassano.lavocedelpaese.info\\\/index.php\\\/2015\\\/06\\\/07\\\/da-autista-di-ambulanze-a-scaricatore-di-carta-igienica-la-vicenda-del-cassanese-castellucci-finisce-in-tribunale\\\/\"},\"author\":{\"name\":\"admin\",\"@id\":\"https:\\\/\\\/archiviocassano.lavocedelpaese.info\\\/#\\\/schema\\\/person\\\/df195bc79a9b4c35127cf005f92e041b\"},\"headline\":\"Castellucci, la vicenda finisce in Tribunale\",\"datePublished\":\"2015-06-07T08:17:15+00:00\",\"mainEntityOfPage\":{\"@id\":\"https:\\\/\\\/archiviocassano.lavocedelpaese.info\\\/index.php\\\/2015\\\/06\\\/07\\\/da-autista-di-ambulanze-a-scaricatore-di-carta-igienica-la-vicenda-del-cassanese-castellucci-finisce-in-tribunale\\\/\"},\"wordCount\":417,\"commentCount\":0,\"publisher\":{\"@id\":\"https:\\\/\\\/archiviocassano.lavocedelpaese.info\\\/#organization\"},\"image\":{\"@id\":\"https:\\\/\\\/archiviocassano.lavocedelpaese.info\\\/index.php\\\/2015\\\/06\\\/07\\\/da-autista-di-ambulanze-a-scaricatore-di-carta-igienica-la-vicenda-del-cassanese-castellucci-finisce-in-tribunale\\\/#primaryimage\"},\"thumbnailUrl\":\"https:\\\/\\\/archiviocassano.lavocedelpaese.info\\\/wp-content\\\/uploads\\\/2015\\\/06\\\/michele_castellucci.jpg\",\"articleSection\":[\"Attualit\u00e0\"],\"inLanguage\":\"it-IT\",\"potentialAction\":[{\"@type\":\"CommentAction\",\"name\":\"Comment\",\"target\":[\"https:\\\/\\\/archiviocassano.lavocedelpaese.info\\\/index.php\\\/2015\\\/06\\\/07\\\/da-autista-di-ambulanze-a-scaricatore-di-carta-igienica-la-vicenda-del-cassanese-castellucci-finisce-in-tribunale\\\/#respond\"]}]},{\"@type\":\"WebPage\",\"@id\":\"https:\\\/\\\/archiviocassano.lavocedelpaese.info\\\/index.php\\\/2015\\\/06\\\/07\\\/da-autista-di-ambulanze-a-scaricatore-di-carta-igienica-la-vicenda-del-cassanese-castellucci-finisce-in-tribunale\\\/\",\"url\":\"https:\\\/\\\/archiviocassano.lavocedelpaese.info\\\/index.php\\\/2015\\\/06\\\/07\\\/da-autista-di-ambulanze-a-scaricatore-di-carta-igienica-la-vicenda-del-cassanese-castellucci-finisce-in-tribunale\\\/\",\"name\":\"Castellucci, la vicenda finisce in Tribunale - Archivio CassanoWeb\",\"isPartOf\":{\"@id\":\"https:\\\/\\\/archiviocassano.lavocedelpaese.info\\\/#website\"},\"primaryImageOfPage\":{\"@id\":\"https:\\\/\\\/archiviocassano.lavocedelpaese.info\\\/index.php\\\/2015\\\/06\\\/07\\\/da-autista-di-ambulanze-a-scaricatore-di-carta-igienica-la-vicenda-del-cassanese-castellucci-finisce-in-tribunale\\\/#primaryimage\"},\"image\":{\"@id\":\"https:\\\/\\\/archiviocassano.lavocedelpaese.info\\\/index.php\\\/2015\\\/06\\\/07\\\/da-autista-di-ambulanze-a-scaricatore-di-carta-igienica-la-vicenda-del-cassanese-castellucci-finisce-in-tribunale\\\/#primaryimage\"},\"thumbnailUrl\":\"https:\\\/\\\/archiviocassano.lavocedelpaese.info\\\/wp-content\\\/uploads\\\/2015\\\/06\\\/michele_castellucci.jpg\",\"datePublished\":\"2015-06-07T08:17:15+00:00\",\"breadcrumb\":{\"@id\":\"https:\\\/\\\/archiviocassano.lavocedelpaese.info\\\/index.php\\\/2015\\\/06\\\/07\\\/da-autista-di-ambulanze-a-scaricatore-di-carta-igienica-la-vicenda-del-cassanese-castellucci-finisce-in-tribunale\\\/#breadcrumb\"},\"inLanguage\":\"it-IT\",\"potentialAction\":[{\"@type\":\"ReadAction\",\"target\":[\"https:\\\/\\\/archiviocassano.lavocedelpaese.info\\\/index.php\\\/2015\\\/06\\\/07\\\/da-autista-di-ambulanze-a-scaricatore-di-carta-igienica-la-vicenda-del-cassanese-castellucci-finisce-in-tribunale\\\/\"]}]},{\"@type\":\"ImageObject\",\"inLanguage\":\"it-IT\",\"@id\":\"https:\\\/\\\/archiviocassano.lavocedelpaese.info\\\/index.php\\\/2015\\\/06\\\/07\\\/da-autista-di-ambulanze-a-scaricatore-di-carta-igienica-la-vicenda-del-cassanese-castellucci-finisce-in-tribunale\\\/#primaryimage\",\"url\":\"https:\\\/\\\/archiviocassano.lavocedelpaese.info\\\/wp-content\\\/uploads\\\/2015\\\/06\\\/michele_castellucci.jpg\",\"contentUrl\":\"https:\\\/\\\/archiviocassano.lavocedelpaese.info\\\/wp-content\\\/uploads\\\/2015\\\/06\\\/michele_castellucci.jpg\",\"width\":327,\"height\":213,\"caption\":\"michele castellucci\"},{\"@type\":\"BreadcrumbList\",\"@id\":\"https:\\\/\\\/archiviocassano.lavocedelpaese.info\\\/index.php\\\/2015\\\/06\\\/07\\\/da-autista-di-ambulanze-a-scaricatore-di-carta-igienica-la-vicenda-del-cassanese-castellucci-finisce-in-tribunale\\\/#breadcrumb\",\"itemListElement\":[{\"@type\":\"ListItem\",\"position\":1,\"name\":\"Home\",\"item\":\"https:\\\/\\\/archiviocassano.lavocedelpaese.info\\\/\"},{\"@type\":\"ListItem\",\"position\":2,\"name\":\"Castellucci, la vicenda finisce in Tribunale\"}]},{\"@type\":\"WebSite\",\"@id\":\"https:\\\/\\\/archiviocassano.lavocedelpaese.info\\\/#website\",\"url\":\"https:\\\/\\\/archiviocassano.lavocedelpaese.info\\\/\",\"name\":\"Archivio CassanoWeb\",\"description\":\"La Voce del Paese - un network di idee\",\"publisher\":{\"@id\":\"https:\\\/\\\/archiviocassano.lavocedelpaese.info\\\/#organization\"},\"potentialAction\":[{\"@type\":\"SearchAction\",\"target\":{\"@type\":\"EntryPoint\",\"urlTemplate\":\"https:\\\/\\\/archiviocassano.lavocedelpaese.info\\\/?s={search_term_string}\"},\"query-input\":{\"@type\":\"PropertyValueSpecification\",\"valueRequired\":true,\"valueName\":\"search_term_string\"}}],\"inLanguage\":\"it-IT\"},{\"@type\":\"Organization\",\"@id\":\"https:\\\/\\\/archiviocassano.lavocedelpaese.info\\\/#organization\",\"name\":\"Archivio CassanoWeb\",\"url\":\"https:\\\/\\\/archiviocassano.lavocedelpaese.info\\\/\",\"logo\":{\"@type\":\"ImageObject\",\"inLanguage\":\"it-IT\",\"@id\":\"https:\\\/\\\/archiviocassano.lavocedelpaese.info\\\/#\\\/schema\\\/logo\\\/image\\\/\",\"url\":\"https:\\\/\\\/archiviocassano.lavocedelpaese.info\\\/wp-content\\\/uploads\\\/2024\\\/08\\\/logo-rosso-2.png\",\"contentUrl\":\"https:\\\/\\\/archiviocassano.lavocedelpaese.info\\\/wp-content\\\/uploads\\\/2024\\\/08\\\/logo-rosso-2.png\",\"width\":491,\"height\":432,\"caption\":\"Archivio CassanoWeb\"},\"image\":{\"@id\":\"https:\\\/\\\/archiviocassano.lavocedelpaese.info\\\/#\\\/schema\\\/logo\\\/image\\\/\"},\"sameAs\":[\"https:\\\/\\\/www.facebook.com\\\/redazione.cassanoweb\"]},{\"@type\":\"Person\",\"@id\":\"https:\\\/\\\/archiviocassano.lavocedelpaese.info\\\/#\\\/schema\\\/person\\\/df195bc79a9b4c35127cf005f92e041b\",\"name\":\"admin\",\"image\":{\"@type\":\"ImageObject\",\"inLanguage\":\"it-IT\",\"@id\":\"https:\\\/\\\/secure.gravatar.com\\\/avatar\\\/eabba89a432e8eaa1b0207cc55f7e5340b22712b1ed80677efcf63e02ff5b235?s=96&d=mm&r=g\",\"url\":\"https:\\\/\\\/secure.gravatar.com\\\/avatar\\\/eabba89a432e8eaa1b0207cc55f7e5340b22712b1ed80677efcf63e02ff5b235?s=96&d=mm&r=g\",\"contentUrl\":\"https:\\\/\\\/secure.gravatar.com\\\/avatar\\\/eabba89a432e8eaa1b0207cc55f7e5340b22712b1ed80677efcf63e02ff5b235?s=96&d=mm&r=g\",\"caption\":\"admin\"},\"sameAs\":[\"https:\\\/\\\/archiviocassano.lavocedelpaese.info\"],\"url\":\"https:\\\/\\\/archiviocassano.lavocedelpaese.info\\\/index.php\\\/author\\\/admin_0qgz1xdp\\\/\"}]}<\/script>\n<!-- \/ Yoast SEO plugin. -->","yoast_head_json":{"title":"Castellucci, la vicenda finisce in Tribunale - Archivio CassanoWeb","robots":{"index":"index","follow":"follow","max-snippet":"max-snippet:-1","max-image-preview":"max-image-preview:large","max-video-preview":"max-video-preview:-1"},"canonical":"https:\/\/archiviocassano.lavocedelpaese.info\/index.php\/2015\/06\/07\/da-autista-di-ambulanze-a-scaricatore-di-carta-igienica-la-vicenda-del-cassanese-castellucci-finisce-in-tribunale\/","og_locale":"it_IT","og_type":"article","og_title":"Castellucci, la vicenda finisce in Tribunale - Archivio CassanoWeb","og_url":"https:\/\/archiviocassano.lavocedelpaese.info\/index.php\/2015\/06\/07\/da-autista-di-ambulanze-a-scaricatore-di-carta-igienica-la-vicenda-del-cassanese-castellucci-finisce-in-tribunale\/","og_site_name":"Archivio CassanoWeb","article_publisher":"https:\/\/www.facebook.com\/redazione.cassanoweb","article_published_time":"2015-06-07T08:17:15+00:00","og_image":[{"width":327,"height":213,"url":"https:\/\/archiviocassano.lavocedelpaese.info\/wp-content\/uploads\/2015\/06\/michele_castellucci.jpg","type":"image\/jpeg"}],"author":"admin","twitter_card":"summary_large_image","twitter_misc":{"Scritto da":"admin","Tempo di lettura stimato":"2 minuti"},"schema":{"@context":"https:\/\/schema.org","@graph":[{"@type":"Article","@id":"https:\/\/archiviocassano.lavocedelpaese.info\/index.php\/2015\/06\/07\/da-autista-di-ambulanze-a-scaricatore-di-carta-igienica-la-vicenda-del-cassanese-castellucci-finisce-in-tribunale\/#article","isPartOf":{"@id":"https:\/\/archiviocassano.lavocedelpaese.info\/index.php\/2015\/06\/07\/da-autista-di-ambulanze-a-scaricatore-di-carta-igienica-la-vicenda-del-cassanese-castellucci-finisce-in-tribunale\/"},"author":{"name":"admin","@id":"https:\/\/archiviocassano.lavocedelpaese.info\/#\/schema\/person\/df195bc79a9b4c35127cf005f92e041b"},"headline":"Castellucci, la vicenda finisce in Tribunale","datePublished":"2015-06-07T08:17:15+00:00","mainEntityOfPage":{"@id":"https:\/\/archiviocassano.lavocedelpaese.info\/index.php\/2015\/06\/07\/da-autista-di-ambulanze-a-scaricatore-di-carta-igienica-la-vicenda-del-cassanese-castellucci-finisce-in-tribunale\/"},"wordCount":417,"commentCount":0,"publisher":{"@id":"https:\/\/archiviocassano.lavocedelpaese.info\/#organization"},"image":{"@id":"https:\/\/archiviocassano.lavocedelpaese.info\/index.php\/2015\/06\/07\/da-autista-di-ambulanze-a-scaricatore-di-carta-igienica-la-vicenda-del-cassanese-castellucci-finisce-in-tribunale\/#primaryimage"},"thumbnailUrl":"https:\/\/archiviocassano.lavocedelpaese.info\/wp-content\/uploads\/2015\/06\/michele_castellucci.jpg","articleSection":["Attualit\u00e0"],"inLanguage":"it-IT","potentialAction":[{"@type":"CommentAction","name":"Comment","target":["https:\/\/archiviocassano.lavocedelpaese.info\/index.php\/2015\/06\/07\/da-autista-di-ambulanze-a-scaricatore-di-carta-igienica-la-vicenda-del-cassanese-castellucci-finisce-in-tribunale\/#respond"]}]},{"@type":"WebPage","@id":"https:\/\/archiviocassano.lavocedelpaese.info\/index.php\/2015\/06\/07\/da-autista-di-ambulanze-a-scaricatore-di-carta-igienica-la-vicenda-del-cassanese-castellucci-finisce-in-tribunale\/","url":"https:\/\/archiviocassano.lavocedelpaese.info\/index.php\/2015\/06\/07\/da-autista-di-ambulanze-a-scaricatore-di-carta-igienica-la-vicenda-del-cassanese-castellucci-finisce-in-tribunale\/","name":"Castellucci, la vicenda finisce in Tribunale - Archivio CassanoWeb","isPartOf":{"@id":"https:\/\/archiviocassano.lavocedelpaese.info\/#website"},"primaryImageOfPage":{"@id":"https:\/\/archiviocassano.lavocedelpaese.info\/index.php\/2015\/06\/07\/da-autista-di-ambulanze-a-scaricatore-di-carta-igienica-la-vicenda-del-cassanese-castellucci-finisce-in-tribunale\/#primaryimage"},"image":{"@id":"https:\/\/archiviocassano.lavocedelpaese.info\/index.php\/2015\/06\/07\/da-autista-di-ambulanze-a-scaricatore-di-carta-igienica-la-vicenda-del-cassanese-castellucci-finisce-in-tribunale\/#primaryimage"},"thumbnailUrl":"https:\/\/archiviocassano.lavocedelpaese.info\/wp-content\/uploads\/2015\/06\/michele_castellucci.jpg","datePublished":"2015-06-07T08:17:15+00:00","breadcrumb":{"@id":"https:\/\/archiviocassano.lavocedelpaese.info\/index.php\/2015\/06\/07\/da-autista-di-ambulanze-a-scaricatore-di-carta-igienica-la-vicenda-del-cassanese-castellucci-finisce-in-tribunale\/#breadcrumb"},"inLanguage":"it-IT","potentialAction":[{"@type":"ReadAction","target":["https:\/\/archiviocassano.lavocedelpaese.info\/index.php\/2015\/06\/07\/da-autista-di-ambulanze-a-scaricatore-di-carta-igienica-la-vicenda-del-cassanese-castellucci-finisce-in-tribunale\/"]}]},{"@type":"ImageObject","inLanguage":"it-IT","@id":"https:\/\/archiviocassano.lavocedelpaese.info\/index.php\/2015\/06\/07\/da-autista-di-ambulanze-a-scaricatore-di-carta-igienica-la-vicenda-del-cassanese-castellucci-finisce-in-tribunale\/#primaryimage","url":"https:\/\/archiviocassano.lavocedelpaese.info\/wp-content\/uploads\/2015\/06\/michele_castellucci.jpg","contentUrl":"https:\/\/archiviocassano.lavocedelpaese.info\/wp-content\/uploads\/2015\/06\/michele_castellucci.jpg","width":327,"height":213,"caption":"michele castellucci"},{"@type":"BreadcrumbList","@id":"https:\/\/archiviocassano.lavocedelpaese.info\/index.php\/2015\/06\/07\/da-autista-di-ambulanze-a-scaricatore-di-carta-igienica-la-vicenda-del-cassanese-castellucci-finisce-in-tribunale\/#breadcrumb","itemListElement":[{"@type":"ListItem","position":1,"name":"Home","item":"https:\/\/archiviocassano.lavocedelpaese.info\/"},{"@type":"ListItem","position":2,"name":"Castellucci, la vicenda finisce in Tribunale"}]},{"@type":"WebSite","@id":"https:\/\/archiviocassano.lavocedelpaese.info\/#website","url":"https:\/\/archiviocassano.lavocedelpaese.info\/","name":"Archivio CassanoWeb","description":"La Voce del Paese - un network di idee","publisher":{"@id":"https:\/\/archiviocassano.lavocedelpaese.info\/#organization"},"potentialAction":[{"@type":"SearchAction","target":{"@type":"EntryPoint","urlTemplate":"https:\/\/archiviocassano.lavocedelpaese.info\/?s={search_term_string}"},"query-input":{"@type":"PropertyValueSpecification","valueRequired":true,"valueName":"search_term_string"}}],"inLanguage":"it-IT"},{"@type":"Organization","@id":"https:\/\/archiviocassano.lavocedelpaese.info\/#organization","name":"Archivio CassanoWeb","url":"https:\/\/archiviocassano.lavocedelpaese.info\/","logo":{"@type":"ImageObject","inLanguage":"it-IT","@id":"https:\/\/archiviocassano.lavocedelpaese.info\/#\/schema\/logo\/image\/","url":"https:\/\/archiviocassano.lavocedelpaese.info\/wp-content\/uploads\/2024\/08\/logo-rosso-2.png","contentUrl":"https:\/\/archiviocassano.lavocedelpaese.info\/wp-content\/uploads\/2024\/08\/logo-rosso-2.png","width":491,"height":432,"caption":"Archivio CassanoWeb"},"image":{"@id":"https:\/\/archiviocassano.lavocedelpaese.info\/#\/schema\/logo\/image\/"},"sameAs":["https:\/\/www.facebook.com\/redazione.cassanoweb"]},{"@type":"Person","@id":"https:\/\/archiviocassano.lavocedelpaese.info\/#\/schema\/person\/df195bc79a9b4c35127cf005f92e041b","name":"admin","image":{"@type":"ImageObject","inLanguage":"it-IT","@id":"https:\/\/secure.gravatar.com\/avatar\/eabba89a432e8eaa1b0207cc55f7e5340b22712b1ed80677efcf63e02ff5b235?s=96&d=mm&r=g","url":"https:\/\/secure.gravatar.com\/avatar\/eabba89a432e8eaa1b0207cc55f7e5340b22712b1ed80677efcf63e02ff5b235?s=96&d=mm&r=g","contentUrl":"https:\/\/secure.gravatar.com\/avatar\/eabba89a432e8eaa1b0207cc55f7e5340b22712b1ed80677efcf63e02ff5b235?s=96&d=mm&r=g","caption":"admin"},"sameAs":["https:\/\/archiviocassano.lavocedelpaese.info"],"url":"https:\/\/archiviocassano.lavocedelpaese.info\/index.php\/author\/admin_0qgz1xdp\/"}]}},"_links":{"self":[{"href":"https:\/\/archiviocassano.lavocedelpaese.info\/index.php\/wp-json\/wp\/v2\/posts\/10975","targetHints":{"allow":["GET"]}}],"collection":[{"href":"https:\/\/archiviocassano.lavocedelpaese.info\/index.php\/wp-json\/wp\/v2\/posts"}],"about":[{"href":"https:\/\/archiviocassano.lavocedelpaese.info\/index.php\/wp-json\/wp\/v2\/types\/post"}],"author":[{"embeddable":true,"href":"https:\/\/archiviocassano.lavocedelpaese.info\/index.php\/wp-json\/wp\/v2\/users\/1"}],"replies":[{"embeddable":true,"href":"https:\/\/archiviocassano.lavocedelpaese.info\/index.php\/wp-json\/wp\/v2\/comments?post=10975"}],"version-history":[{"count":0,"href":"https:\/\/archiviocassano.lavocedelpaese.info\/index.php\/wp-json\/wp\/v2\/posts\/10975\/revisions"}],"wp:featuredmedia":[{"embeddable":true,"href":"https:\/\/archiviocassano.lavocedelpaese.info\/index.php\/wp-json\/wp\/v2\/media\/10974"}],"wp:attachment":[{"href":"https:\/\/archiviocassano.lavocedelpaese.info\/index.php\/wp-json\/wp\/v2\/media?parent=10975"}],"wp:term":[{"taxonomy":"category","embeddable":true,"href":"https:\/\/archiviocassano.lavocedelpaese.info\/index.php\/wp-json\/wp\/v2\/categories?post=10975"},{"taxonomy":"post_tag","embeddable":true,"href":"https:\/\/archiviocassano.lavocedelpaese.info\/index.php\/wp-json\/wp\/v2\/tags?post=10975"}],"curies":[{"name":"wp","href":"https:\/\/api.w.org\/{rel}","templated":true}]}}