{"id":11034,"date":"2015-06-26T09:18:04","date_gmt":"2015-06-26T09:18:04","guid":{"rendered":"https:\/\/archiviocassano.lavocedelpaese.info\/index.php\/2015\/06\/26\/soggiorno-climatico-per-anziani-aperte-le-iscrizioni\/"},"modified":"2015-06-26T09:18:04","modified_gmt":"2015-06-26T09:18:04","slug":"soggiorno-climatico-per-anziani-aperte-le-iscrizioni","status":"publish","type":"post","link":"https:\/\/archiviocassano.lavocedelpaese.info\/index.php\/2015\/06\/26\/soggiorno-climatico-per-anziani-aperte-le-iscrizioni\/","title":{"rendered":"Soggiorno climatico per anziani: aperte le iscrizioni"},"content":{"rendered":"<p><img loading=\"lazy\" decoding=\"async\" src=\"images\/stories\/archiviofoto\/anziani.jpg\" width=\"308\" height=\"150\" alt=\"anziani\" style=\"margin-right: 2px; margin-left: 2px;\" \/><\/p>\n<p><!--more--><\/p>\n<p>&nbsp;<\/p>\n<div style=\"text-align: justify;\">Anche quest\u2019anno si svolger\u00e0 il tradizionale soggiorno climatico e termale per gli anziani di Cassano.<\/div>\n<div>\n<p style=\"text-align: justify;\">\u00abL\u2019attenzione verso il benessere dei nostri anziani \u2013 dichiara l\u2019assessore Enza Battista in una nota del Comune &#8211; \u00e8 ovviamente tra le priorit\u00e0 di questa Amministrazione comunale. Anche quest\u2019anno abbiamo risposto alla richiesta dei nostri cittadini \u201cpi\u00f9 grandi\u201d di venire incontro alle loro esigenze di salute e cura. Pi\u00f9 che un provvedimento di politica sociale, il soggiorno \u00e8 un atto di gratitudine nei confronti dei nostri anziani, che nonostante le difficolt\u00e0 legate&nbsp;all&#8217;et\u00e0, sono per noi un supporto e una guida verso il futuro della nostra comunit\u00e0 locale\u00bb.<\/p>\n<p style=\"text-align: justify;\">A luglio, venticinque anziani, residenti da almeno un anno nel nostro Comune, potranno godere di un periodo di riposo presso l\u2019Hotel Byron di Montecatini Terme (in provincia di Pistoia, in Toscana).<\/p>\n<p style=\"text-align: justify;\">Questi i servizi offerti dalla struttura:<\/p>\n<p style=\"text-align: justify;\">\u2022&nbsp;&nbsp;&nbsp;&nbsp;&nbsp;&nbsp;&nbsp;&nbsp;&nbsp;Hotel categoria 3 stelle superiore, situato in posizione centrale;<\/p>\n<p style=\"text-align: justify;\">\u2022&nbsp;&nbsp;&nbsp;&nbsp;&nbsp;&nbsp;&nbsp;&nbsp;&nbsp;pensione completa, dalla cena del 1\u00b0 giorno alla colazione + pranzo a sacco dell&#8217;ultimo giorno;<\/p>\n<p style=\"text-align: justify;\">\u2022&nbsp;&nbsp;&nbsp;&nbsp;&nbsp;&nbsp;&nbsp;&nbsp;&nbsp;centro benessere e cure termali, previa certificazione medica;<\/p>\n<p style=\"text-align: justify;\">\u2022&nbsp;&nbsp;&nbsp;&nbsp;&nbsp;&nbsp;&nbsp;&nbsp;&nbsp;tv, telefono, aria condizionata con controllo individuale, bar, sala di intrattenimento, piscina, piano bar e musica.<\/p>\n<p style=\"text-align: justify;\">La partenza \u00e8 prevista per il giorno 19 luglio 2015 alle ore 6,00 da Piazza Dante Alighieri e il rientro per il giorno 31 luglio 2015 alle ore 21,00 circa (12 notti e 13 giorni), nello stesso luogo.<\/p>\n<p style=\"text-align: justify;\">Possono partecipare al soggiorno i cittadini che hanno i seguenti requisiti:<\/p>\n<p style=\"text-align: justify;\">\u2022&nbsp;&nbsp;&nbsp;&nbsp;&nbsp;&nbsp;&nbsp;&nbsp;&nbsp;65 anni compiuti alla data di presentazione del bando e autosufficienti;<\/p>\n<p style=\"text-align: justify;\">\u2022&nbsp;&nbsp;&nbsp;&nbsp;&nbsp;&nbsp;&nbsp;&nbsp;&nbsp;et\u00e0 inferiore a 65 anni, purch\u00e9 coniuge\/convivente di persona di 65 anni o pi\u00f9 ammessa al soggiorno.<\/p>\n<p style=\"text-align: justify;\">Le domande, redatte in forma chiara e leggibile, possono essere rese in autocertificazione ai sensi del DPR 445\/2000 e dovranno pervenire all&#8217;Ufficio Protocollo del Comune di Cassano delle Murge entro il giorno 10 luglio 2015 alle ore 13.<strong><\/strong><\/p>\n<p style=\"text-align: justify;\">Il modulo di domanda (con l\u2019indicazione dei documenti che bisogna allegare alla domanda stessa) \u00e8 disponibile presso l&#8217;Ufficio Servizi Sociali del Comune e sul portale web del Comune di Cassano all\u2019indirizzo&nbsp;<a href=\"http:\/\/www.comune.cassanodellemurge.ba.it\/\" target=\"_blank\" rel=\"noopener\">www.comune.<wbr \/>cassanodellemurge.ba.it<\/a>.<\/p>\n<p style=\"text-align: justify;\">La graduatoria degli aventi diritto sar\u00e0 formulata con i criteri contenuti nel disciplinare approvato con Delibera di Giunta comunale n. 87 del 16\/05\/2015.<\/p>\n<p style=\"text-align: justify;\">Sia l\u2019Ufficio Protocollo che l\u2019Ufficio Servizi Sociali sono ubicati nel palazzo comunale in piazza Moro.<strong><\/strong><\/p>\n<p style=\"text-align: justify;\">L&#8217;Amministrazione Comunale contribuir\u00e0 con una propria quota di compartecipazione, proporzionata al valore ISEE relativo ai redditi dell\u2019anno 2014, come previsto nel disciplinare approvato dalla Giunta comunale.<\/p>\n<p style=\"text-align: justify;\">Il costo per gli utenti \u00e8 il seguente:<\/p>\n<p style=\"text-align: justify;\">&#8211;&nbsp;&nbsp;&nbsp;&nbsp;&nbsp;&nbsp;&nbsp;&nbsp;&nbsp;&nbsp;per chi ha un reddito ISEE da 0 a 7.500,00 euro la quota di compartecipazione \u00e8 di 290,50 euro;<\/p>\n<p style=\"text-align: justify;\">&#8211;&nbsp;&nbsp;&nbsp;&nbsp;&nbsp;&nbsp;&nbsp;&nbsp;&nbsp;&nbsp;per chi ha un reddito ISEE da 7.500,01 a 15.000,00 euro la quota di compartecipazione \u00e8 di 352,75 euro;<\/p>\n<p style=\"text-align: justify;\">&#8211;&nbsp;&nbsp;&nbsp;&nbsp;&nbsp;&nbsp;&nbsp;&nbsp;&nbsp;&nbsp;per chi ha un reddito ISEE oltre 15.000,01 euro la quota di compartecipazione \u00e8 di 415,00 euro.<\/p>\n<p style=\"text-align: justify;\">La graduatoria degli aventi diritto sar\u00e0 resa disponibile presso l\u2019Ufficio dei Servizi Sociali in data 13 luglio 2015 alle ore 12.00. Chi risulter\u00e0 ammesso al soggiorno dovr\u00e0 presentare la ricevuta attestante l&#8217;avvenuto pagamento della quota di compartecipazione entro e il 15 luglio 2015.<\/p>\n<p style=\"text-align: justify;\">&nbsp;L&#8217;Ufficio Servizi Sociali si riserva la facolt\u00e0 di verificare la veridicit\u00e0 delle dichiarazioni rese relative al reddito ISEE.<\/p>\n<p style=\"text-align: justify;\">&nbsp;Per ulteriori informazioni ci si pu\u00f2 rivolgere all&#8217;Ufficio Servizi Sociali al numero di telefono&nbsp;&nbsp;080\/3211303.<\/p>\n<\/div>\n","protected":false},"excerpt":{"rendered":"","protected":false},"author":1,"featured_media":0,"comment_status":"open","ping_status":"closed","sticky":false,"template":"","format":"standard","meta":{"colormag_page_container_layout":"default_layout","colormag_page_sidebar_layout":"default_layout","footnotes":""},"categories":[7],"tags":[],"class_list":["post-11034","post","type-post","status-publish","format-standard","hentry","category-attualita"],"yoast_head":"<!-- This site is optimized with the Yoast SEO plugin v27.5 - https:\/\/yoast.com\/product\/yoast-seo-wordpress\/ -->\n<title>Soggiorno climatico per anziani: aperte le iscrizioni - Archivio CassanoWeb<\/title>\n<meta name=\"robots\" content=\"index, follow, max-snippet:-1, max-image-preview:large, max-video-preview:-1\" \/>\n<link rel=\"canonical\" href=\"https:\/\/archiviocassano.lavocedelpaese.info\/index.php\/2015\/06\/26\/soggiorno-climatico-per-anziani-aperte-le-iscrizioni\/\" \/>\n<meta property=\"og:locale\" content=\"it_IT\" \/>\n<meta property=\"og:type\" content=\"article\" \/>\n<meta property=\"og:title\" content=\"Soggiorno climatico per anziani: aperte le iscrizioni - Archivio CassanoWeb\" \/>\n<meta property=\"og:url\" content=\"https:\/\/archiviocassano.lavocedelpaese.info\/index.php\/2015\/06\/26\/soggiorno-climatico-per-anziani-aperte-le-iscrizioni\/\" \/>\n<meta property=\"og:site_name\" content=\"Archivio CassanoWeb\" \/>\n<meta property=\"article:publisher\" content=\"https:\/\/www.facebook.com\/redazione.cassanoweb\" \/>\n<meta property=\"article:published_time\" content=\"2015-06-26T09:18:04+00:00\" \/>\n<meta name=\"author\" content=\"admin\" \/>\n<meta name=\"twitter:card\" content=\"summary_large_image\" \/>\n<meta name=\"twitter:label1\" content=\"Scritto da\" \/>\n\t<meta name=\"twitter:data1\" content=\"admin\" \/>\n\t<meta name=\"twitter:label2\" content=\"Tempo di lettura stimato\" \/>\n\t<meta name=\"twitter:data2\" content=\"3 minuti\" \/>\n<script type=\"application\/ld+json\" class=\"yoast-schema-graph\">{\"@context\":\"https:\\\/\\\/schema.org\",\"@graph\":[{\"@type\":\"Article\",\"@id\":\"https:\\\/\\\/archiviocassano.lavocedelpaese.info\\\/index.php\\\/2015\\\/06\\\/26\\\/soggiorno-climatico-per-anziani-aperte-le-iscrizioni\\\/#article\",\"isPartOf\":{\"@id\":\"https:\\\/\\\/archiviocassano.lavocedelpaese.info\\\/index.php\\\/2015\\\/06\\\/26\\\/soggiorno-climatico-per-anziani-aperte-le-iscrizioni\\\/\"},\"author\":{\"name\":\"admin\",\"@id\":\"https:\\\/\\\/archiviocassano.lavocedelpaese.info\\\/#\\\/schema\\\/person\\\/df195bc79a9b4c35127cf005f92e041b\"},\"headline\":\"Soggiorno climatico per anziani: aperte le iscrizioni\",\"datePublished\":\"2015-06-26T09:18:04+00:00\",\"mainEntityOfPage\":{\"@id\":\"https:\\\/\\\/archiviocassano.lavocedelpaese.info\\\/index.php\\\/2015\\\/06\\\/26\\\/soggiorno-climatico-per-anziani-aperte-le-iscrizioni\\\/\"},\"wordCount\":619,\"commentCount\":0,\"publisher\":{\"@id\":\"https:\\\/\\\/archiviocassano.lavocedelpaese.info\\\/#organization\"},\"articleSection\":[\"Attualit\u00e0\"],\"inLanguage\":\"it-IT\",\"potentialAction\":[{\"@type\":\"CommentAction\",\"name\":\"Comment\",\"target\":[\"https:\\\/\\\/archiviocassano.lavocedelpaese.info\\\/index.php\\\/2015\\\/06\\\/26\\\/soggiorno-climatico-per-anziani-aperte-le-iscrizioni\\\/#respond\"]}]},{\"@type\":\"WebPage\",\"@id\":\"https:\\\/\\\/archiviocassano.lavocedelpaese.info\\\/index.php\\\/2015\\\/06\\\/26\\\/soggiorno-climatico-per-anziani-aperte-le-iscrizioni\\\/\",\"url\":\"https:\\\/\\\/archiviocassano.lavocedelpaese.info\\\/index.php\\\/2015\\\/06\\\/26\\\/soggiorno-climatico-per-anziani-aperte-le-iscrizioni\\\/\",\"name\":\"Soggiorno climatico per anziani: aperte le iscrizioni - Archivio CassanoWeb\",\"isPartOf\":{\"@id\":\"https:\\\/\\\/archiviocassano.lavocedelpaese.info\\\/#website\"},\"datePublished\":\"2015-06-26T09:18:04+00:00\",\"breadcrumb\":{\"@id\":\"https:\\\/\\\/archiviocassano.lavocedelpaese.info\\\/index.php\\\/2015\\\/06\\\/26\\\/soggiorno-climatico-per-anziani-aperte-le-iscrizioni\\\/#breadcrumb\"},\"inLanguage\":\"it-IT\",\"potentialAction\":[{\"@type\":\"ReadAction\",\"target\":[\"https:\\\/\\\/archiviocassano.lavocedelpaese.info\\\/index.php\\\/2015\\\/06\\\/26\\\/soggiorno-climatico-per-anziani-aperte-le-iscrizioni\\\/\"]}]},{\"@type\":\"BreadcrumbList\",\"@id\":\"https:\\\/\\\/archiviocassano.lavocedelpaese.info\\\/index.php\\\/2015\\\/06\\\/26\\\/soggiorno-climatico-per-anziani-aperte-le-iscrizioni\\\/#breadcrumb\",\"itemListElement\":[{\"@type\":\"ListItem\",\"position\":1,\"name\":\"Home\",\"item\":\"https:\\\/\\\/archiviocassano.lavocedelpaese.info\\\/\"},{\"@type\":\"ListItem\",\"position\":2,\"name\":\"Soggiorno climatico per anziani: aperte le iscrizioni\"}]},{\"@type\":\"WebSite\",\"@id\":\"https:\\\/\\\/archiviocassano.lavocedelpaese.info\\\/#website\",\"url\":\"https:\\\/\\\/archiviocassano.lavocedelpaese.info\\\/\",\"name\":\"Archivio CassanoWeb\",\"description\":\"La Voce del Paese - un network di idee\",\"publisher\":{\"@id\":\"https:\\\/\\\/archiviocassano.lavocedelpaese.info\\\/#organization\"},\"potentialAction\":[{\"@type\":\"SearchAction\",\"target\":{\"@type\":\"EntryPoint\",\"urlTemplate\":\"https:\\\/\\\/archiviocassano.lavocedelpaese.info\\\/?s={search_term_string}\"},\"query-input\":{\"@type\":\"PropertyValueSpecification\",\"valueRequired\":true,\"valueName\":\"search_term_string\"}}],\"inLanguage\":\"it-IT\"},{\"@type\":\"Organization\",\"@id\":\"https:\\\/\\\/archiviocassano.lavocedelpaese.info\\\/#organization\",\"name\":\"Archivio CassanoWeb\",\"url\":\"https:\\\/\\\/archiviocassano.lavocedelpaese.info\\\/\",\"logo\":{\"@type\":\"ImageObject\",\"inLanguage\":\"it-IT\",\"@id\":\"https:\\\/\\\/archiviocassano.lavocedelpaese.info\\\/#\\\/schema\\\/logo\\\/image\\\/\",\"url\":\"https:\\\/\\\/archiviocassano.lavocedelpaese.info\\\/wp-content\\\/uploads\\\/2024\\\/08\\\/logo-rosso-2.png\",\"contentUrl\":\"https:\\\/\\\/archiviocassano.lavocedelpaese.info\\\/wp-content\\\/uploads\\\/2024\\\/08\\\/logo-rosso-2.png\",\"width\":491,\"height\":432,\"caption\":\"Archivio CassanoWeb\"},\"image\":{\"@id\":\"https:\\\/\\\/archiviocassano.lavocedelpaese.info\\\/#\\\/schema\\\/logo\\\/image\\\/\"},\"sameAs\":[\"https:\\\/\\\/www.facebook.com\\\/redazione.cassanoweb\"]},{\"@type\":\"Person\",\"@id\":\"https:\\\/\\\/archiviocassano.lavocedelpaese.info\\\/#\\\/schema\\\/person\\\/df195bc79a9b4c35127cf005f92e041b\",\"name\":\"admin\",\"image\":{\"@type\":\"ImageObject\",\"inLanguage\":\"it-IT\",\"@id\":\"https:\\\/\\\/secure.gravatar.com\\\/avatar\\\/eabba89a432e8eaa1b0207cc55f7e5340b22712b1ed80677efcf63e02ff5b235?s=96&d=mm&r=g\",\"url\":\"https:\\\/\\\/secure.gravatar.com\\\/avatar\\\/eabba89a432e8eaa1b0207cc55f7e5340b22712b1ed80677efcf63e02ff5b235?s=96&d=mm&r=g\",\"contentUrl\":\"https:\\\/\\\/secure.gravatar.com\\\/avatar\\\/eabba89a432e8eaa1b0207cc55f7e5340b22712b1ed80677efcf63e02ff5b235?s=96&d=mm&r=g\",\"caption\":\"admin\"},\"sameAs\":[\"https:\\\/\\\/archiviocassano.lavocedelpaese.info\"],\"url\":\"https:\\\/\\\/archiviocassano.lavocedelpaese.info\\\/index.php\\\/author\\\/admin_0qgz1xdp\\\/\"}]}<\/script>\n<!-- \/ Yoast SEO plugin. -->","yoast_head_json":{"title":"Soggiorno climatico per anziani: aperte le iscrizioni - Archivio CassanoWeb","robots":{"index":"index","follow":"follow","max-snippet":"max-snippet:-1","max-image-preview":"max-image-preview:large","max-video-preview":"max-video-preview:-1"},"canonical":"https:\/\/archiviocassano.lavocedelpaese.info\/index.php\/2015\/06\/26\/soggiorno-climatico-per-anziani-aperte-le-iscrizioni\/","og_locale":"it_IT","og_type":"article","og_title":"Soggiorno climatico per anziani: aperte le iscrizioni - Archivio CassanoWeb","og_url":"https:\/\/archiviocassano.lavocedelpaese.info\/index.php\/2015\/06\/26\/soggiorno-climatico-per-anziani-aperte-le-iscrizioni\/","og_site_name":"Archivio CassanoWeb","article_publisher":"https:\/\/www.facebook.com\/redazione.cassanoweb","article_published_time":"2015-06-26T09:18:04+00:00","author":"admin","twitter_card":"summary_large_image","twitter_misc":{"Scritto da":"admin","Tempo di lettura stimato":"3 minuti"},"schema":{"@context":"https:\/\/schema.org","@graph":[{"@type":"Article","@id":"https:\/\/archiviocassano.lavocedelpaese.info\/index.php\/2015\/06\/26\/soggiorno-climatico-per-anziani-aperte-le-iscrizioni\/#article","isPartOf":{"@id":"https:\/\/archiviocassano.lavocedelpaese.info\/index.php\/2015\/06\/26\/soggiorno-climatico-per-anziani-aperte-le-iscrizioni\/"},"author":{"name":"admin","@id":"https:\/\/archiviocassano.lavocedelpaese.info\/#\/schema\/person\/df195bc79a9b4c35127cf005f92e041b"},"headline":"Soggiorno climatico per anziani: aperte le iscrizioni","datePublished":"2015-06-26T09:18:04+00:00","mainEntityOfPage":{"@id":"https:\/\/archiviocassano.lavocedelpaese.info\/index.php\/2015\/06\/26\/soggiorno-climatico-per-anziani-aperte-le-iscrizioni\/"},"wordCount":619,"commentCount":0,"publisher":{"@id":"https:\/\/archiviocassano.lavocedelpaese.info\/#organization"},"articleSection":["Attualit\u00e0"],"inLanguage":"it-IT","potentialAction":[{"@type":"CommentAction","name":"Comment","target":["https:\/\/archiviocassano.lavocedelpaese.info\/index.php\/2015\/06\/26\/soggiorno-climatico-per-anziani-aperte-le-iscrizioni\/#respond"]}]},{"@type":"WebPage","@id":"https:\/\/archiviocassano.lavocedelpaese.info\/index.php\/2015\/06\/26\/soggiorno-climatico-per-anziani-aperte-le-iscrizioni\/","url":"https:\/\/archiviocassano.lavocedelpaese.info\/index.php\/2015\/06\/26\/soggiorno-climatico-per-anziani-aperte-le-iscrizioni\/","name":"Soggiorno climatico per anziani: aperte le iscrizioni - Archivio CassanoWeb","isPartOf":{"@id":"https:\/\/archiviocassano.lavocedelpaese.info\/#website"},"datePublished":"2015-06-26T09:18:04+00:00","breadcrumb":{"@id":"https:\/\/archiviocassano.lavocedelpaese.info\/index.php\/2015\/06\/26\/soggiorno-climatico-per-anziani-aperte-le-iscrizioni\/#breadcrumb"},"inLanguage":"it-IT","potentialAction":[{"@type":"ReadAction","target":["https:\/\/archiviocassano.lavocedelpaese.info\/index.php\/2015\/06\/26\/soggiorno-climatico-per-anziani-aperte-le-iscrizioni\/"]}]},{"@type":"BreadcrumbList","@id":"https:\/\/archiviocassano.lavocedelpaese.info\/index.php\/2015\/06\/26\/soggiorno-climatico-per-anziani-aperte-le-iscrizioni\/#breadcrumb","itemListElement":[{"@type":"ListItem","position":1,"name":"Home","item":"https:\/\/archiviocassano.lavocedelpaese.info\/"},{"@type":"ListItem","position":2,"name":"Soggiorno climatico per anziani: aperte le iscrizioni"}]},{"@type":"WebSite","@id":"https:\/\/archiviocassano.lavocedelpaese.info\/#website","url":"https:\/\/archiviocassano.lavocedelpaese.info\/","name":"Archivio CassanoWeb","description":"La Voce del Paese - un network di idee","publisher":{"@id":"https:\/\/archiviocassano.lavocedelpaese.info\/#organization"},"potentialAction":[{"@type":"SearchAction","target":{"@type":"EntryPoint","urlTemplate":"https:\/\/archiviocassano.lavocedelpaese.info\/?s={search_term_string}"},"query-input":{"@type":"PropertyValueSpecification","valueRequired":true,"valueName":"search_term_string"}}],"inLanguage":"it-IT"},{"@type":"Organization","@id":"https:\/\/archiviocassano.lavocedelpaese.info\/#organization","name":"Archivio CassanoWeb","url":"https:\/\/archiviocassano.lavocedelpaese.info\/","logo":{"@type":"ImageObject","inLanguage":"it-IT","@id":"https:\/\/archiviocassano.lavocedelpaese.info\/#\/schema\/logo\/image\/","url":"https:\/\/archiviocassano.lavocedelpaese.info\/wp-content\/uploads\/2024\/08\/logo-rosso-2.png","contentUrl":"https:\/\/archiviocassano.lavocedelpaese.info\/wp-content\/uploads\/2024\/08\/logo-rosso-2.png","width":491,"height":432,"caption":"Archivio CassanoWeb"},"image":{"@id":"https:\/\/archiviocassano.lavocedelpaese.info\/#\/schema\/logo\/image\/"},"sameAs":["https:\/\/www.facebook.com\/redazione.cassanoweb"]},{"@type":"Person","@id":"https:\/\/archiviocassano.lavocedelpaese.info\/#\/schema\/person\/df195bc79a9b4c35127cf005f92e041b","name":"admin","image":{"@type":"ImageObject","inLanguage":"it-IT","@id":"https:\/\/secure.gravatar.com\/avatar\/eabba89a432e8eaa1b0207cc55f7e5340b22712b1ed80677efcf63e02ff5b235?s=96&d=mm&r=g","url":"https:\/\/secure.gravatar.com\/avatar\/eabba89a432e8eaa1b0207cc55f7e5340b22712b1ed80677efcf63e02ff5b235?s=96&d=mm&r=g","contentUrl":"https:\/\/secure.gravatar.com\/avatar\/eabba89a432e8eaa1b0207cc55f7e5340b22712b1ed80677efcf63e02ff5b235?s=96&d=mm&r=g","caption":"admin"},"sameAs":["https:\/\/archiviocassano.lavocedelpaese.info"],"url":"https:\/\/archiviocassano.lavocedelpaese.info\/index.php\/author\/admin_0qgz1xdp\/"}]}},"_links":{"self":[{"href":"https:\/\/archiviocassano.lavocedelpaese.info\/index.php\/wp-json\/wp\/v2\/posts\/11034","targetHints":{"allow":["GET"]}}],"collection":[{"href":"https:\/\/archiviocassano.lavocedelpaese.info\/index.php\/wp-json\/wp\/v2\/posts"}],"about":[{"href":"https:\/\/archiviocassano.lavocedelpaese.info\/index.php\/wp-json\/wp\/v2\/types\/post"}],"author":[{"embeddable":true,"href":"https:\/\/archiviocassano.lavocedelpaese.info\/index.php\/wp-json\/wp\/v2\/users\/1"}],"replies":[{"embeddable":true,"href":"https:\/\/archiviocassano.lavocedelpaese.info\/index.php\/wp-json\/wp\/v2\/comments?post=11034"}],"version-history":[{"count":0,"href":"https:\/\/archiviocassano.lavocedelpaese.info\/index.php\/wp-json\/wp\/v2\/posts\/11034\/revisions"}],"wp:attachment":[{"href":"https:\/\/archiviocassano.lavocedelpaese.info\/index.php\/wp-json\/wp\/v2\/media?parent=11034"}],"wp:term":[{"taxonomy":"category","embeddable":true,"href":"https:\/\/archiviocassano.lavocedelpaese.info\/index.php\/wp-json\/wp\/v2\/categories?post=11034"},{"taxonomy":"post_tag","embeddable":true,"href":"https:\/\/archiviocassano.lavocedelpaese.info\/index.php\/wp-json\/wp\/v2\/tags?post=11034"}],"curies":[{"name":"wp","href":"https:\/\/api.w.org\/{rel}","templated":true}]}}