{"id":11110,"date":"2015-07-17T05:21:41","date_gmt":"2015-07-17T05:21:41","guid":{"rendered":"https:\/\/archiviocassano.lavocedelpaese.info\/index.php\/2015\/07\/17\/nasce-il-corto-circuito-dei-contadini\/"},"modified":"2015-07-17T05:21:41","modified_gmt":"2015-07-17T05:21:41","slug":"nasce-il-corto-circuito-dei-contadini","status":"publish","type":"post","link":"https:\/\/archiviocassano.lavocedelpaese.info\/index.php\/2015\/07\/17\/nasce-il-corto-circuito-dei-contadini\/","title":{"rendered":"Nasce il &#8216;Corto circuito dei contadini&#8217;"},"content":{"rendered":"<p style=\"text-align: justify;\"><img loading=\"lazy\" decoding=\"async\" class=\" size-full wp-image-11109\" src=\"https:\/\/archiviocassano.lavocedelpaese.info\/wp-content\/uploads\/2015\/07\/corto-3.jpg\" width=\"320\" height=\"150\" alt=\"corto-3\" \/><\/p>\n<p><!--more--><\/p>\n<p style=\"text-align: justify;\"><strong>Un nuovo approccio alla rete ed al sistema della filiera agroalimentare, un \u201cCorto Circuito dei Contadini\u201d<\/strong>&nbsp;come recita il titolo del progetto di cooperazione interterritoriale che vede impegnati 10 Gruppi di azione locale (Gal) pugliesi nel&nbsp;<strong>valorizzare e promuovere i prodotti tipici ed i territori<\/strong>. A presentarlo nei giorni scorsi a Bari in conferenza stampa Pasquale Lorusso, direttore tecnico del GAL Terre di Murgia (Gal capofila del progetto), &nbsp;Cosimo Sallustio, responsabile Asse III e Asse IV PSR (Programam di Sviluppo Rurale) della Regione Puglia, Francesco Schittulli, presidente nazionale della Lilt (Lega Italiana Lotta ai Tumori), Arcangelo Cirone, direttore del Gal Sud-Est Barese e Nicola Mercurio, presidente del Gal Fior d&#8217;Olivi.&nbsp;<\/p>\n<p style=\"text-align: justify;\">Durante l\u2019incontro sono state presentate le azioni comuni del progetto, che ha \u201cl\u2019obiettivo generale \u2013 ha spiegato Lorusso &#8211; &nbsp;di&nbsp;<strong>valorizzare i prodotti tipici locali ed il turismo rurale grazie ad una strategia di sviluppo del mercato della filiera corta e del Km zero.<\/strong>&nbsp;La freschezza del prodotto e la stagionalit\u00e0 assumono in questo contesto un ruolo chiave permettendo da un lato agli agricoltori di tornare protagonisti nel sistema e dall\u2019altro consentendo di fare buona educazione alimentare\u201d.<\/p>\n<p style=\"text-align: justify;\">\u201cVista l\u2019importanza educativa del progetto non poteva mancare \u2013 ha aggiunto Schittulli &#8211; il patrocinio dato dalla Lilt. \u00c8 una strategia vincente accattivarsi i bambini sin dalle scuole materne su temi fondamentali come la nutrizione. Cos\u00ec si pu\u00f2 incidere al meglio a livello sanitario, scolastico ed agricolo facendo emergere il valore della sana alimentazione\u201d.&nbsp;<\/p>\n<p style=\"text-align: justify;\">\u201cL\u2019azienda agricola \u00e8 sempre di pi\u00f9 al centro delle attenzioni ed il suo ammodernamento ci consente \u2013 ha sottolineato Sallustio \u2013 di rivisitare le dinamiche agricole, alimentari e rurali. Con questa iniziativa dei Gal, che svolgono da sempre un ruolo di connessione sui territori, \u00e8 stata fatta massa critica su tutto il territorio regionale. Abbiamo cos\u00ec tante chances da giocarci e credo&nbsp;<strong>riusciremo finalmente a far apprezzare anche le caratteristiche e le peculiarit\u00e0 di ci\u00f2 che c&#8217;\u00e8 dietro i nostri prodotti. Ed i contadini con noi,<\/strong>&nbsp;come sta avvenendo per Expo 2015, saranno sempre in prima fila quanto ad attenzione\u201d.<\/p>\n<p style=\"text-align: justify;\">A supporto delle attivit\u00e0 \u00e8 stato realizzato&nbsp;<strong>un kit educativo contenente un e-book che racconta le storie di \u201cSlurp e Gnam\u201d, il fumetto \u201cIl viaggio di Corto Circuito &#8211; Missione Biofonte\u201d e il video gioco \u201cEco-warriors Apulia Food\u201d.<\/strong>&nbsp;\u201cLa realizzazione di strumenti didattici, messi a disposizione dai Gal partner, ha gi\u00e0 prodotto &#8211; secondo Cirone &#8211; effetti positivi, come nel caso del Gal Seb che ha dato vita ad un protocollo d\u2019intesa con 17 scuole primarie per trasferire, tramite biologi nutrizionisti, le conoscenze sul mangiare e bene sano\u201d.&nbsp;<\/p>\n<p style=\"text-align: justify;\"><strong>Ciascuno dei Gal \u00e8 poi impegnato nella realizzazione dei \u201cMercati di Corto Circuito dei Contadini\u201d. \u201c<\/strong>Grazie ad una mappatura dei prodotti locali, degli operatori e delle aziende vorremmo realizzare in ogni comune \u2013 ha auspicato Mercurio \u2013 questi luoghi di commercializzazione dei prodotti agricoli. Il tutto secondo un approccio condiviso e sulla base di nuovi modelli di produzione e trasformazione che promuovono un rapporto diretto tra produttori agricoli e utilizzatori finali\u201d.&nbsp;<\/p>\n<p style=\"text-align: justify;\">\u201cCorto Circuito dei Contadini\u201d \u00e8 un progetto di cooperazione interterritoriale che&nbsp;<strong>vede impegnati i Gal Terre di Murgia, Sud Est Barese, Conca Barese, Ponte Lama, Fior d\u2019olivi, DaunOfantino, &nbsp;Gargano, Daunia Rurale, &nbsp;Terra dei Messapi, Terra d\u2019Otranto.<\/strong>&nbsp;<\/p>\n<p>&nbsp;<\/p>\n<p>&nbsp;<\/p>\n","protected":false},"excerpt":{"rendered":"","protected":false},"author":1,"featured_media":11109,"comment_status":"open","ping_status":"closed","sticky":false,"template":"","format":"standard","meta":{"colormag_page_container_layout":"default_layout","colormag_page_sidebar_layout":"default_layout","footnotes":""},"categories":[13],"tags":[],"class_list":["post-11110","post","type-post","status-publish","format-standard","has-post-thumbnail","hentry","category-economia"],"yoast_head":"<!-- This site is optimized with the Yoast SEO plugin v27.5 - https:\/\/yoast.com\/product\/yoast-seo-wordpress\/ -->\n<title>Nasce il &#039;Corto circuito dei contadini&#039; - Archivio CassanoWeb<\/title>\n<meta name=\"robots\" content=\"index, follow, max-snippet:-1, max-image-preview:large, max-video-preview:-1\" \/>\n<link rel=\"canonical\" href=\"https:\/\/archiviocassano.lavocedelpaese.info\/index.php\/2015\/07\/17\/nasce-il-corto-circuito-dei-contadini\/\" \/>\n<meta property=\"og:locale\" content=\"it_IT\" \/>\n<meta property=\"og:type\" content=\"article\" \/>\n<meta property=\"og:title\" content=\"Nasce il &#039;Corto circuito dei contadini&#039; - Archivio CassanoWeb\" \/>\n<meta property=\"og:url\" content=\"https:\/\/archiviocassano.lavocedelpaese.info\/index.php\/2015\/07\/17\/nasce-il-corto-circuito-dei-contadini\/\" \/>\n<meta property=\"og:site_name\" content=\"Archivio CassanoWeb\" \/>\n<meta property=\"article:publisher\" content=\"https:\/\/www.facebook.com\/redazione.cassanoweb\" \/>\n<meta property=\"article:published_time\" content=\"2015-07-17T05:21:41+00:00\" \/>\n<meta property=\"og:image\" content=\"https:\/\/archiviocassano.lavocedelpaese.info\/wp-content\/uploads\/2015\/07\/corto-3.jpg\" \/>\n\t<meta property=\"og:image:width\" content=\"960\" \/>\n\t<meta property=\"og:image:height\" content=\"625\" \/>\n\t<meta property=\"og:image:type\" content=\"image\/jpeg\" \/>\n<meta name=\"author\" content=\"admin\" \/>\n<meta name=\"twitter:card\" content=\"summary_large_image\" \/>\n<meta name=\"twitter:label1\" content=\"Scritto da\" \/>\n\t<meta name=\"twitter:data1\" content=\"admin\" \/>\n\t<meta name=\"twitter:label2\" content=\"Tempo di lettura stimato\" \/>\n\t<meta name=\"twitter:data2\" content=\"3 minuti\" \/>\n<script type=\"application\/ld+json\" class=\"yoast-schema-graph\">{\"@context\":\"https:\\\/\\\/schema.org\",\"@graph\":[{\"@type\":\"Article\",\"@id\":\"https:\\\/\\\/archiviocassano.lavocedelpaese.info\\\/index.php\\\/2015\\\/07\\\/17\\\/nasce-il-corto-circuito-dei-contadini\\\/#article\",\"isPartOf\":{\"@id\":\"https:\\\/\\\/archiviocassano.lavocedelpaese.info\\\/index.php\\\/2015\\\/07\\\/17\\\/nasce-il-corto-circuito-dei-contadini\\\/\"},\"author\":{\"name\":\"admin\",\"@id\":\"https:\\\/\\\/archiviocassano.lavocedelpaese.info\\\/#\\\/schema\\\/person\\\/df195bc79a9b4c35127cf005f92e041b\"},\"headline\":\"Nasce il &#8216;Corto circuito dei contadini&#8217;\",\"datePublished\":\"2015-07-17T05:21:41+00:00\",\"mainEntityOfPage\":{\"@id\":\"https:\\\/\\\/archiviocassano.lavocedelpaese.info\\\/index.php\\\/2015\\\/07\\\/17\\\/nasce-il-corto-circuito-dei-contadini\\\/\"},\"wordCount\":556,\"commentCount\":0,\"publisher\":{\"@id\":\"https:\\\/\\\/archiviocassano.lavocedelpaese.info\\\/#organization\"},\"image\":{\"@id\":\"https:\\\/\\\/archiviocassano.lavocedelpaese.info\\\/index.php\\\/2015\\\/07\\\/17\\\/nasce-il-corto-circuito-dei-contadini\\\/#primaryimage\"},\"thumbnailUrl\":\"https:\\\/\\\/archiviocassano.lavocedelpaese.info\\\/wp-content\\\/uploads\\\/2015\\\/07\\\/corto-3.jpg\",\"articleSection\":[\"Economia\"],\"inLanguage\":\"it-IT\",\"potentialAction\":[{\"@type\":\"CommentAction\",\"name\":\"Comment\",\"target\":[\"https:\\\/\\\/archiviocassano.lavocedelpaese.info\\\/index.php\\\/2015\\\/07\\\/17\\\/nasce-il-corto-circuito-dei-contadini\\\/#respond\"]}]},{\"@type\":\"WebPage\",\"@id\":\"https:\\\/\\\/archiviocassano.lavocedelpaese.info\\\/index.php\\\/2015\\\/07\\\/17\\\/nasce-il-corto-circuito-dei-contadini\\\/\",\"url\":\"https:\\\/\\\/archiviocassano.lavocedelpaese.info\\\/index.php\\\/2015\\\/07\\\/17\\\/nasce-il-corto-circuito-dei-contadini\\\/\",\"name\":\"Nasce il 'Corto circuito dei contadini' - Archivio CassanoWeb\",\"isPartOf\":{\"@id\":\"https:\\\/\\\/archiviocassano.lavocedelpaese.info\\\/#website\"},\"primaryImageOfPage\":{\"@id\":\"https:\\\/\\\/archiviocassano.lavocedelpaese.info\\\/index.php\\\/2015\\\/07\\\/17\\\/nasce-il-corto-circuito-dei-contadini\\\/#primaryimage\"},\"image\":{\"@id\":\"https:\\\/\\\/archiviocassano.lavocedelpaese.info\\\/index.php\\\/2015\\\/07\\\/17\\\/nasce-il-corto-circuito-dei-contadini\\\/#primaryimage\"},\"thumbnailUrl\":\"https:\\\/\\\/archiviocassano.lavocedelpaese.info\\\/wp-content\\\/uploads\\\/2015\\\/07\\\/corto-3.jpg\",\"datePublished\":\"2015-07-17T05:21:41+00:00\",\"breadcrumb\":{\"@id\":\"https:\\\/\\\/archiviocassano.lavocedelpaese.info\\\/index.php\\\/2015\\\/07\\\/17\\\/nasce-il-corto-circuito-dei-contadini\\\/#breadcrumb\"},\"inLanguage\":\"it-IT\",\"potentialAction\":[{\"@type\":\"ReadAction\",\"target\":[\"https:\\\/\\\/archiviocassano.lavocedelpaese.info\\\/index.php\\\/2015\\\/07\\\/17\\\/nasce-il-corto-circuito-dei-contadini\\\/\"]}]},{\"@type\":\"ImageObject\",\"inLanguage\":\"it-IT\",\"@id\":\"https:\\\/\\\/archiviocassano.lavocedelpaese.info\\\/index.php\\\/2015\\\/07\\\/17\\\/nasce-il-corto-circuito-dei-contadini\\\/#primaryimage\",\"url\":\"https:\\\/\\\/archiviocassano.lavocedelpaese.info\\\/wp-content\\\/uploads\\\/2015\\\/07\\\/corto-3.jpg\",\"contentUrl\":\"https:\\\/\\\/archiviocassano.lavocedelpaese.info\\\/wp-content\\\/uploads\\\/2015\\\/07\\\/corto-3.jpg\",\"width\":960,\"height\":625,\"caption\":\"corto-3\"},{\"@type\":\"BreadcrumbList\",\"@id\":\"https:\\\/\\\/archiviocassano.lavocedelpaese.info\\\/index.php\\\/2015\\\/07\\\/17\\\/nasce-il-corto-circuito-dei-contadini\\\/#breadcrumb\",\"itemListElement\":[{\"@type\":\"ListItem\",\"position\":1,\"name\":\"Home\",\"item\":\"https:\\\/\\\/archiviocassano.lavocedelpaese.info\\\/\"},{\"@type\":\"ListItem\",\"position\":2,\"name\":\"Nasce il &#8216;Corto circuito dei contadini&#8217;\"}]},{\"@type\":\"WebSite\",\"@id\":\"https:\\\/\\\/archiviocassano.lavocedelpaese.info\\\/#website\",\"url\":\"https:\\\/\\\/archiviocassano.lavocedelpaese.info\\\/\",\"name\":\"Archivio CassanoWeb\",\"description\":\"La Voce del Paese - un network di idee\",\"publisher\":{\"@id\":\"https:\\\/\\\/archiviocassano.lavocedelpaese.info\\\/#organization\"},\"potentialAction\":[{\"@type\":\"SearchAction\",\"target\":{\"@type\":\"EntryPoint\",\"urlTemplate\":\"https:\\\/\\\/archiviocassano.lavocedelpaese.info\\\/?s={search_term_string}\"},\"query-input\":{\"@type\":\"PropertyValueSpecification\",\"valueRequired\":true,\"valueName\":\"search_term_string\"}}],\"inLanguage\":\"it-IT\"},{\"@type\":\"Organization\",\"@id\":\"https:\\\/\\\/archiviocassano.lavocedelpaese.info\\\/#organization\",\"name\":\"Archivio CassanoWeb\",\"url\":\"https:\\\/\\\/archiviocassano.lavocedelpaese.info\\\/\",\"logo\":{\"@type\":\"ImageObject\",\"inLanguage\":\"it-IT\",\"@id\":\"https:\\\/\\\/archiviocassano.lavocedelpaese.info\\\/#\\\/schema\\\/logo\\\/image\\\/\",\"url\":\"https:\\\/\\\/archiviocassano.lavocedelpaese.info\\\/wp-content\\\/uploads\\\/2024\\\/08\\\/logo-rosso-2.png\",\"contentUrl\":\"https:\\\/\\\/archiviocassano.lavocedelpaese.info\\\/wp-content\\\/uploads\\\/2024\\\/08\\\/logo-rosso-2.png\",\"width\":491,\"height\":432,\"caption\":\"Archivio CassanoWeb\"},\"image\":{\"@id\":\"https:\\\/\\\/archiviocassano.lavocedelpaese.info\\\/#\\\/schema\\\/logo\\\/image\\\/\"},\"sameAs\":[\"https:\\\/\\\/www.facebook.com\\\/redazione.cassanoweb\"]},{\"@type\":\"Person\",\"@id\":\"https:\\\/\\\/archiviocassano.lavocedelpaese.info\\\/#\\\/schema\\\/person\\\/df195bc79a9b4c35127cf005f92e041b\",\"name\":\"admin\",\"image\":{\"@type\":\"ImageObject\",\"inLanguage\":\"it-IT\",\"@id\":\"https:\\\/\\\/secure.gravatar.com\\\/avatar\\\/eabba89a432e8eaa1b0207cc55f7e5340b22712b1ed80677efcf63e02ff5b235?s=96&d=mm&r=g\",\"url\":\"https:\\\/\\\/secure.gravatar.com\\\/avatar\\\/eabba89a432e8eaa1b0207cc55f7e5340b22712b1ed80677efcf63e02ff5b235?s=96&d=mm&r=g\",\"contentUrl\":\"https:\\\/\\\/secure.gravatar.com\\\/avatar\\\/eabba89a432e8eaa1b0207cc55f7e5340b22712b1ed80677efcf63e02ff5b235?s=96&d=mm&r=g\",\"caption\":\"admin\"},\"sameAs\":[\"https:\\\/\\\/archiviocassano.lavocedelpaese.info\"],\"url\":\"https:\\\/\\\/archiviocassano.lavocedelpaese.info\\\/index.php\\\/author\\\/admin_0qgz1xdp\\\/\"}]}<\/script>\n<!-- \/ Yoast SEO plugin. -->","yoast_head_json":{"title":"Nasce il 'Corto circuito dei contadini' - Archivio CassanoWeb","robots":{"index":"index","follow":"follow","max-snippet":"max-snippet:-1","max-image-preview":"max-image-preview:large","max-video-preview":"max-video-preview:-1"},"canonical":"https:\/\/archiviocassano.lavocedelpaese.info\/index.php\/2015\/07\/17\/nasce-il-corto-circuito-dei-contadini\/","og_locale":"it_IT","og_type":"article","og_title":"Nasce il 'Corto circuito dei contadini' - Archivio CassanoWeb","og_url":"https:\/\/archiviocassano.lavocedelpaese.info\/index.php\/2015\/07\/17\/nasce-il-corto-circuito-dei-contadini\/","og_site_name":"Archivio CassanoWeb","article_publisher":"https:\/\/www.facebook.com\/redazione.cassanoweb","article_published_time":"2015-07-17T05:21:41+00:00","og_image":[{"width":960,"height":625,"url":"https:\/\/archiviocassano.lavocedelpaese.info\/wp-content\/uploads\/2015\/07\/corto-3.jpg","type":"image\/jpeg"}],"author":"admin","twitter_card":"summary_large_image","twitter_misc":{"Scritto da":"admin","Tempo di lettura stimato":"3 minuti"},"schema":{"@context":"https:\/\/schema.org","@graph":[{"@type":"Article","@id":"https:\/\/archiviocassano.lavocedelpaese.info\/index.php\/2015\/07\/17\/nasce-il-corto-circuito-dei-contadini\/#article","isPartOf":{"@id":"https:\/\/archiviocassano.lavocedelpaese.info\/index.php\/2015\/07\/17\/nasce-il-corto-circuito-dei-contadini\/"},"author":{"name":"admin","@id":"https:\/\/archiviocassano.lavocedelpaese.info\/#\/schema\/person\/df195bc79a9b4c35127cf005f92e041b"},"headline":"Nasce il &#8216;Corto circuito dei contadini&#8217;","datePublished":"2015-07-17T05:21:41+00:00","mainEntityOfPage":{"@id":"https:\/\/archiviocassano.lavocedelpaese.info\/index.php\/2015\/07\/17\/nasce-il-corto-circuito-dei-contadini\/"},"wordCount":556,"commentCount":0,"publisher":{"@id":"https:\/\/archiviocassano.lavocedelpaese.info\/#organization"},"image":{"@id":"https:\/\/archiviocassano.lavocedelpaese.info\/index.php\/2015\/07\/17\/nasce-il-corto-circuito-dei-contadini\/#primaryimage"},"thumbnailUrl":"https:\/\/archiviocassano.lavocedelpaese.info\/wp-content\/uploads\/2015\/07\/corto-3.jpg","articleSection":["Economia"],"inLanguage":"it-IT","potentialAction":[{"@type":"CommentAction","name":"Comment","target":["https:\/\/archiviocassano.lavocedelpaese.info\/index.php\/2015\/07\/17\/nasce-il-corto-circuito-dei-contadini\/#respond"]}]},{"@type":"WebPage","@id":"https:\/\/archiviocassano.lavocedelpaese.info\/index.php\/2015\/07\/17\/nasce-il-corto-circuito-dei-contadini\/","url":"https:\/\/archiviocassano.lavocedelpaese.info\/index.php\/2015\/07\/17\/nasce-il-corto-circuito-dei-contadini\/","name":"Nasce il 'Corto circuito dei contadini' - Archivio CassanoWeb","isPartOf":{"@id":"https:\/\/archiviocassano.lavocedelpaese.info\/#website"},"primaryImageOfPage":{"@id":"https:\/\/archiviocassano.lavocedelpaese.info\/index.php\/2015\/07\/17\/nasce-il-corto-circuito-dei-contadini\/#primaryimage"},"image":{"@id":"https:\/\/archiviocassano.lavocedelpaese.info\/index.php\/2015\/07\/17\/nasce-il-corto-circuito-dei-contadini\/#primaryimage"},"thumbnailUrl":"https:\/\/archiviocassano.lavocedelpaese.info\/wp-content\/uploads\/2015\/07\/corto-3.jpg","datePublished":"2015-07-17T05:21:41+00:00","breadcrumb":{"@id":"https:\/\/archiviocassano.lavocedelpaese.info\/index.php\/2015\/07\/17\/nasce-il-corto-circuito-dei-contadini\/#breadcrumb"},"inLanguage":"it-IT","potentialAction":[{"@type":"ReadAction","target":["https:\/\/archiviocassano.lavocedelpaese.info\/index.php\/2015\/07\/17\/nasce-il-corto-circuito-dei-contadini\/"]}]},{"@type":"ImageObject","inLanguage":"it-IT","@id":"https:\/\/archiviocassano.lavocedelpaese.info\/index.php\/2015\/07\/17\/nasce-il-corto-circuito-dei-contadini\/#primaryimage","url":"https:\/\/archiviocassano.lavocedelpaese.info\/wp-content\/uploads\/2015\/07\/corto-3.jpg","contentUrl":"https:\/\/archiviocassano.lavocedelpaese.info\/wp-content\/uploads\/2015\/07\/corto-3.jpg","width":960,"height":625,"caption":"corto-3"},{"@type":"BreadcrumbList","@id":"https:\/\/archiviocassano.lavocedelpaese.info\/index.php\/2015\/07\/17\/nasce-il-corto-circuito-dei-contadini\/#breadcrumb","itemListElement":[{"@type":"ListItem","position":1,"name":"Home","item":"https:\/\/archiviocassano.lavocedelpaese.info\/"},{"@type":"ListItem","position":2,"name":"Nasce il &#8216;Corto circuito dei contadini&#8217;"}]},{"@type":"WebSite","@id":"https:\/\/archiviocassano.lavocedelpaese.info\/#website","url":"https:\/\/archiviocassano.lavocedelpaese.info\/","name":"Archivio CassanoWeb","description":"La Voce del Paese - un network di idee","publisher":{"@id":"https:\/\/archiviocassano.lavocedelpaese.info\/#organization"},"potentialAction":[{"@type":"SearchAction","target":{"@type":"EntryPoint","urlTemplate":"https:\/\/archiviocassano.lavocedelpaese.info\/?s={search_term_string}"},"query-input":{"@type":"PropertyValueSpecification","valueRequired":true,"valueName":"search_term_string"}}],"inLanguage":"it-IT"},{"@type":"Organization","@id":"https:\/\/archiviocassano.lavocedelpaese.info\/#organization","name":"Archivio CassanoWeb","url":"https:\/\/archiviocassano.lavocedelpaese.info\/","logo":{"@type":"ImageObject","inLanguage":"it-IT","@id":"https:\/\/archiviocassano.lavocedelpaese.info\/#\/schema\/logo\/image\/","url":"https:\/\/archiviocassano.lavocedelpaese.info\/wp-content\/uploads\/2024\/08\/logo-rosso-2.png","contentUrl":"https:\/\/archiviocassano.lavocedelpaese.info\/wp-content\/uploads\/2024\/08\/logo-rosso-2.png","width":491,"height":432,"caption":"Archivio CassanoWeb"},"image":{"@id":"https:\/\/archiviocassano.lavocedelpaese.info\/#\/schema\/logo\/image\/"},"sameAs":["https:\/\/www.facebook.com\/redazione.cassanoweb"]},{"@type":"Person","@id":"https:\/\/archiviocassano.lavocedelpaese.info\/#\/schema\/person\/df195bc79a9b4c35127cf005f92e041b","name":"admin","image":{"@type":"ImageObject","inLanguage":"it-IT","@id":"https:\/\/secure.gravatar.com\/avatar\/eabba89a432e8eaa1b0207cc55f7e5340b22712b1ed80677efcf63e02ff5b235?s=96&d=mm&r=g","url":"https:\/\/secure.gravatar.com\/avatar\/eabba89a432e8eaa1b0207cc55f7e5340b22712b1ed80677efcf63e02ff5b235?s=96&d=mm&r=g","contentUrl":"https:\/\/secure.gravatar.com\/avatar\/eabba89a432e8eaa1b0207cc55f7e5340b22712b1ed80677efcf63e02ff5b235?s=96&d=mm&r=g","caption":"admin"},"sameAs":["https:\/\/archiviocassano.lavocedelpaese.info"],"url":"https:\/\/archiviocassano.lavocedelpaese.info\/index.php\/author\/admin_0qgz1xdp\/"}]}},"_links":{"self":[{"href":"https:\/\/archiviocassano.lavocedelpaese.info\/index.php\/wp-json\/wp\/v2\/posts\/11110","targetHints":{"allow":["GET"]}}],"collection":[{"href":"https:\/\/archiviocassano.lavocedelpaese.info\/index.php\/wp-json\/wp\/v2\/posts"}],"about":[{"href":"https:\/\/archiviocassano.lavocedelpaese.info\/index.php\/wp-json\/wp\/v2\/types\/post"}],"author":[{"embeddable":true,"href":"https:\/\/archiviocassano.lavocedelpaese.info\/index.php\/wp-json\/wp\/v2\/users\/1"}],"replies":[{"embeddable":true,"href":"https:\/\/archiviocassano.lavocedelpaese.info\/index.php\/wp-json\/wp\/v2\/comments?post=11110"}],"version-history":[{"count":0,"href":"https:\/\/archiviocassano.lavocedelpaese.info\/index.php\/wp-json\/wp\/v2\/posts\/11110\/revisions"}],"wp:featuredmedia":[{"embeddable":true,"href":"https:\/\/archiviocassano.lavocedelpaese.info\/index.php\/wp-json\/wp\/v2\/media\/11109"}],"wp:attachment":[{"href":"https:\/\/archiviocassano.lavocedelpaese.info\/index.php\/wp-json\/wp\/v2\/media?parent=11110"}],"wp:term":[{"taxonomy":"category","embeddable":true,"href":"https:\/\/archiviocassano.lavocedelpaese.info\/index.php\/wp-json\/wp\/v2\/categories?post=11110"},{"taxonomy":"post_tag","embeddable":true,"href":"https:\/\/archiviocassano.lavocedelpaese.info\/index.php\/wp-json\/wp\/v2\/tags?post=11110"}],"curies":[{"name":"wp","href":"https:\/\/api.w.org\/{rel}","templated":true}]}}