{"id":11185,"date":"2015-07-31T15:42:19","date_gmt":"2015-07-31T15:42:19","guid":{"rendered":"https:\/\/archiviocassano.lavocedelpaese.info\/index.php\/2015\/07\/31\/vacanze-e-libri-i-consigli-de-qla-casa-sullalberoq\/"},"modified":"2015-07-31T15:42:19","modified_gmt":"2015-07-31T15:42:19","slug":"vacanze-e-libri-i-consigli-de-qla-casa-sullalberoq","status":"publish","type":"post","link":"https:\/\/archiviocassano.lavocedelpaese.info\/index.php\/2015\/07\/31\/vacanze-e-libri-i-consigli-de-qla-casa-sullalberoq\/","title":{"rendered":"Vacanze e libri: i consigli de &#8220;La Casa sull&#8217;Albero&#8221;"},"content":{"rendered":"<p><img loading=\"lazy\" decoding=\"async\" src=\"images\/stories\/archiviofoto\/casa_sullalbero.jpg\" width=\"320\" height=\"150\" alt=\"casa sullalbero\" style=\"margin-right: 2px; margin-left: 2px;\" \/><\/p>\n<p><!--more--><\/p>\n<p>&nbsp;<\/p>\n<p style=\"text-align: justify;\">Tempo di vacanze, tempo di letture. Inauguriamo oggi questa rubrica di consigli di lettura. Seguiteci ogni venerd\u00ec su Cassanoweb!<\/p>\n<p style=\"text-align: justify;\">Una novit\u00e0: <strong>La vita sessuale dei nostri antenati, Bianca Pitzorno, Mondadori<\/strong>.<\/p>\n<p style=\"text-align: justify;\">Nota autrice per bambini, la Pitzorno si cimenta in una delle sue poche opere per adulti. Le bambine nostalgiche dei suoi romanzi si divertiranno con questo romanzo che, a dispetto del titolo, altro non \u00e8 che una saga familiare, raccontata per voce delle sue protagoniste femminili a cavallo di quattro secoli.<\/p>\n<p style=\"text-align: center;\"><img loading=\"lazy\" decoding=\"async\" class=\" size-full wp-image-11181\" src=\"https:\/\/archiviocassano.lavocedelpaese.info\/wp-content\/uploads\/2015\/07\/download_copy.jpg\" alt=\"download copy\" style=\"margin-right: 2px; margin-left: 2px;\" width=\"185\" height=\"273\" \/><\/p>\n<p style=\"text-align: justify;\">&nbsp;<\/p>\n<p style=\"text-align: justify;\">Un classico: <strong>Il buio oltre la siepe, Harper Lee, Feltrinelli<\/strong>.<\/p>\n<p style=\"text-align: justify;\">A prescindere dalla fremente attesa del seguito, annunciato dall\u2019autrice cinquantacinque anni dopo la sua pubblicazione, questo romanzo \u00e8 un classico che consigliamo a tutti, adulti e ragazzi, per riflettere sul razzismo, male oscuro che ancora alberga nella nostra societ\u00e0: il &#8220;buio oltre la siepe&#8221; \u00e8 ci\u00f2 che \u00e8 sconosciuto pur essendo vicino. Straordinario anche il film del 1962, vincitore di tre premi Oscar, con Gregory Peck.<\/p>\n<p style=\"text-align: center;\"><img loading=\"lazy\" decoding=\"async\" class=\" size-full wp-image-11182\" src=\"https:\/\/archiviocassano.lavocedelpaese.info\/wp-content\/uploads\/2015\/07\/download_2.jpg\" alt=\"download 2\" style=\"margin-right: 2px; margin-left: 2px;\" width=\"182\" height=\"277\" \/><\/p>\n<p style=\"text-align: justify;\">Per gli amanti del giallo: <strong>La ragazza del treno di Paula Hawkins, Piemme<\/strong>.<\/p>\n<p style=\"text-align: justify;\">Rachel vive sola, non ha amici, ogni mattina prende lo stesso treno che la porta al suo posto di lavoro. Quel viaggio \u00e8 il suo momento preferito della giornata: seduta accanto al finestrino pu\u00f2 osservare la vita in citt\u00e0 e spiare una giovane coppia felice, alla quale si \u00e8 affezionata tanto da dar loro un nome e immaginare le ore della loro vita perfetta. Un giorno per\u00f2 Rachel assiste dal treno a qualcosa che non dovrebbe vedere, una discrepanza che mette in discussione tutto lo scenario che aveva immaginato. Cosa avr\u00e0 visto Rachel?<\/p>\n<p style=\"text-align: justify;\">&nbsp;<\/p>\n<p style=\"text-align: center;\"><img loading=\"lazy\" decoding=\"async\" class=\" size-full wp-image-11183\" src=\"https:\/\/archiviocassano.lavocedelpaese.info\/wp-content\/uploads\/2015\/07\/download_1.jpg\" alt=\"download 1\" style=\"margin-right: 2px; margin-left: 2px;\" width=\"181\" height=\"279\" \/><\/p>\n<p style=\"text-align: justify;\">Per i ragazzi: <strong>Re Mida ha le orecchie d\u2019asino, Bianca Pitzorno, Mondadori.<\/strong><\/p>\n<p style=\"text-align: justify;\">Quest\u2019anno la bella Tilda passer\u00e0 le vacanze a casa della cuginetta Lalage, che ha solo undici anni e non immagina quanto possano essere pericolosi i segreti di una quasi quattordicenne. L\u00e0lage viene trascinata in un labirinto inestricabile di segreti, bugie e malintesi, in un\u2019estate che segner\u00e0 in maniera irreversibile il suo approdo all\u2019et\u00e0 adulta. A partire dagli 11 anni.<\/p>\n<p style=\"text-align: justify;\">&nbsp;<\/p>\n<p style=\"text-align: center;\"><img loading=\"lazy\" decoding=\"async\" class=\" size-full wp-image-11184\" src=\"https:\/\/archiviocassano.lavocedelpaese.info\/wp-content\/uploads\/2015\/07\/immagine-re-mida-ha-le-orecchie-dasino.jpg\" alt=\"immagine-re-mida-ha-le-orecchie-dasino\" style=\"margin-right: 2px; margin-left: 2px;\" width=\"360\" height=\"360\" srcset=\"https:\/\/archiviocassano.lavocedelpaese.info\/wp-content\/uploads\/2015\/07\/immagine-re-mida-ha-le-orecchie-dasino.jpg 360w, https:\/\/archiviocassano.lavocedelpaese.info\/wp-content\/uploads\/2015\/07\/immagine-re-mida-ha-le-orecchie-dasino-300x300.jpg 300w, https:\/\/archiviocassano.lavocedelpaese.info\/wp-content\/uploads\/2015\/07\/immagine-re-mida-ha-le-orecchie-dasino-150x150.jpg 150w\" sizes=\"auto, (max-width: 360px) 100vw, 360px\" \/><\/p>\n<p style=\"text-align: right;\"><strong>A cura di Giulia Lanzolla, Libreria La casa sull\u2019albero<\/strong><\/p>\n<p>Facebook: <a href=\"https:\/\/www.facebook.com\/libreriacasasullalbero\">La casa sull\u2019albero<\/a><\/p>\n<p><a href=\"http:\/\/libreriacasasullalbero.it\/\">http:\/\/libreriacasasullalbero.it\/<\/a><\/p>\n<p>&nbsp;<\/p>\n<p>&nbsp;<\/p>\n","protected":false},"excerpt":{"rendered":"","protected":false},"author":1,"featured_media":0,"comment_status":"open","ping_status":"closed","sticky":false,"template":"","format":"standard","meta":{"colormag_page_container_layout":"default_layout","colormag_page_sidebar_layout":"default_layout","footnotes":""},"categories":[6],"tags":[],"class_list":["post-11185","post","type-post","status-publish","format-standard","hentry","category-cultura"],"yoast_head":"<!-- This site is optimized with the Yoast SEO plugin v27.5 - https:\/\/yoast.com\/product\/yoast-seo-wordpress\/ -->\n<title>Vacanze e libri: i consigli de &quot;La Casa sull&#039;Albero&quot; - Archivio CassanoWeb<\/title>\n<meta name=\"robots\" content=\"index, follow, max-snippet:-1, max-image-preview:large, max-video-preview:-1\" \/>\n<link rel=\"canonical\" href=\"https:\/\/archiviocassano.lavocedelpaese.info\/index.php\/2015\/07\/31\/vacanze-e-libri-i-consigli-de-qla-casa-sullalberoq\/\" \/>\n<meta property=\"og:locale\" content=\"it_IT\" \/>\n<meta property=\"og:type\" content=\"article\" \/>\n<meta property=\"og:title\" content=\"Vacanze e libri: i consigli de &quot;La Casa sull&#039;Albero&quot; - Archivio CassanoWeb\" \/>\n<meta property=\"og:url\" content=\"https:\/\/archiviocassano.lavocedelpaese.info\/index.php\/2015\/07\/31\/vacanze-e-libri-i-consigli-de-qla-casa-sullalberoq\/\" \/>\n<meta property=\"og:site_name\" content=\"Archivio CassanoWeb\" \/>\n<meta property=\"article:publisher\" content=\"https:\/\/www.facebook.com\/redazione.cassanoweb\" \/>\n<meta property=\"article:published_time\" content=\"2015-07-31T15:42:19+00:00\" \/>\n<meta property=\"og:image\" content=\"https:\/\/archiviocassano.lavocedelpaese.info\/wp-content\/uploads\/2015\/07\/download_copy.jpg\" \/>\n<meta name=\"author\" content=\"admin\" \/>\n<meta name=\"twitter:card\" content=\"summary_large_image\" \/>\n<meta name=\"twitter:label1\" content=\"Scritto da\" \/>\n\t<meta name=\"twitter:data1\" content=\"admin\" \/>\n\t<meta name=\"twitter:label2\" content=\"Tempo di lettura stimato\" \/>\n\t<meta name=\"twitter:data2\" content=\"2 minuti\" \/>\n<script type=\"application\/ld+json\" class=\"yoast-schema-graph\">{\"@context\":\"https:\\\/\\\/schema.org\",\"@graph\":[{\"@type\":\"Article\",\"@id\":\"https:\\\/\\\/archiviocassano.lavocedelpaese.info\\\/index.php\\\/2015\\\/07\\\/31\\\/vacanze-e-libri-i-consigli-de-qla-casa-sullalberoq\\\/#article\",\"isPartOf\":{\"@id\":\"https:\\\/\\\/archiviocassano.lavocedelpaese.info\\\/index.php\\\/2015\\\/07\\\/31\\\/vacanze-e-libri-i-consigli-de-qla-casa-sullalberoq\\\/\"},\"author\":{\"name\":\"admin\",\"@id\":\"https:\\\/\\\/archiviocassano.lavocedelpaese.info\\\/#\\\/schema\\\/person\\\/df195bc79a9b4c35127cf005f92e041b\"},\"headline\":\"Vacanze e libri: i consigli de &#8220;La Casa sull&#8217;Albero&#8221;\",\"datePublished\":\"2015-07-31T15:42:19+00:00\",\"mainEntityOfPage\":{\"@id\":\"https:\\\/\\\/archiviocassano.lavocedelpaese.info\\\/index.php\\\/2015\\\/07\\\/31\\\/vacanze-e-libri-i-consigli-de-qla-casa-sullalberoq\\\/\"},\"wordCount\":366,\"commentCount\":0,\"publisher\":{\"@id\":\"https:\\\/\\\/archiviocassano.lavocedelpaese.info\\\/#organization\"},\"image\":{\"@id\":\"https:\\\/\\\/archiviocassano.lavocedelpaese.info\\\/index.php\\\/2015\\\/07\\\/31\\\/vacanze-e-libri-i-consigli-de-qla-casa-sullalberoq\\\/#primaryimage\"},\"thumbnailUrl\":\"https:\\\/\\\/archiviocassano.lavocedelpaese.info\\\/wp-content\\\/uploads\\\/2015\\\/07\\\/download_copy.jpg\",\"articleSection\":[\"Cultura\"],\"inLanguage\":\"it-IT\",\"potentialAction\":[{\"@type\":\"CommentAction\",\"name\":\"Comment\",\"target\":[\"https:\\\/\\\/archiviocassano.lavocedelpaese.info\\\/index.php\\\/2015\\\/07\\\/31\\\/vacanze-e-libri-i-consigli-de-qla-casa-sullalberoq\\\/#respond\"]}]},{\"@type\":\"WebPage\",\"@id\":\"https:\\\/\\\/archiviocassano.lavocedelpaese.info\\\/index.php\\\/2015\\\/07\\\/31\\\/vacanze-e-libri-i-consigli-de-qla-casa-sullalberoq\\\/\",\"url\":\"https:\\\/\\\/archiviocassano.lavocedelpaese.info\\\/index.php\\\/2015\\\/07\\\/31\\\/vacanze-e-libri-i-consigli-de-qla-casa-sullalberoq\\\/\",\"name\":\"Vacanze e libri: i consigli de \\\"La Casa sull'Albero\\\" - Archivio CassanoWeb\",\"isPartOf\":{\"@id\":\"https:\\\/\\\/archiviocassano.lavocedelpaese.info\\\/#website\"},\"primaryImageOfPage\":{\"@id\":\"https:\\\/\\\/archiviocassano.lavocedelpaese.info\\\/index.php\\\/2015\\\/07\\\/31\\\/vacanze-e-libri-i-consigli-de-qla-casa-sullalberoq\\\/#primaryimage\"},\"image\":{\"@id\":\"https:\\\/\\\/archiviocassano.lavocedelpaese.info\\\/index.php\\\/2015\\\/07\\\/31\\\/vacanze-e-libri-i-consigli-de-qla-casa-sullalberoq\\\/#primaryimage\"},\"thumbnailUrl\":\"https:\\\/\\\/archiviocassano.lavocedelpaese.info\\\/wp-content\\\/uploads\\\/2015\\\/07\\\/download_copy.jpg\",\"datePublished\":\"2015-07-31T15:42:19+00:00\",\"breadcrumb\":{\"@id\":\"https:\\\/\\\/archiviocassano.lavocedelpaese.info\\\/index.php\\\/2015\\\/07\\\/31\\\/vacanze-e-libri-i-consigli-de-qla-casa-sullalberoq\\\/#breadcrumb\"},\"inLanguage\":\"it-IT\",\"potentialAction\":[{\"@type\":\"ReadAction\",\"target\":[\"https:\\\/\\\/archiviocassano.lavocedelpaese.info\\\/index.php\\\/2015\\\/07\\\/31\\\/vacanze-e-libri-i-consigli-de-qla-casa-sullalberoq\\\/\"]}]},{\"@type\":\"ImageObject\",\"inLanguage\":\"it-IT\",\"@id\":\"https:\\\/\\\/archiviocassano.lavocedelpaese.info\\\/index.php\\\/2015\\\/07\\\/31\\\/vacanze-e-libri-i-consigli-de-qla-casa-sullalberoq\\\/#primaryimage\",\"url\":\"https:\\\/\\\/archiviocassano.lavocedelpaese.info\\\/wp-content\\\/uploads\\\/2015\\\/07\\\/download_copy.jpg\",\"contentUrl\":\"https:\\\/\\\/archiviocassano.lavocedelpaese.info\\\/wp-content\\\/uploads\\\/2015\\\/07\\\/download_copy.jpg\",\"width\":185,\"height\":273,\"caption\":\"download copy\"},{\"@type\":\"BreadcrumbList\",\"@id\":\"https:\\\/\\\/archiviocassano.lavocedelpaese.info\\\/index.php\\\/2015\\\/07\\\/31\\\/vacanze-e-libri-i-consigli-de-qla-casa-sullalberoq\\\/#breadcrumb\",\"itemListElement\":[{\"@type\":\"ListItem\",\"position\":1,\"name\":\"Home\",\"item\":\"https:\\\/\\\/archiviocassano.lavocedelpaese.info\\\/\"},{\"@type\":\"ListItem\",\"position\":2,\"name\":\"Vacanze e libri: i consigli de &#8220;La Casa sull&#8217;Albero&#8221;\"}]},{\"@type\":\"WebSite\",\"@id\":\"https:\\\/\\\/archiviocassano.lavocedelpaese.info\\\/#website\",\"url\":\"https:\\\/\\\/archiviocassano.lavocedelpaese.info\\\/\",\"name\":\"Archivio CassanoWeb\",\"description\":\"La Voce del Paese - un network di idee\",\"publisher\":{\"@id\":\"https:\\\/\\\/archiviocassano.lavocedelpaese.info\\\/#organization\"},\"potentialAction\":[{\"@type\":\"SearchAction\",\"target\":{\"@type\":\"EntryPoint\",\"urlTemplate\":\"https:\\\/\\\/archiviocassano.lavocedelpaese.info\\\/?s={search_term_string}\"},\"query-input\":{\"@type\":\"PropertyValueSpecification\",\"valueRequired\":true,\"valueName\":\"search_term_string\"}}],\"inLanguage\":\"it-IT\"},{\"@type\":\"Organization\",\"@id\":\"https:\\\/\\\/archiviocassano.lavocedelpaese.info\\\/#organization\",\"name\":\"Archivio CassanoWeb\",\"url\":\"https:\\\/\\\/archiviocassano.lavocedelpaese.info\\\/\",\"logo\":{\"@type\":\"ImageObject\",\"inLanguage\":\"it-IT\",\"@id\":\"https:\\\/\\\/archiviocassano.lavocedelpaese.info\\\/#\\\/schema\\\/logo\\\/image\\\/\",\"url\":\"https:\\\/\\\/archiviocassano.lavocedelpaese.info\\\/wp-content\\\/uploads\\\/2024\\\/08\\\/logo-rosso-2.png\",\"contentUrl\":\"https:\\\/\\\/archiviocassano.lavocedelpaese.info\\\/wp-content\\\/uploads\\\/2024\\\/08\\\/logo-rosso-2.png\",\"width\":491,\"height\":432,\"caption\":\"Archivio CassanoWeb\"},\"image\":{\"@id\":\"https:\\\/\\\/archiviocassano.lavocedelpaese.info\\\/#\\\/schema\\\/logo\\\/image\\\/\"},\"sameAs\":[\"https:\\\/\\\/www.facebook.com\\\/redazione.cassanoweb\"]},{\"@type\":\"Person\",\"@id\":\"https:\\\/\\\/archiviocassano.lavocedelpaese.info\\\/#\\\/schema\\\/person\\\/df195bc79a9b4c35127cf005f92e041b\",\"name\":\"admin\",\"image\":{\"@type\":\"ImageObject\",\"inLanguage\":\"it-IT\",\"@id\":\"https:\\\/\\\/secure.gravatar.com\\\/avatar\\\/eabba89a432e8eaa1b0207cc55f7e5340b22712b1ed80677efcf63e02ff5b235?s=96&d=mm&r=g\",\"url\":\"https:\\\/\\\/secure.gravatar.com\\\/avatar\\\/eabba89a432e8eaa1b0207cc55f7e5340b22712b1ed80677efcf63e02ff5b235?s=96&d=mm&r=g\",\"contentUrl\":\"https:\\\/\\\/secure.gravatar.com\\\/avatar\\\/eabba89a432e8eaa1b0207cc55f7e5340b22712b1ed80677efcf63e02ff5b235?s=96&d=mm&r=g\",\"caption\":\"admin\"},\"sameAs\":[\"https:\\\/\\\/archiviocassano.lavocedelpaese.info\"],\"url\":\"https:\\\/\\\/archiviocassano.lavocedelpaese.info\\\/index.php\\\/author\\\/admin_0qgz1xdp\\\/\"}]}<\/script>\n<!-- \/ Yoast SEO plugin. -->","yoast_head_json":{"title":"Vacanze e libri: i consigli de \"La Casa sull'Albero\" - Archivio CassanoWeb","robots":{"index":"index","follow":"follow","max-snippet":"max-snippet:-1","max-image-preview":"max-image-preview:large","max-video-preview":"max-video-preview:-1"},"canonical":"https:\/\/archiviocassano.lavocedelpaese.info\/index.php\/2015\/07\/31\/vacanze-e-libri-i-consigli-de-qla-casa-sullalberoq\/","og_locale":"it_IT","og_type":"article","og_title":"Vacanze e libri: i consigli de \"La Casa sull'Albero\" - Archivio CassanoWeb","og_url":"https:\/\/archiviocassano.lavocedelpaese.info\/index.php\/2015\/07\/31\/vacanze-e-libri-i-consigli-de-qla-casa-sullalberoq\/","og_site_name":"Archivio CassanoWeb","article_publisher":"https:\/\/www.facebook.com\/redazione.cassanoweb","article_published_time":"2015-07-31T15:42:19+00:00","og_image":[{"url":"https:\/\/archiviocassano.lavocedelpaese.info\/wp-content\/uploads\/2015\/07\/download_copy.jpg","type":"","width":"","height":""}],"author":"admin","twitter_card":"summary_large_image","twitter_misc":{"Scritto da":"admin","Tempo di lettura stimato":"2 minuti"},"schema":{"@context":"https:\/\/schema.org","@graph":[{"@type":"Article","@id":"https:\/\/archiviocassano.lavocedelpaese.info\/index.php\/2015\/07\/31\/vacanze-e-libri-i-consigli-de-qla-casa-sullalberoq\/#article","isPartOf":{"@id":"https:\/\/archiviocassano.lavocedelpaese.info\/index.php\/2015\/07\/31\/vacanze-e-libri-i-consigli-de-qla-casa-sullalberoq\/"},"author":{"name":"admin","@id":"https:\/\/archiviocassano.lavocedelpaese.info\/#\/schema\/person\/df195bc79a9b4c35127cf005f92e041b"},"headline":"Vacanze e libri: i consigli de &#8220;La Casa sull&#8217;Albero&#8221;","datePublished":"2015-07-31T15:42:19+00:00","mainEntityOfPage":{"@id":"https:\/\/archiviocassano.lavocedelpaese.info\/index.php\/2015\/07\/31\/vacanze-e-libri-i-consigli-de-qla-casa-sullalberoq\/"},"wordCount":366,"commentCount":0,"publisher":{"@id":"https:\/\/archiviocassano.lavocedelpaese.info\/#organization"},"image":{"@id":"https:\/\/archiviocassano.lavocedelpaese.info\/index.php\/2015\/07\/31\/vacanze-e-libri-i-consigli-de-qla-casa-sullalberoq\/#primaryimage"},"thumbnailUrl":"https:\/\/archiviocassano.lavocedelpaese.info\/wp-content\/uploads\/2015\/07\/download_copy.jpg","articleSection":["Cultura"],"inLanguage":"it-IT","potentialAction":[{"@type":"CommentAction","name":"Comment","target":["https:\/\/archiviocassano.lavocedelpaese.info\/index.php\/2015\/07\/31\/vacanze-e-libri-i-consigli-de-qla-casa-sullalberoq\/#respond"]}]},{"@type":"WebPage","@id":"https:\/\/archiviocassano.lavocedelpaese.info\/index.php\/2015\/07\/31\/vacanze-e-libri-i-consigli-de-qla-casa-sullalberoq\/","url":"https:\/\/archiviocassano.lavocedelpaese.info\/index.php\/2015\/07\/31\/vacanze-e-libri-i-consigli-de-qla-casa-sullalberoq\/","name":"Vacanze e libri: i consigli de \"La Casa sull'Albero\" - Archivio CassanoWeb","isPartOf":{"@id":"https:\/\/archiviocassano.lavocedelpaese.info\/#website"},"primaryImageOfPage":{"@id":"https:\/\/archiviocassano.lavocedelpaese.info\/index.php\/2015\/07\/31\/vacanze-e-libri-i-consigli-de-qla-casa-sullalberoq\/#primaryimage"},"image":{"@id":"https:\/\/archiviocassano.lavocedelpaese.info\/index.php\/2015\/07\/31\/vacanze-e-libri-i-consigli-de-qla-casa-sullalberoq\/#primaryimage"},"thumbnailUrl":"https:\/\/archiviocassano.lavocedelpaese.info\/wp-content\/uploads\/2015\/07\/download_copy.jpg","datePublished":"2015-07-31T15:42:19+00:00","breadcrumb":{"@id":"https:\/\/archiviocassano.lavocedelpaese.info\/index.php\/2015\/07\/31\/vacanze-e-libri-i-consigli-de-qla-casa-sullalberoq\/#breadcrumb"},"inLanguage":"it-IT","potentialAction":[{"@type":"ReadAction","target":["https:\/\/archiviocassano.lavocedelpaese.info\/index.php\/2015\/07\/31\/vacanze-e-libri-i-consigli-de-qla-casa-sullalberoq\/"]}]},{"@type":"ImageObject","inLanguage":"it-IT","@id":"https:\/\/archiviocassano.lavocedelpaese.info\/index.php\/2015\/07\/31\/vacanze-e-libri-i-consigli-de-qla-casa-sullalberoq\/#primaryimage","url":"https:\/\/archiviocassano.lavocedelpaese.info\/wp-content\/uploads\/2015\/07\/download_copy.jpg","contentUrl":"https:\/\/archiviocassano.lavocedelpaese.info\/wp-content\/uploads\/2015\/07\/download_copy.jpg","width":185,"height":273,"caption":"download copy"},{"@type":"BreadcrumbList","@id":"https:\/\/archiviocassano.lavocedelpaese.info\/index.php\/2015\/07\/31\/vacanze-e-libri-i-consigli-de-qla-casa-sullalberoq\/#breadcrumb","itemListElement":[{"@type":"ListItem","position":1,"name":"Home","item":"https:\/\/archiviocassano.lavocedelpaese.info\/"},{"@type":"ListItem","position":2,"name":"Vacanze e libri: i consigli de &#8220;La Casa sull&#8217;Albero&#8221;"}]},{"@type":"WebSite","@id":"https:\/\/archiviocassano.lavocedelpaese.info\/#website","url":"https:\/\/archiviocassano.lavocedelpaese.info\/","name":"Archivio CassanoWeb","description":"La Voce del Paese - un network di idee","publisher":{"@id":"https:\/\/archiviocassano.lavocedelpaese.info\/#organization"},"potentialAction":[{"@type":"SearchAction","target":{"@type":"EntryPoint","urlTemplate":"https:\/\/archiviocassano.lavocedelpaese.info\/?s={search_term_string}"},"query-input":{"@type":"PropertyValueSpecification","valueRequired":true,"valueName":"search_term_string"}}],"inLanguage":"it-IT"},{"@type":"Organization","@id":"https:\/\/archiviocassano.lavocedelpaese.info\/#organization","name":"Archivio CassanoWeb","url":"https:\/\/archiviocassano.lavocedelpaese.info\/","logo":{"@type":"ImageObject","inLanguage":"it-IT","@id":"https:\/\/archiviocassano.lavocedelpaese.info\/#\/schema\/logo\/image\/","url":"https:\/\/archiviocassano.lavocedelpaese.info\/wp-content\/uploads\/2024\/08\/logo-rosso-2.png","contentUrl":"https:\/\/archiviocassano.lavocedelpaese.info\/wp-content\/uploads\/2024\/08\/logo-rosso-2.png","width":491,"height":432,"caption":"Archivio CassanoWeb"},"image":{"@id":"https:\/\/archiviocassano.lavocedelpaese.info\/#\/schema\/logo\/image\/"},"sameAs":["https:\/\/www.facebook.com\/redazione.cassanoweb"]},{"@type":"Person","@id":"https:\/\/archiviocassano.lavocedelpaese.info\/#\/schema\/person\/df195bc79a9b4c35127cf005f92e041b","name":"admin","image":{"@type":"ImageObject","inLanguage":"it-IT","@id":"https:\/\/secure.gravatar.com\/avatar\/eabba89a432e8eaa1b0207cc55f7e5340b22712b1ed80677efcf63e02ff5b235?s=96&d=mm&r=g","url":"https:\/\/secure.gravatar.com\/avatar\/eabba89a432e8eaa1b0207cc55f7e5340b22712b1ed80677efcf63e02ff5b235?s=96&d=mm&r=g","contentUrl":"https:\/\/secure.gravatar.com\/avatar\/eabba89a432e8eaa1b0207cc55f7e5340b22712b1ed80677efcf63e02ff5b235?s=96&d=mm&r=g","caption":"admin"},"sameAs":["https:\/\/archiviocassano.lavocedelpaese.info"],"url":"https:\/\/archiviocassano.lavocedelpaese.info\/index.php\/author\/admin_0qgz1xdp\/"}]}},"_links":{"self":[{"href":"https:\/\/archiviocassano.lavocedelpaese.info\/index.php\/wp-json\/wp\/v2\/posts\/11185","targetHints":{"allow":["GET"]}}],"collection":[{"href":"https:\/\/archiviocassano.lavocedelpaese.info\/index.php\/wp-json\/wp\/v2\/posts"}],"about":[{"href":"https:\/\/archiviocassano.lavocedelpaese.info\/index.php\/wp-json\/wp\/v2\/types\/post"}],"author":[{"embeddable":true,"href":"https:\/\/archiviocassano.lavocedelpaese.info\/index.php\/wp-json\/wp\/v2\/users\/1"}],"replies":[{"embeddable":true,"href":"https:\/\/archiviocassano.lavocedelpaese.info\/index.php\/wp-json\/wp\/v2\/comments?post=11185"}],"version-history":[{"count":0,"href":"https:\/\/archiviocassano.lavocedelpaese.info\/index.php\/wp-json\/wp\/v2\/posts\/11185\/revisions"}],"wp:attachment":[{"href":"https:\/\/archiviocassano.lavocedelpaese.info\/index.php\/wp-json\/wp\/v2\/media?parent=11185"}],"wp:term":[{"taxonomy":"category","embeddable":true,"href":"https:\/\/archiviocassano.lavocedelpaese.info\/index.php\/wp-json\/wp\/v2\/categories?post=11185"},{"taxonomy":"post_tag","embeddable":true,"href":"https:\/\/archiviocassano.lavocedelpaese.info\/index.php\/wp-json\/wp\/v2\/tags?post=11185"}],"curies":[{"name":"wp","href":"https:\/\/api.w.org\/{rel}","templated":true}]}}