{"id":11197,"date":"2015-08-03T16:31:25","date_gmt":"2015-08-03T16:31:25","guid":{"rendered":"https:\/\/archiviocassano.lavocedelpaese.info\/index.php\/2015\/08\/03\/anna-maria-mattencini-espone-a-palazzo-qmiani-perottiq\/"},"modified":"2015-08-03T16:31:25","modified_gmt":"2015-08-03T16:31:25","slug":"anna-maria-mattencini-espone-a-palazzo-qmiani-perottiq","status":"publish","type":"post","link":"https:\/\/archiviocassano.lavocedelpaese.info\/index.php\/2015\/08\/03\/anna-maria-mattencini-espone-a-palazzo-qmiani-perottiq\/","title":{"rendered":"Anna Maria Mattencini a Palazzo &#8220;Miani-Perotti&#8221;"},"content":{"rendered":"<p><img loading=\"lazy\" decoding=\"async\" class=\" size-full wp-image-11194\" src=\"https:\/\/archiviocassano.lavocedelpaese.info\/wp-content\/uploads\/2015\/08\/mostra_sacra_1.jpg\" alt=\"mostra sacra 1\" style=\"margin-right: 2px; margin-left: 2px;\" height=\"150\" width=\"320\" \/><\/p>\n<p><!--more--><\/p>\n<p>Il 30 luglio, presso il Palazzo \u201cMiani-Perotti\u201d di Cassano, si \u00e8 tenuta l\u2019inaugurazione dell\u2019esposizione \u201cMostra d\u2019arte sacra\u201d a cura dell\u2019artista Anna Maria Mattencini. Le opere esposte sono nove tavole dipinte con la tecnica ad olio.<\/p>\n<p style=\"text-align: justify;\">L\u2019esposizione, aperta al pubblico fino al 30 agosto, \u00e8 stato un omaggio dell\u2019artista alla citt\u00e0 di Cassano: il soggetto delle opere esposte \u00e8 la Madonna, patrona della citt\u00e0.<\/p>\n<p style=\"text-align: justify;\">La serata \u00e8 stata aperta da Don Nunzio Marinelli che ha letto una lettera di Paolo VI dedicata agli artisti, in cui il Papa parla degli artisti come dei \u201ccustodi della bellezza del mondo\u201d.<\/p>\n<p style=\"text-align: justify;\">La presidente del club \u201cUnesco\u201d di Cassano Maria Simone ha, nel suo discorso, sottolineato l\u2019importanza dell\u2019arte come strumenti di comunicazione tra culture divere, come strumento di comunicazione di stati d\u2019animo e di diverse visioni del mondo. La presidente ha poi toccato il punto saliente di tutta la mostra, ovvero il tema della maternit\u00e0: \u201cL\u2019arte nel corso dei secoli\u201d dice \u201d ha riproposto la forza sublime della maternit\u00e0 come simbolo che ci lega al trascendente e attraverso immagini di vario tipo, artisti di ieri e di oggi, hanno rappresentato il rapporto costante dell\u2019uomo con il divino\u2026\u201d<\/p>\n<p style=\"text-align: justify;\">La presentazione ha poi visto l\u2019intervento e il saluto del sindaco Vito Lionetti che ha ringraziato l\u2019artista per l\u2019omaggio alla Madonna degli Angeli e ha parlato dell\u2019importanza del tema della maternit\u00e0 che le tavole esprimono.<\/p>\n<p style=\"text-align: justify;\">La parola \u00e8 poi passata alla professoressa e esperta Dina Colaninno che ha sottolineato quanto sia importante per un\u2019opera d\u2019arte trasmettere dei sentimenti, se non trasmette dei sentimenti non pu\u00f2 essere considerata un\u2019opera d\u2019arte e per fare ci\u00f2 \u00e8 necessario lavorare con il cuore, infatti&nbsp; riferendosi alle opere della Mattencini ha usato la parola \u201cpassione\u201d, passione che traspare dalle sue tavole. La Colaninno ha poi esposto al pubblico alcune chiavi di lettura per poter interpretare e osservare al meglio le opere: la maternit\u00e0, un tema antico, preistorico, che non \u00e8 mai \u201cpassato di moda\u201d; la forma delle tavole, una forma verticale che spinge verso l\u2019alto, verso l\u2019infinito; i colori, bianco, azzurro e ore, quest\u2019ultimo in particolare, usato da tanti artisti come sfondo per le loro Madonne, diventa simbolo di luce e forza interiore.<\/p>\n<p style=\"text-align: justify;\">Infine&nbsp; Anna Maria Mattencini, citando l\u2019artista piacentino Bruno Grassi, dice \u201cPer dipingere bisogna essere fuori dal giro, lavorare in pace, nel silenzio di una stanza, solo con i propri pensieri\u2026.un artista deve vivere immerso nella placenta del silenzio, testimone del suo mondo, ma anche fuori dal mondo: una sorta di febbricitante eremita\u201d. L\u2019artista conclude parlando delle sue tavole come di un \u201cmanifesto per la sopravvivenza dell\u2019arte sacra\u201d che negli ultimi 50 anni \u00e8 stata protagonista di una forte crisi per la mancanza di commissioni o per la scomparsa della sensibilit\u00e0 religiosa.<\/p>\n<p style=\"text-align: justify;\">&nbsp;<\/p>\n<p style=\"text-align: center;\"><img loading=\"lazy\" decoding=\"async\" class=\" size-full wp-image-11195\" src=\"https:\/\/archiviocassano.lavocedelpaese.info\/wp-content\/uploads\/2015\/08\/mostra_agosto_2015_1.jpg\" alt=\"mostra agosto 2015 1\" style=\"margin-right: 2px; margin-left: 2px;\" width=\"600\" height=\"448\" srcset=\"https:\/\/archiviocassano.lavocedelpaese.info\/wp-content\/uploads\/2015\/08\/mostra_agosto_2015_1.jpg 600w, https:\/\/archiviocassano.lavocedelpaese.info\/wp-content\/uploads\/2015\/08\/mostra_agosto_2015_1-300x224.jpg 300w\" sizes=\"auto, (max-width: 600px) 100vw, 600px\" \/><\/p>\n<p style=\"text-align: center;\">&nbsp;<\/p>\n<p style=\"text-align: center;\"><img loading=\"lazy\" decoding=\"async\" class=\" size-full wp-image-11196\" src=\"https:\/\/archiviocassano.lavocedelpaese.info\/wp-content\/uploads\/2015\/08\/mostra_agosto_2015_2.jpg\" alt=\"mostra agosto 2015 2\" style=\"margin-right: 2px; margin-left: 2px;\" width=\"600\" height=\"456\" srcset=\"https:\/\/archiviocassano.lavocedelpaese.info\/wp-content\/uploads\/2015\/08\/mostra_agosto_2015_2.jpg 600w, https:\/\/archiviocassano.lavocedelpaese.info\/wp-content\/uploads\/2015\/08\/mostra_agosto_2015_2-300x228.jpg 300w\" sizes=\"auto, (max-width: 600px) 100vw, 600px\" \/><\/p>\n<p>&nbsp;<\/p>\n<p>&nbsp;<\/p>\n","protected":false},"excerpt":{"rendered":"","protected":false},"author":1,"featured_media":11194,"comment_status":"open","ping_status":"closed","sticky":false,"template":"","format":"standard","meta":{"colormag_page_container_layout":"default_layout","colormag_page_sidebar_layout":"default_layout","footnotes":""},"categories":[6],"tags":[],"class_list":["post-11197","post","type-post","status-publish","format-standard","has-post-thumbnail","hentry","category-cultura"],"yoast_head":"<!-- This site is optimized with the Yoast SEO plugin v27.5 - https:\/\/yoast.com\/product\/yoast-seo-wordpress\/ -->\n<title>Anna Maria Mattencini a Palazzo &quot;Miani-Perotti&quot; - Archivio CassanoWeb<\/title>\n<meta name=\"robots\" content=\"index, follow, max-snippet:-1, max-image-preview:large, max-video-preview:-1\" \/>\n<link rel=\"canonical\" href=\"https:\/\/archiviocassano.lavocedelpaese.info\/index.php\/2015\/08\/03\/anna-maria-mattencini-espone-a-palazzo-qmiani-perottiq\/\" \/>\n<meta property=\"og:locale\" content=\"it_IT\" \/>\n<meta property=\"og:type\" content=\"article\" \/>\n<meta property=\"og:title\" content=\"Anna Maria Mattencini a Palazzo &quot;Miani-Perotti&quot; - Archivio CassanoWeb\" \/>\n<meta property=\"og:url\" content=\"https:\/\/archiviocassano.lavocedelpaese.info\/index.php\/2015\/08\/03\/anna-maria-mattencini-espone-a-palazzo-qmiani-perottiq\/\" \/>\n<meta property=\"og:site_name\" content=\"Archivio CassanoWeb\" \/>\n<meta property=\"article:publisher\" content=\"https:\/\/www.facebook.com\/redazione.cassanoweb\" \/>\n<meta property=\"article:published_time\" content=\"2015-08-03T16:31:25+00:00\" \/>\n<meta property=\"og:image\" content=\"https:\/\/archiviocassano.lavocedelpaese.info\/wp-content\/uploads\/2015\/08\/mostra_sacra_1.jpg\" \/>\n\t<meta property=\"og:image:width\" content=\"320\" \/>\n\t<meta property=\"og:image:height\" content=\"197\" \/>\n\t<meta property=\"og:image:type\" content=\"image\/jpeg\" \/>\n<meta name=\"author\" content=\"admin\" \/>\n<meta name=\"twitter:card\" content=\"summary_large_image\" \/>\n<meta name=\"twitter:label1\" content=\"Scritto da\" \/>\n\t<meta name=\"twitter:data1\" content=\"admin\" \/>\n\t<meta name=\"twitter:label2\" content=\"Tempo di lettura stimato\" \/>\n\t<meta name=\"twitter:data2\" content=\"2 minuti\" \/>\n<script type=\"application\/ld+json\" class=\"yoast-schema-graph\">{\"@context\":\"https:\\\/\\\/schema.org\",\"@graph\":[{\"@type\":\"Article\",\"@id\":\"https:\\\/\\\/archiviocassano.lavocedelpaese.info\\\/index.php\\\/2015\\\/08\\\/03\\\/anna-maria-mattencini-espone-a-palazzo-qmiani-perottiq\\\/#article\",\"isPartOf\":{\"@id\":\"https:\\\/\\\/archiviocassano.lavocedelpaese.info\\\/index.php\\\/2015\\\/08\\\/03\\\/anna-maria-mattencini-espone-a-palazzo-qmiani-perottiq\\\/\"},\"author\":{\"name\":\"admin\",\"@id\":\"https:\\\/\\\/archiviocassano.lavocedelpaese.info\\\/#\\\/schema\\\/person\\\/df195bc79a9b4c35127cf005f92e041b\"},\"headline\":\"Anna Maria Mattencini a Palazzo &#8220;Miani-Perotti&#8221;\",\"datePublished\":\"2015-08-03T16:31:25+00:00\",\"mainEntityOfPage\":{\"@id\":\"https:\\\/\\\/archiviocassano.lavocedelpaese.info\\\/index.php\\\/2015\\\/08\\\/03\\\/anna-maria-mattencini-espone-a-palazzo-qmiani-perottiq\\\/\"},\"wordCount\":477,\"commentCount\":0,\"publisher\":{\"@id\":\"https:\\\/\\\/archiviocassano.lavocedelpaese.info\\\/#organization\"},\"image\":{\"@id\":\"https:\\\/\\\/archiviocassano.lavocedelpaese.info\\\/index.php\\\/2015\\\/08\\\/03\\\/anna-maria-mattencini-espone-a-palazzo-qmiani-perottiq\\\/#primaryimage\"},\"thumbnailUrl\":\"https:\\\/\\\/archiviocassano.lavocedelpaese.info\\\/wp-content\\\/uploads\\\/2015\\\/08\\\/mostra_sacra_1.jpg\",\"articleSection\":[\"Cultura\"],\"inLanguage\":\"it-IT\",\"potentialAction\":[{\"@type\":\"CommentAction\",\"name\":\"Comment\",\"target\":[\"https:\\\/\\\/archiviocassano.lavocedelpaese.info\\\/index.php\\\/2015\\\/08\\\/03\\\/anna-maria-mattencini-espone-a-palazzo-qmiani-perottiq\\\/#respond\"]}]},{\"@type\":\"WebPage\",\"@id\":\"https:\\\/\\\/archiviocassano.lavocedelpaese.info\\\/index.php\\\/2015\\\/08\\\/03\\\/anna-maria-mattencini-espone-a-palazzo-qmiani-perottiq\\\/\",\"url\":\"https:\\\/\\\/archiviocassano.lavocedelpaese.info\\\/index.php\\\/2015\\\/08\\\/03\\\/anna-maria-mattencini-espone-a-palazzo-qmiani-perottiq\\\/\",\"name\":\"Anna Maria Mattencini a Palazzo \\\"Miani-Perotti\\\" - Archivio CassanoWeb\",\"isPartOf\":{\"@id\":\"https:\\\/\\\/archiviocassano.lavocedelpaese.info\\\/#website\"},\"primaryImageOfPage\":{\"@id\":\"https:\\\/\\\/archiviocassano.lavocedelpaese.info\\\/index.php\\\/2015\\\/08\\\/03\\\/anna-maria-mattencini-espone-a-palazzo-qmiani-perottiq\\\/#primaryimage\"},\"image\":{\"@id\":\"https:\\\/\\\/archiviocassano.lavocedelpaese.info\\\/index.php\\\/2015\\\/08\\\/03\\\/anna-maria-mattencini-espone-a-palazzo-qmiani-perottiq\\\/#primaryimage\"},\"thumbnailUrl\":\"https:\\\/\\\/archiviocassano.lavocedelpaese.info\\\/wp-content\\\/uploads\\\/2015\\\/08\\\/mostra_sacra_1.jpg\",\"datePublished\":\"2015-08-03T16:31:25+00:00\",\"breadcrumb\":{\"@id\":\"https:\\\/\\\/archiviocassano.lavocedelpaese.info\\\/index.php\\\/2015\\\/08\\\/03\\\/anna-maria-mattencini-espone-a-palazzo-qmiani-perottiq\\\/#breadcrumb\"},\"inLanguage\":\"it-IT\",\"potentialAction\":[{\"@type\":\"ReadAction\",\"target\":[\"https:\\\/\\\/archiviocassano.lavocedelpaese.info\\\/index.php\\\/2015\\\/08\\\/03\\\/anna-maria-mattencini-espone-a-palazzo-qmiani-perottiq\\\/\"]}]},{\"@type\":\"ImageObject\",\"inLanguage\":\"it-IT\",\"@id\":\"https:\\\/\\\/archiviocassano.lavocedelpaese.info\\\/index.php\\\/2015\\\/08\\\/03\\\/anna-maria-mattencini-espone-a-palazzo-qmiani-perottiq\\\/#primaryimage\",\"url\":\"https:\\\/\\\/archiviocassano.lavocedelpaese.info\\\/wp-content\\\/uploads\\\/2015\\\/08\\\/mostra_sacra_1.jpg\",\"contentUrl\":\"https:\\\/\\\/archiviocassano.lavocedelpaese.info\\\/wp-content\\\/uploads\\\/2015\\\/08\\\/mostra_sacra_1.jpg\",\"width\":320,\"height\":197,\"caption\":\"mostra sacra 1\"},{\"@type\":\"BreadcrumbList\",\"@id\":\"https:\\\/\\\/archiviocassano.lavocedelpaese.info\\\/index.php\\\/2015\\\/08\\\/03\\\/anna-maria-mattencini-espone-a-palazzo-qmiani-perottiq\\\/#breadcrumb\",\"itemListElement\":[{\"@type\":\"ListItem\",\"position\":1,\"name\":\"Home\",\"item\":\"https:\\\/\\\/archiviocassano.lavocedelpaese.info\\\/\"},{\"@type\":\"ListItem\",\"position\":2,\"name\":\"Anna Maria Mattencini a Palazzo &#8220;Miani-Perotti&#8221;\"}]},{\"@type\":\"WebSite\",\"@id\":\"https:\\\/\\\/archiviocassano.lavocedelpaese.info\\\/#website\",\"url\":\"https:\\\/\\\/archiviocassano.lavocedelpaese.info\\\/\",\"name\":\"Archivio CassanoWeb\",\"description\":\"La Voce del Paese - un network di idee\",\"publisher\":{\"@id\":\"https:\\\/\\\/archiviocassano.lavocedelpaese.info\\\/#organization\"},\"potentialAction\":[{\"@type\":\"SearchAction\",\"target\":{\"@type\":\"EntryPoint\",\"urlTemplate\":\"https:\\\/\\\/archiviocassano.lavocedelpaese.info\\\/?s={search_term_string}\"},\"query-input\":{\"@type\":\"PropertyValueSpecification\",\"valueRequired\":true,\"valueName\":\"search_term_string\"}}],\"inLanguage\":\"it-IT\"},{\"@type\":\"Organization\",\"@id\":\"https:\\\/\\\/archiviocassano.lavocedelpaese.info\\\/#organization\",\"name\":\"Archivio CassanoWeb\",\"url\":\"https:\\\/\\\/archiviocassano.lavocedelpaese.info\\\/\",\"logo\":{\"@type\":\"ImageObject\",\"inLanguage\":\"it-IT\",\"@id\":\"https:\\\/\\\/archiviocassano.lavocedelpaese.info\\\/#\\\/schema\\\/logo\\\/image\\\/\",\"url\":\"https:\\\/\\\/archiviocassano.lavocedelpaese.info\\\/wp-content\\\/uploads\\\/2024\\\/08\\\/logo-rosso-2.png\",\"contentUrl\":\"https:\\\/\\\/archiviocassano.lavocedelpaese.info\\\/wp-content\\\/uploads\\\/2024\\\/08\\\/logo-rosso-2.png\",\"width\":491,\"height\":432,\"caption\":\"Archivio CassanoWeb\"},\"image\":{\"@id\":\"https:\\\/\\\/archiviocassano.lavocedelpaese.info\\\/#\\\/schema\\\/logo\\\/image\\\/\"},\"sameAs\":[\"https:\\\/\\\/www.facebook.com\\\/redazione.cassanoweb\"]},{\"@type\":\"Person\",\"@id\":\"https:\\\/\\\/archiviocassano.lavocedelpaese.info\\\/#\\\/schema\\\/person\\\/df195bc79a9b4c35127cf005f92e041b\",\"name\":\"admin\",\"image\":{\"@type\":\"ImageObject\",\"inLanguage\":\"it-IT\",\"@id\":\"https:\\\/\\\/secure.gravatar.com\\\/avatar\\\/eabba89a432e8eaa1b0207cc55f7e5340b22712b1ed80677efcf63e02ff5b235?s=96&d=mm&r=g\",\"url\":\"https:\\\/\\\/secure.gravatar.com\\\/avatar\\\/eabba89a432e8eaa1b0207cc55f7e5340b22712b1ed80677efcf63e02ff5b235?s=96&d=mm&r=g\",\"contentUrl\":\"https:\\\/\\\/secure.gravatar.com\\\/avatar\\\/eabba89a432e8eaa1b0207cc55f7e5340b22712b1ed80677efcf63e02ff5b235?s=96&d=mm&r=g\",\"caption\":\"admin\"},\"sameAs\":[\"https:\\\/\\\/archiviocassano.lavocedelpaese.info\"],\"url\":\"https:\\\/\\\/archiviocassano.lavocedelpaese.info\\\/index.php\\\/author\\\/admin_0qgz1xdp\\\/\"}]}<\/script>\n<!-- \/ Yoast SEO plugin. -->","yoast_head_json":{"title":"Anna Maria Mattencini a Palazzo \"Miani-Perotti\" - Archivio CassanoWeb","robots":{"index":"index","follow":"follow","max-snippet":"max-snippet:-1","max-image-preview":"max-image-preview:large","max-video-preview":"max-video-preview:-1"},"canonical":"https:\/\/archiviocassano.lavocedelpaese.info\/index.php\/2015\/08\/03\/anna-maria-mattencini-espone-a-palazzo-qmiani-perottiq\/","og_locale":"it_IT","og_type":"article","og_title":"Anna Maria Mattencini a Palazzo \"Miani-Perotti\" - Archivio CassanoWeb","og_url":"https:\/\/archiviocassano.lavocedelpaese.info\/index.php\/2015\/08\/03\/anna-maria-mattencini-espone-a-palazzo-qmiani-perottiq\/","og_site_name":"Archivio CassanoWeb","article_publisher":"https:\/\/www.facebook.com\/redazione.cassanoweb","article_published_time":"2015-08-03T16:31:25+00:00","og_image":[{"width":320,"height":197,"url":"https:\/\/archiviocassano.lavocedelpaese.info\/wp-content\/uploads\/2015\/08\/mostra_sacra_1.jpg","type":"image\/jpeg"}],"author":"admin","twitter_card":"summary_large_image","twitter_misc":{"Scritto da":"admin","Tempo di lettura stimato":"2 minuti"},"schema":{"@context":"https:\/\/schema.org","@graph":[{"@type":"Article","@id":"https:\/\/archiviocassano.lavocedelpaese.info\/index.php\/2015\/08\/03\/anna-maria-mattencini-espone-a-palazzo-qmiani-perottiq\/#article","isPartOf":{"@id":"https:\/\/archiviocassano.lavocedelpaese.info\/index.php\/2015\/08\/03\/anna-maria-mattencini-espone-a-palazzo-qmiani-perottiq\/"},"author":{"name":"admin","@id":"https:\/\/archiviocassano.lavocedelpaese.info\/#\/schema\/person\/df195bc79a9b4c35127cf005f92e041b"},"headline":"Anna Maria Mattencini a Palazzo &#8220;Miani-Perotti&#8221;","datePublished":"2015-08-03T16:31:25+00:00","mainEntityOfPage":{"@id":"https:\/\/archiviocassano.lavocedelpaese.info\/index.php\/2015\/08\/03\/anna-maria-mattencini-espone-a-palazzo-qmiani-perottiq\/"},"wordCount":477,"commentCount":0,"publisher":{"@id":"https:\/\/archiviocassano.lavocedelpaese.info\/#organization"},"image":{"@id":"https:\/\/archiviocassano.lavocedelpaese.info\/index.php\/2015\/08\/03\/anna-maria-mattencini-espone-a-palazzo-qmiani-perottiq\/#primaryimage"},"thumbnailUrl":"https:\/\/archiviocassano.lavocedelpaese.info\/wp-content\/uploads\/2015\/08\/mostra_sacra_1.jpg","articleSection":["Cultura"],"inLanguage":"it-IT","potentialAction":[{"@type":"CommentAction","name":"Comment","target":["https:\/\/archiviocassano.lavocedelpaese.info\/index.php\/2015\/08\/03\/anna-maria-mattencini-espone-a-palazzo-qmiani-perottiq\/#respond"]}]},{"@type":"WebPage","@id":"https:\/\/archiviocassano.lavocedelpaese.info\/index.php\/2015\/08\/03\/anna-maria-mattencini-espone-a-palazzo-qmiani-perottiq\/","url":"https:\/\/archiviocassano.lavocedelpaese.info\/index.php\/2015\/08\/03\/anna-maria-mattencini-espone-a-palazzo-qmiani-perottiq\/","name":"Anna Maria Mattencini a Palazzo \"Miani-Perotti\" - Archivio CassanoWeb","isPartOf":{"@id":"https:\/\/archiviocassano.lavocedelpaese.info\/#website"},"primaryImageOfPage":{"@id":"https:\/\/archiviocassano.lavocedelpaese.info\/index.php\/2015\/08\/03\/anna-maria-mattencini-espone-a-palazzo-qmiani-perottiq\/#primaryimage"},"image":{"@id":"https:\/\/archiviocassano.lavocedelpaese.info\/index.php\/2015\/08\/03\/anna-maria-mattencini-espone-a-palazzo-qmiani-perottiq\/#primaryimage"},"thumbnailUrl":"https:\/\/archiviocassano.lavocedelpaese.info\/wp-content\/uploads\/2015\/08\/mostra_sacra_1.jpg","datePublished":"2015-08-03T16:31:25+00:00","breadcrumb":{"@id":"https:\/\/archiviocassano.lavocedelpaese.info\/index.php\/2015\/08\/03\/anna-maria-mattencini-espone-a-palazzo-qmiani-perottiq\/#breadcrumb"},"inLanguage":"it-IT","potentialAction":[{"@type":"ReadAction","target":["https:\/\/archiviocassano.lavocedelpaese.info\/index.php\/2015\/08\/03\/anna-maria-mattencini-espone-a-palazzo-qmiani-perottiq\/"]}]},{"@type":"ImageObject","inLanguage":"it-IT","@id":"https:\/\/archiviocassano.lavocedelpaese.info\/index.php\/2015\/08\/03\/anna-maria-mattencini-espone-a-palazzo-qmiani-perottiq\/#primaryimage","url":"https:\/\/archiviocassano.lavocedelpaese.info\/wp-content\/uploads\/2015\/08\/mostra_sacra_1.jpg","contentUrl":"https:\/\/archiviocassano.lavocedelpaese.info\/wp-content\/uploads\/2015\/08\/mostra_sacra_1.jpg","width":320,"height":197,"caption":"mostra sacra 1"},{"@type":"BreadcrumbList","@id":"https:\/\/archiviocassano.lavocedelpaese.info\/index.php\/2015\/08\/03\/anna-maria-mattencini-espone-a-palazzo-qmiani-perottiq\/#breadcrumb","itemListElement":[{"@type":"ListItem","position":1,"name":"Home","item":"https:\/\/archiviocassano.lavocedelpaese.info\/"},{"@type":"ListItem","position":2,"name":"Anna Maria Mattencini a Palazzo &#8220;Miani-Perotti&#8221;"}]},{"@type":"WebSite","@id":"https:\/\/archiviocassano.lavocedelpaese.info\/#website","url":"https:\/\/archiviocassano.lavocedelpaese.info\/","name":"Archivio CassanoWeb","description":"La Voce del Paese - un network di idee","publisher":{"@id":"https:\/\/archiviocassano.lavocedelpaese.info\/#organization"},"potentialAction":[{"@type":"SearchAction","target":{"@type":"EntryPoint","urlTemplate":"https:\/\/archiviocassano.lavocedelpaese.info\/?s={search_term_string}"},"query-input":{"@type":"PropertyValueSpecification","valueRequired":true,"valueName":"search_term_string"}}],"inLanguage":"it-IT"},{"@type":"Organization","@id":"https:\/\/archiviocassano.lavocedelpaese.info\/#organization","name":"Archivio CassanoWeb","url":"https:\/\/archiviocassano.lavocedelpaese.info\/","logo":{"@type":"ImageObject","inLanguage":"it-IT","@id":"https:\/\/archiviocassano.lavocedelpaese.info\/#\/schema\/logo\/image\/","url":"https:\/\/archiviocassano.lavocedelpaese.info\/wp-content\/uploads\/2024\/08\/logo-rosso-2.png","contentUrl":"https:\/\/archiviocassano.lavocedelpaese.info\/wp-content\/uploads\/2024\/08\/logo-rosso-2.png","width":491,"height":432,"caption":"Archivio CassanoWeb"},"image":{"@id":"https:\/\/archiviocassano.lavocedelpaese.info\/#\/schema\/logo\/image\/"},"sameAs":["https:\/\/www.facebook.com\/redazione.cassanoweb"]},{"@type":"Person","@id":"https:\/\/archiviocassano.lavocedelpaese.info\/#\/schema\/person\/df195bc79a9b4c35127cf005f92e041b","name":"admin","image":{"@type":"ImageObject","inLanguage":"it-IT","@id":"https:\/\/secure.gravatar.com\/avatar\/eabba89a432e8eaa1b0207cc55f7e5340b22712b1ed80677efcf63e02ff5b235?s=96&d=mm&r=g","url":"https:\/\/secure.gravatar.com\/avatar\/eabba89a432e8eaa1b0207cc55f7e5340b22712b1ed80677efcf63e02ff5b235?s=96&d=mm&r=g","contentUrl":"https:\/\/secure.gravatar.com\/avatar\/eabba89a432e8eaa1b0207cc55f7e5340b22712b1ed80677efcf63e02ff5b235?s=96&d=mm&r=g","caption":"admin"},"sameAs":["https:\/\/archiviocassano.lavocedelpaese.info"],"url":"https:\/\/archiviocassano.lavocedelpaese.info\/index.php\/author\/admin_0qgz1xdp\/"}]}},"_links":{"self":[{"href":"https:\/\/archiviocassano.lavocedelpaese.info\/index.php\/wp-json\/wp\/v2\/posts\/11197","targetHints":{"allow":["GET"]}}],"collection":[{"href":"https:\/\/archiviocassano.lavocedelpaese.info\/index.php\/wp-json\/wp\/v2\/posts"}],"about":[{"href":"https:\/\/archiviocassano.lavocedelpaese.info\/index.php\/wp-json\/wp\/v2\/types\/post"}],"author":[{"embeddable":true,"href":"https:\/\/archiviocassano.lavocedelpaese.info\/index.php\/wp-json\/wp\/v2\/users\/1"}],"replies":[{"embeddable":true,"href":"https:\/\/archiviocassano.lavocedelpaese.info\/index.php\/wp-json\/wp\/v2\/comments?post=11197"}],"version-history":[{"count":0,"href":"https:\/\/archiviocassano.lavocedelpaese.info\/index.php\/wp-json\/wp\/v2\/posts\/11197\/revisions"}],"wp:featuredmedia":[{"embeddable":true,"href":"https:\/\/archiviocassano.lavocedelpaese.info\/index.php\/wp-json\/wp\/v2\/media\/11194"}],"wp:attachment":[{"href":"https:\/\/archiviocassano.lavocedelpaese.info\/index.php\/wp-json\/wp\/v2\/media?parent=11197"}],"wp:term":[{"taxonomy":"category","embeddable":true,"href":"https:\/\/archiviocassano.lavocedelpaese.info\/index.php\/wp-json\/wp\/v2\/categories?post=11197"},{"taxonomy":"post_tag","embeddable":true,"href":"https:\/\/archiviocassano.lavocedelpaese.info\/index.php\/wp-json\/wp\/v2\/tags?post=11197"}],"curies":[{"name":"wp","href":"https:\/\/api.w.org\/{rel}","templated":true}]}}