{"id":11199,"date":"2015-08-03T17:07:41","date_gmt":"2015-08-03T17:07:41","guid":{"rendered":"https:\/\/archiviocassano.lavocedelpaese.info\/index.php\/2015\/08\/03\/lesempio-di-maria-per-una-societa-solidale\/"},"modified":"2015-08-03T17:07:41","modified_gmt":"2015-08-03T17:07:41","slug":"lesempio-di-maria-per-una-societa-solidale","status":"publish","type":"post","link":"https:\/\/archiviocassano.lavocedelpaese.info\/index.php\/2015\/08\/03\/lesempio-di-maria-per-una-societa-solidale\/","title":{"rendered":"L&#8217;esempio di Maria per una societ\u00e0 solidale"},"content":{"rendered":"<p style=\"text-align: justify;\"><img loading=\"lazy\" decoding=\"async\" class=\" size-full wp-image-11198\" src=\"https:\/\/archiviocassano.lavocedelpaese.info\/wp-content\/uploads\/2015\/08\/Madonna_degli_angeli_2015.jpg\" alt=\"Madonna degli angeli 2015\" height=\"150\" width=\"320\" \/><\/p>\n<p><!--more--><\/p>\n<p style=\"text-align: justify;\">Con l\u2019arrivo della Statua a bordo del Carro Trionfale all\u2019inizio di via Convento e la consegna delle chiavi d\u2019argento della citt\u00e0, la Festa Patronale della Madonna degli Angeli &nbsp;ieri sera ha raggiunto uno dei suoi momenti pi\u00f9 emozionanti.<\/p>\n<p style=\"text-align: justify;\">Una folla assiepata ha seguito la cerimonia che dal 1924 si svolge sul Carro alla presenza del Presidente del Comitato Festa Patronale, don Nunzio Marinelli, il suo delegato, Damiano Baldassarre, il Sindaco Vito Lionetti e il Priore degli Agostiniani padre Ermanno Cristini.<\/p>\n<p style=\"text-align: justify;\">A seguire la cerimonia i sindaci di Binetto, Bitetto e Grumo nonch\u00e9 la Commissaria Prefettizia delegata del Comune di Gioia del Colle dott.sa Isa Tisci, e tante altre autorit\u00e0 e rappresentanti dell\u2019Arma e delle Forze dell\u2019Ordine.<\/p>\n<p style=\"text-align: justify;\">Il ricordo della tragedia di Modugno, con la morte di dieci persone nella fabbrica dei fuochi di Bruscella, ha permeato tutta la cerimonia, con applausi della folla: \u201cAbbiamo il cuore infranto per quanto accaduto\u201d ha detto Baldassarre e tutti hanno ricordato come la ditta di fuochi pirotecnici fosse di casa alla Festa di Cassano. Il presidente delegato ha poi ricordato le opere di carit\u00e0 che in questa Festa i cassanesi sono chiamati a vivere, nei confronti di chi ha meno.<\/p>\n<p style=\"text-align: justify;\">Anche il Sindaco Vito Lionetti ha preso spunto dalla vicenda di Modugno per ricordare che non basta emozionarsi di fronte alle varie vicende ma occorre che esse cambino il nostro modo di vivere, affinch\u00e8 il cambiamento parta da tutti noi. \u201cSe chiediamo il cambiamento \u2013 ha detto Lionetti \u2013 dobbiamo agire affinch\u00e8 esso si realizzi\u201d ed ha condensato in tre pensieri le necessit\u00e0 e le urgenze di oggi: dignit\u00e0 del lavoro, sicurezza e accoglienza affinch\u00e8 le nostre citt\u00e0 diventino davvero a misura d\u2019uomo, di tutti gli uomini.<\/p>\n<p style=\"text-align: justify;\">Padre Ermanno ha poi ringraziato tutti i cassanesi invitando a seguire l\u2019esempio di Maria, colei che \u2013 ha detto don Nunzio \u2013 \u201cpu\u00f2 insegnarci la difficile arte della custodia poich\u00e9 cos\u00ec come ella ha custodito il piccolo Ges\u00f9, ognuno di noi sia custode del proprio fratello, dell\u2019altro\u201d e citando una antica saggezza etiope ha ricordato che per risolvere i problemi degli uomini non servono lame affilate ma aghi per cucire.<\/p>\n<p style=\"text-align: justify;\">Dopo la consegna delle chiavi d\u2019argento, la processione e la Festa sono proseguiti&nbsp; per concludersi domani, secondo il seguente programma:<\/p>\n<p style=\"text-align: justify;\">&nbsp;<\/p>\n<p style=\"text-align: justify;\">&nbsp;<\/p>\n<p><strong>Luned\u00ec 3 agosto (presso la chiesa Matrice S. Maria Assunta)<\/strong><\/p>\n<p>&nbsp;<\/p>\n<p>ore 19,00 \u2013 S. Messa<\/p>\n<p>ore 20,00 \u2013 Processione a spalla della Statua di Maria Santissima degli Angeli dal sagrato nel rione S. Gaetano \u2013 piazza Dante \u2013 vicoli di Cassano vecchia \u2013 piazza Garibaldi \u2013 viale della Repubblica fino alla Parrocchia di \u201cSanta Maria delle Grazie\u201d ove permane fino alla sera del 4 agosto.<\/p>\n<p>Lungo il percorso della processione nel centro storico, balconi e piazzette saranno addobbate e infiorate per il Concorso \u201cBalcone pi\u00f9 addobbato e fiorito nel Centro Storico\u201d a cura dell\u2019Associazione \u201cCentro Storico di Cassano delle Murge\u201d.<\/p>\n<p><strong>&nbsp;<\/strong><\/p>\n<p><strong>Marted\u00ec 4 agosto (presso la Chiesa di Santa Maria delle Grazie)<\/strong><\/p>\n<p>ore 08,00 e ore 10.00: S. Messa<\/p>\n<p>ore 18,00 \u2013 Preghiera del S. Rosario meditato con la partecipazione delle due Comunit\u00e0 Parrocchiali<\/p>\n<p>ore 19,00 \u2013 Solenne Celebrazione Eucaristica presieduta dal parroco don Nicola Boccuzzi. Anima la liturgia il coro parrocchiale.<\/p>\n<p>ore 20,00 \u2013 Processione delle Statua di Maria Santissima degli Angeli con carro trionfale sino ai giardini di piazza Garibaldi. Saluto dei cittadini e processione sino al Santuario. All\u2019arrivo sul piazzale, la preghiera e canto di ringraziamento con saluto del Priore del Santuario.<\/p>\n<p>ore 24,00 \u2013 Il Quadro dell\u2019Immagine della Madonna viene portato a spalla dalla piazza Aldo Moro alla Chiesa di S. Giuseppe ove verr\u00e0 custodito sino alla festa della \u201cMadonn d\u2019 basc\u201d di maggio 2016n.<\/p>\n<p><i>&nbsp;<\/i><\/p>\n<p><i>Questo invece&nbsp; il programma delle manifestazioni civili.<\/i><\/p>\n<p><i>&nbsp;<\/i><\/p>\n<p align=\"center\"><strong>CONCERTI BANDISTICI<\/strong><\/p>\n<p><strong>3 agosto<br \/><\/strong>Grande Orchestra di fiati lirico-sinfonica Citt\u00e0 di Palazzo San Gervasio (Pz) &#8211; Maestro Direttore e Concertatore Michele Lapolla<\/p>\n<p><strong>4 agosto<br \/><\/strong>Concerto Bandistico \u201cS. Maria degli Angeli\u201d Citt\u00e0 di Cassano delle Murge &#8211; Maestro Direttore e Concertatore Giuseppe Smaldino<\/p>\n<p>1 \u2013 2 \u2013 3 agosto<br \/>Concerto Bandistico \u201cS. Maria degli Angeli\u201d Citt\u00e0 di Cassano delle Murge &#8211; Capo Banda Vito D\u2019Ambrosio<\/p>\n<p>1 \u2013 2 \u2013 3 \u2013 4 agosto<br \/>Premiata Associazione Musicale Bassa Musica \u201cCitt\u00e0 di Mola\u201d di Francesco Furio<\/p>\n<p align=\"center\"><strong>&nbsp;<\/strong><\/p>\n<p align=\"center\"><strong>Fuochi Pirotecnici<\/strong><\/p>\n<p><strong>&nbsp;<\/strong><\/p>\n<p><strong>4 agosto<\/strong><\/p>\n<p>Ore 1.00<\/p>\n<p>Spettacolo pirotecnico a cura del Cav. Martino De Carlo di Gioia del Colle<\/p>\n<p align=\"center\"><strong>&nbsp;<\/strong><\/p>\n<p align=\"center\"><strong>&nbsp;<\/strong><\/p>\n<div>&nbsp;<\/div>\n<p>&nbsp;<\/p>\n<p>&nbsp;<span id=\"_mce_caret\" data-mce-bogus=\"true\"><em>Fotografia di Giuseppe Ferrante<\/em><\/span><\/p>\n<p>&nbsp;<\/p>\n","protected":false},"excerpt":{"rendered":"","protected":false},"author":1,"featured_media":11198,"comment_status":"open","ping_status":"closed","sticky":false,"template":"","format":"standard","meta":{"colormag_page_container_layout":"default_layout","colormag_page_sidebar_layout":"default_layout","footnotes":""},"categories":[7],"tags":[],"class_list":["post-11199","post","type-post","status-publish","format-standard","has-post-thumbnail","hentry","category-attualita"],"yoast_head":"<!-- This site is optimized with the Yoast SEO plugin v27.5 - https:\/\/yoast.com\/product\/yoast-seo-wordpress\/ -->\n<title>L&#039;esempio di Maria per una societ\u00e0 solidale - Archivio CassanoWeb<\/title>\n<meta name=\"robots\" content=\"index, follow, max-snippet:-1, max-image-preview:large, max-video-preview:-1\" \/>\n<link rel=\"canonical\" href=\"https:\/\/archiviocassano.lavocedelpaese.info\/index.php\/2015\/08\/03\/lesempio-di-maria-per-una-societa-solidale\/\" \/>\n<meta property=\"og:locale\" content=\"it_IT\" \/>\n<meta property=\"og:type\" content=\"article\" \/>\n<meta property=\"og:title\" content=\"L&#039;esempio di Maria per una societ\u00e0 solidale - Archivio CassanoWeb\" \/>\n<meta property=\"og:url\" content=\"https:\/\/archiviocassano.lavocedelpaese.info\/index.php\/2015\/08\/03\/lesempio-di-maria-per-una-societa-solidale\/\" \/>\n<meta property=\"og:site_name\" content=\"Archivio CassanoWeb\" \/>\n<meta property=\"article:publisher\" content=\"https:\/\/www.facebook.com\/redazione.cassanoweb\" \/>\n<meta property=\"article:published_time\" content=\"2015-08-03T17:07:41+00:00\" \/>\n<meta property=\"og:image\" content=\"https:\/\/archiviocassano.lavocedelpaese.info\/wp-content\/uploads\/2015\/08\/Madonna_degli_angeli_2015.jpg\" \/>\n\t<meta property=\"og:image:width\" content=\"600\" \/>\n\t<meta property=\"og:image:height\" content=\"285\" \/>\n\t<meta property=\"og:image:type\" content=\"image\/jpeg\" \/>\n<meta name=\"author\" content=\"admin\" \/>\n<meta name=\"twitter:card\" content=\"summary_large_image\" \/>\n<meta name=\"twitter:label1\" content=\"Scritto da\" \/>\n\t<meta name=\"twitter:data1\" content=\"admin\" \/>\n\t<meta name=\"twitter:label2\" content=\"Tempo di lettura stimato\" \/>\n\t<meta name=\"twitter:data2\" content=\"3 minuti\" \/>\n<script type=\"application\/ld+json\" class=\"yoast-schema-graph\">{\"@context\":\"https:\\\/\\\/schema.org\",\"@graph\":[{\"@type\":\"Article\",\"@id\":\"https:\\\/\\\/archiviocassano.lavocedelpaese.info\\\/index.php\\\/2015\\\/08\\\/03\\\/lesempio-di-maria-per-una-societa-solidale\\\/#article\",\"isPartOf\":{\"@id\":\"https:\\\/\\\/archiviocassano.lavocedelpaese.info\\\/index.php\\\/2015\\\/08\\\/03\\\/lesempio-di-maria-per-una-societa-solidale\\\/\"},\"author\":{\"name\":\"admin\",\"@id\":\"https:\\\/\\\/archiviocassano.lavocedelpaese.info\\\/#\\\/schema\\\/person\\\/df195bc79a9b4c35127cf005f92e041b\"},\"headline\":\"L&#8217;esempio di Maria per una societ\u00e0 solidale\",\"datePublished\":\"2015-08-03T17:07:41+00:00\",\"mainEntityOfPage\":{\"@id\":\"https:\\\/\\\/archiviocassano.lavocedelpaese.info\\\/index.php\\\/2015\\\/08\\\/03\\\/lesempio-di-maria-per-una-societa-solidale\\\/\"},\"wordCount\":709,\"commentCount\":0,\"publisher\":{\"@id\":\"https:\\\/\\\/archiviocassano.lavocedelpaese.info\\\/#organization\"},\"image\":{\"@id\":\"https:\\\/\\\/archiviocassano.lavocedelpaese.info\\\/index.php\\\/2015\\\/08\\\/03\\\/lesempio-di-maria-per-una-societa-solidale\\\/#primaryimage\"},\"thumbnailUrl\":\"https:\\\/\\\/archiviocassano.lavocedelpaese.info\\\/wp-content\\\/uploads\\\/2015\\\/08\\\/Madonna_degli_angeli_2015.jpg\",\"articleSection\":[\"Attualit\u00e0\"],\"inLanguage\":\"it-IT\",\"potentialAction\":[{\"@type\":\"CommentAction\",\"name\":\"Comment\",\"target\":[\"https:\\\/\\\/archiviocassano.lavocedelpaese.info\\\/index.php\\\/2015\\\/08\\\/03\\\/lesempio-di-maria-per-una-societa-solidale\\\/#respond\"]}]},{\"@type\":\"WebPage\",\"@id\":\"https:\\\/\\\/archiviocassano.lavocedelpaese.info\\\/index.php\\\/2015\\\/08\\\/03\\\/lesempio-di-maria-per-una-societa-solidale\\\/\",\"url\":\"https:\\\/\\\/archiviocassano.lavocedelpaese.info\\\/index.php\\\/2015\\\/08\\\/03\\\/lesempio-di-maria-per-una-societa-solidale\\\/\",\"name\":\"L'esempio di Maria per una societ\u00e0 solidale - Archivio CassanoWeb\",\"isPartOf\":{\"@id\":\"https:\\\/\\\/archiviocassano.lavocedelpaese.info\\\/#website\"},\"primaryImageOfPage\":{\"@id\":\"https:\\\/\\\/archiviocassano.lavocedelpaese.info\\\/index.php\\\/2015\\\/08\\\/03\\\/lesempio-di-maria-per-una-societa-solidale\\\/#primaryimage\"},\"image\":{\"@id\":\"https:\\\/\\\/archiviocassano.lavocedelpaese.info\\\/index.php\\\/2015\\\/08\\\/03\\\/lesempio-di-maria-per-una-societa-solidale\\\/#primaryimage\"},\"thumbnailUrl\":\"https:\\\/\\\/archiviocassano.lavocedelpaese.info\\\/wp-content\\\/uploads\\\/2015\\\/08\\\/Madonna_degli_angeli_2015.jpg\",\"datePublished\":\"2015-08-03T17:07:41+00:00\",\"breadcrumb\":{\"@id\":\"https:\\\/\\\/archiviocassano.lavocedelpaese.info\\\/index.php\\\/2015\\\/08\\\/03\\\/lesempio-di-maria-per-una-societa-solidale\\\/#breadcrumb\"},\"inLanguage\":\"it-IT\",\"potentialAction\":[{\"@type\":\"ReadAction\",\"target\":[\"https:\\\/\\\/archiviocassano.lavocedelpaese.info\\\/index.php\\\/2015\\\/08\\\/03\\\/lesempio-di-maria-per-una-societa-solidale\\\/\"]}]},{\"@type\":\"ImageObject\",\"inLanguage\":\"it-IT\",\"@id\":\"https:\\\/\\\/archiviocassano.lavocedelpaese.info\\\/index.php\\\/2015\\\/08\\\/03\\\/lesempio-di-maria-per-una-societa-solidale\\\/#primaryimage\",\"url\":\"https:\\\/\\\/archiviocassano.lavocedelpaese.info\\\/wp-content\\\/uploads\\\/2015\\\/08\\\/Madonna_degli_angeli_2015.jpg\",\"contentUrl\":\"https:\\\/\\\/archiviocassano.lavocedelpaese.info\\\/wp-content\\\/uploads\\\/2015\\\/08\\\/Madonna_degli_angeli_2015.jpg\",\"width\":600,\"height\":285,\"caption\":\"Madonna degli angeli 2015\"},{\"@type\":\"BreadcrumbList\",\"@id\":\"https:\\\/\\\/archiviocassano.lavocedelpaese.info\\\/index.php\\\/2015\\\/08\\\/03\\\/lesempio-di-maria-per-una-societa-solidale\\\/#breadcrumb\",\"itemListElement\":[{\"@type\":\"ListItem\",\"position\":1,\"name\":\"Home\",\"item\":\"https:\\\/\\\/archiviocassano.lavocedelpaese.info\\\/\"},{\"@type\":\"ListItem\",\"position\":2,\"name\":\"L&#8217;esempio di Maria per una societ\u00e0 solidale\"}]},{\"@type\":\"WebSite\",\"@id\":\"https:\\\/\\\/archiviocassano.lavocedelpaese.info\\\/#website\",\"url\":\"https:\\\/\\\/archiviocassano.lavocedelpaese.info\\\/\",\"name\":\"Archivio CassanoWeb\",\"description\":\"La Voce del Paese - un network di idee\",\"publisher\":{\"@id\":\"https:\\\/\\\/archiviocassano.lavocedelpaese.info\\\/#organization\"},\"potentialAction\":[{\"@type\":\"SearchAction\",\"target\":{\"@type\":\"EntryPoint\",\"urlTemplate\":\"https:\\\/\\\/archiviocassano.lavocedelpaese.info\\\/?s={search_term_string}\"},\"query-input\":{\"@type\":\"PropertyValueSpecification\",\"valueRequired\":true,\"valueName\":\"search_term_string\"}}],\"inLanguage\":\"it-IT\"},{\"@type\":\"Organization\",\"@id\":\"https:\\\/\\\/archiviocassano.lavocedelpaese.info\\\/#organization\",\"name\":\"Archivio CassanoWeb\",\"url\":\"https:\\\/\\\/archiviocassano.lavocedelpaese.info\\\/\",\"logo\":{\"@type\":\"ImageObject\",\"inLanguage\":\"it-IT\",\"@id\":\"https:\\\/\\\/archiviocassano.lavocedelpaese.info\\\/#\\\/schema\\\/logo\\\/image\\\/\",\"url\":\"https:\\\/\\\/archiviocassano.lavocedelpaese.info\\\/wp-content\\\/uploads\\\/2024\\\/08\\\/logo-rosso-2.png\",\"contentUrl\":\"https:\\\/\\\/archiviocassano.lavocedelpaese.info\\\/wp-content\\\/uploads\\\/2024\\\/08\\\/logo-rosso-2.png\",\"width\":491,\"height\":432,\"caption\":\"Archivio CassanoWeb\"},\"image\":{\"@id\":\"https:\\\/\\\/archiviocassano.lavocedelpaese.info\\\/#\\\/schema\\\/logo\\\/image\\\/\"},\"sameAs\":[\"https:\\\/\\\/www.facebook.com\\\/redazione.cassanoweb\"]},{\"@type\":\"Person\",\"@id\":\"https:\\\/\\\/archiviocassano.lavocedelpaese.info\\\/#\\\/schema\\\/person\\\/df195bc79a9b4c35127cf005f92e041b\",\"name\":\"admin\",\"image\":{\"@type\":\"ImageObject\",\"inLanguage\":\"it-IT\",\"@id\":\"https:\\\/\\\/secure.gravatar.com\\\/avatar\\\/eabba89a432e8eaa1b0207cc55f7e5340b22712b1ed80677efcf63e02ff5b235?s=96&d=mm&r=g\",\"url\":\"https:\\\/\\\/secure.gravatar.com\\\/avatar\\\/eabba89a432e8eaa1b0207cc55f7e5340b22712b1ed80677efcf63e02ff5b235?s=96&d=mm&r=g\",\"contentUrl\":\"https:\\\/\\\/secure.gravatar.com\\\/avatar\\\/eabba89a432e8eaa1b0207cc55f7e5340b22712b1ed80677efcf63e02ff5b235?s=96&d=mm&r=g\",\"caption\":\"admin\"},\"sameAs\":[\"https:\\\/\\\/archiviocassano.lavocedelpaese.info\"],\"url\":\"https:\\\/\\\/archiviocassano.lavocedelpaese.info\\\/index.php\\\/author\\\/admin_0qgz1xdp\\\/\"}]}<\/script>\n<!-- \/ Yoast SEO plugin. -->","yoast_head_json":{"title":"L'esempio di Maria per una societ\u00e0 solidale - Archivio CassanoWeb","robots":{"index":"index","follow":"follow","max-snippet":"max-snippet:-1","max-image-preview":"max-image-preview:large","max-video-preview":"max-video-preview:-1"},"canonical":"https:\/\/archiviocassano.lavocedelpaese.info\/index.php\/2015\/08\/03\/lesempio-di-maria-per-una-societa-solidale\/","og_locale":"it_IT","og_type":"article","og_title":"L'esempio di Maria per una societ\u00e0 solidale - Archivio CassanoWeb","og_url":"https:\/\/archiviocassano.lavocedelpaese.info\/index.php\/2015\/08\/03\/lesempio-di-maria-per-una-societa-solidale\/","og_site_name":"Archivio CassanoWeb","article_publisher":"https:\/\/www.facebook.com\/redazione.cassanoweb","article_published_time":"2015-08-03T17:07:41+00:00","og_image":[{"width":600,"height":285,"url":"https:\/\/archiviocassano.lavocedelpaese.info\/wp-content\/uploads\/2015\/08\/Madonna_degli_angeli_2015.jpg","type":"image\/jpeg"}],"author":"admin","twitter_card":"summary_large_image","twitter_misc":{"Scritto da":"admin","Tempo di lettura stimato":"3 minuti"},"schema":{"@context":"https:\/\/schema.org","@graph":[{"@type":"Article","@id":"https:\/\/archiviocassano.lavocedelpaese.info\/index.php\/2015\/08\/03\/lesempio-di-maria-per-una-societa-solidale\/#article","isPartOf":{"@id":"https:\/\/archiviocassano.lavocedelpaese.info\/index.php\/2015\/08\/03\/lesempio-di-maria-per-una-societa-solidale\/"},"author":{"name":"admin","@id":"https:\/\/archiviocassano.lavocedelpaese.info\/#\/schema\/person\/df195bc79a9b4c35127cf005f92e041b"},"headline":"L&#8217;esempio di Maria per una societ\u00e0 solidale","datePublished":"2015-08-03T17:07:41+00:00","mainEntityOfPage":{"@id":"https:\/\/archiviocassano.lavocedelpaese.info\/index.php\/2015\/08\/03\/lesempio-di-maria-per-una-societa-solidale\/"},"wordCount":709,"commentCount":0,"publisher":{"@id":"https:\/\/archiviocassano.lavocedelpaese.info\/#organization"},"image":{"@id":"https:\/\/archiviocassano.lavocedelpaese.info\/index.php\/2015\/08\/03\/lesempio-di-maria-per-una-societa-solidale\/#primaryimage"},"thumbnailUrl":"https:\/\/archiviocassano.lavocedelpaese.info\/wp-content\/uploads\/2015\/08\/Madonna_degli_angeli_2015.jpg","articleSection":["Attualit\u00e0"],"inLanguage":"it-IT","potentialAction":[{"@type":"CommentAction","name":"Comment","target":["https:\/\/archiviocassano.lavocedelpaese.info\/index.php\/2015\/08\/03\/lesempio-di-maria-per-una-societa-solidale\/#respond"]}]},{"@type":"WebPage","@id":"https:\/\/archiviocassano.lavocedelpaese.info\/index.php\/2015\/08\/03\/lesempio-di-maria-per-una-societa-solidale\/","url":"https:\/\/archiviocassano.lavocedelpaese.info\/index.php\/2015\/08\/03\/lesempio-di-maria-per-una-societa-solidale\/","name":"L'esempio di Maria per una societ\u00e0 solidale - Archivio CassanoWeb","isPartOf":{"@id":"https:\/\/archiviocassano.lavocedelpaese.info\/#website"},"primaryImageOfPage":{"@id":"https:\/\/archiviocassano.lavocedelpaese.info\/index.php\/2015\/08\/03\/lesempio-di-maria-per-una-societa-solidale\/#primaryimage"},"image":{"@id":"https:\/\/archiviocassano.lavocedelpaese.info\/index.php\/2015\/08\/03\/lesempio-di-maria-per-una-societa-solidale\/#primaryimage"},"thumbnailUrl":"https:\/\/archiviocassano.lavocedelpaese.info\/wp-content\/uploads\/2015\/08\/Madonna_degli_angeli_2015.jpg","datePublished":"2015-08-03T17:07:41+00:00","breadcrumb":{"@id":"https:\/\/archiviocassano.lavocedelpaese.info\/index.php\/2015\/08\/03\/lesempio-di-maria-per-una-societa-solidale\/#breadcrumb"},"inLanguage":"it-IT","potentialAction":[{"@type":"ReadAction","target":["https:\/\/archiviocassano.lavocedelpaese.info\/index.php\/2015\/08\/03\/lesempio-di-maria-per-una-societa-solidale\/"]}]},{"@type":"ImageObject","inLanguage":"it-IT","@id":"https:\/\/archiviocassano.lavocedelpaese.info\/index.php\/2015\/08\/03\/lesempio-di-maria-per-una-societa-solidale\/#primaryimage","url":"https:\/\/archiviocassano.lavocedelpaese.info\/wp-content\/uploads\/2015\/08\/Madonna_degli_angeli_2015.jpg","contentUrl":"https:\/\/archiviocassano.lavocedelpaese.info\/wp-content\/uploads\/2015\/08\/Madonna_degli_angeli_2015.jpg","width":600,"height":285,"caption":"Madonna degli angeli 2015"},{"@type":"BreadcrumbList","@id":"https:\/\/archiviocassano.lavocedelpaese.info\/index.php\/2015\/08\/03\/lesempio-di-maria-per-una-societa-solidale\/#breadcrumb","itemListElement":[{"@type":"ListItem","position":1,"name":"Home","item":"https:\/\/archiviocassano.lavocedelpaese.info\/"},{"@type":"ListItem","position":2,"name":"L&#8217;esempio di Maria per una societ\u00e0 solidale"}]},{"@type":"WebSite","@id":"https:\/\/archiviocassano.lavocedelpaese.info\/#website","url":"https:\/\/archiviocassano.lavocedelpaese.info\/","name":"Archivio CassanoWeb","description":"La Voce del Paese - un network di idee","publisher":{"@id":"https:\/\/archiviocassano.lavocedelpaese.info\/#organization"},"potentialAction":[{"@type":"SearchAction","target":{"@type":"EntryPoint","urlTemplate":"https:\/\/archiviocassano.lavocedelpaese.info\/?s={search_term_string}"},"query-input":{"@type":"PropertyValueSpecification","valueRequired":true,"valueName":"search_term_string"}}],"inLanguage":"it-IT"},{"@type":"Organization","@id":"https:\/\/archiviocassano.lavocedelpaese.info\/#organization","name":"Archivio CassanoWeb","url":"https:\/\/archiviocassano.lavocedelpaese.info\/","logo":{"@type":"ImageObject","inLanguage":"it-IT","@id":"https:\/\/archiviocassano.lavocedelpaese.info\/#\/schema\/logo\/image\/","url":"https:\/\/archiviocassano.lavocedelpaese.info\/wp-content\/uploads\/2024\/08\/logo-rosso-2.png","contentUrl":"https:\/\/archiviocassano.lavocedelpaese.info\/wp-content\/uploads\/2024\/08\/logo-rosso-2.png","width":491,"height":432,"caption":"Archivio CassanoWeb"},"image":{"@id":"https:\/\/archiviocassano.lavocedelpaese.info\/#\/schema\/logo\/image\/"},"sameAs":["https:\/\/www.facebook.com\/redazione.cassanoweb"]},{"@type":"Person","@id":"https:\/\/archiviocassano.lavocedelpaese.info\/#\/schema\/person\/df195bc79a9b4c35127cf005f92e041b","name":"admin","image":{"@type":"ImageObject","inLanguage":"it-IT","@id":"https:\/\/secure.gravatar.com\/avatar\/eabba89a432e8eaa1b0207cc55f7e5340b22712b1ed80677efcf63e02ff5b235?s=96&d=mm&r=g","url":"https:\/\/secure.gravatar.com\/avatar\/eabba89a432e8eaa1b0207cc55f7e5340b22712b1ed80677efcf63e02ff5b235?s=96&d=mm&r=g","contentUrl":"https:\/\/secure.gravatar.com\/avatar\/eabba89a432e8eaa1b0207cc55f7e5340b22712b1ed80677efcf63e02ff5b235?s=96&d=mm&r=g","caption":"admin"},"sameAs":["https:\/\/archiviocassano.lavocedelpaese.info"],"url":"https:\/\/archiviocassano.lavocedelpaese.info\/index.php\/author\/admin_0qgz1xdp\/"}]}},"_links":{"self":[{"href":"https:\/\/archiviocassano.lavocedelpaese.info\/index.php\/wp-json\/wp\/v2\/posts\/11199","targetHints":{"allow":["GET"]}}],"collection":[{"href":"https:\/\/archiviocassano.lavocedelpaese.info\/index.php\/wp-json\/wp\/v2\/posts"}],"about":[{"href":"https:\/\/archiviocassano.lavocedelpaese.info\/index.php\/wp-json\/wp\/v2\/types\/post"}],"author":[{"embeddable":true,"href":"https:\/\/archiviocassano.lavocedelpaese.info\/index.php\/wp-json\/wp\/v2\/users\/1"}],"replies":[{"embeddable":true,"href":"https:\/\/archiviocassano.lavocedelpaese.info\/index.php\/wp-json\/wp\/v2\/comments?post=11199"}],"version-history":[{"count":0,"href":"https:\/\/archiviocassano.lavocedelpaese.info\/index.php\/wp-json\/wp\/v2\/posts\/11199\/revisions"}],"wp:featuredmedia":[{"embeddable":true,"href":"https:\/\/archiviocassano.lavocedelpaese.info\/index.php\/wp-json\/wp\/v2\/media\/11198"}],"wp:attachment":[{"href":"https:\/\/archiviocassano.lavocedelpaese.info\/index.php\/wp-json\/wp\/v2\/media?parent=11199"}],"wp:term":[{"taxonomy":"category","embeddable":true,"href":"https:\/\/archiviocassano.lavocedelpaese.info\/index.php\/wp-json\/wp\/v2\/categories?post=11199"},{"taxonomy":"post_tag","embeddable":true,"href":"https:\/\/archiviocassano.lavocedelpaese.info\/index.php\/wp-json\/wp\/v2\/tags?post=11199"}],"curies":[{"name":"wp","href":"https:\/\/api.w.org\/{rel}","templated":true}]}}