{"id":1122,"date":"2010-03-10T10:56:44","date_gmt":"2010-03-10T10:56:44","guid":{"rendered":"https:\/\/archiviocassano.lavocedelpaese.info\/index.php\/2010\/03\/10\/sinistra-ecologia-liberta-mobilitiamoci-contro-il-decreto-salva-liste\/"},"modified":"2010-03-10T10:56:44","modified_gmt":"2010-03-10T10:56:44","slug":"sinistra-ecologia-liberta-mobilitiamoci-contro-il-decreto-salva-liste","status":"publish","type":"post","link":"https:\/\/archiviocassano.lavocedelpaese.info\/index.php\/2010\/03\/10\/sinistra-ecologia-liberta-mobilitiamoci-contro-il-decreto-salva-liste\/","title":{"rendered":"SINISTRA, ECOLOGIA, LIBERTA&#8217;: MOBILITIAMOCI CONTRO IL DECRETO SALVA LISTE"},"content":{"rendered":"<p><img loading=\"lazy\" decoding=\"async\" class=\" size-full wp-image-1121\" alt=\"sel_in_piazza\" src=\"https:\/\/archiviocassano.lavocedelpaese.info\/wp-content\/uploads\/2010\/03\/sel_in_piazza.jpg\" width=\"320\" height=\"156\" \/><\/p>\n<p><!--more--><\/p>\n<p><em>Dal Coordinamento cassanese di Sinistra, Ecologia, Libert\u00e0, riceviamo e pubblichiamo.<\/em><\/p>\n<p style=\"text-align: justify;\">In questi giorni di forte conflitto politico determinato dalla PDL e da questo Governo Berlusconi, incapaci come sono di governare e di rispettare sia la legge che la magistratura, il coordinamento locale di Sinistra Ecologia Libert\u00e0 invita tutti i cittadini di Cassano Murge a scendere in piazza e manifestare democraticamente contro l\u2019arroganza di questi personaggi che tentano in ogni modo, e con ogni mezzo, di far precipitare l\u2019Italia indietro di tanti anni cancellando i diritti fondamentali acquisiti dai cittadini e dai lavoratori con le lotte e le conquiste avvenute nei decenni addietro.<\/p>\n<div style=\"text-align: justify;\"><\/div>\n<p style=\"text-align: justify;\">Nei scorsi giorni, purtroppo, con la legge votata al Senato dalla PDL e Lega \u00e8 stato di fatto cancellata una delle principali tutele sancite dallo Statuto dei Diritti del Lavoratori ovvero l\u2019articolo 18, con il quale ciascun lavoratore \u00e8 tutelato dalla eventualit\u00e0 di essere licenziato senza giusta causa. Questo abuso di arroganza, voluto dal ministro Sacconi, \u00e8 un fatto gravissimo perch\u00e9 pone il lavoratore nella condizione di dover accettare la formula dell\u2019arbitrato in caso di licenziamento, anzich\u00e9 usufruire della magistratura del lavoro, che invece prevede norme giuridiche capaci di rendere paritario il confronto tra il lavoratore rispetto al proprio datore di lavoro, il quale \u00e8 di per s\u00e9 in posizione di privilegio.<\/p>\n<div style=\"text-align: justify;\"><\/div>\n<p style=\"text-align: justify;\">Oltre a questa nuova pessima norma, che ha leso lo strumento principale di tutela dei lavoratori, \u00e8 stata colpita al cuore <st1:personname productid=\"la Costituzione\">la Costituzione<\/st1:personname> con il decreto \u201cinterpretativo\u201d Salva liste-PDL.<\/p>\n<div style=\"text-align: justify;\"><\/div>\n<p style=\"text-align: justify;\">Insieme all\u2019incapacit\u00e0 di governare, <st1:personname productid=\"la PDL\">la PDL<\/st1:personname> sta dando prova di incapacit\u00e0 di fare politica riuscendo a non presentare per tempo, e secondo le regole che tutti rispettano, le proprie liste alle regionali nel Lazio e in Lombardia. Purtroppo vittima di questa incapacit\u00e0 non sono loro stessi, che combinano guai e pasticci, ma gli altri cittadini che vengono discriminati perch\u00e9 rispettano le regole. E\u2019 evidente a tutti come con questo decreto interpretativo viene sancita l\u2019esistenza, secondo Berlusconi, di cittadini di serie A \u201cfurbi\u201d e di cittadini di serie B \u201ccorretti\u201d. A quelli furbi ora \u00e8 di fatto concesso di tutto, anche non rispettare le regole e le leggi, invece per quelli \u201ccorretti\u201d \u00e8 previsto il solo rispetto delle norme e devono farlo anche accettando tutto e di pi\u00f9 in silenzio e senza disturbare il volere del Sultano.<\/p>\n<div style=\"text-align: justify;\"><\/div>\n<p style=\"text-align: justify;\">Sinistra Ecologia e Libert\u00e0 allora invita i cittadini di Cassano Murge a riflettere su quanto sta accadendo anche in prospettiva del voto alle regionali, perch\u00e9 non \u00e8 possibile accettare questo modo di fare politica della PDL e del loro capo, per questo tutti gli elettori devono sentirsi in dovere di andare a votare e scegliere veramente da che parte stare, se con loro arroganti e fuorilegge, oppure con <st1:personname productid=\"la Puglia Migliore\"><st1:personname productid=\"la Puglia\">la Puglia<\/st1:personname> Migliore<\/st1:personname> di Nichi Vendola, leader nazionale di Sinistra Ecologia e Libert\u00e0.<\/p>\n<div style=\"text-align: justify;\"><\/div>\n<p style=\"text-align: justify;\">Per quanto sta accadendo allora si \u00e8 deciso di non restare fermi a guardare, nei prossimi giorni si terranno due importanti manifestazioni, a cui sono chiamati a partecipare anche tutti i cassanesi.<\/p>\n<div style=\"text-align: justify;\"><\/div>\n<p style=\"text-align: justify;\">Il primo appuntamento \u00e8 per la mattina del giorno 12 marzo a Bari. SEL invita a partecipare allo sciopero indetto dalla CGIL per chiedere meno tasse e no all\u2019arbitrato sui licenziamenti per i lavoratori dipendenti e pensionati.<\/p>\n<div style=\"text-align: justify;\"><\/div>\n<p style=\"text-align: justify;\">Il secondo appuntamento, la grande manifestazione voluta da SEL insieme a tutti i partiti di opposizione parlamentare ed extra parlamentare, \u00a0intitolata <strong>\u201c<\/strong><strong>Democrazia, legalit\u00e0, lavoro. S\u00ec alle regole e ai diritti. No ai trucchi. Per vincere\u201d,<\/strong><strong> che si terr\u00e0 sabato 13 marzo a Roma in Piazza del Popolo, ore 14.<\/strong><\/p>\n<div style=\"text-align: justify;\"><\/div>\n<p style=\"text-align: justify;\"><strong>Il coordinamento locale di SEL auspica il massimo coinvolgimento da parte di tutti i cittadini e delle altre forze politiche di opposizione, affinch\u00e9 si possa tenere alta l\u2019attenzione sulle malefatte di questo Governo Berlusconi che vuole mettere il bavaglio a tutti gli italiani, come ha gi\u00e0 fatto alla RAI e come sta provando a fare con <\/strong><st1:personname productid=\"la Magistratura.\"><strong>la  Magistratura.<\/strong><\/st1:personname><strong> <\/strong><\/p>\n<div style=\"text-align: justify;\"><\/div>\n<p style=\"text-align: justify;\"><strong>Per informazioni relative alla partecipazione alle manifestazione potete contattare noi di SEL scrivendo a <a href=\"mailto:sinistracassano@gmail.com\">sinistracassano@gmail.com<\/a><\/strong><\/p>\n","protected":false},"excerpt":{"rendered":"","protected":false},"author":1,"featured_media":1121,"comment_status":"open","ping_status":"closed","sticky":false,"template":"","format":"standard","meta":{"colormag_page_container_layout":"default_layout","colormag_page_sidebar_layout":"default_layout","footnotes":""},"categories":[9],"tags":[],"class_list":["post-1122","post","type-post","status-publish","format-standard","has-post-thumbnail","hentry","category-la-voce-del-paese"],"yoast_head":"<!-- This site is optimized with the Yoast SEO plugin v27.5 - https:\/\/yoast.com\/product\/yoast-seo-wordpress\/ -->\n<title>SINISTRA, ECOLOGIA, LIBERTA&#039;: MOBILITIAMOCI CONTRO IL DECRETO SALVA LISTE - Archivio CassanoWeb<\/title>\n<meta name=\"robots\" content=\"index, follow, max-snippet:-1, max-image-preview:large, max-video-preview:-1\" \/>\n<link rel=\"canonical\" href=\"https:\/\/archiviocassano.lavocedelpaese.info\/index.php\/2010\/03\/10\/sinistra-ecologia-liberta-mobilitiamoci-contro-il-decreto-salva-liste\/\" \/>\n<meta property=\"og:locale\" content=\"it_IT\" \/>\n<meta property=\"og:type\" content=\"article\" \/>\n<meta property=\"og:title\" content=\"SINISTRA, ECOLOGIA, LIBERTA&#039;: MOBILITIAMOCI CONTRO IL DECRETO SALVA LISTE - Archivio CassanoWeb\" \/>\n<meta property=\"og:url\" content=\"https:\/\/archiviocassano.lavocedelpaese.info\/index.php\/2010\/03\/10\/sinistra-ecologia-liberta-mobilitiamoci-contro-il-decreto-salva-liste\/\" \/>\n<meta property=\"og:site_name\" content=\"Archivio CassanoWeb\" \/>\n<meta property=\"article:publisher\" content=\"https:\/\/www.facebook.com\/redazione.cassanoweb\" \/>\n<meta property=\"article:published_time\" content=\"2010-03-10T10:56:44+00:00\" \/>\n<meta property=\"og:image\" content=\"https:\/\/archiviocassano.lavocedelpaese.info\/wp-content\/uploads\/2010\/03\/sel_in_piazza.jpg\" \/>\n\t<meta property=\"og:image:width\" content=\"640\" \/>\n\t<meta property=\"og:image:height\" content=\"300\" \/>\n\t<meta property=\"og:image:type\" content=\"image\/jpeg\" \/>\n<meta name=\"author\" content=\"admin\" \/>\n<meta name=\"twitter:card\" content=\"summary_large_image\" \/>\n<meta name=\"twitter:label1\" content=\"Scritto da\" \/>\n\t<meta name=\"twitter:data1\" content=\"admin\" \/>\n\t<meta name=\"twitter:label2\" content=\"Tempo di lettura stimato\" \/>\n\t<meta name=\"twitter:data2\" content=\"3 minuti\" \/>\n<script type=\"application\/ld+json\" class=\"yoast-schema-graph\">{\"@context\":\"https:\\\/\\\/schema.org\",\"@graph\":[{\"@type\":\"Article\",\"@id\":\"https:\\\/\\\/archiviocassano.lavocedelpaese.info\\\/index.php\\\/2010\\\/03\\\/10\\\/sinistra-ecologia-liberta-mobilitiamoci-contro-il-decreto-salva-liste\\\/#article\",\"isPartOf\":{\"@id\":\"https:\\\/\\\/archiviocassano.lavocedelpaese.info\\\/index.php\\\/2010\\\/03\\\/10\\\/sinistra-ecologia-liberta-mobilitiamoci-contro-il-decreto-salva-liste\\\/\"},\"author\":{\"name\":\"admin\",\"@id\":\"https:\\\/\\\/archiviocassano.lavocedelpaese.info\\\/#\\\/schema\\\/person\\\/df195bc79a9b4c35127cf005f92e041b\"},\"headline\":\"SINISTRA, ECOLOGIA, LIBERTA&#8217;: MOBILITIAMOCI CONTRO IL DECRETO SALVA LISTE\",\"datePublished\":\"2010-03-10T10:56:44+00:00\",\"mainEntityOfPage\":{\"@id\":\"https:\\\/\\\/archiviocassano.lavocedelpaese.info\\\/index.php\\\/2010\\\/03\\\/10\\\/sinistra-ecologia-liberta-mobilitiamoci-contro-il-decreto-salva-liste\\\/\"},\"wordCount\":656,\"commentCount\":0,\"publisher\":{\"@id\":\"https:\\\/\\\/archiviocassano.lavocedelpaese.info\\\/#organization\"},\"image\":{\"@id\":\"https:\\\/\\\/archiviocassano.lavocedelpaese.info\\\/index.php\\\/2010\\\/03\\\/10\\\/sinistra-ecologia-liberta-mobilitiamoci-contro-il-decreto-salva-liste\\\/#primaryimage\"},\"thumbnailUrl\":\"https:\\\/\\\/archiviocassano.lavocedelpaese.info\\\/wp-content\\\/uploads\\\/2010\\\/03\\\/sel_in_piazza.jpg\",\"articleSection\":[\"La voce del paese\"],\"inLanguage\":\"it-IT\",\"potentialAction\":[{\"@type\":\"CommentAction\",\"name\":\"Comment\",\"target\":[\"https:\\\/\\\/archiviocassano.lavocedelpaese.info\\\/index.php\\\/2010\\\/03\\\/10\\\/sinistra-ecologia-liberta-mobilitiamoci-contro-il-decreto-salva-liste\\\/#respond\"]}]},{\"@type\":\"WebPage\",\"@id\":\"https:\\\/\\\/archiviocassano.lavocedelpaese.info\\\/index.php\\\/2010\\\/03\\\/10\\\/sinistra-ecologia-liberta-mobilitiamoci-contro-il-decreto-salva-liste\\\/\",\"url\":\"https:\\\/\\\/archiviocassano.lavocedelpaese.info\\\/index.php\\\/2010\\\/03\\\/10\\\/sinistra-ecologia-liberta-mobilitiamoci-contro-il-decreto-salva-liste\\\/\",\"name\":\"SINISTRA, ECOLOGIA, LIBERTA': MOBILITIAMOCI CONTRO IL DECRETO SALVA LISTE - Archivio CassanoWeb\",\"isPartOf\":{\"@id\":\"https:\\\/\\\/archiviocassano.lavocedelpaese.info\\\/#website\"},\"primaryImageOfPage\":{\"@id\":\"https:\\\/\\\/archiviocassano.lavocedelpaese.info\\\/index.php\\\/2010\\\/03\\\/10\\\/sinistra-ecologia-liberta-mobilitiamoci-contro-il-decreto-salva-liste\\\/#primaryimage\"},\"image\":{\"@id\":\"https:\\\/\\\/archiviocassano.lavocedelpaese.info\\\/index.php\\\/2010\\\/03\\\/10\\\/sinistra-ecologia-liberta-mobilitiamoci-contro-il-decreto-salva-liste\\\/#primaryimage\"},\"thumbnailUrl\":\"https:\\\/\\\/archiviocassano.lavocedelpaese.info\\\/wp-content\\\/uploads\\\/2010\\\/03\\\/sel_in_piazza.jpg\",\"datePublished\":\"2010-03-10T10:56:44+00:00\",\"breadcrumb\":{\"@id\":\"https:\\\/\\\/archiviocassano.lavocedelpaese.info\\\/index.php\\\/2010\\\/03\\\/10\\\/sinistra-ecologia-liberta-mobilitiamoci-contro-il-decreto-salva-liste\\\/#breadcrumb\"},\"inLanguage\":\"it-IT\",\"potentialAction\":[{\"@type\":\"ReadAction\",\"target\":[\"https:\\\/\\\/archiviocassano.lavocedelpaese.info\\\/index.php\\\/2010\\\/03\\\/10\\\/sinistra-ecologia-liberta-mobilitiamoci-contro-il-decreto-salva-liste\\\/\"]}]},{\"@type\":\"ImageObject\",\"inLanguage\":\"it-IT\",\"@id\":\"https:\\\/\\\/archiviocassano.lavocedelpaese.info\\\/index.php\\\/2010\\\/03\\\/10\\\/sinistra-ecologia-liberta-mobilitiamoci-contro-il-decreto-salva-liste\\\/#primaryimage\",\"url\":\"https:\\\/\\\/archiviocassano.lavocedelpaese.info\\\/wp-content\\\/uploads\\\/2010\\\/03\\\/sel_in_piazza.jpg\",\"contentUrl\":\"https:\\\/\\\/archiviocassano.lavocedelpaese.info\\\/wp-content\\\/uploads\\\/2010\\\/03\\\/sel_in_piazza.jpg\",\"width\":640,\"height\":300,\"caption\":\"sel_in_piazza\"},{\"@type\":\"BreadcrumbList\",\"@id\":\"https:\\\/\\\/archiviocassano.lavocedelpaese.info\\\/index.php\\\/2010\\\/03\\\/10\\\/sinistra-ecologia-liberta-mobilitiamoci-contro-il-decreto-salva-liste\\\/#breadcrumb\",\"itemListElement\":[{\"@type\":\"ListItem\",\"position\":1,\"name\":\"Home\",\"item\":\"https:\\\/\\\/archiviocassano.lavocedelpaese.info\\\/\"},{\"@type\":\"ListItem\",\"position\":2,\"name\":\"SINISTRA, ECOLOGIA, LIBERTA&#8217;: MOBILITIAMOCI CONTRO IL DECRETO SALVA LISTE\"}]},{\"@type\":\"WebSite\",\"@id\":\"https:\\\/\\\/archiviocassano.lavocedelpaese.info\\\/#website\",\"url\":\"https:\\\/\\\/archiviocassano.lavocedelpaese.info\\\/\",\"name\":\"Archivio CassanoWeb\",\"description\":\"La Voce del Paese - un network di idee\",\"publisher\":{\"@id\":\"https:\\\/\\\/archiviocassano.lavocedelpaese.info\\\/#organization\"},\"potentialAction\":[{\"@type\":\"SearchAction\",\"target\":{\"@type\":\"EntryPoint\",\"urlTemplate\":\"https:\\\/\\\/archiviocassano.lavocedelpaese.info\\\/?s={search_term_string}\"},\"query-input\":{\"@type\":\"PropertyValueSpecification\",\"valueRequired\":true,\"valueName\":\"search_term_string\"}}],\"inLanguage\":\"it-IT\"},{\"@type\":\"Organization\",\"@id\":\"https:\\\/\\\/archiviocassano.lavocedelpaese.info\\\/#organization\",\"name\":\"Archivio CassanoWeb\",\"url\":\"https:\\\/\\\/archiviocassano.lavocedelpaese.info\\\/\",\"logo\":{\"@type\":\"ImageObject\",\"inLanguage\":\"it-IT\",\"@id\":\"https:\\\/\\\/archiviocassano.lavocedelpaese.info\\\/#\\\/schema\\\/logo\\\/image\\\/\",\"url\":\"https:\\\/\\\/archiviocassano.lavocedelpaese.info\\\/wp-content\\\/uploads\\\/2024\\\/08\\\/logo-rosso-2.png\",\"contentUrl\":\"https:\\\/\\\/archiviocassano.lavocedelpaese.info\\\/wp-content\\\/uploads\\\/2024\\\/08\\\/logo-rosso-2.png\",\"width\":491,\"height\":432,\"caption\":\"Archivio CassanoWeb\"},\"image\":{\"@id\":\"https:\\\/\\\/archiviocassano.lavocedelpaese.info\\\/#\\\/schema\\\/logo\\\/image\\\/\"},\"sameAs\":[\"https:\\\/\\\/www.facebook.com\\\/redazione.cassanoweb\"]},{\"@type\":\"Person\",\"@id\":\"https:\\\/\\\/archiviocassano.lavocedelpaese.info\\\/#\\\/schema\\\/person\\\/df195bc79a9b4c35127cf005f92e041b\",\"name\":\"admin\",\"image\":{\"@type\":\"ImageObject\",\"inLanguage\":\"it-IT\",\"@id\":\"https:\\\/\\\/secure.gravatar.com\\\/avatar\\\/eabba89a432e8eaa1b0207cc55f7e5340b22712b1ed80677efcf63e02ff5b235?s=96&d=mm&r=g\",\"url\":\"https:\\\/\\\/secure.gravatar.com\\\/avatar\\\/eabba89a432e8eaa1b0207cc55f7e5340b22712b1ed80677efcf63e02ff5b235?s=96&d=mm&r=g\",\"contentUrl\":\"https:\\\/\\\/secure.gravatar.com\\\/avatar\\\/eabba89a432e8eaa1b0207cc55f7e5340b22712b1ed80677efcf63e02ff5b235?s=96&d=mm&r=g\",\"caption\":\"admin\"},\"sameAs\":[\"https:\\\/\\\/archiviocassano.lavocedelpaese.info\"],\"url\":\"https:\\\/\\\/archiviocassano.lavocedelpaese.info\\\/index.php\\\/author\\\/admin_0qgz1xdp\\\/\"}]}<\/script>\n<!-- \/ Yoast SEO plugin. -->","yoast_head_json":{"title":"SINISTRA, ECOLOGIA, LIBERTA': MOBILITIAMOCI CONTRO IL DECRETO SALVA LISTE - Archivio CassanoWeb","robots":{"index":"index","follow":"follow","max-snippet":"max-snippet:-1","max-image-preview":"max-image-preview:large","max-video-preview":"max-video-preview:-1"},"canonical":"https:\/\/archiviocassano.lavocedelpaese.info\/index.php\/2010\/03\/10\/sinistra-ecologia-liberta-mobilitiamoci-contro-il-decreto-salva-liste\/","og_locale":"it_IT","og_type":"article","og_title":"SINISTRA, ECOLOGIA, LIBERTA': MOBILITIAMOCI CONTRO IL DECRETO SALVA LISTE - Archivio CassanoWeb","og_url":"https:\/\/archiviocassano.lavocedelpaese.info\/index.php\/2010\/03\/10\/sinistra-ecologia-liberta-mobilitiamoci-contro-il-decreto-salva-liste\/","og_site_name":"Archivio CassanoWeb","article_publisher":"https:\/\/www.facebook.com\/redazione.cassanoweb","article_published_time":"2010-03-10T10:56:44+00:00","og_image":[{"width":640,"height":300,"url":"https:\/\/archiviocassano.lavocedelpaese.info\/wp-content\/uploads\/2010\/03\/sel_in_piazza.jpg","type":"image\/jpeg"}],"author":"admin","twitter_card":"summary_large_image","twitter_misc":{"Scritto da":"admin","Tempo di lettura stimato":"3 minuti"},"schema":{"@context":"https:\/\/schema.org","@graph":[{"@type":"Article","@id":"https:\/\/archiviocassano.lavocedelpaese.info\/index.php\/2010\/03\/10\/sinistra-ecologia-liberta-mobilitiamoci-contro-il-decreto-salva-liste\/#article","isPartOf":{"@id":"https:\/\/archiviocassano.lavocedelpaese.info\/index.php\/2010\/03\/10\/sinistra-ecologia-liberta-mobilitiamoci-contro-il-decreto-salva-liste\/"},"author":{"name":"admin","@id":"https:\/\/archiviocassano.lavocedelpaese.info\/#\/schema\/person\/df195bc79a9b4c35127cf005f92e041b"},"headline":"SINISTRA, ECOLOGIA, LIBERTA&#8217;: MOBILITIAMOCI CONTRO IL DECRETO SALVA LISTE","datePublished":"2010-03-10T10:56:44+00:00","mainEntityOfPage":{"@id":"https:\/\/archiviocassano.lavocedelpaese.info\/index.php\/2010\/03\/10\/sinistra-ecologia-liberta-mobilitiamoci-contro-il-decreto-salva-liste\/"},"wordCount":656,"commentCount":0,"publisher":{"@id":"https:\/\/archiviocassano.lavocedelpaese.info\/#organization"},"image":{"@id":"https:\/\/archiviocassano.lavocedelpaese.info\/index.php\/2010\/03\/10\/sinistra-ecologia-liberta-mobilitiamoci-contro-il-decreto-salva-liste\/#primaryimage"},"thumbnailUrl":"https:\/\/archiviocassano.lavocedelpaese.info\/wp-content\/uploads\/2010\/03\/sel_in_piazza.jpg","articleSection":["La voce del paese"],"inLanguage":"it-IT","potentialAction":[{"@type":"CommentAction","name":"Comment","target":["https:\/\/archiviocassano.lavocedelpaese.info\/index.php\/2010\/03\/10\/sinistra-ecologia-liberta-mobilitiamoci-contro-il-decreto-salva-liste\/#respond"]}]},{"@type":"WebPage","@id":"https:\/\/archiviocassano.lavocedelpaese.info\/index.php\/2010\/03\/10\/sinistra-ecologia-liberta-mobilitiamoci-contro-il-decreto-salva-liste\/","url":"https:\/\/archiviocassano.lavocedelpaese.info\/index.php\/2010\/03\/10\/sinistra-ecologia-liberta-mobilitiamoci-contro-il-decreto-salva-liste\/","name":"SINISTRA, ECOLOGIA, LIBERTA': MOBILITIAMOCI CONTRO IL DECRETO SALVA LISTE - Archivio CassanoWeb","isPartOf":{"@id":"https:\/\/archiviocassano.lavocedelpaese.info\/#website"},"primaryImageOfPage":{"@id":"https:\/\/archiviocassano.lavocedelpaese.info\/index.php\/2010\/03\/10\/sinistra-ecologia-liberta-mobilitiamoci-contro-il-decreto-salva-liste\/#primaryimage"},"image":{"@id":"https:\/\/archiviocassano.lavocedelpaese.info\/index.php\/2010\/03\/10\/sinistra-ecologia-liberta-mobilitiamoci-contro-il-decreto-salva-liste\/#primaryimage"},"thumbnailUrl":"https:\/\/archiviocassano.lavocedelpaese.info\/wp-content\/uploads\/2010\/03\/sel_in_piazza.jpg","datePublished":"2010-03-10T10:56:44+00:00","breadcrumb":{"@id":"https:\/\/archiviocassano.lavocedelpaese.info\/index.php\/2010\/03\/10\/sinistra-ecologia-liberta-mobilitiamoci-contro-il-decreto-salva-liste\/#breadcrumb"},"inLanguage":"it-IT","potentialAction":[{"@type":"ReadAction","target":["https:\/\/archiviocassano.lavocedelpaese.info\/index.php\/2010\/03\/10\/sinistra-ecologia-liberta-mobilitiamoci-contro-il-decreto-salva-liste\/"]}]},{"@type":"ImageObject","inLanguage":"it-IT","@id":"https:\/\/archiviocassano.lavocedelpaese.info\/index.php\/2010\/03\/10\/sinistra-ecologia-liberta-mobilitiamoci-contro-il-decreto-salva-liste\/#primaryimage","url":"https:\/\/archiviocassano.lavocedelpaese.info\/wp-content\/uploads\/2010\/03\/sel_in_piazza.jpg","contentUrl":"https:\/\/archiviocassano.lavocedelpaese.info\/wp-content\/uploads\/2010\/03\/sel_in_piazza.jpg","width":640,"height":300,"caption":"sel_in_piazza"},{"@type":"BreadcrumbList","@id":"https:\/\/archiviocassano.lavocedelpaese.info\/index.php\/2010\/03\/10\/sinistra-ecologia-liberta-mobilitiamoci-contro-il-decreto-salva-liste\/#breadcrumb","itemListElement":[{"@type":"ListItem","position":1,"name":"Home","item":"https:\/\/archiviocassano.lavocedelpaese.info\/"},{"@type":"ListItem","position":2,"name":"SINISTRA, ECOLOGIA, LIBERTA&#8217;: MOBILITIAMOCI CONTRO IL DECRETO SALVA LISTE"}]},{"@type":"WebSite","@id":"https:\/\/archiviocassano.lavocedelpaese.info\/#website","url":"https:\/\/archiviocassano.lavocedelpaese.info\/","name":"Archivio CassanoWeb","description":"La Voce del Paese - un network di idee","publisher":{"@id":"https:\/\/archiviocassano.lavocedelpaese.info\/#organization"},"potentialAction":[{"@type":"SearchAction","target":{"@type":"EntryPoint","urlTemplate":"https:\/\/archiviocassano.lavocedelpaese.info\/?s={search_term_string}"},"query-input":{"@type":"PropertyValueSpecification","valueRequired":true,"valueName":"search_term_string"}}],"inLanguage":"it-IT"},{"@type":"Organization","@id":"https:\/\/archiviocassano.lavocedelpaese.info\/#organization","name":"Archivio CassanoWeb","url":"https:\/\/archiviocassano.lavocedelpaese.info\/","logo":{"@type":"ImageObject","inLanguage":"it-IT","@id":"https:\/\/archiviocassano.lavocedelpaese.info\/#\/schema\/logo\/image\/","url":"https:\/\/archiviocassano.lavocedelpaese.info\/wp-content\/uploads\/2024\/08\/logo-rosso-2.png","contentUrl":"https:\/\/archiviocassano.lavocedelpaese.info\/wp-content\/uploads\/2024\/08\/logo-rosso-2.png","width":491,"height":432,"caption":"Archivio CassanoWeb"},"image":{"@id":"https:\/\/archiviocassano.lavocedelpaese.info\/#\/schema\/logo\/image\/"},"sameAs":["https:\/\/www.facebook.com\/redazione.cassanoweb"]},{"@type":"Person","@id":"https:\/\/archiviocassano.lavocedelpaese.info\/#\/schema\/person\/df195bc79a9b4c35127cf005f92e041b","name":"admin","image":{"@type":"ImageObject","inLanguage":"it-IT","@id":"https:\/\/secure.gravatar.com\/avatar\/eabba89a432e8eaa1b0207cc55f7e5340b22712b1ed80677efcf63e02ff5b235?s=96&d=mm&r=g","url":"https:\/\/secure.gravatar.com\/avatar\/eabba89a432e8eaa1b0207cc55f7e5340b22712b1ed80677efcf63e02ff5b235?s=96&d=mm&r=g","contentUrl":"https:\/\/secure.gravatar.com\/avatar\/eabba89a432e8eaa1b0207cc55f7e5340b22712b1ed80677efcf63e02ff5b235?s=96&d=mm&r=g","caption":"admin"},"sameAs":["https:\/\/archiviocassano.lavocedelpaese.info"],"url":"https:\/\/archiviocassano.lavocedelpaese.info\/index.php\/author\/admin_0qgz1xdp\/"}]}},"_links":{"self":[{"href":"https:\/\/archiviocassano.lavocedelpaese.info\/index.php\/wp-json\/wp\/v2\/posts\/1122","targetHints":{"allow":["GET"]}}],"collection":[{"href":"https:\/\/archiviocassano.lavocedelpaese.info\/index.php\/wp-json\/wp\/v2\/posts"}],"about":[{"href":"https:\/\/archiviocassano.lavocedelpaese.info\/index.php\/wp-json\/wp\/v2\/types\/post"}],"author":[{"embeddable":true,"href":"https:\/\/archiviocassano.lavocedelpaese.info\/index.php\/wp-json\/wp\/v2\/users\/1"}],"replies":[{"embeddable":true,"href":"https:\/\/archiviocassano.lavocedelpaese.info\/index.php\/wp-json\/wp\/v2\/comments?post=1122"}],"version-history":[{"count":0,"href":"https:\/\/archiviocassano.lavocedelpaese.info\/index.php\/wp-json\/wp\/v2\/posts\/1122\/revisions"}],"wp:featuredmedia":[{"embeddable":true,"href":"https:\/\/archiviocassano.lavocedelpaese.info\/index.php\/wp-json\/wp\/v2\/media\/1121"}],"wp:attachment":[{"href":"https:\/\/archiviocassano.lavocedelpaese.info\/index.php\/wp-json\/wp\/v2\/media?parent=1122"}],"wp:term":[{"taxonomy":"category","embeddable":true,"href":"https:\/\/archiviocassano.lavocedelpaese.info\/index.php\/wp-json\/wp\/v2\/categories?post=1122"},{"taxonomy":"post_tag","embeddable":true,"href":"https:\/\/archiviocassano.lavocedelpaese.info\/index.php\/wp-json\/wp\/v2\/tags?post=1122"}],"curies":[{"name":"wp","href":"https:\/\/api.w.org\/{rel}","templated":true}]}}