{"id":11251,"date":"2015-08-14T13:46:15","date_gmt":"2015-08-14T13:46:15","guid":{"rendered":"https:\/\/archiviocassano.lavocedelpaese.info\/index.php\/2015\/08\/14\/qoltreq-qfiniti-i-selfie-iniziano-i-proclamiq\/"},"modified":"2015-08-14T13:46:15","modified_gmt":"2015-08-14T13:46:15","slug":"qoltreq-qfiniti-i-selfie-iniziano-i-proclamiq","status":"publish","type":"post","link":"https:\/\/archiviocassano.lavocedelpaese.info\/index.php\/2015\/08\/14\/qoltreq-qfiniti-i-selfie-iniziano-i-proclamiq\/","title":{"rendered":"&#8220;Oltre&#8221;: &#8220;finiti i selfie, iniziano i proclami&#8221;"},"content":{"rendered":"<p><img loading=\"lazy\" decoding=\"async\" class=\" size-full wp-image-11237\" src=\"https:\/\/archiviocassano.lavocedelpaese.info\/wp-content\/uploads\/2015\/08\/oltre_con_fitto.jpg\" width=\"320\" height=\"150\" alt=\"oltre con fitto\" style=\"margin-right: 2px; margin-left: 2px;\" \/><\/p>\n<p><!--more--><\/p>\n<p><em>Dal Coordinamento Cittadino \u201cOltre con Fitto\u201d di Cassano delle Murge, riceviamo e pubblichiamo.<\/em><\/p>\n<p>&nbsp;<\/p>\n<p style=\"text-align: center;\"><strong>Finiti i selfie, iniziano i proclami.<\/strong><\/p>\n<p style=\"text-align: justify;\">Nemmeno la frescura degli ultimi giorni \u00e8 riuscita a placare il delirio, l\u2019arroganza e l\u2019onnipotenza di chi evidentemente era abituato a fare poco quando ne ha avuto la possibilit\u00e0: come non ricordare, infatti, che Lionetti \u00e8 stato Assessore alla Pubblica Istruzione in questo Comune per ben 10 anni?<\/p>\n<p style=\"text-align: justify;\">La restituzione di una parte del finanziamento per la protezione idraulica dell\u2019abitato di Cassano, diventa la vittoria di una buona battaglia, l\u2019aver destinato 10mila euro per le scuole a fronte della rinuncia di qualche festicciola diventa un\u2019impresa ciclopica.<\/p>\n<p style=\"text-align: justify;\">Non osiamo immaginare quale sarebbe stato il comunicato istituzionale se avessero adeguato tutte le centrali termiche delle scuole che versavano in uno stato pietoso, centrali che oggi producono risparmi energetici ed economici, se avessero messo a norma tutti gli impianti antincendio, se avessero ristrutturato e allestito due sale mense complete di nuovi arredi, se avessero adeguato gli impianti di comunicazione, se avessero cambiato tutti gli infissi dei laboratori delle scuole medie, se avessero eseguito le tinteggiature delle scuole, giusto per citare alcuni dei concreti risultati dell\u2019amministrazione DI Medio.<\/p>\n<p style=\"text-align: justify;\">Pensi Sig. Sindaco, solo perch\u00e9 erano \u201cpresi da altro\u201d, come Lei dice (o fa scrivere dal suo portavoce), per la manutenzione straordinaria nei quattro bilanci Di Medio sono stati stanziati circa 270.000 euro, oltre gli interventi ordinari. Se a questo aggiunge il finanziamento per l\u2019efficientamento energetico degli edifici pubblici di 1.700.000 euro circa, che ha consentito di rimettere a nuovo anche la scuola elementare di Via Gramsci,&nbsp; dal quale si otterranno notevoli risparmi per le casse comunali, non ci sembra si possa dire (se non in malafede e dicendo il falso) che erano \u201cpresi da altro\u201d.<\/p>\n<p style=\"text-align: justify;\">Non \u00e8 che, era Lei ad essere molto distratto?<\/p>\n<p style=\"text-align: justify;\">Non vogliamo mortificarLa, ma data la sua totale distrazione e poca memoria, ci permettiamo di farLa partecipe di alcune delle opere finanziate e realizzate in cinque anni di governo dai suoi predecessori: la ristrutturazione completa di Piazza Dante; la realizzazione di un canile comunale che permetter\u00e0 di realizzare altri risparmi per le casse comunali; sentieri di Giano e Ciclovie; oltre 7 km di rete idrica rurale; pubblica illuminazione di Fra Diavolo e Via Bitetto; la realizzazione della rotondo di Via Bitetto; ampliamento della rete idrica dei borghi; completamento di uno schema idrico e collettamento delle acque piovane; finanziamento per le strade rurali; finanziamento per l\u2019isola ecologica; nuovi loculi cimiteriali; finanziamento per il museo; apertura di tre nuove strade; finanziamento di altre rotonde; asfaltati diversi chilometri di strade urbane e tanto altro. Il tutto in tempi di riduzioni di trasferimenti di risorse e soprattutto \u201csenza selfie e post su fb\u201d.<\/p>\n<p style=\"text-align: justify;\">Vede caro Sindaco, se vuole far passere piccoli interventi come imprese titaniche, giusto per distrarre i cittadini dalle vostre incapacit\u00e0, evidentemente Vi accontentate di poco. Il paese non pu\u00f2 pi\u00f9 attendere i vostri comodi, n\u00e9 la vostra \u201crinascita\u201d: a questo punto solo presunta. Tocca a voi!<\/p>\n<p style=\"text-align: justify;\">Quasi dimenticavamo, il nuove servizio di raccolta dei rifiuti\u2026.<\/p>\n<p>&nbsp;<\/p>\n","protected":false},"excerpt":{"rendered":"","protected":false},"author":1,"featured_media":11237,"comment_status":"open","ping_status":"closed","sticky":false,"template":"","format":"standard","meta":{"colormag_page_container_layout":"default_layout","colormag_page_sidebar_layout":"default_layout","footnotes":""},"categories":[4],"tags":[],"class_list":["post-11251","post","type-post","status-publish","format-standard","has-post-thumbnail","hentry","category-politica"],"yoast_head":"<!-- This site is optimized with the Yoast SEO plugin v27.5 - https:\/\/yoast.com\/product\/yoast-seo-wordpress\/ -->\n<title>&quot;Oltre&quot;: &quot;finiti i selfie, iniziano i proclami&quot; - Archivio CassanoWeb<\/title>\n<meta name=\"robots\" content=\"index, follow, max-snippet:-1, max-image-preview:large, max-video-preview:-1\" \/>\n<link rel=\"canonical\" href=\"https:\/\/archiviocassano.lavocedelpaese.info\/index.php\/2015\/08\/14\/qoltreq-qfiniti-i-selfie-iniziano-i-proclamiq\/\" \/>\n<meta property=\"og:locale\" content=\"it_IT\" \/>\n<meta property=\"og:type\" content=\"article\" \/>\n<meta property=\"og:title\" content=\"&quot;Oltre&quot;: &quot;finiti i selfie, iniziano i proclami&quot; - Archivio CassanoWeb\" \/>\n<meta property=\"og:url\" content=\"https:\/\/archiviocassano.lavocedelpaese.info\/index.php\/2015\/08\/14\/qoltreq-qfiniti-i-selfie-iniziano-i-proclamiq\/\" \/>\n<meta property=\"og:site_name\" content=\"Archivio CassanoWeb\" \/>\n<meta property=\"article:publisher\" content=\"https:\/\/www.facebook.com\/redazione.cassanoweb\" \/>\n<meta property=\"article:published_time\" content=\"2015-08-14T13:46:15+00:00\" \/>\n<meta property=\"og:image\" content=\"https:\/\/archiviocassano.lavocedelpaese.info\/wp-content\/uploads\/2015\/08\/oltre_con_fitto.jpg\" \/>\n\t<meta property=\"og:image:width\" content=\"470\" \/>\n\t<meta property=\"og:image:height\" content=\"246\" \/>\n\t<meta property=\"og:image:type\" content=\"image\/jpeg\" \/>\n<meta name=\"author\" content=\"admin\" \/>\n<meta name=\"twitter:card\" content=\"summary_large_image\" \/>\n<meta name=\"twitter:label1\" content=\"Scritto da\" \/>\n\t<meta name=\"twitter:data1\" content=\"admin\" \/>\n\t<meta name=\"twitter:label2\" content=\"Tempo di lettura stimato\" \/>\n\t<meta name=\"twitter:data2\" content=\"3 minuti\" \/>\n<script type=\"application\/ld+json\" class=\"yoast-schema-graph\">{\"@context\":\"https:\\\/\\\/schema.org\",\"@graph\":[{\"@type\":\"Article\",\"@id\":\"https:\\\/\\\/archiviocassano.lavocedelpaese.info\\\/index.php\\\/2015\\\/08\\\/14\\\/qoltreq-qfiniti-i-selfie-iniziano-i-proclamiq\\\/#article\",\"isPartOf\":{\"@id\":\"https:\\\/\\\/archiviocassano.lavocedelpaese.info\\\/index.php\\\/2015\\\/08\\\/14\\\/qoltreq-qfiniti-i-selfie-iniziano-i-proclamiq\\\/\"},\"author\":{\"name\":\"admin\",\"@id\":\"https:\\\/\\\/archiviocassano.lavocedelpaese.info\\\/#\\\/schema\\\/person\\\/df195bc79a9b4c35127cf005f92e041b\"},\"headline\":\"&#8220;Oltre&#8221;: &#8220;finiti i selfie, iniziano i proclami&#8221;\",\"datePublished\":\"2015-08-14T13:46:15+00:00\",\"mainEntityOfPage\":{\"@id\":\"https:\\\/\\\/archiviocassano.lavocedelpaese.info\\\/index.php\\\/2015\\\/08\\\/14\\\/qoltreq-qfiniti-i-selfie-iniziano-i-proclamiq\\\/\"},\"wordCount\":513,\"commentCount\":0,\"publisher\":{\"@id\":\"https:\\\/\\\/archiviocassano.lavocedelpaese.info\\\/#organization\"},\"image\":{\"@id\":\"https:\\\/\\\/archiviocassano.lavocedelpaese.info\\\/index.php\\\/2015\\\/08\\\/14\\\/qoltreq-qfiniti-i-selfie-iniziano-i-proclamiq\\\/#primaryimage\"},\"thumbnailUrl\":\"https:\\\/\\\/archiviocassano.lavocedelpaese.info\\\/wp-content\\\/uploads\\\/2015\\\/08\\\/oltre_con_fitto.jpg\",\"articleSection\":[\"Politica\"],\"inLanguage\":\"it-IT\",\"potentialAction\":[{\"@type\":\"CommentAction\",\"name\":\"Comment\",\"target\":[\"https:\\\/\\\/archiviocassano.lavocedelpaese.info\\\/index.php\\\/2015\\\/08\\\/14\\\/qoltreq-qfiniti-i-selfie-iniziano-i-proclamiq\\\/#respond\"]}]},{\"@type\":\"WebPage\",\"@id\":\"https:\\\/\\\/archiviocassano.lavocedelpaese.info\\\/index.php\\\/2015\\\/08\\\/14\\\/qoltreq-qfiniti-i-selfie-iniziano-i-proclamiq\\\/\",\"url\":\"https:\\\/\\\/archiviocassano.lavocedelpaese.info\\\/index.php\\\/2015\\\/08\\\/14\\\/qoltreq-qfiniti-i-selfie-iniziano-i-proclamiq\\\/\",\"name\":\"\\\"Oltre\\\": \\\"finiti i selfie, iniziano i proclami\\\" - Archivio CassanoWeb\",\"isPartOf\":{\"@id\":\"https:\\\/\\\/archiviocassano.lavocedelpaese.info\\\/#website\"},\"primaryImageOfPage\":{\"@id\":\"https:\\\/\\\/archiviocassano.lavocedelpaese.info\\\/index.php\\\/2015\\\/08\\\/14\\\/qoltreq-qfiniti-i-selfie-iniziano-i-proclamiq\\\/#primaryimage\"},\"image\":{\"@id\":\"https:\\\/\\\/archiviocassano.lavocedelpaese.info\\\/index.php\\\/2015\\\/08\\\/14\\\/qoltreq-qfiniti-i-selfie-iniziano-i-proclamiq\\\/#primaryimage\"},\"thumbnailUrl\":\"https:\\\/\\\/archiviocassano.lavocedelpaese.info\\\/wp-content\\\/uploads\\\/2015\\\/08\\\/oltre_con_fitto.jpg\",\"datePublished\":\"2015-08-14T13:46:15+00:00\",\"breadcrumb\":{\"@id\":\"https:\\\/\\\/archiviocassano.lavocedelpaese.info\\\/index.php\\\/2015\\\/08\\\/14\\\/qoltreq-qfiniti-i-selfie-iniziano-i-proclamiq\\\/#breadcrumb\"},\"inLanguage\":\"it-IT\",\"potentialAction\":[{\"@type\":\"ReadAction\",\"target\":[\"https:\\\/\\\/archiviocassano.lavocedelpaese.info\\\/index.php\\\/2015\\\/08\\\/14\\\/qoltreq-qfiniti-i-selfie-iniziano-i-proclamiq\\\/\"]}]},{\"@type\":\"ImageObject\",\"inLanguage\":\"it-IT\",\"@id\":\"https:\\\/\\\/archiviocassano.lavocedelpaese.info\\\/index.php\\\/2015\\\/08\\\/14\\\/qoltreq-qfiniti-i-selfie-iniziano-i-proclamiq\\\/#primaryimage\",\"url\":\"https:\\\/\\\/archiviocassano.lavocedelpaese.info\\\/wp-content\\\/uploads\\\/2015\\\/08\\\/oltre_con_fitto.jpg\",\"contentUrl\":\"https:\\\/\\\/archiviocassano.lavocedelpaese.info\\\/wp-content\\\/uploads\\\/2015\\\/08\\\/oltre_con_fitto.jpg\",\"width\":470,\"height\":246,\"caption\":\"oltre con fitto\"},{\"@type\":\"BreadcrumbList\",\"@id\":\"https:\\\/\\\/archiviocassano.lavocedelpaese.info\\\/index.php\\\/2015\\\/08\\\/14\\\/qoltreq-qfiniti-i-selfie-iniziano-i-proclamiq\\\/#breadcrumb\",\"itemListElement\":[{\"@type\":\"ListItem\",\"position\":1,\"name\":\"Home\",\"item\":\"https:\\\/\\\/archiviocassano.lavocedelpaese.info\\\/\"},{\"@type\":\"ListItem\",\"position\":2,\"name\":\"&#8220;Oltre&#8221;: &#8220;finiti i selfie, iniziano i proclami&#8221;\"}]},{\"@type\":\"WebSite\",\"@id\":\"https:\\\/\\\/archiviocassano.lavocedelpaese.info\\\/#website\",\"url\":\"https:\\\/\\\/archiviocassano.lavocedelpaese.info\\\/\",\"name\":\"Archivio CassanoWeb\",\"description\":\"La Voce del Paese - un network di idee\",\"publisher\":{\"@id\":\"https:\\\/\\\/archiviocassano.lavocedelpaese.info\\\/#organization\"},\"potentialAction\":[{\"@type\":\"SearchAction\",\"target\":{\"@type\":\"EntryPoint\",\"urlTemplate\":\"https:\\\/\\\/archiviocassano.lavocedelpaese.info\\\/?s={search_term_string}\"},\"query-input\":{\"@type\":\"PropertyValueSpecification\",\"valueRequired\":true,\"valueName\":\"search_term_string\"}}],\"inLanguage\":\"it-IT\"},{\"@type\":\"Organization\",\"@id\":\"https:\\\/\\\/archiviocassano.lavocedelpaese.info\\\/#organization\",\"name\":\"Archivio CassanoWeb\",\"url\":\"https:\\\/\\\/archiviocassano.lavocedelpaese.info\\\/\",\"logo\":{\"@type\":\"ImageObject\",\"inLanguage\":\"it-IT\",\"@id\":\"https:\\\/\\\/archiviocassano.lavocedelpaese.info\\\/#\\\/schema\\\/logo\\\/image\\\/\",\"url\":\"https:\\\/\\\/archiviocassano.lavocedelpaese.info\\\/wp-content\\\/uploads\\\/2024\\\/08\\\/logo-rosso-2.png\",\"contentUrl\":\"https:\\\/\\\/archiviocassano.lavocedelpaese.info\\\/wp-content\\\/uploads\\\/2024\\\/08\\\/logo-rosso-2.png\",\"width\":491,\"height\":432,\"caption\":\"Archivio CassanoWeb\"},\"image\":{\"@id\":\"https:\\\/\\\/archiviocassano.lavocedelpaese.info\\\/#\\\/schema\\\/logo\\\/image\\\/\"},\"sameAs\":[\"https:\\\/\\\/www.facebook.com\\\/redazione.cassanoweb\"]},{\"@type\":\"Person\",\"@id\":\"https:\\\/\\\/archiviocassano.lavocedelpaese.info\\\/#\\\/schema\\\/person\\\/df195bc79a9b4c35127cf005f92e041b\",\"name\":\"admin\",\"image\":{\"@type\":\"ImageObject\",\"inLanguage\":\"it-IT\",\"@id\":\"https:\\\/\\\/secure.gravatar.com\\\/avatar\\\/eabba89a432e8eaa1b0207cc55f7e5340b22712b1ed80677efcf63e02ff5b235?s=96&d=mm&r=g\",\"url\":\"https:\\\/\\\/secure.gravatar.com\\\/avatar\\\/eabba89a432e8eaa1b0207cc55f7e5340b22712b1ed80677efcf63e02ff5b235?s=96&d=mm&r=g\",\"contentUrl\":\"https:\\\/\\\/secure.gravatar.com\\\/avatar\\\/eabba89a432e8eaa1b0207cc55f7e5340b22712b1ed80677efcf63e02ff5b235?s=96&d=mm&r=g\",\"caption\":\"admin\"},\"sameAs\":[\"https:\\\/\\\/archiviocassano.lavocedelpaese.info\"],\"url\":\"https:\\\/\\\/archiviocassano.lavocedelpaese.info\\\/index.php\\\/author\\\/admin_0qgz1xdp\\\/\"}]}<\/script>\n<!-- \/ Yoast SEO plugin. -->","yoast_head_json":{"title":"\"Oltre\": \"finiti i selfie, iniziano i proclami\" - Archivio CassanoWeb","robots":{"index":"index","follow":"follow","max-snippet":"max-snippet:-1","max-image-preview":"max-image-preview:large","max-video-preview":"max-video-preview:-1"},"canonical":"https:\/\/archiviocassano.lavocedelpaese.info\/index.php\/2015\/08\/14\/qoltreq-qfiniti-i-selfie-iniziano-i-proclamiq\/","og_locale":"it_IT","og_type":"article","og_title":"\"Oltre\": \"finiti i selfie, iniziano i proclami\" - Archivio CassanoWeb","og_url":"https:\/\/archiviocassano.lavocedelpaese.info\/index.php\/2015\/08\/14\/qoltreq-qfiniti-i-selfie-iniziano-i-proclamiq\/","og_site_name":"Archivio CassanoWeb","article_publisher":"https:\/\/www.facebook.com\/redazione.cassanoweb","article_published_time":"2015-08-14T13:46:15+00:00","og_image":[{"width":470,"height":246,"url":"https:\/\/archiviocassano.lavocedelpaese.info\/wp-content\/uploads\/2015\/08\/oltre_con_fitto.jpg","type":"image\/jpeg"}],"author":"admin","twitter_card":"summary_large_image","twitter_misc":{"Scritto da":"admin","Tempo di lettura stimato":"3 minuti"},"schema":{"@context":"https:\/\/schema.org","@graph":[{"@type":"Article","@id":"https:\/\/archiviocassano.lavocedelpaese.info\/index.php\/2015\/08\/14\/qoltreq-qfiniti-i-selfie-iniziano-i-proclamiq\/#article","isPartOf":{"@id":"https:\/\/archiviocassano.lavocedelpaese.info\/index.php\/2015\/08\/14\/qoltreq-qfiniti-i-selfie-iniziano-i-proclamiq\/"},"author":{"name":"admin","@id":"https:\/\/archiviocassano.lavocedelpaese.info\/#\/schema\/person\/df195bc79a9b4c35127cf005f92e041b"},"headline":"&#8220;Oltre&#8221;: &#8220;finiti i selfie, iniziano i proclami&#8221;","datePublished":"2015-08-14T13:46:15+00:00","mainEntityOfPage":{"@id":"https:\/\/archiviocassano.lavocedelpaese.info\/index.php\/2015\/08\/14\/qoltreq-qfiniti-i-selfie-iniziano-i-proclamiq\/"},"wordCount":513,"commentCount":0,"publisher":{"@id":"https:\/\/archiviocassano.lavocedelpaese.info\/#organization"},"image":{"@id":"https:\/\/archiviocassano.lavocedelpaese.info\/index.php\/2015\/08\/14\/qoltreq-qfiniti-i-selfie-iniziano-i-proclamiq\/#primaryimage"},"thumbnailUrl":"https:\/\/archiviocassano.lavocedelpaese.info\/wp-content\/uploads\/2015\/08\/oltre_con_fitto.jpg","articleSection":["Politica"],"inLanguage":"it-IT","potentialAction":[{"@type":"CommentAction","name":"Comment","target":["https:\/\/archiviocassano.lavocedelpaese.info\/index.php\/2015\/08\/14\/qoltreq-qfiniti-i-selfie-iniziano-i-proclamiq\/#respond"]}]},{"@type":"WebPage","@id":"https:\/\/archiviocassano.lavocedelpaese.info\/index.php\/2015\/08\/14\/qoltreq-qfiniti-i-selfie-iniziano-i-proclamiq\/","url":"https:\/\/archiviocassano.lavocedelpaese.info\/index.php\/2015\/08\/14\/qoltreq-qfiniti-i-selfie-iniziano-i-proclamiq\/","name":"\"Oltre\": \"finiti i selfie, iniziano i proclami\" - Archivio CassanoWeb","isPartOf":{"@id":"https:\/\/archiviocassano.lavocedelpaese.info\/#website"},"primaryImageOfPage":{"@id":"https:\/\/archiviocassano.lavocedelpaese.info\/index.php\/2015\/08\/14\/qoltreq-qfiniti-i-selfie-iniziano-i-proclamiq\/#primaryimage"},"image":{"@id":"https:\/\/archiviocassano.lavocedelpaese.info\/index.php\/2015\/08\/14\/qoltreq-qfiniti-i-selfie-iniziano-i-proclamiq\/#primaryimage"},"thumbnailUrl":"https:\/\/archiviocassano.lavocedelpaese.info\/wp-content\/uploads\/2015\/08\/oltre_con_fitto.jpg","datePublished":"2015-08-14T13:46:15+00:00","breadcrumb":{"@id":"https:\/\/archiviocassano.lavocedelpaese.info\/index.php\/2015\/08\/14\/qoltreq-qfiniti-i-selfie-iniziano-i-proclamiq\/#breadcrumb"},"inLanguage":"it-IT","potentialAction":[{"@type":"ReadAction","target":["https:\/\/archiviocassano.lavocedelpaese.info\/index.php\/2015\/08\/14\/qoltreq-qfiniti-i-selfie-iniziano-i-proclamiq\/"]}]},{"@type":"ImageObject","inLanguage":"it-IT","@id":"https:\/\/archiviocassano.lavocedelpaese.info\/index.php\/2015\/08\/14\/qoltreq-qfiniti-i-selfie-iniziano-i-proclamiq\/#primaryimage","url":"https:\/\/archiviocassano.lavocedelpaese.info\/wp-content\/uploads\/2015\/08\/oltre_con_fitto.jpg","contentUrl":"https:\/\/archiviocassano.lavocedelpaese.info\/wp-content\/uploads\/2015\/08\/oltre_con_fitto.jpg","width":470,"height":246,"caption":"oltre con fitto"},{"@type":"BreadcrumbList","@id":"https:\/\/archiviocassano.lavocedelpaese.info\/index.php\/2015\/08\/14\/qoltreq-qfiniti-i-selfie-iniziano-i-proclamiq\/#breadcrumb","itemListElement":[{"@type":"ListItem","position":1,"name":"Home","item":"https:\/\/archiviocassano.lavocedelpaese.info\/"},{"@type":"ListItem","position":2,"name":"&#8220;Oltre&#8221;: &#8220;finiti i selfie, iniziano i proclami&#8221;"}]},{"@type":"WebSite","@id":"https:\/\/archiviocassano.lavocedelpaese.info\/#website","url":"https:\/\/archiviocassano.lavocedelpaese.info\/","name":"Archivio CassanoWeb","description":"La Voce del Paese - un network di idee","publisher":{"@id":"https:\/\/archiviocassano.lavocedelpaese.info\/#organization"},"potentialAction":[{"@type":"SearchAction","target":{"@type":"EntryPoint","urlTemplate":"https:\/\/archiviocassano.lavocedelpaese.info\/?s={search_term_string}"},"query-input":{"@type":"PropertyValueSpecification","valueRequired":true,"valueName":"search_term_string"}}],"inLanguage":"it-IT"},{"@type":"Organization","@id":"https:\/\/archiviocassano.lavocedelpaese.info\/#organization","name":"Archivio CassanoWeb","url":"https:\/\/archiviocassano.lavocedelpaese.info\/","logo":{"@type":"ImageObject","inLanguage":"it-IT","@id":"https:\/\/archiviocassano.lavocedelpaese.info\/#\/schema\/logo\/image\/","url":"https:\/\/archiviocassano.lavocedelpaese.info\/wp-content\/uploads\/2024\/08\/logo-rosso-2.png","contentUrl":"https:\/\/archiviocassano.lavocedelpaese.info\/wp-content\/uploads\/2024\/08\/logo-rosso-2.png","width":491,"height":432,"caption":"Archivio CassanoWeb"},"image":{"@id":"https:\/\/archiviocassano.lavocedelpaese.info\/#\/schema\/logo\/image\/"},"sameAs":["https:\/\/www.facebook.com\/redazione.cassanoweb"]},{"@type":"Person","@id":"https:\/\/archiviocassano.lavocedelpaese.info\/#\/schema\/person\/df195bc79a9b4c35127cf005f92e041b","name":"admin","image":{"@type":"ImageObject","inLanguage":"it-IT","@id":"https:\/\/secure.gravatar.com\/avatar\/eabba89a432e8eaa1b0207cc55f7e5340b22712b1ed80677efcf63e02ff5b235?s=96&d=mm&r=g","url":"https:\/\/secure.gravatar.com\/avatar\/eabba89a432e8eaa1b0207cc55f7e5340b22712b1ed80677efcf63e02ff5b235?s=96&d=mm&r=g","contentUrl":"https:\/\/secure.gravatar.com\/avatar\/eabba89a432e8eaa1b0207cc55f7e5340b22712b1ed80677efcf63e02ff5b235?s=96&d=mm&r=g","caption":"admin"},"sameAs":["https:\/\/archiviocassano.lavocedelpaese.info"],"url":"https:\/\/archiviocassano.lavocedelpaese.info\/index.php\/author\/admin_0qgz1xdp\/"}]}},"_links":{"self":[{"href":"https:\/\/archiviocassano.lavocedelpaese.info\/index.php\/wp-json\/wp\/v2\/posts\/11251","targetHints":{"allow":["GET"]}}],"collection":[{"href":"https:\/\/archiviocassano.lavocedelpaese.info\/index.php\/wp-json\/wp\/v2\/posts"}],"about":[{"href":"https:\/\/archiviocassano.lavocedelpaese.info\/index.php\/wp-json\/wp\/v2\/types\/post"}],"author":[{"embeddable":true,"href":"https:\/\/archiviocassano.lavocedelpaese.info\/index.php\/wp-json\/wp\/v2\/users\/1"}],"replies":[{"embeddable":true,"href":"https:\/\/archiviocassano.lavocedelpaese.info\/index.php\/wp-json\/wp\/v2\/comments?post=11251"}],"version-history":[{"count":0,"href":"https:\/\/archiviocassano.lavocedelpaese.info\/index.php\/wp-json\/wp\/v2\/posts\/11251\/revisions"}],"wp:featuredmedia":[{"embeddable":true,"href":"https:\/\/archiviocassano.lavocedelpaese.info\/index.php\/wp-json\/wp\/v2\/media\/11237"}],"wp:attachment":[{"href":"https:\/\/archiviocassano.lavocedelpaese.info\/index.php\/wp-json\/wp\/v2\/media?parent=11251"}],"wp:term":[{"taxonomy":"category","embeddable":true,"href":"https:\/\/archiviocassano.lavocedelpaese.info\/index.php\/wp-json\/wp\/v2\/categories?post=11251"},{"taxonomy":"post_tag","embeddable":true,"href":"https:\/\/archiviocassano.lavocedelpaese.info\/index.php\/wp-json\/wp\/v2\/tags?post=11251"}],"curies":[{"name":"wp","href":"https:\/\/api.w.org\/{rel}","templated":true}]}}