{"id":11258,"date":"2015-08-18T06:25:18","date_gmt":"2015-08-18T06:25:18","guid":{"rendered":"https:\/\/archiviocassano.lavocedelpaese.info\/index.php\/2015\/08\/18\/legambiente-il-depuratore-di-cassano-continua-a-caricare-in-falda\/"},"modified":"2015-08-18T06:25:18","modified_gmt":"2015-08-18T06:25:18","slug":"legambiente-il-depuratore-di-cassano-continua-a-caricare-in-falda","status":"publish","type":"post","link":"https:\/\/archiviocassano.lavocedelpaese.info\/index.php\/2015\/08\/18\/legambiente-il-depuratore-di-cassano-continua-a-caricare-in-falda\/","title":{"rendered":"Legambiente: il depuratore continua a scaricare in falda"},"content":{"rendered":"<p><img loading=\"lazy\" decoding=\"async\" class=\" size-full wp-image-8833\" src=\"https:\/\/archiviocassano.lavocedelpaese.info\/wp-content\/uploads\/2014\/03\/depuratore_di_Cassano_piccola.jpg\" alt=\"depuratore di Cassano piccola\" style=\"margin-right: 2px; margin-left: 2px;\" width=\"320\" height=\"150\" srcset=\"https:\/\/archiviocassano.lavocedelpaese.info\/wp-content\/uploads\/2014\/03\/depuratore_di_Cassano_piccola.jpg 320w, https:\/\/archiviocassano.lavocedelpaese.info\/wp-content\/uploads\/2014\/03\/depuratore_di_Cassano_piccola-300x141.jpg 300w\" sizes=\"auto, (max-width: 320px) 100vw, 320px\" \/><\/p>\n<p><!--more--><\/p>\n<p style=\"text-align: justify;\">Nuovo allarme di Legambiente Puglia per il <strong>depuratore di Cassano che continua a scaricare nella falda<\/strong>. Nel corso del monitoraggio effettuato in Puglia da&nbsp;Goletta Verde, la storica campagna di Legambiente dedicata al monitoraggio ed all\u2019informazione sullo stato di salute delle coste e delle acque italiane, infatti, gli esperti dell\u2019associazione ambientalista hanno realizzato un \u201cfocus\u201d sulla depurazione dei comuni pugliesi dal quale sono emerse non poche criticit\u00e0.<\/p>\n<p style=\"text-align: justify;\">Sono&nbsp;187 i depuratori&nbsp;a servizio degli agglomerati pugliesi \u2013 scrive Legambiente in una nota &#8211; su questi continuano ad insistere&nbsp;problemi di funzionamento&nbsp;e&nbsp;criticit\u00e0&nbsp;che, in alcuni casi, rendono inefficace la depurazione dei reflui. La scarsa disponibilit\u00e0 idrica superficiale naturale condiziona fortemente la&nbsp;tipologia dei recapiti finali&nbsp;nella nostra regione. Questo comporta che solo il&nbsp;4%&nbsp;dei recapiti finali dei depuratori \u00e8 costituito da&nbsp;corpi idrici superficiali significativi, il&nbsp;76%&nbsp;\u00e8 costituito da lame e corsi d\u2019acqua minori o&nbsp;dal&nbsp;suolo&nbsp;(attraverso trincee drenanti), il&nbsp;16%&nbsp;recapita a&nbsp;mare. Gli&nbsp;scarichi nel sottosuolo,&nbsp;vietati dalla norma nazionale, costituiscono il&nbsp;4%&nbsp;del totale. Attualmente sono scesi a&nbsp;8 gli impianti&nbsp;che continuano a scaricare nel sottosuolo, con grave rischio di inquinamento delle falde acquifere (Casamassima Vecchio, <strong>Cassano delle Murge Vecchio<\/strong>, Carovigno Vecchio, Lesina Marina, Uggiano la Chiesa, Manduria Vecchio, San Giorgio Jonico e Martina Franca)\u201d.<\/p>\n<p>La vicenda nasce nel \u201894 a seguito della dichiarata emergenza socio-sanitaria-ambientale in Puglia. La costruzione del nuovo depuratore si protrae fino agli anni 2003\/2004 con una spesa complessiva di circa&nbsp;<strong>12 miliardi di vecchie lire<\/strong>.<\/p>\n<p style=\"text-align: justify;\">Successivamente, il Commissario Delegato Prefetto di Bari affidava all\u2019Acquedotto Pugliese S.p.A. la gestione dell\u2019impianto con decorrenza 01\/08\/2004 ma l\u2019impianto non \u00e8 mai entrato in funzione, poich\u00e9 non si era mai giunti alla definizione di quale dovesse essere il recapito finale delle acque depurate, bench\u00e8 il progetto iniziale prevedeva&nbsp;<strong>l\u2019immissione delle stesse nella Lama Badessa<\/strong>, attivit\u00e0 divenuta impossibile per il sopraggiungere, nel 2002, di nuove norme per la tutela ambientale.<\/p>\n<p style=\"text-align: justify;\">Nel 2007 fu presentato un nuovo progetto per l\u2019adeguamento dell\u2019impianto di depurazione. Ma la normativa e il coinvolgimento&nbsp; di numerosi enti quali: il Commissario Delegato Regionale per l\u2019Emergenza Ambientale, il Servizio Regionale per la Tutela delle acque, Settore Regionale Lavori Pubblici., Servizio Ambiente Provincia di Bari, Consorzio di Bonifica, AQP, AATO e Autorit\u00e0 di Bacino, non ha permesso di dirimere la questione del recapito finale provocando difetti di competenze e conflitti fra Enti.<\/p>\n<p style=\"text-align: justify;\">Dopo numerosi tavoli tecnici, diverse proposte sulle soluzioni di recapito finale delle acque ai quali tutti gli Enti si sono mostrati interessati (ma non operativi), dopo l\u2019ennesima proroga a scaricare in falda, nelle more di reato ambientale e gi\u00e0 in regime sanzionatorio, non avendo ottenuto risultati rilevanti e quindi per evitare ulteriori situazioni di stallo,&nbsp;nel mese di aprile 2011 l&#8217;ex Sindaco Di Medio procede alla denuncia&nbsp; dello stato dei fatti alla Procura della Repubblica e al Ministero dell\u2019Ambiente, evidenziando i danni ambientali che venivano causati dal conferimento in falda e il totale abbandono del depuratore, che nel frattempo era stato totalmente depredato e devastato, trasformato in una cattedrale nel deserto, monumento allo spreco dei soldi dei contribuenti.<\/p>\n<p style=\"text-align: justify;\">Sollecitati dalle indagini della Procura, i diversi Enti si attivano.<\/p>\n<p style=\"text-align: justify;\">Nel luglio 2011 l\u2019AQP presenta un progetto esecutivo per un valore di&nbsp;<strong>4 milioni di euro <\/strong>per il completamento dell\u2019opera comprensivo dello studio di fattibilit\u00e0&nbsp; della Lama Badessa redatto&nbsp;dall\u2019 Ing.&nbsp;Piccinni del Politecnico di Bari.<\/p>\n<p style=\"text-align: justify;\">I lavori sono stati ultimati ma al momento mancano collaudi e ultimi particolari. A oltre venti anni da quella emergenza.<\/p>\n","protected":false},"excerpt":{"rendered":"","protected":false},"author":1,"featured_media":8833,"comment_status":"open","ping_status":"closed","sticky":false,"template":"","format":"standard","meta":{"colormag_page_container_layout":"default_layout","colormag_page_sidebar_layout":"default_layout","footnotes":""},"categories":[7],"tags":[],"class_list":["post-11258","post","type-post","status-publish","format-standard","has-post-thumbnail","hentry","category-attualita"],"yoast_head":"<!-- This site is optimized with the Yoast SEO plugin v27.5 - https:\/\/yoast.com\/product\/yoast-seo-wordpress\/ -->\n<title>Legambiente: il depuratore continua a scaricare in falda - Archivio CassanoWeb<\/title>\n<meta name=\"robots\" content=\"index, follow, max-snippet:-1, max-image-preview:large, max-video-preview:-1\" \/>\n<link rel=\"canonical\" href=\"https:\/\/archiviocassano.lavocedelpaese.info\/index.php\/2015\/08\/18\/legambiente-il-depuratore-di-cassano-continua-a-caricare-in-falda\/\" \/>\n<meta property=\"og:locale\" content=\"it_IT\" \/>\n<meta property=\"og:type\" content=\"article\" \/>\n<meta property=\"og:title\" content=\"Legambiente: il depuratore continua a scaricare in falda - Archivio CassanoWeb\" \/>\n<meta property=\"og:url\" content=\"https:\/\/archiviocassano.lavocedelpaese.info\/index.php\/2015\/08\/18\/legambiente-il-depuratore-di-cassano-continua-a-caricare-in-falda\/\" \/>\n<meta property=\"og:site_name\" content=\"Archivio CassanoWeb\" \/>\n<meta property=\"article:publisher\" content=\"https:\/\/www.facebook.com\/redazione.cassanoweb\" \/>\n<meta property=\"article:published_time\" content=\"2015-08-18T06:25:18+00:00\" \/>\n<meta property=\"og:image\" content=\"https:\/\/archiviocassano.lavocedelpaese.info\/wp-content\/uploads\/2014\/03\/depuratore_di_Cassano_piccola.jpg\" \/>\n\t<meta property=\"og:image:width\" content=\"320\" \/>\n\t<meta property=\"og:image:height\" content=\"150\" \/>\n\t<meta property=\"og:image:type\" content=\"image\/jpeg\" \/>\n<meta name=\"author\" content=\"admin\" \/>\n<meta name=\"twitter:card\" content=\"summary_large_image\" \/>\n<meta name=\"twitter:label1\" content=\"Scritto da\" \/>\n\t<meta name=\"twitter:data1\" content=\"admin\" \/>\n\t<meta name=\"twitter:label2\" content=\"Tempo di lettura stimato\" \/>\n\t<meta name=\"twitter:data2\" content=\"3 minuti\" \/>\n<script type=\"application\/ld+json\" class=\"yoast-schema-graph\">{\"@context\":\"https:\\\/\\\/schema.org\",\"@graph\":[{\"@type\":\"Article\",\"@id\":\"https:\\\/\\\/archiviocassano.lavocedelpaese.info\\\/index.php\\\/2015\\\/08\\\/18\\\/legambiente-il-depuratore-di-cassano-continua-a-caricare-in-falda\\\/#article\",\"isPartOf\":{\"@id\":\"https:\\\/\\\/archiviocassano.lavocedelpaese.info\\\/index.php\\\/2015\\\/08\\\/18\\\/legambiente-il-depuratore-di-cassano-continua-a-caricare-in-falda\\\/\"},\"author\":{\"name\":\"admin\",\"@id\":\"https:\\\/\\\/archiviocassano.lavocedelpaese.info\\\/#\\\/schema\\\/person\\\/df195bc79a9b4c35127cf005f92e041b\"},\"headline\":\"Legambiente: il depuratore continua a scaricare in falda\",\"datePublished\":\"2015-08-18T06:25:18+00:00\",\"mainEntityOfPage\":{\"@id\":\"https:\\\/\\\/archiviocassano.lavocedelpaese.info\\\/index.php\\\/2015\\\/08\\\/18\\\/legambiente-il-depuratore-di-cassano-continua-a-caricare-in-falda\\\/\"},\"wordCount\":615,\"commentCount\":0,\"publisher\":{\"@id\":\"https:\\\/\\\/archiviocassano.lavocedelpaese.info\\\/#organization\"},\"image\":{\"@id\":\"https:\\\/\\\/archiviocassano.lavocedelpaese.info\\\/index.php\\\/2015\\\/08\\\/18\\\/legambiente-il-depuratore-di-cassano-continua-a-caricare-in-falda\\\/#primaryimage\"},\"thumbnailUrl\":\"https:\\\/\\\/archiviocassano.lavocedelpaese.info\\\/wp-content\\\/uploads\\\/2014\\\/03\\\/depuratore_di_Cassano_piccola.jpg\",\"articleSection\":[\"Attualit\u00e0\"],\"inLanguage\":\"it-IT\",\"potentialAction\":[{\"@type\":\"CommentAction\",\"name\":\"Comment\",\"target\":[\"https:\\\/\\\/archiviocassano.lavocedelpaese.info\\\/index.php\\\/2015\\\/08\\\/18\\\/legambiente-il-depuratore-di-cassano-continua-a-caricare-in-falda\\\/#respond\"]}]},{\"@type\":\"WebPage\",\"@id\":\"https:\\\/\\\/archiviocassano.lavocedelpaese.info\\\/index.php\\\/2015\\\/08\\\/18\\\/legambiente-il-depuratore-di-cassano-continua-a-caricare-in-falda\\\/\",\"url\":\"https:\\\/\\\/archiviocassano.lavocedelpaese.info\\\/index.php\\\/2015\\\/08\\\/18\\\/legambiente-il-depuratore-di-cassano-continua-a-caricare-in-falda\\\/\",\"name\":\"Legambiente: il depuratore continua a scaricare in falda - Archivio CassanoWeb\",\"isPartOf\":{\"@id\":\"https:\\\/\\\/archiviocassano.lavocedelpaese.info\\\/#website\"},\"primaryImageOfPage\":{\"@id\":\"https:\\\/\\\/archiviocassano.lavocedelpaese.info\\\/index.php\\\/2015\\\/08\\\/18\\\/legambiente-il-depuratore-di-cassano-continua-a-caricare-in-falda\\\/#primaryimage\"},\"image\":{\"@id\":\"https:\\\/\\\/archiviocassano.lavocedelpaese.info\\\/index.php\\\/2015\\\/08\\\/18\\\/legambiente-il-depuratore-di-cassano-continua-a-caricare-in-falda\\\/#primaryimage\"},\"thumbnailUrl\":\"https:\\\/\\\/archiviocassano.lavocedelpaese.info\\\/wp-content\\\/uploads\\\/2014\\\/03\\\/depuratore_di_Cassano_piccola.jpg\",\"datePublished\":\"2015-08-18T06:25:18+00:00\",\"breadcrumb\":{\"@id\":\"https:\\\/\\\/archiviocassano.lavocedelpaese.info\\\/index.php\\\/2015\\\/08\\\/18\\\/legambiente-il-depuratore-di-cassano-continua-a-caricare-in-falda\\\/#breadcrumb\"},\"inLanguage\":\"it-IT\",\"potentialAction\":[{\"@type\":\"ReadAction\",\"target\":[\"https:\\\/\\\/archiviocassano.lavocedelpaese.info\\\/index.php\\\/2015\\\/08\\\/18\\\/legambiente-il-depuratore-di-cassano-continua-a-caricare-in-falda\\\/\"]}]},{\"@type\":\"ImageObject\",\"inLanguage\":\"it-IT\",\"@id\":\"https:\\\/\\\/archiviocassano.lavocedelpaese.info\\\/index.php\\\/2015\\\/08\\\/18\\\/legambiente-il-depuratore-di-cassano-continua-a-caricare-in-falda\\\/#primaryimage\",\"url\":\"https:\\\/\\\/archiviocassano.lavocedelpaese.info\\\/wp-content\\\/uploads\\\/2014\\\/03\\\/depuratore_di_Cassano_piccola.jpg\",\"contentUrl\":\"https:\\\/\\\/archiviocassano.lavocedelpaese.info\\\/wp-content\\\/uploads\\\/2014\\\/03\\\/depuratore_di_Cassano_piccola.jpg\",\"width\":320,\"height\":150,\"caption\":\"depuratore di Cassano piccola\"},{\"@type\":\"BreadcrumbList\",\"@id\":\"https:\\\/\\\/archiviocassano.lavocedelpaese.info\\\/index.php\\\/2015\\\/08\\\/18\\\/legambiente-il-depuratore-di-cassano-continua-a-caricare-in-falda\\\/#breadcrumb\",\"itemListElement\":[{\"@type\":\"ListItem\",\"position\":1,\"name\":\"Home\",\"item\":\"https:\\\/\\\/archiviocassano.lavocedelpaese.info\\\/\"},{\"@type\":\"ListItem\",\"position\":2,\"name\":\"Legambiente: il depuratore continua a scaricare in falda\"}]},{\"@type\":\"WebSite\",\"@id\":\"https:\\\/\\\/archiviocassano.lavocedelpaese.info\\\/#website\",\"url\":\"https:\\\/\\\/archiviocassano.lavocedelpaese.info\\\/\",\"name\":\"Archivio CassanoWeb\",\"description\":\"La Voce del Paese - un network di idee\",\"publisher\":{\"@id\":\"https:\\\/\\\/archiviocassano.lavocedelpaese.info\\\/#organization\"},\"potentialAction\":[{\"@type\":\"SearchAction\",\"target\":{\"@type\":\"EntryPoint\",\"urlTemplate\":\"https:\\\/\\\/archiviocassano.lavocedelpaese.info\\\/?s={search_term_string}\"},\"query-input\":{\"@type\":\"PropertyValueSpecification\",\"valueRequired\":true,\"valueName\":\"search_term_string\"}}],\"inLanguage\":\"it-IT\"},{\"@type\":\"Organization\",\"@id\":\"https:\\\/\\\/archiviocassano.lavocedelpaese.info\\\/#organization\",\"name\":\"Archivio CassanoWeb\",\"url\":\"https:\\\/\\\/archiviocassano.lavocedelpaese.info\\\/\",\"logo\":{\"@type\":\"ImageObject\",\"inLanguage\":\"it-IT\",\"@id\":\"https:\\\/\\\/archiviocassano.lavocedelpaese.info\\\/#\\\/schema\\\/logo\\\/image\\\/\",\"url\":\"https:\\\/\\\/archiviocassano.lavocedelpaese.info\\\/wp-content\\\/uploads\\\/2024\\\/08\\\/logo-rosso-2.png\",\"contentUrl\":\"https:\\\/\\\/archiviocassano.lavocedelpaese.info\\\/wp-content\\\/uploads\\\/2024\\\/08\\\/logo-rosso-2.png\",\"width\":491,\"height\":432,\"caption\":\"Archivio CassanoWeb\"},\"image\":{\"@id\":\"https:\\\/\\\/archiviocassano.lavocedelpaese.info\\\/#\\\/schema\\\/logo\\\/image\\\/\"},\"sameAs\":[\"https:\\\/\\\/www.facebook.com\\\/redazione.cassanoweb\"]},{\"@type\":\"Person\",\"@id\":\"https:\\\/\\\/archiviocassano.lavocedelpaese.info\\\/#\\\/schema\\\/person\\\/df195bc79a9b4c35127cf005f92e041b\",\"name\":\"admin\",\"image\":{\"@type\":\"ImageObject\",\"inLanguage\":\"it-IT\",\"@id\":\"https:\\\/\\\/secure.gravatar.com\\\/avatar\\\/eabba89a432e8eaa1b0207cc55f7e5340b22712b1ed80677efcf63e02ff5b235?s=96&d=mm&r=g\",\"url\":\"https:\\\/\\\/secure.gravatar.com\\\/avatar\\\/eabba89a432e8eaa1b0207cc55f7e5340b22712b1ed80677efcf63e02ff5b235?s=96&d=mm&r=g\",\"contentUrl\":\"https:\\\/\\\/secure.gravatar.com\\\/avatar\\\/eabba89a432e8eaa1b0207cc55f7e5340b22712b1ed80677efcf63e02ff5b235?s=96&d=mm&r=g\",\"caption\":\"admin\"},\"sameAs\":[\"https:\\\/\\\/archiviocassano.lavocedelpaese.info\"],\"url\":\"https:\\\/\\\/archiviocassano.lavocedelpaese.info\\\/index.php\\\/author\\\/admin_0qgz1xdp\\\/\"}]}<\/script>\n<!-- \/ Yoast SEO plugin. -->","yoast_head_json":{"title":"Legambiente: il depuratore continua a scaricare in falda - Archivio CassanoWeb","robots":{"index":"index","follow":"follow","max-snippet":"max-snippet:-1","max-image-preview":"max-image-preview:large","max-video-preview":"max-video-preview:-1"},"canonical":"https:\/\/archiviocassano.lavocedelpaese.info\/index.php\/2015\/08\/18\/legambiente-il-depuratore-di-cassano-continua-a-caricare-in-falda\/","og_locale":"it_IT","og_type":"article","og_title":"Legambiente: il depuratore continua a scaricare in falda - Archivio CassanoWeb","og_url":"https:\/\/archiviocassano.lavocedelpaese.info\/index.php\/2015\/08\/18\/legambiente-il-depuratore-di-cassano-continua-a-caricare-in-falda\/","og_site_name":"Archivio CassanoWeb","article_publisher":"https:\/\/www.facebook.com\/redazione.cassanoweb","article_published_time":"2015-08-18T06:25:18+00:00","og_image":[{"width":320,"height":150,"url":"https:\/\/archiviocassano.lavocedelpaese.info\/wp-content\/uploads\/2014\/03\/depuratore_di_Cassano_piccola.jpg","type":"image\/jpeg"}],"author":"admin","twitter_card":"summary_large_image","twitter_misc":{"Scritto da":"admin","Tempo di lettura stimato":"3 minuti"},"schema":{"@context":"https:\/\/schema.org","@graph":[{"@type":"Article","@id":"https:\/\/archiviocassano.lavocedelpaese.info\/index.php\/2015\/08\/18\/legambiente-il-depuratore-di-cassano-continua-a-caricare-in-falda\/#article","isPartOf":{"@id":"https:\/\/archiviocassano.lavocedelpaese.info\/index.php\/2015\/08\/18\/legambiente-il-depuratore-di-cassano-continua-a-caricare-in-falda\/"},"author":{"name":"admin","@id":"https:\/\/archiviocassano.lavocedelpaese.info\/#\/schema\/person\/df195bc79a9b4c35127cf005f92e041b"},"headline":"Legambiente: il depuratore continua a scaricare in falda","datePublished":"2015-08-18T06:25:18+00:00","mainEntityOfPage":{"@id":"https:\/\/archiviocassano.lavocedelpaese.info\/index.php\/2015\/08\/18\/legambiente-il-depuratore-di-cassano-continua-a-caricare-in-falda\/"},"wordCount":615,"commentCount":0,"publisher":{"@id":"https:\/\/archiviocassano.lavocedelpaese.info\/#organization"},"image":{"@id":"https:\/\/archiviocassano.lavocedelpaese.info\/index.php\/2015\/08\/18\/legambiente-il-depuratore-di-cassano-continua-a-caricare-in-falda\/#primaryimage"},"thumbnailUrl":"https:\/\/archiviocassano.lavocedelpaese.info\/wp-content\/uploads\/2014\/03\/depuratore_di_Cassano_piccola.jpg","articleSection":["Attualit\u00e0"],"inLanguage":"it-IT","potentialAction":[{"@type":"CommentAction","name":"Comment","target":["https:\/\/archiviocassano.lavocedelpaese.info\/index.php\/2015\/08\/18\/legambiente-il-depuratore-di-cassano-continua-a-caricare-in-falda\/#respond"]}]},{"@type":"WebPage","@id":"https:\/\/archiviocassano.lavocedelpaese.info\/index.php\/2015\/08\/18\/legambiente-il-depuratore-di-cassano-continua-a-caricare-in-falda\/","url":"https:\/\/archiviocassano.lavocedelpaese.info\/index.php\/2015\/08\/18\/legambiente-il-depuratore-di-cassano-continua-a-caricare-in-falda\/","name":"Legambiente: il depuratore continua a scaricare in falda - Archivio CassanoWeb","isPartOf":{"@id":"https:\/\/archiviocassano.lavocedelpaese.info\/#website"},"primaryImageOfPage":{"@id":"https:\/\/archiviocassano.lavocedelpaese.info\/index.php\/2015\/08\/18\/legambiente-il-depuratore-di-cassano-continua-a-caricare-in-falda\/#primaryimage"},"image":{"@id":"https:\/\/archiviocassano.lavocedelpaese.info\/index.php\/2015\/08\/18\/legambiente-il-depuratore-di-cassano-continua-a-caricare-in-falda\/#primaryimage"},"thumbnailUrl":"https:\/\/archiviocassano.lavocedelpaese.info\/wp-content\/uploads\/2014\/03\/depuratore_di_Cassano_piccola.jpg","datePublished":"2015-08-18T06:25:18+00:00","breadcrumb":{"@id":"https:\/\/archiviocassano.lavocedelpaese.info\/index.php\/2015\/08\/18\/legambiente-il-depuratore-di-cassano-continua-a-caricare-in-falda\/#breadcrumb"},"inLanguage":"it-IT","potentialAction":[{"@type":"ReadAction","target":["https:\/\/archiviocassano.lavocedelpaese.info\/index.php\/2015\/08\/18\/legambiente-il-depuratore-di-cassano-continua-a-caricare-in-falda\/"]}]},{"@type":"ImageObject","inLanguage":"it-IT","@id":"https:\/\/archiviocassano.lavocedelpaese.info\/index.php\/2015\/08\/18\/legambiente-il-depuratore-di-cassano-continua-a-caricare-in-falda\/#primaryimage","url":"https:\/\/archiviocassano.lavocedelpaese.info\/wp-content\/uploads\/2014\/03\/depuratore_di_Cassano_piccola.jpg","contentUrl":"https:\/\/archiviocassano.lavocedelpaese.info\/wp-content\/uploads\/2014\/03\/depuratore_di_Cassano_piccola.jpg","width":320,"height":150,"caption":"depuratore di Cassano piccola"},{"@type":"BreadcrumbList","@id":"https:\/\/archiviocassano.lavocedelpaese.info\/index.php\/2015\/08\/18\/legambiente-il-depuratore-di-cassano-continua-a-caricare-in-falda\/#breadcrumb","itemListElement":[{"@type":"ListItem","position":1,"name":"Home","item":"https:\/\/archiviocassano.lavocedelpaese.info\/"},{"@type":"ListItem","position":2,"name":"Legambiente: il depuratore continua a scaricare in falda"}]},{"@type":"WebSite","@id":"https:\/\/archiviocassano.lavocedelpaese.info\/#website","url":"https:\/\/archiviocassano.lavocedelpaese.info\/","name":"Archivio CassanoWeb","description":"La Voce del Paese - un network di idee","publisher":{"@id":"https:\/\/archiviocassano.lavocedelpaese.info\/#organization"},"potentialAction":[{"@type":"SearchAction","target":{"@type":"EntryPoint","urlTemplate":"https:\/\/archiviocassano.lavocedelpaese.info\/?s={search_term_string}"},"query-input":{"@type":"PropertyValueSpecification","valueRequired":true,"valueName":"search_term_string"}}],"inLanguage":"it-IT"},{"@type":"Organization","@id":"https:\/\/archiviocassano.lavocedelpaese.info\/#organization","name":"Archivio CassanoWeb","url":"https:\/\/archiviocassano.lavocedelpaese.info\/","logo":{"@type":"ImageObject","inLanguage":"it-IT","@id":"https:\/\/archiviocassano.lavocedelpaese.info\/#\/schema\/logo\/image\/","url":"https:\/\/archiviocassano.lavocedelpaese.info\/wp-content\/uploads\/2024\/08\/logo-rosso-2.png","contentUrl":"https:\/\/archiviocassano.lavocedelpaese.info\/wp-content\/uploads\/2024\/08\/logo-rosso-2.png","width":491,"height":432,"caption":"Archivio CassanoWeb"},"image":{"@id":"https:\/\/archiviocassano.lavocedelpaese.info\/#\/schema\/logo\/image\/"},"sameAs":["https:\/\/www.facebook.com\/redazione.cassanoweb"]},{"@type":"Person","@id":"https:\/\/archiviocassano.lavocedelpaese.info\/#\/schema\/person\/df195bc79a9b4c35127cf005f92e041b","name":"admin","image":{"@type":"ImageObject","inLanguage":"it-IT","@id":"https:\/\/secure.gravatar.com\/avatar\/eabba89a432e8eaa1b0207cc55f7e5340b22712b1ed80677efcf63e02ff5b235?s=96&d=mm&r=g","url":"https:\/\/secure.gravatar.com\/avatar\/eabba89a432e8eaa1b0207cc55f7e5340b22712b1ed80677efcf63e02ff5b235?s=96&d=mm&r=g","contentUrl":"https:\/\/secure.gravatar.com\/avatar\/eabba89a432e8eaa1b0207cc55f7e5340b22712b1ed80677efcf63e02ff5b235?s=96&d=mm&r=g","caption":"admin"},"sameAs":["https:\/\/archiviocassano.lavocedelpaese.info"],"url":"https:\/\/archiviocassano.lavocedelpaese.info\/index.php\/author\/admin_0qgz1xdp\/"}]}},"_links":{"self":[{"href":"https:\/\/archiviocassano.lavocedelpaese.info\/index.php\/wp-json\/wp\/v2\/posts\/11258","targetHints":{"allow":["GET"]}}],"collection":[{"href":"https:\/\/archiviocassano.lavocedelpaese.info\/index.php\/wp-json\/wp\/v2\/posts"}],"about":[{"href":"https:\/\/archiviocassano.lavocedelpaese.info\/index.php\/wp-json\/wp\/v2\/types\/post"}],"author":[{"embeddable":true,"href":"https:\/\/archiviocassano.lavocedelpaese.info\/index.php\/wp-json\/wp\/v2\/users\/1"}],"replies":[{"embeddable":true,"href":"https:\/\/archiviocassano.lavocedelpaese.info\/index.php\/wp-json\/wp\/v2\/comments?post=11258"}],"version-history":[{"count":0,"href":"https:\/\/archiviocassano.lavocedelpaese.info\/index.php\/wp-json\/wp\/v2\/posts\/11258\/revisions"}],"wp:featuredmedia":[{"embeddable":true,"href":"https:\/\/archiviocassano.lavocedelpaese.info\/index.php\/wp-json\/wp\/v2\/media\/8833"}],"wp:attachment":[{"href":"https:\/\/archiviocassano.lavocedelpaese.info\/index.php\/wp-json\/wp\/v2\/media?parent=11258"}],"wp:term":[{"taxonomy":"category","embeddable":true,"href":"https:\/\/archiviocassano.lavocedelpaese.info\/index.php\/wp-json\/wp\/v2\/categories?post=11258"},{"taxonomy":"post_tag","embeddable":true,"href":"https:\/\/archiviocassano.lavocedelpaese.info\/index.php\/wp-json\/wp\/v2\/tags?post=11258"}],"curies":[{"name":"wp","href":"https:\/\/api.w.org\/{rel}","templated":true}]}}