{"id":11280,"date":"2015-08-26T08:36:02","date_gmt":"2015-08-26T08:36:02","guid":{"rendered":"https:\/\/archiviocassano.lavocedelpaese.info\/index.php\/2015\/08\/26\/un-bilancio-dacani-e-con-la-cresta\/"},"modified":"2015-08-26T08:36:02","modified_gmt":"2015-08-26T08:36:02","slug":"un-bilancio-dacani-e-con-la-cresta","status":"publish","type":"post","link":"https:\/\/archiviocassano.lavocedelpaese.info\/index.php\/2015\/08\/26\/un-bilancio-dacani-e-con-la-cresta\/","title":{"rendered":"Un Bilancio da&#8230;cani (e con la cresta)"},"content":{"rendered":"<p style=\"text-align: justify;\"><img loading=\"lazy\" decoding=\"async\" class=\" size-full wp-image-11279\" src=\"https:\/\/archiviocassano.lavocedelpaese.info\/wp-content\/uploads\/2015\/08\/bilancio_comunale.jpg\" width=\"320\" height=\"150\" alt=\"bilancio comunale\" \/><\/p>\n<p><!--more--><\/p>\n<p style=\"text-align: justify;\">E\u2019 rimasto orfano il chilometrico comunicato del Sindaco di qualche giorno fa a proposito del bilancio di previsione 2015\/2017: nessun commento di confronto tecnico, neppure sulle pi\u00f9 rilevanti voci di entrata e di uscita, bench\u00e9 ormai definitive per i 2\/3. Ma allora mi chiedo: che senso ha ricopiare, per il secondo anno consecutivo, a \u2018calcamanina\u2019, la <strong>relazione programmatica<\/strong> previsionale 2015\/2017 quando non si vuole in alcun modo ascoltare e confrontarsi con i Cassanesi sui veri fabbisogni della Comunit\u00e0? Che senso ha insistere sul concetto di \u201c<strong><i>amministrazione trasparente e partecipata<\/i><\/strong>\u201d quando ormai la \u201ccasa di vetro\u201d tanto sbandierata (durante e subito dopo la campagna elettorale) \u00e8 andata miseramente in frantumi?<\/p>\n<p style=\"text-align: justify;\">Le gravi responsabilit\u00e0 di questa situazione di incoerenza e di incapacit\u00e0 programmatica non sono, per\u00f2, imputabili per intero ed in esclusiva al Sindaco, ma coinvolgono solidalmente tutti i componenti della maggioranza.<\/p>\n<p style=\"text-align: justify;\">Tornando al bilancio di previsione 2015, \u00e8 scandaloso rilevare che nel contesto del citato comunicato vengano utilizzate frasi del tipo \u201c<strong><i>far quadrare i conti senza togliere nulla dalle tasche dei cittadini\u201d<\/i><\/strong>, che riportano alla mente vergognosi e falsi spot di tremontiana memoria.<\/p>\n<p>Tra le <strong>ENTRATE<\/strong> :<\/p>\n<ul>\n<li>&nbsp;&nbsp;&nbsp;&nbsp;&nbsp;&nbsp;&nbsp;&nbsp; la voce <strong>Imposte<\/strong> \u00e8 prevista nel 2015 per <strong>4.388 mila <\/strong>euro (+9,0% sul 2014);<\/li>\n<li>&nbsp;&nbsp;&nbsp;&nbsp;&nbsp;&nbsp;&nbsp;&nbsp; la voce <strong>Tasse<\/strong> \u00e8 prevista per <strong>2.493 mila<\/strong> euro (e comprende la Tarsu\/Tari per 2.378 mila<strong> <\/strong>euro).&nbsp;<\/li>\n<\/ul>\n<p>&nbsp;<\/p>\n<p style=\"text-align: justify;\">Tuttavia mi chiedo: ma se la Tari e la residua Tarsu ammonteranno nel 2015 a <strong>2.378 mila <\/strong>euro, che con i <strong>214 mila<\/strong> euro di <strong>\u2018proventi da differenziata\u2019 <\/strong>raggiungeranno la cifra <strong>2.592 mila <\/strong>euro, per quale ragione sussiste una differenza di oltre<strong> 173 mila <\/strong>euro<strong> <\/strong>rispetto al<strong> <\/strong>\u2018<strong>servizio smaltimento rifiuti\u2019 <\/strong>pari a<strong> 2.419 mila<\/strong> euro <strong>(2.592\u20132419=173)<\/strong>?<\/p>\n<p style=\"text-align: justify;\">Oltre che per disposizioni di legge, per trasparenza e chiarezza le entrate e le uscite di tale servizio <strong>non devono COMBACIARE<\/strong>??? &nbsp;<\/p>\n<p style=\"text-align: justify;\">Che succede: l\u2019Amministrazione di sinistra \u201cfa la cresta\u201d su questo servizio a scapito dei cittadini? E ancora: esiste una ragione per cui il \u201c<strong>servizio raccolta rifiuti<\/strong>\u201d, previsto nel 2015 in <strong>2.382 mila <\/strong>euro, cresce al ritmo di 120 mila euro annui (nel 2014 era 2.264 mila e nel 2013 era 2.139 mila). Per caso il contratto di somministrazione viene \u2018riguardato\u2019 annualmente al rialzo??<\/p>\n<p style=\"text-align: justify;\">Ancora, a proposito di tagli dal Governo centrale:<\/p>\n<p style=\"text-align: justify;\">&nbsp;<\/p>\n<ul>\n<li>&nbsp;&nbsp;&nbsp;&nbsp;&nbsp;&nbsp;&nbsp; i <strong>trasferimenti correnti dallo Stato<\/strong> sono previsti nella misura di <strong>673 mila<\/strong> euro;<\/li>\n<li>&nbsp;&nbsp;&nbsp;&nbsp;&nbsp;&nbsp;&nbsp; i <strong>trasferimenti correnti<\/strong> <strong>dalla Regione <\/strong>sono previsti<strong> <\/strong>nella misura di <strong>195 mila<\/strong> euro.<\/li>\n<\/ul>\n<p>&nbsp;<\/p>\n<p style=\"text-align: justify;\">Complessivamente, quindi, i trasferimenti da Stato e Regione al Comune di Cassano sono previsti nel 2015 nella misura di <strong>871 mila<\/strong> euro, in <strong>aumento di oltre 100 mila <\/strong>euro rispetto al 2014: e allora perch\u00e9 vengono ripetute falsit\u00e0 e recitate litanie a sproposito??<\/p>\n<p style=\"text-align: justify;\">Tra le <strong>USCITE<\/strong> si trovano parecchie risposte ai discutibili criteri di scelta operati nella gestione. Il totale delle<strong> spese correnti 2015<\/strong> \u00e8 previsto nella misura di <strong>8.833 mila <\/strong>euro, <strong>in crescita di oltre 256 mila<\/strong> euro rispetto al 2014 e di oltre 1.550 mila euro rispetto al 2013. E qua potremmo anche fermarci perch\u00e9 queste evidenze la dicono lunga sulla capacit\u00e0 di spesa del bilancio comunale: altro che chiacchiere!!<\/p>\n<p>Ma dopo aver gi\u00e0 trattato lo \u2018smaltimento rifiuti\u2019 e la Tari, val la pena di soffermarsi su alcune voci per far capire il cambio di destinazione di una capacit\u00e0 di entrata sostanzialmente immutata:<\/p>\n<ul>\n<li>&nbsp;&nbsp;&nbsp;&nbsp;&nbsp;&nbsp;&nbsp;&nbsp; spese <strong>generali <\/strong>previste in <strong>3.025 mila <\/strong>euro (+2,50% sul 2014);<\/li>\n<li>&nbsp;&nbsp;&nbsp;&nbsp;&nbsp;&nbsp;&nbsp;&nbsp; spese <strong>pubblica istruzione<\/strong> previste in <strong>587 mila<\/strong> euro (-8,50%);<\/li>\n<li>&nbsp;&nbsp;&nbsp;&nbsp;&nbsp;&nbsp;&nbsp;&nbsp; &nbsp;spese per <strong>cultura <\/strong>previste in <strong>190 mila<\/strong> euro (+15,30%);<\/li>\n<li>&nbsp;&nbsp;&nbsp;&nbsp;&nbsp;&nbsp;&nbsp;&nbsp; spese per <strong>viabilit\u00e0 <\/strong>e<strong> trasporti <\/strong>&nbsp;previste in <strong>444 mila<\/strong> euro (-12,25%);<\/li>\n<li>&nbsp;&nbsp;&nbsp;&nbsp;&nbsp;&nbsp;&nbsp;&nbsp; spese <strong>settore sociale <\/strong>&nbsp;previste in <strong>1.553 mila<\/strong> euro (+18,91%). Un vero boom alla sottovoce \u201c<i>assistenza e beneficienza pubblica<\/i>\u201d prevista in ben 922 mila euro (690 nel 2014 e 361 nel 2013) della quale non \u00e8 dato sapere alcunch\u00e9 rimanendo determinata ad arbitrario giudizio della Giunta.&nbsp;<\/li>\n<\/ul>\n<p>Ebbene, come si pu\u00f2 facilmente rilevare, nessuna flessione nei trasferimenti centrali e forte inasprimento della capacit\u00e0 impositiva, con tutti i pasticci connessi nel servizio raccolta rifiuti.<\/p>\n<p style=\"text-align: justify;\">Questa la sintesi di una politica di \u2018entrata\u2019 che, penalizzando ulteriormente i contribuenti, \u00e8 stata effettivamente destinata ad aumentare in misura sproposita e arbitraria \u201c<strong>\u2026 <i>la spesa sociale a favore di chi \u00e8 pi\u00f9 in difficolt\u00e0<\/i><\/strong>\u201d. Ma di chi in particolare e con quale metro di giudizio? Questo non \u00e8 dato di conoscerlo!!<\/p>\n<p style=\"text-align: justify;\">Prima di chiudere, per\u00f2, voglio richiamare anche in questa sede e per l\u2019ennesima volta l\u2019annosa problematica dei \u201c<strong>randagi<\/strong>\u201d, rimasta irrisolta (con decine di cittadini che ricorrono al pronto soccorso per farsi medicare le ferite dei morsi ricevuti). E tutto ci\u00f2 nonostante l\u2019esorbitante esborso per il ricovero di una parte dei cani abbandonati, per altro non esattamente quantificati.<\/p>\n<p style=\"text-align: justify;\">Nonostante gli impegni assunti in varie sedi e da diversi esponenti di &#8220;Rinascita&#8221;, anche per il 2015 la voce di spesa in parola superer\u00e0 i 275 mila euro (questa \u00e8 la previsione esatta!!) e continuer\u00e0 a costituire la vergogna pi\u00f9 macroscopica nel bilancio di una Amministrazione di sinistra, che sembra preoccuparsi pi\u00f9 dei cani che dei cittadini, soprattutto se contribuenti.<\/p>\n<p style=\"text-align: justify;\">L\u2019affermazione non \u00e8 una battuta se si vuole considerare che la spesa \u201crandagi\u201d nel 2012 era pari a 150 mila euro e che pur raddoppiatasi ha lasciato aggravarsi ulteriormente il pubblico pericolo!!<\/p>\n<p style=\"text-align: justify;\">Per non aggiungere che nulla \u00e8 dato di sapere in che misura concorrer\u00e0 alla sua soluzione l\u2019apertura del nuovo canile comunale, quando avverr\u00e0, quanti cani ospiter\u00e0, di quanto si avvantagger\u00e0 il bilancio pubblico.<\/p>\n<p><strong>Anche questa \u00e8 trasparenza!<\/strong><\/p>\n<p>&nbsp;<\/p>\n<p style=\"text-align: justify;\">&nbsp;<\/p>\n<p>&nbsp;<\/p>\n<p>&nbsp;<\/p>\n","protected":false},"excerpt":{"rendered":"","protected":false},"author":1,"featured_media":11279,"comment_status":"open","ping_status":"closed","sticky":false,"template":"","format":"standard","meta":{"colormag_page_container_layout":"default_layout","colormag_page_sidebar_layout":"default_layout","footnotes":""},"categories":[9],"tags":[],"class_list":["post-11280","post","type-post","status-publish","format-standard","has-post-thumbnail","hentry","category-la-voce-del-paese"],"yoast_head":"<!-- This site is optimized with the Yoast SEO plugin v27.5 - https:\/\/yoast.com\/product\/yoast-seo-wordpress\/ -->\n<title>Un Bilancio da...cani (e con la cresta) - Archivio CassanoWeb<\/title>\n<meta name=\"robots\" content=\"index, follow, max-snippet:-1, max-image-preview:large, max-video-preview:-1\" \/>\n<link rel=\"canonical\" href=\"https:\/\/archiviocassano.lavocedelpaese.info\/index.php\/2015\/08\/26\/un-bilancio-dacani-e-con-la-cresta\/\" \/>\n<meta property=\"og:locale\" content=\"it_IT\" \/>\n<meta property=\"og:type\" content=\"article\" \/>\n<meta property=\"og:title\" content=\"Un Bilancio da...cani (e con la cresta) - Archivio CassanoWeb\" \/>\n<meta property=\"og:url\" content=\"https:\/\/archiviocassano.lavocedelpaese.info\/index.php\/2015\/08\/26\/un-bilancio-dacani-e-con-la-cresta\/\" \/>\n<meta property=\"og:site_name\" content=\"Archivio CassanoWeb\" \/>\n<meta property=\"article:publisher\" content=\"https:\/\/www.facebook.com\/redazione.cassanoweb\" \/>\n<meta property=\"article:published_time\" content=\"2015-08-26T08:36:02+00:00\" \/>\n<meta property=\"og:image\" content=\"https:\/\/archiviocassano.lavocedelpaese.info\/wp-content\/uploads\/2015\/08\/bilancio_comunale.jpg\" \/>\n\t<meta property=\"og:image:width\" content=\"890\" \/>\n\t<meta property=\"og:image:height\" content=\"395\" \/>\n\t<meta property=\"og:image:type\" content=\"image\/jpeg\" \/>\n<meta name=\"author\" content=\"admin\" \/>\n<meta name=\"twitter:card\" content=\"summary_large_image\" \/>\n<meta name=\"twitter:label1\" content=\"Scritto da\" \/>\n\t<meta name=\"twitter:data1\" content=\"admin\" \/>\n\t<meta name=\"twitter:label2\" content=\"Tempo di lettura stimato\" \/>\n\t<meta name=\"twitter:data2\" content=\"5 minuti\" \/>\n<script type=\"application\/ld+json\" class=\"yoast-schema-graph\">{\"@context\":\"https:\\\/\\\/schema.org\",\"@graph\":[{\"@type\":\"Article\",\"@id\":\"https:\\\/\\\/archiviocassano.lavocedelpaese.info\\\/index.php\\\/2015\\\/08\\\/26\\\/un-bilancio-dacani-e-con-la-cresta\\\/#article\",\"isPartOf\":{\"@id\":\"https:\\\/\\\/archiviocassano.lavocedelpaese.info\\\/index.php\\\/2015\\\/08\\\/26\\\/un-bilancio-dacani-e-con-la-cresta\\\/\"},\"author\":{\"name\":\"admin\",\"@id\":\"https:\\\/\\\/archiviocassano.lavocedelpaese.info\\\/#\\\/schema\\\/person\\\/df195bc79a9b4c35127cf005f92e041b\"},\"headline\":\"Un Bilancio da&#8230;cani (e con la cresta)\",\"datePublished\":\"2015-08-26T08:36:02+00:00\",\"mainEntityOfPage\":{\"@id\":\"https:\\\/\\\/archiviocassano.lavocedelpaese.info\\\/index.php\\\/2015\\\/08\\\/26\\\/un-bilancio-dacani-e-con-la-cresta\\\/\"},\"wordCount\":914,\"commentCount\":0,\"publisher\":{\"@id\":\"https:\\\/\\\/archiviocassano.lavocedelpaese.info\\\/#organization\"},\"image\":{\"@id\":\"https:\\\/\\\/archiviocassano.lavocedelpaese.info\\\/index.php\\\/2015\\\/08\\\/26\\\/un-bilancio-dacani-e-con-la-cresta\\\/#primaryimage\"},\"thumbnailUrl\":\"https:\\\/\\\/archiviocassano.lavocedelpaese.info\\\/wp-content\\\/uploads\\\/2015\\\/08\\\/bilancio_comunale.jpg\",\"articleSection\":[\"La voce del paese\"],\"inLanguage\":\"it-IT\",\"potentialAction\":[{\"@type\":\"CommentAction\",\"name\":\"Comment\",\"target\":[\"https:\\\/\\\/archiviocassano.lavocedelpaese.info\\\/index.php\\\/2015\\\/08\\\/26\\\/un-bilancio-dacani-e-con-la-cresta\\\/#respond\"]}]},{\"@type\":\"WebPage\",\"@id\":\"https:\\\/\\\/archiviocassano.lavocedelpaese.info\\\/index.php\\\/2015\\\/08\\\/26\\\/un-bilancio-dacani-e-con-la-cresta\\\/\",\"url\":\"https:\\\/\\\/archiviocassano.lavocedelpaese.info\\\/index.php\\\/2015\\\/08\\\/26\\\/un-bilancio-dacani-e-con-la-cresta\\\/\",\"name\":\"Un Bilancio da...cani (e con la cresta) - Archivio CassanoWeb\",\"isPartOf\":{\"@id\":\"https:\\\/\\\/archiviocassano.lavocedelpaese.info\\\/#website\"},\"primaryImageOfPage\":{\"@id\":\"https:\\\/\\\/archiviocassano.lavocedelpaese.info\\\/index.php\\\/2015\\\/08\\\/26\\\/un-bilancio-dacani-e-con-la-cresta\\\/#primaryimage\"},\"image\":{\"@id\":\"https:\\\/\\\/archiviocassano.lavocedelpaese.info\\\/index.php\\\/2015\\\/08\\\/26\\\/un-bilancio-dacani-e-con-la-cresta\\\/#primaryimage\"},\"thumbnailUrl\":\"https:\\\/\\\/archiviocassano.lavocedelpaese.info\\\/wp-content\\\/uploads\\\/2015\\\/08\\\/bilancio_comunale.jpg\",\"datePublished\":\"2015-08-26T08:36:02+00:00\",\"breadcrumb\":{\"@id\":\"https:\\\/\\\/archiviocassano.lavocedelpaese.info\\\/index.php\\\/2015\\\/08\\\/26\\\/un-bilancio-dacani-e-con-la-cresta\\\/#breadcrumb\"},\"inLanguage\":\"it-IT\",\"potentialAction\":[{\"@type\":\"ReadAction\",\"target\":[\"https:\\\/\\\/archiviocassano.lavocedelpaese.info\\\/index.php\\\/2015\\\/08\\\/26\\\/un-bilancio-dacani-e-con-la-cresta\\\/\"]}]},{\"@type\":\"ImageObject\",\"inLanguage\":\"it-IT\",\"@id\":\"https:\\\/\\\/archiviocassano.lavocedelpaese.info\\\/index.php\\\/2015\\\/08\\\/26\\\/un-bilancio-dacani-e-con-la-cresta\\\/#primaryimage\",\"url\":\"https:\\\/\\\/archiviocassano.lavocedelpaese.info\\\/wp-content\\\/uploads\\\/2015\\\/08\\\/bilancio_comunale.jpg\",\"contentUrl\":\"https:\\\/\\\/archiviocassano.lavocedelpaese.info\\\/wp-content\\\/uploads\\\/2015\\\/08\\\/bilancio_comunale.jpg\",\"width\":890,\"height\":395,\"caption\":\"bilancio comunale\"},{\"@type\":\"BreadcrumbList\",\"@id\":\"https:\\\/\\\/archiviocassano.lavocedelpaese.info\\\/index.php\\\/2015\\\/08\\\/26\\\/un-bilancio-dacani-e-con-la-cresta\\\/#breadcrumb\",\"itemListElement\":[{\"@type\":\"ListItem\",\"position\":1,\"name\":\"Home\",\"item\":\"https:\\\/\\\/archiviocassano.lavocedelpaese.info\\\/\"},{\"@type\":\"ListItem\",\"position\":2,\"name\":\"Un Bilancio da&#8230;cani (e con la cresta)\"}]},{\"@type\":\"WebSite\",\"@id\":\"https:\\\/\\\/archiviocassano.lavocedelpaese.info\\\/#website\",\"url\":\"https:\\\/\\\/archiviocassano.lavocedelpaese.info\\\/\",\"name\":\"Archivio CassanoWeb\",\"description\":\"La Voce del Paese - un network di idee\",\"publisher\":{\"@id\":\"https:\\\/\\\/archiviocassano.lavocedelpaese.info\\\/#organization\"},\"potentialAction\":[{\"@type\":\"SearchAction\",\"target\":{\"@type\":\"EntryPoint\",\"urlTemplate\":\"https:\\\/\\\/archiviocassano.lavocedelpaese.info\\\/?s={search_term_string}\"},\"query-input\":{\"@type\":\"PropertyValueSpecification\",\"valueRequired\":true,\"valueName\":\"search_term_string\"}}],\"inLanguage\":\"it-IT\"},{\"@type\":\"Organization\",\"@id\":\"https:\\\/\\\/archiviocassano.lavocedelpaese.info\\\/#organization\",\"name\":\"Archivio CassanoWeb\",\"url\":\"https:\\\/\\\/archiviocassano.lavocedelpaese.info\\\/\",\"logo\":{\"@type\":\"ImageObject\",\"inLanguage\":\"it-IT\",\"@id\":\"https:\\\/\\\/archiviocassano.lavocedelpaese.info\\\/#\\\/schema\\\/logo\\\/image\\\/\",\"url\":\"https:\\\/\\\/archiviocassano.lavocedelpaese.info\\\/wp-content\\\/uploads\\\/2024\\\/08\\\/logo-rosso-2.png\",\"contentUrl\":\"https:\\\/\\\/archiviocassano.lavocedelpaese.info\\\/wp-content\\\/uploads\\\/2024\\\/08\\\/logo-rosso-2.png\",\"width\":491,\"height\":432,\"caption\":\"Archivio CassanoWeb\"},\"image\":{\"@id\":\"https:\\\/\\\/archiviocassano.lavocedelpaese.info\\\/#\\\/schema\\\/logo\\\/image\\\/\"},\"sameAs\":[\"https:\\\/\\\/www.facebook.com\\\/redazione.cassanoweb\"]},{\"@type\":\"Person\",\"@id\":\"https:\\\/\\\/archiviocassano.lavocedelpaese.info\\\/#\\\/schema\\\/person\\\/df195bc79a9b4c35127cf005f92e041b\",\"name\":\"admin\",\"image\":{\"@type\":\"ImageObject\",\"inLanguage\":\"it-IT\",\"@id\":\"https:\\\/\\\/secure.gravatar.com\\\/avatar\\\/eabba89a432e8eaa1b0207cc55f7e5340b22712b1ed80677efcf63e02ff5b235?s=96&d=mm&r=g\",\"url\":\"https:\\\/\\\/secure.gravatar.com\\\/avatar\\\/eabba89a432e8eaa1b0207cc55f7e5340b22712b1ed80677efcf63e02ff5b235?s=96&d=mm&r=g\",\"contentUrl\":\"https:\\\/\\\/secure.gravatar.com\\\/avatar\\\/eabba89a432e8eaa1b0207cc55f7e5340b22712b1ed80677efcf63e02ff5b235?s=96&d=mm&r=g\",\"caption\":\"admin\"},\"sameAs\":[\"https:\\\/\\\/archiviocassano.lavocedelpaese.info\"],\"url\":\"https:\\\/\\\/archiviocassano.lavocedelpaese.info\\\/index.php\\\/author\\\/admin_0qgz1xdp\\\/\"}]}<\/script>\n<!-- \/ Yoast SEO plugin. -->","yoast_head_json":{"title":"Un Bilancio da...cani (e con la cresta) - Archivio CassanoWeb","robots":{"index":"index","follow":"follow","max-snippet":"max-snippet:-1","max-image-preview":"max-image-preview:large","max-video-preview":"max-video-preview:-1"},"canonical":"https:\/\/archiviocassano.lavocedelpaese.info\/index.php\/2015\/08\/26\/un-bilancio-dacani-e-con-la-cresta\/","og_locale":"it_IT","og_type":"article","og_title":"Un Bilancio da...cani (e con la cresta) - Archivio CassanoWeb","og_url":"https:\/\/archiviocassano.lavocedelpaese.info\/index.php\/2015\/08\/26\/un-bilancio-dacani-e-con-la-cresta\/","og_site_name":"Archivio CassanoWeb","article_publisher":"https:\/\/www.facebook.com\/redazione.cassanoweb","article_published_time":"2015-08-26T08:36:02+00:00","og_image":[{"width":890,"height":395,"url":"https:\/\/archiviocassano.lavocedelpaese.info\/wp-content\/uploads\/2015\/08\/bilancio_comunale.jpg","type":"image\/jpeg"}],"author":"admin","twitter_card":"summary_large_image","twitter_misc":{"Scritto da":"admin","Tempo di lettura stimato":"5 minuti"},"schema":{"@context":"https:\/\/schema.org","@graph":[{"@type":"Article","@id":"https:\/\/archiviocassano.lavocedelpaese.info\/index.php\/2015\/08\/26\/un-bilancio-dacani-e-con-la-cresta\/#article","isPartOf":{"@id":"https:\/\/archiviocassano.lavocedelpaese.info\/index.php\/2015\/08\/26\/un-bilancio-dacani-e-con-la-cresta\/"},"author":{"name":"admin","@id":"https:\/\/archiviocassano.lavocedelpaese.info\/#\/schema\/person\/df195bc79a9b4c35127cf005f92e041b"},"headline":"Un Bilancio da&#8230;cani (e con la cresta)","datePublished":"2015-08-26T08:36:02+00:00","mainEntityOfPage":{"@id":"https:\/\/archiviocassano.lavocedelpaese.info\/index.php\/2015\/08\/26\/un-bilancio-dacani-e-con-la-cresta\/"},"wordCount":914,"commentCount":0,"publisher":{"@id":"https:\/\/archiviocassano.lavocedelpaese.info\/#organization"},"image":{"@id":"https:\/\/archiviocassano.lavocedelpaese.info\/index.php\/2015\/08\/26\/un-bilancio-dacani-e-con-la-cresta\/#primaryimage"},"thumbnailUrl":"https:\/\/archiviocassano.lavocedelpaese.info\/wp-content\/uploads\/2015\/08\/bilancio_comunale.jpg","articleSection":["La voce del paese"],"inLanguage":"it-IT","potentialAction":[{"@type":"CommentAction","name":"Comment","target":["https:\/\/archiviocassano.lavocedelpaese.info\/index.php\/2015\/08\/26\/un-bilancio-dacani-e-con-la-cresta\/#respond"]}]},{"@type":"WebPage","@id":"https:\/\/archiviocassano.lavocedelpaese.info\/index.php\/2015\/08\/26\/un-bilancio-dacani-e-con-la-cresta\/","url":"https:\/\/archiviocassano.lavocedelpaese.info\/index.php\/2015\/08\/26\/un-bilancio-dacani-e-con-la-cresta\/","name":"Un Bilancio da...cani (e con la cresta) - Archivio CassanoWeb","isPartOf":{"@id":"https:\/\/archiviocassano.lavocedelpaese.info\/#website"},"primaryImageOfPage":{"@id":"https:\/\/archiviocassano.lavocedelpaese.info\/index.php\/2015\/08\/26\/un-bilancio-dacani-e-con-la-cresta\/#primaryimage"},"image":{"@id":"https:\/\/archiviocassano.lavocedelpaese.info\/index.php\/2015\/08\/26\/un-bilancio-dacani-e-con-la-cresta\/#primaryimage"},"thumbnailUrl":"https:\/\/archiviocassano.lavocedelpaese.info\/wp-content\/uploads\/2015\/08\/bilancio_comunale.jpg","datePublished":"2015-08-26T08:36:02+00:00","breadcrumb":{"@id":"https:\/\/archiviocassano.lavocedelpaese.info\/index.php\/2015\/08\/26\/un-bilancio-dacani-e-con-la-cresta\/#breadcrumb"},"inLanguage":"it-IT","potentialAction":[{"@type":"ReadAction","target":["https:\/\/archiviocassano.lavocedelpaese.info\/index.php\/2015\/08\/26\/un-bilancio-dacani-e-con-la-cresta\/"]}]},{"@type":"ImageObject","inLanguage":"it-IT","@id":"https:\/\/archiviocassano.lavocedelpaese.info\/index.php\/2015\/08\/26\/un-bilancio-dacani-e-con-la-cresta\/#primaryimage","url":"https:\/\/archiviocassano.lavocedelpaese.info\/wp-content\/uploads\/2015\/08\/bilancio_comunale.jpg","contentUrl":"https:\/\/archiviocassano.lavocedelpaese.info\/wp-content\/uploads\/2015\/08\/bilancio_comunale.jpg","width":890,"height":395,"caption":"bilancio comunale"},{"@type":"BreadcrumbList","@id":"https:\/\/archiviocassano.lavocedelpaese.info\/index.php\/2015\/08\/26\/un-bilancio-dacani-e-con-la-cresta\/#breadcrumb","itemListElement":[{"@type":"ListItem","position":1,"name":"Home","item":"https:\/\/archiviocassano.lavocedelpaese.info\/"},{"@type":"ListItem","position":2,"name":"Un Bilancio da&#8230;cani (e con la cresta)"}]},{"@type":"WebSite","@id":"https:\/\/archiviocassano.lavocedelpaese.info\/#website","url":"https:\/\/archiviocassano.lavocedelpaese.info\/","name":"Archivio CassanoWeb","description":"La Voce del Paese - un network di idee","publisher":{"@id":"https:\/\/archiviocassano.lavocedelpaese.info\/#organization"},"potentialAction":[{"@type":"SearchAction","target":{"@type":"EntryPoint","urlTemplate":"https:\/\/archiviocassano.lavocedelpaese.info\/?s={search_term_string}"},"query-input":{"@type":"PropertyValueSpecification","valueRequired":true,"valueName":"search_term_string"}}],"inLanguage":"it-IT"},{"@type":"Organization","@id":"https:\/\/archiviocassano.lavocedelpaese.info\/#organization","name":"Archivio CassanoWeb","url":"https:\/\/archiviocassano.lavocedelpaese.info\/","logo":{"@type":"ImageObject","inLanguage":"it-IT","@id":"https:\/\/archiviocassano.lavocedelpaese.info\/#\/schema\/logo\/image\/","url":"https:\/\/archiviocassano.lavocedelpaese.info\/wp-content\/uploads\/2024\/08\/logo-rosso-2.png","contentUrl":"https:\/\/archiviocassano.lavocedelpaese.info\/wp-content\/uploads\/2024\/08\/logo-rosso-2.png","width":491,"height":432,"caption":"Archivio CassanoWeb"},"image":{"@id":"https:\/\/archiviocassano.lavocedelpaese.info\/#\/schema\/logo\/image\/"},"sameAs":["https:\/\/www.facebook.com\/redazione.cassanoweb"]},{"@type":"Person","@id":"https:\/\/archiviocassano.lavocedelpaese.info\/#\/schema\/person\/df195bc79a9b4c35127cf005f92e041b","name":"admin","image":{"@type":"ImageObject","inLanguage":"it-IT","@id":"https:\/\/secure.gravatar.com\/avatar\/eabba89a432e8eaa1b0207cc55f7e5340b22712b1ed80677efcf63e02ff5b235?s=96&d=mm&r=g","url":"https:\/\/secure.gravatar.com\/avatar\/eabba89a432e8eaa1b0207cc55f7e5340b22712b1ed80677efcf63e02ff5b235?s=96&d=mm&r=g","contentUrl":"https:\/\/secure.gravatar.com\/avatar\/eabba89a432e8eaa1b0207cc55f7e5340b22712b1ed80677efcf63e02ff5b235?s=96&d=mm&r=g","caption":"admin"},"sameAs":["https:\/\/archiviocassano.lavocedelpaese.info"],"url":"https:\/\/archiviocassano.lavocedelpaese.info\/index.php\/author\/admin_0qgz1xdp\/"}]}},"_links":{"self":[{"href":"https:\/\/archiviocassano.lavocedelpaese.info\/index.php\/wp-json\/wp\/v2\/posts\/11280","targetHints":{"allow":["GET"]}}],"collection":[{"href":"https:\/\/archiviocassano.lavocedelpaese.info\/index.php\/wp-json\/wp\/v2\/posts"}],"about":[{"href":"https:\/\/archiviocassano.lavocedelpaese.info\/index.php\/wp-json\/wp\/v2\/types\/post"}],"author":[{"embeddable":true,"href":"https:\/\/archiviocassano.lavocedelpaese.info\/index.php\/wp-json\/wp\/v2\/users\/1"}],"replies":[{"embeddable":true,"href":"https:\/\/archiviocassano.lavocedelpaese.info\/index.php\/wp-json\/wp\/v2\/comments?post=11280"}],"version-history":[{"count":0,"href":"https:\/\/archiviocassano.lavocedelpaese.info\/index.php\/wp-json\/wp\/v2\/posts\/11280\/revisions"}],"wp:featuredmedia":[{"embeddable":true,"href":"https:\/\/archiviocassano.lavocedelpaese.info\/index.php\/wp-json\/wp\/v2\/media\/11279"}],"wp:attachment":[{"href":"https:\/\/archiviocassano.lavocedelpaese.info\/index.php\/wp-json\/wp\/v2\/media?parent=11280"}],"wp:term":[{"taxonomy":"category","embeddable":true,"href":"https:\/\/archiviocassano.lavocedelpaese.info\/index.php\/wp-json\/wp\/v2\/categories?post=11280"},{"taxonomy":"post_tag","embeddable":true,"href":"https:\/\/archiviocassano.lavocedelpaese.info\/index.php\/wp-json\/wp\/v2\/tags?post=11280"}],"curies":[{"name":"wp","href":"https:\/\/api.w.org\/{rel}","templated":true}]}}