{"id":11521,"date":"2015-10-09T15:24:28","date_gmt":"2015-10-09T15:24:28","guid":{"rendered":"https:\/\/archiviocassano.lavocedelpaese.info\/index.php\/2015\/10\/09\/genitori-arrabbiati-per-gli-aumenti-di-mensa-e-scuolabus\/"},"modified":"2015-10-09T15:24:28","modified_gmt":"2015-10-09T15:24:28","slug":"genitori-arrabbiati-per-gli-aumenti-di-mensa-e-scuolabus","status":"publish","type":"post","link":"https:\/\/archiviocassano.lavocedelpaese.info\/index.php\/2015\/10\/09\/genitori-arrabbiati-per-gli-aumenti-di-mensa-e-scuolabus\/","title":{"rendered":"Mensa e scuolabus, genitori arrabbiati per gli aumenti"},"content":{"rendered":"<p style=\"text-align: justify;\"><img loading=\"lazy\" decoding=\"async\" class=\" size-full wp-image-9798\" src=\"https:\/\/archiviocassano.lavocedelpaese.info\/wp-content\/uploads\/2014\/10\/mensa_scuola.jpg\" width=\"320\" height=\"150\" alt=\"mensa scuola\" \/><\/p>\n<p><!--more--><\/p>\n<p>Non ci stanno i genitori degli alunni cassanesi agli aumenti decisi dall\u2019Amministrazione comunale sulle tariffe di scuolabus e mensa scolastica.<\/p>\n<p style=\"text-align: justify;\">E chiedono al sindaco Vito Lionetti di rivedere le tariffe: il primo cittadino si impegna, chiede di rivedersi a fine novembre ma sa bene che i margini di manovra sono pressoch\u00e9 inesistenti.<\/p>\n<p style=\"text-align: justify;\">Come \u00e8 noto la Giunta Comunale ha deciso di introdurre quest\u2019anno il nuovo modello ISEE che comporta \u2013 dietro lo slogan \u201cchi pi\u00f9 ha, pi\u00f9 paga\u201d \u2013 un notevole aumento dei prezzi sia delle corse dello scuolabus che della mensa scolastica press le scuole cassanesi, a partire da gennaio 2016.<\/p>\n<p style=\"text-align: justify;\">I genitori non sapevano nulla delle decisioni prese in Giunta, lo scorso luglio, ratificate in Consiglio a fine agosto e stando a quanto dichiarato da alcuni fra essi l\u2019hanno saputo da questo giornale (<a href=\"attualita\/25721-scuolabus-e-mensa-scolastica-da-gennaio-arrivano-gli-aumenti-.html\" target=\"_blank\" rel=\"noopener\">leggi l&#8217;articolo<\/a>).<\/p>\n<p style=\"text-align: justify;\">Da qui un tam-tam che si \u00e8 diffuso chiedendo un incontro con l\u2019Amministrazione, purtroppo a cose fatte.<\/p>\n<p style=\"text-align: justify;\">Dal Comune, infatti, nessuna comunicazione o discussione preventiva \u00e8 stata intrapresa ma solo a tariffe decise, aumenti compresi. Da qui lo scoramento di molti genitori che lo scorso 6 ottobre si sono incontrati con il Sindaco e l\u2019assessore ai Servizi Sociali Enza Battista nel corso di una riunione convocata in Biblioteca dalla Presidente del Consiglio d\u2019Istituto Maria Luisa Abbruzzese.<\/p>\n<p style=\"text-align: justify;\">Ai genitori che chiedevano spiegazioni Lionetti ha spiegato che la legge impone una copertura del servizio superiore a quella attuale e dunque l\u2019amministrazione si \u00e8 adeguata anche inserendo il nuovo modello ISEE che eleva il reddito delle singole famiglie poich\u00e9 contempla numerose voci che nel vecchio ISEE erano trascurate.<\/p>\n<p style=\"text-align: justify;\">Il problema, per\u00f2, \u00e8 che non vi sono agevolazioni n\u00e9 sconti nella manovra decisa dal Comune: n\u00e9 per le famiglie numerose n\u00e9 per quello che povere non sono ma che hanno sicuramente un ISEE superiore ai 3000 euro annui e che si trovano a dover pagare aumenti considerevoli fra scuolabus e mensa.<\/p>\n<p style=\"text-align: justify;\">La riunione si \u00e8 sciolta con&nbsp; un solo impegno: rivedersi a fine novembre e capire quante famiglie \u201ccolpiranno\u201d le nuove tariffe in aumento anche se ci sar\u00e0 comunque poco da fare dato che quelle cifre sono gi\u00e0 nel Bilancio Preventivo 2015 e dunque vi si potrebbe metter mano solo l\u2019anno prossimo.&nbsp;<\/p>\n<p>&nbsp;<\/p>\n<p>&nbsp;<\/p>\n","protected":false},"excerpt":{"rendered":"","protected":false},"author":1,"featured_media":9798,"comment_status":"open","ping_status":"closed","sticky":false,"template":"","format":"standard","meta":{"colormag_page_container_layout":"default_layout","colormag_page_sidebar_layout":"default_layout","footnotes":""},"categories":[7],"tags":[],"class_list":["post-11521","post","type-post","status-publish","format-standard","has-post-thumbnail","hentry","category-attualita"],"yoast_head":"<!-- This site is optimized with the Yoast SEO plugin v27.5 - https:\/\/yoast.com\/product\/yoast-seo-wordpress\/ -->\n<title>Mensa e scuolabus, genitori arrabbiati per gli aumenti - Archivio CassanoWeb<\/title>\n<meta name=\"robots\" content=\"index, follow, max-snippet:-1, max-image-preview:large, max-video-preview:-1\" \/>\n<link rel=\"canonical\" href=\"https:\/\/archiviocassano.lavocedelpaese.info\/index.php\/2015\/10\/09\/genitori-arrabbiati-per-gli-aumenti-di-mensa-e-scuolabus\/\" \/>\n<meta property=\"og:locale\" content=\"it_IT\" \/>\n<meta property=\"og:type\" content=\"article\" \/>\n<meta property=\"og:title\" content=\"Mensa e scuolabus, genitori arrabbiati per gli aumenti - Archivio CassanoWeb\" \/>\n<meta property=\"og:url\" content=\"https:\/\/archiviocassano.lavocedelpaese.info\/index.php\/2015\/10\/09\/genitori-arrabbiati-per-gli-aumenti-di-mensa-e-scuolabus\/\" \/>\n<meta property=\"og:site_name\" content=\"Archivio CassanoWeb\" \/>\n<meta property=\"article:publisher\" content=\"https:\/\/www.facebook.com\/redazione.cassanoweb\" \/>\n<meta property=\"article:published_time\" content=\"2015-10-09T15:24:28+00:00\" \/>\n<meta property=\"og:image\" content=\"https:\/\/archiviocassano.lavocedelpaese.info\/wp-content\/uploads\/2014\/10\/mensa_scuola.jpg\" \/>\n\t<meta property=\"og:image:width\" content=\"600\" \/>\n\t<meta property=\"og:image:height\" content=\"450\" \/>\n\t<meta property=\"og:image:type\" content=\"image\/jpeg\" \/>\n<meta name=\"author\" content=\"admin\" \/>\n<meta name=\"twitter:card\" content=\"summary_large_image\" \/>\n<meta name=\"twitter:label1\" content=\"Scritto da\" \/>\n\t<meta name=\"twitter:data1\" content=\"admin\" \/>\n\t<meta name=\"twitter:label2\" content=\"Tempo di lettura stimato\" \/>\n\t<meta name=\"twitter:data2\" content=\"2 minuti\" \/>\n<script type=\"application\/ld+json\" class=\"yoast-schema-graph\">{\"@context\":\"https:\\\/\\\/schema.org\",\"@graph\":[{\"@type\":\"Article\",\"@id\":\"https:\\\/\\\/archiviocassano.lavocedelpaese.info\\\/index.php\\\/2015\\\/10\\\/09\\\/genitori-arrabbiati-per-gli-aumenti-di-mensa-e-scuolabus\\\/#article\",\"isPartOf\":{\"@id\":\"https:\\\/\\\/archiviocassano.lavocedelpaese.info\\\/index.php\\\/2015\\\/10\\\/09\\\/genitori-arrabbiati-per-gli-aumenti-di-mensa-e-scuolabus\\\/\"},\"author\":{\"name\":\"admin\",\"@id\":\"https:\\\/\\\/archiviocassano.lavocedelpaese.info\\\/#\\\/schema\\\/person\\\/df195bc79a9b4c35127cf005f92e041b\"},\"headline\":\"Mensa e scuolabus, genitori arrabbiati per gli aumenti\",\"datePublished\":\"2015-10-09T15:24:28+00:00\",\"mainEntityOfPage\":{\"@id\":\"https:\\\/\\\/archiviocassano.lavocedelpaese.info\\\/index.php\\\/2015\\\/10\\\/09\\\/genitori-arrabbiati-per-gli-aumenti-di-mensa-e-scuolabus\\\/\"},\"wordCount\":374,\"commentCount\":0,\"publisher\":{\"@id\":\"https:\\\/\\\/archiviocassano.lavocedelpaese.info\\\/#organization\"},\"image\":{\"@id\":\"https:\\\/\\\/archiviocassano.lavocedelpaese.info\\\/index.php\\\/2015\\\/10\\\/09\\\/genitori-arrabbiati-per-gli-aumenti-di-mensa-e-scuolabus\\\/#primaryimage\"},\"thumbnailUrl\":\"https:\\\/\\\/archiviocassano.lavocedelpaese.info\\\/wp-content\\\/uploads\\\/2014\\\/10\\\/mensa_scuola.jpg\",\"articleSection\":[\"Attualit\u00e0\"],\"inLanguage\":\"it-IT\",\"potentialAction\":[{\"@type\":\"CommentAction\",\"name\":\"Comment\",\"target\":[\"https:\\\/\\\/archiviocassano.lavocedelpaese.info\\\/index.php\\\/2015\\\/10\\\/09\\\/genitori-arrabbiati-per-gli-aumenti-di-mensa-e-scuolabus\\\/#respond\"]}]},{\"@type\":\"WebPage\",\"@id\":\"https:\\\/\\\/archiviocassano.lavocedelpaese.info\\\/index.php\\\/2015\\\/10\\\/09\\\/genitori-arrabbiati-per-gli-aumenti-di-mensa-e-scuolabus\\\/\",\"url\":\"https:\\\/\\\/archiviocassano.lavocedelpaese.info\\\/index.php\\\/2015\\\/10\\\/09\\\/genitori-arrabbiati-per-gli-aumenti-di-mensa-e-scuolabus\\\/\",\"name\":\"Mensa e scuolabus, genitori arrabbiati per gli aumenti - Archivio CassanoWeb\",\"isPartOf\":{\"@id\":\"https:\\\/\\\/archiviocassano.lavocedelpaese.info\\\/#website\"},\"primaryImageOfPage\":{\"@id\":\"https:\\\/\\\/archiviocassano.lavocedelpaese.info\\\/index.php\\\/2015\\\/10\\\/09\\\/genitori-arrabbiati-per-gli-aumenti-di-mensa-e-scuolabus\\\/#primaryimage\"},\"image\":{\"@id\":\"https:\\\/\\\/archiviocassano.lavocedelpaese.info\\\/index.php\\\/2015\\\/10\\\/09\\\/genitori-arrabbiati-per-gli-aumenti-di-mensa-e-scuolabus\\\/#primaryimage\"},\"thumbnailUrl\":\"https:\\\/\\\/archiviocassano.lavocedelpaese.info\\\/wp-content\\\/uploads\\\/2014\\\/10\\\/mensa_scuola.jpg\",\"datePublished\":\"2015-10-09T15:24:28+00:00\",\"breadcrumb\":{\"@id\":\"https:\\\/\\\/archiviocassano.lavocedelpaese.info\\\/index.php\\\/2015\\\/10\\\/09\\\/genitori-arrabbiati-per-gli-aumenti-di-mensa-e-scuolabus\\\/#breadcrumb\"},\"inLanguage\":\"it-IT\",\"potentialAction\":[{\"@type\":\"ReadAction\",\"target\":[\"https:\\\/\\\/archiviocassano.lavocedelpaese.info\\\/index.php\\\/2015\\\/10\\\/09\\\/genitori-arrabbiati-per-gli-aumenti-di-mensa-e-scuolabus\\\/\"]}]},{\"@type\":\"ImageObject\",\"inLanguage\":\"it-IT\",\"@id\":\"https:\\\/\\\/archiviocassano.lavocedelpaese.info\\\/index.php\\\/2015\\\/10\\\/09\\\/genitori-arrabbiati-per-gli-aumenti-di-mensa-e-scuolabus\\\/#primaryimage\",\"url\":\"https:\\\/\\\/archiviocassano.lavocedelpaese.info\\\/wp-content\\\/uploads\\\/2014\\\/10\\\/mensa_scuola.jpg\",\"contentUrl\":\"https:\\\/\\\/archiviocassano.lavocedelpaese.info\\\/wp-content\\\/uploads\\\/2014\\\/10\\\/mensa_scuola.jpg\",\"width\":600,\"height\":450,\"caption\":\"mensa scuola\"},{\"@type\":\"BreadcrumbList\",\"@id\":\"https:\\\/\\\/archiviocassano.lavocedelpaese.info\\\/index.php\\\/2015\\\/10\\\/09\\\/genitori-arrabbiati-per-gli-aumenti-di-mensa-e-scuolabus\\\/#breadcrumb\",\"itemListElement\":[{\"@type\":\"ListItem\",\"position\":1,\"name\":\"Home\",\"item\":\"https:\\\/\\\/archiviocassano.lavocedelpaese.info\\\/\"},{\"@type\":\"ListItem\",\"position\":2,\"name\":\"Mensa e scuolabus, genitori arrabbiati per gli aumenti\"}]},{\"@type\":\"WebSite\",\"@id\":\"https:\\\/\\\/archiviocassano.lavocedelpaese.info\\\/#website\",\"url\":\"https:\\\/\\\/archiviocassano.lavocedelpaese.info\\\/\",\"name\":\"Archivio CassanoWeb\",\"description\":\"La Voce del Paese - un network di idee\",\"publisher\":{\"@id\":\"https:\\\/\\\/archiviocassano.lavocedelpaese.info\\\/#organization\"},\"potentialAction\":[{\"@type\":\"SearchAction\",\"target\":{\"@type\":\"EntryPoint\",\"urlTemplate\":\"https:\\\/\\\/archiviocassano.lavocedelpaese.info\\\/?s={search_term_string}\"},\"query-input\":{\"@type\":\"PropertyValueSpecification\",\"valueRequired\":true,\"valueName\":\"search_term_string\"}}],\"inLanguage\":\"it-IT\"},{\"@type\":\"Organization\",\"@id\":\"https:\\\/\\\/archiviocassano.lavocedelpaese.info\\\/#organization\",\"name\":\"Archivio CassanoWeb\",\"url\":\"https:\\\/\\\/archiviocassano.lavocedelpaese.info\\\/\",\"logo\":{\"@type\":\"ImageObject\",\"inLanguage\":\"it-IT\",\"@id\":\"https:\\\/\\\/archiviocassano.lavocedelpaese.info\\\/#\\\/schema\\\/logo\\\/image\\\/\",\"url\":\"https:\\\/\\\/archiviocassano.lavocedelpaese.info\\\/wp-content\\\/uploads\\\/2024\\\/08\\\/logo-rosso-2.png\",\"contentUrl\":\"https:\\\/\\\/archiviocassano.lavocedelpaese.info\\\/wp-content\\\/uploads\\\/2024\\\/08\\\/logo-rosso-2.png\",\"width\":491,\"height\":432,\"caption\":\"Archivio CassanoWeb\"},\"image\":{\"@id\":\"https:\\\/\\\/archiviocassano.lavocedelpaese.info\\\/#\\\/schema\\\/logo\\\/image\\\/\"},\"sameAs\":[\"https:\\\/\\\/www.facebook.com\\\/redazione.cassanoweb\"]},{\"@type\":\"Person\",\"@id\":\"https:\\\/\\\/archiviocassano.lavocedelpaese.info\\\/#\\\/schema\\\/person\\\/df195bc79a9b4c35127cf005f92e041b\",\"name\":\"admin\",\"image\":{\"@type\":\"ImageObject\",\"inLanguage\":\"it-IT\",\"@id\":\"https:\\\/\\\/secure.gravatar.com\\\/avatar\\\/eabba89a432e8eaa1b0207cc55f7e5340b22712b1ed80677efcf63e02ff5b235?s=96&d=mm&r=g\",\"url\":\"https:\\\/\\\/secure.gravatar.com\\\/avatar\\\/eabba89a432e8eaa1b0207cc55f7e5340b22712b1ed80677efcf63e02ff5b235?s=96&d=mm&r=g\",\"contentUrl\":\"https:\\\/\\\/secure.gravatar.com\\\/avatar\\\/eabba89a432e8eaa1b0207cc55f7e5340b22712b1ed80677efcf63e02ff5b235?s=96&d=mm&r=g\",\"caption\":\"admin\"},\"sameAs\":[\"https:\\\/\\\/archiviocassano.lavocedelpaese.info\"],\"url\":\"https:\\\/\\\/archiviocassano.lavocedelpaese.info\\\/index.php\\\/author\\\/admin_0qgz1xdp\\\/\"}]}<\/script>\n<!-- \/ Yoast SEO plugin. -->","yoast_head_json":{"title":"Mensa e scuolabus, genitori arrabbiati per gli aumenti - Archivio CassanoWeb","robots":{"index":"index","follow":"follow","max-snippet":"max-snippet:-1","max-image-preview":"max-image-preview:large","max-video-preview":"max-video-preview:-1"},"canonical":"https:\/\/archiviocassano.lavocedelpaese.info\/index.php\/2015\/10\/09\/genitori-arrabbiati-per-gli-aumenti-di-mensa-e-scuolabus\/","og_locale":"it_IT","og_type":"article","og_title":"Mensa e scuolabus, genitori arrabbiati per gli aumenti - Archivio CassanoWeb","og_url":"https:\/\/archiviocassano.lavocedelpaese.info\/index.php\/2015\/10\/09\/genitori-arrabbiati-per-gli-aumenti-di-mensa-e-scuolabus\/","og_site_name":"Archivio CassanoWeb","article_publisher":"https:\/\/www.facebook.com\/redazione.cassanoweb","article_published_time":"2015-10-09T15:24:28+00:00","og_image":[{"width":600,"height":450,"url":"https:\/\/archiviocassano.lavocedelpaese.info\/wp-content\/uploads\/2014\/10\/mensa_scuola.jpg","type":"image\/jpeg"}],"author":"admin","twitter_card":"summary_large_image","twitter_misc":{"Scritto da":"admin","Tempo di lettura stimato":"2 minuti"},"schema":{"@context":"https:\/\/schema.org","@graph":[{"@type":"Article","@id":"https:\/\/archiviocassano.lavocedelpaese.info\/index.php\/2015\/10\/09\/genitori-arrabbiati-per-gli-aumenti-di-mensa-e-scuolabus\/#article","isPartOf":{"@id":"https:\/\/archiviocassano.lavocedelpaese.info\/index.php\/2015\/10\/09\/genitori-arrabbiati-per-gli-aumenti-di-mensa-e-scuolabus\/"},"author":{"name":"admin","@id":"https:\/\/archiviocassano.lavocedelpaese.info\/#\/schema\/person\/df195bc79a9b4c35127cf005f92e041b"},"headline":"Mensa e scuolabus, genitori arrabbiati per gli aumenti","datePublished":"2015-10-09T15:24:28+00:00","mainEntityOfPage":{"@id":"https:\/\/archiviocassano.lavocedelpaese.info\/index.php\/2015\/10\/09\/genitori-arrabbiati-per-gli-aumenti-di-mensa-e-scuolabus\/"},"wordCount":374,"commentCount":0,"publisher":{"@id":"https:\/\/archiviocassano.lavocedelpaese.info\/#organization"},"image":{"@id":"https:\/\/archiviocassano.lavocedelpaese.info\/index.php\/2015\/10\/09\/genitori-arrabbiati-per-gli-aumenti-di-mensa-e-scuolabus\/#primaryimage"},"thumbnailUrl":"https:\/\/archiviocassano.lavocedelpaese.info\/wp-content\/uploads\/2014\/10\/mensa_scuola.jpg","articleSection":["Attualit\u00e0"],"inLanguage":"it-IT","potentialAction":[{"@type":"CommentAction","name":"Comment","target":["https:\/\/archiviocassano.lavocedelpaese.info\/index.php\/2015\/10\/09\/genitori-arrabbiati-per-gli-aumenti-di-mensa-e-scuolabus\/#respond"]}]},{"@type":"WebPage","@id":"https:\/\/archiviocassano.lavocedelpaese.info\/index.php\/2015\/10\/09\/genitori-arrabbiati-per-gli-aumenti-di-mensa-e-scuolabus\/","url":"https:\/\/archiviocassano.lavocedelpaese.info\/index.php\/2015\/10\/09\/genitori-arrabbiati-per-gli-aumenti-di-mensa-e-scuolabus\/","name":"Mensa e scuolabus, genitori arrabbiati per gli aumenti - Archivio CassanoWeb","isPartOf":{"@id":"https:\/\/archiviocassano.lavocedelpaese.info\/#website"},"primaryImageOfPage":{"@id":"https:\/\/archiviocassano.lavocedelpaese.info\/index.php\/2015\/10\/09\/genitori-arrabbiati-per-gli-aumenti-di-mensa-e-scuolabus\/#primaryimage"},"image":{"@id":"https:\/\/archiviocassano.lavocedelpaese.info\/index.php\/2015\/10\/09\/genitori-arrabbiati-per-gli-aumenti-di-mensa-e-scuolabus\/#primaryimage"},"thumbnailUrl":"https:\/\/archiviocassano.lavocedelpaese.info\/wp-content\/uploads\/2014\/10\/mensa_scuola.jpg","datePublished":"2015-10-09T15:24:28+00:00","breadcrumb":{"@id":"https:\/\/archiviocassano.lavocedelpaese.info\/index.php\/2015\/10\/09\/genitori-arrabbiati-per-gli-aumenti-di-mensa-e-scuolabus\/#breadcrumb"},"inLanguage":"it-IT","potentialAction":[{"@type":"ReadAction","target":["https:\/\/archiviocassano.lavocedelpaese.info\/index.php\/2015\/10\/09\/genitori-arrabbiati-per-gli-aumenti-di-mensa-e-scuolabus\/"]}]},{"@type":"ImageObject","inLanguage":"it-IT","@id":"https:\/\/archiviocassano.lavocedelpaese.info\/index.php\/2015\/10\/09\/genitori-arrabbiati-per-gli-aumenti-di-mensa-e-scuolabus\/#primaryimage","url":"https:\/\/archiviocassano.lavocedelpaese.info\/wp-content\/uploads\/2014\/10\/mensa_scuola.jpg","contentUrl":"https:\/\/archiviocassano.lavocedelpaese.info\/wp-content\/uploads\/2014\/10\/mensa_scuola.jpg","width":600,"height":450,"caption":"mensa scuola"},{"@type":"BreadcrumbList","@id":"https:\/\/archiviocassano.lavocedelpaese.info\/index.php\/2015\/10\/09\/genitori-arrabbiati-per-gli-aumenti-di-mensa-e-scuolabus\/#breadcrumb","itemListElement":[{"@type":"ListItem","position":1,"name":"Home","item":"https:\/\/archiviocassano.lavocedelpaese.info\/"},{"@type":"ListItem","position":2,"name":"Mensa e scuolabus, genitori arrabbiati per gli aumenti"}]},{"@type":"WebSite","@id":"https:\/\/archiviocassano.lavocedelpaese.info\/#website","url":"https:\/\/archiviocassano.lavocedelpaese.info\/","name":"Archivio CassanoWeb","description":"La Voce del Paese - un network di idee","publisher":{"@id":"https:\/\/archiviocassano.lavocedelpaese.info\/#organization"},"potentialAction":[{"@type":"SearchAction","target":{"@type":"EntryPoint","urlTemplate":"https:\/\/archiviocassano.lavocedelpaese.info\/?s={search_term_string}"},"query-input":{"@type":"PropertyValueSpecification","valueRequired":true,"valueName":"search_term_string"}}],"inLanguage":"it-IT"},{"@type":"Organization","@id":"https:\/\/archiviocassano.lavocedelpaese.info\/#organization","name":"Archivio CassanoWeb","url":"https:\/\/archiviocassano.lavocedelpaese.info\/","logo":{"@type":"ImageObject","inLanguage":"it-IT","@id":"https:\/\/archiviocassano.lavocedelpaese.info\/#\/schema\/logo\/image\/","url":"https:\/\/archiviocassano.lavocedelpaese.info\/wp-content\/uploads\/2024\/08\/logo-rosso-2.png","contentUrl":"https:\/\/archiviocassano.lavocedelpaese.info\/wp-content\/uploads\/2024\/08\/logo-rosso-2.png","width":491,"height":432,"caption":"Archivio CassanoWeb"},"image":{"@id":"https:\/\/archiviocassano.lavocedelpaese.info\/#\/schema\/logo\/image\/"},"sameAs":["https:\/\/www.facebook.com\/redazione.cassanoweb"]},{"@type":"Person","@id":"https:\/\/archiviocassano.lavocedelpaese.info\/#\/schema\/person\/df195bc79a9b4c35127cf005f92e041b","name":"admin","image":{"@type":"ImageObject","inLanguage":"it-IT","@id":"https:\/\/secure.gravatar.com\/avatar\/eabba89a432e8eaa1b0207cc55f7e5340b22712b1ed80677efcf63e02ff5b235?s=96&d=mm&r=g","url":"https:\/\/secure.gravatar.com\/avatar\/eabba89a432e8eaa1b0207cc55f7e5340b22712b1ed80677efcf63e02ff5b235?s=96&d=mm&r=g","contentUrl":"https:\/\/secure.gravatar.com\/avatar\/eabba89a432e8eaa1b0207cc55f7e5340b22712b1ed80677efcf63e02ff5b235?s=96&d=mm&r=g","caption":"admin"},"sameAs":["https:\/\/archiviocassano.lavocedelpaese.info"],"url":"https:\/\/archiviocassano.lavocedelpaese.info\/index.php\/author\/admin_0qgz1xdp\/"}]}},"_links":{"self":[{"href":"https:\/\/archiviocassano.lavocedelpaese.info\/index.php\/wp-json\/wp\/v2\/posts\/11521","targetHints":{"allow":["GET"]}}],"collection":[{"href":"https:\/\/archiviocassano.lavocedelpaese.info\/index.php\/wp-json\/wp\/v2\/posts"}],"about":[{"href":"https:\/\/archiviocassano.lavocedelpaese.info\/index.php\/wp-json\/wp\/v2\/types\/post"}],"author":[{"embeddable":true,"href":"https:\/\/archiviocassano.lavocedelpaese.info\/index.php\/wp-json\/wp\/v2\/users\/1"}],"replies":[{"embeddable":true,"href":"https:\/\/archiviocassano.lavocedelpaese.info\/index.php\/wp-json\/wp\/v2\/comments?post=11521"}],"version-history":[{"count":0,"href":"https:\/\/archiviocassano.lavocedelpaese.info\/index.php\/wp-json\/wp\/v2\/posts\/11521\/revisions"}],"wp:featuredmedia":[{"embeddable":true,"href":"https:\/\/archiviocassano.lavocedelpaese.info\/index.php\/wp-json\/wp\/v2\/media\/9798"}],"wp:attachment":[{"href":"https:\/\/archiviocassano.lavocedelpaese.info\/index.php\/wp-json\/wp\/v2\/media?parent=11521"}],"wp:term":[{"taxonomy":"category","embeddable":true,"href":"https:\/\/archiviocassano.lavocedelpaese.info\/index.php\/wp-json\/wp\/v2\/categories?post=11521"},{"taxonomy":"post_tag","embeddable":true,"href":"https:\/\/archiviocassano.lavocedelpaese.info\/index.php\/wp-json\/wp\/v2\/tags?post=11521"}],"curies":[{"name":"wp","href":"https:\/\/api.w.org\/{rel}","templated":true}]}}