{"id":11524,"date":"2015-10-09T14:48:17","date_gmt":"2015-10-09T14:48:17","guid":{"rendered":"https:\/\/archiviocassano.lavocedelpaese.info\/index.php\/2015\/10\/09\/comune-e-scuola-uniti-per-la-raccolta-differenziata\/"},"modified":"2015-10-09T14:48:17","modified_gmt":"2015-10-09T14:48:17","slug":"comune-e-scuola-uniti-per-la-raccolta-differenziata","status":"publish","type":"post","link":"https:\/\/archiviocassano.lavocedelpaese.info\/index.php\/2015\/10\/09\/comune-e-scuola-uniti-per-la-raccolta-differenziata\/","title":{"rendered":"Comune e Scuola uniti per la raccolta differenziata"},"content":{"rendered":"<p><img loading=\"lazy\" decoding=\"async\" class=\" size-full wp-image-7650\" src=\"https:\/\/archiviocassano.lavocedelpaese.info\/wp-content\/uploads\/2013\/05\/differenziata_a_Cassano.jpg\" width=\"320\" height=\"160\" alt=\"differenziata a Cassano\" style=\"margin-right: 2px; margin-left: 2px;\" srcset=\"https:\/\/archiviocassano.lavocedelpaese.info\/wp-content\/uploads\/2013\/05\/differenziata_a_Cassano.jpg 600w, https:\/\/archiviocassano.lavocedelpaese.info\/wp-content\/uploads\/2013\/05\/differenziata_a_Cassano-300x150.jpg 300w\" sizes=\"auto, (max-width: 320px) 100vw, 320px\" \/><\/p>\n<p><!--more--><\/p>\n<p><em>Dal Comune di Cassano, riceviamo e pubblichiamo.<\/em><\/p>\n<p>&nbsp;<\/p>\n<p><p style=\"text-align: justify;\">Si \u00e8 svolto ieri sera, a Palazzo Miani-Perotti, un incontro tra i rappresentanti del Comune, delle scuole cassanesi di ogni ordine e grado e del Cea Solinio Village.<\/p>\n<p style=\"text-align: justify;\">Al centro della riunione &#8211; promossa dall\u2019assessorato alla Qualit\u00e0 dell\u2019Ambiente e dalla societ\u00e0 Ricreo S.r.l. (che gestisce la piattaforma per la preparazione, il recupero e l\u2019avvio al riciclo dei rifiuti differenziati del nostro paese) &#8211; la definizione di un impegno comune per la sensibilizzazione degli alunni e degli studenti, e in generale della cittadinanza cassanese, alla raccolta differenziata dei rifiuti solidi urbani.<\/p>\n<p style=\"text-align: justify;\">L\u2019obiettivo concreto che si vuole raggiungere, oltre a creare una maggiore consapevolezza e attenzione alle tematiche ambientali, \u00e8 quello di aumentare ulteriormente le quantit\u00e0 e la qualit\u00e0 dei materiali raccolti, oggi gi\u00e0 a un livello tale che ha consentito al nostro Comune di essere inserito nella lista dei 25 comuni \u201cecocampioni\u201d della Puglia, titolo riconosciuto da Comieco proprio per gli ottimi risultati raggiunti negli ultimi tempi, con un livello di raccolta che si attesta intorno al 64%. &nbsp;\u00abMa \u2013 \u00e8 stato detto all\u2019unisono nell\u2019incontro di ieri sera &#8211; si pu\u00f2 e si deve fare di pi\u00f9 e meglio\u00bb.<\/p>\n<p style=\"text-align: justify;\">Comune, Ricreo e le scuole cassanesi svilupperanno, pertanto, nel corso di questo anno didattico,&nbsp;un insieme di attivit\u00e0 e iniziative in ambito scolastico sul tema della raccolta differenziata dei rifiuti, rivolte sia agli insegnanti che agli allievi.<\/p>\n<p style=\"text-align: justify;\">Ricreo, in particolare, offrir\u00e0 &#8211; oltre ad una specifica formazione agli insegnanti sul valore, i benefici ambientali ed i vantaggi economici della raccolta differenziata dei rifiuti &#8211; sostegno al corpo docenti sulla progettazione e realizzazione di percorsi educativi sui rifiuti, con l\u2019obiettivo di diffondere, a cominciare dall\u2019interno della scuola stessa, le buone pratiche del recupero e del riciclo dei materiali.<\/p>\n<p style=\"text-align: justify;\">Si tratta di un percorso che vedr\u00e0 gli studenti e gli alunni impegnati in diverse attivit\u00e0 laboratoriali, che punteranno molto sulle capacit\u00e0 creative delle nuove generazioni, con l\u2019obiettivo della&nbsp;costruzione all\u2019interno della comunit\u00e0 locale di un approccio consapevole e responsabile verso i rifiuti, che vanno percepiti e compresi come \u201crisorsa\u201d a cui riconoscere valore e verso i quali occorre interagire non in termini \u201cnegativi\u201d (li butto\u2026), ma in termini \u201cpositivi\u201d (li recupero e riuso).<\/p>\n<p style=\"text-align: justify;\"><em>\u00abLa raccolta differenziata<\/em> \u2013 ha detto durante l\u2019incontro l\u2019assessore Michele Maiullaro \u2013 <em>\u00e8 per questa Amministrazione comunale una priorit\u00e0 assoluta, sulla quale stiamo impegnando molte energie e risorse: un lavoro, come quello messo in campo per le sperimentazioni estive nei borghi, che sta dando ottimi risultati. L\u2019impegno diretto delle scuole cassanesi sar\u00e0 determinante, non solo per favorire una giusta cultura ambientale tra le nuove generazioni e le famiglie, ma anche per aiutare il nostro paese a diventare una vera eccellenza nel campo del differenziazione dei rifiuti, con ricadute estremamente positive dal punto di vista economico e ambientale\u00bb.<\/em><\/p>\n<p style=\"text-align: justify;\">Nelle prossime settimane Comune, Ricreo e il mondo della scuola cassanese torneranno ad incontrarsi per approfondire la proposta progettuale redatta da Ricreo e per definire nel dettaglio gli interventi educativi.<\/p>\n<\/p>\n<p>&nbsp;<\/p>\n","protected":false},"excerpt":{"rendered":"","protected":false},"author":1,"featured_media":7650,"comment_status":"open","ping_status":"closed","sticky":false,"template":"","format":"standard","meta":{"colormag_page_container_layout":"default_layout","colormag_page_sidebar_layout":"default_layout","footnotes":""},"categories":[7],"tags":[],"class_list":["post-11524","post","type-post","status-publish","format-standard","has-post-thumbnail","hentry","category-attualita"],"yoast_head":"<!-- This site is optimized with the Yoast SEO plugin v27.5 - https:\/\/yoast.com\/product\/yoast-seo-wordpress\/ -->\n<title>Comune e Scuola uniti per la raccolta differenziata - Archivio CassanoWeb<\/title>\n<meta name=\"robots\" content=\"index, follow, max-snippet:-1, max-image-preview:large, max-video-preview:-1\" \/>\n<link rel=\"canonical\" href=\"https:\/\/archiviocassano.lavocedelpaese.info\/index.php\/2015\/10\/09\/comune-e-scuola-uniti-per-la-raccolta-differenziata\/\" \/>\n<meta property=\"og:locale\" content=\"it_IT\" \/>\n<meta property=\"og:type\" content=\"article\" \/>\n<meta property=\"og:title\" content=\"Comune e Scuola uniti per la raccolta differenziata - Archivio CassanoWeb\" \/>\n<meta property=\"og:url\" content=\"https:\/\/archiviocassano.lavocedelpaese.info\/index.php\/2015\/10\/09\/comune-e-scuola-uniti-per-la-raccolta-differenziata\/\" \/>\n<meta property=\"og:site_name\" content=\"Archivio CassanoWeb\" \/>\n<meta property=\"article:publisher\" content=\"https:\/\/www.facebook.com\/redazione.cassanoweb\" \/>\n<meta property=\"article:published_time\" content=\"2015-10-09T14:48:17+00:00\" \/>\n<meta property=\"og:image\" content=\"https:\/\/archiviocassano.lavocedelpaese.info\/wp-content\/uploads\/2013\/05\/differenziata_a_Cassano.jpg\" \/>\n\t<meta property=\"og:image:width\" content=\"600\" \/>\n\t<meta property=\"og:image:height\" content=\"300\" \/>\n\t<meta property=\"og:image:type\" content=\"image\/jpeg\" \/>\n<meta name=\"author\" content=\"admin\" \/>\n<meta name=\"twitter:card\" content=\"summary_large_image\" \/>\n<meta name=\"twitter:label1\" content=\"Scritto da\" \/>\n\t<meta name=\"twitter:data1\" content=\"admin\" \/>\n\t<meta name=\"twitter:label2\" content=\"Tempo di lettura stimato\" \/>\n\t<meta name=\"twitter:data2\" content=\"3 minuti\" \/>\n<script type=\"application\/ld+json\" class=\"yoast-schema-graph\">{\"@context\":\"https:\\\/\\\/schema.org\",\"@graph\":[{\"@type\":\"Article\",\"@id\":\"https:\\\/\\\/archiviocassano.lavocedelpaese.info\\\/index.php\\\/2015\\\/10\\\/09\\\/comune-e-scuola-uniti-per-la-raccolta-differenziata\\\/#article\",\"isPartOf\":{\"@id\":\"https:\\\/\\\/archiviocassano.lavocedelpaese.info\\\/index.php\\\/2015\\\/10\\\/09\\\/comune-e-scuola-uniti-per-la-raccolta-differenziata\\\/\"},\"author\":{\"name\":\"admin\",\"@id\":\"https:\\\/\\\/archiviocassano.lavocedelpaese.info\\\/#\\\/schema\\\/person\\\/df195bc79a9b4c35127cf005f92e041b\"},\"headline\":\"Comune e Scuola uniti per la raccolta differenziata\",\"datePublished\":\"2015-10-09T14:48:17+00:00\",\"mainEntityOfPage\":{\"@id\":\"https:\\\/\\\/archiviocassano.lavocedelpaese.info\\\/index.php\\\/2015\\\/10\\\/09\\\/comune-e-scuola-uniti-per-la-raccolta-differenziata\\\/\"},\"wordCount\":512,\"commentCount\":0,\"publisher\":{\"@id\":\"https:\\\/\\\/archiviocassano.lavocedelpaese.info\\\/#organization\"},\"image\":{\"@id\":\"https:\\\/\\\/archiviocassano.lavocedelpaese.info\\\/index.php\\\/2015\\\/10\\\/09\\\/comune-e-scuola-uniti-per-la-raccolta-differenziata\\\/#primaryimage\"},\"thumbnailUrl\":\"https:\\\/\\\/archiviocassano.lavocedelpaese.info\\\/wp-content\\\/uploads\\\/2013\\\/05\\\/differenziata_a_Cassano.jpg\",\"articleSection\":[\"Attualit\u00e0\"],\"inLanguage\":\"it-IT\",\"potentialAction\":[{\"@type\":\"CommentAction\",\"name\":\"Comment\",\"target\":[\"https:\\\/\\\/archiviocassano.lavocedelpaese.info\\\/index.php\\\/2015\\\/10\\\/09\\\/comune-e-scuola-uniti-per-la-raccolta-differenziata\\\/#respond\"]}]},{\"@type\":\"WebPage\",\"@id\":\"https:\\\/\\\/archiviocassano.lavocedelpaese.info\\\/index.php\\\/2015\\\/10\\\/09\\\/comune-e-scuola-uniti-per-la-raccolta-differenziata\\\/\",\"url\":\"https:\\\/\\\/archiviocassano.lavocedelpaese.info\\\/index.php\\\/2015\\\/10\\\/09\\\/comune-e-scuola-uniti-per-la-raccolta-differenziata\\\/\",\"name\":\"Comune e Scuola uniti per la raccolta differenziata - Archivio CassanoWeb\",\"isPartOf\":{\"@id\":\"https:\\\/\\\/archiviocassano.lavocedelpaese.info\\\/#website\"},\"primaryImageOfPage\":{\"@id\":\"https:\\\/\\\/archiviocassano.lavocedelpaese.info\\\/index.php\\\/2015\\\/10\\\/09\\\/comune-e-scuola-uniti-per-la-raccolta-differenziata\\\/#primaryimage\"},\"image\":{\"@id\":\"https:\\\/\\\/archiviocassano.lavocedelpaese.info\\\/index.php\\\/2015\\\/10\\\/09\\\/comune-e-scuola-uniti-per-la-raccolta-differenziata\\\/#primaryimage\"},\"thumbnailUrl\":\"https:\\\/\\\/archiviocassano.lavocedelpaese.info\\\/wp-content\\\/uploads\\\/2013\\\/05\\\/differenziata_a_Cassano.jpg\",\"datePublished\":\"2015-10-09T14:48:17+00:00\",\"breadcrumb\":{\"@id\":\"https:\\\/\\\/archiviocassano.lavocedelpaese.info\\\/index.php\\\/2015\\\/10\\\/09\\\/comune-e-scuola-uniti-per-la-raccolta-differenziata\\\/#breadcrumb\"},\"inLanguage\":\"it-IT\",\"potentialAction\":[{\"@type\":\"ReadAction\",\"target\":[\"https:\\\/\\\/archiviocassano.lavocedelpaese.info\\\/index.php\\\/2015\\\/10\\\/09\\\/comune-e-scuola-uniti-per-la-raccolta-differenziata\\\/\"]}]},{\"@type\":\"ImageObject\",\"inLanguage\":\"it-IT\",\"@id\":\"https:\\\/\\\/archiviocassano.lavocedelpaese.info\\\/index.php\\\/2015\\\/10\\\/09\\\/comune-e-scuola-uniti-per-la-raccolta-differenziata\\\/#primaryimage\",\"url\":\"https:\\\/\\\/archiviocassano.lavocedelpaese.info\\\/wp-content\\\/uploads\\\/2013\\\/05\\\/differenziata_a_Cassano.jpg\",\"contentUrl\":\"https:\\\/\\\/archiviocassano.lavocedelpaese.info\\\/wp-content\\\/uploads\\\/2013\\\/05\\\/differenziata_a_Cassano.jpg\",\"width\":600,\"height\":300,\"caption\":\"differenziata a Cassano\"},{\"@type\":\"BreadcrumbList\",\"@id\":\"https:\\\/\\\/archiviocassano.lavocedelpaese.info\\\/index.php\\\/2015\\\/10\\\/09\\\/comune-e-scuola-uniti-per-la-raccolta-differenziata\\\/#breadcrumb\",\"itemListElement\":[{\"@type\":\"ListItem\",\"position\":1,\"name\":\"Home\",\"item\":\"https:\\\/\\\/archiviocassano.lavocedelpaese.info\\\/\"},{\"@type\":\"ListItem\",\"position\":2,\"name\":\"Comune e Scuola uniti per la raccolta differenziata\"}]},{\"@type\":\"WebSite\",\"@id\":\"https:\\\/\\\/archiviocassano.lavocedelpaese.info\\\/#website\",\"url\":\"https:\\\/\\\/archiviocassano.lavocedelpaese.info\\\/\",\"name\":\"Archivio CassanoWeb\",\"description\":\"La Voce del Paese - un network di idee\",\"publisher\":{\"@id\":\"https:\\\/\\\/archiviocassano.lavocedelpaese.info\\\/#organization\"},\"potentialAction\":[{\"@type\":\"SearchAction\",\"target\":{\"@type\":\"EntryPoint\",\"urlTemplate\":\"https:\\\/\\\/archiviocassano.lavocedelpaese.info\\\/?s={search_term_string}\"},\"query-input\":{\"@type\":\"PropertyValueSpecification\",\"valueRequired\":true,\"valueName\":\"search_term_string\"}}],\"inLanguage\":\"it-IT\"},{\"@type\":\"Organization\",\"@id\":\"https:\\\/\\\/archiviocassano.lavocedelpaese.info\\\/#organization\",\"name\":\"Archivio CassanoWeb\",\"url\":\"https:\\\/\\\/archiviocassano.lavocedelpaese.info\\\/\",\"logo\":{\"@type\":\"ImageObject\",\"inLanguage\":\"it-IT\",\"@id\":\"https:\\\/\\\/archiviocassano.lavocedelpaese.info\\\/#\\\/schema\\\/logo\\\/image\\\/\",\"url\":\"https:\\\/\\\/archiviocassano.lavocedelpaese.info\\\/wp-content\\\/uploads\\\/2024\\\/08\\\/logo-rosso-2.png\",\"contentUrl\":\"https:\\\/\\\/archiviocassano.lavocedelpaese.info\\\/wp-content\\\/uploads\\\/2024\\\/08\\\/logo-rosso-2.png\",\"width\":491,\"height\":432,\"caption\":\"Archivio CassanoWeb\"},\"image\":{\"@id\":\"https:\\\/\\\/archiviocassano.lavocedelpaese.info\\\/#\\\/schema\\\/logo\\\/image\\\/\"},\"sameAs\":[\"https:\\\/\\\/www.facebook.com\\\/redazione.cassanoweb\"]},{\"@type\":\"Person\",\"@id\":\"https:\\\/\\\/archiviocassano.lavocedelpaese.info\\\/#\\\/schema\\\/person\\\/df195bc79a9b4c35127cf005f92e041b\",\"name\":\"admin\",\"image\":{\"@type\":\"ImageObject\",\"inLanguage\":\"it-IT\",\"@id\":\"https:\\\/\\\/secure.gravatar.com\\\/avatar\\\/eabba89a432e8eaa1b0207cc55f7e5340b22712b1ed80677efcf63e02ff5b235?s=96&d=mm&r=g\",\"url\":\"https:\\\/\\\/secure.gravatar.com\\\/avatar\\\/eabba89a432e8eaa1b0207cc55f7e5340b22712b1ed80677efcf63e02ff5b235?s=96&d=mm&r=g\",\"contentUrl\":\"https:\\\/\\\/secure.gravatar.com\\\/avatar\\\/eabba89a432e8eaa1b0207cc55f7e5340b22712b1ed80677efcf63e02ff5b235?s=96&d=mm&r=g\",\"caption\":\"admin\"},\"sameAs\":[\"https:\\\/\\\/archiviocassano.lavocedelpaese.info\"],\"url\":\"https:\\\/\\\/archiviocassano.lavocedelpaese.info\\\/index.php\\\/author\\\/admin_0qgz1xdp\\\/\"}]}<\/script>\n<!-- \/ Yoast SEO plugin. -->","yoast_head_json":{"title":"Comune e Scuola uniti per la raccolta differenziata - Archivio CassanoWeb","robots":{"index":"index","follow":"follow","max-snippet":"max-snippet:-1","max-image-preview":"max-image-preview:large","max-video-preview":"max-video-preview:-1"},"canonical":"https:\/\/archiviocassano.lavocedelpaese.info\/index.php\/2015\/10\/09\/comune-e-scuola-uniti-per-la-raccolta-differenziata\/","og_locale":"it_IT","og_type":"article","og_title":"Comune e Scuola uniti per la raccolta differenziata - Archivio CassanoWeb","og_url":"https:\/\/archiviocassano.lavocedelpaese.info\/index.php\/2015\/10\/09\/comune-e-scuola-uniti-per-la-raccolta-differenziata\/","og_site_name":"Archivio CassanoWeb","article_publisher":"https:\/\/www.facebook.com\/redazione.cassanoweb","article_published_time":"2015-10-09T14:48:17+00:00","og_image":[{"width":600,"height":300,"url":"https:\/\/archiviocassano.lavocedelpaese.info\/wp-content\/uploads\/2013\/05\/differenziata_a_Cassano.jpg","type":"image\/jpeg"}],"author":"admin","twitter_card":"summary_large_image","twitter_misc":{"Scritto da":"admin","Tempo di lettura stimato":"3 minuti"},"schema":{"@context":"https:\/\/schema.org","@graph":[{"@type":"Article","@id":"https:\/\/archiviocassano.lavocedelpaese.info\/index.php\/2015\/10\/09\/comune-e-scuola-uniti-per-la-raccolta-differenziata\/#article","isPartOf":{"@id":"https:\/\/archiviocassano.lavocedelpaese.info\/index.php\/2015\/10\/09\/comune-e-scuola-uniti-per-la-raccolta-differenziata\/"},"author":{"name":"admin","@id":"https:\/\/archiviocassano.lavocedelpaese.info\/#\/schema\/person\/df195bc79a9b4c35127cf005f92e041b"},"headline":"Comune e Scuola uniti per la raccolta differenziata","datePublished":"2015-10-09T14:48:17+00:00","mainEntityOfPage":{"@id":"https:\/\/archiviocassano.lavocedelpaese.info\/index.php\/2015\/10\/09\/comune-e-scuola-uniti-per-la-raccolta-differenziata\/"},"wordCount":512,"commentCount":0,"publisher":{"@id":"https:\/\/archiviocassano.lavocedelpaese.info\/#organization"},"image":{"@id":"https:\/\/archiviocassano.lavocedelpaese.info\/index.php\/2015\/10\/09\/comune-e-scuola-uniti-per-la-raccolta-differenziata\/#primaryimage"},"thumbnailUrl":"https:\/\/archiviocassano.lavocedelpaese.info\/wp-content\/uploads\/2013\/05\/differenziata_a_Cassano.jpg","articleSection":["Attualit\u00e0"],"inLanguage":"it-IT","potentialAction":[{"@type":"CommentAction","name":"Comment","target":["https:\/\/archiviocassano.lavocedelpaese.info\/index.php\/2015\/10\/09\/comune-e-scuola-uniti-per-la-raccolta-differenziata\/#respond"]}]},{"@type":"WebPage","@id":"https:\/\/archiviocassano.lavocedelpaese.info\/index.php\/2015\/10\/09\/comune-e-scuola-uniti-per-la-raccolta-differenziata\/","url":"https:\/\/archiviocassano.lavocedelpaese.info\/index.php\/2015\/10\/09\/comune-e-scuola-uniti-per-la-raccolta-differenziata\/","name":"Comune e Scuola uniti per la raccolta differenziata - Archivio CassanoWeb","isPartOf":{"@id":"https:\/\/archiviocassano.lavocedelpaese.info\/#website"},"primaryImageOfPage":{"@id":"https:\/\/archiviocassano.lavocedelpaese.info\/index.php\/2015\/10\/09\/comune-e-scuola-uniti-per-la-raccolta-differenziata\/#primaryimage"},"image":{"@id":"https:\/\/archiviocassano.lavocedelpaese.info\/index.php\/2015\/10\/09\/comune-e-scuola-uniti-per-la-raccolta-differenziata\/#primaryimage"},"thumbnailUrl":"https:\/\/archiviocassano.lavocedelpaese.info\/wp-content\/uploads\/2013\/05\/differenziata_a_Cassano.jpg","datePublished":"2015-10-09T14:48:17+00:00","breadcrumb":{"@id":"https:\/\/archiviocassano.lavocedelpaese.info\/index.php\/2015\/10\/09\/comune-e-scuola-uniti-per-la-raccolta-differenziata\/#breadcrumb"},"inLanguage":"it-IT","potentialAction":[{"@type":"ReadAction","target":["https:\/\/archiviocassano.lavocedelpaese.info\/index.php\/2015\/10\/09\/comune-e-scuola-uniti-per-la-raccolta-differenziata\/"]}]},{"@type":"ImageObject","inLanguage":"it-IT","@id":"https:\/\/archiviocassano.lavocedelpaese.info\/index.php\/2015\/10\/09\/comune-e-scuola-uniti-per-la-raccolta-differenziata\/#primaryimage","url":"https:\/\/archiviocassano.lavocedelpaese.info\/wp-content\/uploads\/2013\/05\/differenziata_a_Cassano.jpg","contentUrl":"https:\/\/archiviocassano.lavocedelpaese.info\/wp-content\/uploads\/2013\/05\/differenziata_a_Cassano.jpg","width":600,"height":300,"caption":"differenziata a Cassano"},{"@type":"BreadcrumbList","@id":"https:\/\/archiviocassano.lavocedelpaese.info\/index.php\/2015\/10\/09\/comune-e-scuola-uniti-per-la-raccolta-differenziata\/#breadcrumb","itemListElement":[{"@type":"ListItem","position":1,"name":"Home","item":"https:\/\/archiviocassano.lavocedelpaese.info\/"},{"@type":"ListItem","position":2,"name":"Comune e Scuola uniti per la raccolta differenziata"}]},{"@type":"WebSite","@id":"https:\/\/archiviocassano.lavocedelpaese.info\/#website","url":"https:\/\/archiviocassano.lavocedelpaese.info\/","name":"Archivio CassanoWeb","description":"La Voce del Paese - un network di idee","publisher":{"@id":"https:\/\/archiviocassano.lavocedelpaese.info\/#organization"},"potentialAction":[{"@type":"SearchAction","target":{"@type":"EntryPoint","urlTemplate":"https:\/\/archiviocassano.lavocedelpaese.info\/?s={search_term_string}"},"query-input":{"@type":"PropertyValueSpecification","valueRequired":true,"valueName":"search_term_string"}}],"inLanguage":"it-IT"},{"@type":"Organization","@id":"https:\/\/archiviocassano.lavocedelpaese.info\/#organization","name":"Archivio CassanoWeb","url":"https:\/\/archiviocassano.lavocedelpaese.info\/","logo":{"@type":"ImageObject","inLanguage":"it-IT","@id":"https:\/\/archiviocassano.lavocedelpaese.info\/#\/schema\/logo\/image\/","url":"https:\/\/archiviocassano.lavocedelpaese.info\/wp-content\/uploads\/2024\/08\/logo-rosso-2.png","contentUrl":"https:\/\/archiviocassano.lavocedelpaese.info\/wp-content\/uploads\/2024\/08\/logo-rosso-2.png","width":491,"height":432,"caption":"Archivio CassanoWeb"},"image":{"@id":"https:\/\/archiviocassano.lavocedelpaese.info\/#\/schema\/logo\/image\/"},"sameAs":["https:\/\/www.facebook.com\/redazione.cassanoweb"]},{"@type":"Person","@id":"https:\/\/archiviocassano.lavocedelpaese.info\/#\/schema\/person\/df195bc79a9b4c35127cf005f92e041b","name":"admin","image":{"@type":"ImageObject","inLanguage":"it-IT","@id":"https:\/\/secure.gravatar.com\/avatar\/eabba89a432e8eaa1b0207cc55f7e5340b22712b1ed80677efcf63e02ff5b235?s=96&d=mm&r=g","url":"https:\/\/secure.gravatar.com\/avatar\/eabba89a432e8eaa1b0207cc55f7e5340b22712b1ed80677efcf63e02ff5b235?s=96&d=mm&r=g","contentUrl":"https:\/\/secure.gravatar.com\/avatar\/eabba89a432e8eaa1b0207cc55f7e5340b22712b1ed80677efcf63e02ff5b235?s=96&d=mm&r=g","caption":"admin"},"sameAs":["https:\/\/archiviocassano.lavocedelpaese.info"],"url":"https:\/\/archiviocassano.lavocedelpaese.info\/index.php\/author\/admin_0qgz1xdp\/"}]}},"_links":{"self":[{"href":"https:\/\/archiviocassano.lavocedelpaese.info\/index.php\/wp-json\/wp\/v2\/posts\/11524","targetHints":{"allow":["GET"]}}],"collection":[{"href":"https:\/\/archiviocassano.lavocedelpaese.info\/index.php\/wp-json\/wp\/v2\/posts"}],"about":[{"href":"https:\/\/archiviocassano.lavocedelpaese.info\/index.php\/wp-json\/wp\/v2\/types\/post"}],"author":[{"embeddable":true,"href":"https:\/\/archiviocassano.lavocedelpaese.info\/index.php\/wp-json\/wp\/v2\/users\/1"}],"replies":[{"embeddable":true,"href":"https:\/\/archiviocassano.lavocedelpaese.info\/index.php\/wp-json\/wp\/v2\/comments?post=11524"}],"version-history":[{"count":0,"href":"https:\/\/archiviocassano.lavocedelpaese.info\/index.php\/wp-json\/wp\/v2\/posts\/11524\/revisions"}],"wp:featuredmedia":[{"embeddable":true,"href":"https:\/\/archiviocassano.lavocedelpaese.info\/index.php\/wp-json\/wp\/v2\/media\/7650"}],"wp:attachment":[{"href":"https:\/\/archiviocassano.lavocedelpaese.info\/index.php\/wp-json\/wp\/v2\/media?parent=11524"}],"wp:term":[{"taxonomy":"category","embeddable":true,"href":"https:\/\/archiviocassano.lavocedelpaese.info\/index.php\/wp-json\/wp\/v2\/categories?post=11524"},{"taxonomy":"post_tag","embeddable":true,"href":"https:\/\/archiviocassano.lavocedelpaese.info\/index.php\/wp-json\/wp\/v2\/tags?post=11524"}],"curies":[{"name":"wp","href":"https:\/\/api.w.org\/{rel}","templated":true}]}}