{"id":11537,"date":"2015-10-12T05:45:50","date_gmt":"2015-10-12T05:45:50","guid":{"rendered":"https:\/\/archiviocassano.lavocedelpaese.info\/index.php\/2015\/10\/12\/universita-della-terza-eta-i-corsi-di-questanno\/"},"modified":"2015-10-12T05:45:50","modified_gmt":"2015-10-12T05:45:50","slug":"universita-della-terza-eta-i-corsi-di-questanno","status":"publish","type":"post","link":"https:\/\/archiviocassano.lavocedelpaese.info\/index.php\/2015\/10\/12\/universita-della-terza-eta-i-corsi-di-questanno\/","title":{"rendered":"Universit\u00e0 della Terza Et\u00e0: i Corsi di quest&#8217;anno"},"content":{"rendered":"<p><img loading=\"lazy\" decoding=\"async\" class=\" size-full wp-image-11498\" src=\"https:\/\/archiviocassano.lavocedelpaese.info\/wp-content\/uploads\/2015\/10\/UTE_Cassano_piccola.jpg\" alt=\"UTE Cassano piccola\" style=\"margin-right: 2px; margin-left: 2px;\" width=\"320\" height=\"153\" srcset=\"https:\/\/archiviocassano.lavocedelpaese.info\/wp-content\/uploads\/2015\/10\/UTE_Cassano_piccola.jpg 320w, https:\/\/archiviocassano.lavocedelpaese.info\/wp-content\/uploads\/2015\/10\/UTE_Cassano_piccola-300x143.jpg 300w\" sizes=\"auto, (max-width: 320px) 100vw, 320px\" \/><\/p>\n<p><!--more--><\/p>\n<p>L\u2019Universit\u00e0 della Terza Et\u00e0 \u2013 Centro di Cultura Permanente di Cassano delle Murge ha riaperto i battenti e ha dato inizio al suo quattordicesimo anno accademico. La Presidente, prof.ssa Antonia Patrino, dopo un caloroso bentornato ai vecchi docenti ed iscritti ed il benvenuto ai nuovi, ha annunciato il piano di offerta formativa per l\u2019anno accademico 2015-2016, appresso sintetizzato.&nbsp;<\/p>\n<p>&nbsp;<\/p>\n<p><strong>Le iscrizioni si effettuano<\/strong> <strong>dal 12 al 24 ottobre 2015, dal luned\u00ec al venerd\u00ec dalle 17,00 alle 20,00<\/strong> presso <st1:personname productid=\"la Sede\">la Sede<\/st1:personname> in Via Vittorio Emanuele III 38.<\/p>\n<p>&nbsp;<\/p>\n<p>&nbsp;<\/p>\n<p>&nbsp;<\/p>\n<p align=\"center\">&nbsp;<\/p>\n<p style=\"text-align: center;\"><strong>AREA UMANISTICA<\/strong><\/p>\n<p style=\"text-align: justify;\"><span style=\"text-decoration: underline;\">PROGETTO MORALE<\/span><\/p>\n<p style=\"text-align: justify;\">1) RELIGIONE<br \/> Docente: prof. Michele Giammario<br \/>Obiettivi: conoscenza dei testi biblici: \u201cI libri storici\u201d.<br \/> Contenuti: Storia del popolo d\u2019Israele.<br \/> Proposta di viaggio di istruzione in Molise. <br \/>Periodo: novembre-maggio<\/p>\n<p style=\"text-align: justify;\">2) MORALE:<br \/> Docente: Don Nunzio Marinelli<br \/>Obiettivi: la dottrina sociale cristiana e le problematiche sociali. <br \/>Contenuti: le Encicliche di Giovanni Paolo II: \u201cL\u2019amor exercens\u201d, \u201cSollecitudo Rei Socialis\u201d, \u201cCentesimus Annus\u201d e di Benedetto XVI: \u201cCaritas in veritate\u201d, Societ\u00e0 e politica ai tempi di Papa Francesco.<br \/>Periodo: novembre-maggio<\/p>\n<p style=\"text-align: justify;\">&nbsp;<\/p>\n<p style=\"text-align: justify;\"><span style=\"text-decoration: underline;\">PROGETTO STORICO- GEOGRAFICO<\/span><\/p>\n<p style=\"text-align: justify;\">3) STORIA<br \/>Docente: prof. Giuseppe Musella<br \/>Obiettivi: le scelte del cittadino nella vita sociale.<br \/>Contenuti: profughi e deportati nell\u2019impero romano. La politica sociale dell\u2019antica Roma per una societ\u00e0 plurietnica.<br \/>Periodo: novembre-maggio.<\/p>\n<p style=\"text-align: justify;\">4) GEOGRAFIA TURISTICA<br \/>Docente: prof.ssa Cristina Baldari<br \/>Obiettivi: conoscenza di varie realt\u00e0 in luoghi diversi per territorio, sviluppo, arte, economia. <br \/>Contenuti: testimonianze dell\u2019evoluzione storica dell\u2019uomo. Viaggio ideale in luoghi che testimoniano l\u2019integrazione dell\u2019uomo nel territorio e lo sviluppo dello stesso grazie all\u2019economia e all\u2019arte che si evolvono. Citt\u00e0 grandi e piccoli centri caratteristici.<br \/>Periodo: novembre \u2013 maggio<\/p>\n<p style=\"text-align: justify;\">&nbsp;<\/p>\n<p style=\"text-align: justify;\"><span style=\"text-decoration: underline;\">PROGETTO FILOSOFICO<\/span><\/p>\n<p style=\"text-align: justify;\">5) FILOSOFIA<br \/> Docente: prof.ssa Dora Luiso<br \/>Obiettivi: etica e morale nella filosofia occidentale. Educare alla ricerca collettiva ed al pensiero critico.<br \/>Contenuti: il concetto di bene, etica e morale nella filosofia occidentale antica, moderna e contemporanea.<br \/>Periodo: novembre \u2013 aprile<\/p>\n<p style=\"text-align: justify;\">6) PSICOLOGIA<br \/>Docente: dott.ssa Angela Elia<br \/>Obiettivi: conoscenza di concetti e costrutti psicologici che favoriscono nuove competenze sui comportamenti, cognizioni ed emozioni dell\u2019individuo.<br \/>Contenuti: nel processo cognitivo: il pensiero, l\u2019intelligenza, la memoria. Nel processo emotivo: la frustrazione, il conflitto, la rabbia, le emozioni. Nel processo identitorio: identit\u00e0 psico-corporea. Nel processo comunicativo: comunicazione ed assertivit\u00e0. Processo relazionale: ciclo di vita nella coppia.<br \/>Periodo: novembre \u2013 maggio<\/p>\n<p style=\"text-align: justify;\">&nbsp;<\/p>\n<p style=\"text-align: justify;\"><span style=\"text-decoration: underline;\">PROGETTO LETTERARIO<\/span><\/p>\n<p style=\"text-align: justify;\">7) GIORNALISMO: OPINIONI A CONFRONTO<br \/>Docente: prof.ssa Cristina Baldari<br \/>Obiettivi: sviluppare il senso critico sulle problematiche sociali. Acquisire consapevolezza della propria realt\u00e0. Interagire col gruppo confrontando o modificando le proprie idee.<br \/>Contenuti: analisi di varie tematiche da fonti disparate purch\u00e8 sia chiara l\u2019unicit\u00e0 dell\u2019informazione. Approfondimento di eventi che nascono tramite la lettura di giornali, pagine antologiche o di testi di narrativa.<br \/>Periodo: novembre-maggio<\/p>\n<p style=\"text-align: justify;\">8) INDAGINE SULLE RADICI DI UN POPOLO<br \/>Docenti: inss. Chiara Martelli e Antonio Caponio<br \/>Obiettivi: la riscoperta degli antichi detti e proverbi della tradizione. <br \/> Contenuti: continuazione del lavoro avviato nell\u2019anno scorso con trascrizione e <br \/> stampa del materiale raccolto.<\/p>\n<p style=\"text-align: justify;\">&nbsp;<\/p>\n<p style=\"text-align: justify;\"><span style=\"text-decoration: underline;\">PROGETTO ECONOMIA \u2013 DIRITTO<\/span><\/p>\n<p style=\"text-align: justify;\">9) DIRITTO CIVILE<br \/>Docente: avv. Cristina Giorgio<br \/>Obiettivi: conoscenza dei nuovi istituti della negoziazione assistita. Le procedure alternative al contenzioso in tribunale. <br \/>Contenuti: la convenzione di negoziazione. Il procedimento. La negoziazione obbligatoria. La negoziazione in materia di separazione e divorzio. Il ruolo degli avvocati nei negoziazione.<br \/>Periodo: novembre-gennaio<\/p>\n<p style=\"text-align: justify;\">10) DIRITTO PENALE E PROCESSUALE<br \/>Docente: avv. Antonia Gatti<br \/>Obiettivi: conoscenza del procedimento penale dalla denuncia-querela alla sentenza definitiva.<br \/>Contenuti: inizio e iter delle indagini preliminari. Fase dibattimentale. Fase istruttoria. Fase decisoria. Esecuzione delle pene. Analisi di casi concreti.<br \/>Periodo: febbraio-maggio<\/p>\n<p style=\"text-align: justify;\">11) ECONOMIA <br \/>Docente: dott.ssa Stefania Giorgio<br \/>Obiettivi: conoscenza del sistema tributario. <br \/>Contenuti: il sistema fiscale. La nuova tassazione sugli immobili. Imposte dirette e indirette. Trattazione e discussione sugli argomenti di attualit\u00e0 economica.<br \/>Periodo: novembre \u2013 gennaio<\/p>\n<p style=\"text-align: justify;\">&nbsp;<\/p>\n<p style=\"text-align: justify;\"><span style=\"text-decoration: underline;\">PROGETTO CREDITO E FINANZA<\/span><\/p>\n<p style=\"text-align: justify;\">12) CREDITO<br \/>Docente: Rag. Lorenzo Fiore<br \/>Obiettivi: conoscenze di base; stretto legame tra credito e finanza e interconnessioni con la vita di tutti giorni<br \/>Contenuti: scrutinio del mercato creditizio; prezzatura del rischio; forme tecniche \u2013 destinazione; finanza pubblica: debito pubblico, PIL inflazione, recessione; strumenti di credito, mezzi di pagamento, normativa antiriciclaggio e di trasparenza.<br \/>Periodo: novembre \u2013 maggio<\/p>\n<p style=\"text-align: justify;\">13) FINANZA<br \/>Docente: dott. Alessandro Salutari<br \/>Obiettivi: conoscere e distinguere gli strumenti finanziari utili a pianificare e a gestire il risparmio e la previdenza dagli strumenti finanziari speculativi e vantaggiosi solo per gli intermediari.<br \/>Contenuti: il risparmio, i fondi comuni di investimento e i piani di accumulo. La previdenza e i fondi pensione. La pianificazione successoria, il trasferimento di patrimonio e le polizze vita. Gli strumenti finanziari non quotati, i prodotti derivati: opzioni, future e swap. <br \/>Periodo: novembre-maggio<\/p>\n<p style=\"text-align: justify;\">&nbsp;<\/p>\n<p style=\"text-align: justify;\"><span style=\"text-decoration: underline;\">PROGETTO LINGUISTICO<\/span><\/p>\n<p style=\"text-align: justify;\">14) INGLESE 1\u00b0 LIVELLO<br \/>Docente: prof.ssa Catrin Gemmato<br \/>Obiettivi: conoscenza basilare della lingua inglese nel lessico e nella grammatica.<br \/>Contenuti: regole di pronuncia e acquisizioni di vocaboli relativi alla vita di ogni giorno. Approfondimento della lingua attraverso l\u2019ascolto. Produzione di brevi testi.<br \/>Periodo: novembre- maggio<\/p>\n<p style=\"text-align: justify;\">15) INGLESE 2\u00b0 LIVELLO<br \/> Docente : prof.ssa Maria Chiarullo<br \/>Obiettivi: comprensione della lingua nella vita quotidiana su vari argomenti. Produzione di semplici testi. Esame dei vari aspetti della vita anglosassone.<br \/>Contenuti: approfondimento della struttura grammaticale. Le funzioni linguistiche necessarie per esprimersi nell\u2019attivit\u00e0 giornaliera. Le corrette informazioni personali. Cultura e civilt\u00e0 inglese: Londra. La monarchia<br \/>Periodo: novembre-maggio<\/p>\n<p style=\"text-align: justify;\">16) FRANCESE<br \/>Docente: dott.ssa Angela Fino<br \/>Obiettivi: conoscenza di base della lingua nei termini di uso pi\u00f9 comune. <br \/>Contenuti: la fonetica e l\u2019ortografia. Elementi di grammatica di base. <br \/>Periodo: novembre-maggio<\/p>\n<p style=\"text-align: justify;\">&nbsp;<\/p>\n<p style=\"text-align: center;\"><strong>AREA SCIENTIFICA<\/strong><\/p>\n<p style=\"text-align: justify;\"><strong>&nbsp;<\/strong><\/p>\n<p style=\"text-align: justify;\"><span style=\"text-decoration: underline;\">PROGETTO SALUTE<\/span><\/p>\n<p style=\"text-align: justify;\">17) PSICOTERAPIA<br \/>Docente: dott.ssa Anna Maria Mastrorillo<br \/>Obiettivi: conoscenze, dinamiche della mente nel funzionamento normale e patologico. Cura del soggetto nelle relazioni con gli altri.<br \/>Contenuti: campo di applicazione della psico-terapia: personalit\u00e0 sana per una maggiore conoscenza di s\u00e9. Disturbo di personalit\u00e0. Disturbi di ansia. Disturbi del comportamento (aggressivit\u00e0, anoressia, bulimia). <br \/>Periodo: novembre \u2013 gennaio<\/p>\n<p style=\"text-align: justify;\">18) PRIMO SOCCORSO:<br \/>Docente: dott.ssa Candida Tangorra<br \/>Obiettivi: acquisire le conoscenze per un adeguato primo soccorso in caso di accidenti neurologici acuti. Conoscenze di base per soccorrere pazienti neurologici cronici in attesa di adeguati mezzi.<br \/>Contenuti: notizie di base di anatomia e fisiologia dell\u2019apparato nervoso centrale e periferico. Definizione e riconoscimento degli accidenti acuti. Ictus ischemico ed emorragico, meningiti ed encefaliti. Definizione delle principali affezioni croniche e demielinizzanti periferiche. Cefalee. Notizie di primo soccorso. Lezioni frontali. Uso di filmati. Esercitazioni pratiche.<br \/>Periodo: marzo \u2013 maggio<\/p>\n<p style=\"text-align: justify;\">19) GINNASTICA CARDIO-RESPIRATORIA<br \/>Docente: esperta Anna Foggetti <br \/>Obiettivi: correzione delle alterazioni della dinamica respiratoria. Potenziamento della muscolatura addomino-toracica. Recupero funzionale della muscolatura respiratoria. <br \/>Contenuti: elementi di anatomia e fisiologia dell\u2019apparato respiratorio. Impostazione corretta nella dinamica respiratoria utilizzando il diaframma. Esercizio di rilassamento neuromuscolare.<br \/>Periodo: novembre &#8211; maggio<\/p>\n<p style=\"text-align: justify;\">&nbsp;<\/p>\n<p style=\"text-align: justify;\">20) MEDICINA DELL\u2019ET\u00c0 AVANZATA<\/p>\n<p style=\"text-align: justify;\">Docente: dott. Amedeo Venezia<\/p>\n<p style=\"text-align: justify;\">Obiettivi: conoscenze delle cause dell\u2019invecchiamento esaminando i comportamenti alimentari e le varie attivit\u00e0 motorie. Identificare le patologie proprie dell\u2019et\u00e0 avanzata. <br \/>Contenuti: l\u2019invecchiamento umano biologico e clinico. Geragogia: alimentazione e aspetto fisico e motorio che sono la base dell\u2019invecchiamento. Patologie tipiche dell\u2019invecchiamento: disordine dismetabolico e cerebrovascolare.<br \/>Periodo: novembre- maggio.<\/p>\n<p style=\"text-align: justify;\"><span style=\"text-decoration: underline;\">PROGETTO: VIVERE BENE<\/span><\/p>\n<p style=\"text-align: justify;\">21) MEDICINA INTEGRATIVA: OMEOPATIA E AGOPUNTURA<br \/>Docente: dott. Giuseppe Carnevale<br \/>Obiettivi: conoscenza delle leggi fondamentali dell\u2019agopuntura e dell\u2019omeopatia.<br \/>Contenuti: nozioni basilari di terapia agopunturistica; principali rimedi omeopatici; vantaggi dell\u2019alimentazione bioenergetica. <br \/>Periodo: novembre-maggio<\/p>\n<p style=\"text-align: justify;\">22) EDUCAZIONE ALIMENTARE<br \/>Docente: dott. Alessandro Laera<br \/>Obiettivi: conoscenza delle regole per una sana alimentazione.<br \/>Contenuti: propriet\u00e0 degli alimenti. Sovrappeso ed obesit\u00e0. Dieta in et\u00e0 senile. Dieta correlata ad alcune malattie. <br \/>Periodo: novembre \u2013 maggio<\/p>\n<p style=\"text-align: justify;\">23) ECOLOGIA DELL\u2019ABITARE<br \/>Docente: dott. Marco Tassielli<br \/>Obiettivi: presa di coscienza del vivere in ambiente compatibile con la natura. L\u2019ottimale ambiente domestico.<br \/>Contenuti: l\u2019habitat con cui si interagisce. Le conoscenze scientifiche degli ambienti tra cielo e terra. Conoscenza dei sottosuoli e la loro influenza sui viventi. L\u2019acqua come elemento essenziale dei sistemi viventi. Le influenze elettromagnetiche naturali e antropiche; la casa e le sue patologie; l\u2019architettura biologica; i concetti del benessere e del confort, le regole dell\u2019habitat sano.<br \/>Periodo: novembre-gennaio<\/p>\n<p style=\"text-align: justify;\"><span style=\"text-decoration: underline;\">PROGETTO: AMBIENTE E TERRITORIO<\/span><\/p>\n<p style=\"text-align: justify;\">24) BIOLOGIA: LA METEOROLOGIA ALLA BASE DELLA VITA<br \/>Docente: prof. Renato Tria<br \/>Obiettivi: conoscenza dei fenomeni atmosferici e marini che interferiscono con la vita delle piante e degli animali.<br \/>Contenuti: la terra e le sue caratteristiche. Il riscaldamento della terra. Fiumi, laghi e paludi. L\u2019atmosfera terrestre. Le radiazioni solari e l\u2019effetto serra. L\u2019elettricit\u00e0, la pressione l\u2019umidit\u00e0 atmosferica. Le precipitazioni. Climi continentali e marittimi. Il clima italiano e sue interazioni sull\u2019organismo umano. Il riscaldamento globale e sue conseguenze.<br \/>Periodo: novembre-maggio.<\/p>\n<p style=\"text-align: justify;\">25) LE PIANTE ALIMIMURGICHE<br \/>Docente: prof. Renato Tria <br \/>Esperti: Antonio Caponio e Nicola Diomede<br \/>Obiettivi: conoscenza delle pi\u00f9 comuni piante spontanee disponibili in natura per uso alimentare, per integrare la dieta e curare alcune malattie.<br \/>Contenuti: proiezione di schede corredate da foto di varie specie di piante. Piante di cui si \u00e8 persa cognizione. Brevi escursioni nel territorio per individuare praticamente quanto appreso in aula.<br \/>Periodo: novembre \u2013 maggio<\/p>\n<p style=\"text-align: justify;\">26) MERCEOLOGIA: <br \/>Docente: prof. Michele Dimonte<br \/>Obiettivi: apprendere l\u2019uso delle merci analizzando il rapporto qualit\u00e0-prezzo per la salute dell\u2019utente.<br \/>Contenuti: luoghi e metodi di produzione degli alimenti e del vestiario. Loro diffusione e consumi. Effetti sulle persone e sull\u2019ambiente di tutte le merci in generale.<br \/>Periodo: novembre-maggio<\/p>\n<p style=\"text-align: justify;\"><span style=\"text-decoration: underline;\">PROGETTO ARTISTICO<\/span><\/p>\n<p style=\"text-align: justify;\">27) STORIA DELL\u2019ARTE<br \/>Docente: prof.ssa Angela Maria Francesca Angiulo<br \/>Obiettivi: acquisizione di metodi per l\u2019analisi e la valutazione di prodotti artistico-visuali. Il significato culturale del prodotto artistico. Importanza del valore estetico-storico-culturale dell\u2019opera d\u2019arte.<br \/>Contenuti: arte e societ\u00e0 nella met\u00e0 dell\u2019Ottocento: Parigi e la Torre Eiffel. L\u2019invenzione della fotografia. Gli impressionisti, la fotografia e i soggetti della loro arte. Analisi di alcune opere di Ellianet, Monet, Renoir e de Nittis. I post-impressionisti: Seurat, Cesanne, Vangogh e Gauguin. Eventuali visite guidate.<br \/>Periodo: novembre \u2013 maggio<\/p>\n<p style=\"text-align: justify;\">28) ARTI APPLICATE<br \/>Docente: prof.ssa Anna Maria Mattencini<br \/>Obiettivi: conoscenza delle tecniche pittoriche, della terracotta, della ceramica, della decorazione, della foglia-oro e del trompe-ouil.<br \/>Contenuti: lezioni frontali sulle tecniche sopra citate ed esecuzione pratica di modelli relativi.<br \/>Eventuale partecipazione a mostre congiuntamente ad altre Universit\u00e0.<br \/>Periodo: novembre \u2013 maggio (due ore settimanali)<\/p>\n<p style=\"text-align: justify;\"><span style=\"text-decoration: underline;\">PROGETTI DI CREATIVIT\u00c0<\/span><\/p>\n<p style=\"text-align: justify;\">29) MANI CREATIVE<br \/>Docente: prof.ssa Alessandra Giustino<br \/>Esperta: Maria Catinella<br \/>Obiettivi: potenziare le capacit\u00e0 manuali.<br \/>Contenuti: applicazione di tecniche varie per la realizzazione di oggetti di varia utilit\u00e0<br \/>Eventuale partecipazione a mostre congiuntamente con altre Universit\u00e0<br \/>Periodo: novembre \u2013 maggio (due ore settimanali)<\/p>\n<p style=\"text-align: justify;\">30) BIJOTTERIA<br \/>Docente: prof.ssa Alessandra Giustino<br \/>Esperta Maria Catinella<br \/>Obiettivi: affinare le capacit\u00e0 di manipolare diversi materiali con varie tecniche operative.<br \/>Contenuti: Creazione di gioielli con materiale di uso comune manipolizzati con tecniche varie.<br \/>Eventuale partecipazione a mostre congiuntamente ad altre Universit\u00e0.<br \/>Periodo: novembre \u2013 maggio (due ore settimanali).<\/p>\n<p style=\"text-align: justify;\">31) LABORATORIO ARTIGIANALE:<br \/>Docente: Ins. Alessandra Giustino<br \/>Esperte: Lucia Ragno, Palma Masiello, Maria Scorza, Lucia Di Girolamo<br \/>Contenuti: apprendere le tecniche del cucito, ricamo, uncinetto, ecc.<br \/>Eventuale partecipazione a mostre congiuntamente ad altre Universit\u00e0.<br \/>Periodo: novembre \u2013 maggio (due ore settimanali)<\/p>\n<p style=\"text-align: justify;\">32) ARTE FLOREALE: pollice verde a 360 gradi<br \/> Docente: esperta Rosanna Rotunno<br \/>Obiettivi: nozioni di base di giardinaggio e floricoltura<br \/>Contenuti: guida alla conoscenza delle piante ornamentali pi\u00f9 comuni, tecniche di riproduzione, lavori ordinari, idee di arredamento di balcone con piante. Composizioni floreali. Uso di materiale decorativo. <br \/>Materiali necessari: vasi, piante, terriccio, forbici e guanti da giardinaggio, fiori, contenitori, materiale decorativo.<br \/>Periodo: novembre \u2013 maggio<\/p>\n<p style=\"text-align: justify;\">&nbsp;<\/p>\n<p style=\"text-align: justify;\"><span style=\"text-decoration: underline;\">PROGETTO INFORMATICO<\/span><\/p>\n<p style=\"text-align: justify;\">33) INFORMATICA PRIMO LIVELLO<br \/>Docente: Per. Tec. Informatico Gianluca Mastroserio<br \/>Esperto: Giovanni Scaramuzzi<br \/>Obiettivi: Apprendere la teoria e la pratica per l\u2019uso di strumenti informatici in maniera appropriata.<br \/>Contenuti: componenti fisici del sistema hardware (hw) con tutti gli accessori di imput e output delle informazioni. Software \u2013 sistema operativo e software applicativi. Gestione del sistema operativo windows. Programmi di scrittura e elaboratori di testo. Programma di calcolo di foglio elettronico. Posta elettronica e pec (posta elettronica certificata). Navigazione in internet.<br \/>Periodo: novembre \u2013 maggio<\/p>\n<p style=\"text-align: justify;\">34) INFORMATICA SECONDO LIVELLO:<br \/>Docente: Per. Tec. Informatico Gianluca Mastroserio<br \/>Esperto: Alessandro Ruggeri.<br \/>Obiettivi: approfondire l\u2019utilizzo dei programmi di videoscrittura, foglio di calcolo e internet.<br \/>Contenuti: i componenti del personal computer, operativit\u00e0 con documenti e cartelle. Manutenzione del PC: deframmentazione, scandisk, antivirus, pulizia del registro, pulizia dei files temporanei. Foglio di calcolo con openoffice: come funzione il foglio di calcolo, tabelle e fogli, formule, grafici, formattazione del foglio, esercitazioni pratiche. Internet: storia, il word wide web, i motori di ricerca, la posta elettronica, i social network.<br \/>Periodo: novembre &#8211; maggio.<\/p>\n<p style=\"text-align: justify;\">35) SOCIAL NETWORK<br \/>Docente: P. informatico Gianluca Mastroserio<br \/>Esperto: Alessandro Ruggeri<br \/>Obiettivi: apprendere le possibilit\u00e0 di comunicare in rete. <br \/>Contenuti: gestione di file multimediali, archiviazione e condivisione. Apprendimento dei termini inglesi nel linguaggio informatico. <br \/>Periodo: novembre \u2013 maggio<\/p>\n<p style=\"text-align: justify;\">&nbsp;<\/p>\n<p style=\"text-align: justify;\"><span style=\"text-decoration: underline;\">PROGETTO LABORATORIO DI DANZE<\/span><\/p>\n<p style=\"text-align: justify;\">36) DANZE POPOLARI<br \/>Docente: prof.ssa Chiara Lillo<br \/>Obiettivi: conoscenza delle culture dei vari popoli. Benessere del corpo e della mente (acquisizione di maggiore coordinazione, equilibrio, mobilit\u00e0 articolare, senso ritmico). Socializzazione, liberare le tensioni e le energie positive.<br \/>Contenuti: danze popolari russe, francesi e irlandesi.<br \/>Periodo: novembre \u2013 maggio<\/p>\n<p style=\"text-align: justify;\">37) DANZE STORICHE<br \/>Docente: ins. Monica Pichichero<br \/>Obiettivi: acquisire garbo, eleganza, movimento e socializzare.<br \/>Contenuti: le danze dell\u2019Ottocento: valzer, contraddanze, mazurche, ecc. Accenni sulla storia dei costumi dell\u2019Ottocento attraverso la loro realizzazione effettuata dagli stessi corsisti. Lezioni teorico-pratiche.<br \/>Eventuale partecipazione a rassegna organizzate congiuntamente ad altre Universit\u00e0.<br \/>Periodo: novembre \u2013 maggio<\/p>\n<p style=\"text-align: justify;\">38) SOCIAL DANCE<br \/>Docente: esperta Federica Sampaolo<br \/>Obiettivi: offrire agli allievi la possibilit\u00e0 di impiegare un po\u2019 del proprio tempo libero per migliorare la qualit\u00e0 della vita divertendosi.<br \/>Contenuti: lezioni collettive con spiegazione dei passi di balli di gruppo moderni pi\u00f9 noti.<br \/>Periodo: novembre \u2013 maggio<\/p>\n<p style=\"text-align: justify;\">&nbsp;<\/p>\n<p style=\"text-align: justify;\"><span style=\"text-decoration: underline;\">PROGETTO LABORATORIO MUSICALE<\/span><\/p>\n<p style=\"text-align: justify;\">39) CANTO CORALE<br \/>Docente: prof. Francesco Manfredi<br \/>Obiettivi: cantare in ensamble con la preparazione di brani corali contenenti semplici elementi di polifonia.<br \/>Contenuti: canti della tradizione popolare italiana realizzati con facili arrangiamenti che permettano di conoscere le caratteristiche di un coro.<br \/>Partecipazione alla rassegna regionale di fine anno. <br \/>Periodo: novembre \u2013 maggio<\/p>\n<p style=\"text-align: justify;\">40) OPERA E MUSICA LIRICA<br \/>Docente: prof. Francesco Manfredi<br \/>Esperto: inss. Giovanna Gemmato e Giuseppe Campanale.<br \/>Obiettivi: ascoltare l\u2019opera lirica con conoscenze approfondite di elementi storici, filologici e tecnici.<br \/>Contenuti: i compositori pugliesi e le loro composizioni liriche, sinfoniche e cameristiche. Visione di opere principali del repertorio italiano con la collaborazione di un esperto. La cultura e la storia del sud Italia vista dai compositori e dai librettisti con cenni di letteratura italiana del periodo risorgimentale e verista. <br \/>Eventuale visione di opere liriche presso la sede UTE e teatri nazionali.<br \/>Periodo: novembre \u2013 maggio<\/p>\n<p style=\"text-align: justify;\"><span style=\"text-decoration: underline;\">PROGETTO LABORATORIO TEATRALE<\/span><\/p>\n<p style=\"text-align: justify;\">41) TEATRO IN VERNACOLO<br \/>Docente: prof.ssa Laura D\u2019Addabbo<br \/>Obiettivi: assumere consapevolezza delle funzioni proprie del dialetto e dei suoi rapporti con la lingua italiana. Esercitare l\u2019espressivit\u00e0 e la comunicazione. <br \/>Contenuti: rappresentazione della commedia di Edoardo De Filippo \u201cNatale in casa Cuppiello\u201d tradotta in vernacolo cassanese.<br \/>Periodo: novembre \u2013 maggio<\/p>\n<p style=\"text-align: justify;\">42) TEATRO CLASSICO<br \/>Docente: prof.ssa Dora Luiso<br \/>Esperto: Giuseppe Campanale<br \/>Obiettivi: conoscere il teatro come forma di arte in grado di rappresentare il gioco della vita. Esercitarsi ad interpretare stati emotivi e letture differenti della realt\u00e0.<br \/>Contenuti: l\u2019opera teatrale da rappresentare sar\u00e0 definita assieme ai corsisti nel corso dell\u2019anno accademico.<br \/>Periodo: novembre \u2013 maggio<\/p>\n<p style=\"text-align: justify;\"><span style=\"text-decoration: underline;\">PROGETTO: SOCIALIZZAZIONE E SVILUPPO<\/span><br \/><span style=\"text-decoration: underline;\">DELLE CAPACIT\u00c0 LOGICHE-INTUITIVE<\/span><\/p>\n<p style=\"text-align: justify;\">43) BURRACO<br \/> Docente: Riccardo Annese<br \/> Esperta: Anna Morini<br \/> Obiettivi: sviluppo delle capacit\u00e0 logiche e mnemoniche &nbsp;attraverso il gioco. Rispetto delle regole del gioco.<br \/> Miglioramento dei comportamenti reciproci. Socializzazione.<br \/> Contenuti: conoscenza dell\u2019origine e delle regole del gioco.<br \/> Acquisizione delle tecniche e tattiche di gioco. Organizzazione <br \/> di tornei a livello \u201camatoriale\u201d esclusivamente finalizzati alla<br \/> socialit\u00e0 e convivialit\u00e0. Organizzazione di un <br \/> torneo di fine anno aperto solo ai corsisti.<br \/> Periodo: novembre \u2013 maggio (due ore settimanali)<\/p>\n<p style=\"text-align: justify;\">&nbsp;<\/p>\n<p style=\"text-align: justify;\"><span style=\"text-decoration: underline;\">PROGETTO ATTIVIT\u00c0 MOTORIE<\/span><\/p>\n<p style=\"text-align: justify;\">44) GINNASTICA:<br \/>Docente: esperto Giacomo Milella<br \/>Obiettivi: tonificazione muscolare. Prevenzione di malattie osteo-articolari. <br \/>Contenuti: uso del proprio del proprio corpo come attrezzo principale e uso di pesi e attrezzature ginniche specifiche.<br \/>Periodo: novembre-maggio<\/p>\n<p style=\"text-align: justify;\">45) POSTUROLOGIA<br \/>Docente: dott.ssa Anna Pallavicino<br \/>Obiettivi: migliorare il corpo attraverso l\u2019attivit\u00e0 posturale.<br \/>Contenuti: esercizi di respirazione, elongazione della fascia muscolare, esercizi posturali.<br \/>Periodo: novembre-maggio.<\/p>\n<p style=\"text-align: justify;\">COME ERAVAMO<br \/>Ricordiamo\u2026\u2026 per non perdere la nostra storia &#8211; Laboratorio di ricerca: foto, racconti, ed esperienze vissute (Continuazione del corso \u201cLe nostre radici\u201d).<br \/>Obiettivi: ricostruire attraverso racconti e foto gli usi, la moda, lo stile di vita della nostra comunit\u00e0 relativi al periodo 1800-1950.<br \/>Contenuti: ricerca e raccolta di foto e di episodi relativi al periodo sopra citato; suddivisione, catalogazione e individuazione delle varie tematiche; schedatura e rilevazione della tematica rappresentata; ricostruzione storica delle caratteristiche dell\u2019epoca; mostra finale.<br \/>Gruppo di lavoro coordinato dalle insegnanti: Caterina Palumbo &#8211; Martelli Chiara \u2013 Margherita Cuscianna.<br \/>Periodo: novembre-maggio<\/p>\n<p style=\"text-align: justify;\"><span style=\"text-decoration: underline;\">PROGETTO CINEMA<\/span><\/p>\n<p style=\"text-align: justify;\">Saranno tenute lezioni di cinema con proiezioni periodiche di film da programmare durante l\u2019anno accademico, seguite da commenti e interpretazioni soggettive.<\/p>\n<p style=\"text-align: justify;\"><span style=\"text-decoration: underline;\">PROGETTO INTERGENERAZIONALE NATURA E AMBIENTE<\/span><\/p>\n<p style=\"text-align: justify;\">Progetto in comune con la Biblioteca A. Perotti e l\u2019Associazione Legambiente realizzato attraverso incontri periodici tra le due associazioni finalizzati alla conoscenza e al rispetto dell\u2019ambiente e della natura, nonch\u00e8 mettendo a confronto le esperienze personali o di gruppo acquisiti dagli anziani e dai bambini, con eventuale esposizione-mostra finale dei lavori eseguiti.<\/p>\n<p style=\"text-align: justify;\">DAGLI OGGETTI\u2026 AL SAPERE LOCALE\u2026 AL PAESAGGIO<\/p>\n<p style=\"text-align: justify;\">Continua la collaborazione Universit\u00e0-Unesco di Cassano alla ricerca nell\u2019ambito dei beni culturali immateriali iniziata nello scorso anno accademico.<\/p>\n<p><span style=\"line-height: 16.2px;\">.<\/span><\/p>\n<p>&nbsp;<\/p>\n<p>&nbsp;<\/p>\n<p>&nbsp;<\/p>\n","protected":false},"excerpt":{"rendered":"","protected":false},"author":1,"featured_media":11498,"comment_status":"open","ping_status":"closed","sticky":false,"template":"","format":"standard","meta":{"colormag_page_container_layout":"default_layout","colormag_page_sidebar_layout":"default_layout","footnotes":""},"categories":[7],"tags":[],"class_list":["post-11537","post","type-post","status-publish","format-standard","has-post-thumbnail","hentry","category-attualita"],"yoast_head":"<!-- This site is optimized with the Yoast SEO plugin v27.5 - https:\/\/yoast.com\/product\/yoast-seo-wordpress\/ -->\n<title>Universit\u00e0 della Terza Et\u00e0: i Corsi di quest&#039;anno - Archivio CassanoWeb<\/title>\n<meta name=\"robots\" content=\"index, follow, max-snippet:-1, max-image-preview:large, max-video-preview:-1\" \/>\n<link rel=\"canonical\" href=\"https:\/\/archiviocassano.lavocedelpaese.info\/index.php\/2015\/10\/12\/universita-della-terza-eta-i-corsi-di-questanno\/\" \/>\n<meta property=\"og:locale\" content=\"it_IT\" \/>\n<meta property=\"og:type\" content=\"article\" \/>\n<meta property=\"og:title\" content=\"Universit\u00e0 della Terza Et\u00e0: i Corsi di quest&#039;anno - Archivio CassanoWeb\" \/>\n<meta property=\"og:url\" content=\"https:\/\/archiviocassano.lavocedelpaese.info\/index.php\/2015\/10\/12\/universita-della-terza-eta-i-corsi-di-questanno\/\" \/>\n<meta property=\"og:site_name\" content=\"Archivio CassanoWeb\" \/>\n<meta property=\"article:publisher\" content=\"https:\/\/www.facebook.com\/redazione.cassanoweb\" \/>\n<meta property=\"article:published_time\" content=\"2015-10-12T05:45:50+00:00\" \/>\n<meta property=\"og:image\" content=\"https:\/\/archiviocassano.lavocedelpaese.info\/wp-content\/uploads\/2015\/10\/UTE_Cassano_piccola.jpg\" \/>\n\t<meta property=\"og:image:width\" content=\"320\" \/>\n\t<meta property=\"og:image:height\" content=\"153\" \/>\n\t<meta property=\"og:image:type\" content=\"image\/jpeg\" \/>\n<meta name=\"author\" content=\"admin\" \/>\n<meta name=\"twitter:card\" content=\"summary_large_image\" \/>\n<meta name=\"twitter:label1\" content=\"Scritto da\" \/>\n\t<meta name=\"twitter:data1\" content=\"admin\" \/>\n\t<meta name=\"twitter:label2\" content=\"Tempo di lettura stimato\" \/>\n\t<meta name=\"twitter:data2\" content=\"13 minuti\" \/>\n<script type=\"application\/ld+json\" class=\"yoast-schema-graph\">{\"@context\":\"https:\\\/\\\/schema.org\",\"@graph\":[{\"@type\":\"Article\",\"@id\":\"https:\\\/\\\/archiviocassano.lavocedelpaese.info\\\/index.php\\\/2015\\\/10\\\/12\\\/universita-della-terza-eta-i-corsi-di-questanno\\\/#article\",\"isPartOf\":{\"@id\":\"https:\\\/\\\/archiviocassano.lavocedelpaese.info\\\/index.php\\\/2015\\\/10\\\/12\\\/universita-della-terza-eta-i-corsi-di-questanno\\\/\"},\"author\":{\"name\":\"admin\",\"@id\":\"https:\\\/\\\/archiviocassano.lavocedelpaese.info\\\/#\\\/schema\\\/person\\\/df195bc79a9b4c35127cf005f92e041b\"},\"headline\":\"Universit\u00e0 della Terza Et\u00e0: i Corsi di quest&#8217;anno\",\"datePublished\":\"2015-10-12T05:45:50+00:00\",\"mainEntityOfPage\":{\"@id\":\"https:\\\/\\\/archiviocassano.lavocedelpaese.info\\\/index.php\\\/2015\\\/10\\\/12\\\/universita-della-terza-eta-i-corsi-di-questanno\\\/\"},\"wordCount\":2709,\"commentCount\":0,\"publisher\":{\"@id\":\"https:\\\/\\\/archiviocassano.lavocedelpaese.info\\\/#organization\"},\"image\":{\"@id\":\"https:\\\/\\\/archiviocassano.lavocedelpaese.info\\\/index.php\\\/2015\\\/10\\\/12\\\/universita-della-terza-eta-i-corsi-di-questanno\\\/#primaryimage\"},\"thumbnailUrl\":\"https:\\\/\\\/archiviocassano.lavocedelpaese.info\\\/wp-content\\\/uploads\\\/2015\\\/10\\\/UTE_Cassano_piccola.jpg\",\"articleSection\":[\"Attualit\u00e0\"],\"inLanguage\":\"it-IT\",\"potentialAction\":[{\"@type\":\"CommentAction\",\"name\":\"Comment\",\"target\":[\"https:\\\/\\\/archiviocassano.lavocedelpaese.info\\\/index.php\\\/2015\\\/10\\\/12\\\/universita-della-terza-eta-i-corsi-di-questanno\\\/#respond\"]}]},{\"@type\":\"WebPage\",\"@id\":\"https:\\\/\\\/archiviocassano.lavocedelpaese.info\\\/index.php\\\/2015\\\/10\\\/12\\\/universita-della-terza-eta-i-corsi-di-questanno\\\/\",\"url\":\"https:\\\/\\\/archiviocassano.lavocedelpaese.info\\\/index.php\\\/2015\\\/10\\\/12\\\/universita-della-terza-eta-i-corsi-di-questanno\\\/\",\"name\":\"Universit\u00e0 della Terza Et\u00e0: i Corsi di quest'anno - Archivio CassanoWeb\",\"isPartOf\":{\"@id\":\"https:\\\/\\\/archiviocassano.lavocedelpaese.info\\\/#website\"},\"primaryImageOfPage\":{\"@id\":\"https:\\\/\\\/archiviocassano.lavocedelpaese.info\\\/index.php\\\/2015\\\/10\\\/12\\\/universita-della-terza-eta-i-corsi-di-questanno\\\/#primaryimage\"},\"image\":{\"@id\":\"https:\\\/\\\/archiviocassano.lavocedelpaese.info\\\/index.php\\\/2015\\\/10\\\/12\\\/universita-della-terza-eta-i-corsi-di-questanno\\\/#primaryimage\"},\"thumbnailUrl\":\"https:\\\/\\\/archiviocassano.lavocedelpaese.info\\\/wp-content\\\/uploads\\\/2015\\\/10\\\/UTE_Cassano_piccola.jpg\",\"datePublished\":\"2015-10-12T05:45:50+00:00\",\"breadcrumb\":{\"@id\":\"https:\\\/\\\/archiviocassano.lavocedelpaese.info\\\/index.php\\\/2015\\\/10\\\/12\\\/universita-della-terza-eta-i-corsi-di-questanno\\\/#breadcrumb\"},\"inLanguage\":\"it-IT\",\"potentialAction\":[{\"@type\":\"ReadAction\",\"target\":[\"https:\\\/\\\/archiviocassano.lavocedelpaese.info\\\/index.php\\\/2015\\\/10\\\/12\\\/universita-della-terza-eta-i-corsi-di-questanno\\\/\"]}]},{\"@type\":\"ImageObject\",\"inLanguage\":\"it-IT\",\"@id\":\"https:\\\/\\\/archiviocassano.lavocedelpaese.info\\\/index.php\\\/2015\\\/10\\\/12\\\/universita-della-terza-eta-i-corsi-di-questanno\\\/#primaryimage\",\"url\":\"https:\\\/\\\/archiviocassano.lavocedelpaese.info\\\/wp-content\\\/uploads\\\/2015\\\/10\\\/UTE_Cassano_piccola.jpg\",\"contentUrl\":\"https:\\\/\\\/archiviocassano.lavocedelpaese.info\\\/wp-content\\\/uploads\\\/2015\\\/10\\\/UTE_Cassano_piccola.jpg\",\"width\":320,\"height\":153,\"caption\":\"UTE Cassano piccola\"},{\"@type\":\"BreadcrumbList\",\"@id\":\"https:\\\/\\\/archiviocassano.lavocedelpaese.info\\\/index.php\\\/2015\\\/10\\\/12\\\/universita-della-terza-eta-i-corsi-di-questanno\\\/#breadcrumb\",\"itemListElement\":[{\"@type\":\"ListItem\",\"position\":1,\"name\":\"Home\",\"item\":\"https:\\\/\\\/archiviocassano.lavocedelpaese.info\\\/\"},{\"@type\":\"ListItem\",\"position\":2,\"name\":\"Universit\u00e0 della Terza Et\u00e0: i Corsi di quest&#8217;anno\"}]},{\"@type\":\"WebSite\",\"@id\":\"https:\\\/\\\/archiviocassano.lavocedelpaese.info\\\/#website\",\"url\":\"https:\\\/\\\/archiviocassano.lavocedelpaese.info\\\/\",\"name\":\"Archivio CassanoWeb\",\"description\":\"La Voce del Paese - un network di idee\",\"publisher\":{\"@id\":\"https:\\\/\\\/archiviocassano.lavocedelpaese.info\\\/#organization\"},\"potentialAction\":[{\"@type\":\"SearchAction\",\"target\":{\"@type\":\"EntryPoint\",\"urlTemplate\":\"https:\\\/\\\/archiviocassano.lavocedelpaese.info\\\/?s={search_term_string}\"},\"query-input\":{\"@type\":\"PropertyValueSpecification\",\"valueRequired\":true,\"valueName\":\"search_term_string\"}}],\"inLanguage\":\"it-IT\"},{\"@type\":\"Organization\",\"@id\":\"https:\\\/\\\/archiviocassano.lavocedelpaese.info\\\/#organization\",\"name\":\"Archivio CassanoWeb\",\"url\":\"https:\\\/\\\/archiviocassano.lavocedelpaese.info\\\/\",\"logo\":{\"@type\":\"ImageObject\",\"inLanguage\":\"it-IT\",\"@id\":\"https:\\\/\\\/archiviocassano.lavocedelpaese.info\\\/#\\\/schema\\\/logo\\\/image\\\/\",\"url\":\"https:\\\/\\\/archiviocassano.lavocedelpaese.info\\\/wp-content\\\/uploads\\\/2024\\\/08\\\/logo-rosso-2.png\",\"contentUrl\":\"https:\\\/\\\/archiviocassano.lavocedelpaese.info\\\/wp-content\\\/uploads\\\/2024\\\/08\\\/logo-rosso-2.png\",\"width\":491,\"height\":432,\"caption\":\"Archivio CassanoWeb\"},\"image\":{\"@id\":\"https:\\\/\\\/archiviocassano.lavocedelpaese.info\\\/#\\\/schema\\\/logo\\\/image\\\/\"},\"sameAs\":[\"https:\\\/\\\/www.facebook.com\\\/redazione.cassanoweb\"]},{\"@type\":\"Person\",\"@id\":\"https:\\\/\\\/archiviocassano.lavocedelpaese.info\\\/#\\\/schema\\\/person\\\/df195bc79a9b4c35127cf005f92e041b\",\"name\":\"admin\",\"image\":{\"@type\":\"ImageObject\",\"inLanguage\":\"it-IT\",\"@id\":\"https:\\\/\\\/secure.gravatar.com\\\/avatar\\\/eabba89a432e8eaa1b0207cc55f7e5340b22712b1ed80677efcf63e02ff5b235?s=96&d=mm&r=g\",\"url\":\"https:\\\/\\\/secure.gravatar.com\\\/avatar\\\/eabba89a432e8eaa1b0207cc55f7e5340b22712b1ed80677efcf63e02ff5b235?s=96&d=mm&r=g\",\"contentUrl\":\"https:\\\/\\\/secure.gravatar.com\\\/avatar\\\/eabba89a432e8eaa1b0207cc55f7e5340b22712b1ed80677efcf63e02ff5b235?s=96&d=mm&r=g\",\"caption\":\"admin\"},\"sameAs\":[\"https:\\\/\\\/archiviocassano.lavocedelpaese.info\"],\"url\":\"https:\\\/\\\/archiviocassano.lavocedelpaese.info\\\/index.php\\\/author\\\/admin_0qgz1xdp\\\/\"}]}<\/script>\n<!-- \/ Yoast SEO plugin. -->","yoast_head_json":{"title":"Universit\u00e0 della Terza Et\u00e0: i Corsi di quest'anno - Archivio CassanoWeb","robots":{"index":"index","follow":"follow","max-snippet":"max-snippet:-1","max-image-preview":"max-image-preview:large","max-video-preview":"max-video-preview:-1"},"canonical":"https:\/\/archiviocassano.lavocedelpaese.info\/index.php\/2015\/10\/12\/universita-della-terza-eta-i-corsi-di-questanno\/","og_locale":"it_IT","og_type":"article","og_title":"Universit\u00e0 della Terza Et\u00e0: i Corsi di quest'anno - Archivio CassanoWeb","og_url":"https:\/\/archiviocassano.lavocedelpaese.info\/index.php\/2015\/10\/12\/universita-della-terza-eta-i-corsi-di-questanno\/","og_site_name":"Archivio CassanoWeb","article_publisher":"https:\/\/www.facebook.com\/redazione.cassanoweb","article_published_time":"2015-10-12T05:45:50+00:00","og_image":[{"width":320,"height":153,"url":"https:\/\/archiviocassano.lavocedelpaese.info\/wp-content\/uploads\/2015\/10\/UTE_Cassano_piccola.jpg","type":"image\/jpeg"}],"author":"admin","twitter_card":"summary_large_image","twitter_misc":{"Scritto da":"admin","Tempo di lettura stimato":"13 minuti"},"schema":{"@context":"https:\/\/schema.org","@graph":[{"@type":"Article","@id":"https:\/\/archiviocassano.lavocedelpaese.info\/index.php\/2015\/10\/12\/universita-della-terza-eta-i-corsi-di-questanno\/#article","isPartOf":{"@id":"https:\/\/archiviocassano.lavocedelpaese.info\/index.php\/2015\/10\/12\/universita-della-terza-eta-i-corsi-di-questanno\/"},"author":{"name":"admin","@id":"https:\/\/archiviocassano.lavocedelpaese.info\/#\/schema\/person\/df195bc79a9b4c35127cf005f92e041b"},"headline":"Universit\u00e0 della Terza Et\u00e0: i Corsi di quest&#8217;anno","datePublished":"2015-10-12T05:45:50+00:00","mainEntityOfPage":{"@id":"https:\/\/archiviocassano.lavocedelpaese.info\/index.php\/2015\/10\/12\/universita-della-terza-eta-i-corsi-di-questanno\/"},"wordCount":2709,"commentCount":0,"publisher":{"@id":"https:\/\/archiviocassano.lavocedelpaese.info\/#organization"},"image":{"@id":"https:\/\/archiviocassano.lavocedelpaese.info\/index.php\/2015\/10\/12\/universita-della-terza-eta-i-corsi-di-questanno\/#primaryimage"},"thumbnailUrl":"https:\/\/archiviocassano.lavocedelpaese.info\/wp-content\/uploads\/2015\/10\/UTE_Cassano_piccola.jpg","articleSection":["Attualit\u00e0"],"inLanguage":"it-IT","potentialAction":[{"@type":"CommentAction","name":"Comment","target":["https:\/\/archiviocassano.lavocedelpaese.info\/index.php\/2015\/10\/12\/universita-della-terza-eta-i-corsi-di-questanno\/#respond"]}]},{"@type":"WebPage","@id":"https:\/\/archiviocassano.lavocedelpaese.info\/index.php\/2015\/10\/12\/universita-della-terza-eta-i-corsi-di-questanno\/","url":"https:\/\/archiviocassano.lavocedelpaese.info\/index.php\/2015\/10\/12\/universita-della-terza-eta-i-corsi-di-questanno\/","name":"Universit\u00e0 della Terza Et\u00e0: i Corsi di quest'anno - Archivio CassanoWeb","isPartOf":{"@id":"https:\/\/archiviocassano.lavocedelpaese.info\/#website"},"primaryImageOfPage":{"@id":"https:\/\/archiviocassano.lavocedelpaese.info\/index.php\/2015\/10\/12\/universita-della-terza-eta-i-corsi-di-questanno\/#primaryimage"},"image":{"@id":"https:\/\/archiviocassano.lavocedelpaese.info\/index.php\/2015\/10\/12\/universita-della-terza-eta-i-corsi-di-questanno\/#primaryimage"},"thumbnailUrl":"https:\/\/archiviocassano.lavocedelpaese.info\/wp-content\/uploads\/2015\/10\/UTE_Cassano_piccola.jpg","datePublished":"2015-10-12T05:45:50+00:00","breadcrumb":{"@id":"https:\/\/archiviocassano.lavocedelpaese.info\/index.php\/2015\/10\/12\/universita-della-terza-eta-i-corsi-di-questanno\/#breadcrumb"},"inLanguage":"it-IT","potentialAction":[{"@type":"ReadAction","target":["https:\/\/archiviocassano.lavocedelpaese.info\/index.php\/2015\/10\/12\/universita-della-terza-eta-i-corsi-di-questanno\/"]}]},{"@type":"ImageObject","inLanguage":"it-IT","@id":"https:\/\/archiviocassano.lavocedelpaese.info\/index.php\/2015\/10\/12\/universita-della-terza-eta-i-corsi-di-questanno\/#primaryimage","url":"https:\/\/archiviocassano.lavocedelpaese.info\/wp-content\/uploads\/2015\/10\/UTE_Cassano_piccola.jpg","contentUrl":"https:\/\/archiviocassano.lavocedelpaese.info\/wp-content\/uploads\/2015\/10\/UTE_Cassano_piccola.jpg","width":320,"height":153,"caption":"UTE Cassano piccola"},{"@type":"BreadcrumbList","@id":"https:\/\/archiviocassano.lavocedelpaese.info\/index.php\/2015\/10\/12\/universita-della-terza-eta-i-corsi-di-questanno\/#breadcrumb","itemListElement":[{"@type":"ListItem","position":1,"name":"Home","item":"https:\/\/archiviocassano.lavocedelpaese.info\/"},{"@type":"ListItem","position":2,"name":"Universit\u00e0 della Terza Et\u00e0: i Corsi di quest&#8217;anno"}]},{"@type":"WebSite","@id":"https:\/\/archiviocassano.lavocedelpaese.info\/#website","url":"https:\/\/archiviocassano.lavocedelpaese.info\/","name":"Archivio CassanoWeb","description":"La Voce del Paese - un network di idee","publisher":{"@id":"https:\/\/archiviocassano.lavocedelpaese.info\/#organization"},"potentialAction":[{"@type":"SearchAction","target":{"@type":"EntryPoint","urlTemplate":"https:\/\/archiviocassano.lavocedelpaese.info\/?s={search_term_string}"},"query-input":{"@type":"PropertyValueSpecification","valueRequired":true,"valueName":"search_term_string"}}],"inLanguage":"it-IT"},{"@type":"Organization","@id":"https:\/\/archiviocassano.lavocedelpaese.info\/#organization","name":"Archivio CassanoWeb","url":"https:\/\/archiviocassano.lavocedelpaese.info\/","logo":{"@type":"ImageObject","inLanguage":"it-IT","@id":"https:\/\/archiviocassano.lavocedelpaese.info\/#\/schema\/logo\/image\/","url":"https:\/\/archiviocassano.lavocedelpaese.info\/wp-content\/uploads\/2024\/08\/logo-rosso-2.png","contentUrl":"https:\/\/archiviocassano.lavocedelpaese.info\/wp-content\/uploads\/2024\/08\/logo-rosso-2.png","width":491,"height":432,"caption":"Archivio CassanoWeb"},"image":{"@id":"https:\/\/archiviocassano.lavocedelpaese.info\/#\/schema\/logo\/image\/"},"sameAs":["https:\/\/www.facebook.com\/redazione.cassanoweb"]},{"@type":"Person","@id":"https:\/\/archiviocassano.lavocedelpaese.info\/#\/schema\/person\/df195bc79a9b4c35127cf005f92e041b","name":"admin","image":{"@type":"ImageObject","inLanguage":"it-IT","@id":"https:\/\/secure.gravatar.com\/avatar\/eabba89a432e8eaa1b0207cc55f7e5340b22712b1ed80677efcf63e02ff5b235?s=96&d=mm&r=g","url":"https:\/\/secure.gravatar.com\/avatar\/eabba89a432e8eaa1b0207cc55f7e5340b22712b1ed80677efcf63e02ff5b235?s=96&d=mm&r=g","contentUrl":"https:\/\/secure.gravatar.com\/avatar\/eabba89a432e8eaa1b0207cc55f7e5340b22712b1ed80677efcf63e02ff5b235?s=96&d=mm&r=g","caption":"admin"},"sameAs":["https:\/\/archiviocassano.lavocedelpaese.info"],"url":"https:\/\/archiviocassano.lavocedelpaese.info\/index.php\/author\/admin_0qgz1xdp\/"}]}},"_links":{"self":[{"href":"https:\/\/archiviocassano.lavocedelpaese.info\/index.php\/wp-json\/wp\/v2\/posts\/11537","targetHints":{"allow":["GET"]}}],"collection":[{"href":"https:\/\/archiviocassano.lavocedelpaese.info\/index.php\/wp-json\/wp\/v2\/posts"}],"about":[{"href":"https:\/\/archiviocassano.lavocedelpaese.info\/index.php\/wp-json\/wp\/v2\/types\/post"}],"author":[{"embeddable":true,"href":"https:\/\/archiviocassano.lavocedelpaese.info\/index.php\/wp-json\/wp\/v2\/users\/1"}],"replies":[{"embeddable":true,"href":"https:\/\/archiviocassano.lavocedelpaese.info\/index.php\/wp-json\/wp\/v2\/comments?post=11537"}],"version-history":[{"count":0,"href":"https:\/\/archiviocassano.lavocedelpaese.info\/index.php\/wp-json\/wp\/v2\/posts\/11537\/revisions"}],"wp:featuredmedia":[{"embeddable":true,"href":"https:\/\/archiviocassano.lavocedelpaese.info\/index.php\/wp-json\/wp\/v2\/media\/11498"}],"wp:attachment":[{"href":"https:\/\/archiviocassano.lavocedelpaese.info\/index.php\/wp-json\/wp\/v2\/media?parent=11537"}],"wp:term":[{"taxonomy":"category","embeddable":true,"href":"https:\/\/archiviocassano.lavocedelpaese.info\/index.php\/wp-json\/wp\/v2\/categories?post=11537"},{"taxonomy":"post_tag","embeddable":true,"href":"https:\/\/archiviocassano.lavocedelpaese.info\/index.php\/wp-json\/wp\/v2\/tags?post=11537"}],"curies":[{"name":"wp","href":"https:\/\/api.w.org\/{rel}","templated":true}]}}