{"id":11629,"date":"2015-11-05T07:03:53","date_gmt":"2015-11-05T07:03:53","guid":{"rendered":"https:\/\/archiviocassano.lavocedelpaese.info\/index.php\/2015\/11\/05\/liceo-stop-alle-gite-ma-gli-studenti-non-ci-stanno\/"},"modified":"2015-11-05T07:03:53","modified_gmt":"2015-11-05T07:03:53","slug":"liceo-stop-alle-gite-ma-gli-studenti-non-ci-stanno","status":"publish","type":"post","link":"https:\/\/archiviocassano.lavocedelpaese.info\/index.php\/2015\/11\/05\/liceo-stop-alle-gite-ma-gli-studenti-non-ci-stanno\/","title":{"rendered":"Liceo, stop alle gite. Ma gli studenti non ci stanno"},"content":{"rendered":"<p><img loading=\"lazy\" decoding=\"async\" class=\" size-full wp-image-11002\" src=\"https:\/\/archiviocassano.lavocedelpaese.info\/wp-content\/uploads\/2015\/06\/liceo_buona.jpg\" alt=\"liceo buona\" style=\"margin-right: 2px; margin-left: 2px;\" width=\"320\" height=\"150\" srcset=\"https:\/\/archiviocassano.lavocedelpaese.info\/wp-content\/uploads\/2015\/06\/liceo_buona.jpg 320w, https:\/\/archiviocassano.lavocedelpaese.info\/wp-content\/uploads\/2015\/06\/liceo_buona-300x141.jpg 300w\" sizes=\"auto, (max-width: 320px) 100vw, 320px\" \/><\/p>\n<p><!--more--><\/p>\n<p style=\"text-align: justify;\">Sospensione, almeno per quest&#8217;anno, delle gite di istruzione presso il Liceo Scientifico e il Liceo Classico di Cassano. Lo ha deciso il Collegio dei Docenti dell&#8217;Istituto ma \u00e8 una scelta che non piace agli studenti.<\/p>\n<p style=\"text-align: justify;\">Alla base della decisione una serie di motivazioni, non ultima la tragedia del giovane di Cecina (<a href=\"http:\/\/www.lastampa.it\/2015\/10\/15\/italia\/cronache\/ragazzo-precipita-dalla-finestra-di-un-hotel-a-lambrate-hUrAJdstmDGC3aLJVU6VRP\/pagina.html\" target=\"_blank\" rel=\"noopener\">leggi l&#8217;articolo<\/a>) che ha rilanciato il dibattito sulla utilit\u00e0 o meno dei viaggi, sia fra gli studenti e soprattutto fra gli insegnanti. I quali, accompagnando i ragazzi, si sobbarcano una responsabilit\u00e0 non di poco conto e per sole 20,00 euro di un rimborso poco pi\u00f9 che simbolico.<\/p>\n<p style=\"text-align: justify;\">C&#8217;\u00e8, poi, chi fa rilevare come le gite di istruzione sono anacronistiche in una societ\u00e0 molto pi\u00f9 &#8220;mobile&#8221; rispetto agli anni &#8217;70 in cui il fenomeno dei viaggi scolastici cominci\u00f2 ad espandersi. Senza tener conto che il costo delle gite non \u00e8 sostenibile da tutte le famiglie, soprattutto in tempo di crisi tant&#8217;\u00e8 che secondo alcune associazioni di categorie 2 studenti su 3 vi rinunciano per i costi eccessivi.<\/p>\n<p style=\"text-align: justify;\">Pro e contro, insomma, non mancano e tuttavia i liceali non sono d&#8217;accordo con la scelta dei docenti. Stanno, infatti, preparando un documento, una sorta di &#8220;piattaforma&#8221; programmatica per chiedere di rivedere le scelte ma soprattutto chiedono di farle passare dal Consiglio d&#8217;Istituto dove oltre alla Dirigenza e ai Docenti sono rappresentati anche altre componenti della scuola come gli stessi studenti ed i genitori.&nbsp;<\/p>\n","protected":false},"excerpt":{"rendered":"","protected":false},"author":1,"featured_media":11002,"comment_status":"open","ping_status":"closed","sticky":false,"template":"","format":"standard","meta":{"colormag_page_container_layout":"default_layout","colormag_page_sidebar_layout":"default_layout","footnotes":""},"categories":[7],"tags":[],"class_list":["post-11629","post","type-post","status-publish","format-standard","has-post-thumbnail","hentry","category-attualita"],"yoast_head":"<!-- This site is optimized with the Yoast SEO plugin v27.5 - https:\/\/yoast.com\/product\/yoast-seo-wordpress\/ -->\n<title>Liceo, stop alle gite. Ma gli studenti non ci stanno - Archivio CassanoWeb<\/title>\n<meta name=\"robots\" content=\"index, follow, max-snippet:-1, max-image-preview:large, max-video-preview:-1\" \/>\n<link rel=\"canonical\" href=\"https:\/\/archiviocassano.lavocedelpaese.info\/index.php\/2015\/11\/05\/liceo-stop-alle-gite-ma-gli-studenti-non-ci-stanno\/\" \/>\n<meta property=\"og:locale\" content=\"it_IT\" \/>\n<meta property=\"og:type\" content=\"article\" \/>\n<meta property=\"og:title\" content=\"Liceo, stop alle gite. Ma gli studenti non ci stanno - Archivio CassanoWeb\" \/>\n<meta property=\"og:url\" content=\"https:\/\/archiviocassano.lavocedelpaese.info\/index.php\/2015\/11\/05\/liceo-stop-alle-gite-ma-gli-studenti-non-ci-stanno\/\" \/>\n<meta property=\"og:site_name\" content=\"Archivio CassanoWeb\" \/>\n<meta property=\"article:publisher\" content=\"https:\/\/www.facebook.com\/redazione.cassanoweb\" \/>\n<meta property=\"article:published_time\" content=\"2015-11-05T07:03:53+00:00\" \/>\n<meta property=\"og:image\" content=\"https:\/\/archiviocassano.lavocedelpaese.info\/wp-content\/uploads\/2015\/06\/liceo_buona.jpg\" \/>\n\t<meta property=\"og:image:width\" content=\"320\" \/>\n\t<meta property=\"og:image:height\" content=\"150\" \/>\n\t<meta property=\"og:image:type\" content=\"image\/jpeg\" \/>\n<meta name=\"author\" content=\"admin\" \/>\n<meta name=\"twitter:card\" content=\"summary_large_image\" \/>\n<meta name=\"twitter:label1\" content=\"Scritto da\" \/>\n\t<meta name=\"twitter:data1\" content=\"admin\" \/>\n\t<meta name=\"twitter:label2\" content=\"Tempo di lettura stimato\" \/>\n\t<meta name=\"twitter:data2\" content=\"1 minuto\" \/>\n<script type=\"application\/ld+json\" class=\"yoast-schema-graph\">{\"@context\":\"https:\\\/\\\/schema.org\",\"@graph\":[{\"@type\":\"Article\",\"@id\":\"https:\\\/\\\/archiviocassano.lavocedelpaese.info\\\/index.php\\\/2015\\\/11\\\/05\\\/liceo-stop-alle-gite-ma-gli-studenti-non-ci-stanno\\\/#article\",\"isPartOf\":{\"@id\":\"https:\\\/\\\/archiviocassano.lavocedelpaese.info\\\/index.php\\\/2015\\\/11\\\/05\\\/liceo-stop-alle-gite-ma-gli-studenti-non-ci-stanno\\\/\"},\"author\":{\"name\":\"admin\",\"@id\":\"https:\\\/\\\/archiviocassano.lavocedelpaese.info\\\/#\\\/schema\\\/person\\\/df195bc79a9b4c35127cf005f92e041b\"},\"headline\":\"Liceo, stop alle gite. Ma gli studenti non ci stanno\",\"datePublished\":\"2015-11-05T07:03:53+00:00\",\"mainEntityOfPage\":{\"@id\":\"https:\\\/\\\/archiviocassano.lavocedelpaese.info\\\/index.php\\\/2015\\\/11\\\/05\\\/liceo-stop-alle-gite-ma-gli-studenti-non-ci-stanno\\\/\"},\"wordCount\":241,\"commentCount\":0,\"publisher\":{\"@id\":\"https:\\\/\\\/archiviocassano.lavocedelpaese.info\\\/#organization\"},\"image\":{\"@id\":\"https:\\\/\\\/archiviocassano.lavocedelpaese.info\\\/index.php\\\/2015\\\/11\\\/05\\\/liceo-stop-alle-gite-ma-gli-studenti-non-ci-stanno\\\/#primaryimage\"},\"thumbnailUrl\":\"https:\\\/\\\/archiviocassano.lavocedelpaese.info\\\/wp-content\\\/uploads\\\/2015\\\/06\\\/liceo_buona.jpg\",\"articleSection\":[\"Attualit\u00e0\"],\"inLanguage\":\"it-IT\",\"potentialAction\":[{\"@type\":\"CommentAction\",\"name\":\"Comment\",\"target\":[\"https:\\\/\\\/archiviocassano.lavocedelpaese.info\\\/index.php\\\/2015\\\/11\\\/05\\\/liceo-stop-alle-gite-ma-gli-studenti-non-ci-stanno\\\/#respond\"]}]},{\"@type\":\"WebPage\",\"@id\":\"https:\\\/\\\/archiviocassano.lavocedelpaese.info\\\/index.php\\\/2015\\\/11\\\/05\\\/liceo-stop-alle-gite-ma-gli-studenti-non-ci-stanno\\\/\",\"url\":\"https:\\\/\\\/archiviocassano.lavocedelpaese.info\\\/index.php\\\/2015\\\/11\\\/05\\\/liceo-stop-alle-gite-ma-gli-studenti-non-ci-stanno\\\/\",\"name\":\"Liceo, stop alle gite. Ma gli studenti non ci stanno - Archivio CassanoWeb\",\"isPartOf\":{\"@id\":\"https:\\\/\\\/archiviocassano.lavocedelpaese.info\\\/#website\"},\"primaryImageOfPage\":{\"@id\":\"https:\\\/\\\/archiviocassano.lavocedelpaese.info\\\/index.php\\\/2015\\\/11\\\/05\\\/liceo-stop-alle-gite-ma-gli-studenti-non-ci-stanno\\\/#primaryimage\"},\"image\":{\"@id\":\"https:\\\/\\\/archiviocassano.lavocedelpaese.info\\\/index.php\\\/2015\\\/11\\\/05\\\/liceo-stop-alle-gite-ma-gli-studenti-non-ci-stanno\\\/#primaryimage\"},\"thumbnailUrl\":\"https:\\\/\\\/archiviocassano.lavocedelpaese.info\\\/wp-content\\\/uploads\\\/2015\\\/06\\\/liceo_buona.jpg\",\"datePublished\":\"2015-11-05T07:03:53+00:00\",\"breadcrumb\":{\"@id\":\"https:\\\/\\\/archiviocassano.lavocedelpaese.info\\\/index.php\\\/2015\\\/11\\\/05\\\/liceo-stop-alle-gite-ma-gli-studenti-non-ci-stanno\\\/#breadcrumb\"},\"inLanguage\":\"it-IT\",\"potentialAction\":[{\"@type\":\"ReadAction\",\"target\":[\"https:\\\/\\\/archiviocassano.lavocedelpaese.info\\\/index.php\\\/2015\\\/11\\\/05\\\/liceo-stop-alle-gite-ma-gli-studenti-non-ci-stanno\\\/\"]}]},{\"@type\":\"ImageObject\",\"inLanguage\":\"it-IT\",\"@id\":\"https:\\\/\\\/archiviocassano.lavocedelpaese.info\\\/index.php\\\/2015\\\/11\\\/05\\\/liceo-stop-alle-gite-ma-gli-studenti-non-ci-stanno\\\/#primaryimage\",\"url\":\"https:\\\/\\\/archiviocassano.lavocedelpaese.info\\\/wp-content\\\/uploads\\\/2015\\\/06\\\/liceo_buona.jpg\",\"contentUrl\":\"https:\\\/\\\/archiviocassano.lavocedelpaese.info\\\/wp-content\\\/uploads\\\/2015\\\/06\\\/liceo_buona.jpg\",\"width\":320,\"height\":150,\"caption\":\"liceo buona\"},{\"@type\":\"BreadcrumbList\",\"@id\":\"https:\\\/\\\/archiviocassano.lavocedelpaese.info\\\/index.php\\\/2015\\\/11\\\/05\\\/liceo-stop-alle-gite-ma-gli-studenti-non-ci-stanno\\\/#breadcrumb\",\"itemListElement\":[{\"@type\":\"ListItem\",\"position\":1,\"name\":\"Home\",\"item\":\"https:\\\/\\\/archiviocassano.lavocedelpaese.info\\\/\"},{\"@type\":\"ListItem\",\"position\":2,\"name\":\"Liceo, stop alle gite. Ma gli studenti non ci stanno\"}]},{\"@type\":\"WebSite\",\"@id\":\"https:\\\/\\\/archiviocassano.lavocedelpaese.info\\\/#website\",\"url\":\"https:\\\/\\\/archiviocassano.lavocedelpaese.info\\\/\",\"name\":\"Archivio CassanoWeb\",\"description\":\"La Voce del Paese - un network di idee\",\"publisher\":{\"@id\":\"https:\\\/\\\/archiviocassano.lavocedelpaese.info\\\/#organization\"},\"potentialAction\":[{\"@type\":\"SearchAction\",\"target\":{\"@type\":\"EntryPoint\",\"urlTemplate\":\"https:\\\/\\\/archiviocassano.lavocedelpaese.info\\\/?s={search_term_string}\"},\"query-input\":{\"@type\":\"PropertyValueSpecification\",\"valueRequired\":true,\"valueName\":\"search_term_string\"}}],\"inLanguage\":\"it-IT\"},{\"@type\":\"Organization\",\"@id\":\"https:\\\/\\\/archiviocassano.lavocedelpaese.info\\\/#organization\",\"name\":\"Archivio CassanoWeb\",\"url\":\"https:\\\/\\\/archiviocassano.lavocedelpaese.info\\\/\",\"logo\":{\"@type\":\"ImageObject\",\"inLanguage\":\"it-IT\",\"@id\":\"https:\\\/\\\/archiviocassano.lavocedelpaese.info\\\/#\\\/schema\\\/logo\\\/image\\\/\",\"url\":\"https:\\\/\\\/archiviocassano.lavocedelpaese.info\\\/wp-content\\\/uploads\\\/2024\\\/08\\\/logo-rosso-2.png\",\"contentUrl\":\"https:\\\/\\\/archiviocassano.lavocedelpaese.info\\\/wp-content\\\/uploads\\\/2024\\\/08\\\/logo-rosso-2.png\",\"width\":491,\"height\":432,\"caption\":\"Archivio CassanoWeb\"},\"image\":{\"@id\":\"https:\\\/\\\/archiviocassano.lavocedelpaese.info\\\/#\\\/schema\\\/logo\\\/image\\\/\"},\"sameAs\":[\"https:\\\/\\\/www.facebook.com\\\/redazione.cassanoweb\"]},{\"@type\":\"Person\",\"@id\":\"https:\\\/\\\/archiviocassano.lavocedelpaese.info\\\/#\\\/schema\\\/person\\\/df195bc79a9b4c35127cf005f92e041b\",\"name\":\"admin\",\"image\":{\"@type\":\"ImageObject\",\"inLanguage\":\"it-IT\",\"@id\":\"https:\\\/\\\/secure.gravatar.com\\\/avatar\\\/eabba89a432e8eaa1b0207cc55f7e5340b22712b1ed80677efcf63e02ff5b235?s=96&d=mm&r=g\",\"url\":\"https:\\\/\\\/secure.gravatar.com\\\/avatar\\\/eabba89a432e8eaa1b0207cc55f7e5340b22712b1ed80677efcf63e02ff5b235?s=96&d=mm&r=g\",\"contentUrl\":\"https:\\\/\\\/secure.gravatar.com\\\/avatar\\\/eabba89a432e8eaa1b0207cc55f7e5340b22712b1ed80677efcf63e02ff5b235?s=96&d=mm&r=g\",\"caption\":\"admin\"},\"sameAs\":[\"https:\\\/\\\/archiviocassano.lavocedelpaese.info\"],\"url\":\"https:\\\/\\\/archiviocassano.lavocedelpaese.info\\\/index.php\\\/author\\\/admin_0qgz1xdp\\\/\"}]}<\/script>\n<!-- \/ Yoast SEO plugin. -->","yoast_head_json":{"title":"Liceo, stop alle gite. Ma gli studenti non ci stanno - Archivio CassanoWeb","robots":{"index":"index","follow":"follow","max-snippet":"max-snippet:-1","max-image-preview":"max-image-preview:large","max-video-preview":"max-video-preview:-1"},"canonical":"https:\/\/archiviocassano.lavocedelpaese.info\/index.php\/2015\/11\/05\/liceo-stop-alle-gite-ma-gli-studenti-non-ci-stanno\/","og_locale":"it_IT","og_type":"article","og_title":"Liceo, stop alle gite. Ma gli studenti non ci stanno - Archivio CassanoWeb","og_url":"https:\/\/archiviocassano.lavocedelpaese.info\/index.php\/2015\/11\/05\/liceo-stop-alle-gite-ma-gli-studenti-non-ci-stanno\/","og_site_name":"Archivio CassanoWeb","article_publisher":"https:\/\/www.facebook.com\/redazione.cassanoweb","article_published_time":"2015-11-05T07:03:53+00:00","og_image":[{"width":320,"height":150,"url":"https:\/\/archiviocassano.lavocedelpaese.info\/wp-content\/uploads\/2015\/06\/liceo_buona.jpg","type":"image\/jpeg"}],"author":"admin","twitter_card":"summary_large_image","twitter_misc":{"Scritto da":"admin","Tempo di lettura stimato":"1 minuto"},"schema":{"@context":"https:\/\/schema.org","@graph":[{"@type":"Article","@id":"https:\/\/archiviocassano.lavocedelpaese.info\/index.php\/2015\/11\/05\/liceo-stop-alle-gite-ma-gli-studenti-non-ci-stanno\/#article","isPartOf":{"@id":"https:\/\/archiviocassano.lavocedelpaese.info\/index.php\/2015\/11\/05\/liceo-stop-alle-gite-ma-gli-studenti-non-ci-stanno\/"},"author":{"name":"admin","@id":"https:\/\/archiviocassano.lavocedelpaese.info\/#\/schema\/person\/df195bc79a9b4c35127cf005f92e041b"},"headline":"Liceo, stop alle gite. Ma gli studenti non ci stanno","datePublished":"2015-11-05T07:03:53+00:00","mainEntityOfPage":{"@id":"https:\/\/archiviocassano.lavocedelpaese.info\/index.php\/2015\/11\/05\/liceo-stop-alle-gite-ma-gli-studenti-non-ci-stanno\/"},"wordCount":241,"commentCount":0,"publisher":{"@id":"https:\/\/archiviocassano.lavocedelpaese.info\/#organization"},"image":{"@id":"https:\/\/archiviocassano.lavocedelpaese.info\/index.php\/2015\/11\/05\/liceo-stop-alle-gite-ma-gli-studenti-non-ci-stanno\/#primaryimage"},"thumbnailUrl":"https:\/\/archiviocassano.lavocedelpaese.info\/wp-content\/uploads\/2015\/06\/liceo_buona.jpg","articleSection":["Attualit\u00e0"],"inLanguage":"it-IT","potentialAction":[{"@type":"CommentAction","name":"Comment","target":["https:\/\/archiviocassano.lavocedelpaese.info\/index.php\/2015\/11\/05\/liceo-stop-alle-gite-ma-gli-studenti-non-ci-stanno\/#respond"]}]},{"@type":"WebPage","@id":"https:\/\/archiviocassano.lavocedelpaese.info\/index.php\/2015\/11\/05\/liceo-stop-alle-gite-ma-gli-studenti-non-ci-stanno\/","url":"https:\/\/archiviocassano.lavocedelpaese.info\/index.php\/2015\/11\/05\/liceo-stop-alle-gite-ma-gli-studenti-non-ci-stanno\/","name":"Liceo, stop alle gite. Ma gli studenti non ci stanno - Archivio CassanoWeb","isPartOf":{"@id":"https:\/\/archiviocassano.lavocedelpaese.info\/#website"},"primaryImageOfPage":{"@id":"https:\/\/archiviocassano.lavocedelpaese.info\/index.php\/2015\/11\/05\/liceo-stop-alle-gite-ma-gli-studenti-non-ci-stanno\/#primaryimage"},"image":{"@id":"https:\/\/archiviocassano.lavocedelpaese.info\/index.php\/2015\/11\/05\/liceo-stop-alle-gite-ma-gli-studenti-non-ci-stanno\/#primaryimage"},"thumbnailUrl":"https:\/\/archiviocassano.lavocedelpaese.info\/wp-content\/uploads\/2015\/06\/liceo_buona.jpg","datePublished":"2015-11-05T07:03:53+00:00","breadcrumb":{"@id":"https:\/\/archiviocassano.lavocedelpaese.info\/index.php\/2015\/11\/05\/liceo-stop-alle-gite-ma-gli-studenti-non-ci-stanno\/#breadcrumb"},"inLanguage":"it-IT","potentialAction":[{"@type":"ReadAction","target":["https:\/\/archiviocassano.lavocedelpaese.info\/index.php\/2015\/11\/05\/liceo-stop-alle-gite-ma-gli-studenti-non-ci-stanno\/"]}]},{"@type":"ImageObject","inLanguage":"it-IT","@id":"https:\/\/archiviocassano.lavocedelpaese.info\/index.php\/2015\/11\/05\/liceo-stop-alle-gite-ma-gli-studenti-non-ci-stanno\/#primaryimage","url":"https:\/\/archiviocassano.lavocedelpaese.info\/wp-content\/uploads\/2015\/06\/liceo_buona.jpg","contentUrl":"https:\/\/archiviocassano.lavocedelpaese.info\/wp-content\/uploads\/2015\/06\/liceo_buona.jpg","width":320,"height":150,"caption":"liceo buona"},{"@type":"BreadcrumbList","@id":"https:\/\/archiviocassano.lavocedelpaese.info\/index.php\/2015\/11\/05\/liceo-stop-alle-gite-ma-gli-studenti-non-ci-stanno\/#breadcrumb","itemListElement":[{"@type":"ListItem","position":1,"name":"Home","item":"https:\/\/archiviocassano.lavocedelpaese.info\/"},{"@type":"ListItem","position":2,"name":"Liceo, stop alle gite. Ma gli studenti non ci stanno"}]},{"@type":"WebSite","@id":"https:\/\/archiviocassano.lavocedelpaese.info\/#website","url":"https:\/\/archiviocassano.lavocedelpaese.info\/","name":"Archivio CassanoWeb","description":"La Voce del Paese - un network di idee","publisher":{"@id":"https:\/\/archiviocassano.lavocedelpaese.info\/#organization"},"potentialAction":[{"@type":"SearchAction","target":{"@type":"EntryPoint","urlTemplate":"https:\/\/archiviocassano.lavocedelpaese.info\/?s={search_term_string}"},"query-input":{"@type":"PropertyValueSpecification","valueRequired":true,"valueName":"search_term_string"}}],"inLanguage":"it-IT"},{"@type":"Organization","@id":"https:\/\/archiviocassano.lavocedelpaese.info\/#organization","name":"Archivio CassanoWeb","url":"https:\/\/archiviocassano.lavocedelpaese.info\/","logo":{"@type":"ImageObject","inLanguage":"it-IT","@id":"https:\/\/archiviocassano.lavocedelpaese.info\/#\/schema\/logo\/image\/","url":"https:\/\/archiviocassano.lavocedelpaese.info\/wp-content\/uploads\/2024\/08\/logo-rosso-2.png","contentUrl":"https:\/\/archiviocassano.lavocedelpaese.info\/wp-content\/uploads\/2024\/08\/logo-rosso-2.png","width":491,"height":432,"caption":"Archivio CassanoWeb"},"image":{"@id":"https:\/\/archiviocassano.lavocedelpaese.info\/#\/schema\/logo\/image\/"},"sameAs":["https:\/\/www.facebook.com\/redazione.cassanoweb"]},{"@type":"Person","@id":"https:\/\/archiviocassano.lavocedelpaese.info\/#\/schema\/person\/df195bc79a9b4c35127cf005f92e041b","name":"admin","image":{"@type":"ImageObject","inLanguage":"it-IT","@id":"https:\/\/secure.gravatar.com\/avatar\/eabba89a432e8eaa1b0207cc55f7e5340b22712b1ed80677efcf63e02ff5b235?s=96&d=mm&r=g","url":"https:\/\/secure.gravatar.com\/avatar\/eabba89a432e8eaa1b0207cc55f7e5340b22712b1ed80677efcf63e02ff5b235?s=96&d=mm&r=g","contentUrl":"https:\/\/secure.gravatar.com\/avatar\/eabba89a432e8eaa1b0207cc55f7e5340b22712b1ed80677efcf63e02ff5b235?s=96&d=mm&r=g","caption":"admin"},"sameAs":["https:\/\/archiviocassano.lavocedelpaese.info"],"url":"https:\/\/archiviocassano.lavocedelpaese.info\/index.php\/author\/admin_0qgz1xdp\/"}]}},"_links":{"self":[{"href":"https:\/\/archiviocassano.lavocedelpaese.info\/index.php\/wp-json\/wp\/v2\/posts\/11629","targetHints":{"allow":["GET"]}}],"collection":[{"href":"https:\/\/archiviocassano.lavocedelpaese.info\/index.php\/wp-json\/wp\/v2\/posts"}],"about":[{"href":"https:\/\/archiviocassano.lavocedelpaese.info\/index.php\/wp-json\/wp\/v2\/types\/post"}],"author":[{"embeddable":true,"href":"https:\/\/archiviocassano.lavocedelpaese.info\/index.php\/wp-json\/wp\/v2\/users\/1"}],"replies":[{"embeddable":true,"href":"https:\/\/archiviocassano.lavocedelpaese.info\/index.php\/wp-json\/wp\/v2\/comments?post=11629"}],"version-history":[{"count":0,"href":"https:\/\/archiviocassano.lavocedelpaese.info\/index.php\/wp-json\/wp\/v2\/posts\/11629\/revisions"}],"wp:featuredmedia":[{"embeddable":true,"href":"https:\/\/archiviocassano.lavocedelpaese.info\/index.php\/wp-json\/wp\/v2\/media\/11002"}],"wp:attachment":[{"href":"https:\/\/archiviocassano.lavocedelpaese.info\/index.php\/wp-json\/wp\/v2\/media?parent=11629"}],"wp:term":[{"taxonomy":"category","embeddable":true,"href":"https:\/\/archiviocassano.lavocedelpaese.info\/index.php\/wp-json\/wp\/v2\/categories?post=11629"},{"taxonomy":"post_tag","embeddable":true,"href":"https:\/\/archiviocassano.lavocedelpaese.info\/index.php\/wp-json\/wp\/v2\/tags?post=11629"}],"curies":[{"name":"wp","href":"https:\/\/api.w.org\/{rel}","templated":true}]}}