{"id":11752,"date":"2015-12-03T06:48:33","date_gmt":"2015-12-03T06:48:33","guid":{"rendered":"https:\/\/archiviocassano.lavocedelpaese.info\/index.php\/2015\/12\/03\/alice-pasti-alla-quinta-edizione-di-qforme-di-gustoq\/"},"modified":"2015-12-03T06:48:33","modified_gmt":"2015-12-03T06:48:33","slug":"alice-pasti-alla-quinta-edizione-di-qforme-di-gustoq","status":"publish","type":"post","link":"https:\/\/archiviocassano.lavocedelpaese.info\/index.php\/2015\/12\/03\/alice-pasti-alla-quinta-edizione-di-qforme-di-gustoq\/","title":{"rendered":"Alice Pasti alla quinta edizione di &#8220;Forme di Gusto&#8221;"},"content":{"rendered":"<p style=\"text-align: justify;\"><img loading=\"lazy\" decoding=\"async\" src=\"images\/stories\/archiviofoto\/alice-pasti-25-08-1402_copy.jpeg\" width=\"320\" height=\"150\" alt=\"alice-pasti-25-08-1402 copy\" \/><\/p>\n<p><!--more--><\/p>\n<p>Uno sguardo attento ai cambiamenti culturali, un\u2019analisi socio-antropologica della fusione tra cibo e moda e, non meno importante, una riqualifica dei pilastri portanti del nostro Made in Italy. Cos\u00ec, Forme di Gusto giunge alla 5\u00b0 edizione.<\/p>\n<p style=\"text-align: justify;\">L\u2019appuntamento annuale con l\u2019evento non delude e, come una promessa, torna immancabile il prossimo 6 dicembre nella cornice della \u201cReggia di Giano\u201d di Cassano delle Murge (via Mercadante km 1).<\/p>\n<p style=\"text-align: justify;\">Con un format collaudato e vincente, la serata si snoda in diversi momenti, ma non mancheranno, anche quest\u2019anno, novit\u00e0 a rendere lo spettacolo sempre innovativo ed appetitoso.<\/p>\n<p style=\"text-align: justify;\">A cinque anni dal suo esordio a Gioia del Colle, Forme di Gusto muove i primi passi fuori dal paese natale. Per allargare gli orizzonti alle realt\u00e0 che condividono l\u2019etica dell\u2019associazione, questa edizione si svolger\u00e0 nella suggestiva sala ricevimenti \u201cReggia di Giano\u201d, location storica della tradizione pugliese, che ha saputo rinnovarsi, non solo nell\u2019estetica, ma soprattutto nell\u2019attenzione alle nuove tendenze gastronomiche.<\/p>\n<p style=\"text-align: justify;\">Ospite d\u2019eccezione e testimonial per la 5\u00b0 edizione, <strong>Alice Pasti<\/strong> <em>(nella foto<\/em>) Decretata una delle sei curvy model pi\u00f9 famose al mondo, racconter\u00e0 la sua storia come esempio ed emblema della bellezza femminile a tutto tondo.<\/p>\n<p style=\"text-align: justify;\">Il defil\u00e9 d\u2019Alta Moda Sposa a cura della SARTORIA PRISCIANTELLI \u00e8 divenuto ormai un must dell\u2019evento. Modelle \u201cnormali\u201d, donne vere come grida il manifesto, che con energia e orgoglio sfilano negli eleganti abiti proposti dall\u2019atelier.<\/p>\n<p style=\"text-align: justify;\"><i>\u201cI riflettori del fashion sistem rimandano immagini distorte e decisamente lontane dalla realt\u00e0. Vestire oggi le donne, offrendo loro non un semplice vestito ma una nuova immagine di s\u00e9 &nbsp;ripulita da falsi stereotipi, \u00e8 impresa assai difficile. <\/i>\u2013 dichiara la designer Rossana Prisciantelli<i> \u2013 Per questo ogni anno scegliamo Forme di Gusto. Per dimostrare che un corpo sano, libero dai clich\u00e9 delle taglie preconfezionate, \u00e8 il vero senso del bello\u201d.<\/i><\/p>\n<p style=\"text-align: justify;\">Parte immancabile a coronare un messaggio di positivit\u00e0, una deliziosa degustazione ad opera della sala e spettacoli di live cooking dello chef&nbsp; Pasquale Petroli.<\/p>\n<p style=\"text-align: justify;\"><strong>Sponsor<\/strong>: Ceramiche d\u2019Arte Madre Terra di Maria Matera, Herbalife Italia spa di Cesare Laera, Prestige Flower Designer by Angela, Photo di Vito Mastrovito, Ottica Vasco di Angelo Vasco, Pako Dj Staff, Make Up di Adriana Zibillo, Acconciature di Giulia Galatola.<\/p>\n<p style=\"text-align: justify;\"><strong>Partner ufficiale<\/strong>: Atelier cerimonia sposa Sartoria Prisciantelli e sala ricevimenti Reggia di Giano.<\/p>\n<p>&nbsp;<\/p>\n","protected":false},"excerpt":{"rendered":"","protected":false},"author":1,"featured_media":0,"comment_status":"open","ping_status":"closed","sticky":false,"template":"","format":"standard","meta":{"colormag_page_container_layout":"default_layout","colormag_page_sidebar_layout":"default_layout","footnotes":""},"categories":[11],"tags":[],"class_list":["post-11752","post","type-post","status-publish","format-standard","hentry","category-appuntamenti"],"yoast_head":"<!-- This site is optimized with the Yoast SEO plugin v27.5 - https:\/\/yoast.com\/product\/yoast-seo-wordpress\/ -->\n<title>Alice Pasti alla quinta edizione di &quot;Forme di Gusto&quot; - Archivio CassanoWeb<\/title>\n<meta name=\"robots\" content=\"index, follow, max-snippet:-1, max-image-preview:large, max-video-preview:-1\" \/>\n<link rel=\"canonical\" href=\"https:\/\/archiviocassano.lavocedelpaese.info\/index.php\/2015\/12\/03\/alice-pasti-alla-quinta-edizione-di-qforme-di-gustoq\/\" \/>\n<meta property=\"og:locale\" content=\"it_IT\" \/>\n<meta property=\"og:type\" content=\"article\" \/>\n<meta property=\"og:title\" content=\"Alice Pasti alla quinta edizione di &quot;Forme di Gusto&quot; - Archivio CassanoWeb\" \/>\n<meta property=\"og:url\" content=\"https:\/\/archiviocassano.lavocedelpaese.info\/index.php\/2015\/12\/03\/alice-pasti-alla-quinta-edizione-di-qforme-di-gustoq\/\" \/>\n<meta property=\"og:site_name\" content=\"Archivio CassanoWeb\" \/>\n<meta property=\"article:publisher\" content=\"https:\/\/www.facebook.com\/redazione.cassanoweb\" \/>\n<meta property=\"article:published_time\" content=\"2015-12-03T06:48:33+00:00\" \/>\n<meta name=\"author\" content=\"admin\" \/>\n<meta name=\"twitter:card\" content=\"summary_large_image\" \/>\n<meta name=\"twitter:label1\" content=\"Scritto da\" \/>\n\t<meta name=\"twitter:data1\" content=\"admin\" \/>\n\t<meta name=\"twitter:label2\" content=\"Tempo di lettura stimato\" \/>\n\t<meta name=\"twitter:data2\" content=\"2 minuti\" \/>\n<script type=\"application\/ld+json\" class=\"yoast-schema-graph\">{\"@context\":\"https:\\\/\\\/schema.org\",\"@graph\":[{\"@type\":\"Article\",\"@id\":\"https:\\\/\\\/archiviocassano.lavocedelpaese.info\\\/index.php\\\/2015\\\/12\\\/03\\\/alice-pasti-alla-quinta-edizione-di-qforme-di-gustoq\\\/#article\",\"isPartOf\":{\"@id\":\"https:\\\/\\\/archiviocassano.lavocedelpaese.info\\\/index.php\\\/2015\\\/12\\\/03\\\/alice-pasti-alla-quinta-edizione-di-qforme-di-gustoq\\\/\"},\"author\":{\"name\":\"admin\",\"@id\":\"https:\\\/\\\/archiviocassano.lavocedelpaese.info\\\/#\\\/schema\\\/person\\\/df195bc79a9b4c35127cf005f92e041b\"},\"headline\":\"Alice Pasti alla quinta edizione di &#8220;Forme di Gusto&#8221;\",\"datePublished\":\"2015-12-03T06:48:33+00:00\",\"mainEntityOfPage\":{\"@id\":\"https:\\\/\\\/archiviocassano.lavocedelpaese.info\\\/index.php\\\/2015\\\/12\\\/03\\\/alice-pasti-alla-quinta-edizione-di-qforme-di-gustoq\\\/\"},\"wordCount\":388,\"commentCount\":0,\"publisher\":{\"@id\":\"https:\\\/\\\/archiviocassano.lavocedelpaese.info\\\/#organization\"},\"articleSection\":[\"Appuntamenti\"],\"inLanguage\":\"it-IT\",\"potentialAction\":[{\"@type\":\"CommentAction\",\"name\":\"Comment\",\"target\":[\"https:\\\/\\\/archiviocassano.lavocedelpaese.info\\\/index.php\\\/2015\\\/12\\\/03\\\/alice-pasti-alla-quinta-edizione-di-qforme-di-gustoq\\\/#respond\"]}]},{\"@type\":\"WebPage\",\"@id\":\"https:\\\/\\\/archiviocassano.lavocedelpaese.info\\\/index.php\\\/2015\\\/12\\\/03\\\/alice-pasti-alla-quinta-edizione-di-qforme-di-gustoq\\\/\",\"url\":\"https:\\\/\\\/archiviocassano.lavocedelpaese.info\\\/index.php\\\/2015\\\/12\\\/03\\\/alice-pasti-alla-quinta-edizione-di-qforme-di-gustoq\\\/\",\"name\":\"Alice Pasti alla quinta edizione di \\\"Forme di Gusto\\\" - Archivio CassanoWeb\",\"isPartOf\":{\"@id\":\"https:\\\/\\\/archiviocassano.lavocedelpaese.info\\\/#website\"},\"datePublished\":\"2015-12-03T06:48:33+00:00\",\"breadcrumb\":{\"@id\":\"https:\\\/\\\/archiviocassano.lavocedelpaese.info\\\/index.php\\\/2015\\\/12\\\/03\\\/alice-pasti-alla-quinta-edizione-di-qforme-di-gustoq\\\/#breadcrumb\"},\"inLanguage\":\"it-IT\",\"potentialAction\":[{\"@type\":\"ReadAction\",\"target\":[\"https:\\\/\\\/archiviocassano.lavocedelpaese.info\\\/index.php\\\/2015\\\/12\\\/03\\\/alice-pasti-alla-quinta-edizione-di-qforme-di-gustoq\\\/\"]}]},{\"@type\":\"BreadcrumbList\",\"@id\":\"https:\\\/\\\/archiviocassano.lavocedelpaese.info\\\/index.php\\\/2015\\\/12\\\/03\\\/alice-pasti-alla-quinta-edizione-di-qforme-di-gustoq\\\/#breadcrumb\",\"itemListElement\":[{\"@type\":\"ListItem\",\"position\":1,\"name\":\"Home\",\"item\":\"https:\\\/\\\/archiviocassano.lavocedelpaese.info\\\/\"},{\"@type\":\"ListItem\",\"position\":2,\"name\":\"Alice Pasti alla quinta edizione di &#8220;Forme di Gusto&#8221;\"}]},{\"@type\":\"WebSite\",\"@id\":\"https:\\\/\\\/archiviocassano.lavocedelpaese.info\\\/#website\",\"url\":\"https:\\\/\\\/archiviocassano.lavocedelpaese.info\\\/\",\"name\":\"Archivio CassanoWeb\",\"description\":\"La Voce del Paese - un network di idee\",\"publisher\":{\"@id\":\"https:\\\/\\\/archiviocassano.lavocedelpaese.info\\\/#organization\"},\"potentialAction\":[{\"@type\":\"SearchAction\",\"target\":{\"@type\":\"EntryPoint\",\"urlTemplate\":\"https:\\\/\\\/archiviocassano.lavocedelpaese.info\\\/?s={search_term_string}\"},\"query-input\":{\"@type\":\"PropertyValueSpecification\",\"valueRequired\":true,\"valueName\":\"search_term_string\"}}],\"inLanguage\":\"it-IT\"},{\"@type\":\"Organization\",\"@id\":\"https:\\\/\\\/archiviocassano.lavocedelpaese.info\\\/#organization\",\"name\":\"Archivio CassanoWeb\",\"url\":\"https:\\\/\\\/archiviocassano.lavocedelpaese.info\\\/\",\"logo\":{\"@type\":\"ImageObject\",\"inLanguage\":\"it-IT\",\"@id\":\"https:\\\/\\\/archiviocassano.lavocedelpaese.info\\\/#\\\/schema\\\/logo\\\/image\\\/\",\"url\":\"https:\\\/\\\/archiviocassano.lavocedelpaese.info\\\/wp-content\\\/uploads\\\/2024\\\/08\\\/logo-rosso-2.png\",\"contentUrl\":\"https:\\\/\\\/archiviocassano.lavocedelpaese.info\\\/wp-content\\\/uploads\\\/2024\\\/08\\\/logo-rosso-2.png\",\"width\":491,\"height\":432,\"caption\":\"Archivio CassanoWeb\"},\"image\":{\"@id\":\"https:\\\/\\\/archiviocassano.lavocedelpaese.info\\\/#\\\/schema\\\/logo\\\/image\\\/\"},\"sameAs\":[\"https:\\\/\\\/www.facebook.com\\\/redazione.cassanoweb\"]},{\"@type\":\"Person\",\"@id\":\"https:\\\/\\\/archiviocassano.lavocedelpaese.info\\\/#\\\/schema\\\/person\\\/df195bc79a9b4c35127cf005f92e041b\",\"name\":\"admin\",\"image\":{\"@type\":\"ImageObject\",\"inLanguage\":\"it-IT\",\"@id\":\"https:\\\/\\\/secure.gravatar.com\\\/avatar\\\/eabba89a432e8eaa1b0207cc55f7e5340b22712b1ed80677efcf63e02ff5b235?s=96&d=mm&r=g\",\"url\":\"https:\\\/\\\/secure.gravatar.com\\\/avatar\\\/eabba89a432e8eaa1b0207cc55f7e5340b22712b1ed80677efcf63e02ff5b235?s=96&d=mm&r=g\",\"contentUrl\":\"https:\\\/\\\/secure.gravatar.com\\\/avatar\\\/eabba89a432e8eaa1b0207cc55f7e5340b22712b1ed80677efcf63e02ff5b235?s=96&d=mm&r=g\",\"caption\":\"admin\"},\"sameAs\":[\"https:\\\/\\\/archiviocassano.lavocedelpaese.info\"],\"url\":\"https:\\\/\\\/archiviocassano.lavocedelpaese.info\\\/index.php\\\/author\\\/admin_0qgz1xdp\\\/\"}]}<\/script>\n<!-- \/ Yoast SEO plugin. -->","yoast_head_json":{"title":"Alice Pasti alla quinta edizione di \"Forme di Gusto\" - Archivio CassanoWeb","robots":{"index":"index","follow":"follow","max-snippet":"max-snippet:-1","max-image-preview":"max-image-preview:large","max-video-preview":"max-video-preview:-1"},"canonical":"https:\/\/archiviocassano.lavocedelpaese.info\/index.php\/2015\/12\/03\/alice-pasti-alla-quinta-edizione-di-qforme-di-gustoq\/","og_locale":"it_IT","og_type":"article","og_title":"Alice Pasti alla quinta edizione di \"Forme di Gusto\" - Archivio CassanoWeb","og_url":"https:\/\/archiviocassano.lavocedelpaese.info\/index.php\/2015\/12\/03\/alice-pasti-alla-quinta-edizione-di-qforme-di-gustoq\/","og_site_name":"Archivio CassanoWeb","article_publisher":"https:\/\/www.facebook.com\/redazione.cassanoweb","article_published_time":"2015-12-03T06:48:33+00:00","author":"admin","twitter_card":"summary_large_image","twitter_misc":{"Scritto da":"admin","Tempo di lettura stimato":"2 minuti"},"schema":{"@context":"https:\/\/schema.org","@graph":[{"@type":"Article","@id":"https:\/\/archiviocassano.lavocedelpaese.info\/index.php\/2015\/12\/03\/alice-pasti-alla-quinta-edizione-di-qforme-di-gustoq\/#article","isPartOf":{"@id":"https:\/\/archiviocassano.lavocedelpaese.info\/index.php\/2015\/12\/03\/alice-pasti-alla-quinta-edizione-di-qforme-di-gustoq\/"},"author":{"name":"admin","@id":"https:\/\/archiviocassano.lavocedelpaese.info\/#\/schema\/person\/df195bc79a9b4c35127cf005f92e041b"},"headline":"Alice Pasti alla quinta edizione di &#8220;Forme di Gusto&#8221;","datePublished":"2015-12-03T06:48:33+00:00","mainEntityOfPage":{"@id":"https:\/\/archiviocassano.lavocedelpaese.info\/index.php\/2015\/12\/03\/alice-pasti-alla-quinta-edizione-di-qforme-di-gustoq\/"},"wordCount":388,"commentCount":0,"publisher":{"@id":"https:\/\/archiviocassano.lavocedelpaese.info\/#organization"},"articleSection":["Appuntamenti"],"inLanguage":"it-IT","potentialAction":[{"@type":"CommentAction","name":"Comment","target":["https:\/\/archiviocassano.lavocedelpaese.info\/index.php\/2015\/12\/03\/alice-pasti-alla-quinta-edizione-di-qforme-di-gustoq\/#respond"]}]},{"@type":"WebPage","@id":"https:\/\/archiviocassano.lavocedelpaese.info\/index.php\/2015\/12\/03\/alice-pasti-alla-quinta-edizione-di-qforme-di-gustoq\/","url":"https:\/\/archiviocassano.lavocedelpaese.info\/index.php\/2015\/12\/03\/alice-pasti-alla-quinta-edizione-di-qforme-di-gustoq\/","name":"Alice Pasti alla quinta edizione di \"Forme di Gusto\" - Archivio CassanoWeb","isPartOf":{"@id":"https:\/\/archiviocassano.lavocedelpaese.info\/#website"},"datePublished":"2015-12-03T06:48:33+00:00","breadcrumb":{"@id":"https:\/\/archiviocassano.lavocedelpaese.info\/index.php\/2015\/12\/03\/alice-pasti-alla-quinta-edizione-di-qforme-di-gustoq\/#breadcrumb"},"inLanguage":"it-IT","potentialAction":[{"@type":"ReadAction","target":["https:\/\/archiviocassano.lavocedelpaese.info\/index.php\/2015\/12\/03\/alice-pasti-alla-quinta-edizione-di-qforme-di-gustoq\/"]}]},{"@type":"BreadcrumbList","@id":"https:\/\/archiviocassano.lavocedelpaese.info\/index.php\/2015\/12\/03\/alice-pasti-alla-quinta-edizione-di-qforme-di-gustoq\/#breadcrumb","itemListElement":[{"@type":"ListItem","position":1,"name":"Home","item":"https:\/\/archiviocassano.lavocedelpaese.info\/"},{"@type":"ListItem","position":2,"name":"Alice Pasti alla quinta edizione di &#8220;Forme di Gusto&#8221;"}]},{"@type":"WebSite","@id":"https:\/\/archiviocassano.lavocedelpaese.info\/#website","url":"https:\/\/archiviocassano.lavocedelpaese.info\/","name":"Archivio CassanoWeb","description":"La Voce del Paese - un network di idee","publisher":{"@id":"https:\/\/archiviocassano.lavocedelpaese.info\/#organization"},"potentialAction":[{"@type":"SearchAction","target":{"@type":"EntryPoint","urlTemplate":"https:\/\/archiviocassano.lavocedelpaese.info\/?s={search_term_string}"},"query-input":{"@type":"PropertyValueSpecification","valueRequired":true,"valueName":"search_term_string"}}],"inLanguage":"it-IT"},{"@type":"Organization","@id":"https:\/\/archiviocassano.lavocedelpaese.info\/#organization","name":"Archivio CassanoWeb","url":"https:\/\/archiviocassano.lavocedelpaese.info\/","logo":{"@type":"ImageObject","inLanguage":"it-IT","@id":"https:\/\/archiviocassano.lavocedelpaese.info\/#\/schema\/logo\/image\/","url":"https:\/\/archiviocassano.lavocedelpaese.info\/wp-content\/uploads\/2024\/08\/logo-rosso-2.png","contentUrl":"https:\/\/archiviocassano.lavocedelpaese.info\/wp-content\/uploads\/2024\/08\/logo-rosso-2.png","width":491,"height":432,"caption":"Archivio CassanoWeb"},"image":{"@id":"https:\/\/archiviocassano.lavocedelpaese.info\/#\/schema\/logo\/image\/"},"sameAs":["https:\/\/www.facebook.com\/redazione.cassanoweb"]},{"@type":"Person","@id":"https:\/\/archiviocassano.lavocedelpaese.info\/#\/schema\/person\/df195bc79a9b4c35127cf005f92e041b","name":"admin","image":{"@type":"ImageObject","inLanguage":"it-IT","@id":"https:\/\/secure.gravatar.com\/avatar\/eabba89a432e8eaa1b0207cc55f7e5340b22712b1ed80677efcf63e02ff5b235?s=96&d=mm&r=g","url":"https:\/\/secure.gravatar.com\/avatar\/eabba89a432e8eaa1b0207cc55f7e5340b22712b1ed80677efcf63e02ff5b235?s=96&d=mm&r=g","contentUrl":"https:\/\/secure.gravatar.com\/avatar\/eabba89a432e8eaa1b0207cc55f7e5340b22712b1ed80677efcf63e02ff5b235?s=96&d=mm&r=g","caption":"admin"},"sameAs":["https:\/\/archiviocassano.lavocedelpaese.info"],"url":"https:\/\/archiviocassano.lavocedelpaese.info\/index.php\/author\/admin_0qgz1xdp\/"}]}},"_links":{"self":[{"href":"https:\/\/archiviocassano.lavocedelpaese.info\/index.php\/wp-json\/wp\/v2\/posts\/11752","targetHints":{"allow":["GET"]}}],"collection":[{"href":"https:\/\/archiviocassano.lavocedelpaese.info\/index.php\/wp-json\/wp\/v2\/posts"}],"about":[{"href":"https:\/\/archiviocassano.lavocedelpaese.info\/index.php\/wp-json\/wp\/v2\/types\/post"}],"author":[{"embeddable":true,"href":"https:\/\/archiviocassano.lavocedelpaese.info\/index.php\/wp-json\/wp\/v2\/users\/1"}],"replies":[{"embeddable":true,"href":"https:\/\/archiviocassano.lavocedelpaese.info\/index.php\/wp-json\/wp\/v2\/comments?post=11752"}],"version-history":[{"count":0,"href":"https:\/\/archiviocassano.lavocedelpaese.info\/index.php\/wp-json\/wp\/v2\/posts\/11752\/revisions"}],"wp:attachment":[{"href":"https:\/\/archiviocassano.lavocedelpaese.info\/index.php\/wp-json\/wp\/v2\/media?parent=11752"}],"wp:term":[{"taxonomy":"category","embeddable":true,"href":"https:\/\/archiviocassano.lavocedelpaese.info\/index.php\/wp-json\/wp\/v2\/categories?post=11752"},{"taxonomy":"post_tag","embeddable":true,"href":"https:\/\/archiviocassano.lavocedelpaese.info\/index.php\/wp-json\/wp\/v2\/tags?post=11752"}],"curies":[{"name":"wp","href":"https:\/\/api.w.org\/{rel}","templated":true}]}}