{"id":11753,"date":"2015-12-03T17:46:32","date_gmt":"2015-12-03T17:46:32","guid":{"rendered":"https:\/\/archiviocassano.lavocedelpaese.info\/index.php\/2015\/12\/03\/sindaco-e-vice-in-germania-le-opposizioni-qcomune-in-balia-delle-ondeq\/"},"modified":"2015-12-03T17:46:32","modified_gmt":"2015-12-03T17:46:32","slug":"sindaco-e-vice-in-germania-le-opposizioni-qcomune-in-balia-delle-ondeq","status":"publish","type":"post","link":"https:\/\/archiviocassano.lavocedelpaese.info\/index.php\/2015\/12\/03\/sindaco-e-vice-in-germania-le-opposizioni-qcomune-in-balia-delle-ondeq\/","title":{"rendered":"Sindaco in Germania: &#8220;Comune in balia delle onde&#8221;"},"content":{"rendered":"<p style=\"text-align: justify;\"><img loading=\"lazy\" decoding=\"async\" src=\"images\/stories\/archiviofoto\/contrassegno_ufficiale_Di_Medio_Sindaco_-_x_crederci_ancora_copy_copy.png\" width=\"320\" height=\"150\" alt=\"contrassegno ufficiale Di Medio Sindaco - x crederci ancora copy copy\" \/><\/p>\n<p><!--more--><\/p>\n<p>\u201cPremettiamo che non siamo contro ogni forma di interazione con altre culture e\/o gemellaggi con altri Comuni, soprattutto se si tratta di stabilire contatti che potranno avere una importante ricaduta economica per il nostro Comune, ma, quando si lascia in balia delle onde il proprio Comune per recarsi in gita in Germania, ci viene da pensare che la comunit\u00e0 cassanese ed i suoi problemi possono aspettare\u201d.<\/p>\n<p style=\"text-align: justify;\">Lo scrive in una nota il gruppo consiliare di opposizione \u201cPer crederci ancora\u201d in merito alla spedizione del sindaco e della delegazione del Comune a Muhlenbecker Land <a href=\"politica\/25960-trasferta-in-germania-per-il-sindaco-lionetti.html\" target=\"_blank\" rel=\"noopener\">(leggi l&#8217;articolo)<\/a>.&nbsp;<\/p>\n<p style=\"text-align: justify;\">\u201cQuando abbiamo appreso dal comunicato stampa emanato dal Palazzo di Citt\u00e0 &nbsp;sulla trasferta in Germania di ben QUATTRO amministratori : &nbsp;il Sindaco, il suo vice, &nbsp;l\u2019Assessore all\u2019Ambiente ed il Consigliere Lopane; pensavamo ad uno scherzo, ediInvece recandoci di persona in Comune abbiamo accertato che \u00e8 tutto, sciaguratamente vero.<\/p>\n<p style=\"text-align: justify;\">Se in questi giorni dovesse esserci la necessit\u00e0 di intervenire con qualsiasi emergenza o anche solo per &nbsp;una firma istituzionale, si prega di rivolgersi altrove. Questo \u00e8 quello che emerge recandosi in Comune per qualsiasi necessit\u00e0. Evidentemente i problemi della nostra comunit\u00e0 sono meno importanti ed allettanti della gita in Germania.<\/p>\n<p style=\"text-align: justify;\">Ma il vero problema \u00e8: possono assentarsi, per cos\u00ec lungo tempo, contemporaneamente quattro amministratori fra cui in Sindaco e il suo Vice &nbsp;cui spetta il ruolo di sostituto in assenza, \u2018forzata\u2019, del primo ?<\/p>\n<p style=\"text-align: justify;\">In altri comuni sicuramente no, a Cassano accade anche questo.<\/p>\n<p style=\"text-align: justify;\">Dopo la vicenda di Massarosa, le visite di Striscia la Notizia, la miriade di atti con un numero esagerato di strafalcioni, imperfezioni ed inadempienze, eccovi serviti con un altro primato, della serie \u201carrangiatevi da soli\u201d.<\/p>\n<p style=\"text-align: justify;\">Ma i cittadini di Cassano possono continuare a sopportare questa assoluta mancanza di rispetto delle pi\u00f9 semplici regole di buon Governo?<\/p>\n<p style=\"text-align: justify;\">Possibile che a nessuno \u00e8 venuto in mente che lasciare il Comune in balia delle onde pu\u00f2 determinare una situazione di grave inadempienza? Altro che Rinascita, siamo difronte alla morte certa del senso di responsabilit\u00e0 e della politica sana al servizio dei cittadini\u201d.<\/p>\n<p>&nbsp;<\/p>\n<p>&nbsp;<\/p>\n","protected":false},"excerpt":{"rendered":"","protected":false},"author":1,"featured_media":0,"comment_status":"open","ping_status":"closed","sticky":false,"template":"","format":"standard","meta":{"colormag_page_container_layout":"default_layout","colormag_page_sidebar_layout":"default_layout","footnotes":""},"categories":[4],"tags":[],"class_list":["post-11753","post","type-post","status-publish","format-standard","hentry","category-politica"],"yoast_head":"<!-- This site is optimized with the Yoast SEO plugin v27.5 - https:\/\/yoast.com\/product\/yoast-seo-wordpress\/ -->\n<title>Sindaco in Germania: &quot;Comune in balia delle onde&quot; - Archivio CassanoWeb<\/title>\n<meta name=\"robots\" content=\"index, follow, max-snippet:-1, max-image-preview:large, max-video-preview:-1\" \/>\n<link rel=\"canonical\" href=\"https:\/\/archiviocassano.lavocedelpaese.info\/index.php\/2015\/12\/03\/sindaco-e-vice-in-germania-le-opposizioni-qcomune-in-balia-delle-ondeq\/\" \/>\n<meta property=\"og:locale\" content=\"it_IT\" \/>\n<meta property=\"og:type\" content=\"article\" \/>\n<meta property=\"og:title\" content=\"Sindaco in Germania: &quot;Comune in balia delle onde&quot; - Archivio CassanoWeb\" \/>\n<meta property=\"og:url\" content=\"https:\/\/archiviocassano.lavocedelpaese.info\/index.php\/2015\/12\/03\/sindaco-e-vice-in-germania-le-opposizioni-qcomune-in-balia-delle-ondeq\/\" \/>\n<meta property=\"og:site_name\" content=\"Archivio CassanoWeb\" \/>\n<meta property=\"article:publisher\" content=\"https:\/\/www.facebook.com\/redazione.cassanoweb\" \/>\n<meta property=\"article:published_time\" content=\"2015-12-03T17:46:32+00:00\" \/>\n<meta name=\"author\" content=\"admin\" \/>\n<meta name=\"twitter:card\" content=\"summary_large_image\" \/>\n<meta name=\"twitter:label1\" content=\"Scritto da\" \/>\n\t<meta name=\"twitter:data1\" content=\"admin\" \/>\n\t<meta name=\"twitter:label2\" content=\"Tempo di lettura stimato\" \/>\n\t<meta name=\"twitter:data2\" content=\"2 minuti\" \/>\n<script type=\"application\/ld+json\" class=\"yoast-schema-graph\">{\"@context\":\"https:\\\/\\\/schema.org\",\"@graph\":[{\"@type\":\"Article\",\"@id\":\"https:\\\/\\\/archiviocassano.lavocedelpaese.info\\\/index.php\\\/2015\\\/12\\\/03\\\/sindaco-e-vice-in-germania-le-opposizioni-qcomune-in-balia-delle-ondeq\\\/#article\",\"isPartOf\":{\"@id\":\"https:\\\/\\\/archiviocassano.lavocedelpaese.info\\\/index.php\\\/2015\\\/12\\\/03\\\/sindaco-e-vice-in-germania-le-opposizioni-qcomune-in-balia-delle-ondeq\\\/\"},\"author\":{\"name\":\"admin\",\"@id\":\"https:\\\/\\\/archiviocassano.lavocedelpaese.info\\\/#\\\/schema\\\/person\\\/df195bc79a9b4c35127cf005f92e041b\"},\"headline\":\"Sindaco in Germania: &#8220;Comune in balia delle onde&#8221;\",\"datePublished\":\"2015-12-03T17:46:32+00:00\",\"mainEntityOfPage\":{\"@id\":\"https:\\\/\\\/archiviocassano.lavocedelpaese.info\\\/index.php\\\/2015\\\/12\\\/03\\\/sindaco-e-vice-in-germania-le-opposizioni-qcomune-in-balia-delle-ondeq\\\/\"},\"wordCount\":351,\"commentCount\":0,\"publisher\":{\"@id\":\"https:\\\/\\\/archiviocassano.lavocedelpaese.info\\\/#organization\"},\"articleSection\":[\"Politica\"],\"inLanguage\":\"it-IT\",\"potentialAction\":[{\"@type\":\"CommentAction\",\"name\":\"Comment\",\"target\":[\"https:\\\/\\\/archiviocassano.lavocedelpaese.info\\\/index.php\\\/2015\\\/12\\\/03\\\/sindaco-e-vice-in-germania-le-opposizioni-qcomune-in-balia-delle-ondeq\\\/#respond\"]}]},{\"@type\":\"WebPage\",\"@id\":\"https:\\\/\\\/archiviocassano.lavocedelpaese.info\\\/index.php\\\/2015\\\/12\\\/03\\\/sindaco-e-vice-in-germania-le-opposizioni-qcomune-in-balia-delle-ondeq\\\/\",\"url\":\"https:\\\/\\\/archiviocassano.lavocedelpaese.info\\\/index.php\\\/2015\\\/12\\\/03\\\/sindaco-e-vice-in-germania-le-opposizioni-qcomune-in-balia-delle-ondeq\\\/\",\"name\":\"Sindaco in Germania: \\\"Comune in balia delle onde\\\" - Archivio CassanoWeb\",\"isPartOf\":{\"@id\":\"https:\\\/\\\/archiviocassano.lavocedelpaese.info\\\/#website\"},\"datePublished\":\"2015-12-03T17:46:32+00:00\",\"breadcrumb\":{\"@id\":\"https:\\\/\\\/archiviocassano.lavocedelpaese.info\\\/index.php\\\/2015\\\/12\\\/03\\\/sindaco-e-vice-in-germania-le-opposizioni-qcomune-in-balia-delle-ondeq\\\/#breadcrumb\"},\"inLanguage\":\"it-IT\",\"potentialAction\":[{\"@type\":\"ReadAction\",\"target\":[\"https:\\\/\\\/archiviocassano.lavocedelpaese.info\\\/index.php\\\/2015\\\/12\\\/03\\\/sindaco-e-vice-in-germania-le-opposizioni-qcomune-in-balia-delle-ondeq\\\/\"]}]},{\"@type\":\"BreadcrumbList\",\"@id\":\"https:\\\/\\\/archiviocassano.lavocedelpaese.info\\\/index.php\\\/2015\\\/12\\\/03\\\/sindaco-e-vice-in-germania-le-opposizioni-qcomune-in-balia-delle-ondeq\\\/#breadcrumb\",\"itemListElement\":[{\"@type\":\"ListItem\",\"position\":1,\"name\":\"Home\",\"item\":\"https:\\\/\\\/archiviocassano.lavocedelpaese.info\\\/\"},{\"@type\":\"ListItem\",\"position\":2,\"name\":\"Sindaco in Germania: &#8220;Comune in balia delle onde&#8221;\"}]},{\"@type\":\"WebSite\",\"@id\":\"https:\\\/\\\/archiviocassano.lavocedelpaese.info\\\/#website\",\"url\":\"https:\\\/\\\/archiviocassano.lavocedelpaese.info\\\/\",\"name\":\"Archivio CassanoWeb\",\"description\":\"La Voce del Paese - un network di idee\",\"publisher\":{\"@id\":\"https:\\\/\\\/archiviocassano.lavocedelpaese.info\\\/#organization\"},\"potentialAction\":[{\"@type\":\"SearchAction\",\"target\":{\"@type\":\"EntryPoint\",\"urlTemplate\":\"https:\\\/\\\/archiviocassano.lavocedelpaese.info\\\/?s={search_term_string}\"},\"query-input\":{\"@type\":\"PropertyValueSpecification\",\"valueRequired\":true,\"valueName\":\"search_term_string\"}}],\"inLanguage\":\"it-IT\"},{\"@type\":\"Organization\",\"@id\":\"https:\\\/\\\/archiviocassano.lavocedelpaese.info\\\/#organization\",\"name\":\"Archivio CassanoWeb\",\"url\":\"https:\\\/\\\/archiviocassano.lavocedelpaese.info\\\/\",\"logo\":{\"@type\":\"ImageObject\",\"inLanguage\":\"it-IT\",\"@id\":\"https:\\\/\\\/archiviocassano.lavocedelpaese.info\\\/#\\\/schema\\\/logo\\\/image\\\/\",\"url\":\"https:\\\/\\\/archiviocassano.lavocedelpaese.info\\\/wp-content\\\/uploads\\\/2024\\\/08\\\/logo-rosso-2.png\",\"contentUrl\":\"https:\\\/\\\/archiviocassano.lavocedelpaese.info\\\/wp-content\\\/uploads\\\/2024\\\/08\\\/logo-rosso-2.png\",\"width\":491,\"height\":432,\"caption\":\"Archivio CassanoWeb\"},\"image\":{\"@id\":\"https:\\\/\\\/archiviocassano.lavocedelpaese.info\\\/#\\\/schema\\\/logo\\\/image\\\/\"},\"sameAs\":[\"https:\\\/\\\/www.facebook.com\\\/redazione.cassanoweb\"]},{\"@type\":\"Person\",\"@id\":\"https:\\\/\\\/archiviocassano.lavocedelpaese.info\\\/#\\\/schema\\\/person\\\/df195bc79a9b4c35127cf005f92e041b\",\"name\":\"admin\",\"image\":{\"@type\":\"ImageObject\",\"inLanguage\":\"it-IT\",\"@id\":\"https:\\\/\\\/secure.gravatar.com\\\/avatar\\\/eabba89a432e8eaa1b0207cc55f7e5340b22712b1ed80677efcf63e02ff5b235?s=96&d=mm&r=g\",\"url\":\"https:\\\/\\\/secure.gravatar.com\\\/avatar\\\/eabba89a432e8eaa1b0207cc55f7e5340b22712b1ed80677efcf63e02ff5b235?s=96&d=mm&r=g\",\"contentUrl\":\"https:\\\/\\\/secure.gravatar.com\\\/avatar\\\/eabba89a432e8eaa1b0207cc55f7e5340b22712b1ed80677efcf63e02ff5b235?s=96&d=mm&r=g\",\"caption\":\"admin\"},\"sameAs\":[\"https:\\\/\\\/archiviocassano.lavocedelpaese.info\"],\"url\":\"https:\\\/\\\/archiviocassano.lavocedelpaese.info\\\/index.php\\\/author\\\/admin_0qgz1xdp\\\/\"}]}<\/script>\n<!-- \/ Yoast SEO plugin. -->","yoast_head_json":{"title":"Sindaco in Germania: \"Comune in balia delle onde\" - Archivio CassanoWeb","robots":{"index":"index","follow":"follow","max-snippet":"max-snippet:-1","max-image-preview":"max-image-preview:large","max-video-preview":"max-video-preview:-1"},"canonical":"https:\/\/archiviocassano.lavocedelpaese.info\/index.php\/2015\/12\/03\/sindaco-e-vice-in-germania-le-opposizioni-qcomune-in-balia-delle-ondeq\/","og_locale":"it_IT","og_type":"article","og_title":"Sindaco in Germania: \"Comune in balia delle onde\" - Archivio CassanoWeb","og_url":"https:\/\/archiviocassano.lavocedelpaese.info\/index.php\/2015\/12\/03\/sindaco-e-vice-in-germania-le-opposizioni-qcomune-in-balia-delle-ondeq\/","og_site_name":"Archivio CassanoWeb","article_publisher":"https:\/\/www.facebook.com\/redazione.cassanoweb","article_published_time":"2015-12-03T17:46:32+00:00","author":"admin","twitter_card":"summary_large_image","twitter_misc":{"Scritto da":"admin","Tempo di lettura stimato":"2 minuti"},"schema":{"@context":"https:\/\/schema.org","@graph":[{"@type":"Article","@id":"https:\/\/archiviocassano.lavocedelpaese.info\/index.php\/2015\/12\/03\/sindaco-e-vice-in-germania-le-opposizioni-qcomune-in-balia-delle-ondeq\/#article","isPartOf":{"@id":"https:\/\/archiviocassano.lavocedelpaese.info\/index.php\/2015\/12\/03\/sindaco-e-vice-in-germania-le-opposizioni-qcomune-in-balia-delle-ondeq\/"},"author":{"name":"admin","@id":"https:\/\/archiviocassano.lavocedelpaese.info\/#\/schema\/person\/df195bc79a9b4c35127cf005f92e041b"},"headline":"Sindaco in Germania: &#8220;Comune in balia delle onde&#8221;","datePublished":"2015-12-03T17:46:32+00:00","mainEntityOfPage":{"@id":"https:\/\/archiviocassano.lavocedelpaese.info\/index.php\/2015\/12\/03\/sindaco-e-vice-in-germania-le-opposizioni-qcomune-in-balia-delle-ondeq\/"},"wordCount":351,"commentCount":0,"publisher":{"@id":"https:\/\/archiviocassano.lavocedelpaese.info\/#organization"},"articleSection":["Politica"],"inLanguage":"it-IT","potentialAction":[{"@type":"CommentAction","name":"Comment","target":["https:\/\/archiviocassano.lavocedelpaese.info\/index.php\/2015\/12\/03\/sindaco-e-vice-in-germania-le-opposizioni-qcomune-in-balia-delle-ondeq\/#respond"]}]},{"@type":"WebPage","@id":"https:\/\/archiviocassano.lavocedelpaese.info\/index.php\/2015\/12\/03\/sindaco-e-vice-in-germania-le-opposizioni-qcomune-in-balia-delle-ondeq\/","url":"https:\/\/archiviocassano.lavocedelpaese.info\/index.php\/2015\/12\/03\/sindaco-e-vice-in-germania-le-opposizioni-qcomune-in-balia-delle-ondeq\/","name":"Sindaco in Germania: \"Comune in balia delle onde\" - Archivio CassanoWeb","isPartOf":{"@id":"https:\/\/archiviocassano.lavocedelpaese.info\/#website"},"datePublished":"2015-12-03T17:46:32+00:00","breadcrumb":{"@id":"https:\/\/archiviocassano.lavocedelpaese.info\/index.php\/2015\/12\/03\/sindaco-e-vice-in-germania-le-opposizioni-qcomune-in-balia-delle-ondeq\/#breadcrumb"},"inLanguage":"it-IT","potentialAction":[{"@type":"ReadAction","target":["https:\/\/archiviocassano.lavocedelpaese.info\/index.php\/2015\/12\/03\/sindaco-e-vice-in-germania-le-opposizioni-qcomune-in-balia-delle-ondeq\/"]}]},{"@type":"BreadcrumbList","@id":"https:\/\/archiviocassano.lavocedelpaese.info\/index.php\/2015\/12\/03\/sindaco-e-vice-in-germania-le-opposizioni-qcomune-in-balia-delle-ondeq\/#breadcrumb","itemListElement":[{"@type":"ListItem","position":1,"name":"Home","item":"https:\/\/archiviocassano.lavocedelpaese.info\/"},{"@type":"ListItem","position":2,"name":"Sindaco in Germania: &#8220;Comune in balia delle onde&#8221;"}]},{"@type":"WebSite","@id":"https:\/\/archiviocassano.lavocedelpaese.info\/#website","url":"https:\/\/archiviocassano.lavocedelpaese.info\/","name":"Archivio CassanoWeb","description":"La Voce del Paese - un network di idee","publisher":{"@id":"https:\/\/archiviocassano.lavocedelpaese.info\/#organization"},"potentialAction":[{"@type":"SearchAction","target":{"@type":"EntryPoint","urlTemplate":"https:\/\/archiviocassano.lavocedelpaese.info\/?s={search_term_string}"},"query-input":{"@type":"PropertyValueSpecification","valueRequired":true,"valueName":"search_term_string"}}],"inLanguage":"it-IT"},{"@type":"Organization","@id":"https:\/\/archiviocassano.lavocedelpaese.info\/#organization","name":"Archivio CassanoWeb","url":"https:\/\/archiviocassano.lavocedelpaese.info\/","logo":{"@type":"ImageObject","inLanguage":"it-IT","@id":"https:\/\/archiviocassano.lavocedelpaese.info\/#\/schema\/logo\/image\/","url":"https:\/\/archiviocassano.lavocedelpaese.info\/wp-content\/uploads\/2024\/08\/logo-rosso-2.png","contentUrl":"https:\/\/archiviocassano.lavocedelpaese.info\/wp-content\/uploads\/2024\/08\/logo-rosso-2.png","width":491,"height":432,"caption":"Archivio CassanoWeb"},"image":{"@id":"https:\/\/archiviocassano.lavocedelpaese.info\/#\/schema\/logo\/image\/"},"sameAs":["https:\/\/www.facebook.com\/redazione.cassanoweb"]},{"@type":"Person","@id":"https:\/\/archiviocassano.lavocedelpaese.info\/#\/schema\/person\/df195bc79a9b4c35127cf005f92e041b","name":"admin","image":{"@type":"ImageObject","inLanguage":"it-IT","@id":"https:\/\/secure.gravatar.com\/avatar\/eabba89a432e8eaa1b0207cc55f7e5340b22712b1ed80677efcf63e02ff5b235?s=96&d=mm&r=g","url":"https:\/\/secure.gravatar.com\/avatar\/eabba89a432e8eaa1b0207cc55f7e5340b22712b1ed80677efcf63e02ff5b235?s=96&d=mm&r=g","contentUrl":"https:\/\/secure.gravatar.com\/avatar\/eabba89a432e8eaa1b0207cc55f7e5340b22712b1ed80677efcf63e02ff5b235?s=96&d=mm&r=g","caption":"admin"},"sameAs":["https:\/\/archiviocassano.lavocedelpaese.info"],"url":"https:\/\/archiviocassano.lavocedelpaese.info\/index.php\/author\/admin_0qgz1xdp\/"}]}},"_links":{"self":[{"href":"https:\/\/archiviocassano.lavocedelpaese.info\/index.php\/wp-json\/wp\/v2\/posts\/11753","targetHints":{"allow":["GET"]}}],"collection":[{"href":"https:\/\/archiviocassano.lavocedelpaese.info\/index.php\/wp-json\/wp\/v2\/posts"}],"about":[{"href":"https:\/\/archiviocassano.lavocedelpaese.info\/index.php\/wp-json\/wp\/v2\/types\/post"}],"author":[{"embeddable":true,"href":"https:\/\/archiviocassano.lavocedelpaese.info\/index.php\/wp-json\/wp\/v2\/users\/1"}],"replies":[{"embeddable":true,"href":"https:\/\/archiviocassano.lavocedelpaese.info\/index.php\/wp-json\/wp\/v2\/comments?post=11753"}],"version-history":[{"count":0,"href":"https:\/\/archiviocassano.lavocedelpaese.info\/index.php\/wp-json\/wp\/v2\/posts\/11753\/revisions"}],"wp:attachment":[{"href":"https:\/\/archiviocassano.lavocedelpaese.info\/index.php\/wp-json\/wp\/v2\/media?parent=11753"}],"wp:term":[{"taxonomy":"category","embeddable":true,"href":"https:\/\/archiviocassano.lavocedelpaese.info\/index.php\/wp-json\/wp\/v2\/categories?post=11753"},{"taxonomy":"post_tag","embeddable":true,"href":"https:\/\/archiviocassano.lavocedelpaese.info\/index.php\/wp-json\/wp\/v2\/tags?post=11753"}],"curies":[{"name":"wp","href":"https:\/\/api.w.org\/{rel}","templated":true}]}}