{"id":1193,"date":"2010-03-25T21:00:06","date_gmt":"2010-03-25T21:00:06","guid":{"rendered":"https:\/\/archiviocassano.lavocedelpaese.info\/index.php\/2010\/03\/25\/giovanni-copertino-lappello-al-voto\/"},"modified":"2010-03-25T21:00:06","modified_gmt":"2010-03-25T21:00:06","slug":"giovanni-copertino-lappello-al-voto","status":"publish","type":"post","link":"https:\/\/archiviocassano.lavocedelpaese.info\/index.php\/2010\/03\/25\/giovanni-copertino-lappello-al-voto\/","title":{"rendered":"GIOVANNI COPERTINO, L&#8217;APPELLO AL VOTO"},"content":{"rendered":"<p><img loading=\"lazy\" decoding=\"async\" alt=\"copertino-giovanni-elezioni\" src=\"http:\/\/www.monopolitube.it\/\/images\/stories\/copertino-giovanni-elezioni.jpg\" width=\"320\" height=\"150\" \/> <\/p>\n<p><!--more--><\/p>\n<p><\/p>\n<p style=\"text-align: justify;\"><strong><span style=\"text-decoration: underline;\">L\u2019appello al voto<\/span><\/strong><\/p>\n<div style=\"text-align: justify;\"><\/div>\n<p style=\"text-align: justify;\">\u201c<strong>La mia \u00e8 una politica del dialogo<\/strong>, cosa nella quale credo fermamente. <strong>Per questo sono sempre a<\/strong> <strong>disposizione della gente<\/strong>, per ascoltare i bisogni e le necessit\u00e0 delle persone, ma anche i loro desideri e per rispondere alle loro domande. Puntando, in ogni caso, sul costruire qualcosa e su una <strong>politica del fare<\/strong>, che traduca, nell\u2019immediato, le parole in situazioni concrete\u201d.<\/p>\n<div style=\"text-align: justify;\"><\/div>\n<p style=\"text-align: justify;\">Dinanzi ad un mondo in cui campeggiano i disvalori, <strong>\u00e8 necessario che la politica recuperi la sua base di moralit\u00e0<\/strong>. E la mia azione istituzionale da pi\u00f9 di trent\u2019anni si indirizza ed \u00e8 avvalorata da correttezza ed integrit\u00e0, per la <strong>centralit\u00e0 della dignit\u00e0 della persona umana<\/strong>.<\/p>\n<div style=\"text-align: justify;\"><\/div>\n<p style=\"text-align: justify;\">La mia politica, insomma, \u00e8 intesa come <strong>rappresentanza e servizio<\/strong> volti alla cittadinanza, nell\u2019ottica di un recupero della storia e delle tradizioni del nostro territorio, troppe volte bistrattato. Una tradizione politica fortemente legata alle nostre radici pi\u00f9 autentiche, volta anche ad indirizzare i pi\u00f9 giovani verso una politica di rinnovamento\u201d.<\/p>\n<div style=\"text-align: justify;\"><\/div>\n<p style=\"text-align: justify;\">\u00a0<\/p>\n<div style=\"text-align: justify;\"><\/div>\n<p style=\"text-align: justify;\"><strong><span style=\"text-decoration: underline;\">Il meccanismo del voto alle elezioni regionali<\/span><\/strong><\/p>\n<div style=\"text-align: justify;\"><\/div>\n<p style=\"text-align: justify;\">\u201cMi spiace constatare come, per queste elezioni, i poli presentati agli elettori siano 4, anzich\u00e9 2. Un inutile sdoppiamento e, in particolare, mi rammarica che non sia stato possibile il recupero della compagine Udc &#8211; Io Sud. Giova ricordare, tuttavia, come <strong>in realt\u00e0 sia sostanzialmente presente una bipolarit\u00e0, in quanto il regolamento delle elezioni regionali non prevede il ballottaggio<\/strong>, come accade per le elezioni amministrative.<\/p>\n<div style=\"text-align: justify;\"><\/div>\n<p style=\"text-align: justify;\">Altro aspetto da non sottovalutare \u00e8 il seguente: <strong>i quattro candidati presidenti non diventeranno tutti consiglieri regionali, ma avranno un posto in Consiglio regionale solamente i primi due, quindi il vincitore e il primo sconfitto.<\/strong> Mi spiace considerare, a questo punto, che <strong>chi si batte per la propria terra sia la coalizione<\/strong>, perch\u00e9 la carta vincente sta proprio nell\u2019unit\u00e0 e nella collaborazione, e non chi fa confusione su questi dati (reperibili anche nello statuto regionale) sicuro, comunque, del suo posto in Senato.<\/p>\n<div style=\"text-align: justify;\"><\/div>\n<p style=\"text-align: justify;\"><strong>Contrastare Vendola, dunque, non vuol dire far perdere la coalizione di Palese<\/strong>. L\u2019elettore deve chiedersi subito, a questo punto, da che parte vuol stare e il mio invito \u00e8 quello di verificare tali informazioni e domandarsi <strong>se, pur appartenendo ad uno schieramento di destra, si vuol veramente cambiare o consegnare, invece, la nostra Puglia nuovamente nelle mani della sinistra<\/strong>\u201d.<\/p>\n<div style=\"text-align: justify;\"><\/div>\n<p style=\"text-align: justify;\">\u00a0<\/p>\n<div style=\"text-align: justify;\"><\/div>\n<p style=\"text-align: justify;\"><strong>Giovanni Copertino: nel cuore della gente<\/strong><\/p>\n<div style=\"text-align: justify;\"><\/div>\n<p style=\"text-align: justify;\"><strong> <\/strong><\/p>\n<div style=\"text-align: justify;\"><\/div>\n<p style=\"text-align: justify;\"><strong><em>Il 28 e 29 marzo vota alla Regione Giovanni Copertino (lista Pdl) con Rocco Palese Presidente<\/em><\/strong><\/p>\n<div style=\"text-align: justify;\"><\/div>\n<p style=\"text-align: justify;\"><strong><em> <\/em><\/strong><\/p>\n<div style=\"text-align: justify;\"><\/div>\n<p style=\"text-align: justify;\"><em> <\/em><\/p>\n<div style=\"text-align: justify;\"><\/div>\n<p style=\"text-align: justify;\"><a href=\"http:\/\/www.giovannicopertino.it\/\">www.giovannicopertino.it<\/a><\/p>\n<div style=\"text-align: justify;\"><\/div>\n<p style=\"text-align: justify;\"><a href=\"mailto:giovanni.copertino@libero.it\">giovanni.copertino@libero.it<\/a><\/p>\n<p>Visitate il profilo di Giovanni Copertino su Facebook<\/p>\n<p><object data=\"http:\/\/static.slidesharecdn.com\/swf\/ssplayerd.swf?doc=volantinoa5-100322185252-phpapp01&amp;stripped_title=giovanni-copertino\" type=\"application\/x-shockwave-flash\" height=\"510\" width=\"477\"><param name=\"allowfullscreen\" value=\"true\" \/><param name=\"allowscriptaccess\" value=\"always\" \/><param name=\"src\" value=\"http:\/\/static.slidesharecdn.com\/swf\/ssplayerd.swf?doc=volantinoa5-100322185252-phpapp01&amp;stripped_title=giovanni-copertino\" \/><\/object><\/p>\n<p><img loading=\"lazy\" decoding=\"async\" style=\"vertical-align: middle;\" alt=\"incontro_Copertino_010\" src=\"http:\/\/www.monopolitube.it\/\/images\/stories\/incontro_Copertino_010.jpg\" width=\"640\" height=\"284\" \/><\/p>\n<p><\/p>\n","protected":false},"excerpt":{"rendered":"","protected":false},"author":1,"featured_media":0,"comment_status":"open","ping_status":"closed","sticky":false,"template":"","format":"standard","meta":{"colormag_page_container_layout":"default_layout","colormag_page_sidebar_layout":"default_layout","footnotes":""},"categories":[1],"tags":[],"class_list":["post-1193","post","type-post","status-publish","format-standard","hentry","category-uncategorized"],"yoast_head":"<!-- This site is optimized with the Yoast SEO plugin v27.5 - https:\/\/yoast.com\/product\/yoast-seo-wordpress\/ -->\n<title>GIOVANNI COPERTINO, L&#039;APPELLO AL VOTO - Archivio CassanoWeb<\/title>\n<meta name=\"robots\" content=\"index, follow, max-snippet:-1, max-image-preview:large, max-video-preview:-1\" \/>\n<link rel=\"canonical\" href=\"https:\/\/archiviocassano.lavocedelpaese.info\/index.php\/2010\/03\/25\/giovanni-copertino-lappello-al-voto\/\" \/>\n<meta property=\"og:locale\" content=\"it_IT\" \/>\n<meta property=\"og:type\" content=\"article\" \/>\n<meta property=\"og:title\" content=\"GIOVANNI COPERTINO, L&#039;APPELLO AL VOTO - Archivio CassanoWeb\" \/>\n<meta property=\"og:url\" content=\"https:\/\/archiviocassano.lavocedelpaese.info\/index.php\/2010\/03\/25\/giovanni-copertino-lappello-al-voto\/\" \/>\n<meta property=\"og:site_name\" content=\"Archivio CassanoWeb\" \/>\n<meta property=\"article:publisher\" content=\"https:\/\/www.facebook.com\/redazione.cassanoweb\" \/>\n<meta property=\"article:published_time\" content=\"2010-03-25T21:00:06+00:00\" \/>\n<meta property=\"og:image\" content=\"http:\/\/www.monopolitube.it\/\/images\/stories\/copertino-giovanni-elezioni.jpg\" \/>\n<meta name=\"author\" content=\"admin\" \/>\n<meta name=\"twitter:card\" content=\"summary_large_image\" \/>\n<meta name=\"twitter:label1\" content=\"Scritto da\" \/>\n\t<meta name=\"twitter:data1\" content=\"admin\" \/>\n\t<meta name=\"twitter:label2\" content=\"Tempo di lettura stimato\" \/>\n\t<meta name=\"twitter:data2\" content=\"2 minuti\" \/>\n<script type=\"application\/ld+json\" class=\"yoast-schema-graph\">{\"@context\":\"https:\\\/\\\/schema.org\",\"@graph\":[{\"@type\":\"Article\",\"@id\":\"https:\\\/\\\/archiviocassano.lavocedelpaese.info\\\/index.php\\\/2010\\\/03\\\/25\\\/giovanni-copertino-lappello-al-voto\\\/#article\",\"isPartOf\":{\"@id\":\"https:\\\/\\\/archiviocassano.lavocedelpaese.info\\\/index.php\\\/2010\\\/03\\\/25\\\/giovanni-copertino-lappello-al-voto\\\/\"},\"author\":{\"name\":\"admin\",\"@id\":\"https:\\\/\\\/archiviocassano.lavocedelpaese.info\\\/#\\\/schema\\\/person\\\/df195bc79a9b4c35127cf005f92e041b\"},\"headline\":\"GIOVANNI COPERTINO, L&#8217;APPELLO AL VOTO\",\"datePublished\":\"2010-03-25T21:00:06+00:00\",\"mainEntityOfPage\":{\"@id\":\"https:\\\/\\\/archiviocassano.lavocedelpaese.info\\\/index.php\\\/2010\\\/03\\\/25\\\/giovanni-copertino-lappello-al-voto\\\/\"},\"wordCount\":412,\"commentCount\":0,\"publisher\":{\"@id\":\"https:\\\/\\\/archiviocassano.lavocedelpaese.info\\\/#organization\"},\"image\":{\"@id\":\"https:\\\/\\\/archiviocassano.lavocedelpaese.info\\\/index.php\\\/2010\\\/03\\\/25\\\/giovanni-copertino-lappello-al-voto\\\/#primaryimage\"},\"thumbnailUrl\":\"http:\\\/\\\/www.monopolitube.it\\\/\\\/images\\\/stories\\\/copertino-giovanni-elezioni.jpg\",\"articleSection\":[\"Uncategorized\"],\"inLanguage\":\"it-IT\",\"potentialAction\":[{\"@type\":\"CommentAction\",\"name\":\"Comment\",\"target\":[\"https:\\\/\\\/archiviocassano.lavocedelpaese.info\\\/index.php\\\/2010\\\/03\\\/25\\\/giovanni-copertino-lappello-al-voto\\\/#respond\"]}]},{\"@type\":\"WebPage\",\"@id\":\"https:\\\/\\\/archiviocassano.lavocedelpaese.info\\\/index.php\\\/2010\\\/03\\\/25\\\/giovanni-copertino-lappello-al-voto\\\/\",\"url\":\"https:\\\/\\\/archiviocassano.lavocedelpaese.info\\\/index.php\\\/2010\\\/03\\\/25\\\/giovanni-copertino-lappello-al-voto\\\/\",\"name\":\"GIOVANNI COPERTINO, L'APPELLO AL VOTO - Archivio CassanoWeb\",\"isPartOf\":{\"@id\":\"https:\\\/\\\/archiviocassano.lavocedelpaese.info\\\/#website\"},\"primaryImageOfPage\":{\"@id\":\"https:\\\/\\\/archiviocassano.lavocedelpaese.info\\\/index.php\\\/2010\\\/03\\\/25\\\/giovanni-copertino-lappello-al-voto\\\/#primaryimage\"},\"image\":{\"@id\":\"https:\\\/\\\/archiviocassano.lavocedelpaese.info\\\/index.php\\\/2010\\\/03\\\/25\\\/giovanni-copertino-lappello-al-voto\\\/#primaryimage\"},\"thumbnailUrl\":\"http:\\\/\\\/www.monopolitube.it\\\/\\\/images\\\/stories\\\/copertino-giovanni-elezioni.jpg\",\"datePublished\":\"2010-03-25T21:00:06+00:00\",\"breadcrumb\":{\"@id\":\"https:\\\/\\\/archiviocassano.lavocedelpaese.info\\\/index.php\\\/2010\\\/03\\\/25\\\/giovanni-copertino-lappello-al-voto\\\/#breadcrumb\"},\"inLanguage\":\"it-IT\",\"potentialAction\":[{\"@type\":\"ReadAction\",\"target\":[\"https:\\\/\\\/archiviocassano.lavocedelpaese.info\\\/index.php\\\/2010\\\/03\\\/25\\\/giovanni-copertino-lappello-al-voto\\\/\"]}]},{\"@type\":\"ImageObject\",\"inLanguage\":\"it-IT\",\"@id\":\"https:\\\/\\\/archiviocassano.lavocedelpaese.info\\\/index.php\\\/2010\\\/03\\\/25\\\/giovanni-copertino-lappello-al-voto\\\/#primaryimage\",\"url\":\"http:\\\/\\\/www.monopolitube.it\\\/\\\/images\\\/stories\\\/copertino-giovanni-elezioni.jpg\",\"contentUrl\":\"http:\\\/\\\/www.monopolitube.it\\\/\\\/images\\\/stories\\\/copertino-giovanni-elezioni.jpg\"},{\"@type\":\"BreadcrumbList\",\"@id\":\"https:\\\/\\\/archiviocassano.lavocedelpaese.info\\\/index.php\\\/2010\\\/03\\\/25\\\/giovanni-copertino-lappello-al-voto\\\/#breadcrumb\",\"itemListElement\":[{\"@type\":\"ListItem\",\"position\":1,\"name\":\"Home\",\"item\":\"https:\\\/\\\/archiviocassano.lavocedelpaese.info\\\/\"},{\"@type\":\"ListItem\",\"position\":2,\"name\":\"GIOVANNI COPERTINO, L&#8217;APPELLO AL VOTO\"}]},{\"@type\":\"WebSite\",\"@id\":\"https:\\\/\\\/archiviocassano.lavocedelpaese.info\\\/#website\",\"url\":\"https:\\\/\\\/archiviocassano.lavocedelpaese.info\\\/\",\"name\":\"Archivio CassanoWeb\",\"description\":\"La Voce del Paese - un network di idee\",\"publisher\":{\"@id\":\"https:\\\/\\\/archiviocassano.lavocedelpaese.info\\\/#organization\"},\"potentialAction\":[{\"@type\":\"SearchAction\",\"target\":{\"@type\":\"EntryPoint\",\"urlTemplate\":\"https:\\\/\\\/archiviocassano.lavocedelpaese.info\\\/?s={search_term_string}\"},\"query-input\":{\"@type\":\"PropertyValueSpecification\",\"valueRequired\":true,\"valueName\":\"search_term_string\"}}],\"inLanguage\":\"it-IT\"},{\"@type\":\"Organization\",\"@id\":\"https:\\\/\\\/archiviocassano.lavocedelpaese.info\\\/#organization\",\"name\":\"Archivio CassanoWeb\",\"url\":\"https:\\\/\\\/archiviocassano.lavocedelpaese.info\\\/\",\"logo\":{\"@type\":\"ImageObject\",\"inLanguage\":\"it-IT\",\"@id\":\"https:\\\/\\\/archiviocassano.lavocedelpaese.info\\\/#\\\/schema\\\/logo\\\/image\\\/\",\"url\":\"https:\\\/\\\/archiviocassano.lavocedelpaese.info\\\/wp-content\\\/uploads\\\/2024\\\/08\\\/logo-rosso-2.png\",\"contentUrl\":\"https:\\\/\\\/archiviocassano.lavocedelpaese.info\\\/wp-content\\\/uploads\\\/2024\\\/08\\\/logo-rosso-2.png\",\"width\":491,\"height\":432,\"caption\":\"Archivio CassanoWeb\"},\"image\":{\"@id\":\"https:\\\/\\\/archiviocassano.lavocedelpaese.info\\\/#\\\/schema\\\/logo\\\/image\\\/\"},\"sameAs\":[\"https:\\\/\\\/www.facebook.com\\\/redazione.cassanoweb\"]},{\"@type\":\"Person\",\"@id\":\"https:\\\/\\\/archiviocassano.lavocedelpaese.info\\\/#\\\/schema\\\/person\\\/df195bc79a9b4c35127cf005f92e041b\",\"name\":\"admin\",\"image\":{\"@type\":\"ImageObject\",\"inLanguage\":\"it-IT\",\"@id\":\"https:\\\/\\\/secure.gravatar.com\\\/avatar\\\/eabba89a432e8eaa1b0207cc55f7e5340b22712b1ed80677efcf63e02ff5b235?s=96&d=mm&r=g\",\"url\":\"https:\\\/\\\/secure.gravatar.com\\\/avatar\\\/eabba89a432e8eaa1b0207cc55f7e5340b22712b1ed80677efcf63e02ff5b235?s=96&d=mm&r=g\",\"contentUrl\":\"https:\\\/\\\/secure.gravatar.com\\\/avatar\\\/eabba89a432e8eaa1b0207cc55f7e5340b22712b1ed80677efcf63e02ff5b235?s=96&d=mm&r=g\",\"caption\":\"admin\"},\"sameAs\":[\"https:\\\/\\\/archiviocassano.lavocedelpaese.info\"],\"url\":\"https:\\\/\\\/archiviocassano.lavocedelpaese.info\\\/index.php\\\/author\\\/admin_0qgz1xdp\\\/\"}]}<\/script>\n<!-- \/ Yoast SEO plugin. -->","yoast_head_json":{"title":"GIOVANNI COPERTINO, L'APPELLO AL VOTO - Archivio CassanoWeb","robots":{"index":"index","follow":"follow","max-snippet":"max-snippet:-1","max-image-preview":"max-image-preview:large","max-video-preview":"max-video-preview:-1"},"canonical":"https:\/\/archiviocassano.lavocedelpaese.info\/index.php\/2010\/03\/25\/giovanni-copertino-lappello-al-voto\/","og_locale":"it_IT","og_type":"article","og_title":"GIOVANNI COPERTINO, L'APPELLO AL VOTO - Archivio CassanoWeb","og_url":"https:\/\/archiviocassano.lavocedelpaese.info\/index.php\/2010\/03\/25\/giovanni-copertino-lappello-al-voto\/","og_site_name":"Archivio CassanoWeb","article_publisher":"https:\/\/www.facebook.com\/redazione.cassanoweb","article_published_time":"2010-03-25T21:00:06+00:00","og_image":[{"url":"http:\/\/www.monopolitube.it\/\/images\/stories\/copertino-giovanni-elezioni.jpg","type":"","width":"","height":""}],"author":"admin","twitter_card":"summary_large_image","twitter_misc":{"Scritto da":"admin","Tempo di lettura stimato":"2 minuti"},"schema":{"@context":"https:\/\/schema.org","@graph":[{"@type":"Article","@id":"https:\/\/archiviocassano.lavocedelpaese.info\/index.php\/2010\/03\/25\/giovanni-copertino-lappello-al-voto\/#article","isPartOf":{"@id":"https:\/\/archiviocassano.lavocedelpaese.info\/index.php\/2010\/03\/25\/giovanni-copertino-lappello-al-voto\/"},"author":{"name":"admin","@id":"https:\/\/archiviocassano.lavocedelpaese.info\/#\/schema\/person\/df195bc79a9b4c35127cf005f92e041b"},"headline":"GIOVANNI COPERTINO, L&#8217;APPELLO AL VOTO","datePublished":"2010-03-25T21:00:06+00:00","mainEntityOfPage":{"@id":"https:\/\/archiviocassano.lavocedelpaese.info\/index.php\/2010\/03\/25\/giovanni-copertino-lappello-al-voto\/"},"wordCount":412,"commentCount":0,"publisher":{"@id":"https:\/\/archiviocassano.lavocedelpaese.info\/#organization"},"image":{"@id":"https:\/\/archiviocassano.lavocedelpaese.info\/index.php\/2010\/03\/25\/giovanni-copertino-lappello-al-voto\/#primaryimage"},"thumbnailUrl":"http:\/\/www.monopolitube.it\/\/images\/stories\/copertino-giovanni-elezioni.jpg","articleSection":["Uncategorized"],"inLanguage":"it-IT","potentialAction":[{"@type":"CommentAction","name":"Comment","target":["https:\/\/archiviocassano.lavocedelpaese.info\/index.php\/2010\/03\/25\/giovanni-copertino-lappello-al-voto\/#respond"]}]},{"@type":"WebPage","@id":"https:\/\/archiviocassano.lavocedelpaese.info\/index.php\/2010\/03\/25\/giovanni-copertino-lappello-al-voto\/","url":"https:\/\/archiviocassano.lavocedelpaese.info\/index.php\/2010\/03\/25\/giovanni-copertino-lappello-al-voto\/","name":"GIOVANNI COPERTINO, L'APPELLO AL VOTO - Archivio CassanoWeb","isPartOf":{"@id":"https:\/\/archiviocassano.lavocedelpaese.info\/#website"},"primaryImageOfPage":{"@id":"https:\/\/archiviocassano.lavocedelpaese.info\/index.php\/2010\/03\/25\/giovanni-copertino-lappello-al-voto\/#primaryimage"},"image":{"@id":"https:\/\/archiviocassano.lavocedelpaese.info\/index.php\/2010\/03\/25\/giovanni-copertino-lappello-al-voto\/#primaryimage"},"thumbnailUrl":"http:\/\/www.monopolitube.it\/\/images\/stories\/copertino-giovanni-elezioni.jpg","datePublished":"2010-03-25T21:00:06+00:00","breadcrumb":{"@id":"https:\/\/archiviocassano.lavocedelpaese.info\/index.php\/2010\/03\/25\/giovanni-copertino-lappello-al-voto\/#breadcrumb"},"inLanguage":"it-IT","potentialAction":[{"@type":"ReadAction","target":["https:\/\/archiviocassano.lavocedelpaese.info\/index.php\/2010\/03\/25\/giovanni-copertino-lappello-al-voto\/"]}]},{"@type":"ImageObject","inLanguage":"it-IT","@id":"https:\/\/archiviocassano.lavocedelpaese.info\/index.php\/2010\/03\/25\/giovanni-copertino-lappello-al-voto\/#primaryimage","url":"http:\/\/www.monopolitube.it\/\/images\/stories\/copertino-giovanni-elezioni.jpg","contentUrl":"http:\/\/www.monopolitube.it\/\/images\/stories\/copertino-giovanni-elezioni.jpg"},{"@type":"BreadcrumbList","@id":"https:\/\/archiviocassano.lavocedelpaese.info\/index.php\/2010\/03\/25\/giovanni-copertino-lappello-al-voto\/#breadcrumb","itemListElement":[{"@type":"ListItem","position":1,"name":"Home","item":"https:\/\/archiviocassano.lavocedelpaese.info\/"},{"@type":"ListItem","position":2,"name":"GIOVANNI COPERTINO, L&#8217;APPELLO AL VOTO"}]},{"@type":"WebSite","@id":"https:\/\/archiviocassano.lavocedelpaese.info\/#website","url":"https:\/\/archiviocassano.lavocedelpaese.info\/","name":"Archivio CassanoWeb","description":"La Voce del Paese - un network di idee","publisher":{"@id":"https:\/\/archiviocassano.lavocedelpaese.info\/#organization"},"potentialAction":[{"@type":"SearchAction","target":{"@type":"EntryPoint","urlTemplate":"https:\/\/archiviocassano.lavocedelpaese.info\/?s={search_term_string}"},"query-input":{"@type":"PropertyValueSpecification","valueRequired":true,"valueName":"search_term_string"}}],"inLanguage":"it-IT"},{"@type":"Organization","@id":"https:\/\/archiviocassano.lavocedelpaese.info\/#organization","name":"Archivio CassanoWeb","url":"https:\/\/archiviocassano.lavocedelpaese.info\/","logo":{"@type":"ImageObject","inLanguage":"it-IT","@id":"https:\/\/archiviocassano.lavocedelpaese.info\/#\/schema\/logo\/image\/","url":"https:\/\/archiviocassano.lavocedelpaese.info\/wp-content\/uploads\/2024\/08\/logo-rosso-2.png","contentUrl":"https:\/\/archiviocassano.lavocedelpaese.info\/wp-content\/uploads\/2024\/08\/logo-rosso-2.png","width":491,"height":432,"caption":"Archivio CassanoWeb"},"image":{"@id":"https:\/\/archiviocassano.lavocedelpaese.info\/#\/schema\/logo\/image\/"},"sameAs":["https:\/\/www.facebook.com\/redazione.cassanoweb"]},{"@type":"Person","@id":"https:\/\/archiviocassano.lavocedelpaese.info\/#\/schema\/person\/df195bc79a9b4c35127cf005f92e041b","name":"admin","image":{"@type":"ImageObject","inLanguage":"it-IT","@id":"https:\/\/secure.gravatar.com\/avatar\/eabba89a432e8eaa1b0207cc55f7e5340b22712b1ed80677efcf63e02ff5b235?s=96&d=mm&r=g","url":"https:\/\/secure.gravatar.com\/avatar\/eabba89a432e8eaa1b0207cc55f7e5340b22712b1ed80677efcf63e02ff5b235?s=96&d=mm&r=g","contentUrl":"https:\/\/secure.gravatar.com\/avatar\/eabba89a432e8eaa1b0207cc55f7e5340b22712b1ed80677efcf63e02ff5b235?s=96&d=mm&r=g","caption":"admin"},"sameAs":["https:\/\/archiviocassano.lavocedelpaese.info"],"url":"https:\/\/archiviocassano.lavocedelpaese.info\/index.php\/author\/admin_0qgz1xdp\/"}]}},"_links":{"self":[{"href":"https:\/\/archiviocassano.lavocedelpaese.info\/index.php\/wp-json\/wp\/v2\/posts\/1193","targetHints":{"allow":["GET"]}}],"collection":[{"href":"https:\/\/archiviocassano.lavocedelpaese.info\/index.php\/wp-json\/wp\/v2\/posts"}],"about":[{"href":"https:\/\/archiviocassano.lavocedelpaese.info\/index.php\/wp-json\/wp\/v2\/types\/post"}],"author":[{"embeddable":true,"href":"https:\/\/archiviocassano.lavocedelpaese.info\/index.php\/wp-json\/wp\/v2\/users\/1"}],"replies":[{"embeddable":true,"href":"https:\/\/archiviocassano.lavocedelpaese.info\/index.php\/wp-json\/wp\/v2\/comments?post=1193"}],"version-history":[{"count":0,"href":"https:\/\/archiviocassano.lavocedelpaese.info\/index.php\/wp-json\/wp\/v2\/posts\/1193\/revisions"}],"wp:attachment":[{"href":"https:\/\/archiviocassano.lavocedelpaese.info\/index.php\/wp-json\/wp\/v2\/media?parent=1193"}],"wp:term":[{"taxonomy":"category","embeddable":true,"href":"https:\/\/archiviocassano.lavocedelpaese.info\/index.php\/wp-json\/wp\/v2\/categories?post=1193"},{"taxonomy":"post_tag","embeddable":true,"href":"https:\/\/archiviocassano.lavocedelpaese.info\/index.php\/wp-json\/wp\/v2\/tags?post=1193"}],"curies":[{"name":"wp","href":"https:\/\/api.w.org\/{rel}","templated":true}]}}