{"id":1195,"date":"2010-03-26T07:43:13","date_gmt":"2010-03-26T07:43:13","guid":{"rendered":"https:\/\/archiviocassano.lavocedelpaese.info\/index.php\/2010\/03\/26\/centrosinistra-cassanese-per-vendola-ieri-in-piazza\/"},"modified":"2010-03-26T07:43:13","modified_gmt":"2010-03-26T07:43:13","slug":"centrosinistra-cassanese-per-vendola-ieri-in-piazza","status":"publish","type":"post","link":"https:\/\/archiviocassano.lavocedelpaese.info\/index.php\/2010\/03\/26\/centrosinistra-cassanese-per-vendola-ieri-in-piazza\/","title":{"rendered":"CENTROSINISTRA CASSANESE PER VENDOLA IERI IN PIAZZA"},"content":{"rendered":"<p><img loading=\"lazy\" decoding=\"async\" class=\" size-full wp-image-1194\" alt=\"tassielli_in_piazza_picnik\" src=\"https:\/\/archiviocassano.lavocedelpaese.info\/wp-content\/uploads\/2010\/03\/tassielli_in_piazza_picnik.jpg\" width=\"320\" height=\"150\" srcset=\"https:\/\/archiviocassano.lavocedelpaese.info\/wp-content\/uploads\/2010\/03\/tassielli_in_piazza_picnik.jpg 640w, https:\/\/archiviocassano.lavocedelpaese.info\/wp-content\/uploads\/2010\/03\/tassielli_in_piazza_picnik-300x141.jpg 300w\" sizes=\"auto, (max-width: 320px) 100vw, 320px\" \/> <\/p>\n<p><!--more--><\/p>\n<p style=\"text-align: justify;\">Ci sono volute le elezioni regionali per vedere tutto il centrosinistra cassanese a comizionare. Ieri sera, in una piazza Moro sferzata da un vento freddo che ha lasciato a casa molti simpatizzanti, un centinaio di persone hanno ascoltato le diverse forze politiche nostrane che sostengono Vendola, per la prima volta tutti assieme, compresa l\u2019Italia dei Valori di Giuseppe Gentile che, com\u2019\u00e8 noto, alle scorse elezioni amministrative, non era presente nella coalizione di centrosinistra \u201cViVi Cassano\u201d.<\/p>\n<div style=\"text-align: justify;\"><\/div>\n<p style=\"text-align: justify;\"><strong>Marco Tassielli, per il Partito Democratico, <\/strong>ha sostituito l\u2019on. Rossiello, oratore ufficiale che per\u00f2 non \u00e8 riuscito ad arrivare a Cassano. Il segretario reggente del Pd cassanese, ha ricalcato i temi di questa campagna elettorale, sottolineando i successi ottenuti dal Governo Vendola il cui lavoro va fatto continuare per completare il disegno di una Puglia migliore, che punta sulle energie alternative, sulla \u201cgreen economy\u201d, sull\u2019economia sostenibile. \u201c<em>Attenzione al nucleare <\/em>\u2013 ha ribadito Tasselli il quale, lo ricordiamo, \u00e8 un geologo e dunque sa di cosa sta parlando quando tratta di sottosuolo \u2013 <em>perch\u00e9 la Puglia \u00e8 la regione ideale per impiantarci non solo una o forse due centrali nucleari ma pure il deposito nazionale delle scorie che avvelener\u00e0 la nostra terra per i prossimi millenni: quello che il governo Berlusconi vuol fare\u201d.<\/em><\/p>\n<div style=\"text-align: justify;\"><\/div>\n<div style=\"text-align: justify;\"><\/div>\n<p style=\"text-align: justify;\">E\u2019 stata poi la volta di <strong>Giuseppe Gentile, candidato alla regione per l\u2019Italia dei Valori<\/strong> che ha promesso di portare in Regione, \u201cpoich\u00e9 ho elevatissime possibilit\u00e0 di essere eletto\u201d, il rigore morale, l\u2019attaccamento alle istituzioni e alla civilt\u00e0 democratica che sempre lo hanno contraddistinto nel suo mandato decennale da sindaco di Cassano e da consigliere provinciale; ha ribadito che il suo partito ed egli stesso non cercano accumulo di cariche e dunque \u201c<em>se Cassano, attraverso la mia persona, dovesse essere autorevolmente rappresentata in Consiglio Regionale, lascer\u00f2 la carica alla Provincia di Bari\u201d <\/em>anche per dare spazio ai giovani per realizzare una esperienza politica.<\/p>\n<div style=\"text-align: justify;\"><\/div>\n<p style=\"text-align: justify;\">Gentile ha lungamente elogiato il suo operato e la sua persona, che l\u2019IdV ha chiamato poich\u00e9 c\u2019\u00e8 bisogno di uomini di valore.<\/p>\n<div style=\"text-align: justify;\"><\/div>\n<div style=\"text-align: justify;\"><\/div>\n<p style=\"text-align: justify;\">Ha quindi criticato quei consiglieri regionali che finora hanno vissuto di privilegi, di stipendi da favola, di pensioni lucrose, senza aver fatto nulla per il proprio territorio: <em>\u201cturlupinatori che in questi giorni<\/em> \u2013 ha detto \u2013 <em>stanno riempiendo le piazze dicendo chiacchiere<\/em>\u201d. In molti, immediato \u00e8 stato il pensiero che Gentile si riferisse al suo rivale di sempre, Ignazio Zullo, candidato col Pdl e consigliere regionale uscente; grande sorpresa e imbarazzo nella piazza, invece, quando l\u2019ex sindaco cassanese ha fatto riferimento alla sua coalizione: \u201c<em>guardate quelle liste del centrosinistra\u2026guardiamo a chi in queste liste pu\u00f2 garantire credibilit\u00e0 e coerenza e chi\u00a0 sono coloro che hanno goduto finora di privilegi, vecchi \u201csenatori\u201d della politica che da diverse legislature sono l\u00ec, su quelle poltrone, incuranti della gente\u201d.<\/em><\/p>\n<div style=\"text-align: justify;\"><\/div>\n<div style=\"text-align: justify;\"><\/div>\n<p style=\"text-align: justify;\">Sul palco, dietro di lui, c\u2019era <strong>Michele Venticelli,<\/strong> consigliere da tre legislature, <strong>candidato per Sinistra, Ecologia e Libert\u00e0. <\/strong>Forse Gentile non parlava del suo ex collega di avvocatura per\u00f2 quel riferimento ha lasciato pi\u00f9 d\u2019uno, fra gli ascoltatori, stupefatto.<\/p>\n<div style=\"text-align: justify;\"><\/div>\n<div style=\"text-align: justify;\"><\/div>\n<p style=\"text-align: justify;\">Venticelli, al suo turno, ha ricambiato la stoccata, dicendo che \u201c<em>non far\u00f2 come Giuseppe\u2026vi terr\u00f2 qui solo cinque minuti\u2026non parler\u00f2 della mia persona ma di quello che ha fatto questo governo regionale perch\u00e9 non \u00e8 importante chi vince come consigliere, che sia Tizio o sia Caio: l\u2019importante \u00e8 che vinca Vendola, il centrosinistra e che la rivoluzione a cui stiamo assistendo possa proseguire\u201d.<\/em><\/p>\n<div style=\"text-align: justify;\"><\/div>\n<div style=\"text-align: justify;\"><\/div>\n<p style=\"text-align: justify;\">Il consigliere uscente di SEL ha dunque spiegato come in Puglia quello che la sinistra ha detto in tanti convegni, studi, congressi, ha trovato finalmente modo di realizzarsi. I servizi sociali che mettono al centro la persona, il sostegno ai lavoratori, la lotta reale al precariato, la scommessa e gli investimenti sui giovani, l\u2019ambiente, la possibilit\u00e0 di avere una economia sostenibile e verde, il nome della Puglia in tutto il mondo. \u201cGrazie al governo Vendola, quello che sembravano essere poesia e parole, \u00e8 diventata realt\u00e0\u201d.<\/p>\n<div style=\"text-align: justify;\"><\/div>\n<div style=\"text-align: justify;\"><\/div>\n<p style=\"text-align: justify;\">Ha chiuso la serata il candidato cassanese della Federazione di sinistra, <strong>Massimo Bongallino<\/strong> che ha invitato a osservare e cercare di risolvere i reali problemi delle persone: il lavoro che non c\u2019\u00e8, le crisi aziendali come Natuzzi e Fiat, la perdita del potere di acquisto dei salari. Di fronte a tali scenari occorre \u201c<em>puntare sull\u2019energia verde<\/em> \u2013 ha detto Bongallino \u2013 s<em>ulla lotta alle privatizzazioni, sulla lotta al precariato\u201d.<\/em><\/p>\n","protected":false},"excerpt":{"rendered":"","protected":false},"author":1,"featured_media":1194,"comment_status":"open","ping_status":"closed","sticky":false,"template":"","format":"standard","meta":{"colormag_page_container_layout":"default_layout","colormag_page_sidebar_layout":"default_layout","footnotes":""},"categories":[4],"tags":[],"class_list":["post-1195","post","type-post","status-publish","format-standard","has-post-thumbnail","hentry","category-politica"],"yoast_head":"<!-- This site is optimized with the Yoast SEO plugin v27.5 - https:\/\/yoast.com\/product\/yoast-seo-wordpress\/ -->\n<title>CENTROSINISTRA CASSANESE PER VENDOLA IERI IN PIAZZA - Archivio CassanoWeb<\/title>\n<meta name=\"robots\" content=\"index, follow, max-snippet:-1, max-image-preview:large, max-video-preview:-1\" \/>\n<link rel=\"canonical\" href=\"https:\/\/archiviocassano.lavocedelpaese.info\/index.php\/2010\/03\/26\/centrosinistra-cassanese-per-vendola-ieri-in-piazza\/\" \/>\n<meta property=\"og:locale\" content=\"it_IT\" \/>\n<meta property=\"og:type\" content=\"article\" \/>\n<meta property=\"og:title\" content=\"CENTROSINISTRA CASSANESE PER VENDOLA IERI IN PIAZZA - Archivio CassanoWeb\" \/>\n<meta property=\"og:url\" content=\"https:\/\/archiviocassano.lavocedelpaese.info\/index.php\/2010\/03\/26\/centrosinistra-cassanese-per-vendola-ieri-in-piazza\/\" \/>\n<meta property=\"og:site_name\" content=\"Archivio CassanoWeb\" \/>\n<meta property=\"article:publisher\" content=\"https:\/\/www.facebook.com\/redazione.cassanoweb\" \/>\n<meta property=\"article:published_time\" content=\"2010-03-26T07:43:13+00:00\" \/>\n<meta property=\"og:image\" content=\"https:\/\/archiviocassano.lavocedelpaese.info\/wp-content\/uploads\/2010\/03\/tassielli_in_piazza_picnik.jpg\" \/>\n\t<meta property=\"og:image:width\" content=\"640\" \/>\n\t<meta property=\"og:image:height\" content=\"300\" \/>\n\t<meta property=\"og:image:type\" content=\"image\/jpeg\" \/>\n<meta name=\"author\" content=\"admin\" \/>\n<meta name=\"twitter:card\" content=\"summary_large_image\" \/>\n<meta name=\"twitter:label1\" content=\"Scritto da\" \/>\n\t<meta name=\"twitter:data1\" content=\"admin\" \/>\n\t<meta name=\"twitter:label2\" content=\"Tempo di lettura stimato\" \/>\n\t<meta name=\"twitter:data2\" content=\"4 minuti\" \/>\n<script type=\"application\/ld+json\" class=\"yoast-schema-graph\">{\"@context\":\"https:\\\/\\\/schema.org\",\"@graph\":[{\"@type\":\"Article\",\"@id\":\"https:\\\/\\\/archiviocassano.lavocedelpaese.info\\\/index.php\\\/2010\\\/03\\\/26\\\/centrosinistra-cassanese-per-vendola-ieri-in-piazza\\\/#article\",\"isPartOf\":{\"@id\":\"https:\\\/\\\/archiviocassano.lavocedelpaese.info\\\/index.php\\\/2010\\\/03\\\/26\\\/centrosinistra-cassanese-per-vendola-ieri-in-piazza\\\/\"},\"author\":{\"name\":\"admin\",\"@id\":\"https:\\\/\\\/archiviocassano.lavocedelpaese.info\\\/#\\\/schema\\\/person\\\/df195bc79a9b4c35127cf005f92e041b\"},\"headline\":\"CENTROSINISTRA CASSANESE PER VENDOLA IERI IN PIAZZA\",\"datePublished\":\"2010-03-26T07:43:13+00:00\",\"mainEntityOfPage\":{\"@id\":\"https:\\\/\\\/archiviocassano.lavocedelpaese.info\\\/index.php\\\/2010\\\/03\\\/26\\\/centrosinistra-cassanese-per-vendola-ieri-in-piazza\\\/\"},\"wordCount\":722,\"commentCount\":0,\"publisher\":{\"@id\":\"https:\\\/\\\/archiviocassano.lavocedelpaese.info\\\/#organization\"},\"image\":{\"@id\":\"https:\\\/\\\/archiviocassano.lavocedelpaese.info\\\/index.php\\\/2010\\\/03\\\/26\\\/centrosinistra-cassanese-per-vendola-ieri-in-piazza\\\/#primaryimage\"},\"thumbnailUrl\":\"https:\\\/\\\/archiviocassano.lavocedelpaese.info\\\/wp-content\\\/uploads\\\/2010\\\/03\\\/tassielli_in_piazza_picnik.jpg\",\"articleSection\":[\"Politica\"],\"inLanguage\":\"it-IT\",\"potentialAction\":[{\"@type\":\"CommentAction\",\"name\":\"Comment\",\"target\":[\"https:\\\/\\\/archiviocassano.lavocedelpaese.info\\\/index.php\\\/2010\\\/03\\\/26\\\/centrosinistra-cassanese-per-vendola-ieri-in-piazza\\\/#respond\"]}]},{\"@type\":\"WebPage\",\"@id\":\"https:\\\/\\\/archiviocassano.lavocedelpaese.info\\\/index.php\\\/2010\\\/03\\\/26\\\/centrosinistra-cassanese-per-vendola-ieri-in-piazza\\\/\",\"url\":\"https:\\\/\\\/archiviocassano.lavocedelpaese.info\\\/index.php\\\/2010\\\/03\\\/26\\\/centrosinistra-cassanese-per-vendola-ieri-in-piazza\\\/\",\"name\":\"CENTROSINISTRA CASSANESE PER VENDOLA IERI IN PIAZZA - Archivio CassanoWeb\",\"isPartOf\":{\"@id\":\"https:\\\/\\\/archiviocassano.lavocedelpaese.info\\\/#website\"},\"primaryImageOfPage\":{\"@id\":\"https:\\\/\\\/archiviocassano.lavocedelpaese.info\\\/index.php\\\/2010\\\/03\\\/26\\\/centrosinistra-cassanese-per-vendola-ieri-in-piazza\\\/#primaryimage\"},\"image\":{\"@id\":\"https:\\\/\\\/archiviocassano.lavocedelpaese.info\\\/index.php\\\/2010\\\/03\\\/26\\\/centrosinistra-cassanese-per-vendola-ieri-in-piazza\\\/#primaryimage\"},\"thumbnailUrl\":\"https:\\\/\\\/archiviocassano.lavocedelpaese.info\\\/wp-content\\\/uploads\\\/2010\\\/03\\\/tassielli_in_piazza_picnik.jpg\",\"datePublished\":\"2010-03-26T07:43:13+00:00\",\"breadcrumb\":{\"@id\":\"https:\\\/\\\/archiviocassano.lavocedelpaese.info\\\/index.php\\\/2010\\\/03\\\/26\\\/centrosinistra-cassanese-per-vendola-ieri-in-piazza\\\/#breadcrumb\"},\"inLanguage\":\"it-IT\",\"potentialAction\":[{\"@type\":\"ReadAction\",\"target\":[\"https:\\\/\\\/archiviocassano.lavocedelpaese.info\\\/index.php\\\/2010\\\/03\\\/26\\\/centrosinistra-cassanese-per-vendola-ieri-in-piazza\\\/\"]}]},{\"@type\":\"ImageObject\",\"inLanguage\":\"it-IT\",\"@id\":\"https:\\\/\\\/archiviocassano.lavocedelpaese.info\\\/index.php\\\/2010\\\/03\\\/26\\\/centrosinistra-cassanese-per-vendola-ieri-in-piazza\\\/#primaryimage\",\"url\":\"https:\\\/\\\/archiviocassano.lavocedelpaese.info\\\/wp-content\\\/uploads\\\/2010\\\/03\\\/tassielli_in_piazza_picnik.jpg\",\"contentUrl\":\"https:\\\/\\\/archiviocassano.lavocedelpaese.info\\\/wp-content\\\/uploads\\\/2010\\\/03\\\/tassielli_in_piazza_picnik.jpg\",\"width\":640,\"height\":300,\"caption\":\"tassielli_in_piazza_picnik\"},{\"@type\":\"BreadcrumbList\",\"@id\":\"https:\\\/\\\/archiviocassano.lavocedelpaese.info\\\/index.php\\\/2010\\\/03\\\/26\\\/centrosinistra-cassanese-per-vendola-ieri-in-piazza\\\/#breadcrumb\",\"itemListElement\":[{\"@type\":\"ListItem\",\"position\":1,\"name\":\"Home\",\"item\":\"https:\\\/\\\/archiviocassano.lavocedelpaese.info\\\/\"},{\"@type\":\"ListItem\",\"position\":2,\"name\":\"CENTROSINISTRA CASSANESE PER VENDOLA IERI IN PIAZZA\"}]},{\"@type\":\"WebSite\",\"@id\":\"https:\\\/\\\/archiviocassano.lavocedelpaese.info\\\/#website\",\"url\":\"https:\\\/\\\/archiviocassano.lavocedelpaese.info\\\/\",\"name\":\"Archivio CassanoWeb\",\"description\":\"La Voce del Paese - un network di idee\",\"publisher\":{\"@id\":\"https:\\\/\\\/archiviocassano.lavocedelpaese.info\\\/#organization\"},\"potentialAction\":[{\"@type\":\"SearchAction\",\"target\":{\"@type\":\"EntryPoint\",\"urlTemplate\":\"https:\\\/\\\/archiviocassano.lavocedelpaese.info\\\/?s={search_term_string}\"},\"query-input\":{\"@type\":\"PropertyValueSpecification\",\"valueRequired\":true,\"valueName\":\"search_term_string\"}}],\"inLanguage\":\"it-IT\"},{\"@type\":\"Organization\",\"@id\":\"https:\\\/\\\/archiviocassano.lavocedelpaese.info\\\/#organization\",\"name\":\"Archivio CassanoWeb\",\"url\":\"https:\\\/\\\/archiviocassano.lavocedelpaese.info\\\/\",\"logo\":{\"@type\":\"ImageObject\",\"inLanguage\":\"it-IT\",\"@id\":\"https:\\\/\\\/archiviocassano.lavocedelpaese.info\\\/#\\\/schema\\\/logo\\\/image\\\/\",\"url\":\"https:\\\/\\\/archiviocassano.lavocedelpaese.info\\\/wp-content\\\/uploads\\\/2024\\\/08\\\/logo-rosso-2.png\",\"contentUrl\":\"https:\\\/\\\/archiviocassano.lavocedelpaese.info\\\/wp-content\\\/uploads\\\/2024\\\/08\\\/logo-rosso-2.png\",\"width\":491,\"height\":432,\"caption\":\"Archivio CassanoWeb\"},\"image\":{\"@id\":\"https:\\\/\\\/archiviocassano.lavocedelpaese.info\\\/#\\\/schema\\\/logo\\\/image\\\/\"},\"sameAs\":[\"https:\\\/\\\/www.facebook.com\\\/redazione.cassanoweb\"]},{\"@type\":\"Person\",\"@id\":\"https:\\\/\\\/archiviocassano.lavocedelpaese.info\\\/#\\\/schema\\\/person\\\/df195bc79a9b4c35127cf005f92e041b\",\"name\":\"admin\",\"image\":{\"@type\":\"ImageObject\",\"inLanguage\":\"it-IT\",\"@id\":\"https:\\\/\\\/secure.gravatar.com\\\/avatar\\\/eabba89a432e8eaa1b0207cc55f7e5340b22712b1ed80677efcf63e02ff5b235?s=96&d=mm&r=g\",\"url\":\"https:\\\/\\\/secure.gravatar.com\\\/avatar\\\/eabba89a432e8eaa1b0207cc55f7e5340b22712b1ed80677efcf63e02ff5b235?s=96&d=mm&r=g\",\"contentUrl\":\"https:\\\/\\\/secure.gravatar.com\\\/avatar\\\/eabba89a432e8eaa1b0207cc55f7e5340b22712b1ed80677efcf63e02ff5b235?s=96&d=mm&r=g\",\"caption\":\"admin\"},\"sameAs\":[\"https:\\\/\\\/archiviocassano.lavocedelpaese.info\"],\"url\":\"https:\\\/\\\/archiviocassano.lavocedelpaese.info\\\/index.php\\\/author\\\/admin_0qgz1xdp\\\/\"}]}<\/script>\n<!-- \/ Yoast SEO plugin. -->","yoast_head_json":{"title":"CENTROSINISTRA CASSANESE PER VENDOLA IERI IN PIAZZA - Archivio CassanoWeb","robots":{"index":"index","follow":"follow","max-snippet":"max-snippet:-1","max-image-preview":"max-image-preview:large","max-video-preview":"max-video-preview:-1"},"canonical":"https:\/\/archiviocassano.lavocedelpaese.info\/index.php\/2010\/03\/26\/centrosinistra-cassanese-per-vendola-ieri-in-piazza\/","og_locale":"it_IT","og_type":"article","og_title":"CENTROSINISTRA CASSANESE PER VENDOLA IERI IN PIAZZA - Archivio CassanoWeb","og_url":"https:\/\/archiviocassano.lavocedelpaese.info\/index.php\/2010\/03\/26\/centrosinistra-cassanese-per-vendola-ieri-in-piazza\/","og_site_name":"Archivio CassanoWeb","article_publisher":"https:\/\/www.facebook.com\/redazione.cassanoweb","article_published_time":"2010-03-26T07:43:13+00:00","og_image":[{"width":640,"height":300,"url":"https:\/\/archiviocassano.lavocedelpaese.info\/wp-content\/uploads\/2010\/03\/tassielli_in_piazza_picnik.jpg","type":"image\/jpeg"}],"author":"admin","twitter_card":"summary_large_image","twitter_misc":{"Scritto da":"admin","Tempo di lettura stimato":"4 minuti"},"schema":{"@context":"https:\/\/schema.org","@graph":[{"@type":"Article","@id":"https:\/\/archiviocassano.lavocedelpaese.info\/index.php\/2010\/03\/26\/centrosinistra-cassanese-per-vendola-ieri-in-piazza\/#article","isPartOf":{"@id":"https:\/\/archiviocassano.lavocedelpaese.info\/index.php\/2010\/03\/26\/centrosinistra-cassanese-per-vendola-ieri-in-piazza\/"},"author":{"name":"admin","@id":"https:\/\/archiviocassano.lavocedelpaese.info\/#\/schema\/person\/df195bc79a9b4c35127cf005f92e041b"},"headline":"CENTROSINISTRA CASSANESE PER VENDOLA IERI IN PIAZZA","datePublished":"2010-03-26T07:43:13+00:00","mainEntityOfPage":{"@id":"https:\/\/archiviocassano.lavocedelpaese.info\/index.php\/2010\/03\/26\/centrosinistra-cassanese-per-vendola-ieri-in-piazza\/"},"wordCount":722,"commentCount":0,"publisher":{"@id":"https:\/\/archiviocassano.lavocedelpaese.info\/#organization"},"image":{"@id":"https:\/\/archiviocassano.lavocedelpaese.info\/index.php\/2010\/03\/26\/centrosinistra-cassanese-per-vendola-ieri-in-piazza\/#primaryimage"},"thumbnailUrl":"https:\/\/archiviocassano.lavocedelpaese.info\/wp-content\/uploads\/2010\/03\/tassielli_in_piazza_picnik.jpg","articleSection":["Politica"],"inLanguage":"it-IT","potentialAction":[{"@type":"CommentAction","name":"Comment","target":["https:\/\/archiviocassano.lavocedelpaese.info\/index.php\/2010\/03\/26\/centrosinistra-cassanese-per-vendola-ieri-in-piazza\/#respond"]}]},{"@type":"WebPage","@id":"https:\/\/archiviocassano.lavocedelpaese.info\/index.php\/2010\/03\/26\/centrosinistra-cassanese-per-vendola-ieri-in-piazza\/","url":"https:\/\/archiviocassano.lavocedelpaese.info\/index.php\/2010\/03\/26\/centrosinistra-cassanese-per-vendola-ieri-in-piazza\/","name":"CENTROSINISTRA CASSANESE PER VENDOLA IERI IN PIAZZA - Archivio CassanoWeb","isPartOf":{"@id":"https:\/\/archiviocassano.lavocedelpaese.info\/#website"},"primaryImageOfPage":{"@id":"https:\/\/archiviocassano.lavocedelpaese.info\/index.php\/2010\/03\/26\/centrosinistra-cassanese-per-vendola-ieri-in-piazza\/#primaryimage"},"image":{"@id":"https:\/\/archiviocassano.lavocedelpaese.info\/index.php\/2010\/03\/26\/centrosinistra-cassanese-per-vendola-ieri-in-piazza\/#primaryimage"},"thumbnailUrl":"https:\/\/archiviocassano.lavocedelpaese.info\/wp-content\/uploads\/2010\/03\/tassielli_in_piazza_picnik.jpg","datePublished":"2010-03-26T07:43:13+00:00","breadcrumb":{"@id":"https:\/\/archiviocassano.lavocedelpaese.info\/index.php\/2010\/03\/26\/centrosinistra-cassanese-per-vendola-ieri-in-piazza\/#breadcrumb"},"inLanguage":"it-IT","potentialAction":[{"@type":"ReadAction","target":["https:\/\/archiviocassano.lavocedelpaese.info\/index.php\/2010\/03\/26\/centrosinistra-cassanese-per-vendola-ieri-in-piazza\/"]}]},{"@type":"ImageObject","inLanguage":"it-IT","@id":"https:\/\/archiviocassano.lavocedelpaese.info\/index.php\/2010\/03\/26\/centrosinistra-cassanese-per-vendola-ieri-in-piazza\/#primaryimage","url":"https:\/\/archiviocassano.lavocedelpaese.info\/wp-content\/uploads\/2010\/03\/tassielli_in_piazza_picnik.jpg","contentUrl":"https:\/\/archiviocassano.lavocedelpaese.info\/wp-content\/uploads\/2010\/03\/tassielli_in_piazza_picnik.jpg","width":640,"height":300,"caption":"tassielli_in_piazza_picnik"},{"@type":"BreadcrumbList","@id":"https:\/\/archiviocassano.lavocedelpaese.info\/index.php\/2010\/03\/26\/centrosinistra-cassanese-per-vendola-ieri-in-piazza\/#breadcrumb","itemListElement":[{"@type":"ListItem","position":1,"name":"Home","item":"https:\/\/archiviocassano.lavocedelpaese.info\/"},{"@type":"ListItem","position":2,"name":"CENTROSINISTRA CASSANESE PER VENDOLA IERI IN PIAZZA"}]},{"@type":"WebSite","@id":"https:\/\/archiviocassano.lavocedelpaese.info\/#website","url":"https:\/\/archiviocassano.lavocedelpaese.info\/","name":"Archivio CassanoWeb","description":"La Voce del Paese - un network di idee","publisher":{"@id":"https:\/\/archiviocassano.lavocedelpaese.info\/#organization"},"potentialAction":[{"@type":"SearchAction","target":{"@type":"EntryPoint","urlTemplate":"https:\/\/archiviocassano.lavocedelpaese.info\/?s={search_term_string}"},"query-input":{"@type":"PropertyValueSpecification","valueRequired":true,"valueName":"search_term_string"}}],"inLanguage":"it-IT"},{"@type":"Organization","@id":"https:\/\/archiviocassano.lavocedelpaese.info\/#organization","name":"Archivio CassanoWeb","url":"https:\/\/archiviocassano.lavocedelpaese.info\/","logo":{"@type":"ImageObject","inLanguage":"it-IT","@id":"https:\/\/archiviocassano.lavocedelpaese.info\/#\/schema\/logo\/image\/","url":"https:\/\/archiviocassano.lavocedelpaese.info\/wp-content\/uploads\/2024\/08\/logo-rosso-2.png","contentUrl":"https:\/\/archiviocassano.lavocedelpaese.info\/wp-content\/uploads\/2024\/08\/logo-rosso-2.png","width":491,"height":432,"caption":"Archivio CassanoWeb"},"image":{"@id":"https:\/\/archiviocassano.lavocedelpaese.info\/#\/schema\/logo\/image\/"},"sameAs":["https:\/\/www.facebook.com\/redazione.cassanoweb"]},{"@type":"Person","@id":"https:\/\/archiviocassano.lavocedelpaese.info\/#\/schema\/person\/df195bc79a9b4c35127cf005f92e041b","name":"admin","image":{"@type":"ImageObject","inLanguage":"it-IT","@id":"https:\/\/secure.gravatar.com\/avatar\/eabba89a432e8eaa1b0207cc55f7e5340b22712b1ed80677efcf63e02ff5b235?s=96&d=mm&r=g","url":"https:\/\/secure.gravatar.com\/avatar\/eabba89a432e8eaa1b0207cc55f7e5340b22712b1ed80677efcf63e02ff5b235?s=96&d=mm&r=g","contentUrl":"https:\/\/secure.gravatar.com\/avatar\/eabba89a432e8eaa1b0207cc55f7e5340b22712b1ed80677efcf63e02ff5b235?s=96&d=mm&r=g","caption":"admin"},"sameAs":["https:\/\/archiviocassano.lavocedelpaese.info"],"url":"https:\/\/archiviocassano.lavocedelpaese.info\/index.php\/author\/admin_0qgz1xdp\/"}]}},"_links":{"self":[{"href":"https:\/\/archiviocassano.lavocedelpaese.info\/index.php\/wp-json\/wp\/v2\/posts\/1195","targetHints":{"allow":["GET"]}}],"collection":[{"href":"https:\/\/archiviocassano.lavocedelpaese.info\/index.php\/wp-json\/wp\/v2\/posts"}],"about":[{"href":"https:\/\/archiviocassano.lavocedelpaese.info\/index.php\/wp-json\/wp\/v2\/types\/post"}],"author":[{"embeddable":true,"href":"https:\/\/archiviocassano.lavocedelpaese.info\/index.php\/wp-json\/wp\/v2\/users\/1"}],"replies":[{"embeddable":true,"href":"https:\/\/archiviocassano.lavocedelpaese.info\/index.php\/wp-json\/wp\/v2\/comments?post=1195"}],"version-history":[{"count":0,"href":"https:\/\/archiviocassano.lavocedelpaese.info\/index.php\/wp-json\/wp\/v2\/posts\/1195\/revisions"}],"wp:featuredmedia":[{"embeddable":true,"href":"https:\/\/archiviocassano.lavocedelpaese.info\/index.php\/wp-json\/wp\/v2\/media\/1194"}],"wp:attachment":[{"href":"https:\/\/archiviocassano.lavocedelpaese.info\/index.php\/wp-json\/wp\/v2\/media?parent=1195"}],"wp:term":[{"taxonomy":"category","embeddable":true,"href":"https:\/\/archiviocassano.lavocedelpaese.info\/index.php\/wp-json\/wp\/v2\/categories?post=1195"},{"taxonomy":"post_tag","embeddable":true,"href":"https:\/\/archiviocassano.lavocedelpaese.info\/index.php\/wp-json\/wp\/v2\/tags?post=1195"}],"curies":[{"name":"wp","href":"https:\/\/api.w.org\/{rel}","templated":true}]}}