{"id":12153,"date":"2016-03-07T17:27:04","date_gmt":"2016-03-07T17:27:04","guid":{"rendered":"https:\/\/archiviocassano.lavocedelpaese.info\/index.php\/2016\/03\/07\/daylight-la-luce-di-un-nuovo-inizio-a-colloquio-con-gaetano-partipilo\/"},"modified":"2016-03-07T17:27:04","modified_gmt":"2016-03-07T17:27:04","slug":"daylight-la-luce-di-un-nuovo-inizio-a-colloquio-con-gaetano-partipilo","status":"publish","type":"post","link":"https:\/\/archiviocassano.lavocedelpaese.info\/index.php\/2016\/03\/07\/daylight-la-luce-di-un-nuovo-inizio-a-colloquio-con-gaetano-partipilo\/","title":{"rendered":"\u201cDaylight\u201d, il nuovo disco di Gaetano Partipilo"},"content":{"rendered":"<p><img loading=\"lazy\" decoding=\"async\" src=\"images\/stories\/archiviofoto\/1937280_10208979420271544_1750529724631644859_n.jpg\" width=\"320\" height=\"150\" alt=\"1937280 10208979420271544 1750529724631644859 n\" style=\"margin-right: auto; margin-left: auto; display: block;\" \/><\/p>\n<p><!--more--><\/p>\n<p style=\"text-align: justify;\">Quando abbiamo incontrato per la prima volta Gaetano Partipilo era il novembre del 2012 ed era da poco uscito <i>Besides<\/i>, un album ricco di collaborazioni che presentava quello che lo stesso Gaetano definiva \u201clato b\u201d di se stesso. Adesso, a distanza di tre anni e mezzo, torniamo ad incontrare il sassofonista cassanese qualche giorno prima della presentazione della sua ultima fatica intitolata \u201cDaylight\u201d. Dopo aver sondato il territorio della musica italiana e brasiliana degli anni \u201960 accompagnato da tanti ospiti, Partipilo torna al jazz a lui pi\u00f9 congeniale, quello metropolitano e sperimentale, e insieme ai Contemporary five incide 11 nuovi brani per la <i>T?k Music<\/i>, prestigiosa etichetta discografica di Paolo Fresu. Lasciamoci raccontare da Gaetano e dalle sue parole questa nuova avventura musicale.<\/p>\n<p style=\"text-align: justify;\"><strong>Ancora un titolo breve \u201cDaylight\u201d per questo nuovo percorso musicale. Dal lato B, pi\u00f9 nascosto, per tornare alla luce del sole\u2026&nbsp; spiegaci questo titolo.<\/strong><\/p>\n<p style=\"text-align: justify;\">Daylight sta ad indicare la luce del giorno. Il momento del risveglio. Dovrebbe rappresentare il momento di massima energia. Daylight per\u00f2 pu\u00f2 anche essere inteso come un \u201cgiorno di luce\u201d. Avendo registrato tutto l\u2019album in un solo giorno (cosa molto rara per un disco complesso di brani originali) mi sembrava un titolo appropriato.<\/p>\n<p style=\"text-align: justify;\"><strong>Come sono nati i 10 brani originali presenti nell\u2019album?<\/strong><\/p>\n<p style=\"text-align: justify;\">Questi dieci brani sono frutto degli ultimi due anni di lavoro compositivo. Subito dopo l\u2019uscita di <i>Besides<\/i> ho iniziato a pensare ad un suono pi\u00f9 contemporaneo, che prendesse spunto anche dalla scena brit-pop dalla quale sono stato attratto (soprattutto grazie all\u2019ascolto dei Radiohead). Il mio riadattamento di un loro brano (<i>I will<\/i>) \u00e8 una sorta di tributo ad una band che ha saputo inventare un suono ed uno stile ben preciso.<\/p>\n<p style=\"text-align: justify;\"><strong>\u00c8 il primo album con Contemporary five? Chi sono i tuoi compagni e come vi siete incontrati? <\/strong><\/p>\n<p style=\"text-align: justify;\">Si \u00e8 il primo album che incidiamo insieme, il primo di una lunga serie spero. Ci siamo incontrati in ambiti diversi. Ho conosciuto Francesco Diodati a New York. Eravamo entrambi spettatori di uno stesso concerto e l\u00ec ci siamo presentati. Era il 2009. Poi ho suonato con lui a New York nel 2011 e di recente avevo sostituito il suo sassofonista nel gruppo Neko. Dopo queste esperienze \u00e8 stato quasi naturale coinvolgerlo nel mio nuovo gruppo, perch\u00e9 \u00e8 un chitarrista con un sound ed un approccio unico in Italia. Francesco riesce a fondere il jazz, la musica contemporanea ed il rock in maniera sublime. Senza il suo sound sarebbe impossibile suonare brani come quelli di Daylight. Alessandro Lanzoni, invece, l\u2019ho conosciuto nel 2011 grazie a Roberto Gatto. Abbiamo fatto una serie di concerti assieme, inciso un disco e fatto un tour tra Germania e Austria e cos\u00ec ho avuto modo di scoprire il suo talento. Alessandro \u00e8 il piccolo genio del gruppo! A soli 23 anni \u00e8 uno dei pianisti pi\u00f9 interessanti in Europa. Con Luca Alemanno e Dario Congedo invece ci siamo conosciuti in Puglia. Loro sono salentini ed \u00e8 stato pi\u00f9 facile suonare assieme. Abbiamo condiviso diversi gruppi assieme e diverse tourn\u00e9e. Sono due musicisti formidabili, carichi di energia e dal talento sconfinato. Sono onorato di averli nella mia band.<\/p>\n<p style=\"text-align: justify;\"><strong>In quest\u2019album si affacciano anche sonorit\u00e0 pi\u00f9 vicine al rock e spicca una rilettura di \u201cI will\u201d dei Radiohead\u2026 un\u2019altra anima nascosta che viene in luce?<\/strong><\/p>\n<p style=\"text-align: justify;\">Come accennavo prima, il rock \u00e8 un tassello nuovo che sto cercando di aggiungere alla mia musica. Anche nel disco che abbiamo da poco pubblicato con il gruppo \u201cPuglia Jazz Factory\u201d c\u2019\u00e8 molto rock specialmente nelle mie composizioni.<strong><\/strong><\/p>\n<p style=\"text-align: justify;\"><strong>Il 10 marzo al Teatro Forma si apre il tour di presentazione dell\u2019album, lo stesso teatro dal quale \u00e8 iniziato il tour di <i>Besides<\/i>. Dobbiamo immaginare che il precedente tour sia stato fortunato\u2026 raccontacelo un po\u2019<\/strong><\/p>\n<p style=\"text-align: justify;\">Con <i>Besides<\/i> abbiamo fatto svariati concerti. Mai un vero e proprio tour. La band era molto numerosa da portare in giro. Abbiamo comunque suonato al Festival jazz di Dubai, al Blue Note di Milano ed in tanti altri festival italiani. Il 10 marzo, grazie all\u2019associazione \u201cNel gioco del Jazz\u201d diretta da Roberto Ottaviano e coordinata da Pietro Laera, avr\u00f2 la possibilit\u00e0 di far conoscere la musica di Daylight dal vivo. Spero sia l\u2019inizio di una lunga serie di concerti. Dopo questa apertura barese, il concerto successivo sar\u00e0 il 26 aprile al famoso \u201cRonnie\u2019s Scott\u201d di Londra.<\/p>\n<p style=\"text-align: justify;\"><strong>Da questo nuovo lavoro cosa ti aspetti?&nbsp;&nbsp;&nbsp; <\/strong><\/p>\n<p style=\"text-align: justify;\">Spero soltanto che l\u2019album venga accolto bene dalla critica e che possa portarlo in giro con concerti live.<strong><\/strong><\/p>\n<p><strong>&nbsp;<\/strong><\/p>\n<p><em><strong>Non ci resta che aspettare gioved\u00ec 10 marzo per poter apprezzare dal vivo i nuovio brani di Gaetano e dei suoi Contemporary Five. L\u2019appuntamento \u00e8 alle ore 21.00 presso il Teatro Forma di Bari. Non perdetevelo!<\/strong><\/em><\/p>\n<p>&nbsp;<\/p>\n<p>&nbsp;<\/p>\n","protected":false},"excerpt":{"rendered":"","protected":false},"author":1,"featured_media":0,"comment_status":"open","ping_status":"closed","sticky":false,"template":"","format":"standard","meta":{"colormag_page_container_layout":"default_layout","colormag_page_sidebar_layout":"default_layout","footnotes":""},"categories":[6],"tags":[],"class_list":["post-12153","post","type-post","status-publish","format-standard","hentry","category-cultura"],"yoast_head":"<!-- This site is optimized with the Yoast SEO plugin v27.5 - https:\/\/yoast.com\/product\/yoast-seo-wordpress\/ -->\n<title>\u201cDaylight\u201d, il nuovo disco di Gaetano Partipilo - Archivio CassanoWeb<\/title>\n<meta name=\"robots\" content=\"index, follow, max-snippet:-1, max-image-preview:large, max-video-preview:-1\" \/>\n<link rel=\"canonical\" href=\"https:\/\/archiviocassano.lavocedelpaese.info\/index.php\/2016\/03\/07\/daylight-la-luce-di-un-nuovo-inizio-a-colloquio-con-gaetano-partipilo\/\" \/>\n<meta property=\"og:locale\" content=\"it_IT\" \/>\n<meta property=\"og:type\" content=\"article\" \/>\n<meta property=\"og:title\" content=\"\u201cDaylight\u201d, il nuovo disco di Gaetano Partipilo - Archivio CassanoWeb\" \/>\n<meta property=\"og:url\" content=\"https:\/\/archiviocassano.lavocedelpaese.info\/index.php\/2016\/03\/07\/daylight-la-luce-di-un-nuovo-inizio-a-colloquio-con-gaetano-partipilo\/\" \/>\n<meta property=\"og:site_name\" content=\"Archivio CassanoWeb\" \/>\n<meta property=\"article:publisher\" content=\"https:\/\/www.facebook.com\/redazione.cassanoweb\" \/>\n<meta property=\"article:published_time\" content=\"2016-03-07T17:27:04+00:00\" \/>\n<meta name=\"author\" content=\"admin\" \/>\n<meta name=\"twitter:card\" content=\"summary_large_image\" \/>\n<meta name=\"twitter:label1\" content=\"Scritto da\" \/>\n\t<meta name=\"twitter:data1\" content=\"admin\" \/>\n\t<meta name=\"twitter:label2\" content=\"Tempo di lettura stimato\" \/>\n\t<meta name=\"twitter:data2\" content=\"4 minuti\" \/>\n<script type=\"application\/ld+json\" class=\"yoast-schema-graph\">{\"@context\":\"https:\\\/\\\/schema.org\",\"@graph\":[{\"@type\":\"Article\",\"@id\":\"https:\\\/\\\/archiviocassano.lavocedelpaese.info\\\/index.php\\\/2016\\\/03\\\/07\\\/daylight-la-luce-di-un-nuovo-inizio-a-colloquio-con-gaetano-partipilo\\\/#article\",\"isPartOf\":{\"@id\":\"https:\\\/\\\/archiviocassano.lavocedelpaese.info\\\/index.php\\\/2016\\\/03\\\/07\\\/daylight-la-luce-di-un-nuovo-inizio-a-colloquio-con-gaetano-partipilo\\\/\"},\"author\":{\"name\":\"admin\",\"@id\":\"https:\\\/\\\/archiviocassano.lavocedelpaese.info\\\/#\\\/schema\\\/person\\\/df195bc79a9b4c35127cf005f92e041b\"},\"headline\":\"\u201cDaylight\u201d, il nuovo disco di Gaetano Partipilo\",\"datePublished\":\"2016-03-07T17:27:04+00:00\",\"mainEntityOfPage\":{\"@id\":\"https:\\\/\\\/archiviocassano.lavocedelpaese.info\\\/index.php\\\/2016\\\/03\\\/07\\\/daylight-la-luce-di-un-nuovo-inizio-a-colloquio-con-gaetano-partipilo\\\/\"},\"wordCount\":781,\"commentCount\":0,\"publisher\":{\"@id\":\"https:\\\/\\\/archiviocassano.lavocedelpaese.info\\\/#organization\"},\"articleSection\":[\"Cultura\"],\"inLanguage\":\"it-IT\",\"potentialAction\":[{\"@type\":\"CommentAction\",\"name\":\"Comment\",\"target\":[\"https:\\\/\\\/archiviocassano.lavocedelpaese.info\\\/index.php\\\/2016\\\/03\\\/07\\\/daylight-la-luce-di-un-nuovo-inizio-a-colloquio-con-gaetano-partipilo\\\/#respond\"]}]},{\"@type\":\"WebPage\",\"@id\":\"https:\\\/\\\/archiviocassano.lavocedelpaese.info\\\/index.php\\\/2016\\\/03\\\/07\\\/daylight-la-luce-di-un-nuovo-inizio-a-colloquio-con-gaetano-partipilo\\\/\",\"url\":\"https:\\\/\\\/archiviocassano.lavocedelpaese.info\\\/index.php\\\/2016\\\/03\\\/07\\\/daylight-la-luce-di-un-nuovo-inizio-a-colloquio-con-gaetano-partipilo\\\/\",\"name\":\"\u201cDaylight\u201d, il nuovo disco di Gaetano Partipilo - Archivio CassanoWeb\",\"isPartOf\":{\"@id\":\"https:\\\/\\\/archiviocassano.lavocedelpaese.info\\\/#website\"},\"datePublished\":\"2016-03-07T17:27:04+00:00\",\"breadcrumb\":{\"@id\":\"https:\\\/\\\/archiviocassano.lavocedelpaese.info\\\/index.php\\\/2016\\\/03\\\/07\\\/daylight-la-luce-di-un-nuovo-inizio-a-colloquio-con-gaetano-partipilo\\\/#breadcrumb\"},\"inLanguage\":\"it-IT\",\"potentialAction\":[{\"@type\":\"ReadAction\",\"target\":[\"https:\\\/\\\/archiviocassano.lavocedelpaese.info\\\/index.php\\\/2016\\\/03\\\/07\\\/daylight-la-luce-di-un-nuovo-inizio-a-colloquio-con-gaetano-partipilo\\\/\"]}]},{\"@type\":\"BreadcrumbList\",\"@id\":\"https:\\\/\\\/archiviocassano.lavocedelpaese.info\\\/index.php\\\/2016\\\/03\\\/07\\\/daylight-la-luce-di-un-nuovo-inizio-a-colloquio-con-gaetano-partipilo\\\/#breadcrumb\",\"itemListElement\":[{\"@type\":\"ListItem\",\"position\":1,\"name\":\"Home\",\"item\":\"https:\\\/\\\/archiviocassano.lavocedelpaese.info\\\/\"},{\"@type\":\"ListItem\",\"position\":2,\"name\":\"\u201cDaylight\u201d, il nuovo disco di Gaetano Partipilo\"}]},{\"@type\":\"WebSite\",\"@id\":\"https:\\\/\\\/archiviocassano.lavocedelpaese.info\\\/#website\",\"url\":\"https:\\\/\\\/archiviocassano.lavocedelpaese.info\\\/\",\"name\":\"Archivio CassanoWeb\",\"description\":\"La Voce del Paese - un network di idee\",\"publisher\":{\"@id\":\"https:\\\/\\\/archiviocassano.lavocedelpaese.info\\\/#organization\"},\"potentialAction\":[{\"@type\":\"SearchAction\",\"target\":{\"@type\":\"EntryPoint\",\"urlTemplate\":\"https:\\\/\\\/archiviocassano.lavocedelpaese.info\\\/?s={search_term_string}\"},\"query-input\":{\"@type\":\"PropertyValueSpecification\",\"valueRequired\":true,\"valueName\":\"search_term_string\"}}],\"inLanguage\":\"it-IT\"},{\"@type\":\"Organization\",\"@id\":\"https:\\\/\\\/archiviocassano.lavocedelpaese.info\\\/#organization\",\"name\":\"Archivio CassanoWeb\",\"url\":\"https:\\\/\\\/archiviocassano.lavocedelpaese.info\\\/\",\"logo\":{\"@type\":\"ImageObject\",\"inLanguage\":\"it-IT\",\"@id\":\"https:\\\/\\\/archiviocassano.lavocedelpaese.info\\\/#\\\/schema\\\/logo\\\/image\\\/\",\"url\":\"https:\\\/\\\/archiviocassano.lavocedelpaese.info\\\/wp-content\\\/uploads\\\/2024\\\/08\\\/logo-rosso-2.png\",\"contentUrl\":\"https:\\\/\\\/archiviocassano.lavocedelpaese.info\\\/wp-content\\\/uploads\\\/2024\\\/08\\\/logo-rosso-2.png\",\"width\":491,\"height\":432,\"caption\":\"Archivio CassanoWeb\"},\"image\":{\"@id\":\"https:\\\/\\\/archiviocassano.lavocedelpaese.info\\\/#\\\/schema\\\/logo\\\/image\\\/\"},\"sameAs\":[\"https:\\\/\\\/www.facebook.com\\\/redazione.cassanoweb\"]},{\"@type\":\"Person\",\"@id\":\"https:\\\/\\\/archiviocassano.lavocedelpaese.info\\\/#\\\/schema\\\/person\\\/df195bc79a9b4c35127cf005f92e041b\",\"name\":\"admin\",\"image\":{\"@type\":\"ImageObject\",\"inLanguage\":\"it-IT\",\"@id\":\"https:\\\/\\\/secure.gravatar.com\\\/avatar\\\/eabba89a432e8eaa1b0207cc55f7e5340b22712b1ed80677efcf63e02ff5b235?s=96&d=mm&r=g\",\"url\":\"https:\\\/\\\/secure.gravatar.com\\\/avatar\\\/eabba89a432e8eaa1b0207cc55f7e5340b22712b1ed80677efcf63e02ff5b235?s=96&d=mm&r=g\",\"contentUrl\":\"https:\\\/\\\/secure.gravatar.com\\\/avatar\\\/eabba89a432e8eaa1b0207cc55f7e5340b22712b1ed80677efcf63e02ff5b235?s=96&d=mm&r=g\",\"caption\":\"admin\"},\"sameAs\":[\"https:\\\/\\\/archiviocassano.lavocedelpaese.info\"],\"url\":\"https:\\\/\\\/archiviocassano.lavocedelpaese.info\\\/index.php\\\/author\\\/admin_0qgz1xdp\\\/\"}]}<\/script>\n<!-- \/ Yoast SEO plugin. -->","yoast_head_json":{"title":"\u201cDaylight\u201d, il nuovo disco di Gaetano Partipilo - Archivio CassanoWeb","robots":{"index":"index","follow":"follow","max-snippet":"max-snippet:-1","max-image-preview":"max-image-preview:large","max-video-preview":"max-video-preview:-1"},"canonical":"https:\/\/archiviocassano.lavocedelpaese.info\/index.php\/2016\/03\/07\/daylight-la-luce-di-un-nuovo-inizio-a-colloquio-con-gaetano-partipilo\/","og_locale":"it_IT","og_type":"article","og_title":"\u201cDaylight\u201d, il nuovo disco di Gaetano Partipilo - Archivio CassanoWeb","og_url":"https:\/\/archiviocassano.lavocedelpaese.info\/index.php\/2016\/03\/07\/daylight-la-luce-di-un-nuovo-inizio-a-colloquio-con-gaetano-partipilo\/","og_site_name":"Archivio CassanoWeb","article_publisher":"https:\/\/www.facebook.com\/redazione.cassanoweb","article_published_time":"2016-03-07T17:27:04+00:00","author":"admin","twitter_card":"summary_large_image","twitter_misc":{"Scritto da":"admin","Tempo di lettura stimato":"4 minuti"},"schema":{"@context":"https:\/\/schema.org","@graph":[{"@type":"Article","@id":"https:\/\/archiviocassano.lavocedelpaese.info\/index.php\/2016\/03\/07\/daylight-la-luce-di-un-nuovo-inizio-a-colloquio-con-gaetano-partipilo\/#article","isPartOf":{"@id":"https:\/\/archiviocassano.lavocedelpaese.info\/index.php\/2016\/03\/07\/daylight-la-luce-di-un-nuovo-inizio-a-colloquio-con-gaetano-partipilo\/"},"author":{"name":"admin","@id":"https:\/\/archiviocassano.lavocedelpaese.info\/#\/schema\/person\/df195bc79a9b4c35127cf005f92e041b"},"headline":"\u201cDaylight\u201d, il nuovo disco di Gaetano Partipilo","datePublished":"2016-03-07T17:27:04+00:00","mainEntityOfPage":{"@id":"https:\/\/archiviocassano.lavocedelpaese.info\/index.php\/2016\/03\/07\/daylight-la-luce-di-un-nuovo-inizio-a-colloquio-con-gaetano-partipilo\/"},"wordCount":781,"commentCount":0,"publisher":{"@id":"https:\/\/archiviocassano.lavocedelpaese.info\/#organization"},"articleSection":["Cultura"],"inLanguage":"it-IT","potentialAction":[{"@type":"CommentAction","name":"Comment","target":["https:\/\/archiviocassano.lavocedelpaese.info\/index.php\/2016\/03\/07\/daylight-la-luce-di-un-nuovo-inizio-a-colloquio-con-gaetano-partipilo\/#respond"]}]},{"@type":"WebPage","@id":"https:\/\/archiviocassano.lavocedelpaese.info\/index.php\/2016\/03\/07\/daylight-la-luce-di-un-nuovo-inizio-a-colloquio-con-gaetano-partipilo\/","url":"https:\/\/archiviocassano.lavocedelpaese.info\/index.php\/2016\/03\/07\/daylight-la-luce-di-un-nuovo-inizio-a-colloquio-con-gaetano-partipilo\/","name":"\u201cDaylight\u201d, il nuovo disco di Gaetano Partipilo - Archivio CassanoWeb","isPartOf":{"@id":"https:\/\/archiviocassano.lavocedelpaese.info\/#website"},"datePublished":"2016-03-07T17:27:04+00:00","breadcrumb":{"@id":"https:\/\/archiviocassano.lavocedelpaese.info\/index.php\/2016\/03\/07\/daylight-la-luce-di-un-nuovo-inizio-a-colloquio-con-gaetano-partipilo\/#breadcrumb"},"inLanguage":"it-IT","potentialAction":[{"@type":"ReadAction","target":["https:\/\/archiviocassano.lavocedelpaese.info\/index.php\/2016\/03\/07\/daylight-la-luce-di-un-nuovo-inizio-a-colloquio-con-gaetano-partipilo\/"]}]},{"@type":"BreadcrumbList","@id":"https:\/\/archiviocassano.lavocedelpaese.info\/index.php\/2016\/03\/07\/daylight-la-luce-di-un-nuovo-inizio-a-colloquio-con-gaetano-partipilo\/#breadcrumb","itemListElement":[{"@type":"ListItem","position":1,"name":"Home","item":"https:\/\/archiviocassano.lavocedelpaese.info\/"},{"@type":"ListItem","position":2,"name":"\u201cDaylight\u201d, il nuovo disco di Gaetano Partipilo"}]},{"@type":"WebSite","@id":"https:\/\/archiviocassano.lavocedelpaese.info\/#website","url":"https:\/\/archiviocassano.lavocedelpaese.info\/","name":"Archivio CassanoWeb","description":"La Voce del Paese - un network di idee","publisher":{"@id":"https:\/\/archiviocassano.lavocedelpaese.info\/#organization"},"potentialAction":[{"@type":"SearchAction","target":{"@type":"EntryPoint","urlTemplate":"https:\/\/archiviocassano.lavocedelpaese.info\/?s={search_term_string}"},"query-input":{"@type":"PropertyValueSpecification","valueRequired":true,"valueName":"search_term_string"}}],"inLanguage":"it-IT"},{"@type":"Organization","@id":"https:\/\/archiviocassano.lavocedelpaese.info\/#organization","name":"Archivio CassanoWeb","url":"https:\/\/archiviocassano.lavocedelpaese.info\/","logo":{"@type":"ImageObject","inLanguage":"it-IT","@id":"https:\/\/archiviocassano.lavocedelpaese.info\/#\/schema\/logo\/image\/","url":"https:\/\/archiviocassano.lavocedelpaese.info\/wp-content\/uploads\/2024\/08\/logo-rosso-2.png","contentUrl":"https:\/\/archiviocassano.lavocedelpaese.info\/wp-content\/uploads\/2024\/08\/logo-rosso-2.png","width":491,"height":432,"caption":"Archivio CassanoWeb"},"image":{"@id":"https:\/\/archiviocassano.lavocedelpaese.info\/#\/schema\/logo\/image\/"},"sameAs":["https:\/\/www.facebook.com\/redazione.cassanoweb"]},{"@type":"Person","@id":"https:\/\/archiviocassano.lavocedelpaese.info\/#\/schema\/person\/df195bc79a9b4c35127cf005f92e041b","name":"admin","image":{"@type":"ImageObject","inLanguage":"it-IT","@id":"https:\/\/secure.gravatar.com\/avatar\/eabba89a432e8eaa1b0207cc55f7e5340b22712b1ed80677efcf63e02ff5b235?s=96&d=mm&r=g","url":"https:\/\/secure.gravatar.com\/avatar\/eabba89a432e8eaa1b0207cc55f7e5340b22712b1ed80677efcf63e02ff5b235?s=96&d=mm&r=g","contentUrl":"https:\/\/secure.gravatar.com\/avatar\/eabba89a432e8eaa1b0207cc55f7e5340b22712b1ed80677efcf63e02ff5b235?s=96&d=mm&r=g","caption":"admin"},"sameAs":["https:\/\/archiviocassano.lavocedelpaese.info"],"url":"https:\/\/archiviocassano.lavocedelpaese.info\/index.php\/author\/admin_0qgz1xdp\/"}]}},"_links":{"self":[{"href":"https:\/\/archiviocassano.lavocedelpaese.info\/index.php\/wp-json\/wp\/v2\/posts\/12153","targetHints":{"allow":["GET"]}}],"collection":[{"href":"https:\/\/archiviocassano.lavocedelpaese.info\/index.php\/wp-json\/wp\/v2\/posts"}],"about":[{"href":"https:\/\/archiviocassano.lavocedelpaese.info\/index.php\/wp-json\/wp\/v2\/types\/post"}],"author":[{"embeddable":true,"href":"https:\/\/archiviocassano.lavocedelpaese.info\/index.php\/wp-json\/wp\/v2\/users\/1"}],"replies":[{"embeddable":true,"href":"https:\/\/archiviocassano.lavocedelpaese.info\/index.php\/wp-json\/wp\/v2\/comments?post=12153"}],"version-history":[{"count":0,"href":"https:\/\/archiviocassano.lavocedelpaese.info\/index.php\/wp-json\/wp\/v2\/posts\/12153\/revisions"}],"wp:attachment":[{"href":"https:\/\/archiviocassano.lavocedelpaese.info\/index.php\/wp-json\/wp\/v2\/media?parent=12153"}],"wp:term":[{"taxonomy":"category","embeddable":true,"href":"https:\/\/archiviocassano.lavocedelpaese.info\/index.php\/wp-json\/wp\/v2\/categories?post=12153"},{"taxonomy":"post_tag","embeddable":true,"href":"https:\/\/archiviocassano.lavocedelpaese.info\/index.php\/wp-json\/wp\/v2\/tags?post=12153"}],"curies":[{"name":"wp","href":"https:\/\/api.w.org\/{rel}","templated":true}]}}