{"id":12159,"date":"2016-03-08T15:37:15","date_gmt":"2016-03-08T15:37:15","guid":{"rendered":"https:\/\/archiviocassano.lavocedelpaese.info\/index.php\/2016\/03\/08\/fondazione-qmaugeriq-domani-incontro-congiunto-fra-sindacati-e-consiglieri-comunali\/"},"modified":"2016-03-08T15:37:15","modified_gmt":"2016-03-08T15:37:15","slug":"fondazione-qmaugeriq-domani-incontro-congiunto-fra-sindacati-e-consiglieri-comunali","status":"publish","type":"post","link":"https:\/\/archiviocassano.lavocedelpaese.info\/index.php\/2016\/03\/08\/fondazione-qmaugeriq-domani-incontro-congiunto-fra-sindacati-e-consiglieri-comunali\/","title":{"rendered":"Fondazione &#8220;Maugeri&#8221;: incontro fra sindacati e Consiglieri Comunali"},"content":{"rendered":"<p><img loading=\"lazy\" decoding=\"async\" class=\" size-full wp-image-5068\" src=\"https:\/\/archiviocassano.lavocedelpaese.info\/wp-content\/uploads\/2012\/01\/fondazione_maugeri.jpg\" alt=\"fondazione maugeri\" style=\"margin-right: 2px; margin-left: 2px;\" height=\"150\" width=\"320\" srcset=\"https:\/\/archiviocassano.lavocedelpaese.info\/wp-content\/uploads\/2012\/01\/fondazione_maugeri.jpg 640w, https:\/\/archiviocassano.lavocedelpaese.info\/wp-content\/uploads\/2012\/01\/fondazione_maugeri-300x141.jpg 300w\" sizes=\"auto, (max-width: 320px) 100vw, 320px\" \/><\/p>\n<p><!--more--><\/p>\n<p>Si terr\u00e0 domani <strong>mercoled\u00ec 9 marzo alle ore 18.00 presso la Sala Conferenze della Biblioteca Civica<\/strong>, un incontro fra i Consiglieri Comunali cassanesi e le sigle sindacali che rappresentano i lavoratori della sede locale della Fondazione \u201cSalvatore Maugeri\u201d.<\/p>\n<p style=\"text-align: justify;\">L\u2019incontro \u00e8 stato richiesto proprio dai sindacati che hanno finalmente compreso la sostanziale immobilit\u00e0 delle istituzioni cittadine dinanzi al sempre pi\u00f9 grave rischio che l\u2019Istituto possa andar via da Cassano, dopo quasi quarant\u2019anni di presenza e di prestigiosa attivit\u00e0 sul nostro territorio e vogliono dunque vederci chiaro interpellando i rappresentanti dei cittadini, seppure non in veste ufficiale &#8211; ovvero come Consiglio Comunale &#8211; e dunque senza alcuna efficacia deliberativa.<\/p>\n<p style=\"text-align: justify;\">Nonostante, infatti, un progetto di ampliamento e ristrutturazione gi\u00e0 approvato dal Comitato regionale VIA-VAS-VINCA con la richiesta di alcune modifiche, i vertici della Fondazione pare siano sempre pi\u00f9 intenzionati a valutare l\u2019ipotesi del trasferimento, stracciando il contratto con la societ\u00e0 proprietaria della struttura in contrada \u201cCircito\u201d, la \u201cFabrica Immobiliare spa\u201d.<\/p>\n<p style=\"text-align: justify;\">Perch\u00e9, dunque, spostarsi da Cassano? Perch\u00e9 andar via proprio ora a progetto quasi approvato, dopo aver atteso quasi due decenni che ci\u00f2 accadesse? Quali patti, occulti, a questo punto, legano la strategia industriale della Fondazione alla politica regionale in tema di sanit\u00e0?<\/p>\n<p style=\"text-align: justify;\">Tutte domande a cui quasi nessuno sembra voler dare risposte, sottovalutando anche il fatto che il trasferimento da Cassano dell\u2019Istituto avrebbe un impatto socio-economico devastante per la nostra comunit\u00e0: ma questo sono davvero in pochi a rendersene conto.<\/p>\n<p style=\"text-align: justify;\">Fino ad oggi, infatti, <strong>solo il Circolo cassanese del Partito Democratico guidato dal Segretario Davide Pignatale<\/strong> si \u00e8 premurato di ascoltare i sindacati nel corso di un incontro: poco, ma meglio che nulla.<\/p>\n<p style=\"text-align: justify;\">E mentre in altre realt\u00e0 territoriali si lotta per non perdere posti di lavoro (vedi Santeramo in Colle che ha celebrato gi\u00e0 due Consigli Comunali congiunti con altri Comuni della Murgia \u2013 Cassano puntualmente assente, ma questa \u00e8 un\u2019altra storia \u2013 per discutere sulla vicenda Natuzzi ed i 340 esuberi) qui a <strong>Cassano maggioranza e opposizione fanno a gara per silenziare<\/strong> (con un tatticismo degno di miglior causa), &nbsp;<strong>tutta questa storia.<\/strong><\/p>\n<p style=\"text-align: justify;\">Forse fra qualche anno asciugheremo le lacrime di qualcuno: ma saranno lacrime di coccodrillo!<\/p>\n<p>&nbsp;<\/p>\n<p>&nbsp;<\/p>\n","protected":false},"excerpt":{"rendered":"","protected":false},"author":1,"featured_media":5068,"comment_status":"open","ping_status":"closed","sticky":false,"template":"","format":"standard","meta":{"colormag_page_container_layout":"default_layout","colormag_page_sidebar_layout":"default_layout","footnotes":""},"categories":[13],"tags":[],"class_list":["post-12159","post","type-post","status-publish","format-standard","has-post-thumbnail","hentry","category-economia"],"yoast_head":"<!-- This site is optimized with the Yoast SEO plugin v27.5 - https:\/\/yoast.com\/product\/yoast-seo-wordpress\/ -->\n<title>Fondazione &quot;Maugeri&quot;: incontro fra sindacati e Consiglieri Comunali - Archivio CassanoWeb<\/title>\n<meta name=\"robots\" content=\"index, follow, max-snippet:-1, max-image-preview:large, max-video-preview:-1\" \/>\n<link rel=\"canonical\" href=\"https:\/\/archiviocassano.lavocedelpaese.info\/index.php\/2016\/03\/08\/fondazione-qmaugeriq-domani-incontro-congiunto-fra-sindacati-e-consiglieri-comunali\/\" \/>\n<meta property=\"og:locale\" content=\"it_IT\" \/>\n<meta property=\"og:type\" content=\"article\" \/>\n<meta property=\"og:title\" content=\"Fondazione &quot;Maugeri&quot;: incontro fra sindacati e Consiglieri Comunali - Archivio CassanoWeb\" \/>\n<meta property=\"og:url\" content=\"https:\/\/archiviocassano.lavocedelpaese.info\/index.php\/2016\/03\/08\/fondazione-qmaugeriq-domani-incontro-congiunto-fra-sindacati-e-consiglieri-comunali\/\" \/>\n<meta property=\"og:site_name\" content=\"Archivio CassanoWeb\" \/>\n<meta property=\"article:publisher\" content=\"https:\/\/www.facebook.com\/redazione.cassanoweb\" \/>\n<meta property=\"article:published_time\" content=\"2016-03-08T15:37:15+00:00\" \/>\n<meta property=\"og:image\" content=\"https:\/\/archiviocassano.lavocedelpaese.info\/wp-content\/uploads\/2012\/01\/fondazione_maugeri.jpg\" \/>\n\t<meta property=\"og:image:width\" content=\"640\" \/>\n\t<meta property=\"og:image:height\" content=\"300\" \/>\n\t<meta property=\"og:image:type\" content=\"image\/jpeg\" \/>\n<meta name=\"author\" content=\"admin\" \/>\n<meta name=\"twitter:card\" content=\"summary_large_image\" \/>\n<meta name=\"twitter:label1\" content=\"Scritto da\" \/>\n\t<meta name=\"twitter:data1\" content=\"admin\" \/>\n\t<meta name=\"twitter:label2\" content=\"Tempo di lettura stimato\" \/>\n\t<meta name=\"twitter:data2\" content=\"2 minuti\" \/>\n<script type=\"application\/ld+json\" class=\"yoast-schema-graph\">{\"@context\":\"https:\\\/\\\/schema.org\",\"@graph\":[{\"@type\":\"Article\",\"@id\":\"https:\\\/\\\/archiviocassano.lavocedelpaese.info\\\/index.php\\\/2016\\\/03\\\/08\\\/fondazione-qmaugeriq-domani-incontro-congiunto-fra-sindacati-e-consiglieri-comunali\\\/#article\",\"isPartOf\":{\"@id\":\"https:\\\/\\\/archiviocassano.lavocedelpaese.info\\\/index.php\\\/2016\\\/03\\\/08\\\/fondazione-qmaugeriq-domani-incontro-congiunto-fra-sindacati-e-consiglieri-comunali\\\/\"},\"author\":{\"name\":\"admin\",\"@id\":\"https:\\\/\\\/archiviocassano.lavocedelpaese.info\\\/#\\\/schema\\\/person\\\/df195bc79a9b4c35127cf005f92e041b\"},\"headline\":\"Fondazione &#8220;Maugeri&#8221;: incontro fra sindacati e Consiglieri Comunali\",\"datePublished\":\"2016-03-08T15:37:15+00:00\",\"mainEntityOfPage\":{\"@id\":\"https:\\\/\\\/archiviocassano.lavocedelpaese.info\\\/index.php\\\/2016\\\/03\\\/08\\\/fondazione-qmaugeriq-domani-incontro-congiunto-fra-sindacati-e-consiglieri-comunali\\\/\"},\"wordCount\":364,\"commentCount\":0,\"publisher\":{\"@id\":\"https:\\\/\\\/archiviocassano.lavocedelpaese.info\\\/#organization\"},\"image\":{\"@id\":\"https:\\\/\\\/archiviocassano.lavocedelpaese.info\\\/index.php\\\/2016\\\/03\\\/08\\\/fondazione-qmaugeriq-domani-incontro-congiunto-fra-sindacati-e-consiglieri-comunali\\\/#primaryimage\"},\"thumbnailUrl\":\"https:\\\/\\\/archiviocassano.lavocedelpaese.info\\\/wp-content\\\/uploads\\\/2012\\\/01\\\/fondazione_maugeri.jpg\",\"articleSection\":[\"Economia\"],\"inLanguage\":\"it-IT\",\"potentialAction\":[{\"@type\":\"CommentAction\",\"name\":\"Comment\",\"target\":[\"https:\\\/\\\/archiviocassano.lavocedelpaese.info\\\/index.php\\\/2016\\\/03\\\/08\\\/fondazione-qmaugeriq-domani-incontro-congiunto-fra-sindacati-e-consiglieri-comunali\\\/#respond\"]}]},{\"@type\":\"WebPage\",\"@id\":\"https:\\\/\\\/archiviocassano.lavocedelpaese.info\\\/index.php\\\/2016\\\/03\\\/08\\\/fondazione-qmaugeriq-domani-incontro-congiunto-fra-sindacati-e-consiglieri-comunali\\\/\",\"url\":\"https:\\\/\\\/archiviocassano.lavocedelpaese.info\\\/index.php\\\/2016\\\/03\\\/08\\\/fondazione-qmaugeriq-domani-incontro-congiunto-fra-sindacati-e-consiglieri-comunali\\\/\",\"name\":\"Fondazione \\\"Maugeri\\\": incontro fra sindacati e Consiglieri Comunali - Archivio CassanoWeb\",\"isPartOf\":{\"@id\":\"https:\\\/\\\/archiviocassano.lavocedelpaese.info\\\/#website\"},\"primaryImageOfPage\":{\"@id\":\"https:\\\/\\\/archiviocassano.lavocedelpaese.info\\\/index.php\\\/2016\\\/03\\\/08\\\/fondazione-qmaugeriq-domani-incontro-congiunto-fra-sindacati-e-consiglieri-comunali\\\/#primaryimage\"},\"image\":{\"@id\":\"https:\\\/\\\/archiviocassano.lavocedelpaese.info\\\/index.php\\\/2016\\\/03\\\/08\\\/fondazione-qmaugeriq-domani-incontro-congiunto-fra-sindacati-e-consiglieri-comunali\\\/#primaryimage\"},\"thumbnailUrl\":\"https:\\\/\\\/archiviocassano.lavocedelpaese.info\\\/wp-content\\\/uploads\\\/2012\\\/01\\\/fondazione_maugeri.jpg\",\"datePublished\":\"2016-03-08T15:37:15+00:00\",\"breadcrumb\":{\"@id\":\"https:\\\/\\\/archiviocassano.lavocedelpaese.info\\\/index.php\\\/2016\\\/03\\\/08\\\/fondazione-qmaugeriq-domani-incontro-congiunto-fra-sindacati-e-consiglieri-comunali\\\/#breadcrumb\"},\"inLanguage\":\"it-IT\",\"potentialAction\":[{\"@type\":\"ReadAction\",\"target\":[\"https:\\\/\\\/archiviocassano.lavocedelpaese.info\\\/index.php\\\/2016\\\/03\\\/08\\\/fondazione-qmaugeriq-domani-incontro-congiunto-fra-sindacati-e-consiglieri-comunali\\\/\"]}]},{\"@type\":\"ImageObject\",\"inLanguage\":\"it-IT\",\"@id\":\"https:\\\/\\\/archiviocassano.lavocedelpaese.info\\\/index.php\\\/2016\\\/03\\\/08\\\/fondazione-qmaugeriq-domani-incontro-congiunto-fra-sindacati-e-consiglieri-comunali\\\/#primaryimage\",\"url\":\"https:\\\/\\\/archiviocassano.lavocedelpaese.info\\\/wp-content\\\/uploads\\\/2012\\\/01\\\/fondazione_maugeri.jpg\",\"contentUrl\":\"https:\\\/\\\/archiviocassano.lavocedelpaese.info\\\/wp-content\\\/uploads\\\/2012\\\/01\\\/fondazione_maugeri.jpg\",\"width\":640,\"height\":300,\"caption\":\"fondazione maugeri\"},{\"@type\":\"BreadcrumbList\",\"@id\":\"https:\\\/\\\/archiviocassano.lavocedelpaese.info\\\/index.php\\\/2016\\\/03\\\/08\\\/fondazione-qmaugeriq-domani-incontro-congiunto-fra-sindacati-e-consiglieri-comunali\\\/#breadcrumb\",\"itemListElement\":[{\"@type\":\"ListItem\",\"position\":1,\"name\":\"Home\",\"item\":\"https:\\\/\\\/archiviocassano.lavocedelpaese.info\\\/\"},{\"@type\":\"ListItem\",\"position\":2,\"name\":\"Fondazione &#8220;Maugeri&#8221;: incontro fra sindacati e Consiglieri Comunali\"}]},{\"@type\":\"WebSite\",\"@id\":\"https:\\\/\\\/archiviocassano.lavocedelpaese.info\\\/#website\",\"url\":\"https:\\\/\\\/archiviocassano.lavocedelpaese.info\\\/\",\"name\":\"Archivio CassanoWeb\",\"description\":\"La Voce del Paese - un network di idee\",\"publisher\":{\"@id\":\"https:\\\/\\\/archiviocassano.lavocedelpaese.info\\\/#organization\"},\"potentialAction\":[{\"@type\":\"SearchAction\",\"target\":{\"@type\":\"EntryPoint\",\"urlTemplate\":\"https:\\\/\\\/archiviocassano.lavocedelpaese.info\\\/?s={search_term_string}\"},\"query-input\":{\"@type\":\"PropertyValueSpecification\",\"valueRequired\":true,\"valueName\":\"search_term_string\"}}],\"inLanguage\":\"it-IT\"},{\"@type\":\"Organization\",\"@id\":\"https:\\\/\\\/archiviocassano.lavocedelpaese.info\\\/#organization\",\"name\":\"Archivio CassanoWeb\",\"url\":\"https:\\\/\\\/archiviocassano.lavocedelpaese.info\\\/\",\"logo\":{\"@type\":\"ImageObject\",\"inLanguage\":\"it-IT\",\"@id\":\"https:\\\/\\\/archiviocassano.lavocedelpaese.info\\\/#\\\/schema\\\/logo\\\/image\\\/\",\"url\":\"https:\\\/\\\/archiviocassano.lavocedelpaese.info\\\/wp-content\\\/uploads\\\/2024\\\/08\\\/logo-rosso-2.png\",\"contentUrl\":\"https:\\\/\\\/archiviocassano.lavocedelpaese.info\\\/wp-content\\\/uploads\\\/2024\\\/08\\\/logo-rosso-2.png\",\"width\":491,\"height\":432,\"caption\":\"Archivio CassanoWeb\"},\"image\":{\"@id\":\"https:\\\/\\\/archiviocassano.lavocedelpaese.info\\\/#\\\/schema\\\/logo\\\/image\\\/\"},\"sameAs\":[\"https:\\\/\\\/www.facebook.com\\\/redazione.cassanoweb\"]},{\"@type\":\"Person\",\"@id\":\"https:\\\/\\\/archiviocassano.lavocedelpaese.info\\\/#\\\/schema\\\/person\\\/df195bc79a9b4c35127cf005f92e041b\",\"name\":\"admin\",\"image\":{\"@type\":\"ImageObject\",\"inLanguage\":\"it-IT\",\"@id\":\"https:\\\/\\\/secure.gravatar.com\\\/avatar\\\/eabba89a432e8eaa1b0207cc55f7e5340b22712b1ed80677efcf63e02ff5b235?s=96&d=mm&r=g\",\"url\":\"https:\\\/\\\/secure.gravatar.com\\\/avatar\\\/eabba89a432e8eaa1b0207cc55f7e5340b22712b1ed80677efcf63e02ff5b235?s=96&d=mm&r=g\",\"contentUrl\":\"https:\\\/\\\/secure.gravatar.com\\\/avatar\\\/eabba89a432e8eaa1b0207cc55f7e5340b22712b1ed80677efcf63e02ff5b235?s=96&d=mm&r=g\",\"caption\":\"admin\"},\"sameAs\":[\"https:\\\/\\\/archiviocassano.lavocedelpaese.info\"],\"url\":\"https:\\\/\\\/archiviocassano.lavocedelpaese.info\\\/index.php\\\/author\\\/admin_0qgz1xdp\\\/\"}]}<\/script>\n<!-- \/ Yoast SEO plugin. -->","yoast_head_json":{"title":"Fondazione \"Maugeri\": incontro fra sindacati e Consiglieri Comunali - Archivio CassanoWeb","robots":{"index":"index","follow":"follow","max-snippet":"max-snippet:-1","max-image-preview":"max-image-preview:large","max-video-preview":"max-video-preview:-1"},"canonical":"https:\/\/archiviocassano.lavocedelpaese.info\/index.php\/2016\/03\/08\/fondazione-qmaugeriq-domani-incontro-congiunto-fra-sindacati-e-consiglieri-comunali\/","og_locale":"it_IT","og_type":"article","og_title":"Fondazione \"Maugeri\": incontro fra sindacati e Consiglieri Comunali - Archivio CassanoWeb","og_url":"https:\/\/archiviocassano.lavocedelpaese.info\/index.php\/2016\/03\/08\/fondazione-qmaugeriq-domani-incontro-congiunto-fra-sindacati-e-consiglieri-comunali\/","og_site_name":"Archivio CassanoWeb","article_publisher":"https:\/\/www.facebook.com\/redazione.cassanoweb","article_published_time":"2016-03-08T15:37:15+00:00","og_image":[{"width":640,"height":300,"url":"https:\/\/archiviocassano.lavocedelpaese.info\/wp-content\/uploads\/2012\/01\/fondazione_maugeri.jpg","type":"image\/jpeg"}],"author":"admin","twitter_card":"summary_large_image","twitter_misc":{"Scritto da":"admin","Tempo di lettura stimato":"2 minuti"},"schema":{"@context":"https:\/\/schema.org","@graph":[{"@type":"Article","@id":"https:\/\/archiviocassano.lavocedelpaese.info\/index.php\/2016\/03\/08\/fondazione-qmaugeriq-domani-incontro-congiunto-fra-sindacati-e-consiglieri-comunali\/#article","isPartOf":{"@id":"https:\/\/archiviocassano.lavocedelpaese.info\/index.php\/2016\/03\/08\/fondazione-qmaugeriq-domani-incontro-congiunto-fra-sindacati-e-consiglieri-comunali\/"},"author":{"name":"admin","@id":"https:\/\/archiviocassano.lavocedelpaese.info\/#\/schema\/person\/df195bc79a9b4c35127cf005f92e041b"},"headline":"Fondazione &#8220;Maugeri&#8221;: incontro fra sindacati e Consiglieri Comunali","datePublished":"2016-03-08T15:37:15+00:00","mainEntityOfPage":{"@id":"https:\/\/archiviocassano.lavocedelpaese.info\/index.php\/2016\/03\/08\/fondazione-qmaugeriq-domani-incontro-congiunto-fra-sindacati-e-consiglieri-comunali\/"},"wordCount":364,"commentCount":0,"publisher":{"@id":"https:\/\/archiviocassano.lavocedelpaese.info\/#organization"},"image":{"@id":"https:\/\/archiviocassano.lavocedelpaese.info\/index.php\/2016\/03\/08\/fondazione-qmaugeriq-domani-incontro-congiunto-fra-sindacati-e-consiglieri-comunali\/#primaryimage"},"thumbnailUrl":"https:\/\/archiviocassano.lavocedelpaese.info\/wp-content\/uploads\/2012\/01\/fondazione_maugeri.jpg","articleSection":["Economia"],"inLanguage":"it-IT","potentialAction":[{"@type":"CommentAction","name":"Comment","target":["https:\/\/archiviocassano.lavocedelpaese.info\/index.php\/2016\/03\/08\/fondazione-qmaugeriq-domani-incontro-congiunto-fra-sindacati-e-consiglieri-comunali\/#respond"]}]},{"@type":"WebPage","@id":"https:\/\/archiviocassano.lavocedelpaese.info\/index.php\/2016\/03\/08\/fondazione-qmaugeriq-domani-incontro-congiunto-fra-sindacati-e-consiglieri-comunali\/","url":"https:\/\/archiviocassano.lavocedelpaese.info\/index.php\/2016\/03\/08\/fondazione-qmaugeriq-domani-incontro-congiunto-fra-sindacati-e-consiglieri-comunali\/","name":"Fondazione \"Maugeri\": incontro fra sindacati e Consiglieri Comunali - Archivio CassanoWeb","isPartOf":{"@id":"https:\/\/archiviocassano.lavocedelpaese.info\/#website"},"primaryImageOfPage":{"@id":"https:\/\/archiviocassano.lavocedelpaese.info\/index.php\/2016\/03\/08\/fondazione-qmaugeriq-domani-incontro-congiunto-fra-sindacati-e-consiglieri-comunali\/#primaryimage"},"image":{"@id":"https:\/\/archiviocassano.lavocedelpaese.info\/index.php\/2016\/03\/08\/fondazione-qmaugeriq-domani-incontro-congiunto-fra-sindacati-e-consiglieri-comunali\/#primaryimage"},"thumbnailUrl":"https:\/\/archiviocassano.lavocedelpaese.info\/wp-content\/uploads\/2012\/01\/fondazione_maugeri.jpg","datePublished":"2016-03-08T15:37:15+00:00","breadcrumb":{"@id":"https:\/\/archiviocassano.lavocedelpaese.info\/index.php\/2016\/03\/08\/fondazione-qmaugeriq-domani-incontro-congiunto-fra-sindacati-e-consiglieri-comunali\/#breadcrumb"},"inLanguage":"it-IT","potentialAction":[{"@type":"ReadAction","target":["https:\/\/archiviocassano.lavocedelpaese.info\/index.php\/2016\/03\/08\/fondazione-qmaugeriq-domani-incontro-congiunto-fra-sindacati-e-consiglieri-comunali\/"]}]},{"@type":"ImageObject","inLanguage":"it-IT","@id":"https:\/\/archiviocassano.lavocedelpaese.info\/index.php\/2016\/03\/08\/fondazione-qmaugeriq-domani-incontro-congiunto-fra-sindacati-e-consiglieri-comunali\/#primaryimage","url":"https:\/\/archiviocassano.lavocedelpaese.info\/wp-content\/uploads\/2012\/01\/fondazione_maugeri.jpg","contentUrl":"https:\/\/archiviocassano.lavocedelpaese.info\/wp-content\/uploads\/2012\/01\/fondazione_maugeri.jpg","width":640,"height":300,"caption":"fondazione maugeri"},{"@type":"BreadcrumbList","@id":"https:\/\/archiviocassano.lavocedelpaese.info\/index.php\/2016\/03\/08\/fondazione-qmaugeriq-domani-incontro-congiunto-fra-sindacati-e-consiglieri-comunali\/#breadcrumb","itemListElement":[{"@type":"ListItem","position":1,"name":"Home","item":"https:\/\/archiviocassano.lavocedelpaese.info\/"},{"@type":"ListItem","position":2,"name":"Fondazione &#8220;Maugeri&#8221;: incontro fra sindacati e Consiglieri Comunali"}]},{"@type":"WebSite","@id":"https:\/\/archiviocassano.lavocedelpaese.info\/#website","url":"https:\/\/archiviocassano.lavocedelpaese.info\/","name":"Archivio CassanoWeb","description":"La Voce del Paese - un network di idee","publisher":{"@id":"https:\/\/archiviocassano.lavocedelpaese.info\/#organization"},"potentialAction":[{"@type":"SearchAction","target":{"@type":"EntryPoint","urlTemplate":"https:\/\/archiviocassano.lavocedelpaese.info\/?s={search_term_string}"},"query-input":{"@type":"PropertyValueSpecification","valueRequired":true,"valueName":"search_term_string"}}],"inLanguage":"it-IT"},{"@type":"Organization","@id":"https:\/\/archiviocassano.lavocedelpaese.info\/#organization","name":"Archivio CassanoWeb","url":"https:\/\/archiviocassano.lavocedelpaese.info\/","logo":{"@type":"ImageObject","inLanguage":"it-IT","@id":"https:\/\/archiviocassano.lavocedelpaese.info\/#\/schema\/logo\/image\/","url":"https:\/\/archiviocassano.lavocedelpaese.info\/wp-content\/uploads\/2024\/08\/logo-rosso-2.png","contentUrl":"https:\/\/archiviocassano.lavocedelpaese.info\/wp-content\/uploads\/2024\/08\/logo-rosso-2.png","width":491,"height":432,"caption":"Archivio CassanoWeb"},"image":{"@id":"https:\/\/archiviocassano.lavocedelpaese.info\/#\/schema\/logo\/image\/"},"sameAs":["https:\/\/www.facebook.com\/redazione.cassanoweb"]},{"@type":"Person","@id":"https:\/\/archiviocassano.lavocedelpaese.info\/#\/schema\/person\/df195bc79a9b4c35127cf005f92e041b","name":"admin","image":{"@type":"ImageObject","inLanguage":"it-IT","@id":"https:\/\/secure.gravatar.com\/avatar\/eabba89a432e8eaa1b0207cc55f7e5340b22712b1ed80677efcf63e02ff5b235?s=96&d=mm&r=g","url":"https:\/\/secure.gravatar.com\/avatar\/eabba89a432e8eaa1b0207cc55f7e5340b22712b1ed80677efcf63e02ff5b235?s=96&d=mm&r=g","contentUrl":"https:\/\/secure.gravatar.com\/avatar\/eabba89a432e8eaa1b0207cc55f7e5340b22712b1ed80677efcf63e02ff5b235?s=96&d=mm&r=g","caption":"admin"},"sameAs":["https:\/\/archiviocassano.lavocedelpaese.info"],"url":"https:\/\/archiviocassano.lavocedelpaese.info\/index.php\/author\/admin_0qgz1xdp\/"}]}},"_links":{"self":[{"href":"https:\/\/archiviocassano.lavocedelpaese.info\/index.php\/wp-json\/wp\/v2\/posts\/12159","targetHints":{"allow":["GET"]}}],"collection":[{"href":"https:\/\/archiviocassano.lavocedelpaese.info\/index.php\/wp-json\/wp\/v2\/posts"}],"about":[{"href":"https:\/\/archiviocassano.lavocedelpaese.info\/index.php\/wp-json\/wp\/v2\/types\/post"}],"author":[{"embeddable":true,"href":"https:\/\/archiviocassano.lavocedelpaese.info\/index.php\/wp-json\/wp\/v2\/users\/1"}],"replies":[{"embeddable":true,"href":"https:\/\/archiviocassano.lavocedelpaese.info\/index.php\/wp-json\/wp\/v2\/comments?post=12159"}],"version-history":[{"count":0,"href":"https:\/\/archiviocassano.lavocedelpaese.info\/index.php\/wp-json\/wp\/v2\/posts\/12159\/revisions"}],"wp:featuredmedia":[{"embeddable":true,"href":"https:\/\/archiviocassano.lavocedelpaese.info\/index.php\/wp-json\/wp\/v2\/media\/5068"}],"wp:attachment":[{"href":"https:\/\/archiviocassano.lavocedelpaese.info\/index.php\/wp-json\/wp\/v2\/media?parent=12159"}],"wp:term":[{"taxonomy":"category","embeddable":true,"href":"https:\/\/archiviocassano.lavocedelpaese.info\/index.php\/wp-json\/wp\/v2\/categories?post=12159"},{"taxonomy":"post_tag","embeddable":true,"href":"https:\/\/archiviocassano.lavocedelpaese.info\/index.php\/wp-json\/wp\/v2\/tags?post=12159"}],"curies":[{"name":"wp","href":"https:\/\/api.w.org\/{rel}","templated":true}]}}