{"id":12219,"date":"2016-03-25T23:45:05","date_gmt":"2016-03-25T23:45:05","guid":{"rendered":"https:\/\/archiviocassano.lavocedelpaese.info\/index.php\/2016\/03\/25\/si-sente-male-in-zona-mercato-ma-lambulanza-non-puo-arrivarci-per-le-bancarelle\/"},"modified":"2016-03-25T23:45:05","modified_gmt":"2016-03-25T23:45:05","slug":"si-sente-male-in-zona-mercato-ma-lambulanza-non-puo-arrivarci-per-le-bancarelle","status":"publish","type":"post","link":"https:\/\/archiviocassano.lavocedelpaese.info\/index.php\/2016\/03\/25\/si-sente-male-in-zona-mercato-ma-lambulanza-non-puo-arrivarci-per-le-bancarelle\/","title":{"rendered":"Si sente male in zona mercato ma l&#8217;ambulanza non pu\u00f2 arrivarci"},"content":{"rendered":"<p style=\"text-align: justify;\"><img loading=\"lazy\" decoding=\"async\" src=\"images\/stories\/archiviofoto\/01.jpg\" alt=\"01\" height=\"150\" width=\"320\" \/><\/p>\n<p><!--more--><\/p>\n<p>Si sente male mentre fa la spesa in un negozio ma l\u2019ambulanza non riesce a raggiungerla a causa delle bancarelle del mercato settimanale del venerd\u00ec.<\/p>\n<p style=\"text-align: justify;\">Poteva andare peggio e solo per fortuna la malcapitata poteva trovarsi in una situazione pi\u00f9 grave.<\/p>\n<p style=\"text-align: justify;\">E\u2019 accaduto ieri, venerd\u00ec 25 marzo intorno alle ore 12.15, in via Enrico Toti a Cassano: una ragazza intenta a fare compere all\u2019interno di un negozio di dolciumi, avverte un malore che sulle prime sembra essere passeggero ma che col passare dei minuti si aggrava; quasi perde i sensi e viene stesa a terra dai presenti che nel frattempo allertano il numero di emergenza \u201c118\u201d.<\/p>\n<p style=\"text-align: justify;\">Pochi minuti e l\u2019ambulanza \u00e8 sul posto, arrivando da via Giotto ma non riesce a raggiungere il negozio a causa della bancarelle che ostruiscono il passaggio.<\/p>\n<p style=\"text-align: justify;\">Il negozio da cui \u00e8 partita la richiesta d\u2019aiuto, infatti, si trova nel bel mezzo del mercato e purtroppo \u2013 come spesso pi\u00f9 volte denunciato \u2013 non ci sono su quel tratto di strada passaggi idonei a far transitare il mezzo di soccorso.<\/p>\n<p style=\"text-align: justify;\">Senza perdersi d\u2019animo e consci della potenziale gravit\u00e0 della situazione, i soccorritori \u2013 come testimoniano queste eccezionali immagini &#8211; scaricano una lettiga dall\u2019ambulanza e raggiungono a piedi il negozio per soccorrere la donna.<\/p>\n<p style=\"text-align: justify;\">&nbsp;<\/p>\n<p style=\"text-align: center;\"><img loading=\"lazy\" decoding=\"async\" src=\"images\/stories\/archiviofoto\/03.jpg\" width=\"332\" height=\"500\" alt=\"03\" style=\"margin-right: 2px; margin-left: 2px;\" \/><\/p>\n<p style=\"text-align: center;\">&nbsp;<\/p>\n<p style=\"text-align: center;\"><img decoding=\"async\" src=\"images\/stories\/archiviofoto\/04.jpg\" alt=\"04\" style=\"margin-right: 2px; margin-left: 2px;\" \/><\/p>\n<p style=\"text-align: center;\"><img decoding=\"async\" src=\"images\/stories\/archiviofoto\/05.jpg\" alt=\"05\" style=\"margin-right: 2px; margin-left: 2px;\" \/><\/p>\n<p style=\"text-align: justify;\">Il mezzo di soccorso, nel frattempo, pur cercando con qualche manovra di farsi strada fra le bancarelle, deve desistere e attendere che il personale &nbsp;porti a mano, per una decina di metri, la ragazza sulla lettiga, fra l\u2019incredulit\u00e0 dei venditori e dei clienti che a quell\u2019ora affollavano il mercato.<\/p>\n<p style=\"text-align: justify;\">A sirene spiegate l\u2019ambulanza corre verso il pi\u00f9 vicino Pronto Soccorso disponibile e pare che se la caver\u00e0 con poco, avendo avuto un malore senza serie conseguenze.<\/p>\n<p style=\"text-align: justify;\">Ma sarebbe potuta andare peggio!<\/p>\n<p style=\"text-align: justify;\">In quella zona, infatti, da sempre vi sono bancarelle e venditori che non dovrebbero esserci e stando ad una Ordinanza della Polizia Municipale di quasi un anno fa, la strada dovrebbe essere sgombra e libera per consentire ai mezzi di soccorso di raggiungere ogni punto possibile.<\/p>\n<p style=\"text-align: justify;\">A quella Ordinanza, per\u00f2, non \u00e8 stato mai dato seguito perch\u00e9 dal Comune ne fu bloccata l\u2019esecutivit\u00e0 dopo le proteste di alcuni ambulanti che non volevano spostarsi da via Toti.<\/p>\n<p style=\"text-align: justify;\">Sarebbe, dunque, il caso di non fare sempre le cose all\u2019italiana ovvero prima ci deve scappare il morto per poi prendere provvedimenti: quella Ordinanza, assieme a tutto il piano di riordino della disposizione delle bancarelle in piazza Merloni e nelle strade adiacenti, va portato a termine, cos\u00ec come aveva cominciato a fare il maggiore Luigi De Benedictis. Prima che qualcuno lo bloccasse\u2026.<\/p>\n<p>&nbsp;<\/p>\n","protected":false},"excerpt":{"rendered":"","protected":false},"author":1,"featured_media":0,"comment_status":"open","ping_status":"closed","sticky":false,"template":"","format":"standard","meta":{"colormag_page_container_layout":"default_layout","colormag_page_sidebar_layout":"default_layout","footnotes":""},"categories":[8],"tags":[],"class_list":["post-12219","post","type-post","status-publish","format-standard","hentry","category-cronaca"],"yoast_head":"<!-- This site is optimized with the Yoast SEO plugin v27.5 - https:\/\/yoast.com\/product\/yoast-seo-wordpress\/ -->\n<title>Si sente male in zona mercato ma l&#039;ambulanza non pu\u00f2 arrivarci - Archivio CassanoWeb<\/title>\n<meta name=\"robots\" content=\"index, follow, max-snippet:-1, max-image-preview:large, max-video-preview:-1\" \/>\n<link rel=\"canonical\" href=\"https:\/\/archiviocassano.lavocedelpaese.info\/index.php\/2016\/03\/25\/si-sente-male-in-zona-mercato-ma-lambulanza-non-puo-arrivarci-per-le-bancarelle\/\" \/>\n<meta property=\"og:locale\" content=\"it_IT\" \/>\n<meta property=\"og:type\" content=\"article\" \/>\n<meta property=\"og:title\" content=\"Si sente male in zona mercato ma l&#039;ambulanza non pu\u00f2 arrivarci - Archivio CassanoWeb\" \/>\n<meta property=\"og:url\" content=\"https:\/\/archiviocassano.lavocedelpaese.info\/index.php\/2016\/03\/25\/si-sente-male-in-zona-mercato-ma-lambulanza-non-puo-arrivarci-per-le-bancarelle\/\" \/>\n<meta property=\"og:site_name\" content=\"Archivio CassanoWeb\" \/>\n<meta property=\"article:publisher\" content=\"https:\/\/www.facebook.com\/redazione.cassanoweb\" \/>\n<meta property=\"article:published_time\" content=\"2016-03-25T23:45:05+00:00\" \/>\n<meta name=\"author\" content=\"admin\" \/>\n<meta name=\"twitter:card\" content=\"summary_large_image\" \/>\n<meta name=\"twitter:label1\" content=\"Scritto da\" \/>\n\t<meta name=\"twitter:data1\" content=\"admin\" \/>\n\t<meta name=\"twitter:label2\" content=\"Tempo di lettura stimato\" \/>\n\t<meta name=\"twitter:data2\" content=\"2 minuti\" \/>\n<script type=\"application\/ld+json\" class=\"yoast-schema-graph\">{\"@context\":\"https:\\\/\\\/schema.org\",\"@graph\":[{\"@type\":\"Article\",\"@id\":\"https:\\\/\\\/archiviocassano.lavocedelpaese.info\\\/index.php\\\/2016\\\/03\\\/25\\\/si-sente-male-in-zona-mercato-ma-lambulanza-non-puo-arrivarci-per-le-bancarelle\\\/#article\",\"isPartOf\":{\"@id\":\"https:\\\/\\\/archiviocassano.lavocedelpaese.info\\\/index.php\\\/2016\\\/03\\\/25\\\/si-sente-male-in-zona-mercato-ma-lambulanza-non-puo-arrivarci-per-le-bancarelle\\\/\"},\"author\":{\"name\":\"admin\",\"@id\":\"https:\\\/\\\/archiviocassano.lavocedelpaese.info\\\/#\\\/schema\\\/person\\\/df195bc79a9b4c35127cf005f92e041b\"},\"headline\":\"Si sente male in zona mercato ma l&#8217;ambulanza non pu\u00f2 arrivarci\",\"datePublished\":\"2016-03-25T23:45:05+00:00\",\"mainEntityOfPage\":{\"@id\":\"https:\\\/\\\/archiviocassano.lavocedelpaese.info\\\/index.php\\\/2016\\\/03\\\/25\\\/si-sente-male-in-zona-mercato-ma-lambulanza-non-puo-arrivarci-per-le-bancarelle\\\/\"},\"wordCount\":445,\"commentCount\":0,\"publisher\":{\"@id\":\"https:\\\/\\\/archiviocassano.lavocedelpaese.info\\\/#organization\"},\"articleSection\":[\"Cronaca\"],\"inLanguage\":\"it-IT\",\"potentialAction\":[{\"@type\":\"CommentAction\",\"name\":\"Comment\",\"target\":[\"https:\\\/\\\/archiviocassano.lavocedelpaese.info\\\/index.php\\\/2016\\\/03\\\/25\\\/si-sente-male-in-zona-mercato-ma-lambulanza-non-puo-arrivarci-per-le-bancarelle\\\/#respond\"]}]},{\"@type\":\"WebPage\",\"@id\":\"https:\\\/\\\/archiviocassano.lavocedelpaese.info\\\/index.php\\\/2016\\\/03\\\/25\\\/si-sente-male-in-zona-mercato-ma-lambulanza-non-puo-arrivarci-per-le-bancarelle\\\/\",\"url\":\"https:\\\/\\\/archiviocassano.lavocedelpaese.info\\\/index.php\\\/2016\\\/03\\\/25\\\/si-sente-male-in-zona-mercato-ma-lambulanza-non-puo-arrivarci-per-le-bancarelle\\\/\",\"name\":\"Si sente male in zona mercato ma l'ambulanza non pu\u00f2 arrivarci - Archivio CassanoWeb\",\"isPartOf\":{\"@id\":\"https:\\\/\\\/archiviocassano.lavocedelpaese.info\\\/#website\"},\"datePublished\":\"2016-03-25T23:45:05+00:00\",\"breadcrumb\":{\"@id\":\"https:\\\/\\\/archiviocassano.lavocedelpaese.info\\\/index.php\\\/2016\\\/03\\\/25\\\/si-sente-male-in-zona-mercato-ma-lambulanza-non-puo-arrivarci-per-le-bancarelle\\\/#breadcrumb\"},\"inLanguage\":\"it-IT\",\"potentialAction\":[{\"@type\":\"ReadAction\",\"target\":[\"https:\\\/\\\/archiviocassano.lavocedelpaese.info\\\/index.php\\\/2016\\\/03\\\/25\\\/si-sente-male-in-zona-mercato-ma-lambulanza-non-puo-arrivarci-per-le-bancarelle\\\/\"]}]},{\"@type\":\"BreadcrumbList\",\"@id\":\"https:\\\/\\\/archiviocassano.lavocedelpaese.info\\\/index.php\\\/2016\\\/03\\\/25\\\/si-sente-male-in-zona-mercato-ma-lambulanza-non-puo-arrivarci-per-le-bancarelle\\\/#breadcrumb\",\"itemListElement\":[{\"@type\":\"ListItem\",\"position\":1,\"name\":\"Home\",\"item\":\"https:\\\/\\\/archiviocassano.lavocedelpaese.info\\\/\"},{\"@type\":\"ListItem\",\"position\":2,\"name\":\"Si sente male in zona mercato ma l&#8217;ambulanza non pu\u00f2 arrivarci\"}]},{\"@type\":\"WebSite\",\"@id\":\"https:\\\/\\\/archiviocassano.lavocedelpaese.info\\\/#website\",\"url\":\"https:\\\/\\\/archiviocassano.lavocedelpaese.info\\\/\",\"name\":\"Archivio CassanoWeb\",\"description\":\"La Voce del Paese - un network di idee\",\"publisher\":{\"@id\":\"https:\\\/\\\/archiviocassano.lavocedelpaese.info\\\/#organization\"},\"potentialAction\":[{\"@type\":\"SearchAction\",\"target\":{\"@type\":\"EntryPoint\",\"urlTemplate\":\"https:\\\/\\\/archiviocassano.lavocedelpaese.info\\\/?s={search_term_string}\"},\"query-input\":{\"@type\":\"PropertyValueSpecification\",\"valueRequired\":true,\"valueName\":\"search_term_string\"}}],\"inLanguage\":\"it-IT\"},{\"@type\":\"Organization\",\"@id\":\"https:\\\/\\\/archiviocassano.lavocedelpaese.info\\\/#organization\",\"name\":\"Archivio CassanoWeb\",\"url\":\"https:\\\/\\\/archiviocassano.lavocedelpaese.info\\\/\",\"logo\":{\"@type\":\"ImageObject\",\"inLanguage\":\"it-IT\",\"@id\":\"https:\\\/\\\/archiviocassano.lavocedelpaese.info\\\/#\\\/schema\\\/logo\\\/image\\\/\",\"url\":\"https:\\\/\\\/archiviocassano.lavocedelpaese.info\\\/wp-content\\\/uploads\\\/2024\\\/08\\\/logo-rosso-2.png\",\"contentUrl\":\"https:\\\/\\\/archiviocassano.lavocedelpaese.info\\\/wp-content\\\/uploads\\\/2024\\\/08\\\/logo-rosso-2.png\",\"width\":491,\"height\":432,\"caption\":\"Archivio CassanoWeb\"},\"image\":{\"@id\":\"https:\\\/\\\/archiviocassano.lavocedelpaese.info\\\/#\\\/schema\\\/logo\\\/image\\\/\"},\"sameAs\":[\"https:\\\/\\\/www.facebook.com\\\/redazione.cassanoweb\"]},{\"@type\":\"Person\",\"@id\":\"https:\\\/\\\/archiviocassano.lavocedelpaese.info\\\/#\\\/schema\\\/person\\\/df195bc79a9b4c35127cf005f92e041b\",\"name\":\"admin\",\"image\":{\"@type\":\"ImageObject\",\"inLanguage\":\"it-IT\",\"@id\":\"https:\\\/\\\/secure.gravatar.com\\\/avatar\\\/eabba89a432e8eaa1b0207cc55f7e5340b22712b1ed80677efcf63e02ff5b235?s=96&d=mm&r=g\",\"url\":\"https:\\\/\\\/secure.gravatar.com\\\/avatar\\\/eabba89a432e8eaa1b0207cc55f7e5340b22712b1ed80677efcf63e02ff5b235?s=96&d=mm&r=g\",\"contentUrl\":\"https:\\\/\\\/secure.gravatar.com\\\/avatar\\\/eabba89a432e8eaa1b0207cc55f7e5340b22712b1ed80677efcf63e02ff5b235?s=96&d=mm&r=g\",\"caption\":\"admin\"},\"sameAs\":[\"https:\\\/\\\/archiviocassano.lavocedelpaese.info\"],\"url\":\"https:\\\/\\\/archiviocassano.lavocedelpaese.info\\\/index.php\\\/author\\\/admin_0qgz1xdp\\\/\"}]}<\/script>\n<!-- \/ Yoast SEO plugin. -->","yoast_head_json":{"title":"Si sente male in zona mercato ma l'ambulanza non pu\u00f2 arrivarci - Archivio CassanoWeb","robots":{"index":"index","follow":"follow","max-snippet":"max-snippet:-1","max-image-preview":"max-image-preview:large","max-video-preview":"max-video-preview:-1"},"canonical":"https:\/\/archiviocassano.lavocedelpaese.info\/index.php\/2016\/03\/25\/si-sente-male-in-zona-mercato-ma-lambulanza-non-puo-arrivarci-per-le-bancarelle\/","og_locale":"it_IT","og_type":"article","og_title":"Si sente male in zona mercato ma l'ambulanza non pu\u00f2 arrivarci - Archivio CassanoWeb","og_url":"https:\/\/archiviocassano.lavocedelpaese.info\/index.php\/2016\/03\/25\/si-sente-male-in-zona-mercato-ma-lambulanza-non-puo-arrivarci-per-le-bancarelle\/","og_site_name":"Archivio CassanoWeb","article_publisher":"https:\/\/www.facebook.com\/redazione.cassanoweb","article_published_time":"2016-03-25T23:45:05+00:00","author":"admin","twitter_card":"summary_large_image","twitter_misc":{"Scritto da":"admin","Tempo di lettura stimato":"2 minuti"},"schema":{"@context":"https:\/\/schema.org","@graph":[{"@type":"Article","@id":"https:\/\/archiviocassano.lavocedelpaese.info\/index.php\/2016\/03\/25\/si-sente-male-in-zona-mercato-ma-lambulanza-non-puo-arrivarci-per-le-bancarelle\/#article","isPartOf":{"@id":"https:\/\/archiviocassano.lavocedelpaese.info\/index.php\/2016\/03\/25\/si-sente-male-in-zona-mercato-ma-lambulanza-non-puo-arrivarci-per-le-bancarelle\/"},"author":{"name":"admin","@id":"https:\/\/archiviocassano.lavocedelpaese.info\/#\/schema\/person\/df195bc79a9b4c35127cf005f92e041b"},"headline":"Si sente male in zona mercato ma l&#8217;ambulanza non pu\u00f2 arrivarci","datePublished":"2016-03-25T23:45:05+00:00","mainEntityOfPage":{"@id":"https:\/\/archiviocassano.lavocedelpaese.info\/index.php\/2016\/03\/25\/si-sente-male-in-zona-mercato-ma-lambulanza-non-puo-arrivarci-per-le-bancarelle\/"},"wordCount":445,"commentCount":0,"publisher":{"@id":"https:\/\/archiviocassano.lavocedelpaese.info\/#organization"},"articleSection":["Cronaca"],"inLanguage":"it-IT","potentialAction":[{"@type":"CommentAction","name":"Comment","target":["https:\/\/archiviocassano.lavocedelpaese.info\/index.php\/2016\/03\/25\/si-sente-male-in-zona-mercato-ma-lambulanza-non-puo-arrivarci-per-le-bancarelle\/#respond"]}]},{"@type":"WebPage","@id":"https:\/\/archiviocassano.lavocedelpaese.info\/index.php\/2016\/03\/25\/si-sente-male-in-zona-mercato-ma-lambulanza-non-puo-arrivarci-per-le-bancarelle\/","url":"https:\/\/archiviocassano.lavocedelpaese.info\/index.php\/2016\/03\/25\/si-sente-male-in-zona-mercato-ma-lambulanza-non-puo-arrivarci-per-le-bancarelle\/","name":"Si sente male in zona mercato ma l'ambulanza non pu\u00f2 arrivarci - Archivio CassanoWeb","isPartOf":{"@id":"https:\/\/archiviocassano.lavocedelpaese.info\/#website"},"datePublished":"2016-03-25T23:45:05+00:00","breadcrumb":{"@id":"https:\/\/archiviocassano.lavocedelpaese.info\/index.php\/2016\/03\/25\/si-sente-male-in-zona-mercato-ma-lambulanza-non-puo-arrivarci-per-le-bancarelle\/#breadcrumb"},"inLanguage":"it-IT","potentialAction":[{"@type":"ReadAction","target":["https:\/\/archiviocassano.lavocedelpaese.info\/index.php\/2016\/03\/25\/si-sente-male-in-zona-mercato-ma-lambulanza-non-puo-arrivarci-per-le-bancarelle\/"]}]},{"@type":"BreadcrumbList","@id":"https:\/\/archiviocassano.lavocedelpaese.info\/index.php\/2016\/03\/25\/si-sente-male-in-zona-mercato-ma-lambulanza-non-puo-arrivarci-per-le-bancarelle\/#breadcrumb","itemListElement":[{"@type":"ListItem","position":1,"name":"Home","item":"https:\/\/archiviocassano.lavocedelpaese.info\/"},{"@type":"ListItem","position":2,"name":"Si sente male in zona mercato ma l&#8217;ambulanza non pu\u00f2 arrivarci"}]},{"@type":"WebSite","@id":"https:\/\/archiviocassano.lavocedelpaese.info\/#website","url":"https:\/\/archiviocassano.lavocedelpaese.info\/","name":"Archivio CassanoWeb","description":"La Voce del Paese - un network di idee","publisher":{"@id":"https:\/\/archiviocassano.lavocedelpaese.info\/#organization"},"potentialAction":[{"@type":"SearchAction","target":{"@type":"EntryPoint","urlTemplate":"https:\/\/archiviocassano.lavocedelpaese.info\/?s={search_term_string}"},"query-input":{"@type":"PropertyValueSpecification","valueRequired":true,"valueName":"search_term_string"}}],"inLanguage":"it-IT"},{"@type":"Organization","@id":"https:\/\/archiviocassano.lavocedelpaese.info\/#organization","name":"Archivio CassanoWeb","url":"https:\/\/archiviocassano.lavocedelpaese.info\/","logo":{"@type":"ImageObject","inLanguage":"it-IT","@id":"https:\/\/archiviocassano.lavocedelpaese.info\/#\/schema\/logo\/image\/","url":"https:\/\/archiviocassano.lavocedelpaese.info\/wp-content\/uploads\/2024\/08\/logo-rosso-2.png","contentUrl":"https:\/\/archiviocassano.lavocedelpaese.info\/wp-content\/uploads\/2024\/08\/logo-rosso-2.png","width":491,"height":432,"caption":"Archivio CassanoWeb"},"image":{"@id":"https:\/\/archiviocassano.lavocedelpaese.info\/#\/schema\/logo\/image\/"},"sameAs":["https:\/\/www.facebook.com\/redazione.cassanoweb"]},{"@type":"Person","@id":"https:\/\/archiviocassano.lavocedelpaese.info\/#\/schema\/person\/df195bc79a9b4c35127cf005f92e041b","name":"admin","image":{"@type":"ImageObject","inLanguage":"it-IT","@id":"https:\/\/secure.gravatar.com\/avatar\/eabba89a432e8eaa1b0207cc55f7e5340b22712b1ed80677efcf63e02ff5b235?s=96&d=mm&r=g","url":"https:\/\/secure.gravatar.com\/avatar\/eabba89a432e8eaa1b0207cc55f7e5340b22712b1ed80677efcf63e02ff5b235?s=96&d=mm&r=g","contentUrl":"https:\/\/secure.gravatar.com\/avatar\/eabba89a432e8eaa1b0207cc55f7e5340b22712b1ed80677efcf63e02ff5b235?s=96&d=mm&r=g","caption":"admin"},"sameAs":["https:\/\/archiviocassano.lavocedelpaese.info"],"url":"https:\/\/archiviocassano.lavocedelpaese.info\/index.php\/author\/admin_0qgz1xdp\/"}]}},"_links":{"self":[{"href":"https:\/\/archiviocassano.lavocedelpaese.info\/index.php\/wp-json\/wp\/v2\/posts\/12219","targetHints":{"allow":["GET"]}}],"collection":[{"href":"https:\/\/archiviocassano.lavocedelpaese.info\/index.php\/wp-json\/wp\/v2\/posts"}],"about":[{"href":"https:\/\/archiviocassano.lavocedelpaese.info\/index.php\/wp-json\/wp\/v2\/types\/post"}],"author":[{"embeddable":true,"href":"https:\/\/archiviocassano.lavocedelpaese.info\/index.php\/wp-json\/wp\/v2\/users\/1"}],"replies":[{"embeddable":true,"href":"https:\/\/archiviocassano.lavocedelpaese.info\/index.php\/wp-json\/wp\/v2\/comments?post=12219"}],"version-history":[{"count":0,"href":"https:\/\/archiviocassano.lavocedelpaese.info\/index.php\/wp-json\/wp\/v2\/posts\/12219\/revisions"}],"wp:attachment":[{"href":"https:\/\/archiviocassano.lavocedelpaese.info\/index.php\/wp-json\/wp\/v2\/media?parent=12219"}],"wp:term":[{"taxonomy":"category","embeddable":true,"href":"https:\/\/archiviocassano.lavocedelpaese.info\/index.php\/wp-json\/wp\/v2\/categories?post=12219"},{"taxonomy":"post_tag","embeddable":true,"href":"https:\/\/archiviocassano.lavocedelpaese.info\/index.php\/wp-json\/wp\/v2\/tags?post=12219"}],"curies":[{"name":"wp","href":"https:\/\/api.w.org\/{rel}","templated":true}]}}