{"id":12365,"date":"2016-04-27T11:09:50","date_gmt":"2016-04-27T11:09:50","guid":{"rendered":"https:\/\/archiviocassano.lavocedelpaese.info\/index.php\/2016\/04\/27\/antelmi-allassessore-de-grandi-qaltro-che-cervantes-siete-larmata-brancaleoneq\/"},"modified":"2016-04-27T11:09:50","modified_gmt":"2016-04-27T11:09:50","slug":"antelmi-allassessore-de-grandi-qaltro-che-cervantes-siete-larmata-brancaleoneq","status":"publish","type":"post","link":"https:\/\/archiviocassano.lavocedelpaese.info\/index.php\/2016\/04\/27\/antelmi-allassessore-de-grandi-qaltro-che-cervantes-siete-larmata-brancaleoneq\/","title":{"rendered":"Antelmi alla De Grandi: &#8220;siete l&#8217;Armata Brancaleone&#8230;.&#8221;"},"content":{"rendered":"<p><img loading=\"lazy\" decoding=\"async\" class=\" size-full wp-image-12364\" src=\"https:\/\/archiviocassano.lavocedelpaese.info\/wp-content\/uploads\/2016\/04\/Franco_Antelmi.jpg\" width=\"320\" height=\"150\" alt=\"Franco Antelmi\" style=\"margin-right: 2px; margin-left: 2px;\" \/><\/p>\n<p><!--more--><\/p>\n<p><em>Dal Coordinatore cittadino di &#8220;Conservatori e Riformisti&#8221; Franco Antelmi, riceviamo e pubblichiamo una nota sulla vicenda dei mancati festeggiamenti per il 25 aprile a Cassano (<a href=\"politica\/26299-per-il-mancato-ricordo-del-q25-aprileq-i-qcorq-vanno-allattacco-della-de-grandi-qlassessore-ha-dimenticato-la-liberazioneq.html\" target=\"_blank\" rel=\"noopener\">leggi l&#8217;articolo<\/a>):<\/em><\/p>\n<p>&nbsp;<\/p>\n<p>Pi\u00f9 che citare il Cervantes dei mulini a vento combattuti da Don Chisciotte \u2013 libro che probabilmente ha letto senza comprenderlo!&nbsp; &#8211; l\u2019Assessore Miriam De Grandi dovrebbe guardarsi quel film di Monicelli che narra le gesta della Armata Brancaleone.<\/p>\n<p>Un rapido riscontro e si accorgerebbe, in un eventuale remake, di poterne fare l\u2019attrice protagonista!<\/p>\n<p>Perch\u00e9 solo una Armata Brancaleone come l\u2019attuale&nbsp; compagine amministrativa \u00e8 in grado di (nell\u2019ordine):<\/p>\n<ol start=\"1\">\n<li>dimenticarsi di festeggiare il 25 aprile;<\/li>\n<li>accorgersi di averlo fatto, dopo che glielo abbiamo ricordato;<\/li>\n<li>organizzare \u2013 spostandola autonomamente \u2013 la festa al 29 aprile;<\/li>\n<li>negare i punti 1. e 2. per tornare al n. 3.<\/li>\n<li>aggiungere al tutto il maltempo, come causa del presunto rinvio.<\/li>\n<\/ol>\n<p>Guardi, Assessore che amministrare una citt\u00e0 non \u00e8 fare il gioco dell\u2019oca o decidere se e quando festeggiare coloro che hanno sacrificato la propria vita per la nostra libert\u00e0 ma, \u00e8 programmare per tempo (d\u2019altra parte il 25 aprile cade nello stesso giorno ogni anno\u2026.da 71 anni!) date e tappe fondative della nostra memoria storica.<\/p>\n<p>Lei alla Festa della Liberazione non ci aveva proprio pensato, altro che rinviata per maltempo: non si pu\u00f2 rinviare qualcosa che non si \u00e8 mai programmato n\u00e9 organizzato.<\/p>\n<p>Quindi, o ha toppato Lei oppure \u00e8 mancata la comunicazione.<\/p>\n<p>Poich\u00e9 sia Lei che l\u2019addetto alla comunicazione percepite, per il vostro ruolo, denaro pubblico, qualcuno dovr\u00e0 chiedere scusa alla citt\u00e0 per questa grave mancanza.<\/p>\n<p>Le sue favole le racconti a chi vuole, e stia certa che Lei \u00e8 l\u2019ultimo dei miei pensieri.<\/p>\n<p>Franco Antelmi, Coordinatore Cittadino CoR.<\/p>\n<p>&nbsp;<\/p>\n<p>&nbsp;<\/p>\n","protected":false},"excerpt":{"rendered":"","protected":false},"author":1,"featured_media":12364,"comment_status":"open","ping_status":"closed","sticky":false,"template":"","format":"standard","meta":{"colormag_page_container_layout":"default_layout","colormag_page_sidebar_layout":"default_layout","footnotes":""},"categories":[4],"tags":[],"class_list":["post-12365","post","type-post","status-publish","format-standard","has-post-thumbnail","hentry","category-politica"],"yoast_head":"<!-- This site is optimized with the Yoast SEO plugin v27.5 - https:\/\/yoast.com\/product\/yoast-seo-wordpress\/ -->\n<title>Antelmi alla De Grandi: &quot;siete l&#039;Armata Brancaleone....&quot; - Archivio CassanoWeb<\/title>\n<meta name=\"robots\" content=\"index, follow, max-snippet:-1, max-image-preview:large, max-video-preview:-1\" \/>\n<link rel=\"canonical\" href=\"https:\/\/archiviocassano.lavocedelpaese.info\/index.php\/2016\/04\/27\/antelmi-allassessore-de-grandi-qaltro-che-cervantes-siete-larmata-brancaleoneq\/\" \/>\n<meta property=\"og:locale\" content=\"it_IT\" \/>\n<meta property=\"og:type\" content=\"article\" \/>\n<meta property=\"og:title\" content=\"Antelmi alla De Grandi: &quot;siete l&#039;Armata Brancaleone....&quot; - Archivio CassanoWeb\" \/>\n<meta property=\"og:url\" content=\"https:\/\/archiviocassano.lavocedelpaese.info\/index.php\/2016\/04\/27\/antelmi-allassessore-de-grandi-qaltro-che-cervantes-siete-larmata-brancaleoneq\/\" \/>\n<meta property=\"og:site_name\" content=\"Archivio CassanoWeb\" \/>\n<meta property=\"article:publisher\" content=\"https:\/\/www.facebook.com\/redazione.cassanoweb\" \/>\n<meta property=\"article:published_time\" content=\"2016-04-27T11:09:50+00:00\" \/>\n<meta property=\"og:image\" content=\"https:\/\/archiviocassano.lavocedelpaese.info\/wp-content\/uploads\/2016\/04\/Franco_Antelmi.jpg\" \/>\n\t<meta property=\"og:image:width\" content=\"1280\" \/>\n\t<meta property=\"og:image:height\" content=\"720\" \/>\n\t<meta property=\"og:image:type\" content=\"image\/jpeg\" \/>\n<meta name=\"author\" content=\"admin\" \/>\n<meta name=\"twitter:card\" content=\"summary_large_image\" \/>\n<meta name=\"twitter:label1\" content=\"Scritto da\" \/>\n\t<meta name=\"twitter:data1\" content=\"admin\" \/>\n\t<meta name=\"twitter:label2\" content=\"Tempo di lettura stimato\" \/>\n\t<meta name=\"twitter:data2\" content=\"1 minuto\" \/>\n<script type=\"application\/ld+json\" class=\"yoast-schema-graph\">{\"@context\":\"https:\\\/\\\/schema.org\",\"@graph\":[{\"@type\":\"Article\",\"@id\":\"https:\\\/\\\/archiviocassano.lavocedelpaese.info\\\/index.php\\\/2016\\\/04\\\/27\\\/antelmi-allassessore-de-grandi-qaltro-che-cervantes-siete-larmata-brancaleoneq\\\/#article\",\"isPartOf\":{\"@id\":\"https:\\\/\\\/archiviocassano.lavocedelpaese.info\\\/index.php\\\/2016\\\/04\\\/27\\\/antelmi-allassessore-de-grandi-qaltro-che-cervantes-siete-larmata-brancaleoneq\\\/\"},\"author\":{\"name\":\"admin\",\"@id\":\"https:\\\/\\\/archiviocassano.lavocedelpaese.info\\\/#\\\/schema\\\/person\\\/df195bc79a9b4c35127cf005f92e041b\"},\"headline\":\"Antelmi alla De Grandi: &#8220;siete l&#8217;Armata Brancaleone&#8230;.&#8221;\",\"datePublished\":\"2016-04-27T11:09:50+00:00\",\"mainEntityOfPage\":{\"@id\":\"https:\\\/\\\/archiviocassano.lavocedelpaese.info\\\/index.php\\\/2016\\\/04\\\/27\\\/antelmi-allassessore-de-grandi-qaltro-che-cervantes-siete-larmata-brancaleoneq\\\/\"},\"wordCount\":287,\"commentCount\":0,\"publisher\":{\"@id\":\"https:\\\/\\\/archiviocassano.lavocedelpaese.info\\\/#organization\"},\"image\":{\"@id\":\"https:\\\/\\\/archiviocassano.lavocedelpaese.info\\\/index.php\\\/2016\\\/04\\\/27\\\/antelmi-allassessore-de-grandi-qaltro-che-cervantes-siete-larmata-brancaleoneq\\\/#primaryimage\"},\"thumbnailUrl\":\"https:\\\/\\\/archiviocassano.lavocedelpaese.info\\\/wp-content\\\/uploads\\\/2016\\\/04\\\/Franco_Antelmi.jpg\",\"articleSection\":[\"Politica\"],\"inLanguage\":\"it-IT\",\"potentialAction\":[{\"@type\":\"CommentAction\",\"name\":\"Comment\",\"target\":[\"https:\\\/\\\/archiviocassano.lavocedelpaese.info\\\/index.php\\\/2016\\\/04\\\/27\\\/antelmi-allassessore-de-grandi-qaltro-che-cervantes-siete-larmata-brancaleoneq\\\/#respond\"]}]},{\"@type\":\"WebPage\",\"@id\":\"https:\\\/\\\/archiviocassano.lavocedelpaese.info\\\/index.php\\\/2016\\\/04\\\/27\\\/antelmi-allassessore-de-grandi-qaltro-che-cervantes-siete-larmata-brancaleoneq\\\/\",\"url\":\"https:\\\/\\\/archiviocassano.lavocedelpaese.info\\\/index.php\\\/2016\\\/04\\\/27\\\/antelmi-allassessore-de-grandi-qaltro-che-cervantes-siete-larmata-brancaleoneq\\\/\",\"name\":\"Antelmi alla De Grandi: \\\"siete l'Armata Brancaleone....\\\" - Archivio CassanoWeb\",\"isPartOf\":{\"@id\":\"https:\\\/\\\/archiviocassano.lavocedelpaese.info\\\/#website\"},\"primaryImageOfPage\":{\"@id\":\"https:\\\/\\\/archiviocassano.lavocedelpaese.info\\\/index.php\\\/2016\\\/04\\\/27\\\/antelmi-allassessore-de-grandi-qaltro-che-cervantes-siete-larmata-brancaleoneq\\\/#primaryimage\"},\"image\":{\"@id\":\"https:\\\/\\\/archiviocassano.lavocedelpaese.info\\\/index.php\\\/2016\\\/04\\\/27\\\/antelmi-allassessore-de-grandi-qaltro-che-cervantes-siete-larmata-brancaleoneq\\\/#primaryimage\"},\"thumbnailUrl\":\"https:\\\/\\\/archiviocassano.lavocedelpaese.info\\\/wp-content\\\/uploads\\\/2016\\\/04\\\/Franco_Antelmi.jpg\",\"datePublished\":\"2016-04-27T11:09:50+00:00\",\"breadcrumb\":{\"@id\":\"https:\\\/\\\/archiviocassano.lavocedelpaese.info\\\/index.php\\\/2016\\\/04\\\/27\\\/antelmi-allassessore-de-grandi-qaltro-che-cervantes-siete-larmata-brancaleoneq\\\/#breadcrumb\"},\"inLanguage\":\"it-IT\",\"potentialAction\":[{\"@type\":\"ReadAction\",\"target\":[\"https:\\\/\\\/archiviocassano.lavocedelpaese.info\\\/index.php\\\/2016\\\/04\\\/27\\\/antelmi-allassessore-de-grandi-qaltro-che-cervantes-siete-larmata-brancaleoneq\\\/\"]}]},{\"@type\":\"ImageObject\",\"inLanguage\":\"it-IT\",\"@id\":\"https:\\\/\\\/archiviocassano.lavocedelpaese.info\\\/index.php\\\/2016\\\/04\\\/27\\\/antelmi-allassessore-de-grandi-qaltro-che-cervantes-siete-larmata-brancaleoneq\\\/#primaryimage\",\"url\":\"https:\\\/\\\/archiviocassano.lavocedelpaese.info\\\/wp-content\\\/uploads\\\/2016\\\/04\\\/Franco_Antelmi.jpg\",\"contentUrl\":\"https:\\\/\\\/archiviocassano.lavocedelpaese.info\\\/wp-content\\\/uploads\\\/2016\\\/04\\\/Franco_Antelmi.jpg\",\"width\":1280,\"height\":720,\"caption\":\"Franco Antelmi\"},{\"@type\":\"BreadcrumbList\",\"@id\":\"https:\\\/\\\/archiviocassano.lavocedelpaese.info\\\/index.php\\\/2016\\\/04\\\/27\\\/antelmi-allassessore-de-grandi-qaltro-che-cervantes-siete-larmata-brancaleoneq\\\/#breadcrumb\",\"itemListElement\":[{\"@type\":\"ListItem\",\"position\":1,\"name\":\"Home\",\"item\":\"https:\\\/\\\/archiviocassano.lavocedelpaese.info\\\/\"},{\"@type\":\"ListItem\",\"position\":2,\"name\":\"Antelmi alla De Grandi: &#8220;siete l&#8217;Armata Brancaleone&#8230;.&#8221;\"}]},{\"@type\":\"WebSite\",\"@id\":\"https:\\\/\\\/archiviocassano.lavocedelpaese.info\\\/#website\",\"url\":\"https:\\\/\\\/archiviocassano.lavocedelpaese.info\\\/\",\"name\":\"Archivio CassanoWeb\",\"description\":\"La Voce del Paese - un network di idee\",\"publisher\":{\"@id\":\"https:\\\/\\\/archiviocassano.lavocedelpaese.info\\\/#organization\"},\"potentialAction\":[{\"@type\":\"SearchAction\",\"target\":{\"@type\":\"EntryPoint\",\"urlTemplate\":\"https:\\\/\\\/archiviocassano.lavocedelpaese.info\\\/?s={search_term_string}\"},\"query-input\":{\"@type\":\"PropertyValueSpecification\",\"valueRequired\":true,\"valueName\":\"search_term_string\"}}],\"inLanguage\":\"it-IT\"},{\"@type\":\"Organization\",\"@id\":\"https:\\\/\\\/archiviocassano.lavocedelpaese.info\\\/#organization\",\"name\":\"Archivio CassanoWeb\",\"url\":\"https:\\\/\\\/archiviocassano.lavocedelpaese.info\\\/\",\"logo\":{\"@type\":\"ImageObject\",\"inLanguage\":\"it-IT\",\"@id\":\"https:\\\/\\\/archiviocassano.lavocedelpaese.info\\\/#\\\/schema\\\/logo\\\/image\\\/\",\"url\":\"https:\\\/\\\/archiviocassano.lavocedelpaese.info\\\/wp-content\\\/uploads\\\/2024\\\/08\\\/logo-rosso-2.png\",\"contentUrl\":\"https:\\\/\\\/archiviocassano.lavocedelpaese.info\\\/wp-content\\\/uploads\\\/2024\\\/08\\\/logo-rosso-2.png\",\"width\":491,\"height\":432,\"caption\":\"Archivio CassanoWeb\"},\"image\":{\"@id\":\"https:\\\/\\\/archiviocassano.lavocedelpaese.info\\\/#\\\/schema\\\/logo\\\/image\\\/\"},\"sameAs\":[\"https:\\\/\\\/www.facebook.com\\\/redazione.cassanoweb\"]},{\"@type\":\"Person\",\"@id\":\"https:\\\/\\\/archiviocassano.lavocedelpaese.info\\\/#\\\/schema\\\/person\\\/df195bc79a9b4c35127cf005f92e041b\",\"name\":\"admin\",\"image\":{\"@type\":\"ImageObject\",\"inLanguage\":\"it-IT\",\"@id\":\"https:\\\/\\\/secure.gravatar.com\\\/avatar\\\/eabba89a432e8eaa1b0207cc55f7e5340b22712b1ed80677efcf63e02ff5b235?s=96&d=mm&r=g\",\"url\":\"https:\\\/\\\/secure.gravatar.com\\\/avatar\\\/eabba89a432e8eaa1b0207cc55f7e5340b22712b1ed80677efcf63e02ff5b235?s=96&d=mm&r=g\",\"contentUrl\":\"https:\\\/\\\/secure.gravatar.com\\\/avatar\\\/eabba89a432e8eaa1b0207cc55f7e5340b22712b1ed80677efcf63e02ff5b235?s=96&d=mm&r=g\",\"caption\":\"admin\"},\"sameAs\":[\"https:\\\/\\\/archiviocassano.lavocedelpaese.info\"],\"url\":\"https:\\\/\\\/archiviocassano.lavocedelpaese.info\\\/index.php\\\/author\\\/admin_0qgz1xdp\\\/\"}]}<\/script>\n<!-- \/ Yoast SEO plugin. -->","yoast_head_json":{"title":"Antelmi alla De Grandi: \"siete l'Armata Brancaleone....\" - Archivio CassanoWeb","robots":{"index":"index","follow":"follow","max-snippet":"max-snippet:-1","max-image-preview":"max-image-preview:large","max-video-preview":"max-video-preview:-1"},"canonical":"https:\/\/archiviocassano.lavocedelpaese.info\/index.php\/2016\/04\/27\/antelmi-allassessore-de-grandi-qaltro-che-cervantes-siete-larmata-brancaleoneq\/","og_locale":"it_IT","og_type":"article","og_title":"Antelmi alla De Grandi: \"siete l'Armata Brancaleone....\" - Archivio CassanoWeb","og_url":"https:\/\/archiviocassano.lavocedelpaese.info\/index.php\/2016\/04\/27\/antelmi-allassessore-de-grandi-qaltro-che-cervantes-siete-larmata-brancaleoneq\/","og_site_name":"Archivio CassanoWeb","article_publisher":"https:\/\/www.facebook.com\/redazione.cassanoweb","article_published_time":"2016-04-27T11:09:50+00:00","og_image":[{"width":1280,"height":720,"url":"https:\/\/archiviocassano.lavocedelpaese.info\/wp-content\/uploads\/2016\/04\/Franco_Antelmi.jpg","type":"image\/jpeg"}],"author":"admin","twitter_card":"summary_large_image","twitter_misc":{"Scritto da":"admin","Tempo di lettura stimato":"1 minuto"},"schema":{"@context":"https:\/\/schema.org","@graph":[{"@type":"Article","@id":"https:\/\/archiviocassano.lavocedelpaese.info\/index.php\/2016\/04\/27\/antelmi-allassessore-de-grandi-qaltro-che-cervantes-siete-larmata-brancaleoneq\/#article","isPartOf":{"@id":"https:\/\/archiviocassano.lavocedelpaese.info\/index.php\/2016\/04\/27\/antelmi-allassessore-de-grandi-qaltro-che-cervantes-siete-larmata-brancaleoneq\/"},"author":{"name":"admin","@id":"https:\/\/archiviocassano.lavocedelpaese.info\/#\/schema\/person\/df195bc79a9b4c35127cf005f92e041b"},"headline":"Antelmi alla De Grandi: &#8220;siete l&#8217;Armata Brancaleone&#8230;.&#8221;","datePublished":"2016-04-27T11:09:50+00:00","mainEntityOfPage":{"@id":"https:\/\/archiviocassano.lavocedelpaese.info\/index.php\/2016\/04\/27\/antelmi-allassessore-de-grandi-qaltro-che-cervantes-siete-larmata-brancaleoneq\/"},"wordCount":287,"commentCount":0,"publisher":{"@id":"https:\/\/archiviocassano.lavocedelpaese.info\/#organization"},"image":{"@id":"https:\/\/archiviocassano.lavocedelpaese.info\/index.php\/2016\/04\/27\/antelmi-allassessore-de-grandi-qaltro-che-cervantes-siete-larmata-brancaleoneq\/#primaryimage"},"thumbnailUrl":"https:\/\/archiviocassano.lavocedelpaese.info\/wp-content\/uploads\/2016\/04\/Franco_Antelmi.jpg","articleSection":["Politica"],"inLanguage":"it-IT","potentialAction":[{"@type":"CommentAction","name":"Comment","target":["https:\/\/archiviocassano.lavocedelpaese.info\/index.php\/2016\/04\/27\/antelmi-allassessore-de-grandi-qaltro-che-cervantes-siete-larmata-brancaleoneq\/#respond"]}]},{"@type":"WebPage","@id":"https:\/\/archiviocassano.lavocedelpaese.info\/index.php\/2016\/04\/27\/antelmi-allassessore-de-grandi-qaltro-che-cervantes-siete-larmata-brancaleoneq\/","url":"https:\/\/archiviocassano.lavocedelpaese.info\/index.php\/2016\/04\/27\/antelmi-allassessore-de-grandi-qaltro-che-cervantes-siete-larmata-brancaleoneq\/","name":"Antelmi alla De Grandi: \"siete l'Armata Brancaleone....\" - Archivio CassanoWeb","isPartOf":{"@id":"https:\/\/archiviocassano.lavocedelpaese.info\/#website"},"primaryImageOfPage":{"@id":"https:\/\/archiviocassano.lavocedelpaese.info\/index.php\/2016\/04\/27\/antelmi-allassessore-de-grandi-qaltro-che-cervantes-siete-larmata-brancaleoneq\/#primaryimage"},"image":{"@id":"https:\/\/archiviocassano.lavocedelpaese.info\/index.php\/2016\/04\/27\/antelmi-allassessore-de-grandi-qaltro-che-cervantes-siete-larmata-brancaleoneq\/#primaryimage"},"thumbnailUrl":"https:\/\/archiviocassano.lavocedelpaese.info\/wp-content\/uploads\/2016\/04\/Franco_Antelmi.jpg","datePublished":"2016-04-27T11:09:50+00:00","breadcrumb":{"@id":"https:\/\/archiviocassano.lavocedelpaese.info\/index.php\/2016\/04\/27\/antelmi-allassessore-de-grandi-qaltro-che-cervantes-siete-larmata-brancaleoneq\/#breadcrumb"},"inLanguage":"it-IT","potentialAction":[{"@type":"ReadAction","target":["https:\/\/archiviocassano.lavocedelpaese.info\/index.php\/2016\/04\/27\/antelmi-allassessore-de-grandi-qaltro-che-cervantes-siete-larmata-brancaleoneq\/"]}]},{"@type":"ImageObject","inLanguage":"it-IT","@id":"https:\/\/archiviocassano.lavocedelpaese.info\/index.php\/2016\/04\/27\/antelmi-allassessore-de-grandi-qaltro-che-cervantes-siete-larmata-brancaleoneq\/#primaryimage","url":"https:\/\/archiviocassano.lavocedelpaese.info\/wp-content\/uploads\/2016\/04\/Franco_Antelmi.jpg","contentUrl":"https:\/\/archiviocassano.lavocedelpaese.info\/wp-content\/uploads\/2016\/04\/Franco_Antelmi.jpg","width":1280,"height":720,"caption":"Franco Antelmi"},{"@type":"BreadcrumbList","@id":"https:\/\/archiviocassano.lavocedelpaese.info\/index.php\/2016\/04\/27\/antelmi-allassessore-de-grandi-qaltro-che-cervantes-siete-larmata-brancaleoneq\/#breadcrumb","itemListElement":[{"@type":"ListItem","position":1,"name":"Home","item":"https:\/\/archiviocassano.lavocedelpaese.info\/"},{"@type":"ListItem","position":2,"name":"Antelmi alla De Grandi: &#8220;siete l&#8217;Armata Brancaleone&#8230;.&#8221;"}]},{"@type":"WebSite","@id":"https:\/\/archiviocassano.lavocedelpaese.info\/#website","url":"https:\/\/archiviocassano.lavocedelpaese.info\/","name":"Archivio CassanoWeb","description":"La Voce del Paese - un network di idee","publisher":{"@id":"https:\/\/archiviocassano.lavocedelpaese.info\/#organization"},"potentialAction":[{"@type":"SearchAction","target":{"@type":"EntryPoint","urlTemplate":"https:\/\/archiviocassano.lavocedelpaese.info\/?s={search_term_string}"},"query-input":{"@type":"PropertyValueSpecification","valueRequired":true,"valueName":"search_term_string"}}],"inLanguage":"it-IT"},{"@type":"Organization","@id":"https:\/\/archiviocassano.lavocedelpaese.info\/#organization","name":"Archivio CassanoWeb","url":"https:\/\/archiviocassano.lavocedelpaese.info\/","logo":{"@type":"ImageObject","inLanguage":"it-IT","@id":"https:\/\/archiviocassano.lavocedelpaese.info\/#\/schema\/logo\/image\/","url":"https:\/\/archiviocassano.lavocedelpaese.info\/wp-content\/uploads\/2024\/08\/logo-rosso-2.png","contentUrl":"https:\/\/archiviocassano.lavocedelpaese.info\/wp-content\/uploads\/2024\/08\/logo-rosso-2.png","width":491,"height":432,"caption":"Archivio CassanoWeb"},"image":{"@id":"https:\/\/archiviocassano.lavocedelpaese.info\/#\/schema\/logo\/image\/"},"sameAs":["https:\/\/www.facebook.com\/redazione.cassanoweb"]},{"@type":"Person","@id":"https:\/\/archiviocassano.lavocedelpaese.info\/#\/schema\/person\/df195bc79a9b4c35127cf005f92e041b","name":"admin","image":{"@type":"ImageObject","inLanguage":"it-IT","@id":"https:\/\/secure.gravatar.com\/avatar\/eabba89a432e8eaa1b0207cc55f7e5340b22712b1ed80677efcf63e02ff5b235?s=96&d=mm&r=g","url":"https:\/\/secure.gravatar.com\/avatar\/eabba89a432e8eaa1b0207cc55f7e5340b22712b1ed80677efcf63e02ff5b235?s=96&d=mm&r=g","contentUrl":"https:\/\/secure.gravatar.com\/avatar\/eabba89a432e8eaa1b0207cc55f7e5340b22712b1ed80677efcf63e02ff5b235?s=96&d=mm&r=g","caption":"admin"},"sameAs":["https:\/\/archiviocassano.lavocedelpaese.info"],"url":"https:\/\/archiviocassano.lavocedelpaese.info\/index.php\/author\/admin_0qgz1xdp\/"}]}},"_links":{"self":[{"href":"https:\/\/archiviocassano.lavocedelpaese.info\/index.php\/wp-json\/wp\/v2\/posts\/12365","targetHints":{"allow":["GET"]}}],"collection":[{"href":"https:\/\/archiviocassano.lavocedelpaese.info\/index.php\/wp-json\/wp\/v2\/posts"}],"about":[{"href":"https:\/\/archiviocassano.lavocedelpaese.info\/index.php\/wp-json\/wp\/v2\/types\/post"}],"author":[{"embeddable":true,"href":"https:\/\/archiviocassano.lavocedelpaese.info\/index.php\/wp-json\/wp\/v2\/users\/1"}],"replies":[{"embeddable":true,"href":"https:\/\/archiviocassano.lavocedelpaese.info\/index.php\/wp-json\/wp\/v2\/comments?post=12365"}],"version-history":[{"count":0,"href":"https:\/\/archiviocassano.lavocedelpaese.info\/index.php\/wp-json\/wp\/v2\/posts\/12365\/revisions"}],"wp:featuredmedia":[{"embeddable":true,"href":"https:\/\/archiviocassano.lavocedelpaese.info\/index.php\/wp-json\/wp\/v2\/media\/12364"}],"wp:attachment":[{"href":"https:\/\/archiviocassano.lavocedelpaese.info\/index.php\/wp-json\/wp\/v2\/media?parent=12365"}],"wp:term":[{"taxonomy":"category","embeddable":true,"href":"https:\/\/archiviocassano.lavocedelpaese.info\/index.php\/wp-json\/wp\/v2\/categories?post=12365"},{"taxonomy":"post_tag","embeddable":true,"href":"https:\/\/archiviocassano.lavocedelpaese.info\/index.php\/wp-json\/wp\/v2\/tags?post=12365"}],"curies":[{"name":"wp","href":"https:\/\/api.w.org\/{rel}","templated":true}]}}