{"id":1317,"date":"2010-04-19T18:24:43","date_gmt":"2010-04-19T18:24:43","guid":{"rendered":"https:\/\/archiviocassano.lavocedelpaese.info\/index.php\/2010\/04\/19\/mare-negato-mercoledi-presentazione-in-biblioteca\/"},"modified":"2010-04-19T18:24:43","modified_gmt":"2010-04-19T18:24:43","slug":"mare-negato-mercoledi-presentazione-in-biblioteca","status":"publish","type":"post","link":"https:\/\/archiviocassano.lavocedelpaese.info\/index.php\/2010\/04\/19\/mare-negato-mercoledi-presentazione-in-biblioteca\/","title":{"rendered":"\u201cMARE NEGATO\u201d, MERCOLEDI\u2019 PRESENTAZIONE IN BIBLIOTECA"},"content":{"rendered":"<p><img loading=\"lazy\" decoding=\"async\" class=\" size-full wp-image-1316\" alt=\"libro_mare_negato\" src=\"https:\/\/archiviocassano.lavocedelpaese.info\/wp-content\/uploads\/2010\/04\/libro_mare_negato.jpg\" width=\"320\" height=\"150\" srcset=\"https:\/\/archiviocassano.lavocedelpaese.info\/wp-content\/uploads\/2010\/04\/libro_mare_negato.jpg 320w, https:\/\/archiviocassano.lavocedelpaese.info\/wp-content\/uploads\/2010\/04\/libro_mare_negato-300x141.jpg 300w\" sizes=\"auto, (max-width: 320px) 100vw, 320px\" \/> <\/p>\n<p><!--more--><\/p>\n<p style=\"text-align: justify;\">Sar\u00e0 presentato <strong>mercoled\u00ec 21 aprile, alle ore 18.00,<\/strong> il volume \u201cMare negato\u201d, presso la biblioteca comunale \u201cA. Perotti\u201d, opera che parla di \u201cProfili e caratteristiche delle devianze pugliesi tra derive e approdi\u201d a cui ha collaborato la <strong>docente universitaria cassanese Bice Leddomade.<\/strong><\/p>\n<div style=\"text-align: justify;\"><\/div>\n<p style=\"text-align: justify;\">Il sindaco Maria Pia Di Medio accoglier\u00e0 alcuni degli autori dell\u2019opera curata da Rosa Pinto:\u00a0 Ignazio Grattagliano, specialista in criminologia clinica; Giuseppe Lomangino, psicoterapeuta della devianza minorile; Adele Dentice, docente nelle scuole medie superiori.<\/p>\n<div style=\"text-align: justify;\"><\/div>\n<p style=\"text-align: justify;\">Il titolo del libro \u201cMare Negato\u201d sta ad indicare la estraneazione dal mare degli abitanti della citt\u00e0 di Bari ed evidenzia come l\u2019inconscio collettivo ne abbia progressivamente negato l\u2019esistenza. Da quando gli abitanti hanno reciso questo legame primario, anche attraverso scelte urbanistiche caratterizzate dalla elevazione di barriere architettoniche, la citt\u00e0 si \u00e8 ripiegata su se stessa. Cos\u00ec nella fragilit\u00e0 identificatoria si \u00e8 insinuato progressivamente il pensare ed il sentire mafioso con l\u2019arruolamento dei giovani ed adulti nel circuito della criminalit\u00e0 organizzata. Il sentire mafioso si \u00e8 inserito a livelli mentali molto primitivi, attraversando le matrici della struttura psicologica dell\u2019individuo. Si sono costituite delle identit\u00e0 negative con componenti distruttive. Pertanto intervenire nel campo della prevenzione primaria per ridurre la sofferenza psichica vuol dire incidere a livello psico-sociale, sociodinamico, istituzionale, comunitario e culturale.<\/p>\n","protected":false},"excerpt":{"rendered":"","protected":false},"author":1,"featured_media":1316,"comment_status":"open","ping_status":"closed","sticky":false,"template":"","format":"standard","meta":{"colormag_page_container_layout":"default_layout","colormag_page_sidebar_layout":"default_layout","footnotes":""},"categories":[6],"tags":[],"class_list":["post-1317","post","type-post","status-publish","format-standard","has-post-thumbnail","hentry","category-cultura"],"yoast_head":"<!-- This site is optimized with the Yoast SEO plugin v27.5 - https:\/\/yoast.com\/product\/yoast-seo-wordpress\/ -->\n<title>\u201cMARE NEGATO\u201d, MERCOLEDI\u2019 PRESENTAZIONE IN BIBLIOTECA - Archivio CassanoWeb<\/title>\n<meta name=\"robots\" content=\"index, follow, max-snippet:-1, max-image-preview:large, max-video-preview:-1\" \/>\n<link rel=\"canonical\" href=\"https:\/\/archiviocassano.lavocedelpaese.info\/index.php\/2010\/04\/19\/mare-negato-mercoledi-presentazione-in-biblioteca\/\" \/>\n<meta property=\"og:locale\" content=\"it_IT\" \/>\n<meta property=\"og:type\" content=\"article\" \/>\n<meta property=\"og:title\" content=\"\u201cMARE NEGATO\u201d, MERCOLEDI\u2019 PRESENTAZIONE IN BIBLIOTECA - Archivio CassanoWeb\" \/>\n<meta property=\"og:url\" content=\"https:\/\/archiviocassano.lavocedelpaese.info\/index.php\/2010\/04\/19\/mare-negato-mercoledi-presentazione-in-biblioteca\/\" \/>\n<meta property=\"og:site_name\" content=\"Archivio CassanoWeb\" \/>\n<meta property=\"article:publisher\" content=\"https:\/\/www.facebook.com\/redazione.cassanoweb\" \/>\n<meta property=\"article:published_time\" content=\"2010-04-19T18:24:43+00:00\" \/>\n<meta property=\"og:image\" content=\"https:\/\/archiviocassano.lavocedelpaese.info\/wp-content\/uploads\/2010\/04\/libro_mare_negato.jpg\" \/>\n\t<meta property=\"og:image:width\" content=\"320\" \/>\n\t<meta property=\"og:image:height\" content=\"150\" \/>\n\t<meta property=\"og:image:type\" content=\"image\/jpeg\" \/>\n<meta name=\"author\" content=\"admin\" \/>\n<meta name=\"twitter:card\" content=\"summary_large_image\" \/>\n<meta name=\"twitter:label1\" content=\"Scritto da\" \/>\n\t<meta name=\"twitter:data1\" content=\"admin\" \/>\n\t<meta name=\"twitter:label2\" content=\"Tempo di lettura stimato\" \/>\n\t<meta name=\"twitter:data2\" content=\"1 minuto\" \/>\n<script type=\"application\/ld+json\" class=\"yoast-schema-graph\">{\"@context\":\"https:\\\/\\\/schema.org\",\"@graph\":[{\"@type\":\"Article\",\"@id\":\"https:\\\/\\\/archiviocassano.lavocedelpaese.info\\\/index.php\\\/2010\\\/04\\\/19\\\/mare-negato-mercoledi-presentazione-in-biblioteca\\\/#article\",\"isPartOf\":{\"@id\":\"https:\\\/\\\/archiviocassano.lavocedelpaese.info\\\/index.php\\\/2010\\\/04\\\/19\\\/mare-negato-mercoledi-presentazione-in-biblioteca\\\/\"},\"author\":{\"name\":\"admin\",\"@id\":\"https:\\\/\\\/archiviocassano.lavocedelpaese.info\\\/#\\\/schema\\\/person\\\/df195bc79a9b4c35127cf005f92e041b\"},\"headline\":\"\u201cMARE NEGATO\u201d, MERCOLEDI\u2019 PRESENTAZIONE IN BIBLIOTECA\",\"datePublished\":\"2010-04-19T18:24:43+00:00\",\"mainEntityOfPage\":{\"@id\":\"https:\\\/\\\/archiviocassano.lavocedelpaese.info\\\/index.php\\\/2010\\\/04\\\/19\\\/mare-negato-mercoledi-presentazione-in-biblioteca\\\/\"},\"wordCount\":213,\"commentCount\":0,\"publisher\":{\"@id\":\"https:\\\/\\\/archiviocassano.lavocedelpaese.info\\\/#organization\"},\"image\":{\"@id\":\"https:\\\/\\\/archiviocassano.lavocedelpaese.info\\\/index.php\\\/2010\\\/04\\\/19\\\/mare-negato-mercoledi-presentazione-in-biblioteca\\\/#primaryimage\"},\"thumbnailUrl\":\"https:\\\/\\\/archiviocassano.lavocedelpaese.info\\\/wp-content\\\/uploads\\\/2010\\\/04\\\/libro_mare_negato.jpg\",\"articleSection\":[\"Cultura\"],\"inLanguage\":\"it-IT\",\"potentialAction\":[{\"@type\":\"CommentAction\",\"name\":\"Comment\",\"target\":[\"https:\\\/\\\/archiviocassano.lavocedelpaese.info\\\/index.php\\\/2010\\\/04\\\/19\\\/mare-negato-mercoledi-presentazione-in-biblioteca\\\/#respond\"]}]},{\"@type\":\"WebPage\",\"@id\":\"https:\\\/\\\/archiviocassano.lavocedelpaese.info\\\/index.php\\\/2010\\\/04\\\/19\\\/mare-negato-mercoledi-presentazione-in-biblioteca\\\/\",\"url\":\"https:\\\/\\\/archiviocassano.lavocedelpaese.info\\\/index.php\\\/2010\\\/04\\\/19\\\/mare-negato-mercoledi-presentazione-in-biblioteca\\\/\",\"name\":\"\u201cMARE NEGATO\u201d, MERCOLEDI\u2019 PRESENTAZIONE IN BIBLIOTECA - Archivio CassanoWeb\",\"isPartOf\":{\"@id\":\"https:\\\/\\\/archiviocassano.lavocedelpaese.info\\\/#website\"},\"primaryImageOfPage\":{\"@id\":\"https:\\\/\\\/archiviocassano.lavocedelpaese.info\\\/index.php\\\/2010\\\/04\\\/19\\\/mare-negato-mercoledi-presentazione-in-biblioteca\\\/#primaryimage\"},\"image\":{\"@id\":\"https:\\\/\\\/archiviocassano.lavocedelpaese.info\\\/index.php\\\/2010\\\/04\\\/19\\\/mare-negato-mercoledi-presentazione-in-biblioteca\\\/#primaryimage\"},\"thumbnailUrl\":\"https:\\\/\\\/archiviocassano.lavocedelpaese.info\\\/wp-content\\\/uploads\\\/2010\\\/04\\\/libro_mare_negato.jpg\",\"datePublished\":\"2010-04-19T18:24:43+00:00\",\"breadcrumb\":{\"@id\":\"https:\\\/\\\/archiviocassano.lavocedelpaese.info\\\/index.php\\\/2010\\\/04\\\/19\\\/mare-negato-mercoledi-presentazione-in-biblioteca\\\/#breadcrumb\"},\"inLanguage\":\"it-IT\",\"potentialAction\":[{\"@type\":\"ReadAction\",\"target\":[\"https:\\\/\\\/archiviocassano.lavocedelpaese.info\\\/index.php\\\/2010\\\/04\\\/19\\\/mare-negato-mercoledi-presentazione-in-biblioteca\\\/\"]}]},{\"@type\":\"ImageObject\",\"inLanguage\":\"it-IT\",\"@id\":\"https:\\\/\\\/archiviocassano.lavocedelpaese.info\\\/index.php\\\/2010\\\/04\\\/19\\\/mare-negato-mercoledi-presentazione-in-biblioteca\\\/#primaryimage\",\"url\":\"https:\\\/\\\/archiviocassano.lavocedelpaese.info\\\/wp-content\\\/uploads\\\/2010\\\/04\\\/libro_mare_negato.jpg\",\"contentUrl\":\"https:\\\/\\\/archiviocassano.lavocedelpaese.info\\\/wp-content\\\/uploads\\\/2010\\\/04\\\/libro_mare_negato.jpg\",\"width\":320,\"height\":150,\"caption\":\"libro_mare_negato\"},{\"@type\":\"BreadcrumbList\",\"@id\":\"https:\\\/\\\/archiviocassano.lavocedelpaese.info\\\/index.php\\\/2010\\\/04\\\/19\\\/mare-negato-mercoledi-presentazione-in-biblioteca\\\/#breadcrumb\",\"itemListElement\":[{\"@type\":\"ListItem\",\"position\":1,\"name\":\"Home\",\"item\":\"https:\\\/\\\/archiviocassano.lavocedelpaese.info\\\/\"},{\"@type\":\"ListItem\",\"position\":2,\"name\":\"\u201cMARE NEGATO\u201d, MERCOLEDI\u2019 PRESENTAZIONE IN BIBLIOTECA\"}]},{\"@type\":\"WebSite\",\"@id\":\"https:\\\/\\\/archiviocassano.lavocedelpaese.info\\\/#website\",\"url\":\"https:\\\/\\\/archiviocassano.lavocedelpaese.info\\\/\",\"name\":\"Archivio CassanoWeb\",\"description\":\"La Voce del Paese - un network di idee\",\"publisher\":{\"@id\":\"https:\\\/\\\/archiviocassano.lavocedelpaese.info\\\/#organization\"},\"potentialAction\":[{\"@type\":\"SearchAction\",\"target\":{\"@type\":\"EntryPoint\",\"urlTemplate\":\"https:\\\/\\\/archiviocassano.lavocedelpaese.info\\\/?s={search_term_string}\"},\"query-input\":{\"@type\":\"PropertyValueSpecification\",\"valueRequired\":true,\"valueName\":\"search_term_string\"}}],\"inLanguage\":\"it-IT\"},{\"@type\":\"Organization\",\"@id\":\"https:\\\/\\\/archiviocassano.lavocedelpaese.info\\\/#organization\",\"name\":\"Archivio CassanoWeb\",\"url\":\"https:\\\/\\\/archiviocassano.lavocedelpaese.info\\\/\",\"logo\":{\"@type\":\"ImageObject\",\"inLanguage\":\"it-IT\",\"@id\":\"https:\\\/\\\/archiviocassano.lavocedelpaese.info\\\/#\\\/schema\\\/logo\\\/image\\\/\",\"url\":\"https:\\\/\\\/archiviocassano.lavocedelpaese.info\\\/wp-content\\\/uploads\\\/2024\\\/08\\\/logo-rosso-2.png\",\"contentUrl\":\"https:\\\/\\\/archiviocassano.lavocedelpaese.info\\\/wp-content\\\/uploads\\\/2024\\\/08\\\/logo-rosso-2.png\",\"width\":491,\"height\":432,\"caption\":\"Archivio CassanoWeb\"},\"image\":{\"@id\":\"https:\\\/\\\/archiviocassano.lavocedelpaese.info\\\/#\\\/schema\\\/logo\\\/image\\\/\"},\"sameAs\":[\"https:\\\/\\\/www.facebook.com\\\/redazione.cassanoweb\"]},{\"@type\":\"Person\",\"@id\":\"https:\\\/\\\/archiviocassano.lavocedelpaese.info\\\/#\\\/schema\\\/person\\\/df195bc79a9b4c35127cf005f92e041b\",\"name\":\"admin\",\"image\":{\"@type\":\"ImageObject\",\"inLanguage\":\"it-IT\",\"@id\":\"https:\\\/\\\/secure.gravatar.com\\\/avatar\\\/eabba89a432e8eaa1b0207cc55f7e5340b22712b1ed80677efcf63e02ff5b235?s=96&d=mm&r=g\",\"url\":\"https:\\\/\\\/secure.gravatar.com\\\/avatar\\\/eabba89a432e8eaa1b0207cc55f7e5340b22712b1ed80677efcf63e02ff5b235?s=96&d=mm&r=g\",\"contentUrl\":\"https:\\\/\\\/secure.gravatar.com\\\/avatar\\\/eabba89a432e8eaa1b0207cc55f7e5340b22712b1ed80677efcf63e02ff5b235?s=96&d=mm&r=g\",\"caption\":\"admin\"},\"sameAs\":[\"https:\\\/\\\/archiviocassano.lavocedelpaese.info\"],\"url\":\"https:\\\/\\\/archiviocassano.lavocedelpaese.info\\\/index.php\\\/author\\\/admin_0qgz1xdp\\\/\"}]}<\/script>\n<!-- \/ Yoast SEO plugin. -->","yoast_head_json":{"title":"\u201cMARE NEGATO\u201d, MERCOLEDI\u2019 PRESENTAZIONE IN BIBLIOTECA - Archivio CassanoWeb","robots":{"index":"index","follow":"follow","max-snippet":"max-snippet:-1","max-image-preview":"max-image-preview:large","max-video-preview":"max-video-preview:-1"},"canonical":"https:\/\/archiviocassano.lavocedelpaese.info\/index.php\/2010\/04\/19\/mare-negato-mercoledi-presentazione-in-biblioteca\/","og_locale":"it_IT","og_type":"article","og_title":"\u201cMARE NEGATO\u201d, MERCOLEDI\u2019 PRESENTAZIONE IN BIBLIOTECA - Archivio CassanoWeb","og_url":"https:\/\/archiviocassano.lavocedelpaese.info\/index.php\/2010\/04\/19\/mare-negato-mercoledi-presentazione-in-biblioteca\/","og_site_name":"Archivio CassanoWeb","article_publisher":"https:\/\/www.facebook.com\/redazione.cassanoweb","article_published_time":"2010-04-19T18:24:43+00:00","og_image":[{"width":320,"height":150,"url":"https:\/\/archiviocassano.lavocedelpaese.info\/wp-content\/uploads\/2010\/04\/libro_mare_negato.jpg","type":"image\/jpeg"}],"author":"admin","twitter_card":"summary_large_image","twitter_misc":{"Scritto da":"admin","Tempo di lettura stimato":"1 minuto"},"schema":{"@context":"https:\/\/schema.org","@graph":[{"@type":"Article","@id":"https:\/\/archiviocassano.lavocedelpaese.info\/index.php\/2010\/04\/19\/mare-negato-mercoledi-presentazione-in-biblioteca\/#article","isPartOf":{"@id":"https:\/\/archiviocassano.lavocedelpaese.info\/index.php\/2010\/04\/19\/mare-negato-mercoledi-presentazione-in-biblioteca\/"},"author":{"name":"admin","@id":"https:\/\/archiviocassano.lavocedelpaese.info\/#\/schema\/person\/df195bc79a9b4c35127cf005f92e041b"},"headline":"\u201cMARE NEGATO\u201d, MERCOLEDI\u2019 PRESENTAZIONE IN BIBLIOTECA","datePublished":"2010-04-19T18:24:43+00:00","mainEntityOfPage":{"@id":"https:\/\/archiviocassano.lavocedelpaese.info\/index.php\/2010\/04\/19\/mare-negato-mercoledi-presentazione-in-biblioteca\/"},"wordCount":213,"commentCount":0,"publisher":{"@id":"https:\/\/archiviocassano.lavocedelpaese.info\/#organization"},"image":{"@id":"https:\/\/archiviocassano.lavocedelpaese.info\/index.php\/2010\/04\/19\/mare-negato-mercoledi-presentazione-in-biblioteca\/#primaryimage"},"thumbnailUrl":"https:\/\/archiviocassano.lavocedelpaese.info\/wp-content\/uploads\/2010\/04\/libro_mare_negato.jpg","articleSection":["Cultura"],"inLanguage":"it-IT","potentialAction":[{"@type":"CommentAction","name":"Comment","target":["https:\/\/archiviocassano.lavocedelpaese.info\/index.php\/2010\/04\/19\/mare-negato-mercoledi-presentazione-in-biblioteca\/#respond"]}]},{"@type":"WebPage","@id":"https:\/\/archiviocassano.lavocedelpaese.info\/index.php\/2010\/04\/19\/mare-negato-mercoledi-presentazione-in-biblioteca\/","url":"https:\/\/archiviocassano.lavocedelpaese.info\/index.php\/2010\/04\/19\/mare-negato-mercoledi-presentazione-in-biblioteca\/","name":"\u201cMARE NEGATO\u201d, MERCOLEDI\u2019 PRESENTAZIONE IN BIBLIOTECA - Archivio CassanoWeb","isPartOf":{"@id":"https:\/\/archiviocassano.lavocedelpaese.info\/#website"},"primaryImageOfPage":{"@id":"https:\/\/archiviocassano.lavocedelpaese.info\/index.php\/2010\/04\/19\/mare-negato-mercoledi-presentazione-in-biblioteca\/#primaryimage"},"image":{"@id":"https:\/\/archiviocassano.lavocedelpaese.info\/index.php\/2010\/04\/19\/mare-negato-mercoledi-presentazione-in-biblioteca\/#primaryimage"},"thumbnailUrl":"https:\/\/archiviocassano.lavocedelpaese.info\/wp-content\/uploads\/2010\/04\/libro_mare_negato.jpg","datePublished":"2010-04-19T18:24:43+00:00","breadcrumb":{"@id":"https:\/\/archiviocassano.lavocedelpaese.info\/index.php\/2010\/04\/19\/mare-negato-mercoledi-presentazione-in-biblioteca\/#breadcrumb"},"inLanguage":"it-IT","potentialAction":[{"@type":"ReadAction","target":["https:\/\/archiviocassano.lavocedelpaese.info\/index.php\/2010\/04\/19\/mare-negato-mercoledi-presentazione-in-biblioteca\/"]}]},{"@type":"ImageObject","inLanguage":"it-IT","@id":"https:\/\/archiviocassano.lavocedelpaese.info\/index.php\/2010\/04\/19\/mare-negato-mercoledi-presentazione-in-biblioteca\/#primaryimage","url":"https:\/\/archiviocassano.lavocedelpaese.info\/wp-content\/uploads\/2010\/04\/libro_mare_negato.jpg","contentUrl":"https:\/\/archiviocassano.lavocedelpaese.info\/wp-content\/uploads\/2010\/04\/libro_mare_negato.jpg","width":320,"height":150,"caption":"libro_mare_negato"},{"@type":"BreadcrumbList","@id":"https:\/\/archiviocassano.lavocedelpaese.info\/index.php\/2010\/04\/19\/mare-negato-mercoledi-presentazione-in-biblioteca\/#breadcrumb","itemListElement":[{"@type":"ListItem","position":1,"name":"Home","item":"https:\/\/archiviocassano.lavocedelpaese.info\/"},{"@type":"ListItem","position":2,"name":"\u201cMARE NEGATO\u201d, MERCOLEDI\u2019 PRESENTAZIONE IN BIBLIOTECA"}]},{"@type":"WebSite","@id":"https:\/\/archiviocassano.lavocedelpaese.info\/#website","url":"https:\/\/archiviocassano.lavocedelpaese.info\/","name":"Archivio CassanoWeb","description":"La Voce del Paese - un network di idee","publisher":{"@id":"https:\/\/archiviocassano.lavocedelpaese.info\/#organization"},"potentialAction":[{"@type":"SearchAction","target":{"@type":"EntryPoint","urlTemplate":"https:\/\/archiviocassano.lavocedelpaese.info\/?s={search_term_string}"},"query-input":{"@type":"PropertyValueSpecification","valueRequired":true,"valueName":"search_term_string"}}],"inLanguage":"it-IT"},{"@type":"Organization","@id":"https:\/\/archiviocassano.lavocedelpaese.info\/#organization","name":"Archivio CassanoWeb","url":"https:\/\/archiviocassano.lavocedelpaese.info\/","logo":{"@type":"ImageObject","inLanguage":"it-IT","@id":"https:\/\/archiviocassano.lavocedelpaese.info\/#\/schema\/logo\/image\/","url":"https:\/\/archiviocassano.lavocedelpaese.info\/wp-content\/uploads\/2024\/08\/logo-rosso-2.png","contentUrl":"https:\/\/archiviocassano.lavocedelpaese.info\/wp-content\/uploads\/2024\/08\/logo-rosso-2.png","width":491,"height":432,"caption":"Archivio CassanoWeb"},"image":{"@id":"https:\/\/archiviocassano.lavocedelpaese.info\/#\/schema\/logo\/image\/"},"sameAs":["https:\/\/www.facebook.com\/redazione.cassanoweb"]},{"@type":"Person","@id":"https:\/\/archiviocassano.lavocedelpaese.info\/#\/schema\/person\/df195bc79a9b4c35127cf005f92e041b","name":"admin","image":{"@type":"ImageObject","inLanguage":"it-IT","@id":"https:\/\/secure.gravatar.com\/avatar\/eabba89a432e8eaa1b0207cc55f7e5340b22712b1ed80677efcf63e02ff5b235?s=96&d=mm&r=g","url":"https:\/\/secure.gravatar.com\/avatar\/eabba89a432e8eaa1b0207cc55f7e5340b22712b1ed80677efcf63e02ff5b235?s=96&d=mm&r=g","contentUrl":"https:\/\/secure.gravatar.com\/avatar\/eabba89a432e8eaa1b0207cc55f7e5340b22712b1ed80677efcf63e02ff5b235?s=96&d=mm&r=g","caption":"admin"},"sameAs":["https:\/\/archiviocassano.lavocedelpaese.info"],"url":"https:\/\/archiviocassano.lavocedelpaese.info\/index.php\/author\/admin_0qgz1xdp\/"}]}},"_links":{"self":[{"href":"https:\/\/archiviocassano.lavocedelpaese.info\/index.php\/wp-json\/wp\/v2\/posts\/1317","targetHints":{"allow":["GET"]}}],"collection":[{"href":"https:\/\/archiviocassano.lavocedelpaese.info\/index.php\/wp-json\/wp\/v2\/posts"}],"about":[{"href":"https:\/\/archiviocassano.lavocedelpaese.info\/index.php\/wp-json\/wp\/v2\/types\/post"}],"author":[{"embeddable":true,"href":"https:\/\/archiviocassano.lavocedelpaese.info\/index.php\/wp-json\/wp\/v2\/users\/1"}],"replies":[{"embeddable":true,"href":"https:\/\/archiviocassano.lavocedelpaese.info\/index.php\/wp-json\/wp\/v2\/comments?post=1317"}],"version-history":[{"count":0,"href":"https:\/\/archiviocassano.lavocedelpaese.info\/index.php\/wp-json\/wp\/v2\/posts\/1317\/revisions"}],"wp:featuredmedia":[{"embeddable":true,"href":"https:\/\/archiviocassano.lavocedelpaese.info\/index.php\/wp-json\/wp\/v2\/media\/1316"}],"wp:attachment":[{"href":"https:\/\/archiviocassano.lavocedelpaese.info\/index.php\/wp-json\/wp\/v2\/media?parent=1317"}],"wp:term":[{"taxonomy":"category","embeddable":true,"href":"https:\/\/archiviocassano.lavocedelpaese.info\/index.php\/wp-json\/wp\/v2\/categories?post=1317"},{"taxonomy":"post_tag","embeddable":true,"href":"https:\/\/archiviocassano.lavocedelpaese.info\/index.php\/wp-json\/wp\/v2\/tags?post=1317"}],"curies":[{"name":"wp","href":"https:\/\/api.w.org\/{rel}","templated":true}]}}