{"id":13218,"date":"2016-10-28T07:21:20","date_gmt":"2016-10-28T07:21:20","guid":{"rendered":"https:\/\/archiviocassano.lavocedelpaese.info\/index.php\/2016\/10\/28\/qdonne-e-arte-in-carcereq-venerdi-la-presentazione\/"},"modified":"2016-10-28T07:21:20","modified_gmt":"2016-10-28T07:21:20","slug":"qdonne-e-arte-in-carcereq-venerdi-la-presentazione","status":"publish","type":"post","link":"https:\/\/archiviocassano.lavocedelpaese.info\/index.php\/2016\/10\/28\/qdonne-e-arte-in-carcereq-venerdi-la-presentazione\/","title":{"rendered":"&#8220;Donne e arte in carcere&#8221;: oggi la presentazione"},"content":{"rendered":"<p><img loading=\"lazy\" decoding=\"async\" class=\" size-full wp-image-13217\" src=\"https:\/\/archiviocassano.lavocedelpaese.info\/wp-content\/uploads\/2016\/10\/donne_e_arte_in_carcere.jpg\" alt=\"donne e arte in carcere\" style=\"margin-right: 2px; margin-left: 2px;\" width=\"294\" height=\"300\" \/><\/p>\n<p><!--more--><\/p>\n<p style=\"text-align: right;\">&nbsp;<\/p>\n<p style=\"text-align: right;\"><strong>\u201c<\/strong><strong><i>Dare voce a chi vive una condizione in cui le parole si spezzano in gola. Restituire attraverso la scrittura uno scampolo di libert\u00e0 a chi la libert\u00e0 l&#8217;ha lasciata oltre le sbarre.&nbsp; \u00c8 questo il senso del progetto di scrittura creativa realizzato dalla Cgil di Bari con le detenute della Casa Circondariale della citt\u00e0 metropolitana.<\/i><\/strong><\/p>\n<p style=\"text-align: right;\"><strong><i>Da quella esperienza sono nati gli scritti raccolti in questo volume che offrono al lettore la possibilit\u00e0 di osservare dal di dentro, &nbsp;attraverso le emozioni delle detenute-scrittrici, una condizione di grande disagio e sofferenza&nbsp;<\/i><\/strong><strong>\u201d<\/strong><strong><i><\/i><\/strong><\/p>\n<p style=\"text-align: right;\"><strong>(da \u201cDonne e Arte in Carcere\u201d, Edizioni dal Sud)<\/strong><strong><i>.<\/i><\/strong><\/p>\n<p>&nbsp;<\/p>\n<p>&nbsp;<\/p>\n<p>&nbsp;<\/p>\n<p style=\"text-align: justify;\">L\u2019Associazione&nbsp;No More &#8211; Difesa Donna, partner dell\u2019Ufficio Garante Regionale per i Diritti e la Libert\u00e0 dei Detenuti, comunica che il&nbsp;<strong>28 ottobre alle ore 18.00<\/strong>&nbsp;presso la&nbsp;<strong>Sala Gentile della BCC di Cassano delle Murge e Tolve<\/strong>, sita&nbsp;<strong>in via Marconi 2&nbsp;<\/strong>(Cassano delle Murge),&nbsp;<strong>sar\u00e0 presentato il libro&nbsp;<\/strong><strong>prodotto e curato dalla CGIL Bari &#8220;<\/strong><strong>Donne e Arte in Carcere<\/strong><strong>&#8221;&nbsp;<\/strong>(Edizioni dal Sud).<\/p>\n<p style=\"text-align: justify;\">L&#8217;evento, organizzato in collaborazione con l&#8217;Ass. Amici della Biblioteca di Cassano, l&#8217;UTE di Cassano, l&#8217;ACAT Bari Nuova e l&#8217;Ass. &#8220;Essere Donna&#8221;, \u00e8 patrocinato dall\u2019Ass. Nazionale &#8220;Sentieri della Legalit\u00e0&#8221; (rappresentata dalla Avv.ta Mariagrazia D&#8217;Ecclesiis) e dal Rotary Club Mediterraneo Bari (rappresentato dalla Dott.ssa Doda Renzetti).<\/p>\n<p style=\"text-align: justify;\">Relatori:&nbsp;<\/p>\n<p style=\"text-align: justify;\">Dott.ssa Lidia DE LEONARDIS, Direttrice della Casa Circondariale di Bari;<\/p>\n<p style=\"text-align: justify;\">Dott.ssa Valeria PIR\u00c8, Vicedirettrice&nbsp;della Casa Circondariale di Bari;<\/p>\n<p style=\"text-align: justify;\">Dott. Pietro ROSSI, Garante regionale per i diritti dei detenuti;<\/p>\n<p style=\"text-align: justify;\">Anna LEPORE, Fondazione &#8220;Rita Maierotti&#8221; Centro studi CGIL Bari;<\/p>\n<p style=\"text-align: justify;\">Annetta FRANCABANDIERA, Dipartimento welfare&nbsp;CGIL&nbsp;Bari;<\/p>\n<p style=\"text-align: justify;\">Rosaria LOPEDOTE, Coordinatrice progetto &#8220;Donne&nbsp;e&nbsp;Arte in Carcere&#8221;;<\/p>\n<p style=\"text-align: justify;\">Avv.ta Roberta SCHIRALLI, Foro di Trani.<\/p>\n<p style=\"text-align: justify;\">Introdurranno la presentazione l\u2019Avv.ta Raffaella CASAMASSIMA (Pres. Ass. \u201cNo More &#8211; Difesa Donna\u201d), l\u2019Avv.ta Mariagrazia D&#8217;ECCLESIIS, e la Dott.ssa Doda RENZETTI.<\/p>\n<p style=\"text-align: justify;\">L&#8217;evento sar\u00e0 una buona occasione per&nbsp;affrontare il tema delle condizioni di detenzione delle detenute, di rieducazione e di genitorialit\u00e0.<\/p>\n<p style=\"text-align: justify;\">&nbsp;<\/p>\n<p style=\"text-align: right;\">&nbsp;<\/p>\n<p style=\"text-align: right;\">&nbsp;<\/p>\n<p>&nbsp;<\/p>\n<p>&nbsp;<\/p>\n","protected":false},"excerpt":{"rendered":"","protected":false},"author":1,"featured_media":13217,"comment_status":"open","ping_status":"closed","sticky":false,"template":"","format":"standard","meta":{"colormag_page_container_layout":"default_layout","colormag_page_sidebar_layout":"default_layout","footnotes":""},"categories":[6],"tags":[],"class_list":["post-13218","post","type-post","status-publish","format-standard","has-post-thumbnail","hentry","category-cultura"],"yoast_head":"<!-- This site is optimized with the Yoast SEO plugin v27.5 - https:\/\/yoast.com\/product\/yoast-seo-wordpress\/ -->\n<title>&quot;Donne e arte in carcere&quot;: oggi la presentazione - Archivio CassanoWeb<\/title>\n<meta name=\"robots\" content=\"index, follow, max-snippet:-1, max-image-preview:large, max-video-preview:-1\" \/>\n<link rel=\"canonical\" href=\"https:\/\/archiviocassano.lavocedelpaese.info\/index.php\/2016\/10\/28\/qdonne-e-arte-in-carcereq-venerdi-la-presentazione\/\" \/>\n<meta property=\"og:locale\" content=\"it_IT\" \/>\n<meta property=\"og:type\" content=\"article\" \/>\n<meta property=\"og:title\" content=\"&quot;Donne e arte in carcere&quot;: oggi la presentazione - Archivio CassanoWeb\" \/>\n<meta property=\"og:url\" content=\"https:\/\/archiviocassano.lavocedelpaese.info\/index.php\/2016\/10\/28\/qdonne-e-arte-in-carcereq-venerdi-la-presentazione\/\" \/>\n<meta property=\"og:site_name\" content=\"Archivio CassanoWeb\" \/>\n<meta property=\"article:publisher\" content=\"https:\/\/www.facebook.com\/redazione.cassanoweb\" \/>\n<meta property=\"article:published_time\" content=\"2016-10-28T07:21:20+00:00\" \/>\n<meta property=\"og:image\" content=\"https:\/\/archiviocassano.lavocedelpaese.info\/wp-content\/uploads\/2016\/10\/donne_e_arte_in_carcere.jpg\" \/>\n\t<meta property=\"og:image:width\" content=\"294\" \/>\n\t<meta property=\"og:image:height\" content=\"300\" \/>\n\t<meta property=\"og:image:type\" content=\"image\/jpeg\" \/>\n<meta name=\"author\" content=\"admin\" \/>\n<meta name=\"twitter:card\" content=\"summary_large_image\" \/>\n<meta name=\"twitter:label1\" content=\"Scritto da\" \/>\n\t<meta name=\"twitter:data1\" content=\"admin\" \/>\n\t<meta name=\"twitter:label2\" content=\"Tempo di lettura stimato\" \/>\n\t<meta name=\"twitter:data2\" content=\"2 minuti\" \/>\n<script type=\"application\/ld+json\" class=\"yoast-schema-graph\">{\"@context\":\"https:\\\/\\\/schema.org\",\"@graph\":[{\"@type\":\"Article\",\"@id\":\"https:\\\/\\\/archiviocassano.lavocedelpaese.info\\\/index.php\\\/2016\\\/10\\\/28\\\/qdonne-e-arte-in-carcereq-venerdi-la-presentazione\\\/#article\",\"isPartOf\":{\"@id\":\"https:\\\/\\\/archiviocassano.lavocedelpaese.info\\\/index.php\\\/2016\\\/10\\\/28\\\/qdonne-e-arte-in-carcereq-venerdi-la-presentazione\\\/\"},\"author\":{\"name\":\"admin\",\"@id\":\"https:\\\/\\\/archiviocassano.lavocedelpaese.info\\\/#\\\/schema\\\/person\\\/df195bc79a9b4c35127cf005f92e041b\"},\"headline\":\"&#8220;Donne e arte in carcere&#8221;: oggi la presentazione\",\"datePublished\":\"2016-10-28T07:21:20+00:00\",\"mainEntityOfPage\":{\"@id\":\"https:\\\/\\\/archiviocassano.lavocedelpaese.info\\\/index.php\\\/2016\\\/10\\\/28\\\/qdonne-e-arte-in-carcereq-venerdi-la-presentazione\\\/\"},\"wordCount\":360,\"commentCount\":0,\"publisher\":{\"@id\":\"https:\\\/\\\/archiviocassano.lavocedelpaese.info\\\/#organization\"},\"image\":{\"@id\":\"https:\\\/\\\/archiviocassano.lavocedelpaese.info\\\/index.php\\\/2016\\\/10\\\/28\\\/qdonne-e-arte-in-carcereq-venerdi-la-presentazione\\\/#primaryimage\"},\"thumbnailUrl\":\"https:\\\/\\\/archiviocassano.lavocedelpaese.info\\\/wp-content\\\/uploads\\\/2016\\\/10\\\/donne_e_arte_in_carcere.jpg\",\"articleSection\":[\"Cultura\"],\"inLanguage\":\"it-IT\",\"potentialAction\":[{\"@type\":\"CommentAction\",\"name\":\"Comment\",\"target\":[\"https:\\\/\\\/archiviocassano.lavocedelpaese.info\\\/index.php\\\/2016\\\/10\\\/28\\\/qdonne-e-arte-in-carcereq-venerdi-la-presentazione\\\/#respond\"]}]},{\"@type\":\"WebPage\",\"@id\":\"https:\\\/\\\/archiviocassano.lavocedelpaese.info\\\/index.php\\\/2016\\\/10\\\/28\\\/qdonne-e-arte-in-carcereq-venerdi-la-presentazione\\\/\",\"url\":\"https:\\\/\\\/archiviocassano.lavocedelpaese.info\\\/index.php\\\/2016\\\/10\\\/28\\\/qdonne-e-arte-in-carcereq-venerdi-la-presentazione\\\/\",\"name\":\"\\\"Donne e arte in carcere\\\": oggi la presentazione - Archivio CassanoWeb\",\"isPartOf\":{\"@id\":\"https:\\\/\\\/archiviocassano.lavocedelpaese.info\\\/#website\"},\"primaryImageOfPage\":{\"@id\":\"https:\\\/\\\/archiviocassano.lavocedelpaese.info\\\/index.php\\\/2016\\\/10\\\/28\\\/qdonne-e-arte-in-carcereq-venerdi-la-presentazione\\\/#primaryimage\"},\"image\":{\"@id\":\"https:\\\/\\\/archiviocassano.lavocedelpaese.info\\\/index.php\\\/2016\\\/10\\\/28\\\/qdonne-e-arte-in-carcereq-venerdi-la-presentazione\\\/#primaryimage\"},\"thumbnailUrl\":\"https:\\\/\\\/archiviocassano.lavocedelpaese.info\\\/wp-content\\\/uploads\\\/2016\\\/10\\\/donne_e_arte_in_carcere.jpg\",\"datePublished\":\"2016-10-28T07:21:20+00:00\",\"breadcrumb\":{\"@id\":\"https:\\\/\\\/archiviocassano.lavocedelpaese.info\\\/index.php\\\/2016\\\/10\\\/28\\\/qdonne-e-arte-in-carcereq-venerdi-la-presentazione\\\/#breadcrumb\"},\"inLanguage\":\"it-IT\",\"potentialAction\":[{\"@type\":\"ReadAction\",\"target\":[\"https:\\\/\\\/archiviocassano.lavocedelpaese.info\\\/index.php\\\/2016\\\/10\\\/28\\\/qdonne-e-arte-in-carcereq-venerdi-la-presentazione\\\/\"]}]},{\"@type\":\"ImageObject\",\"inLanguage\":\"it-IT\",\"@id\":\"https:\\\/\\\/archiviocassano.lavocedelpaese.info\\\/index.php\\\/2016\\\/10\\\/28\\\/qdonne-e-arte-in-carcereq-venerdi-la-presentazione\\\/#primaryimage\",\"url\":\"https:\\\/\\\/archiviocassano.lavocedelpaese.info\\\/wp-content\\\/uploads\\\/2016\\\/10\\\/donne_e_arte_in_carcere.jpg\",\"contentUrl\":\"https:\\\/\\\/archiviocassano.lavocedelpaese.info\\\/wp-content\\\/uploads\\\/2016\\\/10\\\/donne_e_arte_in_carcere.jpg\",\"width\":294,\"height\":300,\"caption\":\"donne e arte in carcere\"},{\"@type\":\"BreadcrumbList\",\"@id\":\"https:\\\/\\\/archiviocassano.lavocedelpaese.info\\\/index.php\\\/2016\\\/10\\\/28\\\/qdonne-e-arte-in-carcereq-venerdi-la-presentazione\\\/#breadcrumb\",\"itemListElement\":[{\"@type\":\"ListItem\",\"position\":1,\"name\":\"Home\",\"item\":\"https:\\\/\\\/archiviocassano.lavocedelpaese.info\\\/\"},{\"@type\":\"ListItem\",\"position\":2,\"name\":\"&#8220;Donne e arte in carcere&#8221;: oggi la presentazione\"}]},{\"@type\":\"WebSite\",\"@id\":\"https:\\\/\\\/archiviocassano.lavocedelpaese.info\\\/#website\",\"url\":\"https:\\\/\\\/archiviocassano.lavocedelpaese.info\\\/\",\"name\":\"Archivio CassanoWeb\",\"description\":\"La Voce del Paese - un network di idee\",\"publisher\":{\"@id\":\"https:\\\/\\\/archiviocassano.lavocedelpaese.info\\\/#organization\"},\"potentialAction\":[{\"@type\":\"SearchAction\",\"target\":{\"@type\":\"EntryPoint\",\"urlTemplate\":\"https:\\\/\\\/archiviocassano.lavocedelpaese.info\\\/?s={search_term_string}\"},\"query-input\":{\"@type\":\"PropertyValueSpecification\",\"valueRequired\":true,\"valueName\":\"search_term_string\"}}],\"inLanguage\":\"it-IT\"},{\"@type\":\"Organization\",\"@id\":\"https:\\\/\\\/archiviocassano.lavocedelpaese.info\\\/#organization\",\"name\":\"Archivio CassanoWeb\",\"url\":\"https:\\\/\\\/archiviocassano.lavocedelpaese.info\\\/\",\"logo\":{\"@type\":\"ImageObject\",\"inLanguage\":\"it-IT\",\"@id\":\"https:\\\/\\\/archiviocassano.lavocedelpaese.info\\\/#\\\/schema\\\/logo\\\/image\\\/\",\"url\":\"https:\\\/\\\/archiviocassano.lavocedelpaese.info\\\/wp-content\\\/uploads\\\/2024\\\/08\\\/logo-rosso-2.png\",\"contentUrl\":\"https:\\\/\\\/archiviocassano.lavocedelpaese.info\\\/wp-content\\\/uploads\\\/2024\\\/08\\\/logo-rosso-2.png\",\"width\":491,\"height\":432,\"caption\":\"Archivio CassanoWeb\"},\"image\":{\"@id\":\"https:\\\/\\\/archiviocassano.lavocedelpaese.info\\\/#\\\/schema\\\/logo\\\/image\\\/\"},\"sameAs\":[\"https:\\\/\\\/www.facebook.com\\\/redazione.cassanoweb\"]},{\"@type\":\"Person\",\"@id\":\"https:\\\/\\\/archiviocassano.lavocedelpaese.info\\\/#\\\/schema\\\/person\\\/df195bc79a9b4c35127cf005f92e041b\",\"name\":\"admin\",\"image\":{\"@type\":\"ImageObject\",\"inLanguage\":\"it-IT\",\"@id\":\"https:\\\/\\\/secure.gravatar.com\\\/avatar\\\/eabba89a432e8eaa1b0207cc55f7e5340b22712b1ed80677efcf63e02ff5b235?s=96&d=mm&r=g\",\"url\":\"https:\\\/\\\/secure.gravatar.com\\\/avatar\\\/eabba89a432e8eaa1b0207cc55f7e5340b22712b1ed80677efcf63e02ff5b235?s=96&d=mm&r=g\",\"contentUrl\":\"https:\\\/\\\/secure.gravatar.com\\\/avatar\\\/eabba89a432e8eaa1b0207cc55f7e5340b22712b1ed80677efcf63e02ff5b235?s=96&d=mm&r=g\",\"caption\":\"admin\"},\"sameAs\":[\"https:\\\/\\\/archiviocassano.lavocedelpaese.info\"],\"url\":\"https:\\\/\\\/archiviocassano.lavocedelpaese.info\\\/index.php\\\/author\\\/admin_0qgz1xdp\\\/\"}]}<\/script>\n<!-- \/ Yoast SEO plugin. -->","yoast_head_json":{"title":"\"Donne e arte in carcere\": oggi la presentazione - Archivio CassanoWeb","robots":{"index":"index","follow":"follow","max-snippet":"max-snippet:-1","max-image-preview":"max-image-preview:large","max-video-preview":"max-video-preview:-1"},"canonical":"https:\/\/archiviocassano.lavocedelpaese.info\/index.php\/2016\/10\/28\/qdonne-e-arte-in-carcereq-venerdi-la-presentazione\/","og_locale":"it_IT","og_type":"article","og_title":"\"Donne e arte in carcere\": oggi la presentazione - Archivio CassanoWeb","og_url":"https:\/\/archiviocassano.lavocedelpaese.info\/index.php\/2016\/10\/28\/qdonne-e-arte-in-carcereq-venerdi-la-presentazione\/","og_site_name":"Archivio CassanoWeb","article_publisher":"https:\/\/www.facebook.com\/redazione.cassanoweb","article_published_time":"2016-10-28T07:21:20+00:00","og_image":[{"width":294,"height":300,"url":"https:\/\/archiviocassano.lavocedelpaese.info\/wp-content\/uploads\/2016\/10\/donne_e_arte_in_carcere.jpg","type":"image\/jpeg"}],"author":"admin","twitter_card":"summary_large_image","twitter_misc":{"Scritto da":"admin","Tempo di lettura stimato":"2 minuti"},"schema":{"@context":"https:\/\/schema.org","@graph":[{"@type":"Article","@id":"https:\/\/archiviocassano.lavocedelpaese.info\/index.php\/2016\/10\/28\/qdonne-e-arte-in-carcereq-venerdi-la-presentazione\/#article","isPartOf":{"@id":"https:\/\/archiviocassano.lavocedelpaese.info\/index.php\/2016\/10\/28\/qdonne-e-arte-in-carcereq-venerdi-la-presentazione\/"},"author":{"name":"admin","@id":"https:\/\/archiviocassano.lavocedelpaese.info\/#\/schema\/person\/df195bc79a9b4c35127cf005f92e041b"},"headline":"&#8220;Donne e arte in carcere&#8221;: oggi la presentazione","datePublished":"2016-10-28T07:21:20+00:00","mainEntityOfPage":{"@id":"https:\/\/archiviocassano.lavocedelpaese.info\/index.php\/2016\/10\/28\/qdonne-e-arte-in-carcereq-venerdi-la-presentazione\/"},"wordCount":360,"commentCount":0,"publisher":{"@id":"https:\/\/archiviocassano.lavocedelpaese.info\/#organization"},"image":{"@id":"https:\/\/archiviocassano.lavocedelpaese.info\/index.php\/2016\/10\/28\/qdonne-e-arte-in-carcereq-venerdi-la-presentazione\/#primaryimage"},"thumbnailUrl":"https:\/\/archiviocassano.lavocedelpaese.info\/wp-content\/uploads\/2016\/10\/donne_e_arte_in_carcere.jpg","articleSection":["Cultura"],"inLanguage":"it-IT","potentialAction":[{"@type":"CommentAction","name":"Comment","target":["https:\/\/archiviocassano.lavocedelpaese.info\/index.php\/2016\/10\/28\/qdonne-e-arte-in-carcereq-venerdi-la-presentazione\/#respond"]}]},{"@type":"WebPage","@id":"https:\/\/archiviocassano.lavocedelpaese.info\/index.php\/2016\/10\/28\/qdonne-e-arte-in-carcereq-venerdi-la-presentazione\/","url":"https:\/\/archiviocassano.lavocedelpaese.info\/index.php\/2016\/10\/28\/qdonne-e-arte-in-carcereq-venerdi-la-presentazione\/","name":"\"Donne e arte in carcere\": oggi la presentazione - Archivio CassanoWeb","isPartOf":{"@id":"https:\/\/archiviocassano.lavocedelpaese.info\/#website"},"primaryImageOfPage":{"@id":"https:\/\/archiviocassano.lavocedelpaese.info\/index.php\/2016\/10\/28\/qdonne-e-arte-in-carcereq-venerdi-la-presentazione\/#primaryimage"},"image":{"@id":"https:\/\/archiviocassano.lavocedelpaese.info\/index.php\/2016\/10\/28\/qdonne-e-arte-in-carcereq-venerdi-la-presentazione\/#primaryimage"},"thumbnailUrl":"https:\/\/archiviocassano.lavocedelpaese.info\/wp-content\/uploads\/2016\/10\/donne_e_arte_in_carcere.jpg","datePublished":"2016-10-28T07:21:20+00:00","breadcrumb":{"@id":"https:\/\/archiviocassano.lavocedelpaese.info\/index.php\/2016\/10\/28\/qdonne-e-arte-in-carcereq-venerdi-la-presentazione\/#breadcrumb"},"inLanguage":"it-IT","potentialAction":[{"@type":"ReadAction","target":["https:\/\/archiviocassano.lavocedelpaese.info\/index.php\/2016\/10\/28\/qdonne-e-arte-in-carcereq-venerdi-la-presentazione\/"]}]},{"@type":"ImageObject","inLanguage":"it-IT","@id":"https:\/\/archiviocassano.lavocedelpaese.info\/index.php\/2016\/10\/28\/qdonne-e-arte-in-carcereq-venerdi-la-presentazione\/#primaryimage","url":"https:\/\/archiviocassano.lavocedelpaese.info\/wp-content\/uploads\/2016\/10\/donne_e_arte_in_carcere.jpg","contentUrl":"https:\/\/archiviocassano.lavocedelpaese.info\/wp-content\/uploads\/2016\/10\/donne_e_arte_in_carcere.jpg","width":294,"height":300,"caption":"donne e arte in carcere"},{"@type":"BreadcrumbList","@id":"https:\/\/archiviocassano.lavocedelpaese.info\/index.php\/2016\/10\/28\/qdonne-e-arte-in-carcereq-venerdi-la-presentazione\/#breadcrumb","itemListElement":[{"@type":"ListItem","position":1,"name":"Home","item":"https:\/\/archiviocassano.lavocedelpaese.info\/"},{"@type":"ListItem","position":2,"name":"&#8220;Donne e arte in carcere&#8221;: oggi la presentazione"}]},{"@type":"WebSite","@id":"https:\/\/archiviocassano.lavocedelpaese.info\/#website","url":"https:\/\/archiviocassano.lavocedelpaese.info\/","name":"Archivio CassanoWeb","description":"La Voce del Paese - un network di idee","publisher":{"@id":"https:\/\/archiviocassano.lavocedelpaese.info\/#organization"},"potentialAction":[{"@type":"SearchAction","target":{"@type":"EntryPoint","urlTemplate":"https:\/\/archiviocassano.lavocedelpaese.info\/?s={search_term_string}"},"query-input":{"@type":"PropertyValueSpecification","valueRequired":true,"valueName":"search_term_string"}}],"inLanguage":"it-IT"},{"@type":"Organization","@id":"https:\/\/archiviocassano.lavocedelpaese.info\/#organization","name":"Archivio CassanoWeb","url":"https:\/\/archiviocassano.lavocedelpaese.info\/","logo":{"@type":"ImageObject","inLanguage":"it-IT","@id":"https:\/\/archiviocassano.lavocedelpaese.info\/#\/schema\/logo\/image\/","url":"https:\/\/archiviocassano.lavocedelpaese.info\/wp-content\/uploads\/2024\/08\/logo-rosso-2.png","contentUrl":"https:\/\/archiviocassano.lavocedelpaese.info\/wp-content\/uploads\/2024\/08\/logo-rosso-2.png","width":491,"height":432,"caption":"Archivio CassanoWeb"},"image":{"@id":"https:\/\/archiviocassano.lavocedelpaese.info\/#\/schema\/logo\/image\/"},"sameAs":["https:\/\/www.facebook.com\/redazione.cassanoweb"]},{"@type":"Person","@id":"https:\/\/archiviocassano.lavocedelpaese.info\/#\/schema\/person\/df195bc79a9b4c35127cf005f92e041b","name":"admin","image":{"@type":"ImageObject","inLanguage":"it-IT","@id":"https:\/\/secure.gravatar.com\/avatar\/eabba89a432e8eaa1b0207cc55f7e5340b22712b1ed80677efcf63e02ff5b235?s=96&d=mm&r=g","url":"https:\/\/secure.gravatar.com\/avatar\/eabba89a432e8eaa1b0207cc55f7e5340b22712b1ed80677efcf63e02ff5b235?s=96&d=mm&r=g","contentUrl":"https:\/\/secure.gravatar.com\/avatar\/eabba89a432e8eaa1b0207cc55f7e5340b22712b1ed80677efcf63e02ff5b235?s=96&d=mm&r=g","caption":"admin"},"sameAs":["https:\/\/archiviocassano.lavocedelpaese.info"],"url":"https:\/\/archiviocassano.lavocedelpaese.info\/index.php\/author\/admin_0qgz1xdp\/"}]}},"_links":{"self":[{"href":"https:\/\/archiviocassano.lavocedelpaese.info\/index.php\/wp-json\/wp\/v2\/posts\/13218","targetHints":{"allow":["GET"]}}],"collection":[{"href":"https:\/\/archiviocassano.lavocedelpaese.info\/index.php\/wp-json\/wp\/v2\/posts"}],"about":[{"href":"https:\/\/archiviocassano.lavocedelpaese.info\/index.php\/wp-json\/wp\/v2\/types\/post"}],"author":[{"embeddable":true,"href":"https:\/\/archiviocassano.lavocedelpaese.info\/index.php\/wp-json\/wp\/v2\/users\/1"}],"replies":[{"embeddable":true,"href":"https:\/\/archiviocassano.lavocedelpaese.info\/index.php\/wp-json\/wp\/v2\/comments?post=13218"}],"version-history":[{"count":0,"href":"https:\/\/archiviocassano.lavocedelpaese.info\/index.php\/wp-json\/wp\/v2\/posts\/13218\/revisions"}],"wp:featuredmedia":[{"embeddable":true,"href":"https:\/\/archiviocassano.lavocedelpaese.info\/index.php\/wp-json\/wp\/v2\/media\/13217"}],"wp:attachment":[{"href":"https:\/\/archiviocassano.lavocedelpaese.info\/index.php\/wp-json\/wp\/v2\/media?parent=13218"}],"wp:term":[{"taxonomy":"category","embeddable":true,"href":"https:\/\/archiviocassano.lavocedelpaese.info\/index.php\/wp-json\/wp\/v2\/categories?post=13218"},{"taxonomy":"post_tag","embeddable":true,"href":"https:\/\/archiviocassano.lavocedelpaese.info\/index.php\/wp-json\/wp\/v2\/tags?post=13218"}],"curies":[{"name":"wp","href":"https:\/\/api.w.org\/{rel}","templated":true}]}}