{"id":13235,"date":"2016-10-30T08:50:44","date_gmt":"2016-10-30T08:50:44","guid":{"rendered":"https:\/\/archiviocassano.lavocedelpaese.info\/index.php\/2016\/10\/30\/presentato-a-cassano-il-libro-donne-e-arte-in-carcere-prodotto-e-curato-dalla-cgil-bari\/"},"modified":"2016-10-30T08:50:44","modified_gmt":"2016-10-30T08:50:44","slug":"presentato-a-cassano-il-libro-donne-e-arte-in-carcere-prodotto-e-curato-dalla-cgil-bari","status":"publish","type":"post","link":"https:\/\/archiviocassano.lavocedelpaese.info\/index.php\/2016\/10\/30\/presentato-a-cassano-il-libro-donne-e-arte-in-carcere-prodotto-e-curato-dalla-cgil-bari\/","title":{"rendered":"Presentato a Cassano il libro \u201cDonne e Arte in Carcere\u201d"},"content":{"rendered":"<p style=\"text-align: justify;\"><img loading=\"lazy\" decoding=\"async\" class=\" size-full wp-image-13233\" src=\"https:\/\/archiviocassano.lavocedelpaese.info\/wp-content\/uploads\/2016\/10\/donne_e_arte_in_carcere_1.jpg\" alt=\"donne e arte in carcere 1\" height=\"150\" width=\"320\" \/><\/p>\n<p><!--more--><\/p>\n<p>&nbsp;<\/p>\n<p style=\"text-align: justify;\">Ogni anno per l\u20198 marzo le donne della CGIL Bari si riuniscono per decidere che attivit\u00e0 o evento organizzare, qualcosa che faccia riflettere sulla condizione delle donne, tutte le donne.<\/p>\n<p style=\"text-align: justify;\">Cos\u00ec nasce il progetto di scrittura creativa \u201cDonne e Arte in Carcere\u201d, come spiega Anna Lepore della CGIL Bari: tre anni fa, durante questo incontro, le donne della CGIL si sono chieste come vivono, cosa fanno, con che realt\u00e0 si fronteggiano le donne detenute,&nbsp; ma anche \u201cche cosa possiamo offrire noi a &nbsp;loro?\u201d.<\/p>\n<p style=\"text-align: justify;\">Le risposte a tutte queste domande hanno portato verso un\u2019unica strada: la scrittura, \u201cle parole sono libere, escono da dentro e vanno verso l\u2019esterno, qualunque esterno, superano barriere, porte e cancelli\u201d, continua ancora Anna Lepore. Il libro, che inizialmente non era stato pensato o progettato, \u00e8 stata la naturale conseguenza di un progetto che ha come scopo quello di trasmettere alle donne che \u201cvivono fuori\u201d, le emozioni, i sogni, le aspirazioni e la condizione delle donne detenute.<\/p>\n<p style=\"text-align: justify;\">Il progetto, che ha trovato subito l\u2019appoggio della vicedirettrice della Casa Circondariale di Bari, Valeria Pir\u00e8, \u00e8 stata un\u2019esperienza intensa per le donne che hanno partecipato, come racconta Anna Francabandiera, del Dipartimento welfare CGIL Bari,&nbsp; che spiega come l\u2019incontro con queste \u201cdonne sino ad ora invisibili\u201d, \u00e8 stato per lei anche un momento di riflessione sia personale che sociale: \u201ccome parlare a queste donne? Come entrare in relazione con loro?\u201d<\/p>\n<p style=\"text-align: justify;\">La presentazione \u00e8 stata anche un momento di riflessione sulla condizione delle donne detenute, infatti, come osserva l\u2019avvocata e presidentessa dell\u2019associazione \u201cNo more- Difesa donna\u201d, Raffaella Casamassima, il sistema penitenziario \u00e8 pensato al maschile, quindi \u201ccome si inserisce la vita delle detenute donne\u201d?&nbsp; La realt\u00e0 delle donne e quella degli uomini \u00e8 molto diversa, hanno esigenze igieniche diverse, condizioni di salute diverse e soprattutto molte donne devono confrontarsi con l\u2019esperienza della maternit\u00e0. Proprio la maternit\u00e0 in carcere \u00e8 stato un tema cardine della presentazione, l\u2019Avv.ta Roberta Schiralli ha infatti parlato della complessit\u00e0 della maternit\u00e0 dietro le sbarre, sia per quelle donne che hanno i figli con loro, sia per quelle che hanno i figli fuori: \u201cl\u2019infanzia e il carcere sono due mondi inconciliabili\u201d, i figli che vivono in carcere con le madri sono dei veri e proprio \u201cpiccoli detenuti\u201d e ovviamente questa condizione, prosegue l\u2019avvocata, non pu\u00f2 non avere ripercussioni fisiche e psichiche su un bambino.<\/p>\n<p style=\"text-align: justify;\">\u201cDonne e Arte in Carcere\u201d \u00e8 un dipinto di quelle che sono \u201cdonne invisibili\u201d, donne che hanno espresso con quelle parole tutto il loro mondo, le loro paure, sofferenze, sogni, donne che vivono, come dice Anna Lepore, in un tempo sospeso tra passato e futuro.&nbsp;<\/p>\n<p style=\"text-align: justify;\">&nbsp;<\/p>\n<p style=\"text-align: center;\"><img loading=\"lazy\" decoding=\"async\" class=\" size-full wp-image-13234\" src=\"https:\/\/archiviocassano.lavocedelpaese.info\/wp-content\/uploads\/2016\/10\/donne_e_arte_in_carcere_2.jpg\" alt=\"donne e arte in carcere 2\" style=\"margin-right: 2px; margin-left: 2px;\" width=\"700\" height=\"475\" srcset=\"https:\/\/archiviocassano.lavocedelpaese.info\/wp-content\/uploads\/2016\/10\/donne_e_arte_in_carcere_2.jpg 700w, https:\/\/archiviocassano.lavocedelpaese.info\/wp-content\/uploads\/2016\/10\/donne_e_arte_in_carcere_2-300x204.jpg 300w\" sizes=\"auto, (max-width: 700px) 100vw, 700px\" \/><\/p>\n<p>&nbsp;<\/p>\n<p>&nbsp;<\/p>\n","protected":false},"excerpt":{"rendered":"","protected":false},"author":1,"featured_media":13233,"comment_status":"open","ping_status":"closed","sticky":false,"template":"","format":"standard","meta":{"colormag_page_container_layout":"default_layout","colormag_page_sidebar_layout":"default_layout","footnotes":""},"categories":[6],"tags":[],"class_list":["post-13235","post","type-post","status-publish","format-standard","has-post-thumbnail","hentry","category-cultura"],"yoast_head":"<!-- This site is optimized with the Yoast SEO plugin v27.5 - https:\/\/yoast.com\/product\/yoast-seo-wordpress\/ -->\n<title>Presentato a Cassano il libro \u201cDonne e Arte in Carcere\u201d - Archivio CassanoWeb<\/title>\n<meta name=\"robots\" content=\"index, follow, max-snippet:-1, max-image-preview:large, max-video-preview:-1\" \/>\n<link rel=\"canonical\" href=\"https:\/\/archiviocassano.lavocedelpaese.info\/index.php\/2016\/10\/30\/presentato-a-cassano-il-libro-donne-e-arte-in-carcere-prodotto-e-curato-dalla-cgil-bari\/\" \/>\n<meta property=\"og:locale\" content=\"it_IT\" \/>\n<meta property=\"og:type\" content=\"article\" \/>\n<meta property=\"og:title\" content=\"Presentato a Cassano il libro \u201cDonne e Arte in Carcere\u201d - Archivio CassanoWeb\" \/>\n<meta property=\"og:url\" content=\"https:\/\/archiviocassano.lavocedelpaese.info\/index.php\/2016\/10\/30\/presentato-a-cassano-il-libro-donne-e-arte-in-carcere-prodotto-e-curato-dalla-cgil-bari\/\" \/>\n<meta property=\"og:site_name\" content=\"Archivio CassanoWeb\" \/>\n<meta property=\"article:publisher\" content=\"https:\/\/www.facebook.com\/redazione.cassanoweb\" \/>\n<meta property=\"article:published_time\" content=\"2016-10-30T08:50:44+00:00\" \/>\n<meta property=\"og:image\" content=\"https:\/\/archiviocassano.lavocedelpaese.info\/wp-content\/uploads\/2016\/10\/donne_e_arte_in_carcere_1.jpg\" \/>\n\t<meta property=\"og:image:width\" content=\"600\" \/>\n\t<meta property=\"og:image:height\" content=\"291\" \/>\n\t<meta property=\"og:image:type\" content=\"image\/jpeg\" \/>\n<meta name=\"author\" content=\"admin\" \/>\n<meta name=\"twitter:card\" content=\"summary_large_image\" \/>\n<meta name=\"twitter:label1\" content=\"Scritto da\" \/>\n\t<meta name=\"twitter:data1\" content=\"admin\" \/>\n\t<meta name=\"twitter:label2\" content=\"Tempo di lettura stimato\" \/>\n\t<meta name=\"twitter:data2\" content=\"2 minuti\" \/>\n<script type=\"application\/ld+json\" class=\"yoast-schema-graph\">{\"@context\":\"https:\\\/\\\/schema.org\",\"@graph\":[{\"@type\":\"Article\",\"@id\":\"https:\\\/\\\/archiviocassano.lavocedelpaese.info\\\/index.php\\\/2016\\\/10\\\/30\\\/presentato-a-cassano-il-libro-donne-e-arte-in-carcere-prodotto-e-curato-dalla-cgil-bari\\\/#article\",\"isPartOf\":{\"@id\":\"https:\\\/\\\/archiviocassano.lavocedelpaese.info\\\/index.php\\\/2016\\\/10\\\/30\\\/presentato-a-cassano-il-libro-donne-e-arte-in-carcere-prodotto-e-curato-dalla-cgil-bari\\\/\"},\"author\":{\"name\":\"admin\",\"@id\":\"https:\\\/\\\/archiviocassano.lavocedelpaese.info\\\/#\\\/schema\\\/person\\\/df195bc79a9b4c35127cf005f92e041b\"},\"headline\":\"Presentato a Cassano il libro \u201cDonne e Arte in Carcere\u201d\",\"datePublished\":\"2016-10-30T08:50:44+00:00\",\"mainEntityOfPage\":{\"@id\":\"https:\\\/\\\/archiviocassano.lavocedelpaese.info\\\/index.php\\\/2016\\\/10\\\/30\\\/presentato-a-cassano-il-libro-donne-e-arte-in-carcere-prodotto-e-curato-dalla-cgil-bari\\\/\"},\"wordCount\":454,\"commentCount\":0,\"publisher\":{\"@id\":\"https:\\\/\\\/archiviocassano.lavocedelpaese.info\\\/#organization\"},\"image\":{\"@id\":\"https:\\\/\\\/archiviocassano.lavocedelpaese.info\\\/index.php\\\/2016\\\/10\\\/30\\\/presentato-a-cassano-il-libro-donne-e-arte-in-carcere-prodotto-e-curato-dalla-cgil-bari\\\/#primaryimage\"},\"thumbnailUrl\":\"https:\\\/\\\/archiviocassano.lavocedelpaese.info\\\/wp-content\\\/uploads\\\/2016\\\/10\\\/donne_e_arte_in_carcere_1.jpg\",\"articleSection\":[\"Cultura\"],\"inLanguage\":\"it-IT\",\"potentialAction\":[{\"@type\":\"CommentAction\",\"name\":\"Comment\",\"target\":[\"https:\\\/\\\/archiviocassano.lavocedelpaese.info\\\/index.php\\\/2016\\\/10\\\/30\\\/presentato-a-cassano-il-libro-donne-e-arte-in-carcere-prodotto-e-curato-dalla-cgil-bari\\\/#respond\"]}]},{\"@type\":\"WebPage\",\"@id\":\"https:\\\/\\\/archiviocassano.lavocedelpaese.info\\\/index.php\\\/2016\\\/10\\\/30\\\/presentato-a-cassano-il-libro-donne-e-arte-in-carcere-prodotto-e-curato-dalla-cgil-bari\\\/\",\"url\":\"https:\\\/\\\/archiviocassano.lavocedelpaese.info\\\/index.php\\\/2016\\\/10\\\/30\\\/presentato-a-cassano-il-libro-donne-e-arte-in-carcere-prodotto-e-curato-dalla-cgil-bari\\\/\",\"name\":\"Presentato a Cassano il libro \u201cDonne e Arte in Carcere\u201d - Archivio CassanoWeb\",\"isPartOf\":{\"@id\":\"https:\\\/\\\/archiviocassano.lavocedelpaese.info\\\/#website\"},\"primaryImageOfPage\":{\"@id\":\"https:\\\/\\\/archiviocassano.lavocedelpaese.info\\\/index.php\\\/2016\\\/10\\\/30\\\/presentato-a-cassano-il-libro-donne-e-arte-in-carcere-prodotto-e-curato-dalla-cgil-bari\\\/#primaryimage\"},\"image\":{\"@id\":\"https:\\\/\\\/archiviocassano.lavocedelpaese.info\\\/index.php\\\/2016\\\/10\\\/30\\\/presentato-a-cassano-il-libro-donne-e-arte-in-carcere-prodotto-e-curato-dalla-cgil-bari\\\/#primaryimage\"},\"thumbnailUrl\":\"https:\\\/\\\/archiviocassano.lavocedelpaese.info\\\/wp-content\\\/uploads\\\/2016\\\/10\\\/donne_e_arte_in_carcere_1.jpg\",\"datePublished\":\"2016-10-30T08:50:44+00:00\",\"breadcrumb\":{\"@id\":\"https:\\\/\\\/archiviocassano.lavocedelpaese.info\\\/index.php\\\/2016\\\/10\\\/30\\\/presentato-a-cassano-il-libro-donne-e-arte-in-carcere-prodotto-e-curato-dalla-cgil-bari\\\/#breadcrumb\"},\"inLanguage\":\"it-IT\",\"potentialAction\":[{\"@type\":\"ReadAction\",\"target\":[\"https:\\\/\\\/archiviocassano.lavocedelpaese.info\\\/index.php\\\/2016\\\/10\\\/30\\\/presentato-a-cassano-il-libro-donne-e-arte-in-carcere-prodotto-e-curato-dalla-cgil-bari\\\/\"]}]},{\"@type\":\"ImageObject\",\"inLanguage\":\"it-IT\",\"@id\":\"https:\\\/\\\/archiviocassano.lavocedelpaese.info\\\/index.php\\\/2016\\\/10\\\/30\\\/presentato-a-cassano-il-libro-donne-e-arte-in-carcere-prodotto-e-curato-dalla-cgil-bari\\\/#primaryimage\",\"url\":\"https:\\\/\\\/archiviocassano.lavocedelpaese.info\\\/wp-content\\\/uploads\\\/2016\\\/10\\\/donne_e_arte_in_carcere_1.jpg\",\"contentUrl\":\"https:\\\/\\\/archiviocassano.lavocedelpaese.info\\\/wp-content\\\/uploads\\\/2016\\\/10\\\/donne_e_arte_in_carcere_1.jpg\",\"width\":600,\"height\":291,\"caption\":\"donne e arte in carcere 1\"},{\"@type\":\"BreadcrumbList\",\"@id\":\"https:\\\/\\\/archiviocassano.lavocedelpaese.info\\\/index.php\\\/2016\\\/10\\\/30\\\/presentato-a-cassano-il-libro-donne-e-arte-in-carcere-prodotto-e-curato-dalla-cgil-bari\\\/#breadcrumb\",\"itemListElement\":[{\"@type\":\"ListItem\",\"position\":1,\"name\":\"Home\",\"item\":\"https:\\\/\\\/archiviocassano.lavocedelpaese.info\\\/\"},{\"@type\":\"ListItem\",\"position\":2,\"name\":\"Presentato a Cassano il libro \u201cDonne e Arte in Carcere\u201d\"}]},{\"@type\":\"WebSite\",\"@id\":\"https:\\\/\\\/archiviocassano.lavocedelpaese.info\\\/#website\",\"url\":\"https:\\\/\\\/archiviocassano.lavocedelpaese.info\\\/\",\"name\":\"Archivio CassanoWeb\",\"description\":\"La Voce del Paese - un network di idee\",\"publisher\":{\"@id\":\"https:\\\/\\\/archiviocassano.lavocedelpaese.info\\\/#organization\"},\"potentialAction\":[{\"@type\":\"SearchAction\",\"target\":{\"@type\":\"EntryPoint\",\"urlTemplate\":\"https:\\\/\\\/archiviocassano.lavocedelpaese.info\\\/?s={search_term_string}\"},\"query-input\":{\"@type\":\"PropertyValueSpecification\",\"valueRequired\":true,\"valueName\":\"search_term_string\"}}],\"inLanguage\":\"it-IT\"},{\"@type\":\"Organization\",\"@id\":\"https:\\\/\\\/archiviocassano.lavocedelpaese.info\\\/#organization\",\"name\":\"Archivio CassanoWeb\",\"url\":\"https:\\\/\\\/archiviocassano.lavocedelpaese.info\\\/\",\"logo\":{\"@type\":\"ImageObject\",\"inLanguage\":\"it-IT\",\"@id\":\"https:\\\/\\\/archiviocassano.lavocedelpaese.info\\\/#\\\/schema\\\/logo\\\/image\\\/\",\"url\":\"https:\\\/\\\/archiviocassano.lavocedelpaese.info\\\/wp-content\\\/uploads\\\/2024\\\/08\\\/logo-rosso-2.png\",\"contentUrl\":\"https:\\\/\\\/archiviocassano.lavocedelpaese.info\\\/wp-content\\\/uploads\\\/2024\\\/08\\\/logo-rosso-2.png\",\"width\":491,\"height\":432,\"caption\":\"Archivio CassanoWeb\"},\"image\":{\"@id\":\"https:\\\/\\\/archiviocassano.lavocedelpaese.info\\\/#\\\/schema\\\/logo\\\/image\\\/\"},\"sameAs\":[\"https:\\\/\\\/www.facebook.com\\\/redazione.cassanoweb\"]},{\"@type\":\"Person\",\"@id\":\"https:\\\/\\\/archiviocassano.lavocedelpaese.info\\\/#\\\/schema\\\/person\\\/df195bc79a9b4c35127cf005f92e041b\",\"name\":\"admin\",\"image\":{\"@type\":\"ImageObject\",\"inLanguage\":\"it-IT\",\"@id\":\"https:\\\/\\\/secure.gravatar.com\\\/avatar\\\/eabba89a432e8eaa1b0207cc55f7e5340b22712b1ed80677efcf63e02ff5b235?s=96&d=mm&r=g\",\"url\":\"https:\\\/\\\/secure.gravatar.com\\\/avatar\\\/eabba89a432e8eaa1b0207cc55f7e5340b22712b1ed80677efcf63e02ff5b235?s=96&d=mm&r=g\",\"contentUrl\":\"https:\\\/\\\/secure.gravatar.com\\\/avatar\\\/eabba89a432e8eaa1b0207cc55f7e5340b22712b1ed80677efcf63e02ff5b235?s=96&d=mm&r=g\",\"caption\":\"admin\"},\"sameAs\":[\"https:\\\/\\\/archiviocassano.lavocedelpaese.info\"],\"url\":\"https:\\\/\\\/archiviocassano.lavocedelpaese.info\\\/index.php\\\/author\\\/admin_0qgz1xdp\\\/\"}]}<\/script>\n<!-- \/ Yoast SEO plugin. -->","yoast_head_json":{"title":"Presentato a Cassano il libro \u201cDonne e Arte in Carcere\u201d - Archivio CassanoWeb","robots":{"index":"index","follow":"follow","max-snippet":"max-snippet:-1","max-image-preview":"max-image-preview:large","max-video-preview":"max-video-preview:-1"},"canonical":"https:\/\/archiviocassano.lavocedelpaese.info\/index.php\/2016\/10\/30\/presentato-a-cassano-il-libro-donne-e-arte-in-carcere-prodotto-e-curato-dalla-cgil-bari\/","og_locale":"it_IT","og_type":"article","og_title":"Presentato a Cassano il libro \u201cDonne e Arte in Carcere\u201d - Archivio CassanoWeb","og_url":"https:\/\/archiviocassano.lavocedelpaese.info\/index.php\/2016\/10\/30\/presentato-a-cassano-il-libro-donne-e-arte-in-carcere-prodotto-e-curato-dalla-cgil-bari\/","og_site_name":"Archivio CassanoWeb","article_publisher":"https:\/\/www.facebook.com\/redazione.cassanoweb","article_published_time":"2016-10-30T08:50:44+00:00","og_image":[{"width":600,"height":291,"url":"https:\/\/archiviocassano.lavocedelpaese.info\/wp-content\/uploads\/2016\/10\/donne_e_arte_in_carcere_1.jpg","type":"image\/jpeg"}],"author":"admin","twitter_card":"summary_large_image","twitter_misc":{"Scritto da":"admin","Tempo di lettura stimato":"2 minuti"},"schema":{"@context":"https:\/\/schema.org","@graph":[{"@type":"Article","@id":"https:\/\/archiviocassano.lavocedelpaese.info\/index.php\/2016\/10\/30\/presentato-a-cassano-il-libro-donne-e-arte-in-carcere-prodotto-e-curato-dalla-cgil-bari\/#article","isPartOf":{"@id":"https:\/\/archiviocassano.lavocedelpaese.info\/index.php\/2016\/10\/30\/presentato-a-cassano-il-libro-donne-e-arte-in-carcere-prodotto-e-curato-dalla-cgil-bari\/"},"author":{"name":"admin","@id":"https:\/\/archiviocassano.lavocedelpaese.info\/#\/schema\/person\/df195bc79a9b4c35127cf005f92e041b"},"headline":"Presentato a Cassano il libro \u201cDonne e Arte in Carcere\u201d","datePublished":"2016-10-30T08:50:44+00:00","mainEntityOfPage":{"@id":"https:\/\/archiviocassano.lavocedelpaese.info\/index.php\/2016\/10\/30\/presentato-a-cassano-il-libro-donne-e-arte-in-carcere-prodotto-e-curato-dalla-cgil-bari\/"},"wordCount":454,"commentCount":0,"publisher":{"@id":"https:\/\/archiviocassano.lavocedelpaese.info\/#organization"},"image":{"@id":"https:\/\/archiviocassano.lavocedelpaese.info\/index.php\/2016\/10\/30\/presentato-a-cassano-il-libro-donne-e-arte-in-carcere-prodotto-e-curato-dalla-cgil-bari\/#primaryimage"},"thumbnailUrl":"https:\/\/archiviocassano.lavocedelpaese.info\/wp-content\/uploads\/2016\/10\/donne_e_arte_in_carcere_1.jpg","articleSection":["Cultura"],"inLanguage":"it-IT","potentialAction":[{"@type":"CommentAction","name":"Comment","target":["https:\/\/archiviocassano.lavocedelpaese.info\/index.php\/2016\/10\/30\/presentato-a-cassano-il-libro-donne-e-arte-in-carcere-prodotto-e-curato-dalla-cgil-bari\/#respond"]}]},{"@type":"WebPage","@id":"https:\/\/archiviocassano.lavocedelpaese.info\/index.php\/2016\/10\/30\/presentato-a-cassano-il-libro-donne-e-arte-in-carcere-prodotto-e-curato-dalla-cgil-bari\/","url":"https:\/\/archiviocassano.lavocedelpaese.info\/index.php\/2016\/10\/30\/presentato-a-cassano-il-libro-donne-e-arte-in-carcere-prodotto-e-curato-dalla-cgil-bari\/","name":"Presentato a Cassano il libro \u201cDonne e Arte in Carcere\u201d - Archivio CassanoWeb","isPartOf":{"@id":"https:\/\/archiviocassano.lavocedelpaese.info\/#website"},"primaryImageOfPage":{"@id":"https:\/\/archiviocassano.lavocedelpaese.info\/index.php\/2016\/10\/30\/presentato-a-cassano-il-libro-donne-e-arte-in-carcere-prodotto-e-curato-dalla-cgil-bari\/#primaryimage"},"image":{"@id":"https:\/\/archiviocassano.lavocedelpaese.info\/index.php\/2016\/10\/30\/presentato-a-cassano-il-libro-donne-e-arte-in-carcere-prodotto-e-curato-dalla-cgil-bari\/#primaryimage"},"thumbnailUrl":"https:\/\/archiviocassano.lavocedelpaese.info\/wp-content\/uploads\/2016\/10\/donne_e_arte_in_carcere_1.jpg","datePublished":"2016-10-30T08:50:44+00:00","breadcrumb":{"@id":"https:\/\/archiviocassano.lavocedelpaese.info\/index.php\/2016\/10\/30\/presentato-a-cassano-il-libro-donne-e-arte-in-carcere-prodotto-e-curato-dalla-cgil-bari\/#breadcrumb"},"inLanguage":"it-IT","potentialAction":[{"@type":"ReadAction","target":["https:\/\/archiviocassano.lavocedelpaese.info\/index.php\/2016\/10\/30\/presentato-a-cassano-il-libro-donne-e-arte-in-carcere-prodotto-e-curato-dalla-cgil-bari\/"]}]},{"@type":"ImageObject","inLanguage":"it-IT","@id":"https:\/\/archiviocassano.lavocedelpaese.info\/index.php\/2016\/10\/30\/presentato-a-cassano-il-libro-donne-e-arte-in-carcere-prodotto-e-curato-dalla-cgil-bari\/#primaryimage","url":"https:\/\/archiviocassano.lavocedelpaese.info\/wp-content\/uploads\/2016\/10\/donne_e_arte_in_carcere_1.jpg","contentUrl":"https:\/\/archiviocassano.lavocedelpaese.info\/wp-content\/uploads\/2016\/10\/donne_e_arte_in_carcere_1.jpg","width":600,"height":291,"caption":"donne e arte in carcere 1"},{"@type":"BreadcrumbList","@id":"https:\/\/archiviocassano.lavocedelpaese.info\/index.php\/2016\/10\/30\/presentato-a-cassano-il-libro-donne-e-arte-in-carcere-prodotto-e-curato-dalla-cgil-bari\/#breadcrumb","itemListElement":[{"@type":"ListItem","position":1,"name":"Home","item":"https:\/\/archiviocassano.lavocedelpaese.info\/"},{"@type":"ListItem","position":2,"name":"Presentato a Cassano il libro \u201cDonne e Arte in Carcere\u201d"}]},{"@type":"WebSite","@id":"https:\/\/archiviocassano.lavocedelpaese.info\/#website","url":"https:\/\/archiviocassano.lavocedelpaese.info\/","name":"Archivio CassanoWeb","description":"La Voce del Paese - un network di idee","publisher":{"@id":"https:\/\/archiviocassano.lavocedelpaese.info\/#organization"},"potentialAction":[{"@type":"SearchAction","target":{"@type":"EntryPoint","urlTemplate":"https:\/\/archiviocassano.lavocedelpaese.info\/?s={search_term_string}"},"query-input":{"@type":"PropertyValueSpecification","valueRequired":true,"valueName":"search_term_string"}}],"inLanguage":"it-IT"},{"@type":"Organization","@id":"https:\/\/archiviocassano.lavocedelpaese.info\/#organization","name":"Archivio CassanoWeb","url":"https:\/\/archiviocassano.lavocedelpaese.info\/","logo":{"@type":"ImageObject","inLanguage":"it-IT","@id":"https:\/\/archiviocassano.lavocedelpaese.info\/#\/schema\/logo\/image\/","url":"https:\/\/archiviocassano.lavocedelpaese.info\/wp-content\/uploads\/2024\/08\/logo-rosso-2.png","contentUrl":"https:\/\/archiviocassano.lavocedelpaese.info\/wp-content\/uploads\/2024\/08\/logo-rosso-2.png","width":491,"height":432,"caption":"Archivio CassanoWeb"},"image":{"@id":"https:\/\/archiviocassano.lavocedelpaese.info\/#\/schema\/logo\/image\/"},"sameAs":["https:\/\/www.facebook.com\/redazione.cassanoweb"]},{"@type":"Person","@id":"https:\/\/archiviocassano.lavocedelpaese.info\/#\/schema\/person\/df195bc79a9b4c35127cf005f92e041b","name":"admin","image":{"@type":"ImageObject","inLanguage":"it-IT","@id":"https:\/\/secure.gravatar.com\/avatar\/eabba89a432e8eaa1b0207cc55f7e5340b22712b1ed80677efcf63e02ff5b235?s=96&d=mm&r=g","url":"https:\/\/secure.gravatar.com\/avatar\/eabba89a432e8eaa1b0207cc55f7e5340b22712b1ed80677efcf63e02ff5b235?s=96&d=mm&r=g","contentUrl":"https:\/\/secure.gravatar.com\/avatar\/eabba89a432e8eaa1b0207cc55f7e5340b22712b1ed80677efcf63e02ff5b235?s=96&d=mm&r=g","caption":"admin"},"sameAs":["https:\/\/archiviocassano.lavocedelpaese.info"],"url":"https:\/\/archiviocassano.lavocedelpaese.info\/index.php\/author\/admin_0qgz1xdp\/"}]}},"_links":{"self":[{"href":"https:\/\/archiviocassano.lavocedelpaese.info\/index.php\/wp-json\/wp\/v2\/posts\/13235","targetHints":{"allow":["GET"]}}],"collection":[{"href":"https:\/\/archiviocassano.lavocedelpaese.info\/index.php\/wp-json\/wp\/v2\/posts"}],"about":[{"href":"https:\/\/archiviocassano.lavocedelpaese.info\/index.php\/wp-json\/wp\/v2\/types\/post"}],"author":[{"embeddable":true,"href":"https:\/\/archiviocassano.lavocedelpaese.info\/index.php\/wp-json\/wp\/v2\/users\/1"}],"replies":[{"embeddable":true,"href":"https:\/\/archiviocassano.lavocedelpaese.info\/index.php\/wp-json\/wp\/v2\/comments?post=13235"}],"version-history":[{"count":0,"href":"https:\/\/archiviocassano.lavocedelpaese.info\/index.php\/wp-json\/wp\/v2\/posts\/13235\/revisions"}],"wp:featuredmedia":[{"embeddable":true,"href":"https:\/\/archiviocassano.lavocedelpaese.info\/index.php\/wp-json\/wp\/v2\/media\/13233"}],"wp:attachment":[{"href":"https:\/\/archiviocassano.lavocedelpaese.info\/index.php\/wp-json\/wp\/v2\/media?parent=13235"}],"wp:term":[{"taxonomy":"category","embeddable":true,"href":"https:\/\/archiviocassano.lavocedelpaese.info\/index.php\/wp-json\/wp\/v2\/categories?post=13235"},{"taxonomy":"post_tag","embeddable":true,"href":"https:\/\/archiviocassano.lavocedelpaese.info\/index.php\/wp-json\/wp\/v2\/tags?post=13235"}],"curies":[{"name":"wp","href":"https:\/\/api.w.org\/{rel}","templated":true}]}}