{"id":13396,"date":"2016-12-02T16:41:42","date_gmt":"2016-12-02T16:41:42","guid":{"rendered":"https:\/\/archiviocassano.lavocedelpaese.info\/index.php\/2016\/12\/02\/iniziativa-per-il-maggre-mario-rossani-alcune-precisazioni-del-presidente-della-fondazione-qalbenzio-patrinoq\/"},"modified":"2016-12-02T16:41:42","modified_gmt":"2016-12-02T16:41:42","slug":"iniziativa-per-il-maggre-mario-rossani-alcune-precisazioni-del-presidente-della-fondazione-qalbenzio-patrinoq","status":"publish","type":"post","link":"https:\/\/archiviocassano.lavocedelpaese.info\/index.php\/2016\/12\/02\/iniziativa-per-il-maggre-mario-rossani-alcune-precisazioni-del-presidente-della-fondazione-qalbenzio-patrinoq\/","title":{"rendered":"Il Presidente Giustino sull&#8217;iniziativa per Rossani"},"content":{"rendered":"<p style=\"text-align: justify;\"><img loading=\"lazy\" decoding=\"async\" class=\" size-full wp-image-8253\" src=\"https:\/\/archiviocassano.lavocedelpaese.info\/wp-content\/uploads\/2013\/10\/Francesco_Giustino_piccola.jpg\" alt=\"Francesco Giustino piccola\" height=\"150\" width=\"320\" \/><\/p>\n<p><!--more--><\/p>\n<p>&nbsp;<\/p>\n<div dir=\"auto\">Gentile Direttore,<\/div>\n<div dir=\"auto\">&nbsp;<\/div>\n<div dir=\"auto\">La prego di volermi concedere un piccolo spazio per fornire alcuni chiarimenti in ordine all&#8217;evento di domani sera ed all&#8217;equivoco che si \u00e8 venuto a determinare. Suo tramite, mi rivolgo al dott. Salvatore Caponio che ha formulato delle doglianze &#8211; immotivate, a parere dello scrivente &#8211; che lo hanno indotto a sentirsi escluso e persino a rivolgere la medesima accusa alla testata. Non ho dubbi sul fatto che il dott. Caponio sia in buona fede, ma un temperamento reattivo &#8211; complice la mia assenza da Cassano, sono appena rientrato da una missione internazionale per conto della mia amministrazione, che pu\u00f2 aver determinato l&#8217;idea di un disinteresse &#8211; e qualche inefficienza comunicativa lo hanno indotto in errore. Allora, ricapitoliamo. Gentile dott. Caponio, caro Salvino, Ti dico dopo perch\u00e9 sono costretto a risponderti in pubblico. Mi spiace davvero per il malinteso, per\u00f2 obiettivamente Tu ci hai messo del tuo. Ti dico perch\u00e9, sono sicuro che mi comprenderai.<\/div>\n<div dir=\"auto\">&nbsp;<\/div>\n<div dir=\"auto\">1. La Fondazione Albenzio Patrino di cultura e cooperazione europea, che presiedo, &nbsp;non ha certo l&#8217;esclusiva per le Commemorazioni di Rossani. Essa si pone con umilt\u00e0 di fronte alla storia ed alla comunit\u00e0.<\/div>\n<div dir=\"auto\">&nbsp;<\/div>\n<div dir=\"auto\">2. L&#8217;evento del giorno 3 dicembre p.v., \u00e8 una breve commemorazione nella cui occasione si presenter\u00e0 questa cooperazione culturale con la Cantina Sociale. Si tratta di un evento di breve durata, che sar\u00e0 replicata in altre citt\u00e0. Un breve cenno storico (ho detto storico, non agiografico) con qualche riflessione di uno storico (che \u00e8 anche Consigliere della Fondazione), un brevissimo cenno a quello che la Fondazione far\u00e0 nei prossimi mesi, una breve presentazione dell&#8217;edizione limitata di bottiglie di vino dedicata al Maggiore Rossani. NON si tratta di un convegno di storici, n\u00e9 di biografi di Eroi. \u00c8 solo un evento per informare la comunit\u00e0, nel quadro del centenario della Grande Guerra, che vi \u00e8 una mobilitazione spirituale e culturale in seno alla stessa comunit\u00e0 animata dalla Fondazione che \u00e8 parte integrante della medesima comunit\u00e0. Tutto qua.<\/div>\n<div dir=\"auto\">&nbsp;<\/div>\n<div dir=\"auto\">3. Ovviamente lo scrivente sa bene che il dott. Caponio sta lavorando da circa un anno alla preparazione di un atto biografia dell\u2019Eroe cassanese: non credo che Tu abbia dimenticato che lo scrivente ha creato e favorito il tuo contatto con la famiglia Rossani, proprio per agevolare il lavoro di ricerca che Tu mi avevi annunciato di volerti accingere.<\/div>\n<div dir=\"auto\">&nbsp;<\/div>\n<div dir=\"auto\">4. Come ho scritto sopra, io purtroppo vivo tra Roma e alcune sedi europee: non posso curare capillarmente gli inviti. Oltretutto, sapendo che tu non vivi a Cassano, mi \u00e8 sembrato eccessivo scomodarti (se non erro vivi nel brindisino). Ancor di pi\u00f9: sono stati veicolate solo una decina di email, affidandoci alla comunicazione ospitata dalle testate locali online e da alcuni manifesti e volantini in citt\u00e0. Pretendere un invito ufficiale, comprenderai, appare un piccolo capriccio (non prendertela, \u00e8 colpa mia, non trovo parole pi\u00f9 tenui) attesa la quasi informalita dell\u2019evento. Bene ha fatto quindi, il dott. Vincenzo Gentile a veicolare l\u2019invito e l\u2019informazione anche a te: non posso arrivare a fare tutto. Qui tutti sono invitati e tutti possono invitare tutti: Mario Rossani ci unisce, non vi sono dominii o esclusive. Ringrazio quindi anche io Vincenzo Gentile per aver pensato ad invitare Te e chiunque riterr\u00e0 opportuno invitare.<\/div>\n<div dir=\"auto\">&nbsp;<\/div>\n<div dir=\"auto\">5. Non ho nemmeno invitato, se \u00e8 per questo, nemmeno la Famiglia Rossani (che vive in una citt\u00e0 del Nord) a cui per\u00f2 ho fatto recapitare alcune bottiglie per averne una sorta di \u201cbenedizione\u201d, prima di presentarlo.<\/div>\n<div dir=\"auto\">&nbsp;<\/div>\n<div dir=\"auto\">6. Ovviamente, ovviamente ci fai perdere l\u2019effetto sorpresa. Il tuo lavoro \u00e8 infatti nel novero delle cose che sono in programma. E dato che immagino tu stia preparando qualcosa di importante e di serio penso che sarebbe stato giusto che questo si manifestasse in modo congruo e adeguato: con una iniziativa appropriata e dedicata. Venir fuori in questo modo toglie compostezza al tuo stesso lavoro. Credimi. E, credimi ancora, non te ne voglio per questo.<\/div>\n<div dir=\"auto\">&nbsp;<\/div>\n<div dir=\"auto\">&nbsp;7. Ora veniamo a qualche nota appena pi\u00f9 dolente anche per me. Prima di tutto la testata online che ospita questo nostro incontro epistolare. Avrai anche Tu intuito che il Direttore, lungi dal voler censurare alcunch\u00e9, ha solo voluto attutire la portata polemica, filtrando solo per prudenza l\u2019invettiva. Prendiamola entrambi come lezione di quanto sia difficile gestire e dirigere questo strumento: se ci stai, presentiamo &#8211; mi ci metto anche io &#8211; le scuse al Direttore e ai lettori. E poi c\u2019\u00e8 la contestazione alla Fondazione. Ti prego, sforzati di comprendere che l\u2019hai chiamata ingiustamente, immeritatamente, in causa. Preferisco che ce la si prenda con me. La Fondazione fa uno sforzo economico e organizzativo per garantire tensione alla qualit\u00e0 culturale della citt\u00e0 e del territorio: andrebbe aiutata, non avvilita. \u00c8 proprio questo il motivo per cui ti scrivo in pubblico. E non ho dubbi sul fatto che tu mi comprenderai. Ogni volta che facciamo un\u2019iniziativa c\u2019\u00e8 qualcuno, pi\u00f9 di uno anzi molti, che se la prende per non essere stato invitato in modo ufficiale e acclarato: non solo non \u00e8 un modo elegante di vivere intimamente la riflessione culturale a cui ci si appresta, ma crea una continua ed indesiderata sfida tra persone che hanno a cuore la cultura, innesta rancori e risentimenti o, d\u2019altra parte, aspettative improprie. La Fondazione nasce per unire, non per dividere. Se vuoi, puoi aiutarci a far passare questo messaggio. Io personalmente parler\u00f2 per pochissimi minuti, il professore (persona schiva e profonda) per una decina di minuti. Se vuoi, se lo reputi indispensabile, posso cederti il mio tempo. Ma fossi in Te, penserei bene di usare le energie per insistere nel lavoro di ricerca per poter offrire il contributo nell\u2019occasione che andr\u00e0 a meritarsi.<\/div>\n<div dir=\"auto\">&nbsp;<\/div>\n<div dir=\"auto\">Sono in aereo, da Barcellona a Bari, un mare sotto e sopra il cielo, l\u00ec dove \u201cil Maggiore\u201d forse mi sta guardando e ride per questo equivoco. Non credi che la cosa migliore sia quella di bere insieme un sorso del nuovo \u201crosso\u201d (insieme al Direttore, se gradir\u00e1, ed al Presidente Gentile, insieme a chiunque ci sar\u00e0 in spirito di rispetto e di sensibilit\u00e0 patriottica, storica, culturale) per archiviare il malinteso, onorare Cassano e Rossani e prepararci alle prossime iniziative?&nbsp;<\/div>\n<div dir=\"auto\">&nbsp;<\/div>\n<div dir=\"auto\">Un saluto ai lettori, alla testata ed a Te. A domani.<\/div>\n<div dir=\"auto\">&nbsp;<\/div>\n<div dir=\"auto\" style=\"text-align: right;\"><strong>Francesco Giustino<\/strong><\/div>\n<div dir=\"auto\" style=\"text-align: right;\"><strong>(Presidente della Fondazione Albenzio Patrino di cultura e cooperazione europea)<\/strong><\/div>\n<p>&nbsp;<\/p>\n<p>&nbsp;<\/p>\n","protected":false},"excerpt":{"rendered":"","protected":false},"author":1,"featured_media":8253,"comment_status":"open","ping_status":"closed","sticky":false,"template":"","format":"standard","meta":{"colormag_page_container_layout":"default_layout","colormag_page_sidebar_layout":"default_layout","footnotes":""},"categories":[9],"tags":[],"class_list":["post-13396","post","type-post","status-publish","format-standard","has-post-thumbnail","hentry","category-la-voce-del-paese"],"yoast_head":"<!-- This site is optimized with the Yoast SEO plugin v27.5 - https:\/\/yoast.com\/product\/yoast-seo-wordpress\/ -->\n<title>Il Presidente Giustino sull&#039;iniziativa per Rossani - Archivio CassanoWeb<\/title>\n<meta name=\"robots\" content=\"index, follow, max-snippet:-1, max-image-preview:large, max-video-preview:-1\" \/>\n<link rel=\"canonical\" href=\"https:\/\/archiviocassano.lavocedelpaese.info\/index.php\/2016\/12\/02\/iniziativa-per-il-maggre-mario-rossani-alcune-precisazioni-del-presidente-della-fondazione-qalbenzio-patrinoq\/\" \/>\n<meta property=\"og:locale\" content=\"it_IT\" \/>\n<meta property=\"og:type\" content=\"article\" \/>\n<meta property=\"og:title\" content=\"Il Presidente Giustino sull&#039;iniziativa per Rossani - Archivio CassanoWeb\" \/>\n<meta property=\"og:url\" content=\"https:\/\/archiviocassano.lavocedelpaese.info\/index.php\/2016\/12\/02\/iniziativa-per-il-maggre-mario-rossani-alcune-precisazioni-del-presidente-della-fondazione-qalbenzio-patrinoq\/\" \/>\n<meta property=\"og:site_name\" content=\"Archivio CassanoWeb\" \/>\n<meta property=\"article:publisher\" content=\"https:\/\/www.facebook.com\/redazione.cassanoweb\" \/>\n<meta property=\"article:published_time\" content=\"2016-12-02T16:41:42+00:00\" \/>\n<meta property=\"og:image\" content=\"https:\/\/archiviocassano.lavocedelpaese.info\/wp-content\/uploads\/2013\/10\/Francesco_Giustino_piccola.jpg\" \/>\n\t<meta property=\"og:image:width\" content=\"267\" \/>\n\t<meta property=\"og:image:height\" content=\"400\" \/>\n\t<meta property=\"og:image:type\" content=\"image\/jpeg\" \/>\n<meta name=\"author\" content=\"admin\" \/>\n<meta name=\"twitter:card\" content=\"summary_large_image\" \/>\n<meta name=\"twitter:label1\" content=\"Scritto da\" \/>\n\t<meta name=\"twitter:data1\" content=\"admin\" \/>\n\t<meta name=\"twitter:label2\" content=\"Tempo di lettura stimato\" \/>\n\t<meta name=\"twitter:data2\" content=\"5 minuti\" \/>\n<script type=\"application\/ld+json\" class=\"yoast-schema-graph\">{\"@context\":\"https:\\\/\\\/schema.org\",\"@graph\":[{\"@type\":\"Article\",\"@id\":\"https:\\\/\\\/archiviocassano.lavocedelpaese.info\\\/index.php\\\/2016\\\/12\\\/02\\\/iniziativa-per-il-maggre-mario-rossani-alcune-precisazioni-del-presidente-della-fondazione-qalbenzio-patrinoq\\\/#article\",\"isPartOf\":{\"@id\":\"https:\\\/\\\/archiviocassano.lavocedelpaese.info\\\/index.php\\\/2016\\\/12\\\/02\\\/iniziativa-per-il-maggre-mario-rossani-alcune-precisazioni-del-presidente-della-fondazione-qalbenzio-patrinoq\\\/\"},\"author\":{\"name\":\"admin\",\"@id\":\"https:\\\/\\\/archiviocassano.lavocedelpaese.info\\\/#\\\/schema\\\/person\\\/df195bc79a9b4c35127cf005f92e041b\"},\"headline\":\"Il Presidente Giustino sull&#8217;iniziativa per Rossani\",\"datePublished\":\"2016-12-02T16:41:42+00:00\",\"mainEntityOfPage\":{\"@id\":\"https:\\\/\\\/archiviocassano.lavocedelpaese.info\\\/index.php\\\/2016\\\/12\\\/02\\\/iniziativa-per-il-maggre-mario-rossani-alcune-precisazioni-del-presidente-della-fondazione-qalbenzio-patrinoq\\\/\"},\"wordCount\":1058,\"commentCount\":0,\"publisher\":{\"@id\":\"https:\\\/\\\/archiviocassano.lavocedelpaese.info\\\/#organization\"},\"image\":{\"@id\":\"https:\\\/\\\/archiviocassano.lavocedelpaese.info\\\/index.php\\\/2016\\\/12\\\/02\\\/iniziativa-per-il-maggre-mario-rossani-alcune-precisazioni-del-presidente-della-fondazione-qalbenzio-patrinoq\\\/#primaryimage\"},\"thumbnailUrl\":\"https:\\\/\\\/archiviocassano.lavocedelpaese.info\\\/wp-content\\\/uploads\\\/2013\\\/10\\\/Francesco_Giustino_piccola.jpg\",\"articleSection\":[\"La voce del paese\"],\"inLanguage\":\"it-IT\",\"potentialAction\":[{\"@type\":\"CommentAction\",\"name\":\"Comment\",\"target\":[\"https:\\\/\\\/archiviocassano.lavocedelpaese.info\\\/index.php\\\/2016\\\/12\\\/02\\\/iniziativa-per-il-maggre-mario-rossani-alcune-precisazioni-del-presidente-della-fondazione-qalbenzio-patrinoq\\\/#respond\"]}]},{\"@type\":\"WebPage\",\"@id\":\"https:\\\/\\\/archiviocassano.lavocedelpaese.info\\\/index.php\\\/2016\\\/12\\\/02\\\/iniziativa-per-il-maggre-mario-rossani-alcune-precisazioni-del-presidente-della-fondazione-qalbenzio-patrinoq\\\/\",\"url\":\"https:\\\/\\\/archiviocassano.lavocedelpaese.info\\\/index.php\\\/2016\\\/12\\\/02\\\/iniziativa-per-il-maggre-mario-rossani-alcune-precisazioni-del-presidente-della-fondazione-qalbenzio-patrinoq\\\/\",\"name\":\"Il Presidente Giustino sull'iniziativa per Rossani - Archivio CassanoWeb\",\"isPartOf\":{\"@id\":\"https:\\\/\\\/archiviocassano.lavocedelpaese.info\\\/#website\"},\"primaryImageOfPage\":{\"@id\":\"https:\\\/\\\/archiviocassano.lavocedelpaese.info\\\/index.php\\\/2016\\\/12\\\/02\\\/iniziativa-per-il-maggre-mario-rossani-alcune-precisazioni-del-presidente-della-fondazione-qalbenzio-patrinoq\\\/#primaryimage\"},\"image\":{\"@id\":\"https:\\\/\\\/archiviocassano.lavocedelpaese.info\\\/index.php\\\/2016\\\/12\\\/02\\\/iniziativa-per-il-maggre-mario-rossani-alcune-precisazioni-del-presidente-della-fondazione-qalbenzio-patrinoq\\\/#primaryimage\"},\"thumbnailUrl\":\"https:\\\/\\\/archiviocassano.lavocedelpaese.info\\\/wp-content\\\/uploads\\\/2013\\\/10\\\/Francesco_Giustino_piccola.jpg\",\"datePublished\":\"2016-12-02T16:41:42+00:00\",\"breadcrumb\":{\"@id\":\"https:\\\/\\\/archiviocassano.lavocedelpaese.info\\\/index.php\\\/2016\\\/12\\\/02\\\/iniziativa-per-il-maggre-mario-rossani-alcune-precisazioni-del-presidente-della-fondazione-qalbenzio-patrinoq\\\/#breadcrumb\"},\"inLanguage\":\"it-IT\",\"potentialAction\":[{\"@type\":\"ReadAction\",\"target\":[\"https:\\\/\\\/archiviocassano.lavocedelpaese.info\\\/index.php\\\/2016\\\/12\\\/02\\\/iniziativa-per-il-maggre-mario-rossani-alcune-precisazioni-del-presidente-della-fondazione-qalbenzio-patrinoq\\\/\"]}]},{\"@type\":\"ImageObject\",\"inLanguage\":\"it-IT\",\"@id\":\"https:\\\/\\\/archiviocassano.lavocedelpaese.info\\\/index.php\\\/2016\\\/12\\\/02\\\/iniziativa-per-il-maggre-mario-rossani-alcune-precisazioni-del-presidente-della-fondazione-qalbenzio-patrinoq\\\/#primaryimage\",\"url\":\"https:\\\/\\\/archiviocassano.lavocedelpaese.info\\\/wp-content\\\/uploads\\\/2013\\\/10\\\/Francesco_Giustino_piccola.jpg\",\"contentUrl\":\"https:\\\/\\\/archiviocassano.lavocedelpaese.info\\\/wp-content\\\/uploads\\\/2013\\\/10\\\/Francesco_Giustino_piccola.jpg\",\"width\":267,\"height\":400,\"caption\":\"Francesco Giustino piccola\"},{\"@type\":\"BreadcrumbList\",\"@id\":\"https:\\\/\\\/archiviocassano.lavocedelpaese.info\\\/index.php\\\/2016\\\/12\\\/02\\\/iniziativa-per-il-maggre-mario-rossani-alcune-precisazioni-del-presidente-della-fondazione-qalbenzio-patrinoq\\\/#breadcrumb\",\"itemListElement\":[{\"@type\":\"ListItem\",\"position\":1,\"name\":\"Home\",\"item\":\"https:\\\/\\\/archiviocassano.lavocedelpaese.info\\\/\"},{\"@type\":\"ListItem\",\"position\":2,\"name\":\"Il Presidente Giustino sull&#8217;iniziativa per Rossani\"}]},{\"@type\":\"WebSite\",\"@id\":\"https:\\\/\\\/archiviocassano.lavocedelpaese.info\\\/#website\",\"url\":\"https:\\\/\\\/archiviocassano.lavocedelpaese.info\\\/\",\"name\":\"Archivio CassanoWeb\",\"description\":\"La Voce del Paese - un network di idee\",\"publisher\":{\"@id\":\"https:\\\/\\\/archiviocassano.lavocedelpaese.info\\\/#organization\"},\"potentialAction\":[{\"@type\":\"SearchAction\",\"target\":{\"@type\":\"EntryPoint\",\"urlTemplate\":\"https:\\\/\\\/archiviocassano.lavocedelpaese.info\\\/?s={search_term_string}\"},\"query-input\":{\"@type\":\"PropertyValueSpecification\",\"valueRequired\":true,\"valueName\":\"search_term_string\"}}],\"inLanguage\":\"it-IT\"},{\"@type\":\"Organization\",\"@id\":\"https:\\\/\\\/archiviocassano.lavocedelpaese.info\\\/#organization\",\"name\":\"Archivio CassanoWeb\",\"url\":\"https:\\\/\\\/archiviocassano.lavocedelpaese.info\\\/\",\"logo\":{\"@type\":\"ImageObject\",\"inLanguage\":\"it-IT\",\"@id\":\"https:\\\/\\\/archiviocassano.lavocedelpaese.info\\\/#\\\/schema\\\/logo\\\/image\\\/\",\"url\":\"https:\\\/\\\/archiviocassano.lavocedelpaese.info\\\/wp-content\\\/uploads\\\/2024\\\/08\\\/logo-rosso-2.png\",\"contentUrl\":\"https:\\\/\\\/archiviocassano.lavocedelpaese.info\\\/wp-content\\\/uploads\\\/2024\\\/08\\\/logo-rosso-2.png\",\"width\":491,\"height\":432,\"caption\":\"Archivio CassanoWeb\"},\"image\":{\"@id\":\"https:\\\/\\\/archiviocassano.lavocedelpaese.info\\\/#\\\/schema\\\/logo\\\/image\\\/\"},\"sameAs\":[\"https:\\\/\\\/www.facebook.com\\\/redazione.cassanoweb\"]},{\"@type\":\"Person\",\"@id\":\"https:\\\/\\\/archiviocassano.lavocedelpaese.info\\\/#\\\/schema\\\/person\\\/df195bc79a9b4c35127cf005f92e041b\",\"name\":\"admin\",\"image\":{\"@type\":\"ImageObject\",\"inLanguage\":\"it-IT\",\"@id\":\"https:\\\/\\\/secure.gravatar.com\\\/avatar\\\/eabba89a432e8eaa1b0207cc55f7e5340b22712b1ed80677efcf63e02ff5b235?s=96&d=mm&r=g\",\"url\":\"https:\\\/\\\/secure.gravatar.com\\\/avatar\\\/eabba89a432e8eaa1b0207cc55f7e5340b22712b1ed80677efcf63e02ff5b235?s=96&d=mm&r=g\",\"contentUrl\":\"https:\\\/\\\/secure.gravatar.com\\\/avatar\\\/eabba89a432e8eaa1b0207cc55f7e5340b22712b1ed80677efcf63e02ff5b235?s=96&d=mm&r=g\",\"caption\":\"admin\"},\"sameAs\":[\"https:\\\/\\\/archiviocassano.lavocedelpaese.info\"],\"url\":\"https:\\\/\\\/archiviocassano.lavocedelpaese.info\\\/index.php\\\/author\\\/admin_0qgz1xdp\\\/\"}]}<\/script>\n<!-- \/ Yoast SEO plugin. -->","yoast_head_json":{"title":"Il Presidente Giustino sull'iniziativa per Rossani - Archivio CassanoWeb","robots":{"index":"index","follow":"follow","max-snippet":"max-snippet:-1","max-image-preview":"max-image-preview:large","max-video-preview":"max-video-preview:-1"},"canonical":"https:\/\/archiviocassano.lavocedelpaese.info\/index.php\/2016\/12\/02\/iniziativa-per-il-maggre-mario-rossani-alcune-precisazioni-del-presidente-della-fondazione-qalbenzio-patrinoq\/","og_locale":"it_IT","og_type":"article","og_title":"Il Presidente Giustino sull'iniziativa per Rossani - Archivio CassanoWeb","og_url":"https:\/\/archiviocassano.lavocedelpaese.info\/index.php\/2016\/12\/02\/iniziativa-per-il-maggre-mario-rossani-alcune-precisazioni-del-presidente-della-fondazione-qalbenzio-patrinoq\/","og_site_name":"Archivio CassanoWeb","article_publisher":"https:\/\/www.facebook.com\/redazione.cassanoweb","article_published_time":"2016-12-02T16:41:42+00:00","og_image":[{"width":267,"height":400,"url":"https:\/\/archiviocassano.lavocedelpaese.info\/wp-content\/uploads\/2013\/10\/Francesco_Giustino_piccola.jpg","type":"image\/jpeg"}],"author":"admin","twitter_card":"summary_large_image","twitter_misc":{"Scritto da":"admin","Tempo di lettura stimato":"5 minuti"},"schema":{"@context":"https:\/\/schema.org","@graph":[{"@type":"Article","@id":"https:\/\/archiviocassano.lavocedelpaese.info\/index.php\/2016\/12\/02\/iniziativa-per-il-maggre-mario-rossani-alcune-precisazioni-del-presidente-della-fondazione-qalbenzio-patrinoq\/#article","isPartOf":{"@id":"https:\/\/archiviocassano.lavocedelpaese.info\/index.php\/2016\/12\/02\/iniziativa-per-il-maggre-mario-rossani-alcune-precisazioni-del-presidente-della-fondazione-qalbenzio-patrinoq\/"},"author":{"name":"admin","@id":"https:\/\/archiviocassano.lavocedelpaese.info\/#\/schema\/person\/df195bc79a9b4c35127cf005f92e041b"},"headline":"Il Presidente Giustino sull&#8217;iniziativa per Rossani","datePublished":"2016-12-02T16:41:42+00:00","mainEntityOfPage":{"@id":"https:\/\/archiviocassano.lavocedelpaese.info\/index.php\/2016\/12\/02\/iniziativa-per-il-maggre-mario-rossani-alcune-precisazioni-del-presidente-della-fondazione-qalbenzio-patrinoq\/"},"wordCount":1058,"commentCount":0,"publisher":{"@id":"https:\/\/archiviocassano.lavocedelpaese.info\/#organization"},"image":{"@id":"https:\/\/archiviocassano.lavocedelpaese.info\/index.php\/2016\/12\/02\/iniziativa-per-il-maggre-mario-rossani-alcune-precisazioni-del-presidente-della-fondazione-qalbenzio-patrinoq\/#primaryimage"},"thumbnailUrl":"https:\/\/archiviocassano.lavocedelpaese.info\/wp-content\/uploads\/2013\/10\/Francesco_Giustino_piccola.jpg","articleSection":["La voce del paese"],"inLanguage":"it-IT","potentialAction":[{"@type":"CommentAction","name":"Comment","target":["https:\/\/archiviocassano.lavocedelpaese.info\/index.php\/2016\/12\/02\/iniziativa-per-il-maggre-mario-rossani-alcune-precisazioni-del-presidente-della-fondazione-qalbenzio-patrinoq\/#respond"]}]},{"@type":"WebPage","@id":"https:\/\/archiviocassano.lavocedelpaese.info\/index.php\/2016\/12\/02\/iniziativa-per-il-maggre-mario-rossani-alcune-precisazioni-del-presidente-della-fondazione-qalbenzio-patrinoq\/","url":"https:\/\/archiviocassano.lavocedelpaese.info\/index.php\/2016\/12\/02\/iniziativa-per-il-maggre-mario-rossani-alcune-precisazioni-del-presidente-della-fondazione-qalbenzio-patrinoq\/","name":"Il Presidente Giustino sull'iniziativa per Rossani - Archivio CassanoWeb","isPartOf":{"@id":"https:\/\/archiviocassano.lavocedelpaese.info\/#website"},"primaryImageOfPage":{"@id":"https:\/\/archiviocassano.lavocedelpaese.info\/index.php\/2016\/12\/02\/iniziativa-per-il-maggre-mario-rossani-alcune-precisazioni-del-presidente-della-fondazione-qalbenzio-patrinoq\/#primaryimage"},"image":{"@id":"https:\/\/archiviocassano.lavocedelpaese.info\/index.php\/2016\/12\/02\/iniziativa-per-il-maggre-mario-rossani-alcune-precisazioni-del-presidente-della-fondazione-qalbenzio-patrinoq\/#primaryimage"},"thumbnailUrl":"https:\/\/archiviocassano.lavocedelpaese.info\/wp-content\/uploads\/2013\/10\/Francesco_Giustino_piccola.jpg","datePublished":"2016-12-02T16:41:42+00:00","breadcrumb":{"@id":"https:\/\/archiviocassano.lavocedelpaese.info\/index.php\/2016\/12\/02\/iniziativa-per-il-maggre-mario-rossani-alcune-precisazioni-del-presidente-della-fondazione-qalbenzio-patrinoq\/#breadcrumb"},"inLanguage":"it-IT","potentialAction":[{"@type":"ReadAction","target":["https:\/\/archiviocassano.lavocedelpaese.info\/index.php\/2016\/12\/02\/iniziativa-per-il-maggre-mario-rossani-alcune-precisazioni-del-presidente-della-fondazione-qalbenzio-patrinoq\/"]}]},{"@type":"ImageObject","inLanguage":"it-IT","@id":"https:\/\/archiviocassano.lavocedelpaese.info\/index.php\/2016\/12\/02\/iniziativa-per-il-maggre-mario-rossani-alcune-precisazioni-del-presidente-della-fondazione-qalbenzio-patrinoq\/#primaryimage","url":"https:\/\/archiviocassano.lavocedelpaese.info\/wp-content\/uploads\/2013\/10\/Francesco_Giustino_piccola.jpg","contentUrl":"https:\/\/archiviocassano.lavocedelpaese.info\/wp-content\/uploads\/2013\/10\/Francesco_Giustino_piccola.jpg","width":267,"height":400,"caption":"Francesco Giustino piccola"},{"@type":"BreadcrumbList","@id":"https:\/\/archiviocassano.lavocedelpaese.info\/index.php\/2016\/12\/02\/iniziativa-per-il-maggre-mario-rossani-alcune-precisazioni-del-presidente-della-fondazione-qalbenzio-patrinoq\/#breadcrumb","itemListElement":[{"@type":"ListItem","position":1,"name":"Home","item":"https:\/\/archiviocassano.lavocedelpaese.info\/"},{"@type":"ListItem","position":2,"name":"Il Presidente Giustino sull&#8217;iniziativa per Rossani"}]},{"@type":"WebSite","@id":"https:\/\/archiviocassano.lavocedelpaese.info\/#website","url":"https:\/\/archiviocassano.lavocedelpaese.info\/","name":"Archivio CassanoWeb","description":"La Voce del Paese - un network di idee","publisher":{"@id":"https:\/\/archiviocassano.lavocedelpaese.info\/#organization"},"potentialAction":[{"@type":"SearchAction","target":{"@type":"EntryPoint","urlTemplate":"https:\/\/archiviocassano.lavocedelpaese.info\/?s={search_term_string}"},"query-input":{"@type":"PropertyValueSpecification","valueRequired":true,"valueName":"search_term_string"}}],"inLanguage":"it-IT"},{"@type":"Organization","@id":"https:\/\/archiviocassano.lavocedelpaese.info\/#organization","name":"Archivio CassanoWeb","url":"https:\/\/archiviocassano.lavocedelpaese.info\/","logo":{"@type":"ImageObject","inLanguage":"it-IT","@id":"https:\/\/archiviocassano.lavocedelpaese.info\/#\/schema\/logo\/image\/","url":"https:\/\/archiviocassano.lavocedelpaese.info\/wp-content\/uploads\/2024\/08\/logo-rosso-2.png","contentUrl":"https:\/\/archiviocassano.lavocedelpaese.info\/wp-content\/uploads\/2024\/08\/logo-rosso-2.png","width":491,"height":432,"caption":"Archivio CassanoWeb"},"image":{"@id":"https:\/\/archiviocassano.lavocedelpaese.info\/#\/schema\/logo\/image\/"},"sameAs":["https:\/\/www.facebook.com\/redazione.cassanoweb"]},{"@type":"Person","@id":"https:\/\/archiviocassano.lavocedelpaese.info\/#\/schema\/person\/df195bc79a9b4c35127cf005f92e041b","name":"admin","image":{"@type":"ImageObject","inLanguage":"it-IT","@id":"https:\/\/secure.gravatar.com\/avatar\/eabba89a432e8eaa1b0207cc55f7e5340b22712b1ed80677efcf63e02ff5b235?s=96&d=mm&r=g","url":"https:\/\/secure.gravatar.com\/avatar\/eabba89a432e8eaa1b0207cc55f7e5340b22712b1ed80677efcf63e02ff5b235?s=96&d=mm&r=g","contentUrl":"https:\/\/secure.gravatar.com\/avatar\/eabba89a432e8eaa1b0207cc55f7e5340b22712b1ed80677efcf63e02ff5b235?s=96&d=mm&r=g","caption":"admin"},"sameAs":["https:\/\/archiviocassano.lavocedelpaese.info"],"url":"https:\/\/archiviocassano.lavocedelpaese.info\/index.php\/author\/admin_0qgz1xdp\/"}]}},"_links":{"self":[{"href":"https:\/\/archiviocassano.lavocedelpaese.info\/index.php\/wp-json\/wp\/v2\/posts\/13396","targetHints":{"allow":["GET"]}}],"collection":[{"href":"https:\/\/archiviocassano.lavocedelpaese.info\/index.php\/wp-json\/wp\/v2\/posts"}],"about":[{"href":"https:\/\/archiviocassano.lavocedelpaese.info\/index.php\/wp-json\/wp\/v2\/types\/post"}],"author":[{"embeddable":true,"href":"https:\/\/archiviocassano.lavocedelpaese.info\/index.php\/wp-json\/wp\/v2\/users\/1"}],"replies":[{"embeddable":true,"href":"https:\/\/archiviocassano.lavocedelpaese.info\/index.php\/wp-json\/wp\/v2\/comments?post=13396"}],"version-history":[{"count":0,"href":"https:\/\/archiviocassano.lavocedelpaese.info\/index.php\/wp-json\/wp\/v2\/posts\/13396\/revisions"}],"wp:featuredmedia":[{"embeddable":true,"href":"https:\/\/archiviocassano.lavocedelpaese.info\/index.php\/wp-json\/wp\/v2\/media\/8253"}],"wp:attachment":[{"href":"https:\/\/archiviocassano.lavocedelpaese.info\/index.php\/wp-json\/wp\/v2\/media?parent=13396"}],"wp:term":[{"taxonomy":"category","embeddable":true,"href":"https:\/\/archiviocassano.lavocedelpaese.info\/index.php\/wp-json\/wp\/v2\/categories?post=13396"},{"taxonomy":"post_tag","embeddable":true,"href":"https:\/\/archiviocassano.lavocedelpaese.info\/index.php\/wp-json\/wp\/v2\/tags?post=13396"}],"curies":[{"name":"wp","href":"https:\/\/api.w.org\/{rel}","templated":true}]}}