{"id":13467,"date":"2016-12-18T08:31:32","date_gmt":"2016-12-18T08:31:32","guid":{"rendered":"https:\/\/archiviocassano.lavocedelpaese.info\/index.php\/2016\/12\/18\/presepe-vivente-dei-bambini-e-concerto-in-chiesa-madre-gli-appuntamenti-natalizi-di-domenica-18-dicembre\/"},"modified":"2016-12-18T08:31:32","modified_gmt":"2016-12-18T08:31:32","slug":"presepe-vivente-dei-bambini-e-concerto-in-chiesa-madre-gli-appuntamenti-natalizi-di-domenica-18-dicembre","status":"publish","type":"post","link":"https:\/\/archiviocassano.lavocedelpaese.info\/index.php\/2016\/12\/18\/presepe-vivente-dei-bambini-e-concerto-in-chiesa-madre-gli-appuntamenti-natalizi-di-domenica-18-dicembre\/","title":{"rendered":"Presepe vivente dei bambini e Concerto in Chiesa Madre"},"content":{"rendered":"<p style=\"text-align: justify;\"><img loading=\"lazy\" decoding=\"async\" class=\" size-full wp-image-13466\" src=\"https:\/\/archiviocassano.lavocedelpaese.info\/wp-content\/uploads\/2016\/12\/presepe_bambini.jpg\" width=\"320\" height=\"150\" alt=\"presepe bambini\" \/><\/p>\n<p><!--more--><\/p>\n<p>Mentre proseguono, nelle piazze principali del paese, le operazioni di addobbo, in vista del Natale, a cura di un Comitato Spontaneo di cittadini con la partecipazione di numerosi commercianti, aziende e vivaisti cassanesi, \u00e8 tutto pronto per due eventi che si terranno <strong>domenica 18 dicembre<\/strong>.<\/p>\n<p style=\"text-align: justify;\">In mattinata l\u2019Associazione \u201cInsieme\u201d che gestisce l\u2019omonima scuola paritaria per l\u2019Infanzia, ha allestito un <strong>Presepe Vivente fatto tutto da bambini: si potr\u00e0 visitare in una struttura sita in via Grumo al km. 2 dalle ore 10.30 alle ore 13.00.<\/strong><\/p>\n<p style=\"text-align: justify;\">Insegnanti, personale e la grande disponibilit\u00e0 dei genitori dei piccoli hanno reso possibile realizzare la Sacra rappresentazione della nativit\u00e0 di Ges\u00f9, in un ambiente arricchito da animali, figuranti e tanto altro ancora.<\/p>\n<p style=\"text-align: justify;\">L\u2019ingresso \u00e8 libero ma, cosa estremamente importante, <strong>il Presepe non sar\u00e0 raggiungibile con i propri mezzi privati <\/strong>in quanto gli spazi della struttura non hanno la possibilit\u00e0 di ospitare le auto.<\/p>\n<p style=\"text-align: justify;\">Occorrer\u00e0, dunque, <strong>raggiungere il parcheggio del Polisportivo di via Grumo e da l\u00ec una navetta GRATUITA condurr\u00e0 gli ospiti alla struttura e viceversa.<\/strong><\/p>\n<p style=\"text-align: justify;\">I visitatori, dunque, sono pregati, per la buona riuscita della manifestazione, di non raggiungere autonomamente la zona del presepe.<\/p>\n<p>&nbsp;<\/p>\n<p style=\"text-align: justify;\">In serata, sempre di <strong>domenica 18 dicembre, presso la Chiesa Madre di Cassano, alle ore 20.00<\/strong> (subito dopo la Messa vespertina) si terr\u00e0 un <strong>Concerto a cura del coro parrocchiale<\/strong>, in rappresentanza della parrocchia, per accogliere il Natale tutti insieme.<\/p>\n<p style=\"text-align: justify;\">La serata si articoler\u00e0 in una serie di canti tradizionali natalizi, interpretati dal coro, alternati a riflessioni sul Natale, in forma di letture e di rappresentazioni artistiche.<\/p>\n<p style=\"text-align: justify;\">Una serata all\u2019insegna della musica e della riflessione, dunque, per attendere nel migliore dei modi il Natale che viene. L\u2019invito \u00e8 rivolto naturalmente a tutta la cittadinanza.<\/p>\n<p style=\"text-align: justify;\">L\u2019ingresso \u00e8 gratuito.<\/p>\n<p>&nbsp;<\/p>\n<p style=\"text-align: center;\"><img loading=\"lazy\" decoding=\"async\" src=\"images\/stories\/archiviofoto\/15451410_1556099757738743_1132511448_n.jpg\" width=\"491\" height=\"700\" alt=\"15451410 1556099757738743 1132511448 n\" style=\"margin-right: 2px; margin-left: 2px;\" \/><\/p>\n<p>&nbsp;<\/p>\n<p>&nbsp;<\/p>\n","protected":false},"excerpt":{"rendered":"","protected":false},"author":1,"featured_media":13466,"comment_status":"open","ping_status":"closed","sticky":false,"template":"","format":"standard","meta":{"colormag_page_container_layout":"default_layout","colormag_page_sidebar_layout":"default_layout","footnotes":""},"categories":[11],"tags":[],"class_list":["post-13467","post","type-post","status-publish","format-standard","has-post-thumbnail","hentry","category-appuntamenti"],"yoast_head":"<!-- This site is optimized with the Yoast SEO plugin v27.5 - https:\/\/yoast.com\/product\/yoast-seo-wordpress\/ -->\n<title>Presepe vivente dei bambini e Concerto in Chiesa Madre - Archivio CassanoWeb<\/title>\n<meta name=\"robots\" content=\"index, follow, max-snippet:-1, max-image-preview:large, max-video-preview:-1\" \/>\n<link rel=\"canonical\" href=\"https:\/\/archiviocassano.lavocedelpaese.info\/index.php\/2016\/12\/18\/presepe-vivente-dei-bambini-e-concerto-in-chiesa-madre-gli-appuntamenti-natalizi-di-domenica-18-dicembre\/\" \/>\n<meta property=\"og:locale\" content=\"it_IT\" \/>\n<meta property=\"og:type\" content=\"article\" \/>\n<meta property=\"og:title\" content=\"Presepe vivente dei bambini e Concerto in Chiesa Madre - Archivio CassanoWeb\" \/>\n<meta property=\"og:url\" content=\"https:\/\/archiviocassano.lavocedelpaese.info\/index.php\/2016\/12\/18\/presepe-vivente-dei-bambini-e-concerto-in-chiesa-madre-gli-appuntamenti-natalizi-di-domenica-18-dicembre\/\" \/>\n<meta property=\"og:site_name\" content=\"Archivio CassanoWeb\" \/>\n<meta property=\"article:publisher\" content=\"https:\/\/www.facebook.com\/redazione.cassanoweb\" \/>\n<meta property=\"article:published_time\" content=\"2016-12-18T08:31:32+00:00\" \/>\n<meta property=\"og:image\" content=\"https:\/\/archiviocassano.lavocedelpaese.info\/wp-content\/uploads\/2016\/12\/presepe_bambini.jpg\" \/>\n\t<meta property=\"og:image:width\" content=\"660\" \/>\n\t<meta property=\"og:image:height\" content=\"368\" \/>\n\t<meta property=\"og:image:type\" content=\"image\/jpeg\" \/>\n<meta name=\"author\" content=\"admin\" \/>\n<meta name=\"twitter:card\" content=\"summary_large_image\" \/>\n<meta name=\"twitter:label1\" content=\"Scritto da\" \/>\n\t<meta name=\"twitter:data1\" content=\"admin\" \/>\n\t<meta name=\"twitter:label2\" content=\"Tempo di lettura stimato\" \/>\n\t<meta name=\"twitter:data2\" content=\"1 minuto\" \/>\n<script type=\"application\/ld+json\" class=\"yoast-schema-graph\">{\"@context\":\"https:\\\/\\\/schema.org\",\"@graph\":[{\"@type\":\"Article\",\"@id\":\"https:\\\/\\\/archiviocassano.lavocedelpaese.info\\\/index.php\\\/2016\\\/12\\\/18\\\/presepe-vivente-dei-bambini-e-concerto-in-chiesa-madre-gli-appuntamenti-natalizi-di-domenica-18-dicembre\\\/#article\",\"isPartOf\":{\"@id\":\"https:\\\/\\\/archiviocassano.lavocedelpaese.info\\\/index.php\\\/2016\\\/12\\\/18\\\/presepe-vivente-dei-bambini-e-concerto-in-chiesa-madre-gli-appuntamenti-natalizi-di-domenica-18-dicembre\\\/\"},\"author\":{\"name\":\"admin\",\"@id\":\"https:\\\/\\\/archiviocassano.lavocedelpaese.info\\\/#\\\/schema\\\/person\\\/df195bc79a9b4c35127cf005f92e041b\"},\"headline\":\"Presepe vivente dei bambini e Concerto in Chiesa Madre\",\"datePublished\":\"2016-12-18T08:31:32+00:00\",\"mainEntityOfPage\":{\"@id\":\"https:\\\/\\\/archiviocassano.lavocedelpaese.info\\\/index.php\\\/2016\\\/12\\\/18\\\/presepe-vivente-dei-bambini-e-concerto-in-chiesa-madre-gli-appuntamenti-natalizi-di-domenica-18-dicembre\\\/\"},\"wordCount\":296,\"commentCount\":0,\"publisher\":{\"@id\":\"https:\\\/\\\/archiviocassano.lavocedelpaese.info\\\/#organization\"},\"image\":{\"@id\":\"https:\\\/\\\/archiviocassano.lavocedelpaese.info\\\/index.php\\\/2016\\\/12\\\/18\\\/presepe-vivente-dei-bambini-e-concerto-in-chiesa-madre-gli-appuntamenti-natalizi-di-domenica-18-dicembre\\\/#primaryimage\"},\"thumbnailUrl\":\"https:\\\/\\\/archiviocassano.lavocedelpaese.info\\\/wp-content\\\/uploads\\\/2016\\\/12\\\/presepe_bambini.jpg\",\"articleSection\":[\"Appuntamenti\"],\"inLanguage\":\"it-IT\",\"potentialAction\":[{\"@type\":\"CommentAction\",\"name\":\"Comment\",\"target\":[\"https:\\\/\\\/archiviocassano.lavocedelpaese.info\\\/index.php\\\/2016\\\/12\\\/18\\\/presepe-vivente-dei-bambini-e-concerto-in-chiesa-madre-gli-appuntamenti-natalizi-di-domenica-18-dicembre\\\/#respond\"]}]},{\"@type\":\"WebPage\",\"@id\":\"https:\\\/\\\/archiviocassano.lavocedelpaese.info\\\/index.php\\\/2016\\\/12\\\/18\\\/presepe-vivente-dei-bambini-e-concerto-in-chiesa-madre-gli-appuntamenti-natalizi-di-domenica-18-dicembre\\\/\",\"url\":\"https:\\\/\\\/archiviocassano.lavocedelpaese.info\\\/index.php\\\/2016\\\/12\\\/18\\\/presepe-vivente-dei-bambini-e-concerto-in-chiesa-madre-gli-appuntamenti-natalizi-di-domenica-18-dicembre\\\/\",\"name\":\"Presepe vivente dei bambini e Concerto in Chiesa Madre - Archivio CassanoWeb\",\"isPartOf\":{\"@id\":\"https:\\\/\\\/archiviocassano.lavocedelpaese.info\\\/#website\"},\"primaryImageOfPage\":{\"@id\":\"https:\\\/\\\/archiviocassano.lavocedelpaese.info\\\/index.php\\\/2016\\\/12\\\/18\\\/presepe-vivente-dei-bambini-e-concerto-in-chiesa-madre-gli-appuntamenti-natalizi-di-domenica-18-dicembre\\\/#primaryimage\"},\"image\":{\"@id\":\"https:\\\/\\\/archiviocassano.lavocedelpaese.info\\\/index.php\\\/2016\\\/12\\\/18\\\/presepe-vivente-dei-bambini-e-concerto-in-chiesa-madre-gli-appuntamenti-natalizi-di-domenica-18-dicembre\\\/#primaryimage\"},\"thumbnailUrl\":\"https:\\\/\\\/archiviocassano.lavocedelpaese.info\\\/wp-content\\\/uploads\\\/2016\\\/12\\\/presepe_bambini.jpg\",\"datePublished\":\"2016-12-18T08:31:32+00:00\",\"breadcrumb\":{\"@id\":\"https:\\\/\\\/archiviocassano.lavocedelpaese.info\\\/index.php\\\/2016\\\/12\\\/18\\\/presepe-vivente-dei-bambini-e-concerto-in-chiesa-madre-gli-appuntamenti-natalizi-di-domenica-18-dicembre\\\/#breadcrumb\"},\"inLanguage\":\"it-IT\",\"potentialAction\":[{\"@type\":\"ReadAction\",\"target\":[\"https:\\\/\\\/archiviocassano.lavocedelpaese.info\\\/index.php\\\/2016\\\/12\\\/18\\\/presepe-vivente-dei-bambini-e-concerto-in-chiesa-madre-gli-appuntamenti-natalizi-di-domenica-18-dicembre\\\/\"]}]},{\"@type\":\"ImageObject\",\"inLanguage\":\"it-IT\",\"@id\":\"https:\\\/\\\/archiviocassano.lavocedelpaese.info\\\/index.php\\\/2016\\\/12\\\/18\\\/presepe-vivente-dei-bambini-e-concerto-in-chiesa-madre-gli-appuntamenti-natalizi-di-domenica-18-dicembre\\\/#primaryimage\",\"url\":\"https:\\\/\\\/archiviocassano.lavocedelpaese.info\\\/wp-content\\\/uploads\\\/2016\\\/12\\\/presepe_bambini.jpg\",\"contentUrl\":\"https:\\\/\\\/archiviocassano.lavocedelpaese.info\\\/wp-content\\\/uploads\\\/2016\\\/12\\\/presepe_bambini.jpg\",\"width\":660,\"height\":368,\"caption\":\"presepe bambini\"},{\"@type\":\"BreadcrumbList\",\"@id\":\"https:\\\/\\\/archiviocassano.lavocedelpaese.info\\\/index.php\\\/2016\\\/12\\\/18\\\/presepe-vivente-dei-bambini-e-concerto-in-chiesa-madre-gli-appuntamenti-natalizi-di-domenica-18-dicembre\\\/#breadcrumb\",\"itemListElement\":[{\"@type\":\"ListItem\",\"position\":1,\"name\":\"Home\",\"item\":\"https:\\\/\\\/archiviocassano.lavocedelpaese.info\\\/\"},{\"@type\":\"ListItem\",\"position\":2,\"name\":\"Presepe vivente dei bambini e Concerto in Chiesa Madre\"}]},{\"@type\":\"WebSite\",\"@id\":\"https:\\\/\\\/archiviocassano.lavocedelpaese.info\\\/#website\",\"url\":\"https:\\\/\\\/archiviocassano.lavocedelpaese.info\\\/\",\"name\":\"Archivio CassanoWeb\",\"description\":\"La Voce del Paese - un network di idee\",\"publisher\":{\"@id\":\"https:\\\/\\\/archiviocassano.lavocedelpaese.info\\\/#organization\"},\"potentialAction\":[{\"@type\":\"SearchAction\",\"target\":{\"@type\":\"EntryPoint\",\"urlTemplate\":\"https:\\\/\\\/archiviocassano.lavocedelpaese.info\\\/?s={search_term_string}\"},\"query-input\":{\"@type\":\"PropertyValueSpecification\",\"valueRequired\":true,\"valueName\":\"search_term_string\"}}],\"inLanguage\":\"it-IT\"},{\"@type\":\"Organization\",\"@id\":\"https:\\\/\\\/archiviocassano.lavocedelpaese.info\\\/#organization\",\"name\":\"Archivio CassanoWeb\",\"url\":\"https:\\\/\\\/archiviocassano.lavocedelpaese.info\\\/\",\"logo\":{\"@type\":\"ImageObject\",\"inLanguage\":\"it-IT\",\"@id\":\"https:\\\/\\\/archiviocassano.lavocedelpaese.info\\\/#\\\/schema\\\/logo\\\/image\\\/\",\"url\":\"https:\\\/\\\/archiviocassano.lavocedelpaese.info\\\/wp-content\\\/uploads\\\/2024\\\/08\\\/logo-rosso-2.png\",\"contentUrl\":\"https:\\\/\\\/archiviocassano.lavocedelpaese.info\\\/wp-content\\\/uploads\\\/2024\\\/08\\\/logo-rosso-2.png\",\"width\":491,\"height\":432,\"caption\":\"Archivio CassanoWeb\"},\"image\":{\"@id\":\"https:\\\/\\\/archiviocassano.lavocedelpaese.info\\\/#\\\/schema\\\/logo\\\/image\\\/\"},\"sameAs\":[\"https:\\\/\\\/www.facebook.com\\\/redazione.cassanoweb\"]},{\"@type\":\"Person\",\"@id\":\"https:\\\/\\\/archiviocassano.lavocedelpaese.info\\\/#\\\/schema\\\/person\\\/df195bc79a9b4c35127cf005f92e041b\",\"name\":\"admin\",\"image\":{\"@type\":\"ImageObject\",\"inLanguage\":\"it-IT\",\"@id\":\"https:\\\/\\\/secure.gravatar.com\\\/avatar\\\/eabba89a432e8eaa1b0207cc55f7e5340b22712b1ed80677efcf63e02ff5b235?s=96&d=mm&r=g\",\"url\":\"https:\\\/\\\/secure.gravatar.com\\\/avatar\\\/eabba89a432e8eaa1b0207cc55f7e5340b22712b1ed80677efcf63e02ff5b235?s=96&d=mm&r=g\",\"contentUrl\":\"https:\\\/\\\/secure.gravatar.com\\\/avatar\\\/eabba89a432e8eaa1b0207cc55f7e5340b22712b1ed80677efcf63e02ff5b235?s=96&d=mm&r=g\",\"caption\":\"admin\"},\"sameAs\":[\"https:\\\/\\\/archiviocassano.lavocedelpaese.info\"],\"url\":\"https:\\\/\\\/archiviocassano.lavocedelpaese.info\\\/index.php\\\/author\\\/admin_0qgz1xdp\\\/\"}]}<\/script>\n<!-- \/ Yoast SEO plugin. -->","yoast_head_json":{"title":"Presepe vivente dei bambini e Concerto in Chiesa Madre - Archivio CassanoWeb","robots":{"index":"index","follow":"follow","max-snippet":"max-snippet:-1","max-image-preview":"max-image-preview:large","max-video-preview":"max-video-preview:-1"},"canonical":"https:\/\/archiviocassano.lavocedelpaese.info\/index.php\/2016\/12\/18\/presepe-vivente-dei-bambini-e-concerto-in-chiesa-madre-gli-appuntamenti-natalizi-di-domenica-18-dicembre\/","og_locale":"it_IT","og_type":"article","og_title":"Presepe vivente dei bambini e Concerto in Chiesa Madre - Archivio CassanoWeb","og_url":"https:\/\/archiviocassano.lavocedelpaese.info\/index.php\/2016\/12\/18\/presepe-vivente-dei-bambini-e-concerto-in-chiesa-madre-gli-appuntamenti-natalizi-di-domenica-18-dicembre\/","og_site_name":"Archivio CassanoWeb","article_publisher":"https:\/\/www.facebook.com\/redazione.cassanoweb","article_published_time":"2016-12-18T08:31:32+00:00","og_image":[{"width":660,"height":368,"url":"https:\/\/archiviocassano.lavocedelpaese.info\/wp-content\/uploads\/2016\/12\/presepe_bambini.jpg","type":"image\/jpeg"}],"author":"admin","twitter_card":"summary_large_image","twitter_misc":{"Scritto da":"admin","Tempo di lettura stimato":"1 minuto"},"schema":{"@context":"https:\/\/schema.org","@graph":[{"@type":"Article","@id":"https:\/\/archiviocassano.lavocedelpaese.info\/index.php\/2016\/12\/18\/presepe-vivente-dei-bambini-e-concerto-in-chiesa-madre-gli-appuntamenti-natalizi-di-domenica-18-dicembre\/#article","isPartOf":{"@id":"https:\/\/archiviocassano.lavocedelpaese.info\/index.php\/2016\/12\/18\/presepe-vivente-dei-bambini-e-concerto-in-chiesa-madre-gli-appuntamenti-natalizi-di-domenica-18-dicembre\/"},"author":{"name":"admin","@id":"https:\/\/archiviocassano.lavocedelpaese.info\/#\/schema\/person\/df195bc79a9b4c35127cf005f92e041b"},"headline":"Presepe vivente dei bambini e Concerto in Chiesa Madre","datePublished":"2016-12-18T08:31:32+00:00","mainEntityOfPage":{"@id":"https:\/\/archiviocassano.lavocedelpaese.info\/index.php\/2016\/12\/18\/presepe-vivente-dei-bambini-e-concerto-in-chiesa-madre-gli-appuntamenti-natalizi-di-domenica-18-dicembre\/"},"wordCount":296,"commentCount":0,"publisher":{"@id":"https:\/\/archiviocassano.lavocedelpaese.info\/#organization"},"image":{"@id":"https:\/\/archiviocassano.lavocedelpaese.info\/index.php\/2016\/12\/18\/presepe-vivente-dei-bambini-e-concerto-in-chiesa-madre-gli-appuntamenti-natalizi-di-domenica-18-dicembre\/#primaryimage"},"thumbnailUrl":"https:\/\/archiviocassano.lavocedelpaese.info\/wp-content\/uploads\/2016\/12\/presepe_bambini.jpg","articleSection":["Appuntamenti"],"inLanguage":"it-IT","potentialAction":[{"@type":"CommentAction","name":"Comment","target":["https:\/\/archiviocassano.lavocedelpaese.info\/index.php\/2016\/12\/18\/presepe-vivente-dei-bambini-e-concerto-in-chiesa-madre-gli-appuntamenti-natalizi-di-domenica-18-dicembre\/#respond"]}]},{"@type":"WebPage","@id":"https:\/\/archiviocassano.lavocedelpaese.info\/index.php\/2016\/12\/18\/presepe-vivente-dei-bambini-e-concerto-in-chiesa-madre-gli-appuntamenti-natalizi-di-domenica-18-dicembre\/","url":"https:\/\/archiviocassano.lavocedelpaese.info\/index.php\/2016\/12\/18\/presepe-vivente-dei-bambini-e-concerto-in-chiesa-madre-gli-appuntamenti-natalizi-di-domenica-18-dicembre\/","name":"Presepe vivente dei bambini e Concerto in Chiesa Madre - Archivio CassanoWeb","isPartOf":{"@id":"https:\/\/archiviocassano.lavocedelpaese.info\/#website"},"primaryImageOfPage":{"@id":"https:\/\/archiviocassano.lavocedelpaese.info\/index.php\/2016\/12\/18\/presepe-vivente-dei-bambini-e-concerto-in-chiesa-madre-gli-appuntamenti-natalizi-di-domenica-18-dicembre\/#primaryimage"},"image":{"@id":"https:\/\/archiviocassano.lavocedelpaese.info\/index.php\/2016\/12\/18\/presepe-vivente-dei-bambini-e-concerto-in-chiesa-madre-gli-appuntamenti-natalizi-di-domenica-18-dicembre\/#primaryimage"},"thumbnailUrl":"https:\/\/archiviocassano.lavocedelpaese.info\/wp-content\/uploads\/2016\/12\/presepe_bambini.jpg","datePublished":"2016-12-18T08:31:32+00:00","breadcrumb":{"@id":"https:\/\/archiviocassano.lavocedelpaese.info\/index.php\/2016\/12\/18\/presepe-vivente-dei-bambini-e-concerto-in-chiesa-madre-gli-appuntamenti-natalizi-di-domenica-18-dicembre\/#breadcrumb"},"inLanguage":"it-IT","potentialAction":[{"@type":"ReadAction","target":["https:\/\/archiviocassano.lavocedelpaese.info\/index.php\/2016\/12\/18\/presepe-vivente-dei-bambini-e-concerto-in-chiesa-madre-gli-appuntamenti-natalizi-di-domenica-18-dicembre\/"]}]},{"@type":"ImageObject","inLanguage":"it-IT","@id":"https:\/\/archiviocassano.lavocedelpaese.info\/index.php\/2016\/12\/18\/presepe-vivente-dei-bambini-e-concerto-in-chiesa-madre-gli-appuntamenti-natalizi-di-domenica-18-dicembre\/#primaryimage","url":"https:\/\/archiviocassano.lavocedelpaese.info\/wp-content\/uploads\/2016\/12\/presepe_bambini.jpg","contentUrl":"https:\/\/archiviocassano.lavocedelpaese.info\/wp-content\/uploads\/2016\/12\/presepe_bambini.jpg","width":660,"height":368,"caption":"presepe bambini"},{"@type":"BreadcrumbList","@id":"https:\/\/archiviocassano.lavocedelpaese.info\/index.php\/2016\/12\/18\/presepe-vivente-dei-bambini-e-concerto-in-chiesa-madre-gli-appuntamenti-natalizi-di-domenica-18-dicembre\/#breadcrumb","itemListElement":[{"@type":"ListItem","position":1,"name":"Home","item":"https:\/\/archiviocassano.lavocedelpaese.info\/"},{"@type":"ListItem","position":2,"name":"Presepe vivente dei bambini e Concerto in Chiesa Madre"}]},{"@type":"WebSite","@id":"https:\/\/archiviocassano.lavocedelpaese.info\/#website","url":"https:\/\/archiviocassano.lavocedelpaese.info\/","name":"Archivio CassanoWeb","description":"La Voce del Paese - un network di idee","publisher":{"@id":"https:\/\/archiviocassano.lavocedelpaese.info\/#organization"},"potentialAction":[{"@type":"SearchAction","target":{"@type":"EntryPoint","urlTemplate":"https:\/\/archiviocassano.lavocedelpaese.info\/?s={search_term_string}"},"query-input":{"@type":"PropertyValueSpecification","valueRequired":true,"valueName":"search_term_string"}}],"inLanguage":"it-IT"},{"@type":"Organization","@id":"https:\/\/archiviocassano.lavocedelpaese.info\/#organization","name":"Archivio CassanoWeb","url":"https:\/\/archiviocassano.lavocedelpaese.info\/","logo":{"@type":"ImageObject","inLanguage":"it-IT","@id":"https:\/\/archiviocassano.lavocedelpaese.info\/#\/schema\/logo\/image\/","url":"https:\/\/archiviocassano.lavocedelpaese.info\/wp-content\/uploads\/2024\/08\/logo-rosso-2.png","contentUrl":"https:\/\/archiviocassano.lavocedelpaese.info\/wp-content\/uploads\/2024\/08\/logo-rosso-2.png","width":491,"height":432,"caption":"Archivio CassanoWeb"},"image":{"@id":"https:\/\/archiviocassano.lavocedelpaese.info\/#\/schema\/logo\/image\/"},"sameAs":["https:\/\/www.facebook.com\/redazione.cassanoweb"]},{"@type":"Person","@id":"https:\/\/archiviocassano.lavocedelpaese.info\/#\/schema\/person\/df195bc79a9b4c35127cf005f92e041b","name":"admin","image":{"@type":"ImageObject","inLanguage":"it-IT","@id":"https:\/\/secure.gravatar.com\/avatar\/eabba89a432e8eaa1b0207cc55f7e5340b22712b1ed80677efcf63e02ff5b235?s=96&d=mm&r=g","url":"https:\/\/secure.gravatar.com\/avatar\/eabba89a432e8eaa1b0207cc55f7e5340b22712b1ed80677efcf63e02ff5b235?s=96&d=mm&r=g","contentUrl":"https:\/\/secure.gravatar.com\/avatar\/eabba89a432e8eaa1b0207cc55f7e5340b22712b1ed80677efcf63e02ff5b235?s=96&d=mm&r=g","caption":"admin"},"sameAs":["https:\/\/archiviocassano.lavocedelpaese.info"],"url":"https:\/\/archiviocassano.lavocedelpaese.info\/index.php\/author\/admin_0qgz1xdp\/"}]}},"_links":{"self":[{"href":"https:\/\/archiviocassano.lavocedelpaese.info\/index.php\/wp-json\/wp\/v2\/posts\/13467","targetHints":{"allow":["GET"]}}],"collection":[{"href":"https:\/\/archiviocassano.lavocedelpaese.info\/index.php\/wp-json\/wp\/v2\/posts"}],"about":[{"href":"https:\/\/archiviocassano.lavocedelpaese.info\/index.php\/wp-json\/wp\/v2\/types\/post"}],"author":[{"embeddable":true,"href":"https:\/\/archiviocassano.lavocedelpaese.info\/index.php\/wp-json\/wp\/v2\/users\/1"}],"replies":[{"embeddable":true,"href":"https:\/\/archiviocassano.lavocedelpaese.info\/index.php\/wp-json\/wp\/v2\/comments?post=13467"}],"version-history":[{"count":0,"href":"https:\/\/archiviocassano.lavocedelpaese.info\/index.php\/wp-json\/wp\/v2\/posts\/13467\/revisions"}],"wp:featuredmedia":[{"embeddable":true,"href":"https:\/\/archiviocassano.lavocedelpaese.info\/index.php\/wp-json\/wp\/v2\/media\/13466"}],"wp:attachment":[{"href":"https:\/\/archiviocassano.lavocedelpaese.info\/index.php\/wp-json\/wp\/v2\/media?parent=13467"}],"wp:term":[{"taxonomy":"category","embeddable":true,"href":"https:\/\/archiviocassano.lavocedelpaese.info\/index.php\/wp-json\/wp\/v2\/categories?post=13467"},{"taxonomy":"post_tag","embeddable":true,"href":"https:\/\/archiviocassano.lavocedelpaese.info\/index.php\/wp-json\/wp\/v2\/tags?post=13467"}],"curies":[{"name":"wp","href":"https:\/\/api.w.org\/{rel}","templated":true}]}}