{"id":13489,"date":"2016-12-24T06:56:23","date_gmt":"2016-12-24T06:56:23","guid":{"rendered":"https:\/\/archiviocassano.lavocedelpaese.info\/index.php\/2016\/12\/24\/vigilia-in-piazza-moro-con-qbuon-natale-in-vespaq\/"},"modified":"2016-12-24T06:56:23","modified_gmt":"2016-12-24T06:56:23","slug":"vigilia-in-piazza-moro-con-qbuon-natale-in-vespaq","status":"publish","type":"post","link":"https:\/\/archiviocassano.lavocedelpaese.info\/index.php\/2016\/12\/24\/vigilia-in-piazza-moro-con-qbuon-natale-in-vespaq\/","title":{"rendered":"Vigilia in piazza Moro con &#8220;Babbo Natale Show&#8221;"},"content":{"rendered":"<p style=\"text-align: justify;\"><span style=\"text-decoration: line-through;\"><img loading=\"lazy\" decoding=\"async\" class=\" size-full wp-image-13487\" src=\"https:\/\/archiviocassano.lavocedelpaese.info\/wp-content\/uploads\/2016\/12\/Natale_in_Vespa_piccolo.jpg\" alt=\"Natale in Vespa piccolo\" height=\"150\" width=\"320\" \/><\/span><\/p>\n<p><!--more--><\/p>\n<p>Anche quest&#8217;anno Associativo volge al termine. Una anno anche questo che ci ha visti impegnati sul territorio con una serie di attivit\u00e0 gi\u00e0 a partire dal Marzo scorso e per tutto il corso della stagione associativa.<\/p>\n<div>&nbsp;<\/div>\n<div>Sebbene per ragioni diverse questa volta abbiamo dovuto rinunciare alla visita di Babbo Natale in Vespa nelle scuole come gi\u00e0 accadeva da tre anni, alla casa di Babbo Natale che l&#8217;anno scorso ha registrato un&#8217;ottima riuscita&#8230;.nonostante tutto volevamo confermare la Nostra presenza e collaborare alla realizzazione di un&#8217;iniziativa che poteva intrattenere, divertire e portare un po di entusiasmo ma soprattutto che ci desse l&#8217;opportunit\u00e0 anche quest&#8217;anno di&nbsp;condividere l&#8217;attesa del Santo Natale&nbsp;nonch\u00e9 l&#8217;inizio delle festivit\u00e0&nbsp;con i nostri compaesani.<\/div>\n<div>&nbsp;<\/div>\n<div style=\"text-align: justify;\">Per questo nasce il &#8220;Babbo Natale Show&#8221; un&#8217;iniziativa organizzata in collaborazione con Francesco Manfredi dell&#8217;Ass. Quarta eccedente, con la partecipazione della Marching Band, che ormai possiamo affermare essere partner del VespaClub Cassano, composta da Michele Fracchiolla, Francesco Pugliese, Alessio Anzivino, Franco Angiulo e Michele Biancofiore che intratterranno i presenti a ritmo di swing. Lo stesso swing suonato dai bravissimi musicisti professionisti sar\u00e0 ballato dai piccoli ballerini della scuola di danza &#8220;Il Gufo Canterino&#8221; rappresentata da Doris Tritto ed altra partner dell&#8217;iniziativa.<\/div>\n<div style=\"text-align: justify;\">Naturalmente l&#8217;occasione per ballare ci sar\u00e0 per tutti coloro che vorranno con Noi animare il pomeriggio almeno fino all&#8217;arrivo di Babbo Natale in Vespa che riserver\u00e0 ai presenti una gustosa sorpresa.<\/div>\n<div>&nbsp;<\/div>\n<div>Tuttavia mi preme sottolineare che come in ogni iniziativa \u00e8 importante la collaborazione e la sinergia tra diverse Associazioni. A questo proposito ci tengo a ringraziare il Presidente della Pro Loco Massimiliano Mallardi e tutti i componenti della stessa Pro Loco per aver anche in questa occasione contribuito all&#8217;organizzazione dell&#8217;iniziativa.<\/div>\n<div>&nbsp;<\/div>\n<div>Prezioso in questi casi, come lo \u00e8 stato per Noi durante tutte le attivit\u00e0 svolte nell&#8217;anno. \u00e8 sicuramente il&nbsp;sostegno da parte delle attivit\u00e0 commerciali e nello specifico del Bar Principe che ospiter\u00e0 l&#8217;Evento.<\/div>\n<div>&nbsp;<\/div>\n<div>Abbiamo anche quest&#8217;anno scelto di esternare il nostro affetto e la nostra gratitudine attraverso il grande manifesto affisso&nbsp;in P.zza Dante ma nonostante questo ci tengo a ringraziare a nome di tutto il&nbsp;VespaClub Cassano delle Murge coloro che da sempre seguono le Nostre attivit\u00e0, le Imprese e le attivit\u00e0 commerciali che collaborano, i cittadini che ci onorano della loro presenza&#8230;..rivolgendoci a Tutti&nbsp;rinnoviamo i Nostri pi\u00f9 calorosi e sinceri Auguri di Buone Feste con la promessa di continuare a portare in giro il nome del Nostro splendido Paese e di proseguire nell&#8217;organizzazione di iniziative che, attirando persone da fuori Paese,&nbsp;in qualche modo possano contribuire a promuovere il Nostro Territorio ed a riportare entusiasmo tra la comunit\u00e0.<\/div>\n<div>&nbsp;<\/div>\n<div style=\"text-align: right;\">Buone Feste<\/div>\n<div style=\"text-align: right;\">#vespaclubcassanodellemurge<\/div>\n<div style=\"text-align: right;\">&nbsp;<\/div>\n<div style=\"text-align: center;\"><img loading=\"lazy\" decoding=\"async\" class=\" size-full wp-image-13488\" src=\"https:\/\/archiviocassano.lavocedelpaese.info\/wp-content\/uploads\/2016\/12\/Natale_in_Vespa.jpg\" width=\"700\" height=\"700\" alt=\"Natale in Vespa\" style=\"margin-right: 2px; margin-left: 2px;\" srcset=\"https:\/\/archiviocassano.lavocedelpaese.info\/wp-content\/uploads\/2016\/12\/Natale_in_Vespa.jpg 960w, https:\/\/archiviocassano.lavocedelpaese.info\/wp-content\/uploads\/2016\/12\/Natale_in_Vespa-300x300.jpg 300w, https:\/\/archiviocassano.lavocedelpaese.info\/wp-content\/uploads\/2016\/12\/Natale_in_Vespa-150x150.jpg 150w, https:\/\/archiviocassano.lavocedelpaese.info\/wp-content\/uploads\/2016\/12\/Natale_in_Vespa-768x768.jpg 768w\" sizes=\"auto, (max-width: 700px) 100vw, 700px\" \/><\/div>\n<p>&nbsp;<\/p>\n<p>&nbsp;<\/p>\n","protected":false},"excerpt":{"rendered":"","protected":false},"author":1,"featured_media":13487,"comment_status":"open","ping_status":"closed","sticky":false,"template":"","format":"standard","meta":{"colormag_page_container_layout":"default_layout","colormag_page_sidebar_layout":"default_layout","footnotes":""},"categories":[11],"tags":[],"class_list":["post-13489","post","type-post","status-publish","format-standard","has-post-thumbnail","hentry","category-appuntamenti"],"yoast_head":"<!-- This site is optimized with the Yoast SEO plugin v27.5 - https:\/\/yoast.com\/product\/yoast-seo-wordpress\/ -->\n<title>Vigilia in piazza Moro con &quot;Babbo Natale Show&quot; - Archivio CassanoWeb<\/title>\n<meta name=\"robots\" content=\"index, follow, max-snippet:-1, max-image-preview:large, max-video-preview:-1\" \/>\n<link rel=\"canonical\" href=\"https:\/\/archiviocassano.lavocedelpaese.info\/index.php\/2016\/12\/24\/vigilia-in-piazza-moro-con-qbuon-natale-in-vespaq\/\" \/>\n<meta property=\"og:locale\" content=\"it_IT\" \/>\n<meta property=\"og:type\" content=\"article\" \/>\n<meta property=\"og:title\" content=\"Vigilia in piazza Moro con &quot;Babbo Natale Show&quot; - Archivio CassanoWeb\" \/>\n<meta property=\"og:url\" content=\"https:\/\/archiviocassano.lavocedelpaese.info\/index.php\/2016\/12\/24\/vigilia-in-piazza-moro-con-qbuon-natale-in-vespaq\/\" \/>\n<meta property=\"og:site_name\" content=\"Archivio CassanoWeb\" \/>\n<meta property=\"article:publisher\" content=\"https:\/\/www.facebook.com\/redazione.cassanoweb\" \/>\n<meta property=\"article:published_time\" content=\"2016-12-24T06:56:23+00:00\" \/>\n<meta property=\"og:image\" content=\"https:\/\/archiviocassano.lavocedelpaese.info\/wp-content\/uploads\/2016\/12\/Natale_in_Vespa_piccolo.jpg\" \/>\n\t<meta property=\"og:image:width\" content=\"600\" \/>\n\t<meta property=\"og:image:height\" content=\"310\" \/>\n\t<meta property=\"og:image:type\" content=\"image\/jpeg\" \/>\n<meta name=\"author\" content=\"admin\" \/>\n<meta name=\"twitter:card\" content=\"summary_large_image\" \/>\n<meta name=\"twitter:label1\" content=\"Scritto da\" \/>\n\t<meta name=\"twitter:data1\" content=\"admin\" \/>\n\t<meta name=\"twitter:label2\" content=\"Tempo di lettura stimato\" \/>\n\t<meta name=\"twitter:data2\" content=\"2 minuti\" \/>\n<script type=\"application\/ld+json\" class=\"yoast-schema-graph\">{\"@context\":\"https:\\\/\\\/schema.org\",\"@graph\":[{\"@type\":\"Article\",\"@id\":\"https:\\\/\\\/archiviocassano.lavocedelpaese.info\\\/index.php\\\/2016\\\/12\\\/24\\\/vigilia-in-piazza-moro-con-qbuon-natale-in-vespaq\\\/#article\",\"isPartOf\":{\"@id\":\"https:\\\/\\\/archiviocassano.lavocedelpaese.info\\\/index.php\\\/2016\\\/12\\\/24\\\/vigilia-in-piazza-moro-con-qbuon-natale-in-vespaq\\\/\"},\"author\":{\"name\":\"admin\",\"@id\":\"https:\\\/\\\/archiviocassano.lavocedelpaese.info\\\/#\\\/schema\\\/person\\\/df195bc79a9b4c35127cf005f92e041b\"},\"headline\":\"Vigilia in piazza Moro con &#8220;Babbo Natale Show&#8221;\",\"datePublished\":\"2016-12-24T06:56:23+00:00\",\"mainEntityOfPage\":{\"@id\":\"https:\\\/\\\/archiviocassano.lavocedelpaese.info\\\/index.php\\\/2016\\\/12\\\/24\\\/vigilia-in-piazza-moro-con-qbuon-natale-in-vespaq\\\/\"},\"wordCount\":477,\"commentCount\":0,\"publisher\":{\"@id\":\"https:\\\/\\\/archiviocassano.lavocedelpaese.info\\\/#organization\"},\"image\":{\"@id\":\"https:\\\/\\\/archiviocassano.lavocedelpaese.info\\\/index.php\\\/2016\\\/12\\\/24\\\/vigilia-in-piazza-moro-con-qbuon-natale-in-vespaq\\\/#primaryimage\"},\"thumbnailUrl\":\"https:\\\/\\\/archiviocassano.lavocedelpaese.info\\\/wp-content\\\/uploads\\\/2016\\\/12\\\/Natale_in_Vespa_piccolo.jpg\",\"articleSection\":[\"Appuntamenti\"],\"inLanguage\":\"it-IT\",\"potentialAction\":[{\"@type\":\"CommentAction\",\"name\":\"Comment\",\"target\":[\"https:\\\/\\\/archiviocassano.lavocedelpaese.info\\\/index.php\\\/2016\\\/12\\\/24\\\/vigilia-in-piazza-moro-con-qbuon-natale-in-vespaq\\\/#respond\"]}]},{\"@type\":\"WebPage\",\"@id\":\"https:\\\/\\\/archiviocassano.lavocedelpaese.info\\\/index.php\\\/2016\\\/12\\\/24\\\/vigilia-in-piazza-moro-con-qbuon-natale-in-vespaq\\\/\",\"url\":\"https:\\\/\\\/archiviocassano.lavocedelpaese.info\\\/index.php\\\/2016\\\/12\\\/24\\\/vigilia-in-piazza-moro-con-qbuon-natale-in-vespaq\\\/\",\"name\":\"Vigilia in piazza Moro con \\\"Babbo Natale Show\\\" - Archivio CassanoWeb\",\"isPartOf\":{\"@id\":\"https:\\\/\\\/archiviocassano.lavocedelpaese.info\\\/#website\"},\"primaryImageOfPage\":{\"@id\":\"https:\\\/\\\/archiviocassano.lavocedelpaese.info\\\/index.php\\\/2016\\\/12\\\/24\\\/vigilia-in-piazza-moro-con-qbuon-natale-in-vespaq\\\/#primaryimage\"},\"image\":{\"@id\":\"https:\\\/\\\/archiviocassano.lavocedelpaese.info\\\/index.php\\\/2016\\\/12\\\/24\\\/vigilia-in-piazza-moro-con-qbuon-natale-in-vespaq\\\/#primaryimage\"},\"thumbnailUrl\":\"https:\\\/\\\/archiviocassano.lavocedelpaese.info\\\/wp-content\\\/uploads\\\/2016\\\/12\\\/Natale_in_Vespa_piccolo.jpg\",\"datePublished\":\"2016-12-24T06:56:23+00:00\",\"breadcrumb\":{\"@id\":\"https:\\\/\\\/archiviocassano.lavocedelpaese.info\\\/index.php\\\/2016\\\/12\\\/24\\\/vigilia-in-piazza-moro-con-qbuon-natale-in-vespaq\\\/#breadcrumb\"},\"inLanguage\":\"it-IT\",\"potentialAction\":[{\"@type\":\"ReadAction\",\"target\":[\"https:\\\/\\\/archiviocassano.lavocedelpaese.info\\\/index.php\\\/2016\\\/12\\\/24\\\/vigilia-in-piazza-moro-con-qbuon-natale-in-vespaq\\\/\"]}]},{\"@type\":\"ImageObject\",\"inLanguage\":\"it-IT\",\"@id\":\"https:\\\/\\\/archiviocassano.lavocedelpaese.info\\\/index.php\\\/2016\\\/12\\\/24\\\/vigilia-in-piazza-moro-con-qbuon-natale-in-vespaq\\\/#primaryimage\",\"url\":\"https:\\\/\\\/archiviocassano.lavocedelpaese.info\\\/wp-content\\\/uploads\\\/2016\\\/12\\\/Natale_in_Vespa_piccolo.jpg\",\"contentUrl\":\"https:\\\/\\\/archiviocassano.lavocedelpaese.info\\\/wp-content\\\/uploads\\\/2016\\\/12\\\/Natale_in_Vespa_piccolo.jpg\",\"width\":600,\"height\":310,\"caption\":\"Natale in Vespa piccolo\"},{\"@type\":\"BreadcrumbList\",\"@id\":\"https:\\\/\\\/archiviocassano.lavocedelpaese.info\\\/index.php\\\/2016\\\/12\\\/24\\\/vigilia-in-piazza-moro-con-qbuon-natale-in-vespaq\\\/#breadcrumb\",\"itemListElement\":[{\"@type\":\"ListItem\",\"position\":1,\"name\":\"Home\",\"item\":\"https:\\\/\\\/archiviocassano.lavocedelpaese.info\\\/\"},{\"@type\":\"ListItem\",\"position\":2,\"name\":\"Vigilia in piazza Moro con &#8220;Babbo Natale Show&#8221;\"}]},{\"@type\":\"WebSite\",\"@id\":\"https:\\\/\\\/archiviocassano.lavocedelpaese.info\\\/#website\",\"url\":\"https:\\\/\\\/archiviocassano.lavocedelpaese.info\\\/\",\"name\":\"Archivio CassanoWeb\",\"description\":\"La Voce del Paese - un network di idee\",\"publisher\":{\"@id\":\"https:\\\/\\\/archiviocassano.lavocedelpaese.info\\\/#organization\"},\"potentialAction\":[{\"@type\":\"SearchAction\",\"target\":{\"@type\":\"EntryPoint\",\"urlTemplate\":\"https:\\\/\\\/archiviocassano.lavocedelpaese.info\\\/?s={search_term_string}\"},\"query-input\":{\"@type\":\"PropertyValueSpecification\",\"valueRequired\":true,\"valueName\":\"search_term_string\"}}],\"inLanguage\":\"it-IT\"},{\"@type\":\"Organization\",\"@id\":\"https:\\\/\\\/archiviocassano.lavocedelpaese.info\\\/#organization\",\"name\":\"Archivio CassanoWeb\",\"url\":\"https:\\\/\\\/archiviocassano.lavocedelpaese.info\\\/\",\"logo\":{\"@type\":\"ImageObject\",\"inLanguage\":\"it-IT\",\"@id\":\"https:\\\/\\\/archiviocassano.lavocedelpaese.info\\\/#\\\/schema\\\/logo\\\/image\\\/\",\"url\":\"https:\\\/\\\/archiviocassano.lavocedelpaese.info\\\/wp-content\\\/uploads\\\/2024\\\/08\\\/logo-rosso-2.png\",\"contentUrl\":\"https:\\\/\\\/archiviocassano.lavocedelpaese.info\\\/wp-content\\\/uploads\\\/2024\\\/08\\\/logo-rosso-2.png\",\"width\":491,\"height\":432,\"caption\":\"Archivio CassanoWeb\"},\"image\":{\"@id\":\"https:\\\/\\\/archiviocassano.lavocedelpaese.info\\\/#\\\/schema\\\/logo\\\/image\\\/\"},\"sameAs\":[\"https:\\\/\\\/www.facebook.com\\\/redazione.cassanoweb\"]},{\"@type\":\"Person\",\"@id\":\"https:\\\/\\\/archiviocassano.lavocedelpaese.info\\\/#\\\/schema\\\/person\\\/df195bc79a9b4c35127cf005f92e041b\",\"name\":\"admin\",\"image\":{\"@type\":\"ImageObject\",\"inLanguage\":\"it-IT\",\"@id\":\"https:\\\/\\\/secure.gravatar.com\\\/avatar\\\/eabba89a432e8eaa1b0207cc55f7e5340b22712b1ed80677efcf63e02ff5b235?s=96&d=mm&r=g\",\"url\":\"https:\\\/\\\/secure.gravatar.com\\\/avatar\\\/eabba89a432e8eaa1b0207cc55f7e5340b22712b1ed80677efcf63e02ff5b235?s=96&d=mm&r=g\",\"contentUrl\":\"https:\\\/\\\/secure.gravatar.com\\\/avatar\\\/eabba89a432e8eaa1b0207cc55f7e5340b22712b1ed80677efcf63e02ff5b235?s=96&d=mm&r=g\",\"caption\":\"admin\"},\"sameAs\":[\"https:\\\/\\\/archiviocassano.lavocedelpaese.info\"],\"url\":\"https:\\\/\\\/archiviocassano.lavocedelpaese.info\\\/index.php\\\/author\\\/admin_0qgz1xdp\\\/\"}]}<\/script>\n<!-- \/ Yoast SEO plugin. -->","yoast_head_json":{"title":"Vigilia in piazza Moro con \"Babbo Natale Show\" - Archivio CassanoWeb","robots":{"index":"index","follow":"follow","max-snippet":"max-snippet:-1","max-image-preview":"max-image-preview:large","max-video-preview":"max-video-preview:-1"},"canonical":"https:\/\/archiviocassano.lavocedelpaese.info\/index.php\/2016\/12\/24\/vigilia-in-piazza-moro-con-qbuon-natale-in-vespaq\/","og_locale":"it_IT","og_type":"article","og_title":"Vigilia in piazza Moro con \"Babbo Natale Show\" - Archivio CassanoWeb","og_url":"https:\/\/archiviocassano.lavocedelpaese.info\/index.php\/2016\/12\/24\/vigilia-in-piazza-moro-con-qbuon-natale-in-vespaq\/","og_site_name":"Archivio CassanoWeb","article_publisher":"https:\/\/www.facebook.com\/redazione.cassanoweb","article_published_time":"2016-12-24T06:56:23+00:00","og_image":[{"width":600,"height":310,"url":"https:\/\/archiviocassano.lavocedelpaese.info\/wp-content\/uploads\/2016\/12\/Natale_in_Vespa_piccolo.jpg","type":"image\/jpeg"}],"author":"admin","twitter_card":"summary_large_image","twitter_misc":{"Scritto da":"admin","Tempo di lettura stimato":"2 minuti"},"schema":{"@context":"https:\/\/schema.org","@graph":[{"@type":"Article","@id":"https:\/\/archiviocassano.lavocedelpaese.info\/index.php\/2016\/12\/24\/vigilia-in-piazza-moro-con-qbuon-natale-in-vespaq\/#article","isPartOf":{"@id":"https:\/\/archiviocassano.lavocedelpaese.info\/index.php\/2016\/12\/24\/vigilia-in-piazza-moro-con-qbuon-natale-in-vespaq\/"},"author":{"name":"admin","@id":"https:\/\/archiviocassano.lavocedelpaese.info\/#\/schema\/person\/df195bc79a9b4c35127cf005f92e041b"},"headline":"Vigilia in piazza Moro con &#8220;Babbo Natale Show&#8221;","datePublished":"2016-12-24T06:56:23+00:00","mainEntityOfPage":{"@id":"https:\/\/archiviocassano.lavocedelpaese.info\/index.php\/2016\/12\/24\/vigilia-in-piazza-moro-con-qbuon-natale-in-vespaq\/"},"wordCount":477,"commentCount":0,"publisher":{"@id":"https:\/\/archiviocassano.lavocedelpaese.info\/#organization"},"image":{"@id":"https:\/\/archiviocassano.lavocedelpaese.info\/index.php\/2016\/12\/24\/vigilia-in-piazza-moro-con-qbuon-natale-in-vespaq\/#primaryimage"},"thumbnailUrl":"https:\/\/archiviocassano.lavocedelpaese.info\/wp-content\/uploads\/2016\/12\/Natale_in_Vespa_piccolo.jpg","articleSection":["Appuntamenti"],"inLanguage":"it-IT","potentialAction":[{"@type":"CommentAction","name":"Comment","target":["https:\/\/archiviocassano.lavocedelpaese.info\/index.php\/2016\/12\/24\/vigilia-in-piazza-moro-con-qbuon-natale-in-vespaq\/#respond"]}]},{"@type":"WebPage","@id":"https:\/\/archiviocassano.lavocedelpaese.info\/index.php\/2016\/12\/24\/vigilia-in-piazza-moro-con-qbuon-natale-in-vespaq\/","url":"https:\/\/archiviocassano.lavocedelpaese.info\/index.php\/2016\/12\/24\/vigilia-in-piazza-moro-con-qbuon-natale-in-vespaq\/","name":"Vigilia in piazza Moro con \"Babbo Natale Show\" - Archivio CassanoWeb","isPartOf":{"@id":"https:\/\/archiviocassano.lavocedelpaese.info\/#website"},"primaryImageOfPage":{"@id":"https:\/\/archiviocassano.lavocedelpaese.info\/index.php\/2016\/12\/24\/vigilia-in-piazza-moro-con-qbuon-natale-in-vespaq\/#primaryimage"},"image":{"@id":"https:\/\/archiviocassano.lavocedelpaese.info\/index.php\/2016\/12\/24\/vigilia-in-piazza-moro-con-qbuon-natale-in-vespaq\/#primaryimage"},"thumbnailUrl":"https:\/\/archiviocassano.lavocedelpaese.info\/wp-content\/uploads\/2016\/12\/Natale_in_Vespa_piccolo.jpg","datePublished":"2016-12-24T06:56:23+00:00","breadcrumb":{"@id":"https:\/\/archiviocassano.lavocedelpaese.info\/index.php\/2016\/12\/24\/vigilia-in-piazza-moro-con-qbuon-natale-in-vespaq\/#breadcrumb"},"inLanguage":"it-IT","potentialAction":[{"@type":"ReadAction","target":["https:\/\/archiviocassano.lavocedelpaese.info\/index.php\/2016\/12\/24\/vigilia-in-piazza-moro-con-qbuon-natale-in-vespaq\/"]}]},{"@type":"ImageObject","inLanguage":"it-IT","@id":"https:\/\/archiviocassano.lavocedelpaese.info\/index.php\/2016\/12\/24\/vigilia-in-piazza-moro-con-qbuon-natale-in-vespaq\/#primaryimage","url":"https:\/\/archiviocassano.lavocedelpaese.info\/wp-content\/uploads\/2016\/12\/Natale_in_Vespa_piccolo.jpg","contentUrl":"https:\/\/archiviocassano.lavocedelpaese.info\/wp-content\/uploads\/2016\/12\/Natale_in_Vespa_piccolo.jpg","width":600,"height":310,"caption":"Natale in Vespa piccolo"},{"@type":"BreadcrumbList","@id":"https:\/\/archiviocassano.lavocedelpaese.info\/index.php\/2016\/12\/24\/vigilia-in-piazza-moro-con-qbuon-natale-in-vespaq\/#breadcrumb","itemListElement":[{"@type":"ListItem","position":1,"name":"Home","item":"https:\/\/archiviocassano.lavocedelpaese.info\/"},{"@type":"ListItem","position":2,"name":"Vigilia in piazza Moro con &#8220;Babbo Natale Show&#8221;"}]},{"@type":"WebSite","@id":"https:\/\/archiviocassano.lavocedelpaese.info\/#website","url":"https:\/\/archiviocassano.lavocedelpaese.info\/","name":"Archivio CassanoWeb","description":"La Voce del Paese - un network di idee","publisher":{"@id":"https:\/\/archiviocassano.lavocedelpaese.info\/#organization"},"potentialAction":[{"@type":"SearchAction","target":{"@type":"EntryPoint","urlTemplate":"https:\/\/archiviocassano.lavocedelpaese.info\/?s={search_term_string}"},"query-input":{"@type":"PropertyValueSpecification","valueRequired":true,"valueName":"search_term_string"}}],"inLanguage":"it-IT"},{"@type":"Organization","@id":"https:\/\/archiviocassano.lavocedelpaese.info\/#organization","name":"Archivio CassanoWeb","url":"https:\/\/archiviocassano.lavocedelpaese.info\/","logo":{"@type":"ImageObject","inLanguage":"it-IT","@id":"https:\/\/archiviocassano.lavocedelpaese.info\/#\/schema\/logo\/image\/","url":"https:\/\/archiviocassano.lavocedelpaese.info\/wp-content\/uploads\/2024\/08\/logo-rosso-2.png","contentUrl":"https:\/\/archiviocassano.lavocedelpaese.info\/wp-content\/uploads\/2024\/08\/logo-rosso-2.png","width":491,"height":432,"caption":"Archivio CassanoWeb"},"image":{"@id":"https:\/\/archiviocassano.lavocedelpaese.info\/#\/schema\/logo\/image\/"},"sameAs":["https:\/\/www.facebook.com\/redazione.cassanoweb"]},{"@type":"Person","@id":"https:\/\/archiviocassano.lavocedelpaese.info\/#\/schema\/person\/df195bc79a9b4c35127cf005f92e041b","name":"admin","image":{"@type":"ImageObject","inLanguage":"it-IT","@id":"https:\/\/secure.gravatar.com\/avatar\/eabba89a432e8eaa1b0207cc55f7e5340b22712b1ed80677efcf63e02ff5b235?s=96&d=mm&r=g","url":"https:\/\/secure.gravatar.com\/avatar\/eabba89a432e8eaa1b0207cc55f7e5340b22712b1ed80677efcf63e02ff5b235?s=96&d=mm&r=g","contentUrl":"https:\/\/secure.gravatar.com\/avatar\/eabba89a432e8eaa1b0207cc55f7e5340b22712b1ed80677efcf63e02ff5b235?s=96&d=mm&r=g","caption":"admin"},"sameAs":["https:\/\/archiviocassano.lavocedelpaese.info"],"url":"https:\/\/archiviocassano.lavocedelpaese.info\/index.php\/author\/admin_0qgz1xdp\/"}]}},"_links":{"self":[{"href":"https:\/\/archiviocassano.lavocedelpaese.info\/index.php\/wp-json\/wp\/v2\/posts\/13489","targetHints":{"allow":["GET"]}}],"collection":[{"href":"https:\/\/archiviocassano.lavocedelpaese.info\/index.php\/wp-json\/wp\/v2\/posts"}],"about":[{"href":"https:\/\/archiviocassano.lavocedelpaese.info\/index.php\/wp-json\/wp\/v2\/types\/post"}],"author":[{"embeddable":true,"href":"https:\/\/archiviocassano.lavocedelpaese.info\/index.php\/wp-json\/wp\/v2\/users\/1"}],"replies":[{"embeddable":true,"href":"https:\/\/archiviocassano.lavocedelpaese.info\/index.php\/wp-json\/wp\/v2\/comments?post=13489"}],"version-history":[{"count":0,"href":"https:\/\/archiviocassano.lavocedelpaese.info\/index.php\/wp-json\/wp\/v2\/posts\/13489\/revisions"}],"wp:featuredmedia":[{"embeddable":true,"href":"https:\/\/archiviocassano.lavocedelpaese.info\/index.php\/wp-json\/wp\/v2\/media\/13487"}],"wp:attachment":[{"href":"https:\/\/archiviocassano.lavocedelpaese.info\/index.php\/wp-json\/wp\/v2\/media?parent=13489"}],"wp:term":[{"taxonomy":"category","embeddable":true,"href":"https:\/\/archiviocassano.lavocedelpaese.info\/index.php\/wp-json\/wp\/v2\/categories?post=13489"},{"taxonomy":"post_tag","embeddable":true,"href":"https:\/\/archiviocassano.lavocedelpaese.info\/index.php\/wp-json\/wp\/v2\/tags?post=13489"}],"curies":[{"name":"wp","href":"https:\/\/api.w.org\/{rel}","templated":true}]}}