{"id":1351,"date":"2010-04-28T07:05:20","date_gmt":"2010-04-28T07:05:20","guid":{"rendered":"https:\/\/archiviocassano.lavocedelpaese.info\/index.php\/2010\/04\/28\/passa-il-bilancio-2010-il-primo-dellera-di-medio\/"},"modified":"2010-04-28T07:05:20","modified_gmt":"2010-04-28T07:05:20","slug":"passa-il-bilancio-2010-il-primo-dellera-di-medio","status":"publish","type":"post","link":"https:\/\/archiviocassano.lavocedelpaese.info\/index.php\/2010\/04\/28\/passa-il-bilancio-2010-il-primo-dellera-di-medio\/","title":{"rendered":"PASSA IL BILANCIO 2010, IL PRIMO DELL\u2019ERA DI MEDIO"},"content":{"rendered":"<p><img loading=\"lazy\" decoding=\"async\" class=\" alignleft size-full wp-image-939\" style=\"margin: 2px; float: left;\" alt=\"maggioranza\" src=\"https:\/\/archiviocassano.lavocedelpaese.info\/wp-content\/uploads\/2010\/02\/maggioranza.jpg\" width=\"320\" height=\"150\" srcset=\"https:\/\/archiviocassano.lavocedelpaese.info\/wp-content\/uploads\/2010\/02\/maggioranza.jpg 640w, https:\/\/archiviocassano.lavocedelpaese.info\/wp-content\/uploads\/2010\/02\/maggioranza-300x141.jpg 300w\" sizes=\"auto, (max-width: 320px) 100vw, 320px\" \/> <\/p>\n<p><!--more--><\/p>\n<p style=\"text-align: justify;\">Approvato a maggioranza il Bilancio di Previsione 2010, nel Consiglio Comunale di ieri sera: ha votato a favore il PdL mentre il \u201cno\u201d \u00e8 arrivato dalla minoranza, compatta, di \u201cNuova Ideadomani\u201d (NID) e Partito Democratico.\u00a0 Assente Gentile (IdV).<\/p>\n<div style=\"text-align: justify;\"><\/div>\n<p style=\"text-align: justify;\">Tema principale dello scontro: l\u2019aumento della tassa sui rifiuti pari al 10%. \u201c<em>Un adeguamento contrattuale, mai riconosciuto e sempre reclamato dalla ditta<\/em>\u201d, secondo <strong>il sindaco Di Medio<\/strong>. Un aumento che non viene compensato \u201c<em>da nessun miglioramento dei servizio<\/em>\u201d, per <strong>Teodoro Santorsola<\/strong>, capogruppo di NID.<\/p>\n<div style=\"text-align: justify;\"><\/div>\n<p style=\"text-align: justify;\">L\u2019adeguamento della tariffa ha animato il dibattito in questi giorni, dividendo il paese fra chi diceva che questo \u00e8 un brutto biglietto da visita per la nuova amministrazione, a neppure un anno dal suo insediamento e chi, invece, attribuiva la responsabilit\u00e0 al governo precedente a guida Gentile-Santorsola che ha stipulato quei contratti, che oggi vanno onorati e pagati, cosa non sempre accaduta in passato.<\/p>\n<div style=\"text-align: justify;\"><\/div>\n<p style=\"text-align: justify;\">I due schieramenti si sono ripetuti in Consiglio Comunale dove, al di l\u00e0 dei distinguo tecnici su cui torneremo nei prossimi giorni per opportuni approfondimenti, ci si \u00e8 rimpallata la responsabilit\u00e0, con il sindaco Di Medio che \u2013 assentatasi dal Consiglio per una riunione urgente in Regione sul tema rifiuti, su cui convocher\u00e0 nei prossimi giorni una assemblea cittadina \u2013 ribadiva la necessit\u00e0 di fare fronte comune per quella che si preannuncia come una vera e propria emergenza.<\/p>\n<div style=\"text-align: justify;\"><\/div>\n<p style=\"text-align: justify;\">Tornando al punto, NID ha giudicato \u201c<em>privo di prospettiva, asfittico, senza una \u201cvisione\u201d il Bilancio di questa amministrazione, che essendo il primo doveva indicare delle direzioni, un cammino verso cui portare la citt\u00e0, coniugando benessere, sviluppo e rigore\u201d.<\/em> Il gruppo di opposizione del centrosinistra, invece, per bocca di <strong>Rico Arganese<\/strong> \u201c<em>ha compreso le difficolt\u00e0 debitorie nel quale si \u00e8 dibattuto l\u2019Assessore al Bilancio, Ciccio Antelmi, alle prese con continue emergenze\u201d <\/em>per cui \u00e8 venuto fuori <em>\u201cun Bilancio ingessato, che gestisce l\u2019esistente, senza guizzi o prospettive e comunque con grandi carenze quali il sostegno alle famiglie, quello alle imprese e al commercio, la cultura, il turismo, l&#8217;agricoltura\u201d.<\/em><\/p>\n<div style=\"text-align: justify;\"><\/div>\n<p style=\"text-align: justify;\"><strong>Antelmi<\/strong> e il Sindaco hanno difeso le proprie scelte, quelle della intera amministrazione, alle prese \u201cc<em>on situazioni ben diverse rispetto a quelle che ci attendevamo\u201d <\/em>e verso le quali si \u00e8 dovuto far fronte con tagli alla spesa e razionalizzazioni,<em> \u201cmai dimenticando \u2013 <\/em>ha detto Antelmi<em> \u2013 che circa il 60% del Bilancio \u00e8 fatto di spese che non si possono toccare: dal personale ai mutui alle assicurazioni\u201d.<\/em><\/p>\n<div style=\"text-align: justify;\"><\/div>\n<p style=\"text-align: justify;\"><strong>L\u2019Assessore al Bilancio<\/strong> ha poi rivendicato \u201c<em>una trasparenza che non si vedeva da anni nel Comune: abbiamo messo a disposizione di chiunque la Relazione Tecnica, dando in mano ai cittadini uno strumento che fin\u2019ora veniva dato solo ai consiglieri ed ai tecnici. Chiunque ha potuto confrontare tabelle, dati e previsioni\u201d.<\/em><\/p>\n<p style=\"text-align: justify;\">Oltre al Bilancio 2010, il Consiglio ha &#8220;preso atto&#8221; del Piano Sociale di Zona, illustrato dall&#8217;Assessore ai Servizi Sociali, <strong>Angela Contursi.<\/strong><\/p>\n<p style=\"text-align: justify;\">Approvato, infine, un Piano di Lottizzazione di iniziativa privata: nuove villette plurifamiliari\u00a0 &#8211; con zona a verde, locali commerciali e parcheggio &#8211; sorgeranno sui terreni alle spalle della Caserma dei Carabinieri. Il Piano era gi\u00e0 stato adottato dalla scorsa amministrazione, in una delle ultime sedute consiliari.<\/p>\n","protected":false},"excerpt":{"rendered":"","protected":false},"author":1,"featured_media":939,"comment_status":"open","ping_status":"closed","sticky":false,"template":"","format":"standard","meta":{"colormag_page_container_layout":"default_layout","colormag_page_sidebar_layout":"default_layout","footnotes":""},"categories":[7],"tags":[],"class_list":["post-1351","post","type-post","status-publish","format-standard","has-post-thumbnail","hentry","category-attualita"],"yoast_head":"<!-- This site is optimized with the Yoast SEO plugin v27.5 - https:\/\/yoast.com\/product\/yoast-seo-wordpress\/ -->\n<title>PASSA IL BILANCIO 2010, IL PRIMO DELL\u2019ERA DI MEDIO - Archivio CassanoWeb<\/title>\n<meta name=\"robots\" content=\"index, follow, max-snippet:-1, max-image-preview:large, max-video-preview:-1\" \/>\n<link rel=\"canonical\" href=\"https:\/\/archiviocassano.lavocedelpaese.info\/index.php\/2010\/04\/28\/passa-il-bilancio-2010-il-primo-dellera-di-medio\/\" \/>\n<meta property=\"og:locale\" content=\"it_IT\" \/>\n<meta property=\"og:type\" content=\"article\" \/>\n<meta property=\"og:title\" content=\"PASSA IL BILANCIO 2010, IL PRIMO DELL\u2019ERA DI MEDIO - Archivio CassanoWeb\" \/>\n<meta property=\"og:url\" content=\"https:\/\/archiviocassano.lavocedelpaese.info\/index.php\/2010\/04\/28\/passa-il-bilancio-2010-il-primo-dellera-di-medio\/\" \/>\n<meta property=\"og:site_name\" content=\"Archivio CassanoWeb\" \/>\n<meta property=\"article:publisher\" content=\"https:\/\/www.facebook.com\/redazione.cassanoweb\" \/>\n<meta property=\"article:published_time\" content=\"2010-04-28T07:05:20+00:00\" \/>\n<meta property=\"og:image\" content=\"https:\/\/archiviocassano.lavocedelpaese.info\/wp-content\/uploads\/2010\/02\/maggioranza.jpg\" \/>\n\t<meta property=\"og:image:width\" content=\"640\" \/>\n\t<meta property=\"og:image:height\" content=\"300\" \/>\n\t<meta property=\"og:image:type\" content=\"image\/jpeg\" \/>\n<meta name=\"author\" content=\"admin\" \/>\n<meta name=\"twitter:card\" content=\"summary_large_image\" \/>\n<meta name=\"twitter:label1\" content=\"Scritto da\" \/>\n\t<meta name=\"twitter:data1\" content=\"admin\" \/>\n\t<meta name=\"twitter:label2\" content=\"Tempo di lettura stimato\" \/>\n\t<meta name=\"twitter:data2\" content=\"3 minuti\" \/>\n<script type=\"application\/ld+json\" class=\"yoast-schema-graph\">{\"@context\":\"https:\\\/\\\/schema.org\",\"@graph\":[{\"@type\":\"Article\",\"@id\":\"https:\\\/\\\/archiviocassano.lavocedelpaese.info\\\/index.php\\\/2010\\\/04\\\/28\\\/passa-il-bilancio-2010-il-primo-dellera-di-medio\\\/#article\",\"isPartOf\":{\"@id\":\"https:\\\/\\\/archiviocassano.lavocedelpaese.info\\\/index.php\\\/2010\\\/04\\\/28\\\/passa-il-bilancio-2010-il-primo-dellera-di-medio\\\/\"},\"author\":{\"name\":\"admin\",\"@id\":\"https:\\\/\\\/archiviocassano.lavocedelpaese.info\\\/#\\\/schema\\\/person\\\/df195bc79a9b4c35127cf005f92e041b\"},\"headline\":\"PASSA IL BILANCIO 2010, IL PRIMO DELL\u2019ERA DI MEDIO\",\"datePublished\":\"2010-04-28T07:05:20+00:00\",\"mainEntityOfPage\":{\"@id\":\"https:\\\/\\\/archiviocassano.lavocedelpaese.info\\\/index.php\\\/2010\\\/04\\\/28\\\/passa-il-bilancio-2010-il-primo-dellera-di-medio\\\/\"},\"wordCount\":517,\"commentCount\":0,\"publisher\":{\"@id\":\"https:\\\/\\\/archiviocassano.lavocedelpaese.info\\\/#organization\"},\"image\":{\"@id\":\"https:\\\/\\\/archiviocassano.lavocedelpaese.info\\\/index.php\\\/2010\\\/04\\\/28\\\/passa-il-bilancio-2010-il-primo-dellera-di-medio\\\/#primaryimage\"},\"thumbnailUrl\":\"https:\\\/\\\/archiviocassano.lavocedelpaese.info\\\/wp-content\\\/uploads\\\/2010\\\/02\\\/maggioranza.jpg\",\"articleSection\":[\"Attualit\u00e0\"],\"inLanguage\":\"it-IT\",\"potentialAction\":[{\"@type\":\"CommentAction\",\"name\":\"Comment\",\"target\":[\"https:\\\/\\\/archiviocassano.lavocedelpaese.info\\\/index.php\\\/2010\\\/04\\\/28\\\/passa-il-bilancio-2010-il-primo-dellera-di-medio\\\/#respond\"]}]},{\"@type\":\"WebPage\",\"@id\":\"https:\\\/\\\/archiviocassano.lavocedelpaese.info\\\/index.php\\\/2010\\\/04\\\/28\\\/passa-il-bilancio-2010-il-primo-dellera-di-medio\\\/\",\"url\":\"https:\\\/\\\/archiviocassano.lavocedelpaese.info\\\/index.php\\\/2010\\\/04\\\/28\\\/passa-il-bilancio-2010-il-primo-dellera-di-medio\\\/\",\"name\":\"PASSA IL BILANCIO 2010, IL PRIMO DELL\u2019ERA DI MEDIO - Archivio CassanoWeb\",\"isPartOf\":{\"@id\":\"https:\\\/\\\/archiviocassano.lavocedelpaese.info\\\/#website\"},\"primaryImageOfPage\":{\"@id\":\"https:\\\/\\\/archiviocassano.lavocedelpaese.info\\\/index.php\\\/2010\\\/04\\\/28\\\/passa-il-bilancio-2010-il-primo-dellera-di-medio\\\/#primaryimage\"},\"image\":{\"@id\":\"https:\\\/\\\/archiviocassano.lavocedelpaese.info\\\/index.php\\\/2010\\\/04\\\/28\\\/passa-il-bilancio-2010-il-primo-dellera-di-medio\\\/#primaryimage\"},\"thumbnailUrl\":\"https:\\\/\\\/archiviocassano.lavocedelpaese.info\\\/wp-content\\\/uploads\\\/2010\\\/02\\\/maggioranza.jpg\",\"datePublished\":\"2010-04-28T07:05:20+00:00\",\"breadcrumb\":{\"@id\":\"https:\\\/\\\/archiviocassano.lavocedelpaese.info\\\/index.php\\\/2010\\\/04\\\/28\\\/passa-il-bilancio-2010-il-primo-dellera-di-medio\\\/#breadcrumb\"},\"inLanguage\":\"it-IT\",\"potentialAction\":[{\"@type\":\"ReadAction\",\"target\":[\"https:\\\/\\\/archiviocassano.lavocedelpaese.info\\\/index.php\\\/2010\\\/04\\\/28\\\/passa-il-bilancio-2010-il-primo-dellera-di-medio\\\/\"]}]},{\"@type\":\"ImageObject\",\"inLanguage\":\"it-IT\",\"@id\":\"https:\\\/\\\/archiviocassano.lavocedelpaese.info\\\/index.php\\\/2010\\\/04\\\/28\\\/passa-il-bilancio-2010-il-primo-dellera-di-medio\\\/#primaryimage\",\"url\":\"https:\\\/\\\/archiviocassano.lavocedelpaese.info\\\/wp-content\\\/uploads\\\/2010\\\/02\\\/maggioranza.jpg\",\"contentUrl\":\"https:\\\/\\\/archiviocassano.lavocedelpaese.info\\\/wp-content\\\/uploads\\\/2010\\\/02\\\/maggioranza.jpg\",\"width\":640,\"height\":300,\"caption\":\"maggioranza\"},{\"@type\":\"BreadcrumbList\",\"@id\":\"https:\\\/\\\/archiviocassano.lavocedelpaese.info\\\/index.php\\\/2010\\\/04\\\/28\\\/passa-il-bilancio-2010-il-primo-dellera-di-medio\\\/#breadcrumb\",\"itemListElement\":[{\"@type\":\"ListItem\",\"position\":1,\"name\":\"Home\",\"item\":\"https:\\\/\\\/archiviocassano.lavocedelpaese.info\\\/\"},{\"@type\":\"ListItem\",\"position\":2,\"name\":\"PASSA IL BILANCIO 2010, IL PRIMO DELL\u2019ERA DI MEDIO\"}]},{\"@type\":\"WebSite\",\"@id\":\"https:\\\/\\\/archiviocassano.lavocedelpaese.info\\\/#website\",\"url\":\"https:\\\/\\\/archiviocassano.lavocedelpaese.info\\\/\",\"name\":\"Archivio CassanoWeb\",\"description\":\"La Voce del Paese - un network di idee\",\"publisher\":{\"@id\":\"https:\\\/\\\/archiviocassano.lavocedelpaese.info\\\/#organization\"},\"potentialAction\":[{\"@type\":\"SearchAction\",\"target\":{\"@type\":\"EntryPoint\",\"urlTemplate\":\"https:\\\/\\\/archiviocassano.lavocedelpaese.info\\\/?s={search_term_string}\"},\"query-input\":{\"@type\":\"PropertyValueSpecification\",\"valueRequired\":true,\"valueName\":\"search_term_string\"}}],\"inLanguage\":\"it-IT\"},{\"@type\":\"Organization\",\"@id\":\"https:\\\/\\\/archiviocassano.lavocedelpaese.info\\\/#organization\",\"name\":\"Archivio CassanoWeb\",\"url\":\"https:\\\/\\\/archiviocassano.lavocedelpaese.info\\\/\",\"logo\":{\"@type\":\"ImageObject\",\"inLanguage\":\"it-IT\",\"@id\":\"https:\\\/\\\/archiviocassano.lavocedelpaese.info\\\/#\\\/schema\\\/logo\\\/image\\\/\",\"url\":\"https:\\\/\\\/archiviocassano.lavocedelpaese.info\\\/wp-content\\\/uploads\\\/2024\\\/08\\\/logo-rosso-2.png\",\"contentUrl\":\"https:\\\/\\\/archiviocassano.lavocedelpaese.info\\\/wp-content\\\/uploads\\\/2024\\\/08\\\/logo-rosso-2.png\",\"width\":491,\"height\":432,\"caption\":\"Archivio CassanoWeb\"},\"image\":{\"@id\":\"https:\\\/\\\/archiviocassano.lavocedelpaese.info\\\/#\\\/schema\\\/logo\\\/image\\\/\"},\"sameAs\":[\"https:\\\/\\\/www.facebook.com\\\/redazione.cassanoweb\"]},{\"@type\":\"Person\",\"@id\":\"https:\\\/\\\/archiviocassano.lavocedelpaese.info\\\/#\\\/schema\\\/person\\\/df195bc79a9b4c35127cf005f92e041b\",\"name\":\"admin\",\"image\":{\"@type\":\"ImageObject\",\"inLanguage\":\"it-IT\",\"@id\":\"https:\\\/\\\/secure.gravatar.com\\\/avatar\\\/eabba89a432e8eaa1b0207cc55f7e5340b22712b1ed80677efcf63e02ff5b235?s=96&d=mm&r=g\",\"url\":\"https:\\\/\\\/secure.gravatar.com\\\/avatar\\\/eabba89a432e8eaa1b0207cc55f7e5340b22712b1ed80677efcf63e02ff5b235?s=96&d=mm&r=g\",\"contentUrl\":\"https:\\\/\\\/secure.gravatar.com\\\/avatar\\\/eabba89a432e8eaa1b0207cc55f7e5340b22712b1ed80677efcf63e02ff5b235?s=96&d=mm&r=g\",\"caption\":\"admin\"},\"sameAs\":[\"https:\\\/\\\/archiviocassano.lavocedelpaese.info\"],\"url\":\"https:\\\/\\\/archiviocassano.lavocedelpaese.info\\\/index.php\\\/author\\\/admin_0qgz1xdp\\\/\"}]}<\/script>\n<!-- \/ Yoast SEO plugin. -->","yoast_head_json":{"title":"PASSA IL BILANCIO 2010, IL PRIMO DELL\u2019ERA DI MEDIO - Archivio CassanoWeb","robots":{"index":"index","follow":"follow","max-snippet":"max-snippet:-1","max-image-preview":"max-image-preview:large","max-video-preview":"max-video-preview:-1"},"canonical":"https:\/\/archiviocassano.lavocedelpaese.info\/index.php\/2010\/04\/28\/passa-il-bilancio-2010-il-primo-dellera-di-medio\/","og_locale":"it_IT","og_type":"article","og_title":"PASSA IL BILANCIO 2010, IL PRIMO DELL\u2019ERA DI MEDIO - Archivio CassanoWeb","og_url":"https:\/\/archiviocassano.lavocedelpaese.info\/index.php\/2010\/04\/28\/passa-il-bilancio-2010-il-primo-dellera-di-medio\/","og_site_name":"Archivio CassanoWeb","article_publisher":"https:\/\/www.facebook.com\/redazione.cassanoweb","article_published_time":"2010-04-28T07:05:20+00:00","og_image":[{"width":640,"height":300,"url":"https:\/\/archiviocassano.lavocedelpaese.info\/wp-content\/uploads\/2010\/02\/maggioranza.jpg","type":"image\/jpeg"}],"author":"admin","twitter_card":"summary_large_image","twitter_misc":{"Scritto da":"admin","Tempo di lettura stimato":"3 minuti"},"schema":{"@context":"https:\/\/schema.org","@graph":[{"@type":"Article","@id":"https:\/\/archiviocassano.lavocedelpaese.info\/index.php\/2010\/04\/28\/passa-il-bilancio-2010-il-primo-dellera-di-medio\/#article","isPartOf":{"@id":"https:\/\/archiviocassano.lavocedelpaese.info\/index.php\/2010\/04\/28\/passa-il-bilancio-2010-il-primo-dellera-di-medio\/"},"author":{"name":"admin","@id":"https:\/\/archiviocassano.lavocedelpaese.info\/#\/schema\/person\/df195bc79a9b4c35127cf005f92e041b"},"headline":"PASSA IL BILANCIO 2010, IL PRIMO DELL\u2019ERA DI MEDIO","datePublished":"2010-04-28T07:05:20+00:00","mainEntityOfPage":{"@id":"https:\/\/archiviocassano.lavocedelpaese.info\/index.php\/2010\/04\/28\/passa-il-bilancio-2010-il-primo-dellera-di-medio\/"},"wordCount":517,"commentCount":0,"publisher":{"@id":"https:\/\/archiviocassano.lavocedelpaese.info\/#organization"},"image":{"@id":"https:\/\/archiviocassano.lavocedelpaese.info\/index.php\/2010\/04\/28\/passa-il-bilancio-2010-il-primo-dellera-di-medio\/#primaryimage"},"thumbnailUrl":"https:\/\/archiviocassano.lavocedelpaese.info\/wp-content\/uploads\/2010\/02\/maggioranza.jpg","articleSection":["Attualit\u00e0"],"inLanguage":"it-IT","potentialAction":[{"@type":"CommentAction","name":"Comment","target":["https:\/\/archiviocassano.lavocedelpaese.info\/index.php\/2010\/04\/28\/passa-il-bilancio-2010-il-primo-dellera-di-medio\/#respond"]}]},{"@type":"WebPage","@id":"https:\/\/archiviocassano.lavocedelpaese.info\/index.php\/2010\/04\/28\/passa-il-bilancio-2010-il-primo-dellera-di-medio\/","url":"https:\/\/archiviocassano.lavocedelpaese.info\/index.php\/2010\/04\/28\/passa-il-bilancio-2010-il-primo-dellera-di-medio\/","name":"PASSA IL BILANCIO 2010, IL PRIMO DELL\u2019ERA DI MEDIO - Archivio CassanoWeb","isPartOf":{"@id":"https:\/\/archiviocassano.lavocedelpaese.info\/#website"},"primaryImageOfPage":{"@id":"https:\/\/archiviocassano.lavocedelpaese.info\/index.php\/2010\/04\/28\/passa-il-bilancio-2010-il-primo-dellera-di-medio\/#primaryimage"},"image":{"@id":"https:\/\/archiviocassano.lavocedelpaese.info\/index.php\/2010\/04\/28\/passa-il-bilancio-2010-il-primo-dellera-di-medio\/#primaryimage"},"thumbnailUrl":"https:\/\/archiviocassano.lavocedelpaese.info\/wp-content\/uploads\/2010\/02\/maggioranza.jpg","datePublished":"2010-04-28T07:05:20+00:00","breadcrumb":{"@id":"https:\/\/archiviocassano.lavocedelpaese.info\/index.php\/2010\/04\/28\/passa-il-bilancio-2010-il-primo-dellera-di-medio\/#breadcrumb"},"inLanguage":"it-IT","potentialAction":[{"@type":"ReadAction","target":["https:\/\/archiviocassano.lavocedelpaese.info\/index.php\/2010\/04\/28\/passa-il-bilancio-2010-il-primo-dellera-di-medio\/"]}]},{"@type":"ImageObject","inLanguage":"it-IT","@id":"https:\/\/archiviocassano.lavocedelpaese.info\/index.php\/2010\/04\/28\/passa-il-bilancio-2010-il-primo-dellera-di-medio\/#primaryimage","url":"https:\/\/archiviocassano.lavocedelpaese.info\/wp-content\/uploads\/2010\/02\/maggioranza.jpg","contentUrl":"https:\/\/archiviocassano.lavocedelpaese.info\/wp-content\/uploads\/2010\/02\/maggioranza.jpg","width":640,"height":300,"caption":"maggioranza"},{"@type":"BreadcrumbList","@id":"https:\/\/archiviocassano.lavocedelpaese.info\/index.php\/2010\/04\/28\/passa-il-bilancio-2010-il-primo-dellera-di-medio\/#breadcrumb","itemListElement":[{"@type":"ListItem","position":1,"name":"Home","item":"https:\/\/archiviocassano.lavocedelpaese.info\/"},{"@type":"ListItem","position":2,"name":"PASSA IL BILANCIO 2010, IL PRIMO DELL\u2019ERA DI MEDIO"}]},{"@type":"WebSite","@id":"https:\/\/archiviocassano.lavocedelpaese.info\/#website","url":"https:\/\/archiviocassano.lavocedelpaese.info\/","name":"Archivio CassanoWeb","description":"La Voce del Paese - un network di idee","publisher":{"@id":"https:\/\/archiviocassano.lavocedelpaese.info\/#organization"},"potentialAction":[{"@type":"SearchAction","target":{"@type":"EntryPoint","urlTemplate":"https:\/\/archiviocassano.lavocedelpaese.info\/?s={search_term_string}"},"query-input":{"@type":"PropertyValueSpecification","valueRequired":true,"valueName":"search_term_string"}}],"inLanguage":"it-IT"},{"@type":"Organization","@id":"https:\/\/archiviocassano.lavocedelpaese.info\/#organization","name":"Archivio CassanoWeb","url":"https:\/\/archiviocassano.lavocedelpaese.info\/","logo":{"@type":"ImageObject","inLanguage":"it-IT","@id":"https:\/\/archiviocassano.lavocedelpaese.info\/#\/schema\/logo\/image\/","url":"https:\/\/archiviocassano.lavocedelpaese.info\/wp-content\/uploads\/2024\/08\/logo-rosso-2.png","contentUrl":"https:\/\/archiviocassano.lavocedelpaese.info\/wp-content\/uploads\/2024\/08\/logo-rosso-2.png","width":491,"height":432,"caption":"Archivio CassanoWeb"},"image":{"@id":"https:\/\/archiviocassano.lavocedelpaese.info\/#\/schema\/logo\/image\/"},"sameAs":["https:\/\/www.facebook.com\/redazione.cassanoweb"]},{"@type":"Person","@id":"https:\/\/archiviocassano.lavocedelpaese.info\/#\/schema\/person\/df195bc79a9b4c35127cf005f92e041b","name":"admin","image":{"@type":"ImageObject","inLanguage":"it-IT","@id":"https:\/\/secure.gravatar.com\/avatar\/eabba89a432e8eaa1b0207cc55f7e5340b22712b1ed80677efcf63e02ff5b235?s=96&d=mm&r=g","url":"https:\/\/secure.gravatar.com\/avatar\/eabba89a432e8eaa1b0207cc55f7e5340b22712b1ed80677efcf63e02ff5b235?s=96&d=mm&r=g","contentUrl":"https:\/\/secure.gravatar.com\/avatar\/eabba89a432e8eaa1b0207cc55f7e5340b22712b1ed80677efcf63e02ff5b235?s=96&d=mm&r=g","caption":"admin"},"sameAs":["https:\/\/archiviocassano.lavocedelpaese.info"],"url":"https:\/\/archiviocassano.lavocedelpaese.info\/index.php\/author\/admin_0qgz1xdp\/"}]}},"_links":{"self":[{"href":"https:\/\/archiviocassano.lavocedelpaese.info\/index.php\/wp-json\/wp\/v2\/posts\/1351","targetHints":{"allow":["GET"]}}],"collection":[{"href":"https:\/\/archiviocassano.lavocedelpaese.info\/index.php\/wp-json\/wp\/v2\/posts"}],"about":[{"href":"https:\/\/archiviocassano.lavocedelpaese.info\/index.php\/wp-json\/wp\/v2\/types\/post"}],"author":[{"embeddable":true,"href":"https:\/\/archiviocassano.lavocedelpaese.info\/index.php\/wp-json\/wp\/v2\/users\/1"}],"replies":[{"embeddable":true,"href":"https:\/\/archiviocassano.lavocedelpaese.info\/index.php\/wp-json\/wp\/v2\/comments?post=1351"}],"version-history":[{"count":0,"href":"https:\/\/archiviocassano.lavocedelpaese.info\/index.php\/wp-json\/wp\/v2\/posts\/1351\/revisions"}],"wp:featuredmedia":[{"embeddable":true,"href":"https:\/\/archiviocassano.lavocedelpaese.info\/index.php\/wp-json\/wp\/v2\/media\/939"}],"wp:attachment":[{"href":"https:\/\/archiviocassano.lavocedelpaese.info\/index.php\/wp-json\/wp\/v2\/media?parent=1351"}],"wp:term":[{"taxonomy":"category","embeddable":true,"href":"https:\/\/archiviocassano.lavocedelpaese.info\/index.php\/wp-json\/wp\/v2\/categories?post=1351"},{"taxonomy":"post_tag","embeddable":true,"href":"https:\/\/archiviocassano.lavocedelpaese.info\/index.php\/wp-json\/wp\/v2\/tags?post=1351"}],"curies":[{"name":"wp","href":"https:\/\/api.w.org\/{rel}","templated":true}]}}