{"id":1355,"date":"2010-04-29T07:40:49","date_gmt":"2010-04-29T07:40:49","guid":{"rendered":"https:\/\/archiviocassano.lavocedelpaese.info\/index.php\/2010\/04\/29\/si-inaugura-domani-arte-al-colonnato\/"},"modified":"2010-04-29T07:40:49","modified_gmt":"2010-04-29T07:40:49","slug":"si-inaugura-domani-arte-al-colonnato","status":"publish","type":"post","link":"https:\/\/archiviocassano.lavocedelpaese.info\/index.php\/2010\/04\/29\/si-inaugura-domani-arte-al-colonnato\/","title":{"rendered":"SI INAUGURA DOMANI \u201cARTE AL COLONNATO\u201d"},"content":{"rendered":"<p><img loading=\"lazy\" decoding=\"async\" alt=\"arte_al_colonnato\" src=\"images\/stories\/archiviofoto\/arte_al_colonnato.jpg\" width=\"320\" height=\"150\" \/><\/p>\n<p><!--more--><\/p>\n<p style=\"text-align: justify;\">Si inaugura domani 30 aprile alle 10,30 presso la Sala del Colonnato del Palazzo della Provincia di Bari sul Lungomare Nazario Sauro, la mostra d\u2019arte contemporanea \u201c<strong>ARTE AL COLONNATO-TRA ARCHITETTURA E CONTEMPORANEITA\u2019\u201d,<\/strong> aperta al pubblico fino al 10 maggio 2010.<\/p>\n<div style=\"text-align: justify;\"><\/div>\n<p style=\"text-align: justify;\">Curatrice della mostra \u00e8 Antonella Colaninno: nata a Napoli nel 1969, vive ad Acquaviva delle Fonti.\u00a0 Curatrice e critico d\u2019arte, dal 2000 \u00e8 Presidente dell\u2019Associazione Culturale Novart di Acquaviva, che per cinque anni ha promosso l\u2019arte con un\u2019esposizione permanente nella quale hanno ruotato artisti diversi presenti nel panorama internazionale. Nel 2009 ha realizzato un Progetto itinerante (dal 30 Agosto all\u20198 Settembre 2009 ad Acquaviva delle Fonti e dal 4 Ottobre al 4 Novembre 2009 a Bitritto) intitolato \u201cEn-Dix\u201d nato da un idea di Massimo Nardi che si \u00e8 proposto di portare l\u2019arte contemporanea all\u2019interno di importanti strutture\u00a0 pugliesi di importanza storico artistica.<\/p>\n<div style=\"text-align: justify;\"><\/div>\n<p style=\"text-align: justify;\">Ad Antonella abbiamo posto alcune domande sulla mostra.<\/p>\n<div style=\"text-align: justify;\"><\/div>\n<p style=\"text-align: justify;\">\u00a0<\/p>\n<div style=\"text-align: justify;\"><\/div>\n<p style=\"text-align: justify;\"><strong>Com\u2019\u00e8 nato questo progetto?<\/strong><\/p>\n<div style=\"text-align: justify;\"><\/div>\n<p style=\"text-align: justify;\">\u00abQuesta mostra \u00e8 nata da un\u2019idea di Massimo Nardi su cui \u00e8 stato sviluppato il progetto e la cura di cui mi sono occupata io. \u201cArte al Colonnato\u201d nasce dall\u2019idea di voler ricordare l\u2019importanza di Bari come centro di una intensa attivit\u00e0 di scambi interculturali, ponte sul Mediterraneo. Sin dall\u2019antichit\u00e0 la citt\u00e0 \u00e8 stata considerata la porta d\u2019Oriente, centro nevralgico del potere bizantino in occidente, capoluogo prima del Thema di Langobardia in IX secolo e poi del Catepanato d\u2019Italia; il Palazzo del Catepano aveva sede nell\u2019area della basilica nicolaiana e la stessa Basilica del Santo di Myra attesta l\u2019importanza marittima della citt\u00e0 che trafug\u00f2 le ossa del Santo in terra di Licia in Asia Minore, attuale Turchia. Il mare con le sue potenzialit\u00e0 di comunicazione ha reso \u201cmobili\u201d le radici di questa citt\u00e0 pugliese, solidali le culture del Mediterraneo, condivisibile l\u2019ambiente. Per questo si \u00e8 pensato ad una tematica sull\u2019acqua che facesse riflettere non solo sulle sue grandi potenzialit\u00e0 di comunicazione, ma anche sulla bellezza dei suoi colori e delle sue trasparenze e sul suo valore come fonte primaria di vita negli equilibri del nostro ecosistema. Il Palazzo della Provincia sul Lungomare Nazario Sauro rappresenta oggi, il simbolo della citt\u00e0. Costruito nel 1932, per l\u2019esigenza di avere una sede di governo pi\u00f9 ampia, \u00e8 un modello di edilizia fascista, espressione della forza del regime e della potenza espansionistica della citt\u00e0. E&#8217; sede della Pinacoteca Provinciale Corrado Giaquinto\u00bb.<\/p>\n<div style=\"text-align: justify;\"><\/div>\n<div style=\"text-align: justify;\"><\/div>\n<p style=\"text-align: justify;\"><strong>Quanti sono gli artisti che hanno preso parte ad \u201cArte al Colonnato\u201d?<\/strong><\/p>\n<div style=\"text-align: justify;\"><\/div>\n<p style=\"text-align: justify;\">\u00abSono dodici, prevalentemente pugliesi ma non solo, uno da Massa Carrara, due dalla Provincia di Napoli e Salerno. Le opere esposte in mostra sono di:<strong> <\/strong>Angelo ACCARDI,\u00a0Giuseppe AVERSA, Leonardo\u00a0BASILE, della scultrice Francesca\u00a0BIANCONI, Cesare\u00a0CASSONE, dell\u2019acquavivese Umberto COLAPINTO in arte Kuber, Amedeo \u00a0DEL GIUDICE,\u00a0Ferruccio\u00a0MAGARAGGIA, Massimo NARDI, del barese Michele ROCCOTELLI, Emanuele\u00a0RUBINI, Francesco\u00a0SILVESTRI.<strong> <\/strong>Il catalogo della mostra \u00e8 pubblicato da Digilabs\u00a0Editore.<strong> <\/strong><\/p>\n<div style=\"text-align: justify;\"><\/div>\n<div style=\"text-align: justify;\"><\/div>\n<p style=\"text-align: justify;\">All\u2019inaugurazione della mostra interverr\u00e0: il Presidente della Provincia prof. Francesco Schittulli, l&#8217;Assessore alla Cultura, Turismo, Sport e Tempo libero dott. Trifone Altieri, la Dott. ssa Chiara Gelao Direttrice della Pinacoteca Provinciale di Bari, il prof. Gaetano Mongelli docente di Storia dell\u2019Arte Moderna e Contemporanea presso l\u2019Universit\u00e0 degli Studi di Bari. Io far\u00f2 un intervento\u00a0 di presentazione.<\/p>\n<div style=\"text-align: justify;\"><\/div>\n<p style=\"text-align: justify;\">Tra le collaborazioni non bisogna dimenticare il Sito dell\u2019Arte, portale web di diffusione di eventi culturali su scala nazionale, la Galleria d\u2019Arte Contemporanea Frida Arte che gentilmente ci ha concesso due opere, il Centro d\u2019Arte e Cultura \u201cLeonardo Da Vinci\u201d di Leonardo Basile con sede a Santo Spirito e l\u2019Associazione Culturale Novart di Acquaviva delle Fonti che io rappresento\u00bb.<\/p>\n","protected":false},"excerpt":{"rendered":"","protected":false},"author":1,"featured_media":0,"comment_status":"open","ping_status":"closed","sticky":false,"template":"","format":"standard","meta":{"colormag_page_container_layout":"default_layout","colormag_page_sidebar_layout":"default_layout","footnotes":""},"categories":[6],"tags":[],"class_list":["post-1355","post","type-post","status-publish","format-standard","hentry","category-cultura"],"yoast_head":"<!-- This site is optimized with the Yoast SEO plugin v27.5 - https:\/\/yoast.com\/product\/yoast-seo-wordpress\/ -->\n<title>SI INAUGURA DOMANI \u201cARTE AL COLONNATO\u201d - Archivio CassanoWeb<\/title>\n<meta name=\"robots\" content=\"index, follow, max-snippet:-1, max-image-preview:large, max-video-preview:-1\" \/>\n<link rel=\"canonical\" href=\"https:\/\/archiviocassano.lavocedelpaese.info\/index.php\/2010\/04\/29\/si-inaugura-domani-arte-al-colonnato\/\" \/>\n<meta property=\"og:locale\" content=\"it_IT\" \/>\n<meta property=\"og:type\" content=\"article\" \/>\n<meta property=\"og:title\" content=\"SI INAUGURA DOMANI \u201cARTE AL COLONNATO\u201d - Archivio CassanoWeb\" \/>\n<meta property=\"og:url\" content=\"https:\/\/archiviocassano.lavocedelpaese.info\/index.php\/2010\/04\/29\/si-inaugura-domani-arte-al-colonnato\/\" \/>\n<meta property=\"og:site_name\" content=\"Archivio CassanoWeb\" \/>\n<meta property=\"article:publisher\" content=\"https:\/\/www.facebook.com\/redazione.cassanoweb\" \/>\n<meta property=\"article:published_time\" content=\"2010-04-29T07:40:49+00:00\" \/>\n<meta name=\"author\" content=\"admin\" \/>\n<meta name=\"twitter:card\" content=\"summary_large_image\" \/>\n<meta name=\"twitter:label1\" content=\"Scritto da\" \/>\n\t<meta name=\"twitter:data1\" content=\"admin\" \/>\n\t<meta name=\"twitter:label2\" content=\"Tempo di lettura stimato\" \/>\n\t<meta name=\"twitter:data2\" content=\"3 minuti\" \/>\n<script type=\"application\/ld+json\" class=\"yoast-schema-graph\">{\"@context\":\"https:\\\/\\\/schema.org\",\"@graph\":[{\"@type\":\"Article\",\"@id\":\"https:\\\/\\\/archiviocassano.lavocedelpaese.info\\\/index.php\\\/2010\\\/04\\\/29\\\/si-inaugura-domani-arte-al-colonnato\\\/#article\",\"isPartOf\":{\"@id\":\"https:\\\/\\\/archiviocassano.lavocedelpaese.info\\\/index.php\\\/2010\\\/04\\\/29\\\/si-inaugura-domani-arte-al-colonnato\\\/\"},\"author\":{\"name\":\"admin\",\"@id\":\"https:\\\/\\\/archiviocassano.lavocedelpaese.info\\\/#\\\/schema\\\/person\\\/df195bc79a9b4c35127cf005f92e041b\"},\"headline\":\"SI INAUGURA DOMANI \u201cARTE AL COLONNATO\u201d\",\"datePublished\":\"2010-04-29T07:40:49+00:00\",\"mainEntityOfPage\":{\"@id\":\"https:\\\/\\\/archiviocassano.lavocedelpaese.info\\\/index.php\\\/2010\\\/04\\\/29\\\/si-inaugura-domani-arte-al-colonnato\\\/\"},\"wordCount\":596,\"commentCount\":0,\"publisher\":{\"@id\":\"https:\\\/\\\/archiviocassano.lavocedelpaese.info\\\/#organization\"},\"articleSection\":[\"Cultura\"],\"inLanguage\":\"it-IT\",\"potentialAction\":[{\"@type\":\"CommentAction\",\"name\":\"Comment\",\"target\":[\"https:\\\/\\\/archiviocassano.lavocedelpaese.info\\\/index.php\\\/2010\\\/04\\\/29\\\/si-inaugura-domani-arte-al-colonnato\\\/#respond\"]}]},{\"@type\":\"WebPage\",\"@id\":\"https:\\\/\\\/archiviocassano.lavocedelpaese.info\\\/index.php\\\/2010\\\/04\\\/29\\\/si-inaugura-domani-arte-al-colonnato\\\/\",\"url\":\"https:\\\/\\\/archiviocassano.lavocedelpaese.info\\\/index.php\\\/2010\\\/04\\\/29\\\/si-inaugura-domani-arte-al-colonnato\\\/\",\"name\":\"SI INAUGURA DOMANI \u201cARTE AL COLONNATO\u201d - Archivio CassanoWeb\",\"isPartOf\":{\"@id\":\"https:\\\/\\\/archiviocassano.lavocedelpaese.info\\\/#website\"},\"datePublished\":\"2010-04-29T07:40:49+00:00\",\"breadcrumb\":{\"@id\":\"https:\\\/\\\/archiviocassano.lavocedelpaese.info\\\/index.php\\\/2010\\\/04\\\/29\\\/si-inaugura-domani-arte-al-colonnato\\\/#breadcrumb\"},\"inLanguage\":\"it-IT\",\"potentialAction\":[{\"@type\":\"ReadAction\",\"target\":[\"https:\\\/\\\/archiviocassano.lavocedelpaese.info\\\/index.php\\\/2010\\\/04\\\/29\\\/si-inaugura-domani-arte-al-colonnato\\\/\"]}]},{\"@type\":\"BreadcrumbList\",\"@id\":\"https:\\\/\\\/archiviocassano.lavocedelpaese.info\\\/index.php\\\/2010\\\/04\\\/29\\\/si-inaugura-domani-arte-al-colonnato\\\/#breadcrumb\",\"itemListElement\":[{\"@type\":\"ListItem\",\"position\":1,\"name\":\"Home\",\"item\":\"https:\\\/\\\/archiviocassano.lavocedelpaese.info\\\/\"},{\"@type\":\"ListItem\",\"position\":2,\"name\":\"SI INAUGURA DOMANI \u201cARTE AL COLONNATO\u201d\"}]},{\"@type\":\"WebSite\",\"@id\":\"https:\\\/\\\/archiviocassano.lavocedelpaese.info\\\/#website\",\"url\":\"https:\\\/\\\/archiviocassano.lavocedelpaese.info\\\/\",\"name\":\"Archivio CassanoWeb\",\"description\":\"La Voce del Paese - un network di idee\",\"publisher\":{\"@id\":\"https:\\\/\\\/archiviocassano.lavocedelpaese.info\\\/#organization\"},\"potentialAction\":[{\"@type\":\"SearchAction\",\"target\":{\"@type\":\"EntryPoint\",\"urlTemplate\":\"https:\\\/\\\/archiviocassano.lavocedelpaese.info\\\/?s={search_term_string}\"},\"query-input\":{\"@type\":\"PropertyValueSpecification\",\"valueRequired\":true,\"valueName\":\"search_term_string\"}}],\"inLanguage\":\"it-IT\"},{\"@type\":\"Organization\",\"@id\":\"https:\\\/\\\/archiviocassano.lavocedelpaese.info\\\/#organization\",\"name\":\"Archivio CassanoWeb\",\"url\":\"https:\\\/\\\/archiviocassano.lavocedelpaese.info\\\/\",\"logo\":{\"@type\":\"ImageObject\",\"inLanguage\":\"it-IT\",\"@id\":\"https:\\\/\\\/archiviocassano.lavocedelpaese.info\\\/#\\\/schema\\\/logo\\\/image\\\/\",\"url\":\"https:\\\/\\\/archiviocassano.lavocedelpaese.info\\\/wp-content\\\/uploads\\\/2024\\\/08\\\/logo-rosso-2.png\",\"contentUrl\":\"https:\\\/\\\/archiviocassano.lavocedelpaese.info\\\/wp-content\\\/uploads\\\/2024\\\/08\\\/logo-rosso-2.png\",\"width\":491,\"height\":432,\"caption\":\"Archivio CassanoWeb\"},\"image\":{\"@id\":\"https:\\\/\\\/archiviocassano.lavocedelpaese.info\\\/#\\\/schema\\\/logo\\\/image\\\/\"},\"sameAs\":[\"https:\\\/\\\/www.facebook.com\\\/redazione.cassanoweb\"]},{\"@type\":\"Person\",\"@id\":\"https:\\\/\\\/archiviocassano.lavocedelpaese.info\\\/#\\\/schema\\\/person\\\/df195bc79a9b4c35127cf005f92e041b\",\"name\":\"admin\",\"image\":{\"@type\":\"ImageObject\",\"inLanguage\":\"it-IT\",\"@id\":\"https:\\\/\\\/secure.gravatar.com\\\/avatar\\\/eabba89a432e8eaa1b0207cc55f7e5340b22712b1ed80677efcf63e02ff5b235?s=96&d=mm&r=g\",\"url\":\"https:\\\/\\\/secure.gravatar.com\\\/avatar\\\/eabba89a432e8eaa1b0207cc55f7e5340b22712b1ed80677efcf63e02ff5b235?s=96&d=mm&r=g\",\"contentUrl\":\"https:\\\/\\\/secure.gravatar.com\\\/avatar\\\/eabba89a432e8eaa1b0207cc55f7e5340b22712b1ed80677efcf63e02ff5b235?s=96&d=mm&r=g\",\"caption\":\"admin\"},\"sameAs\":[\"https:\\\/\\\/archiviocassano.lavocedelpaese.info\"],\"url\":\"https:\\\/\\\/archiviocassano.lavocedelpaese.info\\\/index.php\\\/author\\\/admin_0qgz1xdp\\\/\"}]}<\/script>\n<!-- \/ Yoast SEO plugin. -->","yoast_head_json":{"title":"SI INAUGURA DOMANI \u201cARTE AL COLONNATO\u201d - Archivio CassanoWeb","robots":{"index":"index","follow":"follow","max-snippet":"max-snippet:-1","max-image-preview":"max-image-preview:large","max-video-preview":"max-video-preview:-1"},"canonical":"https:\/\/archiviocassano.lavocedelpaese.info\/index.php\/2010\/04\/29\/si-inaugura-domani-arte-al-colonnato\/","og_locale":"it_IT","og_type":"article","og_title":"SI INAUGURA DOMANI \u201cARTE AL COLONNATO\u201d - Archivio CassanoWeb","og_url":"https:\/\/archiviocassano.lavocedelpaese.info\/index.php\/2010\/04\/29\/si-inaugura-domani-arte-al-colonnato\/","og_site_name":"Archivio CassanoWeb","article_publisher":"https:\/\/www.facebook.com\/redazione.cassanoweb","article_published_time":"2010-04-29T07:40:49+00:00","author":"admin","twitter_card":"summary_large_image","twitter_misc":{"Scritto da":"admin","Tempo di lettura stimato":"3 minuti"},"schema":{"@context":"https:\/\/schema.org","@graph":[{"@type":"Article","@id":"https:\/\/archiviocassano.lavocedelpaese.info\/index.php\/2010\/04\/29\/si-inaugura-domani-arte-al-colonnato\/#article","isPartOf":{"@id":"https:\/\/archiviocassano.lavocedelpaese.info\/index.php\/2010\/04\/29\/si-inaugura-domani-arte-al-colonnato\/"},"author":{"name":"admin","@id":"https:\/\/archiviocassano.lavocedelpaese.info\/#\/schema\/person\/df195bc79a9b4c35127cf005f92e041b"},"headline":"SI INAUGURA DOMANI \u201cARTE AL COLONNATO\u201d","datePublished":"2010-04-29T07:40:49+00:00","mainEntityOfPage":{"@id":"https:\/\/archiviocassano.lavocedelpaese.info\/index.php\/2010\/04\/29\/si-inaugura-domani-arte-al-colonnato\/"},"wordCount":596,"commentCount":0,"publisher":{"@id":"https:\/\/archiviocassano.lavocedelpaese.info\/#organization"},"articleSection":["Cultura"],"inLanguage":"it-IT","potentialAction":[{"@type":"CommentAction","name":"Comment","target":["https:\/\/archiviocassano.lavocedelpaese.info\/index.php\/2010\/04\/29\/si-inaugura-domani-arte-al-colonnato\/#respond"]}]},{"@type":"WebPage","@id":"https:\/\/archiviocassano.lavocedelpaese.info\/index.php\/2010\/04\/29\/si-inaugura-domani-arte-al-colonnato\/","url":"https:\/\/archiviocassano.lavocedelpaese.info\/index.php\/2010\/04\/29\/si-inaugura-domani-arte-al-colonnato\/","name":"SI INAUGURA DOMANI \u201cARTE AL COLONNATO\u201d - Archivio CassanoWeb","isPartOf":{"@id":"https:\/\/archiviocassano.lavocedelpaese.info\/#website"},"datePublished":"2010-04-29T07:40:49+00:00","breadcrumb":{"@id":"https:\/\/archiviocassano.lavocedelpaese.info\/index.php\/2010\/04\/29\/si-inaugura-domani-arte-al-colonnato\/#breadcrumb"},"inLanguage":"it-IT","potentialAction":[{"@type":"ReadAction","target":["https:\/\/archiviocassano.lavocedelpaese.info\/index.php\/2010\/04\/29\/si-inaugura-domani-arte-al-colonnato\/"]}]},{"@type":"BreadcrumbList","@id":"https:\/\/archiviocassano.lavocedelpaese.info\/index.php\/2010\/04\/29\/si-inaugura-domani-arte-al-colonnato\/#breadcrumb","itemListElement":[{"@type":"ListItem","position":1,"name":"Home","item":"https:\/\/archiviocassano.lavocedelpaese.info\/"},{"@type":"ListItem","position":2,"name":"SI INAUGURA DOMANI \u201cARTE AL COLONNATO\u201d"}]},{"@type":"WebSite","@id":"https:\/\/archiviocassano.lavocedelpaese.info\/#website","url":"https:\/\/archiviocassano.lavocedelpaese.info\/","name":"Archivio CassanoWeb","description":"La Voce del Paese - un network di idee","publisher":{"@id":"https:\/\/archiviocassano.lavocedelpaese.info\/#organization"},"potentialAction":[{"@type":"SearchAction","target":{"@type":"EntryPoint","urlTemplate":"https:\/\/archiviocassano.lavocedelpaese.info\/?s={search_term_string}"},"query-input":{"@type":"PropertyValueSpecification","valueRequired":true,"valueName":"search_term_string"}}],"inLanguage":"it-IT"},{"@type":"Organization","@id":"https:\/\/archiviocassano.lavocedelpaese.info\/#organization","name":"Archivio CassanoWeb","url":"https:\/\/archiviocassano.lavocedelpaese.info\/","logo":{"@type":"ImageObject","inLanguage":"it-IT","@id":"https:\/\/archiviocassano.lavocedelpaese.info\/#\/schema\/logo\/image\/","url":"https:\/\/archiviocassano.lavocedelpaese.info\/wp-content\/uploads\/2024\/08\/logo-rosso-2.png","contentUrl":"https:\/\/archiviocassano.lavocedelpaese.info\/wp-content\/uploads\/2024\/08\/logo-rosso-2.png","width":491,"height":432,"caption":"Archivio CassanoWeb"},"image":{"@id":"https:\/\/archiviocassano.lavocedelpaese.info\/#\/schema\/logo\/image\/"},"sameAs":["https:\/\/www.facebook.com\/redazione.cassanoweb"]},{"@type":"Person","@id":"https:\/\/archiviocassano.lavocedelpaese.info\/#\/schema\/person\/df195bc79a9b4c35127cf005f92e041b","name":"admin","image":{"@type":"ImageObject","inLanguage":"it-IT","@id":"https:\/\/secure.gravatar.com\/avatar\/eabba89a432e8eaa1b0207cc55f7e5340b22712b1ed80677efcf63e02ff5b235?s=96&d=mm&r=g","url":"https:\/\/secure.gravatar.com\/avatar\/eabba89a432e8eaa1b0207cc55f7e5340b22712b1ed80677efcf63e02ff5b235?s=96&d=mm&r=g","contentUrl":"https:\/\/secure.gravatar.com\/avatar\/eabba89a432e8eaa1b0207cc55f7e5340b22712b1ed80677efcf63e02ff5b235?s=96&d=mm&r=g","caption":"admin"},"sameAs":["https:\/\/archiviocassano.lavocedelpaese.info"],"url":"https:\/\/archiviocassano.lavocedelpaese.info\/index.php\/author\/admin_0qgz1xdp\/"}]}},"_links":{"self":[{"href":"https:\/\/archiviocassano.lavocedelpaese.info\/index.php\/wp-json\/wp\/v2\/posts\/1355","targetHints":{"allow":["GET"]}}],"collection":[{"href":"https:\/\/archiviocassano.lavocedelpaese.info\/index.php\/wp-json\/wp\/v2\/posts"}],"about":[{"href":"https:\/\/archiviocassano.lavocedelpaese.info\/index.php\/wp-json\/wp\/v2\/types\/post"}],"author":[{"embeddable":true,"href":"https:\/\/archiviocassano.lavocedelpaese.info\/index.php\/wp-json\/wp\/v2\/users\/1"}],"replies":[{"embeddable":true,"href":"https:\/\/archiviocassano.lavocedelpaese.info\/index.php\/wp-json\/wp\/v2\/comments?post=1355"}],"version-history":[{"count":0,"href":"https:\/\/archiviocassano.lavocedelpaese.info\/index.php\/wp-json\/wp\/v2\/posts\/1355\/revisions"}],"wp:attachment":[{"href":"https:\/\/archiviocassano.lavocedelpaese.info\/index.php\/wp-json\/wp\/v2\/media?parent=1355"}],"wp:term":[{"taxonomy":"category","embeddable":true,"href":"https:\/\/archiviocassano.lavocedelpaese.info\/index.php\/wp-json\/wp\/v2\/categories?post=1355"},{"taxonomy":"post_tag","embeddable":true,"href":"https:\/\/archiviocassano.lavocedelpaese.info\/index.php\/wp-json\/wp\/v2\/tags?post=1355"}],"curies":[{"name":"wp","href":"https:\/\/api.w.org\/{rel}","templated":true}]}}