{"id":1357,"date":"2010-04-29T14:34:13","date_gmt":"2010-04-29T14:34:13","guid":{"rendered":"https:\/\/archiviocassano.lavocedelpaese.info\/index.php\/2010\/04\/29\/facebook-una-piccola-finestra-sul-mondo-anche-per-cassano\/"},"modified":"2010-04-29T14:34:13","modified_gmt":"2010-04-29T14:34:13","slug":"facebook-una-piccola-finestra-sul-mondo-anche-per-cassano","status":"publish","type":"post","link":"https:\/\/archiviocassano.lavocedelpaese.info\/index.php\/2010\/04\/29\/facebook-una-piccola-finestra-sul-mondo-anche-per-cassano\/","title":{"rendered":"FACEBOOK: FINESTRA SUL MONDO ANCHE PER CASSANO"},"content":{"rendered":"<p><img loading=\"lazy\" decoding=\"async\" class=\" size-full wp-image-1356\" alt=\"facebook-1\" src=\"https:\/\/archiviocassano.lavocedelpaese.info\/wp-content\/uploads\/2010\/04\/facebook-1.jpg\" width=\"320\" height=\"150\" srcset=\"https:\/\/archiviocassano.lavocedelpaese.info\/wp-content\/uploads\/2010\/04\/facebook-1.jpg 640w, https:\/\/archiviocassano.lavocedelpaese.info\/wp-content\/uploads\/2010\/04\/facebook-1-300x141.jpg 300w\" sizes=\"auto, (max-width: 320px) 100vw, 320px\" \/> <\/p>\n<p><!--more--><\/p>\n<p style=\"text-align: justify;\"><em>\u201cQuando ero giovane\u00a0 io e mio marito ci sentivamo con le lettere e ogni volta l\u2019ansia andava avanti per settimane intere, prima di avere una sua risposta\u201d<\/em> ripetono le anziane signore quando si parla di oggi.<\/p>\n<div style=\"text-align: justify;\"><\/div>\n<p style=\"text-align: justify;\">Oggi non pi\u00f9. Un sms.\u00a0 Una mail. E il mondo e le informazioni\u00a0 corrono alla velicit\u00e0 della luce.<\/p>\n<div style=\"text-align: justify;\"><\/div>\n<p style=\"text-align: justify;\">Non c\u2019\u00e8 pi\u00f9 attesa, la vera attesa. Non c\u2019\u00e8 pi\u00f9 l\u2019ansia di avere una risposta. Non c\u2019\u00e8 pi\u00f9 la mattinata passata dietro l\u2019uscio di casa ad aspettare il postino con la sua bicicletta piena di notizie. Non c\u2019\u00e8 pi\u00f9 il timore che quella lettera non sia arrivata dove doveva.<\/p>\n<div style=\"text-align: justify;\"><\/div>\n<p style=\"text-align: justify;\">Rapidit\u00e0. Immediatezza. \u00c8 questo il binomio dell\u2019attualit\u00e0. Quel binomio che ha spinto milioni di italiani a prendere un pc e a <em>sollevare il mondo<\/em>. Perch\u00e9 ormai questo \u00e8 il postulato della nostra mente. Con un monitor, una tastiera e un accesso remoto si pu\u00f2 fare davvero qualsiasi cosa. Ed \u00e8 davvero tanta la gente che associa il lavoro sul pc con i Social network. Primo tra tutti, si sa, <strong>Facebook<\/strong> creato nel 2004 dallo studente di Harvard, Mark Zuckerberg, che ha superato di gran lunga il suo diretto concorrente Myspace con versioni fatte in pi\u00f9 di 20 lingue e con un totale di circa 125 milioni di iscritti.<\/p>\n<div style=\"text-align: justify;\"><\/div>\n<p style=\"text-align: justify;\">Magicamente affiorano ex compagni di scuola e lavoro, tifosi, fans dello stesso cantante, propagande politiche, interessi culturali e sportivi. Tutto nel segno dell\u2019immediatezza.<\/p>\n<div style=\"text-align: justify;\"><\/div>\n<p style=\"text-align: justify;\">Ovviamente la nostra cittadina non s\u2019\u00e8 risparmiata dal creare una finestra sul mondo. Numerosi sono i gruppi di cassanesi che si riuniscono intorno a determinate tematiche, pi\u00f9 o meno serie e che tentano di far si che il paese sia conosciuto al di fuori delle nostre mura.<\/p>\n<div style=\"text-align: justify;\"><\/div>\n<p style=\"text-align: justify;\">Non mancano i gruppi creati intorno a locali e agriturismi vari sui quali si erge \u201c<em>Dominus Cassano\u201d<\/em> avente pi\u00f9 di 1500 membri iscritti, in onore dell\u2019affascinante pizzeria osteria in pieno stile gotico.<\/p>\n<div style=\"text-align: justify;\"><\/div>\n<p style=\"text-align: justify;\">Altrettanto riguardo i gruppi dei giornali cassanesi atti a diffondere,\u00a0 su Facebook oltre che sulla conosciuta versione on line, le informazioni inerenti ai vari eventi del paese piuttosto che la cronaca di esso. Esempio n\u00e8 \u00e8 il gruppo intitolato \u201cCassanoweb\u201d con pi\u00f9 di 1560 iscritti in giornaliero aumento. Ed \u00e8 cos\u00ec che l\u2019informazione pu\u00f2 passare sotto gli occhi di tutti, anche di chi non cerca le notizie volutamente.<\/p>\n<div style=\"text-align: justify;\"><\/div>\n<p style=\"text-align: justify;\">Passando per <em>\u201cGeografia Cassano\u201d <\/em>dove sono riuniti tutti i cassanesi sparsi nel mondo che \u201ctornano a casa per le vacanze, conoscono l\u2019espressione \u201cin mezzo alla villa\u201d, amano \u201cla via del Convento\u201d e il \u201ccampo di via Grumo\u201d \u201c o ancora i vari gruppi di non cassanesi che passano <em>\u201cL\u2019estate a Costone di Bruno\u201d <\/em>o a <em>\u201cBorgo Incoronata\u201d <\/em>e coloro che sono <em>\u201cNapoletani nel cassanese\u201d.<\/em><\/p>\n<div style=\"text-align: justify;\"><\/div>\n<p style=\"text-align: justify;\">Gruppi seri creati dal <em>Liceo Scientifico, Perotti, Fratres, Solebl\u00f9, Fondazione Maugeri,Gruppo Scout, Cfm a Cassano, Fisioterapisti cassanesi, Giovent\u00f9 Cassano, Kartodromo<\/em> e altri meno impegnativi come quello creato da <em>\u201cGli amici della biblioteca\u201d<\/em> dove i membri\u00a0 sono \u201ctutti coloro che frequentano questo Palazzo veramente antico, che ha le sedie rosse e che \u00e8 affollato nei mesi di febbraio e giugno\u2026dove si cerca di \u201cstudiare\u201d\u201d, \u00a0<em>\u201cGli interisti di cassano\u201d<\/em>, <em>\u201cJuventus club\u201d, \u201cSagra della focaccia cassanese\u201d,<\/em> <em>\u201cQuelli che cercano una ragazza a Cassano\u201d,<\/em> <em>\u201cPer tutti quelli che hanno la wind\u201d,<\/em> quello dedicato al cameriere pi\u00f9 famoso del paese <em>\u201cNicola Speciale\u201d<\/em> con i suoi 267 membri, uno dove i ragazzi si chiedono per quale motivo non ci sia una discoteca a Cassano e il gruppo che erge Pierpaola Sapienza come <em>\u201cLa pi\u00f9 bella assessore d\u2019Italia\u201d.<\/em><\/p>\n<div style=\"text-align: justify;\"><\/div>\n<p style=\"text-align: justify;\">Ed \u00e8 cos\u00ec che anche in una piccola cittadina nella quale gi\u00e0 ci si conosce tutti, Facebook\u00a0 riesce a riunire ancor di pi\u00f9 la popolazione. Popolazione che sicuramente utilizza l\u2019immediatezza di un messaggio istantaneo al posto della lettera postale ma che, d\u2019altra parte, si riunisce nella formazione di gruppi che possono farci riscorpire la bellezza del passato in cui s\u2019aspettava con ansia una risposta.<\/p>\n","protected":false},"excerpt":{"rendered":"","protected":false},"author":1,"featured_media":1356,"comment_status":"open","ping_status":"closed","sticky":false,"template":"","format":"standard","meta":{"colormag_page_container_layout":"default_layout","colormag_page_sidebar_layout":"default_layout","footnotes":""},"categories":[7],"tags":[],"class_list":["post-1357","post","type-post","status-publish","format-standard","has-post-thumbnail","hentry","category-attualita"],"yoast_head":"<!-- This site is optimized with the Yoast SEO plugin v27.5 - https:\/\/yoast.com\/product\/yoast-seo-wordpress\/ -->\n<title>FACEBOOK: FINESTRA SUL MONDO ANCHE PER CASSANO - Archivio CassanoWeb<\/title>\n<meta name=\"robots\" content=\"index, follow, max-snippet:-1, max-image-preview:large, max-video-preview:-1\" \/>\n<link rel=\"canonical\" href=\"https:\/\/archiviocassano.lavocedelpaese.info\/index.php\/2010\/04\/29\/facebook-una-piccola-finestra-sul-mondo-anche-per-cassano\/\" \/>\n<meta property=\"og:locale\" content=\"it_IT\" \/>\n<meta property=\"og:type\" content=\"article\" \/>\n<meta property=\"og:title\" content=\"FACEBOOK: FINESTRA SUL MONDO ANCHE PER CASSANO - Archivio CassanoWeb\" \/>\n<meta property=\"og:url\" content=\"https:\/\/archiviocassano.lavocedelpaese.info\/index.php\/2010\/04\/29\/facebook-una-piccola-finestra-sul-mondo-anche-per-cassano\/\" \/>\n<meta property=\"og:site_name\" content=\"Archivio CassanoWeb\" \/>\n<meta property=\"article:publisher\" content=\"https:\/\/www.facebook.com\/redazione.cassanoweb\" \/>\n<meta property=\"article:published_time\" content=\"2010-04-29T14:34:13+00:00\" \/>\n<meta property=\"og:image\" content=\"https:\/\/archiviocassano.lavocedelpaese.info\/wp-content\/uploads\/2010\/04\/facebook-1.jpg\" \/>\n\t<meta property=\"og:image:width\" content=\"640\" \/>\n\t<meta property=\"og:image:height\" content=\"300\" \/>\n\t<meta property=\"og:image:type\" content=\"image\/jpeg\" \/>\n<meta name=\"author\" content=\"admin\" \/>\n<meta name=\"twitter:card\" content=\"summary_large_image\" \/>\n<meta name=\"twitter:label1\" content=\"Scritto da\" \/>\n\t<meta name=\"twitter:data1\" content=\"admin\" \/>\n\t<meta name=\"twitter:label2\" content=\"Tempo di lettura stimato\" \/>\n\t<meta name=\"twitter:data2\" content=\"3 minuti\" \/>\n<script type=\"application\/ld+json\" class=\"yoast-schema-graph\">{\"@context\":\"https:\\\/\\\/schema.org\",\"@graph\":[{\"@type\":\"Article\",\"@id\":\"https:\\\/\\\/archiviocassano.lavocedelpaese.info\\\/index.php\\\/2010\\\/04\\\/29\\\/facebook-una-piccola-finestra-sul-mondo-anche-per-cassano\\\/#article\",\"isPartOf\":{\"@id\":\"https:\\\/\\\/archiviocassano.lavocedelpaese.info\\\/index.php\\\/2010\\\/04\\\/29\\\/facebook-una-piccola-finestra-sul-mondo-anche-per-cassano\\\/\"},\"author\":{\"name\":\"admin\",\"@id\":\"https:\\\/\\\/archiviocassano.lavocedelpaese.info\\\/#\\\/schema\\\/person\\\/df195bc79a9b4c35127cf005f92e041b\"},\"headline\":\"FACEBOOK: FINESTRA SUL MONDO ANCHE PER CASSANO\",\"datePublished\":\"2010-04-29T14:34:13+00:00\",\"mainEntityOfPage\":{\"@id\":\"https:\\\/\\\/archiviocassano.lavocedelpaese.info\\\/index.php\\\/2010\\\/04\\\/29\\\/facebook-una-piccola-finestra-sul-mondo-anche-per-cassano\\\/\"},\"wordCount\":648,\"commentCount\":0,\"publisher\":{\"@id\":\"https:\\\/\\\/archiviocassano.lavocedelpaese.info\\\/#organization\"},\"image\":{\"@id\":\"https:\\\/\\\/archiviocassano.lavocedelpaese.info\\\/index.php\\\/2010\\\/04\\\/29\\\/facebook-una-piccola-finestra-sul-mondo-anche-per-cassano\\\/#primaryimage\"},\"thumbnailUrl\":\"https:\\\/\\\/archiviocassano.lavocedelpaese.info\\\/wp-content\\\/uploads\\\/2010\\\/04\\\/facebook-1.jpg\",\"articleSection\":[\"Attualit\u00e0\"],\"inLanguage\":\"it-IT\",\"potentialAction\":[{\"@type\":\"CommentAction\",\"name\":\"Comment\",\"target\":[\"https:\\\/\\\/archiviocassano.lavocedelpaese.info\\\/index.php\\\/2010\\\/04\\\/29\\\/facebook-una-piccola-finestra-sul-mondo-anche-per-cassano\\\/#respond\"]}]},{\"@type\":\"WebPage\",\"@id\":\"https:\\\/\\\/archiviocassano.lavocedelpaese.info\\\/index.php\\\/2010\\\/04\\\/29\\\/facebook-una-piccola-finestra-sul-mondo-anche-per-cassano\\\/\",\"url\":\"https:\\\/\\\/archiviocassano.lavocedelpaese.info\\\/index.php\\\/2010\\\/04\\\/29\\\/facebook-una-piccola-finestra-sul-mondo-anche-per-cassano\\\/\",\"name\":\"FACEBOOK: FINESTRA SUL MONDO ANCHE PER CASSANO - Archivio CassanoWeb\",\"isPartOf\":{\"@id\":\"https:\\\/\\\/archiviocassano.lavocedelpaese.info\\\/#website\"},\"primaryImageOfPage\":{\"@id\":\"https:\\\/\\\/archiviocassano.lavocedelpaese.info\\\/index.php\\\/2010\\\/04\\\/29\\\/facebook-una-piccola-finestra-sul-mondo-anche-per-cassano\\\/#primaryimage\"},\"image\":{\"@id\":\"https:\\\/\\\/archiviocassano.lavocedelpaese.info\\\/index.php\\\/2010\\\/04\\\/29\\\/facebook-una-piccola-finestra-sul-mondo-anche-per-cassano\\\/#primaryimage\"},\"thumbnailUrl\":\"https:\\\/\\\/archiviocassano.lavocedelpaese.info\\\/wp-content\\\/uploads\\\/2010\\\/04\\\/facebook-1.jpg\",\"datePublished\":\"2010-04-29T14:34:13+00:00\",\"breadcrumb\":{\"@id\":\"https:\\\/\\\/archiviocassano.lavocedelpaese.info\\\/index.php\\\/2010\\\/04\\\/29\\\/facebook-una-piccola-finestra-sul-mondo-anche-per-cassano\\\/#breadcrumb\"},\"inLanguage\":\"it-IT\",\"potentialAction\":[{\"@type\":\"ReadAction\",\"target\":[\"https:\\\/\\\/archiviocassano.lavocedelpaese.info\\\/index.php\\\/2010\\\/04\\\/29\\\/facebook-una-piccola-finestra-sul-mondo-anche-per-cassano\\\/\"]}]},{\"@type\":\"ImageObject\",\"inLanguage\":\"it-IT\",\"@id\":\"https:\\\/\\\/archiviocassano.lavocedelpaese.info\\\/index.php\\\/2010\\\/04\\\/29\\\/facebook-una-piccola-finestra-sul-mondo-anche-per-cassano\\\/#primaryimage\",\"url\":\"https:\\\/\\\/archiviocassano.lavocedelpaese.info\\\/wp-content\\\/uploads\\\/2010\\\/04\\\/facebook-1.jpg\",\"contentUrl\":\"https:\\\/\\\/archiviocassano.lavocedelpaese.info\\\/wp-content\\\/uploads\\\/2010\\\/04\\\/facebook-1.jpg\",\"width\":640,\"height\":300,\"caption\":\"facebook-1\"},{\"@type\":\"BreadcrumbList\",\"@id\":\"https:\\\/\\\/archiviocassano.lavocedelpaese.info\\\/index.php\\\/2010\\\/04\\\/29\\\/facebook-una-piccola-finestra-sul-mondo-anche-per-cassano\\\/#breadcrumb\",\"itemListElement\":[{\"@type\":\"ListItem\",\"position\":1,\"name\":\"Home\",\"item\":\"https:\\\/\\\/archiviocassano.lavocedelpaese.info\\\/\"},{\"@type\":\"ListItem\",\"position\":2,\"name\":\"FACEBOOK: FINESTRA SUL MONDO ANCHE PER CASSANO\"}]},{\"@type\":\"WebSite\",\"@id\":\"https:\\\/\\\/archiviocassano.lavocedelpaese.info\\\/#website\",\"url\":\"https:\\\/\\\/archiviocassano.lavocedelpaese.info\\\/\",\"name\":\"Archivio CassanoWeb\",\"description\":\"La Voce del Paese - un network di idee\",\"publisher\":{\"@id\":\"https:\\\/\\\/archiviocassano.lavocedelpaese.info\\\/#organization\"},\"potentialAction\":[{\"@type\":\"SearchAction\",\"target\":{\"@type\":\"EntryPoint\",\"urlTemplate\":\"https:\\\/\\\/archiviocassano.lavocedelpaese.info\\\/?s={search_term_string}\"},\"query-input\":{\"@type\":\"PropertyValueSpecification\",\"valueRequired\":true,\"valueName\":\"search_term_string\"}}],\"inLanguage\":\"it-IT\"},{\"@type\":\"Organization\",\"@id\":\"https:\\\/\\\/archiviocassano.lavocedelpaese.info\\\/#organization\",\"name\":\"Archivio CassanoWeb\",\"url\":\"https:\\\/\\\/archiviocassano.lavocedelpaese.info\\\/\",\"logo\":{\"@type\":\"ImageObject\",\"inLanguage\":\"it-IT\",\"@id\":\"https:\\\/\\\/archiviocassano.lavocedelpaese.info\\\/#\\\/schema\\\/logo\\\/image\\\/\",\"url\":\"https:\\\/\\\/archiviocassano.lavocedelpaese.info\\\/wp-content\\\/uploads\\\/2024\\\/08\\\/logo-rosso-2.png\",\"contentUrl\":\"https:\\\/\\\/archiviocassano.lavocedelpaese.info\\\/wp-content\\\/uploads\\\/2024\\\/08\\\/logo-rosso-2.png\",\"width\":491,\"height\":432,\"caption\":\"Archivio CassanoWeb\"},\"image\":{\"@id\":\"https:\\\/\\\/archiviocassano.lavocedelpaese.info\\\/#\\\/schema\\\/logo\\\/image\\\/\"},\"sameAs\":[\"https:\\\/\\\/www.facebook.com\\\/redazione.cassanoweb\"]},{\"@type\":\"Person\",\"@id\":\"https:\\\/\\\/archiviocassano.lavocedelpaese.info\\\/#\\\/schema\\\/person\\\/df195bc79a9b4c35127cf005f92e041b\",\"name\":\"admin\",\"image\":{\"@type\":\"ImageObject\",\"inLanguage\":\"it-IT\",\"@id\":\"https:\\\/\\\/secure.gravatar.com\\\/avatar\\\/eabba89a432e8eaa1b0207cc55f7e5340b22712b1ed80677efcf63e02ff5b235?s=96&d=mm&r=g\",\"url\":\"https:\\\/\\\/secure.gravatar.com\\\/avatar\\\/eabba89a432e8eaa1b0207cc55f7e5340b22712b1ed80677efcf63e02ff5b235?s=96&d=mm&r=g\",\"contentUrl\":\"https:\\\/\\\/secure.gravatar.com\\\/avatar\\\/eabba89a432e8eaa1b0207cc55f7e5340b22712b1ed80677efcf63e02ff5b235?s=96&d=mm&r=g\",\"caption\":\"admin\"},\"sameAs\":[\"https:\\\/\\\/archiviocassano.lavocedelpaese.info\"],\"url\":\"https:\\\/\\\/archiviocassano.lavocedelpaese.info\\\/index.php\\\/author\\\/admin_0qgz1xdp\\\/\"}]}<\/script>\n<!-- \/ Yoast SEO plugin. -->","yoast_head_json":{"title":"FACEBOOK: FINESTRA SUL MONDO ANCHE PER CASSANO - Archivio CassanoWeb","robots":{"index":"index","follow":"follow","max-snippet":"max-snippet:-1","max-image-preview":"max-image-preview:large","max-video-preview":"max-video-preview:-1"},"canonical":"https:\/\/archiviocassano.lavocedelpaese.info\/index.php\/2010\/04\/29\/facebook-una-piccola-finestra-sul-mondo-anche-per-cassano\/","og_locale":"it_IT","og_type":"article","og_title":"FACEBOOK: FINESTRA SUL MONDO ANCHE PER CASSANO - Archivio CassanoWeb","og_url":"https:\/\/archiviocassano.lavocedelpaese.info\/index.php\/2010\/04\/29\/facebook-una-piccola-finestra-sul-mondo-anche-per-cassano\/","og_site_name":"Archivio CassanoWeb","article_publisher":"https:\/\/www.facebook.com\/redazione.cassanoweb","article_published_time":"2010-04-29T14:34:13+00:00","og_image":[{"width":640,"height":300,"url":"https:\/\/archiviocassano.lavocedelpaese.info\/wp-content\/uploads\/2010\/04\/facebook-1.jpg","type":"image\/jpeg"}],"author":"admin","twitter_card":"summary_large_image","twitter_misc":{"Scritto da":"admin","Tempo di lettura stimato":"3 minuti"},"schema":{"@context":"https:\/\/schema.org","@graph":[{"@type":"Article","@id":"https:\/\/archiviocassano.lavocedelpaese.info\/index.php\/2010\/04\/29\/facebook-una-piccola-finestra-sul-mondo-anche-per-cassano\/#article","isPartOf":{"@id":"https:\/\/archiviocassano.lavocedelpaese.info\/index.php\/2010\/04\/29\/facebook-una-piccola-finestra-sul-mondo-anche-per-cassano\/"},"author":{"name":"admin","@id":"https:\/\/archiviocassano.lavocedelpaese.info\/#\/schema\/person\/df195bc79a9b4c35127cf005f92e041b"},"headline":"FACEBOOK: FINESTRA SUL MONDO ANCHE PER CASSANO","datePublished":"2010-04-29T14:34:13+00:00","mainEntityOfPage":{"@id":"https:\/\/archiviocassano.lavocedelpaese.info\/index.php\/2010\/04\/29\/facebook-una-piccola-finestra-sul-mondo-anche-per-cassano\/"},"wordCount":648,"commentCount":0,"publisher":{"@id":"https:\/\/archiviocassano.lavocedelpaese.info\/#organization"},"image":{"@id":"https:\/\/archiviocassano.lavocedelpaese.info\/index.php\/2010\/04\/29\/facebook-una-piccola-finestra-sul-mondo-anche-per-cassano\/#primaryimage"},"thumbnailUrl":"https:\/\/archiviocassano.lavocedelpaese.info\/wp-content\/uploads\/2010\/04\/facebook-1.jpg","articleSection":["Attualit\u00e0"],"inLanguage":"it-IT","potentialAction":[{"@type":"CommentAction","name":"Comment","target":["https:\/\/archiviocassano.lavocedelpaese.info\/index.php\/2010\/04\/29\/facebook-una-piccola-finestra-sul-mondo-anche-per-cassano\/#respond"]}]},{"@type":"WebPage","@id":"https:\/\/archiviocassano.lavocedelpaese.info\/index.php\/2010\/04\/29\/facebook-una-piccola-finestra-sul-mondo-anche-per-cassano\/","url":"https:\/\/archiviocassano.lavocedelpaese.info\/index.php\/2010\/04\/29\/facebook-una-piccola-finestra-sul-mondo-anche-per-cassano\/","name":"FACEBOOK: FINESTRA SUL MONDO ANCHE PER CASSANO - Archivio CassanoWeb","isPartOf":{"@id":"https:\/\/archiviocassano.lavocedelpaese.info\/#website"},"primaryImageOfPage":{"@id":"https:\/\/archiviocassano.lavocedelpaese.info\/index.php\/2010\/04\/29\/facebook-una-piccola-finestra-sul-mondo-anche-per-cassano\/#primaryimage"},"image":{"@id":"https:\/\/archiviocassano.lavocedelpaese.info\/index.php\/2010\/04\/29\/facebook-una-piccola-finestra-sul-mondo-anche-per-cassano\/#primaryimage"},"thumbnailUrl":"https:\/\/archiviocassano.lavocedelpaese.info\/wp-content\/uploads\/2010\/04\/facebook-1.jpg","datePublished":"2010-04-29T14:34:13+00:00","breadcrumb":{"@id":"https:\/\/archiviocassano.lavocedelpaese.info\/index.php\/2010\/04\/29\/facebook-una-piccola-finestra-sul-mondo-anche-per-cassano\/#breadcrumb"},"inLanguage":"it-IT","potentialAction":[{"@type":"ReadAction","target":["https:\/\/archiviocassano.lavocedelpaese.info\/index.php\/2010\/04\/29\/facebook-una-piccola-finestra-sul-mondo-anche-per-cassano\/"]}]},{"@type":"ImageObject","inLanguage":"it-IT","@id":"https:\/\/archiviocassano.lavocedelpaese.info\/index.php\/2010\/04\/29\/facebook-una-piccola-finestra-sul-mondo-anche-per-cassano\/#primaryimage","url":"https:\/\/archiviocassano.lavocedelpaese.info\/wp-content\/uploads\/2010\/04\/facebook-1.jpg","contentUrl":"https:\/\/archiviocassano.lavocedelpaese.info\/wp-content\/uploads\/2010\/04\/facebook-1.jpg","width":640,"height":300,"caption":"facebook-1"},{"@type":"BreadcrumbList","@id":"https:\/\/archiviocassano.lavocedelpaese.info\/index.php\/2010\/04\/29\/facebook-una-piccola-finestra-sul-mondo-anche-per-cassano\/#breadcrumb","itemListElement":[{"@type":"ListItem","position":1,"name":"Home","item":"https:\/\/archiviocassano.lavocedelpaese.info\/"},{"@type":"ListItem","position":2,"name":"FACEBOOK: FINESTRA SUL MONDO ANCHE PER CASSANO"}]},{"@type":"WebSite","@id":"https:\/\/archiviocassano.lavocedelpaese.info\/#website","url":"https:\/\/archiviocassano.lavocedelpaese.info\/","name":"Archivio CassanoWeb","description":"La Voce del Paese - un network di idee","publisher":{"@id":"https:\/\/archiviocassano.lavocedelpaese.info\/#organization"},"potentialAction":[{"@type":"SearchAction","target":{"@type":"EntryPoint","urlTemplate":"https:\/\/archiviocassano.lavocedelpaese.info\/?s={search_term_string}"},"query-input":{"@type":"PropertyValueSpecification","valueRequired":true,"valueName":"search_term_string"}}],"inLanguage":"it-IT"},{"@type":"Organization","@id":"https:\/\/archiviocassano.lavocedelpaese.info\/#organization","name":"Archivio CassanoWeb","url":"https:\/\/archiviocassano.lavocedelpaese.info\/","logo":{"@type":"ImageObject","inLanguage":"it-IT","@id":"https:\/\/archiviocassano.lavocedelpaese.info\/#\/schema\/logo\/image\/","url":"https:\/\/archiviocassano.lavocedelpaese.info\/wp-content\/uploads\/2024\/08\/logo-rosso-2.png","contentUrl":"https:\/\/archiviocassano.lavocedelpaese.info\/wp-content\/uploads\/2024\/08\/logo-rosso-2.png","width":491,"height":432,"caption":"Archivio CassanoWeb"},"image":{"@id":"https:\/\/archiviocassano.lavocedelpaese.info\/#\/schema\/logo\/image\/"},"sameAs":["https:\/\/www.facebook.com\/redazione.cassanoweb"]},{"@type":"Person","@id":"https:\/\/archiviocassano.lavocedelpaese.info\/#\/schema\/person\/df195bc79a9b4c35127cf005f92e041b","name":"admin","image":{"@type":"ImageObject","inLanguage":"it-IT","@id":"https:\/\/secure.gravatar.com\/avatar\/eabba89a432e8eaa1b0207cc55f7e5340b22712b1ed80677efcf63e02ff5b235?s=96&d=mm&r=g","url":"https:\/\/secure.gravatar.com\/avatar\/eabba89a432e8eaa1b0207cc55f7e5340b22712b1ed80677efcf63e02ff5b235?s=96&d=mm&r=g","contentUrl":"https:\/\/secure.gravatar.com\/avatar\/eabba89a432e8eaa1b0207cc55f7e5340b22712b1ed80677efcf63e02ff5b235?s=96&d=mm&r=g","caption":"admin"},"sameAs":["https:\/\/archiviocassano.lavocedelpaese.info"],"url":"https:\/\/archiviocassano.lavocedelpaese.info\/index.php\/author\/admin_0qgz1xdp\/"}]}},"_links":{"self":[{"href":"https:\/\/archiviocassano.lavocedelpaese.info\/index.php\/wp-json\/wp\/v2\/posts\/1357","targetHints":{"allow":["GET"]}}],"collection":[{"href":"https:\/\/archiviocassano.lavocedelpaese.info\/index.php\/wp-json\/wp\/v2\/posts"}],"about":[{"href":"https:\/\/archiviocassano.lavocedelpaese.info\/index.php\/wp-json\/wp\/v2\/types\/post"}],"author":[{"embeddable":true,"href":"https:\/\/archiviocassano.lavocedelpaese.info\/index.php\/wp-json\/wp\/v2\/users\/1"}],"replies":[{"embeddable":true,"href":"https:\/\/archiviocassano.lavocedelpaese.info\/index.php\/wp-json\/wp\/v2\/comments?post=1357"}],"version-history":[{"count":0,"href":"https:\/\/archiviocassano.lavocedelpaese.info\/index.php\/wp-json\/wp\/v2\/posts\/1357\/revisions"}],"wp:featuredmedia":[{"embeddable":true,"href":"https:\/\/archiviocassano.lavocedelpaese.info\/index.php\/wp-json\/wp\/v2\/media\/1356"}],"wp:attachment":[{"href":"https:\/\/archiviocassano.lavocedelpaese.info\/index.php\/wp-json\/wp\/v2\/media?parent=1357"}],"wp:term":[{"taxonomy":"category","embeddable":true,"href":"https:\/\/archiviocassano.lavocedelpaese.info\/index.php\/wp-json\/wp\/v2\/categories?post=1357"},{"taxonomy":"post_tag","embeddable":true,"href":"https:\/\/archiviocassano.lavocedelpaese.info\/index.php\/wp-json\/wp\/v2\/tags?post=1357"}],"curies":[{"name":"wp","href":"https:\/\/api.w.org\/{rel}","templated":true}]}}