{"id":13575,"date":"2017-01-11T07:26:57","date_gmt":"2017-01-11T07:26:57","guid":{"rendered":"https:\/\/archiviocassano.lavocedelpaese.info\/index.php\/2017\/01\/11\/il-governatore-emiliano-in-toru-sulla-murgia-nella-morsa-del-ghiaccio-tappa-a-cassano\/"},"modified":"2017-01-11T07:26:57","modified_gmt":"2017-01-11T07:26:57","slug":"il-governatore-emiliano-in-toru-sulla-murgia-nella-morsa-del-ghiaccio-tappa-a-cassano","status":"publish","type":"post","link":"https:\/\/archiviocassano.lavocedelpaese.info\/index.php\/2017\/01\/11\/il-governatore-emiliano-in-toru-sulla-murgia-nella-morsa-del-ghiaccio-tappa-a-cassano\/","title":{"rendered":"Emiliano a Cassano: emergenza finita"},"content":{"rendered":"<p style=\"text-align: justify;\"><img loading=\"lazy\" decoding=\"async\" class=\" size-full wp-image-13574\" src=\"https:\/\/archiviocassano.lavocedelpaese.info\/wp-content\/uploads\/2017\/01\/emiliano_e_lionetti_grande_copy_copy.jpg\" alt=\"emiliano e lionetti grande copy copy\" height=\"150\" width=\"320\" \/><\/p>\n<p><!--more--><\/p>\n<p>Emergenza neve a Cassano: per il Governatore Michele Emiliano, in tour sulla Murgia innevata e ieri pomeriggio anche a Cassano (doveha incontrato l&#8217;ex Sindaco Vito Lionetti non il Commissario o uno dei due sub-commissari) &#8220;la situazione a Cassano \u00e8 sotto controllo, al di l\u00e0 di chiacchiere e polemiche&#8221;.<\/p>\n<p>Per Emiliano, cio\u00e8, non ci sono pi\u00f9 problemi in paese.<\/p>\n<p>Dopo le polemiche che si sono scatenate sulla assurde dichiarazioni del Governatore (le strade di Cassano, infati, sono totalmente impraticabili se non con catene) e sulla strana vicinaza dell&#8217;oramai ex Sindaco Lionetti, <strong>Emiliano ha diffuso questa nota:<\/strong><\/p>\n<p>Ho appreso che alcuni esponenti dell&#8217;opposizione al centrosinistra a Cassano delle Murge si sono lamentati che io non abbia incontrato durante la mia visita il Commissario Francesco Cappetta. &nbsp;Sono male informati perch\u00e9 con Francesco sono in permanente contatto telefonico visto che \u00e8 lui in Prefettura a Bari a coordinare gli interventi di soccorso in tutta la Provincia di Bari. &nbsp;Nel comando dei vigili ho chiamato il suo vice per incontrarlo e purtroppo mi ha risposto che era impegnato in un intervento di soccorso e ci siamo salutati per telefono dopo ampia relazione.<br \/>Ho poi incontrato presso il Comando l&#8217;ultimo sindaco di Cassano delle Murge Vito Lionetti che \u00e8 passato a salutarmi e ad informarmi della situazione come era suo dovere.&nbsp;Sono stati il Commissario, il vice Commissario e i Vigili Urbani a rassicurarmi sulla situazione del Comune di Cassano.&nbsp;<br \/>Del resto il giro tra i Comuni era finalizzato a incontrare gli amministratori per apprendere dalla loro viva voce la situazione e a verificarla di persona per quanto possibile. &nbsp;<\/p>\n<p>Le vergognose dichiarazioni di questi esponenti dell&#8217;opposizione che verranno querelati si commentano da sole.&nbsp;Inadatti a tutto, in particolare al governo di una citt\u00e0 e dell&#8217;emergenza, scaricano il rancore della loro impotenza insultando la gente che sta facendo il suo dovere.<\/p>\n<p>&nbsp;<\/p>\n<p>A stretto giro di email, la reazione del <strong>Consigliere regionale cassanese Ignazio Zullo<\/strong>: &nbsp;&#8220;Per governare una grande regione come la Puglia serve equilibrio, senso di responsabilit\u00e0 e &nbsp;capacit\u00e0 di ammettere propri errori. Quando invece si \u00e8 pieni di s\u00e9 \u00e8 plastica la dimostrazione che si \u00e8 &nbsp;solo, come si dice dalle nostre parti, dei &#8220;vuoti a perdere&#8221;.<\/p>\n<p>Lo dico al presidente Emiliano che riferendosi alle numerosissime critiche mossegli dai miei concittadini di Cassano delle Murge li ha definiti vergognosi e da querelare. A querelarci, come rappresentanti delle Istituzioni, invece, dovrebbero essere i cittadini! Perch\u00e9, e forse il presidente non lo ha capito, le critiche mosse ad Emiliano sono mosse dai cittadini alla politica in generale e partono da gente comune che ha vissuto e per certi versi continua a vivere in questi giorni situazioni tragiche per inefficienza delle istituzioni.<\/p>\n<p>E non basta solo arrivare nei centri pi\u00f9 colpiti aprendosi le strade con i mezzi e gli uomini che durante l\u2019emergenza sono mancati. Non basta&nbsp; arrivare nelle piazze dei Comuni, per farsi i selfie da postare su Facebook o su Twitter ed ergersi a salvatore della patria per placare la rabbia della gente.<\/p>\n<p>Presidente Emiliano non ti consento di definire i cassanesi vergognosi! \u00c9 gente che ha il coraggio di criticarti e hanno tutta la ragione e il diritto di farlo! Ma forse reagisci cos\u00ec con \u201cnoi\u201d di Cassano perch\u00e9 \u00e8 proprio da qui &nbsp;che partir\u00e0 &nbsp;la Class Action contro te! Stai sereno! Affrontala serenamente perch\u00e9 si tratta di azione di giustizia che il decreto legislativo 198\/2009 prevede. Agitarti e offendere serve solo a manifestare boria che non spaventa una orgogliosa Cassano&#8221;.<\/p>\n<p>&nbsp;<\/p>\n<p>&nbsp;<\/p>\n","protected":false},"excerpt":{"rendered":"","protected":false},"author":1,"featured_media":13574,"comment_status":"open","ping_status":"closed","sticky":false,"template":"","format":"standard","meta":{"colormag_page_container_layout":"default_layout","colormag_page_sidebar_layout":"default_layout","footnotes":""},"categories":[7],"tags":[],"class_list":["post-13575","post","type-post","status-publish","format-standard","has-post-thumbnail","hentry","category-attualita"],"yoast_head":"<!-- This site is optimized with the Yoast SEO plugin v27.5 - https:\/\/yoast.com\/product\/yoast-seo-wordpress\/ -->\n<title>Emiliano a Cassano: emergenza finita - Archivio CassanoWeb<\/title>\n<meta name=\"robots\" content=\"index, follow, max-snippet:-1, max-image-preview:large, max-video-preview:-1\" \/>\n<link rel=\"canonical\" href=\"https:\/\/archiviocassano.lavocedelpaese.info\/index.php\/2017\/01\/11\/il-governatore-emiliano-in-toru-sulla-murgia-nella-morsa-del-ghiaccio-tappa-a-cassano\/\" \/>\n<meta property=\"og:locale\" content=\"it_IT\" \/>\n<meta property=\"og:type\" content=\"article\" \/>\n<meta property=\"og:title\" content=\"Emiliano a Cassano: emergenza finita - Archivio CassanoWeb\" \/>\n<meta property=\"og:url\" content=\"https:\/\/archiviocassano.lavocedelpaese.info\/index.php\/2017\/01\/11\/il-governatore-emiliano-in-toru-sulla-murgia-nella-morsa-del-ghiaccio-tappa-a-cassano\/\" \/>\n<meta property=\"og:site_name\" content=\"Archivio CassanoWeb\" \/>\n<meta property=\"article:publisher\" content=\"https:\/\/www.facebook.com\/redazione.cassanoweb\" \/>\n<meta property=\"article:published_time\" content=\"2017-01-11T07:26:57+00:00\" \/>\n<meta property=\"og:image\" content=\"https:\/\/archiviocassano.lavocedelpaese.info\/wp-content\/uploads\/2017\/01\/emiliano_e_lionetti_grande_copy_copy.jpg\" \/>\n\t<meta property=\"og:image:width\" content=\"500\" \/>\n\t<meta property=\"og:image:height\" content=\"282\" \/>\n\t<meta property=\"og:image:type\" content=\"image\/jpeg\" \/>\n<meta name=\"author\" content=\"admin\" \/>\n<meta name=\"twitter:card\" content=\"summary_large_image\" \/>\n<meta name=\"twitter:label1\" content=\"Scritto da\" \/>\n\t<meta name=\"twitter:data1\" content=\"admin\" \/>\n\t<meta name=\"twitter:label2\" content=\"Tempo di lettura stimato\" \/>\n\t<meta name=\"twitter:data2\" content=\"3 minuti\" \/>\n<script type=\"application\/ld+json\" class=\"yoast-schema-graph\">{\"@context\":\"https:\\\/\\\/schema.org\",\"@graph\":[{\"@type\":\"Article\",\"@id\":\"https:\\\/\\\/archiviocassano.lavocedelpaese.info\\\/index.php\\\/2017\\\/01\\\/11\\\/il-governatore-emiliano-in-toru-sulla-murgia-nella-morsa-del-ghiaccio-tappa-a-cassano\\\/#article\",\"isPartOf\":{\"@id\":\"https:\\\/\\\/archiviocassano.lavocedelpaese.info\\\/index.php\\\/2017\\\/01\\\/11\\\/il-governatore-emiliano-in-toru-sulla-murgia-nella-morsa-del-ghiaccio-tappa-a-cassano\\\/\"},\"author\":{\"name\":\"admin\",\"@id\":\"https:\\\/\\\/archiviocassano.lavocedelpaese.info\\\/#\\\/schema\\\/person\\\/df195bc79a9b4c35127cf005f92e041b\"},\"headline\":\"Emiliano a Cassano: emergenza finita\",\"datePublished\":\"2017-01-11T07:26:57+00:00\",\"mainEntityOfPage\":{\"@id\":\"https:\\\/\\\/archiviocassano.lavocedelpaese.info\\\/index.php\\\/2017\\\/01\\\/11\\\/il-governatore-emiliano-in-toru-sulla-murgia-nella-morsa-del-ghiaccio-tappa-a-cassano\\\/\"},\"wordCount\":593,\"commentCount\":0,\"publisher\":{\"@id\":\"https:\\\/\\\/archiviocassano.lavocedelpaese.info\\\/#organization\"},\"image\":{\"@id\":\"https:\\\/\\\/archiviocassano.lavocedelpaese.info\\\/index.php\\\/2017\\\/01\\\/11\\\/il-governatore-emiliano-in-toru-sulla-murgia-nella-morsa-del-ghiaccio-tappa-a-cassano\\\/#primaryimage\"},\"thumbnailUrl\":\"https:\\\/\\\/archiviocassano.lavocedelpaese.info\\\/wp-content\\\/uploads\\\/2017\\\/01\\\/emiliano_e_lionetti_grande_copy_copy.jpg\",\"articleSection\":[\"Attualit\u00e0\"],\"inLanguage\":\"it-IT\",\"potentialAction\":[{\"@type\":\"CommentAction\",\"name\":\"Comment\",\"target\":[\"https:\\\/\\\/archiviocassano.lavocedelpaese.info\\\/index.php\\\/2017\\\/01\\\/11\\\/il-governatore-emiliano-in-toru-sulla-murgia-nella-morsa-del-ghiaccio-tappa-a-cassano\\\/#respond\"]}]},{\"@type\":\"WebPage\",\"@id\":\"https:\\\/\\\/archiviocassano.lavocedelpaese.info\\\/index.php\\\/2017\\\/01\\\/11\\\/il-governatore-emiliano-in-toru-sulla-murgia-nella-morsa-del-ghiaccio-tappa-a-cassano\\\/\",\"url\":\"https:\\\/\\\/archiviocassano.lavocedelpaese.info\\\/index.php\\\/2017\\\/01\\\/11\\\/il-governatore-emiliano-in-toru-sulla-murgia-nella-morsa-del-ghiaccio-tappa-a-cassano\\\/\",\"name\":\"Emiliano a Cassano: emergenza finita - Archivio CassanoWeb\",\"isPartOf\":{\"@id\":\"https:\\\/\\\/archiviocassano.lavocedelpaese.info\\\/#website\"},\"primaryImageOfPage\":{\"@id\":\"https:\\\/\\\/archiviocassano.lavocedelpaese.info\\\/index.php\\\/2017\\\/01\\\/11\\\/il-governatore-emiliano-in-toru-sulla-murgia-nella-morsa-del-ghiaccio-tappa-a-cassano\\\/#primaryimage\"},\"image\":{\"@id\":\"https:\\\/\\\/archiviocassano.lavocedelpaese.info\\\/index.php\\\/2017\\\/01\\\/11\\\/il-governatore-emiliano-in-toru-sulla-murgia-nella-morsa-del-ghiaccio-tappa-a-cassano\\\/#primaryimage\"},\"thumbnailUrl\":\"https:\\\/\\\/archiviocassano.lavocedelpaese.info\\\/wp-content\\\/uploads\\\/2017\\\/01\\\/emiliano_e_lionetti_grande_copy_copy.jpg\",\"datePublished\":\"2017-01-11T07:26:57+00:00\",\"breadcrumb\":{\"@id\":\"https:\\\/\\\/archiviocassano.lavocedelpaese.info\\\/index.php\\\/2017\\\/01\\\/11\\\/il-governatore-emiliano-in-toru-sulla-murgia-nella-morsa-del-ghiaccio-tappa-a-cassano\\\/#breadcrumb\"},\"inLanguage\":\"it-IT\",\"potentialAction\":[{\"@type\":\"ReadAction\",\"target\":[\"https:\\\/\\\/archiviocassano.lavocedelpaese.info\\\/index.php\\\/2017\\\/01\\\/11\\\/il-governatore-emiliano-in-toru-sulla-murgia-nella-morsa-del-ghiaccio-tappa-a-cassano\\\/\"]}]},{\"@type\":\"ImageObject\",\"inLanguage\":\"it-IT\",\"@id\":\"https:\\\/\\\/archiviocassano.lavocedelpaese.info\\\/index.php\\\/2017\\\/01\\\/11\\\/il-governatore-emiliano-in-toru-sulla-murgia-nella-morsa-del-ghiaccio-tappa-a-cassano\\\/#primaryimage\",\"url\":\"https:\\\/\\\/archiviocassano.lavocedelpaese.info\\\/wp-content\\\/uploads\\\/2017\\\/01\\\/emiliano_e_lionetti_grande_copy_copy.jpg\",\"contentUrl\":\"https:\\\/\\\/archiviocassano.lavocedelpaese.info\\\/wp-content\\\/uploads\\\/2017\\\/01\\\/emiliano_e_lionetti_grande_copy_copy.jpg\",\"width\":500,\"height\":282,\"caption\":\"emiliano e lionetti grande copy copy\"},{\"@type\":\"BreadcrumbList\",\"@id\":\"https:\\\/\\\/archiviocassano.lavocedelpaese.info\\\/index.php\\\/2017\\\/01\\\/11\\\/il-governatore-emiliano-in-toru-sulla-murgia-nella-morsa-del-ghiaccio-tappa-a-cassano\\\/#breadcrumb\",\"itemListElement\":[{\"@type\":\"ListItem\",\"position\":1,\"name\":\"Home\",\"item\":\"https:\\\/\\\/archiviocassano.lavocedelpaese.info\\\/\"},{\"@type\":\"ListItem\",\"position\":2,\"name\":\"Emiliano a Cassano: emergenza finita\"}]},{\"@type\":\"WebSite\",\"@id\":\"https:\\\/\\\/archiviocassano.lavocedelpaese.info\\\/#website\",\"url\":\"https:\\\/\\\/archiviocassano.lavocedelpaese.info\\\/\",\"name\":\"Archivio CassanoWeb\",\"description\":\"La Voce del Paese - un network di idee\",\"publisher\":{\"@id\":\"https:\\\/\\\/archiviocassano.lavocedelpaese.info\\\/#organization\"},\"potentialAction\":[{\"@type\":\"SearchAction\",\"target\":{\"@type\":\"EntryPoint\",\"urlTemplate\":\"https:\\\/\\\/archiviocassano.lavocedelpaese.info\\\/?s={search_term_string}\"},\"query-input\":{\"@type\":\"PropertyValueSpecification\",\"valueRequired\":true,\"valueName\":\"search_term_string\"}}],\"inLanguage\":\"it-IT\"},{\"@type\":\"Organization\",\"@id\":\"https:\\\/\\\/archiviocassano.lavocedelpaese.info\\\/#organization\",\"name\":\"Archivio CassanoWeb\",\"url\":\"https:\\\/\\\/archiviocassano.lavocedelpaese.info\\\/\",\"logo\":{\"@type\":\"ImageObject\",\"inLanguage\":\"it-IT\",\"@id\":\"https:\\\/\\\/archiviocassano.lavocedelpaese.info\\\/#\\\/schema\\\/logo\\\/image\\\/\",\"url\":\"https:\\\/\\\/archiviocassano.lavocedelpaese.info\\\/wp-content\\\/uploads\\\/2024\\\/08\\\/logo-rosso-2.png\",\"contentUrl\":\"https:\\\/\\\/archiviocassano.lavocedelpaese.info\\\/wp-content\\\/uploads\\\/2024\\\/08\\\/logo-rosso-2.png\",\"width\":491,\"height\":432,\"caption\":\"Archivio CassanoWeb\"},\"image\":{\"@id\":\"https:\\\/\\\/archiviocassano.lavocedelpaese.info\\\/#\\\/schema\\\/logo\\\/image\\\/\"},\"sameAs\":[\"https:\\\/\\\/www.facebook.com\\\/redazione.cassanoweb\"]},{\"@type\":\"Person\",\"@id\":\"https:\\\/\\\/archiviocassano.lavocedelpaese.info\\\/#\\\/schema\\\/person\\\/df195bc79a9b4c35127cf005f92e041b\",\"name\":\"admin\",\"image\":{\"@type\":\"ImageObject\",\"inLanguage\":\"it-IT\",\"@id\":\"https:\\\/\\\/secure.gravatar.com\\\/avatar\\\/eabba89a432e8eaa1b0207cc55f7e5340b22712b1ed80677efcf63e02ff5b235?s=96&d=mm&r=g\",\"url\":\"https:\\\/\\\/secure.gravatar.com\\\/avatar\\\/eabba89a432e8eaa1b0207cc55f7e5340b22712b1ed80677efcf63e02ff5b235?s=96&d=mm&r=g\",\"contentUrl\":\"https:\\\/\\\/secure.gravatar.com\\\/avatar\\\/eabba89a432e8eaa1b0207cc55f7e5340b22712b1ed80677efcf63e02ff5b235?s=96&d=mm&r=g\",\"caption\":\"admin\"},\"sameAs\":[\"https:\\\/\\\/archiviocassano.lavocedelpaese.info\"],\"url\":\"https:\\\/\\\/archiviocassano.lavocedelpaese.info\\\/index.php\\\/author\\\/admin_0qgz1xdp\\\/\"}]}<\/script>\n<!-- \/ Yoast SEO plugin. -->","yoast_head_json":{"title":"Emiliano a Cassano: emergenza finita - Archivio CassanoWeb","robots":{"index":"index","follow":"follow","max-snippet":"max-snippet:-1","max-image-preview":"max-image-preview:large","max-video-preview":"max-video-preview:-1"},"canonical":"https:\/\/archiviocassano.lavocedelpaese.info\/index.php\/2017\/01\/11\/il-governatore-emiliano-in-toru-sulla-murgia-nella-morsa-del-ghiaccio-tappa-a-cassano\/","og_locale":"it_IT","og_type":"article","og_title":"Emiliano a Cassano: emergenza finita - Archivio CassanoWeb","og_url":"https:\/\/archiviocassano.lavocedelpaese.info\/index.php\/2017\/01\/11\/il-governatore-emiliano-in-toru-sulla-murgia-nella-morsa-del-ghiaccio-tappa-a-cassano\/","og_site_name":"Archivio CassanoWeb","article_publisher":"https:\/\/www.facebook.com\/redazione.cassanoweb","article_published_time":"2017-01-11T07:26:57+00:00","og_image":[{"width":500,"height":282,"url":"https:\/\/archiviocassano.lavocedelpaese.info\/wp-content\/uploads\/2017\/01\/emiliano_e_lionetti_grande_copy_copy.jpg","type":"image\/jpeg"}],"author":"admin","twitter_card":"summary_large_image","twitter_misc":{"Scritto da":"admin","Tempo di lettura stimato":"3 minuti"},"schema":{"@context":"https:\/\/schema.org","@graph":[{"@type":"Article","@id":"https:\/\/archiviocassano.lavocedelpaese.info\/index.php\/2017\/01\/11\/il-governatore-emiliano-in-toru-sulla-murgia-nella-morsa-del-ghiaccio-tappa-a-cassano\/#article","isPartOf":{"@id":"https:\/\/archiviocassano.lavocedelpaese.info\/index.php\/2017\/01\/11\/il-governatore-emiliano-in-toru-sulla-murgia-nella-morsa-del-ghiaccio-tappa-a-cassano\/"},"author":{"name":"admin","@id":"https:\/\/archiviocassano.lavocedelpaese.info\/#\/schema\/person\/df195bc79a9b4c35127cf005f92e041b"},"headline":"Emiliano a Cassano: emergenza finita","datePublished":"2017-01-11T07:26:57+00:00","mainEntityOfPage":{"@id":"https:\/\/archiviocassano.lavocedelpaese.info\/index.php\/2017\/01\/11\/il-governatore-emiliano-in-toru-sulla-murgia-nella-morsa-del-ghiaccio-tappa-a-cassano\/"},"wordCount":593,"commentCount":0,"publisher":{"@id":"https:\/\/archiviocassano.lavocedelpaese.info\/#organization"},"image":{"@id":"https:\/\/archiviocassano.lavocedelpaese.info\/index.php\/2017\/01\/11\/il-governatore-emiliano-in-toru-sulla-murgia-nella-morsa-del-ghiaccio-tappa-a-cassano\/#primaryimage"},"thumbnailUrl":"https:\/\/archiviocassano.lavocedelpaese.info\/wp-content\/uploads\/2017\/01\/emiliano_e_lionetti_grande_copy_copy.jpg","articleSection":["Attualit\u00e0"],"inLanguage":"it-IT","potentialAction":[{"@type":"CommentAction","name":"Comment","target":["https:\/\/archiviocassano.lavocedelpaese.info\/index.php\/2017\/01\/11\/il-governatore-emiliano-in-toru-sulla-murgia-nella-morsa-del-ghiaccio-tappa-a-cassano\/#respond"]}]},{"@type":"WebPage","@id":"https:\/\/archiviocassano.lavocedelpaese.info\/index.php\/2017\/01\/11\/il-governatore-emiliano-in-toru-sulla-murgia-nella-morsa-del-ghiaccio-tappa-a-cassano\/","url":"https:\/\/archiviocassano.lavocedelpaese.info\/index.php\/2017\/01\/11\/il-governatore-emiliano-in-toru-sulla-murgia-nella-morsa-del-ghiaccio-tappa-a-cassano\/","name":"Emiliano a Cassano: emergenza finita - Archivio CassanoWeb","isPartOf":{"@id":"https:\/\/archiviocassano.lavocedelpaese.info\/#website"},"primaryImageOfPage":{"@id":"https:\/\/archiviocassano.lavocedelpaese.info\/index.php\/2017\/01\/11\/il-governatore-emiliano-in-toru-sulla-murgia-nella-morsa-del-ghiaccio-tappa-a-cassano\/#primaryimage"},"image":{"@id":"https:\/\/archiviocassano.lavocedelpaese.info\/index.php\/2017\/01\/11\/il-governatore-emiliano-in-toru-sulla-murgia-nella-morsa-del-ghiaccio-tappa-a-cassano\/#primaryimage"},"thumbnailUrl":"https:\/\/archiviocassano.lavocedelpaese.info\/wp-content\/uploads\/2017\/01\/emiliano_e_lionetti_grande_copy_copy.jpg","datePublished":"2017-01-11T07:26:57+00:00","breadcrumb":{"@id":"https:\/\/archiviocassano.lavocedelpaese.info\/index.php\/2017\/01\/11\/il-governatore-emiliano-in-toru-sulla-murgia-nella-morsa-del-ghiaccio-tappa-a-cassano\/#breadcrumb"},"inLanguage":"it-IT","potentialAction":[{"@type":"ReadAction","target":["https:\/\/archiviocassano.lavocedelpaese.info\/index.php\/2017\/01\/11\/il-governatore-emiliano-in-toru-sulla-murgia-nella-morsa-del-ghiaccio-tappa-a-cassano\/"]}]},{"@type":"ImageObject","inLanguage":"it-IT","@id":"https:\/\/archiviocassano.lavocedelpaese.info\/index.php\/2017\/01\/11\/il-governatore-emiliano-in-toru-sulla-murgia-nella-morsa-del-ghiaccio-tappa-a-cassano\/#primaryimage","url":"https:\/\/archiviocassano.lavocedelpaese.info\/wp-content\/uploads\/2017\/01\/emiliano_e_lionetti_grande_copy_copy.jpg","contentUrl":"https:\/\/archiviocassano.lavocedelpaese.info\/wp-content\/uploads\/2017\/01\/emiliano_e_lionetti_grande_copy_copy.jpg","width":500,"height":282,"caption":"emiliano e lionetti grande copy copy"},{"@type":"BreadcrumbList","@id":"https:\/\/archiviocassano.lavocedelpaese.info\/index.php\/2017\/01\/11\/il-governatore-emiliano-in-toru-sulla-murgia-nella-morsa-del-ghiaccio-tappa-a-cassano\/#breadcrumb","itemListElement":[{"@type":"ListItem","position":1,"name":"Home","item":"https:\/\/archiviocassano.lavocedelpaese.info\/"},{"@type":"ListItem","position":2,"name":"Emiliano a Cassano: emergenza finita"}]},{"@type":"WebSite","@id":"https:\/\/archiviocassano.lavocedelpaese.info\/#website","url":"https:\/\/archiviocassano.lavocedelpaese.info\/","name":"Archivio CassanoWeb","description":"La Voce del Paese - un network di idee","publisher":{"@id":"https:\/\/archiviocassano.lavocedelpaese.info\/#organization"},"potentialAction":[{"@type":"SearchAction","target":{"@type":"EntryPoint","urlTemplate":"https:\/\/archiviocassano.lavocedelpaese.info\/?s={search_term_string}"},"query-input":{"@type":"PropertyValueSpecification","valueRequired":true,"valueName":"search_term_string"}}],"inLanguage":"it-IT"},{"@type":"Organization","@id":"https:\/\/archiviocassano.lavocedelpaese.info\/#organization","name":"Archivio CassanoWeb","url":"https:\/\/archiviocassano.lavocedelpaese.info\/","logo":{"@type":"ImageObject","inLanguage":"it-IT","@id":"https:\/\/archiviocassano.lavocedelpaese.info\/#\/schema\/logo\/image\/","url":"https:\/\/archiviocassano.lavocedelpaese.info\/wp-content\/uploads\/2024\/08\/logo-rosso-2.png","contentUrl":"https:\/\/archiviocassano.lavocedelpaese.info\/wp-content\/uploads\/2024\/08\/logo-rosso-2.png","width":491,"height":432,"caption":"Archivio CassanoWeb"},"image":{"@id":"https:\/\/archiviocassano.lavocedelpaese.info\/#\/schema\/logo\/image\/"},"sameAs":["https:\/\/www.facebook.com\/redazione.cassanoweb"]},{"@type":"Person","@id":"https:\/\/archiviocassano.lavocedelpaese.info\/#\/schema\/person\/df195bc79a9b4c35127cf005f92e041b","name":"admin","image":{"@type":"ImageObject","inLanguage":"it-IT","@id":"https:\/\/secure.gravatar.com\/avatar\/eabba89a432e8eaa1b0207cc55f7e5340b22712b1ed80677efcf63e02ff5b235?s=96&d=mm&r=g","url":"https:\/\/secure.gravatar.com\/avatar\/eabba89a432e8eaa1b0207cc55f7e5340b22712b1ed80677efcf63e02ff5b235?s=96&d=mm&r=g","contentUrl":"https:\/\/secure.gravatar.com\/avatar\/eabba89a432e8eaa1b0207cc55f7e5340b22712b1ed80677efcf63e02ff5b235?s=96&d=mm&r=g","caption":"admin"},"sameAs":["https:\/\/archiviocassano.lavocedelpaese.info"],"url":"https:\/\/archiviocassano.lavocedelpaese.info\/index.php\/author\/admin_0qgz1xdp\/"}]}},"_links":{"self":[{"href":"https:\/\/archiviocassano.lavocedelpaese.info\/index.php\/wp-json\/wp\/v2\/posts\/13575","targetHints":{"allow":["GET"]}}],"collection":[{"href":"https:\/\/archiviocassano.lavocedelpaese.info\/index.php\/wp-json\/wp\/v2\/posts"}],"about":[{"href":"https:\/\/archiviocassano.lavocedelpaese.info\/index.php\/wp-json\/wp\/v2\/types\/post"}],"author":[{"embeddable":true,"href":"https:\/\/archiviocassano.lavocedelpaese.info\/index.php\/wp-json\/wp\/v2\/users\/1"}],"replies":[{"embeddable":true,"href":"https:\/\/archiviocassano.lavocedelpaese.info\/index.php\/wp-json\/wp\/v2\/comments?post=13575"}],"version-history":[{"count":0,"href":"https:\/\/archiviocassano.lavocedelpaese.info\/index.php\/wp-json\/wp\/v2\/posts\/13575\/revisions"}],"wp:featuredmedia":[{"embeddable":true,"href":"https:\/\/archiviocassano.lavocedelpaese.info\/index.php\/wp-json\/wp\/v2\/media\/13574"}],"wp:attachment":[{"href":"https:\/\/archiviocassano.lavocedelpaese.info\/index.php\/wp-json\/wp\/v2\/media?parent=13575"}],"wp:term":[{"taxonomy":"category","embeddable":true,"href":"https:\/\/archiviocassano.lavocedelpaese.info\/index.php\/wp-json\/wp\/v2\/categories?post=13575"},{"taxonomy":"post_tag","embeddable":true,"href":"https:\/\/archiviocassano.lavocedelpaese.info\/index.php\/wp-json\/wp\/v2\/tags?post=13575"}],"curies":[{"name":"wp","href":"https:\/\/api.w.org\/{rel}","templated":true}]}}