{"id":13633,"date":"2017-01-29T11:38:24","date_gmt":"2017-01-29T11:38:24","guid":{"rendered":"https:\/\/archiviocassano.lavocedelpaese.info\/index.php\/2017\/01\/29\/giornata-della-memoria-tra-commemorazione-e-riflessione\/"},"modified":"2017-01-29T11:38:24","modified_gmt":"2017-01-29T11:38:24","slug":"giornata-della-memoria-tra-commemorazione-e-riflessione","status":"publish","type":"post","link":"https:\/\/archiviocassano.lavocedelpaese.info\/index.php\/2017\/01\/29\/giornata-della-memoria-tra-commemorazione-e-riflessione\/","title":{"rendered":"Giornata della memoria: tra commemorazione e riflessione"},"content":{"rendered":"<p style=\"text-align: justify;\"><img loading=\"lazy\" decoding=\"async\" class=\" size-full wp-image-13632\" src=\"https:\/\/archiviocassano.lavocedelpaese.info\/wp-content\/uploads\/2017\/01\/giornata_della_memoria_2017.jpg\" alt=\"giornata della memoria 2017\" height=\"150\" width=\"320\" \/><\/p>\n<p><!--more--><\/p>\n<p>\u201cSe comprendere \u00e8 impossibile, conoscere \u00e8 necessario\u201d, \u00e8 con questa citazione di Primo Levi che&nbsp; l\u2019Associazione \u201cAmici della biblioteca\u201d, in collaborazione con il Club Unesco di Cassano e l\u2019Associazione \u201cNo more- Difesa donna\u201d, ha presentato l\u2019incontro tenutosi il 27 gennaio presso la Biblioteca comunale, in occasione della Giornata della Memoria 2017. Questa celebrazione, istituita in Italia soltanto nel 2000, \u00e8 una giornata dedicata al ricordo dell\u2019orrore che i Russi scoprirono il 27 gennaio del \u201945sfondando i cancelli di Auschwitz. Una giornata che assume, per\u00f2, un significato molto pi\u00f9 profondo: non soltanto il ricordo di un evento cos\u00ec terribile della storia dell\u2019umanit\u00e0, ma anche un momento di riflessione su tutti quelli che sono gli eventi passati e presenti, un momento di conoscenza e di informazione.<\/p>\n<p style=\"text-align: justify;\">Durante l\u2019incontro non ci si \u00e8 limitati a raccontare una storia gi\u00e0 largamente conosciuta, ma si \u00e8 voluto analizzare alcuni aspetti spesso poco noti, come la storia del campo di concentramento di Ravensbr\u00fcck, a Nord di Berlino, come racconta Rossella Casamassima, consigliera dell\u2019Associazione \u201cNo more- difesa donna\u201d. Ravensbr\u00fcck era un campo riservato esclusivamente alle donne e di queste 130 mila donna, che tra il \u201939 e il \u201945&nbsp; transitarono di l\u00ec, solo il 10% era ebreo: il campo era destinato pi\u00f9 che altro alla detenzione delle cos\u00ec dette \u201cdonne non conformi\u201d, donne che potevano essere pericolose per il regime, oppure che si allontanavano troppo dall\u2019ideale di donna stabilito dal nazismo. Molto intensa \u00e8 stata la proiezione della video-intervista ad una donna che fu deportata, insieme alla madre, in questo campo, con l\u2019unica colpa di essere sorella di un partigiano.<\/p>\n<p style=\"text-align: justify;\">Un secondo sguardo \u00e8 stato rivolto alla vita dei bambini e dei ragazzi rinchiusi nei campi e nei ghetti, bambini privati della loro infanzia, della loro giovinezza, spesso rimasti soli\u2026quelli che riuscivano a sopravvivere alle atrocit\u00e0 dei nazisti.<\/p>\n<p style=\"text-align: justify;\">Una parola chiave dell\u2019incontro \u00e8 stata sicuramente \u201cOLOCAUSTO\u201d, una parola greca che significa \u201cil fumo di quello che brucia\u201d, infatti, come spiega la presidente dell\u2019Ass. \u201cAmici della biblioteca\u201d, questa parola oggi \u00e8 caduta in disuso, sostituita del termine ebraico <i>shoah,<\/i> una parola \u201cmeno terribile\u201d, una parola che ci fa \u201cpensare meno\u201d (se \u00e8 possibile) a quello che accadeva all\u2019interno dei campi di concentramento. Tuttavia, come sottolinea Angela Diceglie, la parola \u201colocausto\u201d \u00e8 significativa e rievocativa, dunque \u00e8 necessario utilizzarla: \u201cnon bisogna avere paura di dire le cose come sono state fatte, gli ebrei sono stati portati nelle camere a gas, i fumi sono usciti da quei camini\u2026\u201d.<\/p>\n<p style=\"text-align: justify;\">Un invito alla riflessione \u00e8 venuto anche da Emanuele Cavallone, uno dei relatori della conferenza, che ha fornito alcuni dati agghiaccianti sull\u2019olocausto e ha ripercorso alcuni dei momenti pi\u00f9 significativi di quel periodo buio, sottolineando l\u2019incredulit\u00e0 del mondo di allora di fronte a tanta crudelt\u00e0.<\/p>\n<p style=\"text-align: justify;\">La conferenza \u00e8 stata accompagnata dalla lettura di alcune poesie simbolo di questa tragedia e dalla musica, con l\u2019esecuzione al violino di alcuni brani toccanti, che hanno reso ancora pi\u00f9 suggestivo un incontro gi\u00e0 carico di emozioni.<\/p>\n<p style=\"text-align: justify;\">Sebbene la Giornata della Memoria sia stata istituita per celebrare e ricordare le vittime del nazismo, \u00e8, come gi\u00e0 sottolineato, una giornata dedicata alla memoria di TUTTE le stragi e atrocit\u00e0 del mondo, passate e presenti, un momento per riflettere sugli errori commessi, sugli errori che ancora oggi si ripetono sotto l\u2019indifferenza di tutti, la stessa indifferenza che port\u00f2 il nazismo a sterminare pi\u00f9 di 6 milioni di ebrei.<\/p>\n<p>&nbsp;<\/p>\n<p>&nbsp;<\/p>\n","protected":false},"excerpt":{"rendered":"","protected":false},"author":1,"featured_media":13632,"comment_status":"open","ping_status":"closed","sticky":false,"template":"","format":"standard","meta":{"colormag_page_container_layout":"default_layout","colormag_page_sidebar_layout":"default_layout","footnotes":""},"categories":[6],"tags":[],"class_list":["post-13633","post","type-post","status-publish","format-standard","has-post-thumbnail","hentry","category-cultura"],"yoast_head":"<!-- This site is optimized with the Yoast SEO plugin v27.5 - https:\/\/yoast.com\/product\/yoast-seo-wordpress\/ -->\n<title>Giornata della memoria: tra commemorazione e riflessione - Archivio CassanoWeb<\/title>\n<meta name=\"robots\" content=\"index, follow, max-snippet:-1, max-image-preview:large, max-video-preview:-1\" \/>\n<link rel=\"canonical\" href=\"https:\/\/archiviocassano.lavocedelpaese.info\/index.php\/2017\/01\/29\/giornata-della-memoria-tra-commemorazione-e-riflessione\/\" \/>\n<meta property=\"og:locale\" content=\"it_IT\" \/>\n<meta property=\"og:type\" content=\"article\" \/>\n<meta property=\"og:title\" content=\"Giornata della memoria: tra commemorazione e riflessione - Archivio CassanoWeb\" \/>\n<meta property=\"og:url\" content=\"https:\/\/archiviocassano.lavocedelpaese.info\/index.php\/2017\/01\/29\/giornata-della-memoria-tra-commemorazione-e-riflessione\/\" \/>\n<meta property=\"og:site_name\" content=\"Archivio CassanoWeb\" \/>\n<meta property=\"article:publisher\" content=\"https:\/\/www.facebook.com\/redazione.cassanoweb\" \/>\n<meta property=\"article:published_time\" content=\"2017-01-29T11:38:24+00:00\" \/>\n<meta property=\"og:image\" content=\"https:\/\/archiviocassano.lavocedelpaese.info\/wp-content\/uploads\/2017\/01\/giornata_della_memoria_2017.jpg\" \/>\n\t<meta property=\"og:image:width\" content=\"500\" \/>\n\t<meta property=\"og:image:height\" content=\"305\" \/>\n\t<meta property=\"og:image:type\" content=\"image\/jpeg\" \/>\n<meta name=\"author\" content=\"admin\" \/>\n<meta name=\"twitter:card\" content=\"summary_large_image\" \/>\n<meta name=\"twitter:label1\" content=\"Scritto da\" \/>\n\t<meta name=\"twitter:data1\" content=\"admin\" \/>\n\t<meta name=\"twitter:label2\" content=\"Tempo di lettura stimato\" \/>\n\t<meta name=\"twitter:data2\" content=\"3 minuti\" \/>\n<script type=\"application\/ld+json\" class=\"yoast-schema-graph\">{\"@context\":\"https:\\\/\\\/schema.org\",\"@graph\":[{\"@type\":\"Article\",\"@id\":\"https:\\\/\\\/archiviocassano.lavocedelpaese.info\\\/index.php\\\/2017\\\/01\\\/29\\\/giornata-della-memoria-tra-commemorazione-e-riflessione\\\/#article\",\"isPartOf\":{\"@id\":\"https:\\\/\\\/archiviocassano.lavocedelpaese.info\\\/index.php\\\/2017\\\/01\\\/29\\\/giornata-della-memoria-tra-commemorazione-e-riflessione\\\/\"},\"author\":{\"name\":\"admin\",\"@id\":\"https:\\\/\\\/archiviocassano.lavocedelpaese.info\\\/#\\\/schema\\\/person\\\/df195bc79a9b4c35127cf005f92e041b\"},\"headline\":\"Giornata della memoria: tra commemorazione e riflessione\",\"datePublished\":\"2017-01-29T11:38:24+00:00\",\"mainEntityOfPage\":{\"@id\":\"https:\\\/\\\/archiviocassano.lavocedelpaese.info\\\/index.php\\\/2017\\\/01\\\/29\\\/giornata-della-memoria-tra-commemorazione-e-riflessione\\\/\"},\"wordCount\":564,\"commentCount\":0,\"publisher\":{\"@id\":\"https:\\\/\\\/archiviocassano.lavocedelpaese.info\\\/#organization\"},\"image\":{\"@id\":\"https:\\\/\\\/archiviocassano.lavocedelpaese.info\\\/index.php\\\/2017\\\/01\\\/29\\\/giornata-della-memoria-tra-commemorazione-e-riflessione\\\/#primaryimage\"},\"thumbnailUrl\":\"https:\\\/\\\/archiviocassano.lavocedelpaese.info\\\/wp-content\\\/uploads\\\/2017\\\/01\\\/giornata_della_memoria_2017.jpg\",\"articleSection\":[\"Cultura\"],\"inLanguage\":\"it-IT\",\"potentialAction\":[{\"@type\":\"CommentAction\",\"name\":\"Comment\",\"target\":[\"https:\\\/\\\/archiviocassano.lavocedelpaese.info\\\/index.php\\\/2017\\\/01\\\/29\\\/giornata-della-memoria-tra-commemorazione-e-riflessione\\\/#respond\"]}]},{\"@type\":\"WebPage\",\"@id\":\"https:\\\/\\\/archiviocassano.lavocedelpaese.info\\\/index.php\\\/2017\\\/01\\\/29\\\/giornata-della-memoria-tra-commemorazione-e-riflessione\\\/\",\"url\":\"https:\\\/\\\/archiviocassano.lavocedelpaese.info\\\/index.php\\\/2017\\\/01\\\/29\\\/giornata-della-memoria-tra-commemorazione-e-riflessione\\\/\",\"name\":\"Giornata della memoria: tra commemorazione e riflessione - Archivio CassanoWeb\",\"isPartOf\":{\"@id\":\"https:\\\/\\\/archiviocassano.lavocedelpaese.info\\\/#website\"},\"primaryImageOfPage\":{\"@id\":\"https:\\\/\\\/archiviocassano.lavocedelpaese.info\\\/index.php\\\/2017\\\/01\\\/29\\\/giornata-della-memoria-tra-commemorazione-e-riflessione\\\/#primaryimage\"},\"image\":{\"@id\":\"https:\\\/\\\/archiviocassano.lavocedelpaese.info\\\/index.php\\\/2017\\\/01\\\/29\\\/giornata-della-memoria-tra-commemorazione-e-riflessione\\\/#primaryimage\"},\"thumbnailUrl\":\"https:\\\/\\\/archiviocassano.lavocedelpaese.info\\\/wp-content\\\/uploads\\\/2017\\\/01\\\/giornata_della_memoria_2017.jpg\",\"datePublished\":\"2017-01-29T11:38:24+00:00\",\"breadcrumb\":{\"@id\":\"https:\\\/\\\/archiviocassano.lavocedelpaese.info\\\/index.php\\\/2017\\\/01\\\/29\\\/giornata-della-memoria-tra-commemorazione-e-riflessione\\\/#breadcrumb\"},\"inLanguage\":\"it-IT\",\"potentialAction\":[{\"@type\":\"ReadAction\",\"target\":[\"https:\\\/\\\/archiviocassano.lavocedelpaese.info\\\/index.php\\\/2017\\\/01\\\/29\\\/giornata-della-memoria-tra-commemorazione-e-riflessione\\\/\"]}]},{\"@type\":\"ImageObject\",\"inLanguage\":\"it-IT\",\"@id\":\"https:\\\/\\\/archiviocassano.lavocedelpaese.info\\\/index.php\\\/2017\\\/01\\\/29\\\/giornata-della-memoria-tra-commemorazione-e-riflessione\\\/#primaryimage\",\"url\":\"https:\\\/\\\/archiviocassano.lavocedelpaese.info\\\/wp-content\\\/uploads\\\/2017\\\/01\\\/giornata_della_memoria_2017.jpg\",\"contentUrl\":\"https:\\\/\\\/archiviocassano.lavocedelpaese.info\\\/wp-content\\\/uploads\\\/2017\\\/01\\\/giornata_della_memoria_2017.jpg\",\"width\":500,\"height\":305,\"caption\":\"giornata della memoria 2017\"},{\"@type\":\"BreadcrumbList\",\"@id\":\"https:\\\/\\\/archiviocassano.lavocedelpaese.info\\\/index.php\\\/2017\\\/01\\\/29\\\/giornata-della-memoria-tra-commemorazione-e-riflessione\\\/#breadcrumb\",\"itemListElement\":[{\"@type\":\"ListItem\",\"position\":1,\"name\":\"Home\",\"item\":\"https:\\\/\\\/archiviocassano.lavocedelpaese.info\\\/\"},{\"@type\":\"ListItem\",\"position\":2,\"name\":\"Giornata della memoria: tra commemorazione e riflessione\"}]},{\"@type\":\"WebSite\",\"@id\":\"https:\\\/\\\/archiviocassano.lavocedelpaese.info\\\/#website\",\"url\":\"https:\\\/\\\/archiviocassano.lavocedelpaese.info\\\/\",\"name\":\"Archivio CassanoWeb\",\"description\":\"La Voce del Paese - un network di idee\",\"publisher\":{\"@id\":\"https:\\\/\\\/archiviocassano.lavocedelpaese.info\\\/#organization\"},\"potentialAction\":[{\"@type\":\"SearchAction\",\"target\":{\"@type\":\"EntryPoint\",\"urlTemplate\":\"https:\\\/\\\/archiviocassano.lavocedelpaese.info\\\/?s={search_term_string}\"},\"query-input\":{\"@type\":\"PropertyValueSpecification\",\"valueRequired\":true,\"valueName\":\"search_term_string\"}}],\"inLanguage\":\"it-IT\"},{\"@type\":\"Organization\",\"@id\":\"https:\\\/\\\/archiviocassano.lavocedelpaese.info\\\/#organization\",\"name\":\"Archivio CassanoWeb\",\"url\":\"https:\\\/\\\/archiviocassano.lavocedelpaese.info\\\/\",\"logo\":{\"@type\":\"ImageObject\",\"inLanguage\":\"it-IT\",\"@id\":\"https:\\\/\\\/archiviocassano.lavocedelpaese.info\\\/#\\\/schema\\\/logo\\\/image\\\/\",\"url\":\"https:\\\/\\\/archiviocassano.lavocedelpaese.info\\\/wp-content\\\/uploads\\\/2024\\\/08\\\/logo-rosso-2.png\",\"contentUrl\":\"https:\\\/\\\/archiviocassano.lavocedelpaese.info\\\/wp-content\\\/uploads\\\/2024\\\/08\\\/logo-rosso-2.png\",\"width\":491,\"height\":432,\"caption\":\"Archivio CassanoWeb\"},\"image\":{\"@id\":\"https:\\\/\\\/archiviocassano.lavocedelpaese.info\\\/#\\\/schema\\\/logo\\\/image\\\/\"},\"sameAs\":[\"https:\\\/\\\/www.facebook.com\\\/redazione.cassanoweb\"]},{\"@type\":\"Person\",\"@id\":\"https:\\\/\\\/archiviocassano.lavocedelpaese.info\\\/#\\\/schema\\\/person\\\/df195bc79a9b4c35127cf005f92e041b\",\"name\":\"admin\",\"image\":{\"@type\":\"ImageObject\",\"inLanguage\":\"it-IT\",\"@id\":\"https:\\\/\\\/secure.gravatar.com\\\/avatar\\\/eabba89a432e8eaa1b0207cc55f7e5340b22712b1ed80677efcf63e02ff5b235?s=96&d=mm&r=g\",\"url\":\"https:\\\/\\\/secure.gravatar.com\\\/avatar\\\/eabba89a432e8eaa1b0207cc55f7e5340b22712b1ed80677efcf63e02ff5b235?s=96&d=mm&r=g\",\"contentUrl\":\"https:\\\/\\\/secure.gravatar.com\\\/avatar\\\/eabba89a432e8eaa1b0207cc55f7e5340b22712b1ed80677efcf63e02ff5b235?s=96&d=mm&r=g\",\"caption\":\"admin\"},\"sameAs\":[\"https:\\\/\\\/archiviocassano.lavocedelpaese.info\"],\"url\":\"https:\\\/\\\/archiviocassano.lavocedelpaese.info\\\/index.php\\\/author\\\/admin_0qgz1xdp\\\/\"}]}<\/script>\n<!-- \/ Yoast SEO plugin. -->","yoast_head_json":{"title":"Giornata della memoria: tra commemorazione e riflessione - Archivio CassanoWeb","robots":{"index":"index","follow":"follow","max-snippet":"max-snippet:-1","max-image-preview":"max-image-preview:large","max-video-preview":"max-video-preview:-1"},"canonical":"https:\/\/archiviocassano.lavocedelpaese.info\/index.php\/2017\/01\/29\/giornata-della-memoria-tra-commemorazione-e-riflessione\/","og_locale":"it_IT","og_type":"article","og_title":"Giornata della memoria: tra commemorazione e riflessione - Archivio CassanoWeb","og_url":"https:\/\/archiviocassano.lavocedelpaese.info\/index.php\/2017\/01\/29\/giornata-della-memoria-tra-commemorazione-e-riflessione\/","og_site_name":"Archivio CassanoWeb","article_publisher":"https:\/\/www.facebook.com\/redazione.cassanoweb","article_published_time":"2017-01-29T11:38:24+00:00","og_image":[{"width":500,"height":305,"url":"https:\/\/archiviocassano.lavocedelpaese.info\/wp-content\/uploads\/2017\/01\/giornata_della_memoria_2017.jpg","type":"image\/jpeg"}],"author":"admin","twitter_card":"summary_large_image","twitter_misc":{"Scritto da":"admin","Tempo di lettura stimato":"3 minuti"},"schema":{"@context":"https:\/\/schema.org","@graph":[{"@type":"Article","@id":"https:\/\/archiviocassano.lavocedelpaese.info\/index.php\/2017\/01\/29\/giornata-della-memoria-tra-commemorazione-e-riflessione\/#article","isPartOf":{"@id":"https:\/\/archiviocassano.lavocedelpaese.info\/index.php\/2017\/01\/29\/giornata-della-memoria-tra-commemorazione-e-riflessione\/"},"author":{"name":"admin","@id":"https:\/\/archiviocassano.lavocedelpaese.info\/#\/schema\/person\/df195bc79a9b4c35127cf005f92e041b"},"headline":"Giornata della memoria: tra commemorazione e riflessione","datePublished":"2017-01-29T11:38:24+00:00","mainEntityOfPage":{"@id":"https:\/\/archiviocassano.lavocedelpaese.info\/index.php\/2017\/01\/29\/giornata-della-memoria-tra-commemorazione-e-riflessione\/"},"wordCount":564,"commentCount":0,"publisher":{"@id":"https:\/\/archiviocassano.lavocedelpaese.info\/#organization"},"image":{"@id":"https:\/\/archiviocassano.lavocedelpaese.info\/index.php\/2017\/01\/29\/giornata-della-memoria-tra-commemorazione-e-riflessione\/#primaryimage"},"thumbnailUrl":"https:\/\/archiviocassano.lavocedelpaese.info\/wp-content\/uploads\/2017\/01\/giornata_della_memoria_2017.jpg","articleSection":["Cultura"],"inLanguage":"it-IT","potentialAction":[{"@type":"CommentAction","name":"Comment","target":["https:\/\/archiviocassano.lavocedelpaese.info\/index.php\/2017\/01\/29\/giornata-della-memoria-tra-commemorazione-e-riflessione\/#respond"]}]},{"@type":"WebPage","@id":"https:\/\/archiviocassano.lavocedelpaese.info\/index.php\/2017\/01\/29\/giornata-della-memoria-tra-commemorazione-e-riflessione\/","url":"https:\/\/archiviocassano.lavocedelpaese.info\/index.php\/2017\/01\/29\/giornata-della-memoria-tra-commemorazione-e-riflessione\/","name":"Giornata della memoria: tra commemorazione e riflessione - Archivio CassanoWeb","isPartOf":{"@id":"https:\/\/archiviocassano.lavocedelpaese.info\/#website"},"primaryImageOfPage":{"@id":"https:\/\/archiviocassano.lavocedelpaese.info\/index.php\/2017\/01\/29\/giornata-della-memoria-tra-commemorazione-e-riflessione\/#primaryimage"},"image":{"@id":"https:\/\/archiviocassano.lavocedelpaese.info\/index.php\/2017\/01\/29\/giornata-della-memoria-tra-commemorazione-e-riflessione\/#primaryimage"},"thumbnailUrl":"https:\/\/archiviocassano.lavocedelpaese.info\/wp-content\/uploads\/2017\/01\/giornata_della_memoria_2017.jpg","datePublished":"2017-01-29T11:38:24+00:00","breadcrumb":{"@id":"https:\/\/archiviocassano.lavocedelpaese.info\/index.php\/2017\/01\/29\/giornata-della-memoria-tra-commemorazione-e-riflessione\/#breadcrumb"},"inLanguage":"it-IT","potentialAction":[{"@type":"ReadAction","target":["https:\/\/archiviocassano.lavocedelpaese.info\/index.php\/2017\/01\/29\/giornata-della-memoria-tra-commemorazione-e-riflessione\/"]}]},{"@type":"ImageObject","inLanguage":"it-IT","@id":"https:\/\/archiviocassano.lavocedelpaese.info\/index.php\/2017\/01\/29\/giornata-della-memoria-tra-commemorazione-e-riflessione\/#primaryimage","url":"https:\/\/archiviocassano.lavocedelpaese.info\/wp-content\/uploads\/2017\/01\/giornata_della_memoria_2017.jpg","contentUrl":"https:\/\/archiviocassano.lavocedelpaese.info\/wp-content\/uploads\/2017\/01\/giornata_della_memoria_2017.jpg","width":500,"height":305,"caption":"giornata della memoria 2017"},{"@type":"BreadcrumbList","@id":"https:\/\/archiviocassano.lavocedelpaese.info\/index.php\/2017\/01\/29\/giornata-della-memoria-tra-commemorazione-e-riflessione\/#breadcrumb","itemListElement":[{"@type":"ListItem","position":1,"name":"Home","item":"https:\/\/archiviocassano.lavocedelpaese.info\/"},{"@type":"ListItem","position":2,"name":"Giornata della memoria: tra commemorazione e riflessione"}]},{"@type":"WebSite","@id":"https:\/\/archiviocassano.lavocedelpaese.info\/#website","url":"https:\/\/archiviocassano.lavocedelpaese.info\/","name":"Archivio CassanoWeb","description":"La Voce del Paese - un network di idee","publisher":{"@id":"https:\/\/archiviocassano.lavocedelpaese.info\/#organization"},"potentialAction":[{"@type":"SearchAction","target":{"@type":"EntryPoint","urlTemplate":"https:\/\/archiviocassano.lavocedelpaese.info\/?s={search_term_string}"},"query-input":{"@type":"PropertyValueSpecification","valueRequired":true,"valueName":"search_term_string"}}],"inLanguage":"it-IT"},{"@type":"Organization","@id":"https:\/\/archiviocassano.lavocedelpaese.info\/#organization","name":"Archivio CassanoWeb","url":"https:\/\/archiviocassano.lavocedelpaese.info\/","logo":{"@type":"ImageObject","inLanguage":"it-IT","@id":"https:\/\/archiviocassano.lavocedelpaese.info\/#\/schema\/logo\/image\/","url":"https:\/\/archiviocassano.lavocedelpaese.info\/wp-content\/uploads\/2024\/08\/logo-rosso-2.png","contentUrl":"https:\/\/archiviocassano.lavocedelpaese.info\/wp-content\/uploads\/2024\/08\/logo-rosso-2.png","width":491,"height":432,"caption":"Archivio CassanoWeb"},"image":{"@id":"https:\/\/archiviocassano.lavocedelpaese.info\/#\/schema\/logo\/image\/"},"sameAs":["https:\/\/www.facebook.com\/redazione.cassanoweb"]},{"@type":"Person","@id":"https:\/\/archiviocassano.lavocedelpaese.info\/#\/schema\/person\/df195bc79a9b4c35127cf005f92e041b","name":"admin","image":{"@type":"ImageObject","inLanguage":"it-IT","@id":"https:\/\/secure.gravatar.com\/avatar\/eabba89a432e8eaa1b0207cc55f7e5340b22712b1ed80677efcf63e02ff5b235?s=96&d=mm&r=g","url":"https:\/\/secure.gravatar.com\/avatar\/eabba89a432e8eaa1b0207cc55f7e5340b22712b1ed80677efcf63e02ff5b235?s=96&d=mm&r=g","contentUrl":"https:\/\/secure.gravatar.com\/avatar\/eabba89a432e8eaa1b0207cc55f7e5340b22712b1ed80677efcf63e02ff5b235?s=96&d=mm&r=g","caption":"admin"},"sameAs":["https:\/\/archiviocassano.lavocedelpaese.info"],"url":"https:\/\/archiviocassano.lavocedelpaese.info\/index.php\/author\/admin_0qgz1xdp\/"}]}},"_links":{"self":[{"href":"https:\/\/archiviocassano.lavocedelpaese.info\/index.php\/wp-json\/wp\/v2\/posts\/13633","targetHints":{"allow":["GET"]}}],"collection":[{"href":"https:\/\/archiviocassano.lavocedelpaese.info\/index.php\/wp-json\/wp\/v2\/posts"}],"about":[{"href":"https:\/\/archiviocassano.lavocedelpaese.info\/index.php\/wp-json\/wp\/v2\/types\/post"}],"author":[{"embeddable":true,"href":"https:\/\/archiviocassano.lavocedelpaese.info\/index.php\/wp-json\/wp\/v2\/users\/1"}],"replies":[{"embeddable":true,"href":"https:\/\/archiviocassano.lavocedelpaese.info\/index.php\/wp-json\/wp\/v2\/comments?post=13633"}],"version-history":[{"count":0,"href":"https:\/\/archiviocassano.lavocedelpaese.info\/index.php\/wp-json\/wp\/v2\/posts\/13633\/revisions"}],"wp:featuredmedia":[{"embeddable":true,"href":"https:\/\/archiviocassano.lavocedelpaese.info\/index.php\/wp-json\/wp\/v2\/media\/13632"}],"wp:attachment":[{"href":"https:\/\/archiviocassano.lavocedelpaese.info\/index.php\/wp-json\/wp\/v2\/media?parent=13633"}],"wp:term":[{"taxonomy":"category","embeddable":true,"href":"https:\/\/archiviocassano.lavocedelpaese.info\/index.php\/wp-json\/wp\/v2\/categories?post=13633"},{"taxonomy":"post_tag","embeddable":true,"href":"https:\/\/archiviocassano.lavocedelpaese.info\/index.php\/wp-json\/wp\/v2\/tags?post=13633"}],"curies":[{"name":"wp","href":"https:\/\/api.w.org\/{rel}","templated":true}]}}