{"id":13673,"date":"2017-02-08T12:58:05","date_gmt":"2017-02-08T12:58:05","guid":{"rendered":"https:\/\/archiviocassano.lavocedelpaese.info\/index.php\/2017\/02\/08\/elezioni-amministrative-il-pd-cassanese-vuole-ricostruire-il-centrosinistra\/"},"modified":"2017-02-08T12:58:05","modified_gmt":"2017-02-08T12:58:05","slug":"elezioni-amministrative-il-pd-cassanese-vuole-ricostruire-il-centrosinistra","status":"publish","type":"post","link":"https:\/\/archiviocassano.lavocedelpaese.info\/index.php\/2017\/02\/08\/elezioni-amministrative-il-pd-cassanese-vuole-ricostruire-il-centrosinistra\/","title":{"rendered":"Il Pd cassanese vuole ricostruire il centrosinistra"},"content":{"rendered":"<p style=\"text-align: justify;\"><img loading=\"lazy\" decoding=\"async\" class=\" size-full wp-image-8981\" src=\"https:\/\/archiviocassano.lavocedelpaese.info\/wp-content\/uploads\/2014\/04\/pd_cassano_targa.jpg\" alt=\"pd cassano targa\" height=\"150\" width=\"320\" srcset=\"https:\/\/archiviocassano.lavocedelpaese.info\/wp-content\/uploads\/2014\/04\/pd_cassano_targa.jpg 640w, https:\/\/archiviocassano.lavocedelpaese.info\/wp-content\/uploads\/2014\/04\/pd_cassano_targa-300x141.jpg 300w\" sizes=\"auto, (max-width: 320px) 100vw, 320px\" \/><\/p>\n<p><!--more--><\/p>\n<p>&nbsp;<\/p>\n<p style=\"text-align: justify;\">Il Partito Democratico cassanese \u00e8 compatto e unito attorno al Segretario cittadino <strong>Davide Pignatale<\/strong> ed al Direttivo, sulle scelte compiute in relazione all\u2019Amministrazione Comunale, il cui mandato elettorale \u00e8 stato interrotto anzitempo anche con la scelta del Pd di porre fine all\u2019esperienza della sindacatura di Lionetti.<\/p>\n<p style=\"text-align: justify;\">E\u2019 quanto emerge, a margine dell\u2019Assemblea degli iscritti al Pd (poco pi\u00f9 di una cinquantina) tenutasi luned\u00ec scorso presso la sede cassanese <strong>alla presenza del segretario provinciale Ubaldo Pagano&nbsp;e del segretario regionale Marco Lacarra.<\/strong><\/p>\n<p style=\"text-align: justify;\">Nei giorni scorsi <strong>si era sparsa la voce, evidentemente infondata, di un imminente commissariamento della sezione locale del Pd<\/strong> a causa della scelta di far cadere l\u2019Amministrazione Lionetti che, lo ricordiamo, era un membro del Partito Democratico.<\/p>\n<p style=\"text-align: justify;\">Cos\u00ec in un Comunicato Stampa lo stesso partito spiega quanto \u00e8 accaduto: \u201c<em>Dopo la relazione del Segretario cittadino, l\u2019assemblea, ampiamente partecipata, all\u2019unanimit\u00e0 ha ratificato l\u2019operato della segreteria e del direttivo rispetto alla crisi politico amministrativa delle scorse settimane e deliberato sulle linee politiche future dando mandato alla stessa per ricomporre il quadro politico futuro. \u00c8 necessario ricostruire partendo dalle idee, partendo dal progetto, partendo da cosa il Partito vuole per questo paese.&nbsp; L\u2019obiettivo primario \u00e8 di iniziare a costruire un programma elettorale vero, concreto e con un autentica visione d\u2019insieme, un confronto serrato e schietto con la cittadinanza per nuove idee e nuovi progetti. Sicuramente il Partito ha in se ancora le potenzialit\u00e0 per esprimersi al meglio, ma certamente non da soli. Ci sono le condizioni per un confronto con le altre forze politiche, il centro sinistra non \u00e8 morto a patto per\u00f2 che qualcuno faccia un passo indietro cosi che la coalizione possa riprendere un percorso con uomini nuovi e proposte chiare e definite.<\/em><br \/><em> \u00c8 opportuno e necessario guardare oltre, a tutte quelle forze che possono esprimere idee, programmi condivisi e personalit\u00e0 competenti che sarebbero funzionali alla creazione di una squadra e di una lista forte per governare Cassano. Gli errori commessi siano da monito e utili a dare slancio e vigore ad una nuova proposta politica per una crescita sana e duratura della nostra citt\u00e0 e della nostra comunit\u00e0 perch\u00e9 come Berlinguer diceva : \u201cci si salva e si va avanti se si agisce insieme e non solo uno per uno\u201d.<\/em><\/p>\n<p style=\"text-align: justify;\">Il Pd, dunque, vuole provare a diventare nuovamente il perno attorno a cui far ruotare le forze del centrosinistra cassanese, con l\u2019idea di costruire un ritorno al Comune nei prossimi e non certo nell\u2019immediato.<\/p>\n<p style=\"text-align: justify;\">Le forze in campo, infatti, appaiono davvero poco consistenti, numericamente parlando.<\/p>\n<p style=\"text-align: justify;\">Oltre al Pd, che comunque sconter\u00e0, dal punto di vista elettorale, la scelta di far cadere l\u2019Amministrazione Lionetti, c\u2019\u00e8<strong> Iniziativa Democratica di Simeone Paparella<\/strong>; difficile \u00e8 il dialogo con <strong>Rifondazione Comunista<\/strong> \u2013 il cui Segretario <strong>Massimo Bongallino<\/strong>, seppur critico pare essere rimasto accanto a Lionetti con la sua rappresentante in Consiglio Comunale, <strong>Anna Pallavicino<\/strong> che dovrebbe ricandidarsi; inesistente invece S<strong>inistra Ecologia Libert\u00e0 n\u00e9 c\u2019\u00e8 traccia di Sinistra Italiana<\/strong>.<\/p>\n<p style=\"text-align: justify;\"><strong>Realt\u00e0 Italia,<\/strong> poi, sembra essersi squagliata dopo la fuoriuscita dell\u2019ex Assessora&nbsp;<strong>Maria Luisa Marazia e con un Michele Maiullaro<\/strong> che, pur essendo sulla carta il Coordinatore cittadino, pare non dover pi\u00f9 concorrere per un posto il Consiglio Comunale.<\/p>\n<p style=\"text-align: justify;\">Ingombrante, infine, il <strong>Gruppo \u201cCives\u201d che conta sull\u2019ex Assessora Miriam De Grandi,<\/strong> da cui un po\u2019 tutti stanno prendendo le distanze.<\/p>\n<p style=\"text-align: justify;\">Andare da soli, quindi, per una \u201ctestimonianza\u201d di centro-sinistra e per provare a costruire una futura vittoria? Oppure cercare un qualche legame con le \u201cciviche\u201d di area centrodestra e aspirare ad una o pi\u00f9 poltrone in&nbsp; Municipio, di nuovo in maggioranza?<\/p>\n<p style=\"text-align: justify;\">Questo il dilemma che nei prossimi mesi il Pd dovr\u00e0 sciogliere nelle prossime settimane.<\/p>\n<p>&nbsp;<\/p>\n<p>&nbsp;<\/p>\n","protected":false},"excerpt":{"rendered":"","protected":false},"author":1,"featured_media":8981,"comment_status":"open","ping_status":"closed","sticky":false,"template":"","format":"standard","meta":{"colormag_page_container_layout":"default_layout","colormag_page_sidebar_layout":"default_layout","footnotes":""},"categories":[4],"tags":[],"class_list":["post-13673","post","type-post","status-publish","format-standard","has-post-thumbnail","hentry","category-politica"],"yoast_head":"<!-- This site is optimized with the Yoast SEO plugin v27.5 - https:\/\/yoast.com\/product\/yoast-seo-wordpress\/ -->\n<title>Il Pd cassanese vuole ricostruire il centrosinistra - Archivio CassanoWeb<\/title>\n<meta name=\"robots\" content=\"index, follow, max-snippet:-1, max-image-preview:large, max-video-preview:-1\" \/>\n<link rel=\"canonical\" href=\"https:\/\/archiviocassano.lavocedelpaese.info\/index.php\/2017\/02\/08\/elezioni-amministrative-il-pd-cassanese-vuole-ricostruire-il-centrosinistra\/\" \/>\n<meta property=\"og:locale\" content=\"it_IT\" \/>\n<meta property=\"og:type\" content=\"article\" \/>\n<meta property=\"og:title\" content=\"Il Pd cassanese vuole ricostruire il centrosinistra - Archivio CassanoWeb\" \/>\n<meta property=\"og:url\" content=\"https:\/\/archiviocassano.lavocedelpaese.info\/index.php\/2017\/02\/08\/elezioni-amministrative-il-pd-cassanese-vuole-ricostruire-il-centrosinistra\/\" \/>\n<meta property=\"og:site_name\" content=\"Archivio CassanoWeb\" \/>\n<meta property=\"article:publisher\" content=\"https:\/\/www.facebook.com\/redazione.cassanoweb\" \/>\n<meta property=\"article:published_time\" content=\"2017-02-08T12:58:05+00:00\" \/>\n<meta property=\"og:image\" content=\"https:\/\/archiviocassano.lavocedelpaese.info\/wp-content\/uploads\/2014\/04\/pd_cassano_targa.jpg\" \/>\n\t<meta property=\"og:image:width\" content=\"640\" \/>\n\t<meta property=\"og:image:height\" content=\"300\" \/>\n\t<meta property=\"og:image:type\" content=\"image\/jpeg\" \/>\n<meta name=\"author\" content=\"admin\" \/>\n<meta name=\"twitter:card\" content=\"summary_large_image\" \/>\n<meta name=\"twitter:label1\" content=\"Scritto da\" \/>\n\t<meta name=\"twitter:data1\" content=\"admin\" \/>\n\t<meta name=\"twitter:label2\" content=\"Tempo di lettura stimato\" \/>\n\t<meta name=\"twitter:data2\" content=\"3 minuti\" \/>\n<script type=\"application\/ld+json\" class=\"yoast-schema-graph\">{\"@context\":\"https:\\\/\\\/schema.org\",\"@graph\":[{\"@type\":\"Article\",\"@id\":\"https:\\\/\\\/archiviocassano.lavocedelpaese.info\\\/index.php\\\/2017\\\/02\\\/08\\\/elezioni-amministrative-il-pd-cassanese-vuole-ricostruire-il-centrosinistra\\\/#article\",\"isPartOf\":{\"@id\":\"https:\\\/\\\/archiviocassano.lavocedelpaese.info\\\/index.php\\\/2017\\\/02\\\/08\\\/elezioni-amministrative-il-pd-cassanese-vuole-ricostruire-il-centrosinistra\\\/\"},\"author\":{\"name\":\"admin\",\"@id\":\"https:\\\/\\\/archiviocassano.lavocedelpaese.info\\\/#\\\/schema\\\/person\\\/df195bc79a9b4c35127cf005f92e041b\"},\"headline\":\"Il Pd cassanese vuole ricostruire il centrosinistra\",\"datePublished\":\"2017-02-08T12:58:05+00:00\",\"mainEntityOfPage\":{\"@id\":\"https:\\\/\\\/archiviocassano.lavocedelpaese.info\\\/index.php\\\/2017\\\/02\\\/08\\\/elezioni-amministrative-il-pd-cassanese-vuole-ricostruire-il-centrosinistra\\\/\"},\"wordCount\":616,\"commentCount\":0,\"publisher\":{\"@id\":\"https:\\\/\\\/archiviocassano.lavocedelpaese.info\\\/#organization\"},\"image\":{\"@id\":\"https:\\\/\\\/archiviocassano.lavocedelpaese.info\\\/index.php\\\/2017\\\/02\\\/08\\\/elezioni-amministrative-il-pd-cassanese-vuole-ricostruire-il-centrosinistra\\\/#primaryimage\"},\"thumbnailUrl\":\"https:\\\/\\\/archiviocassano.lavocedelpaese.info\\\/wp-content\\\/uploads\\\/2014\\\/04\\\/pd_cassano_targa.jpg\",\"articleSection\":[\"Politica\"],\"inLanguage\":\"it-IT\",\"potentialAction\":[{\"@type\":\"CommentAction\",\"name\":\"Comment\",\"target\":[\"https:\\\/\\\/archiviocassano.lavocedelpaese.info\\\/index.php\\\/2017\\\/02\\\/08\\\/elezioni-amministrative-il-pd-cassanese-vuole-ricostruire-il-centrosinistra\\\/#respond\"]}]},{\"@type\":\"WebPage\",\"@id\":\"https:\\\/\\\/archiviocassano.lavocedelpaese.info\\\/index.php\\\/2017\\\/02\\\/08\\\/elezioni-amministrative-il-pd-cassanese-vuole-ricostruire-il-centrosinistra\\\/\",\"url\":\"https:\\\/\\\/archiviocassano.lavocedelpaese.info\\\/index.php\\\/2017\\\/02\\\/08\\\/elezioni-amministrative-il-pd-cassanese-vuole-ricostruire-il-centrosinistra\\\/\",\"name\":\"Il Pd cassanese vuole ricostruire il centrosinistra - Archivio CassanoWeb\",\"isPartOf\":{\"@id\":\"https:\\\/\\\/archiviocassano.lavocedelpaese.info\\\/#website\"},\"primaryImageOfPage\":{\"@id\":\"https:\\\/\\\/archiviocassano.lavocedelpaese.info\\\/index.php\\\/2017\\\/02\\\/08\\\/elezioni-amministrative-il-pd-cassanese-vuole-ricostruire-il-centrosinistra\\\/#primaryimage\"},\"image\":{\"@id\":\"https:\\\/\\\/archiviocassano.lavocedelpaese.info\\\/index.php\\\/2017\\\/02\\\/08\\\/elezioni-amministrative-il-pd-cassanese-vuole-ricostruire-il-centrosinistra\\\/#primaryimage\"},\"thumbnailUrl\":\"https:\\\/\\\/archiviocassano.lavocedelpaese.info\\\/wp-content\\\/uploads\\\/2014\\\/04\\\/pd_cassano_targa.jpg\",\"datePublished\":\"2017-02-08T12:58:05+00:00\",\"breadcrumb\":{\"@id\":\"https:\\\/\\\/archiviocassano.lavocedelpaese.info\\\/index.php\\\/2017\\\/02\\\/08\\\/elezioni-amministrative-il-pd-cassanese-vuole-ricostruire-il-centrosinistra\\\/#breadcrumb\"},\"inLanguage\":\"it-IT\",\"potentialAction\":[{\"@type\":\"ReadAction\",\"target\":[\"https:\\\/\\\/archiviocassano.lavocedelpaese.info\\\/index.php\\\/2017\\\/02\\\/08\\\/elezioni-amministrative-il-pd-cassanese-vuole-ricostruire-il-centrosinistra\\\/\"]}]},{\"@type\":\"ImageObject\",\"inLanguage\":\"it-IT\",\"@id\":\"https:\\\/\\\/archiviocassano.lavocedelpaese.info\\\/index.php\\\/2017\\\/02\\\/08\\\/elezioni-amministrative-il-pd-cassanese-vuole-ricostruire-il-centrosinistra\\\/#primaryimage\",\"url\":\"https:\\\/\\\/archiviocassano.lavocedelpaese.info\\\/wp-content\\\/uploads\\\/2014\\\/04\\\/pd_cassano_targa.jpg\",\"contentUrl\":\"https:\\\/\\\/archiviocassano.lavocedelpaese.info\\\/wp-content\\\/uploads\\\/2014\\\/04\\\/pd_cassano_targa.jpg\",\"width\":640,\"height\":300,\"caption\":\"pd cassano targa\"},{\"@type\":\"BreadcrumbList\",\"@id\":\"https:\\\/\\\/archiviocassano.lavocedelpaese.info\\\/index.php\\\/2017\\\/02\\\/08\\\/elezioni-amministrative-il-pd-cassanese-vuole-ricostruire-il-centrosinistra\\\/#breadcrumb\",\"itemListElement\":[{\"@type\":\"ListItem\",\"position\":1,\"name\":\"Home\",\"item\":\"https:\\\/\\\/archiviocassano.lavocedelpaese.info\\\/\"},{\"@type\":\"ListItem\",\"position\":2,\"name\":\"Il Pd cassanese vuole ricostruire il centrosinistra\"}]},{\"@type\":\"WebSite\",\"@id\":\"https:\\\/\\\/archiviocassano.lavocedelpaese.info\\\/#website\",\"url\":\"https:\\\/\\\/archiviocassano.lavocedelpaese.info\\\/\",\"name\":\"Archivio CassanoWeb\",\"description\":\"La Voce del Paese - un network di idee\",\"publisher\":{\"@id\":\"https:\\\/\\\/archiviocassano.lavocedelpaese.info\\\/#organization\"},\"potentialAction\":[{\"@type\":\"SearchAction\",\"target\":{\"@type\":\"EntryPoint\",\"urlTemplate\":\"https:\\\/\\\/archiviocassano.lavocedelpaese.info\\\/?s={search_term_string}\"},\"query-input\":{\"@type\":\"PropertyValueSpecification\",\"valueRequired\":true,\"valueName\":\"search_term_string\"}}],\"inLanguage\":\"it-IT\"},{\"@type\":\"Organization\",\"@id\":\"https:\\\/\\\/archiviocassano.lavocedelpaese.info\\\/#organization\",\"name\":\"Archivio CassanoWeb\",\"url\":\"https:\\\/\\\/archiviocassano.lavocedelpaese.info\\\/\",\"logo\":{\"@type\":\"ImageObject\",\"inLanguage\":\"it-IT\",\"@id\":\"https:\\\/\\\/archiviocassano.lavocedelpaese.info\\\/#\\\/schema\\\/logo\\\/image\\\/\",\"url\":\"https:\\\/\\\/archiviocassano.lavocedelpaese.info\\\/wp-content\\\/uploads\\\/2024\\\/08\\\/logo-rosso-2.png\",\"contentUrl\":\"https:\\\/\\\/archiviocassano.lavocedelpaese.info\\\/wp-content\\\/uploads\\\/2024\\\/08\\\/logo-rosso-2.png\",\"width\":491,\"height\":432,\"caption\":\"Archivio CassanoWeb\"},\"image\":{\"@id\":\"https:\\\/\\\/archiviocassano.lavocedelpaese.info\\\/#\\\/schema\\\/logo\\\/image\\\/\"},\"sameAs\":[\"https:\\\/\\\/www.facebook.com\\\/redazione.cassanoweb\"]},{\"@type\":\"Person\",\"@id\":\"https:\\\/\\\/archiviocassano.lavocedelpaese.info\\\/#\\\/schema\\\/person\\\/df195bc79a9b4c35127cf005f92e041b\",\"name\":\"admin\",\"image\":{\"@type\":\"ImageObject\",\"inLanguage\":\"it-IT\",\"@id\":\"https:\\\/\\\/secure.gravatar.com\\\/avatar\\\/eabba89a432e8eaa1b0207cc55f7e5340b22712b1ed80677efcf63e02ff5b235?s=96&d=mm&r=g\",\"url\":\"https:\\\/\\\/secure.gravatar.com\\\/avatar\\\/eabba89a432e8eaa1b0207cc55f7e5340b22712b1ed80677efcf63e02ff5b235?s=96&d=mm&r=g\",\"contentUrl\":\"https:\\\/\\\/secure.gravatar.com\\\/avatar\\\/eabba89a432e8eaa1b0207cc55f7e5340b22712b1ed80677efcf63e02ff5b235?s=96&d=mm&r=g\",\"caption\":\"admin\"},\"sameAs\":[\"https:\\\/\\\/archiviocassano.lavocedelpaese.info\"],\"url\":\"https:\\\/\\\/archiviocassano.lavocedelpaese.info\\\/index.php\\\/author\\\/admin_0qgz1xdp\\\/\"}]}<\/script>\n<!-- \/ Yoast SEO plugin. -->","yoast_head_json":{"title":"Il Pd cassanese vuole ricostruire il centrosinistra - Archivio CassanoWeb","robots":{"index":"index","follow":"follow","max-snippet":"max-snippet:-1","max-image-preview":"max-image-preview:large","max-video-preview":"max-video-preview:-1"},"canonical":"https:\/\/archiviocassano.lavocedelpaese.info\/index.php\/2017\/02\/08\/elezioni-amministrative-il-pd-cassanese-vuole-ricostruire-il-centrosinistra\/","og_locale":"it_IT","og_type":"article","og_title":"Il Pd cassanese vuole ricostruire il centrosinistra - Archivio CassanoWeb","og_url":"https:\/\/archiviocassano.lavocedelpaese.info\/index.php\/2017\/02\/08\/elezioni-amministrative-il-pd-cassanese-vuole-ricostruire-il-centrosinistra\/","og_site_name":"Archivio CassanoWeb","article_publisher":"https:\/\/www.facebook.com\/redazione.cassanoweb","article_published_time":"2017-02-08T12:58:05+00:00","og_image":[{"width":640,"height":300,"url":"https:\/\/archiviocassano.lavocedelpaese.info\/wp-content\/uploads\/2014\/04\/pd_cassano_targa.jpg","type":"image\/jpeg"}],"author":"admin","twitter_card":"summary_large_image","twitter_misc":{"Scritto da":"admin","Tempo di lettura stimato":"3 minuti"},"schema":{"@context":"https:\/\/schema.org","@graph":[{"@type":"Article","@id":"https:\/\/archiviocassano.lavocedelpaese.info\/index.php\/2017\/02\/08\/elezioni-amministrative-il-pd-cassanese-vuole-ricostruire-il-centrosinistra\/#article","isPartOf":{"@id":"https:\/\/archiviocassano.lavocedelpaese.info\/index.php\/2017\/02\/08\/elezioni-amministrative-il-pd-cassanese-vuole-ricostruire-il-centrosinistra\/"},"author":{"name":"admin","@id":"https:\/\/archiviocassano.lavocedelpaese.info\/#\/schema\/person\/df195bc79a9b4c35127cf005f92e041b"},"headline":"Il Pd cassanese vuole ricostruire il centrosinistra","datePublished":"2017-02-08T12:58:05+00:00","mainEntityOfPage":{"@id":"https:\/\/archiviocassano.lavocedelpaese.info\/index.php\/2017\/02\/08\/elezioni-amministrative-il-pd-cassanese-vuole-ricostruire-il-centrosinistra\/"},"wordCount":616,"commentCount":0,"publisher":{"@id":"https:\/\/archiviocassano.lavocedelpaese.info\/#organization"},"image":{"@id":"https:\/\/archiviocassano.lavocedelpaese.info\/index.php\/2017\/02\/08\/elezioni-amministrative-il-pd-cassanese-vuole-ricostruire-il-centrosinistra\/#primaryimage"},"thumbnailUrl":"https:\/\/archiviocassano.lavocedelpaese.info\/wp-content\/uploads\/2014\/04\/pd_cassano_targa.jpg","articleSection":["Politica"],"inLanguage":"it-IT","potentialAction":[{"@type":"CommentAction","name":"Comment","target":["https:\/\/archiviocassano.lavocedelpaese.info\/index.php\/2017\/02\/08\/elezioni-amministrative-il-pd-cassanese-vuole-ricostruire-il-centrosinistra\/#respond"]}]},{"@type":"WebPage","@id":"https:\/\/archiviocassano.lavocedelpaese.info\/index.php\/2017\/02\/08\/elezioni-amministrative-il-pd-cassanese-vuole-ricostruire-il-centrosinistra\/","url":"https:\/\/archiviocassano.lavocedelpaese.info\/index.php\/2017\/02\/08\/elezioni-amministrative-il-pd-cassanese-vuole-ricostruire-il-centrosinistra\/","name":"Il Pd cassanese vuole ricostruire il centrosinistra - Archivio CassanoWeb","isPartOf":{"@id":"https:\/\/archiviocassano.lavocedelpaese.info\/#website"},"primaryImageOfPage":{"@id":"https:\/\/archiviocassano.lavocedelpaese.info\/index.php\/2017\/02\/08\/elezioni-amministrative-il-pd-cassanese-vuole-ricostruire-il-centrosinistra\/#primaryimage"},"image":{"@id":"https:\/\/archiviocassano.lavocedelpaese.info\/index.php\/2017\/02\/08\/elezioni-amministrative-il-pd-cassanese-vuole-ricostruire-il-centrosinistra\/#primaryimage"},"thumbnailUrl":"https:\/\/archiviocassano.lavocedelpaese.info\/wp-content\/uploads\/2014\/04\/pd_cassano_targa.jpg","datePublished":"2017-02-08T12:58:05+00:00","breadcrumb":{"@id":"https:\/\/archiviocassano.lavocedelpaese.info\/index.php\/2017\/02\/08\/elezioni-amministrative-il-pd-cassanese-vuole-ricostruire-il-centrosinistra\/#breadcrumb"},"inLanguage":"it-IT","potentialAction":[{"@type":"ReadAction","target":["https:\/\/archiviocassano.lavocedelpaese.info\/index.php\/2017\/02\/08\/elezioni-amministrative-il-pd-cassanese-vuole-ricostruire-il-centrosinistra\/"]}]},{"@type":"ImageObject","inLanguage":"it-IT","@id":"https:\/\/archiviocassano.lavocedelpaese.info\/index.php\/2017\/02\/08\/elezioni-amministrative-il-pd-cassanese-vuole-ricostruire-il-centrosinistra\/#primaryimage","url":"https:\/\/archiviocassano.lavocedelpaese.info\/wp-content\/uploads\/2014\/04\/pd_cassano_targa.jpg","contentUrl":"https:\/\/archiviocassano.lavocedelpaese.info\/wp-content\/uploads\/2014\/04\/pd_cassano_targa.jpg","width":640,"height":300,"caption":"pd cassano targa"},{"@type":"BreadcrumbList","@id":"https:\/\/archiviocassano.lavocedelpaese.info\/index.php\/2017\/02\/08\/elezioni-amministrative-il-pd-cassanese-vuole-ricostruire-il-centrosinistra\/#breadcrumb","itemListElement":[{"@type":"ListItem","position":1,"name":"Home","item":"https:\/\/archiviocassano.lavocedelpaese.info\/"},{"@type":"ListItem","position":2,"name":"Il Pd cassanese vuole ricostruire il centrosinistra"}]},{"@type":"WebSite","@id":"https:\/\/archiviocassano.lavocedelpaese.info\/#website","url":"https:\/\/archiviocassano.lavocedelpaese.info\/","name":"Archivio CassanoWeb","description":"La Voce del Paese - un network di idee","publisher":{"@id":"https:\/\/archiviocassano.lavocedelpaese.info\/#organization"},"potentialAction":[{"@type":"SearchAction","target":{"@type":"EntryPoint","urlTemplate":"https:\/\/archiviocassano.lavocedelpaese.info\/?s={search_term_string}"},"query-input":{"@type":"PropertyValueSpecification","valueRequired":true,"valueName":"search_term_string"}}],"inLanguage":"it-IT"},{"@type":"Organization","@id":"https:\/\/archiviocassano.lavocedelpaese.info\/#organization","name":"Archivio CassanoWeb","url":"https:\/\/archiviocassano.lavocedelpaese.info\/","logo":{"@type":"ImageObject","inLanguage":"it-IT","@id":"https:\/\/archiviocassano.lavocedelpaese.info\/#\/schema\/logo\/image\/","url":"https:\/\/archiviocassano.lavocedelpaese.info\/wp-content\/uploads\/2024\/08\/logo-rosso-2.png","contentUrl":"https:\/\/archiviocassano.lavocedelpaese.info\/wp-content\/uploads\/2024\/08\/logo-rosso-2.png","width":491,"height":432,"caption":"Archivio CassanoWeb"},"image":{"@id":"https:\/\/archiviocassano.lavocedelpaese.info\/#\/schema\/logo\/image\/"},"sameAs":["https:\/\/www.facebook.com\/redazione.cassanoweb"]},{"@type":"Person","@id":"https:\/\/archiviocassano.lavocedelpaese.info\/#\/schema\/person\/df195bc79a9b4c35127cf005f92e041b","name":"admin","image":{"@type":"ImageObject","inLanguage":"it-IT","@id":"https:\/\/secure.gravatar.com\/avatar\/eabba89a432e8eaa1b0207cc55f7e5340b22712b1ed80677efcf63e02ff5b235?s=96&d=mm&r=g","url":"https:\/\/secure.gravatar.com\/avatar\/eabba89a432e8eaa1b0207cc55f7e5340b22712b1ed80677efcf63e02ff5b235?s=96&d=mm&r=g","contentUrl":"https:\/\/secure.gravatar.com\/avatar\/eabba89a432e8eaa1b0207cc55f7e5340b22712b1ed80677efcf63e02ff5b235?s=96&d=mm&r=g","caption":"admin"},"sameAs":["https:\/\/archiviocassano.lavocedelpaese.info"],"url":"https:\/\/archiviocassano.lavocedelpaese.info\/index.php\/author\/admin_0qgz1xdp\/"}]}},"_links":{"self":[{"href":"https:\/\/archiviocassano.lavocedelpaese.info\/index.php\/wp-json\/wp\/v2\/posts\/13673","targetHints":{"allow":["GET"]}}],"collection":[{"href":"https:\/\/archiviocassano.lavocedelpaese.info\/index.php\/wp-json\/wp\/v2\/posts"}],"about":[{"href":"https:\/\/archiviocassano.lavocedelpaese.info\/index.php\/wp-json\/wp\/v2\/types\/post"}],"author":[{"embeddable":true,"href":"https:\/\/archiviocassano.lavocedelpaese.info\/index.php\/wp-json\/wp\/v2\/users\/1"}],"replies":[{"embeddable":true,"href":"https:\/\/archiviocassano.lavocedelpaese.info\/index.php\/wp-json\/wp\/v2\/comments?post=13673"}],"version-history":[{"count":0,"href":"https:\/\/archiviocassano.lavocedelpaese.info\/index.php\/wp-json\/wp\/v2\/posts\/13673\/revisions"}],"wp:featuredmedia":[{"embeddable":true,"href":"https:\/\/archiviocassano.lavocedelpaese.info\/index.php\/wp-json\/wp\/v2\/media\/8981"}],"wp:attachment":[{"href":"https:\/\/archiviocassano.lavocedelpaese.info\/index.php\/wp-json\/wp\/v2\/media?parent=13673"}],"wp:term":[{"taxonomy":"category","embeddable":true,"href":"https:\/\/archiviocassano.lavocedelpaese.info\/index.php\/wp-json\/wp\/v2\/categories?post=13673"},{"taxonomy":"post_tag","embeddable":true,"href":"https:\/\/archiviocassano.lavocedelpaese.info\/index.php\/wp-json\/wp\/v2\/tags?post=13673"}],"curies":[{"name":"wp","href":"https:\/\/api.w.org\/{rel}","templated":true}]}}