{"id":13796,"date":"2017-03-25T08:05:56","date_gmt":"2017-03-25T08:05:56","guid":{"rendered":"https:\/\/archiviocassano.lavocedelpaese.info\/index.php\/2017\/03\/25\/concorso-fotografico-qcolori-luci-ed-ombre-della-naturaq\/"},"modified":"2017-03-25T08:05:56","modified_gmt":"2017-03-25T08:05:56","slug":"concorso-fotografico-qcolori-luci-ed-ombre-della-naturaq","status":"publish","type":"post","link":"https:\/\/archiviocassano.lavocedelpaese.info\/index.php\/2017\/03\/25\/concorso-fotografico-qcolori-luci-ed-ombre-della-naturaq\/","title":{"rendered":"Concorso fotografico &#8220;Colori, luci ed ombre della natura&#8221;"},"content":{"rendered":"<p style=\"text-align: justify;\"><img loading=\"lazy\" decoding=\"async\" class=\" size-full wp-image-13795\" src=\"https:\/\/archiviocassano.lavocedelpaese.info\/wp-content\/uploads\/2017\/03\/Locandina_copy.jpg\" width=\"320\" height=\"150\" alt=\"Locandina copy\" \/><\/p>\n<p><!--more--><\/p>\n<p>&nbsp;<\/p>\n<p style=\"text-align: justify;\">L&#8217;associazione culturale&nbsp;<strong>Murgia Enjoy<\/strong>&nbsp;indice un concorso fotografico con tema&nbsp;<strong><i>&#8220;Colori, luci ed ombre della natura&#8221;<\/i><\/strong>&nbsp;al quale potr\u00e0 partecipare chiunque, semplice fotoamatore o fotografo professionista, con fotografie realizzate nella Murgia.<\/p>\n<p style=\"text-align: justify;\">Le foto dovranno essere inserite fino al 25 marzo nell&#8217;evento Facebook al link:&nbsp;<a href=\"https:\/\/www.facebook.com\/events\/273364686426895\/\" target=\"_blank\" rel=\"noopener\">https:\/\/www.facebook.com\/events\/273364686426895\/<\/a>&nbsp;e, successivamente alla votazione, dovranno essere inviate, unitamente ad una apposita liberatoria, e con una definizione di almeno 5Mpixel, alla mail&nbsp;<a href=\"mailto:murgiaenjoy@libero.it\" target=\"_blank\" rel=\"noopener\">murgiaenjoy@libero.it<\/a>&nbsp;o caricate su un apposito cloud.<\/p>\n<p style=\"text-align: justify;\">Saranno ritenute meritevoli le fotografie che otterranno un maggior numero di &#8220;Mi piace&#8221; e che saranno votate da una apposita giuria tecnica.<\/p>\n<p style=\"text-align: justify;\">La commissione sar\u00e0 composta dalla studentessa liceale, nonch\u00e9 vicepresidente dell&#8217;associazione Murgia Enjoy, Losito Stefania, dal noto fotografo ambientalista e paesaggista Carlucci Giuseppe, dal Prof. Boffoli Francesco, fotoamatore del paesaggio ed esperto in produzione di cortometraggi e dal fotoamatore e speleologo Montedoro Giuseppe.<\/p>\n<p style=\"text-align: justify;\">Le dieci fotografie pi\u00f9 votate saranno stampate a cura dell&#8217;associazione ed esposte dal 3 all&#8217;8 aprile 2017 presso il Liceo Scientifico-Classico &#8220;Leonardo da Vinci&#8221; di Cassano delle Murge nell&#8217;ambito della IV edizione della manifestazione &#8220;Cassanoscienza&#8221; alla quale, anche quest&#8217;anno, Murgia Enjoy, valutata l&#8217;importanza dell&#8217;evento, vuole offrire il proprio contributo.<\/p>\n<p style=\"text-align: justify;\">L&#8217;autore della foto pi\u00f9 bella otterr\u00e0 la nomina a &#8220;socio onorario&#8221; per l&#8217;anno 2017 dell&#8217;associazione culturale Murgia Enjoy.<\/p>\n<p style=\"text-align: justify;\">Il partecipante, con l&#8217;invio delle opere, concede i diritti di utilizzo a titolo gratuito e non esclusivo del suddetto materiale fotografico all&#8217;associazione Murgia Enjoy a scopo meramente promozionale ed autorizza l&#8217;associazione ad includere il suddetto materiale nel proprio archivio fotografico anche per successivi usi inerenti le finalit\u00e0 associative di promozione, di valorizzazione e di tutela del territorio. Con apposita liberatoria il partecipante dovr\u00e0 dichiarare, sotto la propria esclusiva responsabilit\u00e0 civile e penale, di essere unico titolare dei diritti di utilizzo del materiale fotografico e di poter cedere a terzi, anche a titolo non esclusivo, i diritti di utilizzo di suddetto materiale, che \u00e8 stato osservato quanto previsto dalla vigente normativa in tema di Diritto di Autore, di essere consapevole che l\u2019associazione potr\u00e0 utilizzare a proprio insindacabile giudizio il materiale senza la corresponsione di alcun compenso o rimborso spese.&nbsp;<\/p>\n<p style=\"text-align: justify;\">La partecipazione \u00e8 gratuita.<\/p>\n<p>&nbsp;<\/p>\n<p>&nbsp;<\/p>\n","protected":false},"excerpt":{"rendered":"","protected":false},"author":1,"featured_media":13795,"comment_status":"open","ping_status":"closed","sticky":false,"template":"","format":"standard","meta":{"colormag_page_container_layout":"default_layout","colormag_page_sidebar_layout":"default_layout","footnotes":""},"categories":[6],"tags":[],"class_list":["post-13796","post","type-post","status-publish","format-standard","has-post-thumbnail","hentry","category-cultura"],"yoast_head":"<!-- This site is optimized with the Yoast SEO plugin v27.5 - https:\/\/yoast.com\/product\/yoast-seo-wordpress\/ -->\n<title>Concorso fotografico &quot;Colori, luci ed ombre della natura&quot; - Archivio CassanoWeb<\/title>\n<meta name=\"robots\" content=\"index, follow, max-snippet:-1, max-image-preview:large, max-video-preview:-1\" \/>\n<link rel=\"canonical\" href=\"https:\/\/archiviocassano.lavocedelpaese.info\/index.php\/2017\/03\/25\/concorso-fotografico-qcolori-luci-ed-ombre-della-naturaq\/\" \/>\n<meta property=\"og:locale\" content=\"it_IT\" \/>\n<meta property=\"og:type\" content=\"article\" \/>\n<meta property=\"og:title\" content=\"Concorso fotografico &quot;Colori, luci ed ombre della natura&quot; - Archivio CassanoWeb\" \/>\n<meta property=\"og:url\" content=\"https:\/\/archiviocassano.lavocedelpaese.info\/index.php\/2017\/03\/25\/concorso-fotografico-qcolori-luci-ed-ombre-della-naturaq\/\" \/>\n<meta property=\"og:site_name\" content=\"Archivio CassanoWeb\" \/>\n<meta property=\"article:publisher\" content=\"https:\/\/www.facebook.com\/redazione.cassanoweb\" \/>\n<meta property=\"article:published_time\" content=\"2017-03-25T08:05:56+00:00\" \/>\n<meta property=\"og:image\" content=\"https:\/\/archiviocassano.lavocedelpaese.info\/wp-content\/uploads\/2017\/03\/Locandina_copy.jpg\" \/>\n\t<meta property=\"og:image:width\" content=\"800\" \/>\n\t<meta property=\"og:image:height\" content=\"600\" \/>\n\t<meta property=\"og:image:type\" content=\"image\/jpeg\" \/>\n<meta name=\"author\" content=\"admin\" \/>\n<meta name=\"twitter:card\" content=\"summary_large_image\" \/>\n<meta name=\"twitter:label1\" content=\"Scritto da\" \/>\n\t<meta name=\"twitter:data1\" content=\"admin\" \/>\n\t<meta name=\"twitter:label2\" content=\"Tempo di lettura stimato\" \/>\n\t<meta name=\"twitter:data2\" content=\"2 minuti\" \/>\n<script type=\"application\/ld+json\" class=\"yoast-schema-graph\">{\"@context\":\"https:\\\/\\\/schema.org\",\"@graph\":[{\"@type\":\"Article\",\"@id\":\"https:\\\/\\\/archiviocassano.lavocedelpaese.info\\\/index.php\\\/2017\\\/03\\\/25\\\/concorso-fotografico-qcolori-luci-ed-ombre-della-naturaq\\\/#article\",\"isPartOf\":{\"@id\":\"https:\\\/\\\/archiviocassano.lavocedelpaese.info\\\/index.php\\\/2017\\\/03\\\/25\\\/concorso-fotografico-qcolori-luci-ed-ombre-della-naturaq\\\/\"},\"author\":{\"name\":\"admin\",\"@id\":\"https:\\\/\\\/archiviocassano.lavocedelpaese.info\\\/#\\\/schema\\\/person\\\/df195bc79a9b4c35127cf005f92e041b\"},\"headline\":\"Concorso fotografico &#8220;Colori, luci ed ombre della natura&#8221;\",\"datePublished\":\"2017-03-25T08:05:56+00:00\",\"mainEntityOfPage\":{\"@id\":\"https:\\\/\\\/archiviocassano.lavocedelpaese.info\\\/index.php\\\/2017\\\/03\\\/25\\\/concorso-fotografico-qcolori-luci-ed-ombre-della-naturaq\\\/\"},\"wordCount\":381,\"commentCount\":0,\"publisher\":{\"@id\":\"https:\\\/\\\/archiviocassano.lavocedelpaese.info\\\/#organization\"},\"image\":{\"@id\":\"https:\\\/\\\/archiviocassano.lavocedelpaese.info\\\/index.php\\\/2017\\\/03\\\/25\\\/concorso-fotografico-qcolori-luci-ed-ombre-della-naturaq\\\/#primaryimage\"},\"thumbnailUrl\":\"https:\\\/\\\/archiviocassano.lavocedelpaese.info\\\/wp-content\\\/uploads\\\/2017\\\/03\\\/Locandina_copy.jpg\",\"articleSection\":[\"Cultura\"],\"inLanguage\":\"it-IT\",\"potentialAction\":[{\"@type\":\"CommentAction\",\"name\":\"Comment\",\"target\":[\"https:\\\/\\\/archiviocassano.lavocedelpaese.info\\\/index.php\\\/2017\\\/03\\\/25\\\/concorso-fotografico-qcolori-luci-ed-ombre-della-naturaq\\\/#respond\"]}]},{\"@type\":\"WebPage\",\"@id\":\"https:\\\/\\\/archiviocassano.lavocedelpaese.info\\\/index.php\\\/2017\\\/03\\\/25\\\/concorso-fotografico-qcolori-luci-ed-ombre-della-naturaq\\\/\",\"url\":\"https:\\\/\\\/archiviocassano.lavocedelpaese.info\\\/index.php\\\/2017\\\/03\\\/25\\\/concorso-fotografico-qcolori-luci-ed-ombre-della-naturaq\\\/\",\"name\":\"Concorso fotografico \\\"Colori, luci ed ombre della natura\\\" - Archivio CassanoWeb\",\"isPartOf\":{\"@id\":\"https:\\\/\\\/archiviocassano.lavocedelpaese.info\\\/#website\"},\"primaryImageOfPage\":{\"@id\":\"https:\\\/\\\/archiviocassano.lavocedelpaese.info\\\/index.php\\\/2017\\\/03\\\/25\\\/concorso-fotografico-qcolori-luci-ed-ombre-della-naturaq\\\/#primaryimage\"},\"image\":{\"@id\":\"https:\\\/\\\/archiviocassano.lavocedelpaese.info\\\/index.php\\\/2017\\\/03\\\/25\\\/concorso-fotografico-qcolori-luci-ed-ombre-della-naturaq\\\/#primaryimage\"},\"thumbnailUrl\":\"https:\\\/\\\/archiviocassano.lavocedelpaese.info\\\/wp-content\\\/uploads\\\/2017\\\/03\\\/Locandina_copy.jpg\",\"datePublished\":\"2017-03-25T08:05:56+00:00\",\"breadcrumb\":{\"@id\":\"https:\\\/\\\/archiviocassano.lavocedelpaese.info\\\/index.php\\\/2017\\\/03\\\/25\\\/concorso-fotografico-qcolori-luci-ed-ombre-della-naturaq\\\/#breadcrumb\"},\"inLanguage\":\"it-IT\",\"potentialAction\":[{\"@type\":\"ReadAction\",\"target\":[\"https:\\\/\\\/archiviocassano.lavocedelpaese.info\\\/index.php\\\/2017\\\/03\\\/25\\\/concorso-fotografico-qcolori-luci-ed-ombre-della-naturaq\\\/\"]}]},{\"@type\":\"ImageObject\",\"inLanguage\":\"it-IT\",\"@id\":\"https:\\\/\\\/archiviocassano.lavocedelpaese.info\\\/index.php\\\/2017\\\/03\\\/25\\\/concorso-fotografico-qcolori-luci-ed-ombre-della-naturaq\\\/#primaryimage\",\"url\":\"https:\\\/\\\/archiviocassano.lavocedelpaese.info\\\/wp-content\\\/uploads\\\/2017\\\/03\\\/Locandina_copy.jpg\",\"contentUrl\":\"https:\\\/\\\/archiviocassano.lavocedelpaese.info\\\/wp-content\\\/uploads\\\/2017\\\/03\\\/Locandina_copy.jpg\",\"width\":800,\"height\":600,\"caption\":\"Locandina copy\"},{\"@type\":\"BreadcrumbList\",\"@id\":\"https:\\\/\\\/archiviocassano.lavocedelpaese.info\\\/index.php\\\/2017\\\/03\\\/25\\\/concorso-fotografico-qcolori-luci-ed-ombre-della-naturaq\\\/#breadcrumb\",\"itemListElement\":[{\"@type\":\"ListItem\",\"position\":1,\"name\":\"Home\",\"item\":\"https:\\\/\\\/archiviocassano.lavocedelpaese.info\\\/\"},{\"@type\":\"ListItem\",\"position\":2,\"name\":\"Concorso fotografico &#8220;Colori, luci ed ombre della natura&#8221;\"}]},{\"@type\":\"WebSite\",\"@id\":\"https:\\\/\\\/archiviocassano.lavocedelpaese.info\\\/#website\",\"url\":\"https:\\\/\\\/archiviocassano.lavocedelpaese.info\\\/\",\"name\":\"Archivio CassanoWeb\",\"description\":\"La Voce del Paese - un network di idee\",\"publisher\":{\"@id\":\"https:\\\/\\\/archiviocassano.lavocedelpaese.info\\\/#organization\"},\"potentialAction\":[{\"@type\":\"SearchAction\",\"target\":{\"@type\":\"EntryPoint\",\"urlTemplate\":\"https:\\\/\\\/archiviocassano.lavocedelpaese.info\\\/?s={search_term_string}\"},\"query-input\":{\"@type\":\"PropertyValueSpecification\",\"valueRequired\":true,\"valueName\":\"search_term_string\"}}],\"inLanguage\":\"it-IT\"},{\"@type\":\"Organization\",\"@id\":\"https:\\\/\\\/archiviocassano.lavocedelpaese.info\\\/#organization\",\"name\":\"Archivio CassanoWeb\",\"url\":\"https:\\\/\\\/archiviocassano.lavocedelpaese.info\\\/\",\"logo\":{\"@type\":\"ImageObject\",\"inLanguage\":\"it-IT\",\"@id\":\"https:\\\/\\\/archiviocassano.lavocedelpaese.info\\\/#\\\/schema\\\/logo\\\/image\\\/\",\"url\":\"https:\\\/\\\/archiviocassano.lavocedelpaese.info\\\/wp-content\\\/uploads\\\/2024\\\/08\\\/logo-rosso-2.png\",\"contentUrl\":\"https:\\\/\\\/archiviocassano.lavocedelpaese.info\\\/wp-content\\\/uploads\\\/2024\\\/08\\\/logo-rosso-2.png\",\"width\":491,\"height\":432,\"caption\":\"Archivio CassanoWeb\"},\"image\":{\"@id\":\"https:\\\/\\\/archiviocassano.lavocedelpaese.info\\\/#\\\/schema\\\/logo\\\/image\\\/\"},\"sameAs\":[\"https:\\\/\\\/www.facebook.com\\\/redazione.cassanoweb\"]},{\"@type\":\"Person\",\"@id\":\"https:\\\/\\\/archiviocassano.lavocedelpaese.info\\\/#\\\/schema\\\/person\\\/df195bc79a9b4c35127cf005f92e041b\",\"name\":\"admin\",\"image\":{\"@type\":\"ImageObject\",\"inLanguage\":\"it-IT\",\"@id\":\"https:\\\/\\\/secure.gravatar.com\\\/avatar\\\/eabba89a432e8eaa1b0207cc55f7e5340b22712b1ed80677efcf63e02ff5b235?s=96&d=mm&r=g\",\"url\":\"https:\\\/\\\/secure.gravatar.com\\\/avatar\\\/eabba89a432e8eaa1b0207cc55f7e5340b22712b1ed80677efcf63e02ff5b235?s=96&d=mm&r=g\",\"contentUrl\":\"https:\\\/\\\/secure.gravatar.com\\\/avatar\\\/eabba89a432e8eaa1b0207cc55f7e5340b22712b1ed80677efcf63e02ff5b235?s=96&d=mm&r=g\",\"caption\":\"admin\"},\"sameAs\":[\"https:\\\/\\\/archiviocassano.lavocedelpaese.info\"],\"url\":\"https:\\\/\\\/archiviocassano.lavocedelpaese.info\\\/index.php\\\/author\\\/admin_0qgz1xdp\\\/\"}]}<\/script>\n<!-- \/ Yoast SEO plugin. -->","yoast_head_json":{"title":"Concorso fotografico \"Colori, luci ed ombre della natura\" - Archivio CassanoWeb","robots":{"index":"index","follow":"follow","max-snippet":"max-snippet:-1","max-image-preview":"max-image-preview:large","max-video-preview":"max-video-preview:-1"},"canonical":"https:\/\/archiviocassano.lavocedelpaese.info\/index.php\/2017\/03\/25\/concorso-fotografico-qcolori-luci-ed-ombre-della-naturaq\/","og_locale":"it_IT","og_type":"article","og_title":"Concorso fotografico \"Colori, luci ed ombre della natura\" - Archivio CassanoWeb","og_url":"https:\/\/archiviocassano.lavocedelpaese.info\/index.php\/2017\/03\/25\/concorso-fotografico-qcolori-luci-ed-ombre-della-naturaq\/","og_site_name":"Archivio CassanoWeb","article_publisher":"https:\/\/www.facebook.com\/redazione.cassanoweb","article_published_time":"2017-03-25T08:05:56+00:00","og_image":[{"width":800,"height":600,"url":"https:\/\/archiviocassano.lavocedelpaese.info\/wp-content\/uploads\/2017\/03\/Locandina_copy.jpg","type":"image\/jpeg"}],"author":"admin","twitter_card":"summary_large_image","twitter_misc":{"Scritto da":"admin","Tempo di lettura stimato":"2 minuti"},"schema":{"@context":"https:\/\/schema.org","@graph":[{"@type":"Article","@id":"https:\/\/archiviocassano.lavocedelpaese.info\/index.php\/2017\/03\/25\/concorso-fotografico-qcolori-luci-ed-ombre-della-naturaq\/#article","isPartOf":{"@id":"https:\/\/archiviocassano.lavocedelpaese.info\/index.php\/2017\/03\/25\/concorso-fotografico-qcolori-luci-ed-ombre-della-naturaq\/"},"author":{"name":"admin","@id":"https:\/\/archiviocassano.lavocedelpaese.info\/#\/schema\/person\/df195bc79a9b4c35127cf005f92e041b"},"headline":"Concorso fotografico &#8220;Colori, luci ed ombre della natura&#8221;","datePublished":"2017-03-25T08:05:56+00:00","mainEntityOfPage":{"@id":"https:\/\/archiviocassano.lavocedelpaese.info\/index.php\/2017\/03\/25\/concorso-fotografico-qcolori-luci-ed-ombre-della-naturaq\/"},"wordCount":381,"commentCount":0,"publisher":{"@id":"https:\/\/archiviocassano.lavocedelpaese.info\/#organization"},"image":{"@id":"https:\/\/archiviocassano.lavocedelpaese.info\/index.php\/2017\/03\/25\/concorso-fotografico-qcolori-luci-ed-ombre-della-naturaq\/#primaryimage"},"thumbnailUrl":"https:\/\/archiviocassano.lavocedelpaese.info\/wp-content\/uploads\/2017\/03\/Locandina_copy.jpg","articleSection":["Cultura"],"inLanguage":"it-IT","potentialAction":[{"@type":"CommentAction","name":"Comment","target":["https:\/\/archiviocassano.lavocedelpaese.info\/index.php\/2017\/03\/25\/concorso-fotografico-qcolori-luci-ed-ombre-della-naturaq\/#respond"]}]},{"@type":"WebPage","@id":"https:\/\/archiviocassano.lavocedelpaese.info\/index.php\/2017\/03\/25\/concorso-fotografico-qcolori-luci-ed-ombre-della-naturaq\/","url":"https:\/\/archiviocassano.lavocedelpaese.info\/index.php\/2017\/03\/25\/concorso-fotografico-qcolori-luci-ed-ombre-della-naturaq\/","name":"Concorso fotografico \"Colori, luci ed ombre della natura\" - Archivio CassanoWeb","isPartOf":{"@id":"https:\/\/archiviocassano.lavocedelpaese.info\/#website"},"primaryImageOfPage":{"@id":"https:\/\/archiviocassano.lavocedelpaese.info\/index.php\/2017\/03\/25\/concorso-fotografico-qcolori-luci-ed-ombre-della-naturaq\/#primaryimage"},"image":{"@id":"https:\/\/archiviocassano.lavocedelpaese.info\/index.php\/2017\/03\/25\/concorso-fotografico-qcolori-luci-ed-ombre-della-naturaq\/#primaryimage"},"thumbnailUrl":"https:\/\/archiviocassano.lavocedelpaese.info\/wp-content\/uploads\/2017\/03\/Locandina_copy.jpg","datePublished":"2017-03-25T08:05:56+00:00","breadcrumb":{"@id":"https:\/\/archiviocassano.lavocedelpaese.info\/index.php\/2017\/03\/25\/concorso-fotografico-qcolori-luci-ed-ombre-della-naturaq\/#breadcrumb"},"inLanguage":"it-IT","potentialAction":[{"@type":"ReadAction","target":["https:\/\/archiviocassano.lavocedelpaese.info\/index.php\/2017\/03\/25\/concorso-fotografico-qcolori-luci-ed-ombre-della-naturaq\/"]}]},{"@type":"ImageObject","inLanguage":"it-IT","@id":"https:\/\/archiviocassano.lavocedelpaese.info\/index.php\/2017\/03\/25\/concorso-fotografico-qcolori-luci-ed-ombre-della-naturaq\/#primaryimage","url":"https:\/\/archiviocassano.lavocedelpaese.info\/wp-content\/uploads\/2017\/03\/Locandina_copy.jpg","contentUrl":"https:\/\/archiviocassano.lavocedelpaese.info\/wp-content\/uploads\/2017\/03\/Locandina_copy.jpg","width":800,"height":600,"caption":"Locandina copy"},{"@type":"BreadcrumbList","@id":"https:\/\/archiviocassano.lavocedelpaese.info\/index.php\/2017\/03\/25\/concorso-fotografico-qcolori-luci-ed-ombre-della-naturaq\/#breadcrumb","itemListElement":[{"@type":"ListItem","position":1,"name":"Home","item":"https:\/\/archiviocassano.lavocedelpaese.info\/"},{"@type":"ListItem","position":2,"name":"Concorso fotografico &#8220;Colori, luci ed ombre della natura&#8221;"}]},{"@type":"WebSite","@id":"https:\/\/archiviocassano.lavocedelpaese.info\/#website","url":"https:\/\/archiviocassano.lavocedelpaese.info\/","name":"Archivio CassanoWeb","description":"La Voce del Paese - un network di idee","publisher":{"@id":"https:\/\/archiviocassano.lavocedelpaese.info\/#organization"},"potentialAction":[{"@type":"SearchAction","target":{"@type":"EntryPoint","urlTemplate":"https:\/\/archiviocassano.lavocedelpaese.info\/?s={search_term_string}"},"query-input":{"@type":"PropertyValueSpecification","valueRequired":true,"valueName":"search_term_string"}}],"inLanguage":"it-IT"},{"@type":"Organization","@id":"https:\/\/archiviocassano.lavocedelpaese.info\/#organization","name":"Archivio CassanoWeb","url":"https:\/\/archiviocassano.lavocedelpaese.info\/","logo":{"@type":"ImageObject","inLanguage":"it-IT","@id":"https:\/\/archiviocassano.lavocedelpaese.info\/#\/schema\/logo\/image\/","url":"https:\/\/archiviocassano.lavocedelpaese.info\/wp-content\/uploads\/2024\/08\/logo-rosso-2.png","contentUrl":"https:\/\/archiviocassano.lavocedelpaese.info\/wp-content\/uploads\/2024\/08\/logo-rosso-2.png","width":491,"height":432,"caption":"Archivio CassanoWeb"},"image":{"@id":"https:\/\/archiviocassano.lavocedelpaese.info\/#\/schema\/logo\/image\/"},"sameAs":["https:\/\/www.facebook.com\/redazione.cassanoweb"]},{"@type":"Person","@id":"https:\/\/archiviocassano.lavocedelpaese.info\/#\/schema\/person\/df195bc79a9b4c35127cf005f92e041b","name":"admin","image":{"@type":"ImageObject","inLanguage":"it-IT","@id":"https:\/\/secure.gravatar.com\/avatar\/eabba89a432e8eaa1b0207cc55f7e5340b22712b1ed80677efcf63e02ff5b235?s=96&d=mm&r=g","url":"https:\/\/secure.gravatar.com\/avatar\/eabba89a432e8eaa1b0207cc55f7e5340b22712b1ed80677efcf63e02ff5b235?s=96&d=mm&r=g","contentUrl":"https:\/\/secure.gravatar.com\/avatar\/eabba89a432e8eaa1b0207cc55f7e5340b22712b1ed80677efcf63e02ff5b235?s=96&d=mm&r=g","caption":"admin"},"sameAs":["https:\/\/archiviocassano.lavocedelpaese.info"],"url":"https:\/\/archiviocassano.lavocedelpaese.info\/index.php\/author\/admin_0qgz1xdp\/"}]}},"_links":{"self":[{"href":"https:\/\/archiviocassano.lavocedelpaese.info\/index.php\/wp-json\/wp\/v2\/posts\/13796","targetHints":{"allow":["GET"]}}],"collection":[{"href":"https:\/\/archiviocassano.lavocedelpaese.info\/index.php\/wp-json\/wp\/v2\/posts"}],"about":[{"href":"https:\/\/archiviocassano.lavocedelpaese.info\/index.php\/wp-json\/wp\/v2\/types\/post"}],"author":[{"embeddable":true,"href":"https:\/\/archiviocassano.lavocedelpaese.info\/index.php\/wp-json\/wp\/v2\/users\/1"}],"replies":[{"embeddable":true,"href":"https:\/\/archiviocassano.lavocedelpaese.info\/index.php\/wp-json\/wp\/v2\/comments?post=13796"}],"version-history":[{"count":0,"href":"https:\/\/archiviocassano.lavocedelpaese.info\/index.php\/wp-json\/wp\/v2\/posts\/13796\/revisions"}],"wp:featuredmedia":[{"embeddable":true,"href":"https:\/\/archiviocassano.lavocedelpaese.info\/index.php\/wp-json\/wp\/v2\/media\/13795"}],"wp:attachment":[{"href":"https:\/\/archiviocassano.lavocedelpaese.info\/index.php\/wp-json\/wp\/v2\/media?parent=13796"}],"wp:term":[{"taxonomy":"category","embeddable":true,"href":"https:\/\/archiviocassano.lavocedelpaese.info\/index.php\/wp-json\/wp\/v2\/categories?post=13796"},{"taxonomy":"post_tag","embeddable":true,"href":"https:\/\/archiviocassano.lavocedelpaese.info\/index.php\/wp-json\/wp\/v2\/tags?post=13796"}],"curies":[{"name":"wp","href":"https:\/\/api.w.org\/{rel}","templated":true}]}}