{"id":13805,"date":"2017-03-20T07:09:22","date_gmt":"2017-03-20T07:09:22","guid":{"rendered":"https:\/\/archiviocassano.lavocedelpaese.info\/index.php\/2017\/03\/20\/qlaltra-cassanoq-ai-nastri-di-partenza-per-fare-piu-bello-il-paese\/"},"modified":"2017-03-20T07:09:22","modified_gmt":"2017-03-20T07:09:22","slug":"qlaltra-cassanoq-ai-nastri-di-partenza-per-fare-piu-bello-il-paese","status":"publish","type":"post","link":"https:\/\/archiviocassano.lavocedelpaese.info\/index.php\/2017\/03\/20\/qlaltra-cassanoq-ai-nastri-di-partenza-per-fare-piu-bello-il-paese\/","title":{"rendered":"&#8220;L&#8217;Altra Cassano&#8221; ai nastri di partenza per fare pi\u00f9 bello il paese"},"content":{"rendered":"<p><img loading=\"lazy\" decoding=\"async\" class=\" size-full wp-image-13804\" src=\"https:\/\/archiviocassano.lavocedelpaese.info\/wp-content\/uploads\/2017\/03\/logo_laltra_cassano_piccolo.jpg\" alt=\"logo laltra cassano piccolo\" style=\"margin-right: 2px; margin-left: 2px;\" width=\"320\" height=\"317\" srcset=\"https:\/\/archiviocassano.lavocedelpaese.info\/wp-content\/uploads\/2017\/03\/logo_laltra_cassano_piccolo.jpg 320w, https:\/\/archiviocassano.lavocedelpaese.info\/wp-content\/uploads\/2017\/03\/logo_laltra_cassano_piccolo-300x297.jpg 300w, https:\/\/archiviocassano.lavocedelpaese.info\/wp-content\/uploads\/2017\/03\/logo_laltra_cassano_piccolo-150x150.jpg 150w\" sizes=\"auto, (max-width: 320px) 100vw, 320px\" \/><\/p>\n<p><!--more--><\/p>\n<p>&nbsp;<\/p>\n<p>Non \u00e8 un nuovo partito politico n\u00e9 un movimento che si presenta in occasione delle elezioni amministrative comunali: \u201cL\u2019Altra Cassano\u201d \u2013 che ieri ha inaugurato ufficialmente la sua pagina Fb, dopo le anticipazioni della scorsa settimana su \u201cLa voce del paese\u201d \u2013 \u00e8 un gruppo di cittadini, operatori economici, professionisti che si \u00e8 messo in testa una idea meravigliosa: riprendersi la voglia di partecipare attivamente alla costruzione di questa diseredata terra murgiana, da troppo tempo abbandonata a se stessa.<\/p>\n<p>\u201cNon si tratta di anonimi &#8220;carbonari&#8221; \u2013 si legge nella presentazione &#8211; ma di semplici cittadini che mettendo assieme le idee e soprattutto gli sforzi reali e concreti vogliono promuovere il territorio locale, con le sue peculiarit\u00e0 murgiane. NON \u00e8 una compagine politica!\u201d.<\/p>\n<p>Promossa da Pino Greco, gi\u00e0 presidente dell\u2019Associazione di cultura politica \u201cCercasi un fine\u201d poi fondatore dell\u2019Associazione \u201cApulia Country\u201d che assieme all\u2019Azienda agrituristica \u201cFasano\u201d ha promosso diverse attivit\u00e0 sul territorio, \u201cL\u2019Altra Cassano\u201d riunisce operatori economici (alcuni esempi: Lucio Lanzolla, vice-presidente dell\u2019Oleificio Sociale; lo stesso Ottavio Di Leone dell\u2019Agriturismo Fasano e via di seguito) e cittadini che vogliono mettere \u201cin cantiere numerose attivit\u00e0 per abbellire il nostro paese, farlo ritornare alle originarie capacit\u00e0 di accoglienza, turismo e giovialit\u00e0\u201d.<\/p>\n<p>Non \u00e8 chiaro se \u201cL\u2019Altra Cassano\u201d si costituir\u00e0 in associazione o rester\u00e0 un gruppo informale, anche se su \u201cLa voce del paese\u201d si parlava addirittura di un Consorzio (che per\u00f2 riguarda in particolare le attivit\u00e0 produttive e non i singoli cittadini) n\u00e9 quali saranno i rapporti con le altre associazioni del territorio (fra culturali, sportive e di volontariato se ne contano quasi 50!) e con la Pubblica Amministrazione.<\/p>\n<p>\u201cTutte le attivit\u00e0 che andremo a proporre \u2013 spiega infine la nota de \u201cL\u2019Altra Cassano\u201d &nbsp;&#8211; avranno un unico scopo: la compartecipazione di tutta la popolazione. Non sar\u00e0 possibile mutare le sorti della nostra cittadina se tutti noi, abitanti di questo splendido paese, non dessimo il giusto contributo e non ci mettessimo in gioco. Dobbiamo ricostruire il nostro futuro con le nostre mani e non possiamo attendere ulteriormente interventi di chiss\u00e0 quale forza esterna alla nostra compagine. Per cui ci auguriamo che il nostro impegno gratuito per la nostra Cassano sia altro, alternativo ma soprattutto innovativo e propositivo. Noi tenteremo questo capovolgimento&#8230; adesso tocca a voi&#8230;.\u201d.<\/p>\n<p>&nbsp;<\/p>\n<p>&nbsp;<\/p>\n","protected":false},"excerpt":{"rendered":"","protected":false},"author":1,"featured_media":13804,"comment_status":"open","ping_status":"closed","sticky":false,"template":"","format":"standard","meta":{"colormag_page_container_layout":"default_layout","colormag_page_sidebar_layout":"default_layout","footnotes":""},"categories":[7],"tags":[],"class_list":["post-13805","post","type-post","status-publish","format-standard","has-post-thumbnail","hentry","category-attualita"],"yoast_head":"<!-- This site is optimized with the Yoast SEO plugin v27.5 - https:\/\/yoast.com\/product\/yoast-seo-wordpress\/ -->\n<title>&quot;L&#039;Altra Cassano&quot; ai nastri di partenza per fare pi\u00f9 bello il paese - Archivio CassanoWeb<\/title>\n<meta name=\"robots\" content=\"index, follow, max-snippet:-1, max-image-preview:large, max-video-preview:-1\" \/>\n<link rel=\"canonical\" href=\"https:\/\/archiviocassano.lavocedelpaese.info\/index.php\/2017\/03\/20\/qlaltra-cassanoq-ai-nastri-di-partenza-per-fare-piu-bello-il-paese\/\" \/>\n<meta property=\"og:locale\" content=\"it_IT\" \/>\n<meta property=\"og:type\" content=\"article\" \/>\n<meta property=\"og:title\" content=\"&quot;L&#039;Altra Cassano&quot; ai nastri di partenza per fare pi\u00f9 bello il paese - Archivio CassanoWeb\" \/>\n<meta property=\"og:url\" content=\"https:\/\/archiviocassano.lavocedelpaese.info\/index.php\/2017\/03\/20\/qlaltra-cassanoq-ai-nastri-di-partenza-per-fare-piu-bello-il-paese\/\" \/>\n<meta property=\"og:site_name\" content=\"Archivio CassanoWeb\" \/>\n<meta property=\"article:publisher\" content=\"https:\/\/www.facebook.com\/redazione.cassanoweb\" \/>\n<meta property=\"article:published_time\" content=\"2017-03-20T07:09:22+00:00\" \/>\n<meta property=\"og:image\" content=\"https:\/\/archiviocassano.lavocedelpaese.info\/wp-content\/uploads\/2017\/03\/logo_laltra_cassano_piccolo.jpg\" \/>\n\t<meta property=\"og:image:width\" content=\"320\" \/>\n\t<meta property=\"og:image:height\" content=\"317\" \/>\n\t<meta property=\"og:image:type\" content=\"image\/jpeg\" \/>\n<meta name=\"author\" content=\"admin\" \/>\n<meta name=\"twitter:card\" content=\"summary_large_image\" \/>\n<meta name=\"twitter:label1\" content=\"Scritto da\" \/>\n\t<meta name=\"twitter:data1\" content=\"admin\" \/>\n\t<meta name=\"twitter:label2\" content=\"Tempo di lettura stimato\" \/>\n\t<meta name=\"twitter:data2\" content=\"2 minuti\" \/>\n<script type=\"application\/ld+json\" class=\"yoast-schema-graph\">{\"@context\":\"https:\\\/\\\/schema.org\",\"@graph\":[{\"@type\":\"Article\",\"@id\":\"https:\\\/\\\/archiviocassano.lavocedelpaese.info\\\/index.php\\\/2017\\\/03\\\/20\\\/qlaltra-cassanoq-ai-nastri-di-partenza-per-fare-piu-bello-il-paese\\\/#article\",\"isPartOf\":{\"@id\":\"https:\\\/\\\/archiviocassano.lavocedelpaese.info\\\/index.php\\\/2017\\\/03\\\/20\\\/qlaltra-cassanoq-ai-nastri-di-partenza-per-fare-piu-bello-il-paese\\\/\"},\"author\":{\"name\":\"admin\",\"@id\":\"https:\\\/\\\/archiviocassano.lavocedelpaese.info\\\/#\\\/schema\\\/person\\\/df195bc79a9b4c35127cf005f92e041b\"},\"headline\":\"&#8220;L&#8217;Altra Cassano&#8221; ai nastri di partenza per fare pi\u00f9 bello il paese\",\"datePublished\":\"2017-03-20T07:09:22+00:00\",\"mainEntityOfPage\":{\"@id\":\"https:\\\/\\\/archiviocassano.lavocedelpaese.info\\\/index.php\\\/2017\\\/03\\\/20\\\/qlaltra-cassanoq-ai-nastri-di-partenza-per-fare-piu-bello-il-paese\\\/\"},\"wordCount\":388,\"commentCount\":0,\"publisher\":{\"@id\":\"https:\\\/\\\/archiviocassano.lavocedelpaese.info\\\/#organization\"},\"image\":{\"@id\":\"https:\\\/\\\/archiviocassano.lavocedelpaese.info\\\/index.php\\\/2017\\\/03\\\/20\\\/qlaltra-cassanoq-ai-nastri-di-partenza-per-fare-piu-bello-il-paese\\\/#primaryimage\"},\"thumbnailUrl\":\"https:\\\/\\\/archiviocassano.lavocedelpaese.info\\\/wp-content\\\/uploads\\\/2017\\\/03\\\/logo_laltra_cassano_piccolo.jpg\",\"articleSection\":[\"Attualit\u00e0\"],\"inLanguage\":\"it-IT\",\"potentialAction\":[{\"@type\":\"CommentAction\",\"name\":\"Comment\",\"target\":[\"https:\\\/\\\/archiviocassano.lavocedelpaese.info\\\/index.php\\\/2017\\\/03\\\/20\\\/qlaltra-cassanoq-ai-nastri-di-partenza-per-fare-piu-bello-il-paese\\\/#respond\"]}]},{\"@type\":\"WebPage\",\"@id\":\"https:\\\/\\\/archiviocassano.lavocedelpaese.info\\\/index.php\\\/2017\\\/03\\\/20\\\/qlaltra-cassanoq-ai-nastri-di-partenza-per-fare-piu-bello-il-paese\\\/\",\"url\":\"https:\\\/\\\/archiviocassano.lavocedelpaese.info\\\/index.php\\\/2017\\\/03\\\/20\\\/qlaltra-cassanoq-ai-nastri-di-partenza-per-fare-piu-bello-il-paese\\\/\",\"name\":\"\\\"L'Altra Cassano\\\" ai nastri di partenza per fare pi\u00f9 bello il paese - Archivio CassanoWeb\",\"isPartOf\":{\"@id\":\"https:\\\/\\\/archiviocassano.lavocedelpaese.info\\\/#website\"},\"primaryImageOfPage\":{\"@id\":\"https:\\\/\\\/archiviocassano.lavocedelpaese.info\\\/index.php\\\/2017\\\/03\\\/20\\\/qlaltra-cassanoq-ai-nastri-di-partenza-per-fare-piu-bello-il-paese\\\/#primaryimage\"},\"image\":{\"@id\":\"https:\\\/\\\/archiviocassano.lavocedelpaese.info\\\/index.php\\\/2017\\\/03\\\/20\\\/qlaltra-cassanoq-ai-nastri-di-partenza-per-fare-piu-bello-il-paese\\\/#primaryimage\"},\"thumbnailUrl\":\"https:\\\/\\\/archiviocassano.lavocedelpaese.info\\\/wp-content\\\/uploads\\\/2017\\\/03\\\/logo_laltra_cassano_piccolo.jpg\",\"datePublished\":\"2017-03-20T07:09:22+00:00\",\"breadcrumb\":{\"@id\":\"https:\\\/\\\/archiviocassano.lavocedelpaese.info\\\/index.php\\\/2017\\\/03\\\/20\\\/qlaltra-cassanoq-ai-nastri-di-partenza-per-fare-piu-bello-il-paese\\\/#breadcrumb\"},\"inLanguage\":\"it-IT\",\"potentialAction\":[{\"@type\":\"ReadAction\",\"target\":[\"https:\\\/\\\/archiviocassano.lavocedelpaese.info\\\/index.php\\\/2017\\\/03\\\/20\\\/qlaltra-cassanoq-ai-nastri-di-partenza-per-fare-piu-bello-il-paese\\\/\"]}]},{\"@type\":\"ImageObject\",\"inLanguage\":\"it-IT\",\"@id\":\"https:\\\/\\\/archiviocassano.lavocedelpaese.info\\\/index.php\\\/2017\\\/03\\\/20\\\/qlaltra-cassanoq-ai-nastri-di-partenza-per-fare-piu-bello-il-paese\\\/#primaryimage\",\"url\":\"https:\\\/\\\/archiviocassano.lavocedelpaese.info\\\/wp-content\\\/uploads\\\/2017\\\/03\\\/logo_laltra_cassano_piccolo.jpg\",\"contentUrl\":\"https:\\\/\\\/archiviocassano.lavocedelpaese.info\\\/wp-content\\\/uploads\\\/2017\\\/03\\\/logo_laltra_cassano_piccolo.jpg\",\"width\":320,\"height\":317,\"caption\":\"logo laltra cassano piccolo\"},{\"@type\":\"BreadcrumbList\",\"@id\":\"https:\\\/\\\/archiviocassano.lavocedelpaese.info\\\/index.php\\\/2017\\\/03\\\/20\\\/qlaltra-cassanoq-ai-nastri-di-partenza-per-fare-piu-bello-il-paese\\\/#breadcrumb\",\"itemListElement\":[{\"@type\":\"ListItem\",\"position\":1,\"name\":\"Home\",\"item\":\"https:\\\/\\\/archiviocassano.lavocedelpaese.info\\\/\"},{\"@type\":\"ListItem\",\"position\":2,\"name\":\"&#8220;L&#8217;Altra Cassano&#8221; ai nastri di partenza per fare pi\u00f9 bello il paese\"}]},{\"@type\":\"WebSite\",\"@id\":\"https:\\\/\\\/archiviocassano.lavocedelpaese.info\\\/#website\",\"url\":\"https:\\\/\\\/archiviocassano.lavocedelpaese.info\\\/\",\"name\":\"Archivio CassanoWeb\",\"description\":\"La Voce del Paese - un network di idee\",\"publisher\":{\"@id\":\"https:\\\/\\\/archiviocassano.lavocedelpaese.info\\\/#organization\"},\"potentialAction\":[{\"@type\":\"SearchAction\",\"target\":{\"@type\":\"EntryPoint\",\"urlTemplate\":\"https:\\\/\\\/archiviocassano.lavocedelpaese.info\\\/?s={search_term_string}\"},\"query-input\":{\"@type\":\"PropertyValueSpecification\",\"valueRequired\":true,\"valueName\":\"search_term_string\"}}],\"inLanguage\":\"it-IT\"},{\"@type\":\"Organization\",\"@id\":\"https:\\\/\\\/archiviocassano.lavocedelpaese.info\\\/#organization\",\"name\":\"Archivio CassanoWeb\",\"url\":\"https:\\\/\\\/archiviocassano.lavocedelpaese.info\\\/\",\"logo\":{\"@type\":\"ImageObject\",\"inLanguage\":\"it-IT\",\"@id\":\"https:\\\/\\\/archiviocassano.lavocedelpaese.info\\\/#\\\/schema\\\/logo\\\/image\\\/\",\"url\":\"https:\\\/\\\/archiviocassano.lavocedelpaese.info\\\/wp-content\\\/uploads\\\/2024\\\/08\\\/logo-rosso-2.png\",\"contentUrl\":\"https:\\\/\\\/archiviocassano.lavocedelpaese.info\\\/wp-content\\\/uploads\\\/2024\\\/08\\\/logo-rosso-2.png\",\"width\":491,\"height\":432,\"caption\":\"Archivio CassanoWeb\"},\"image\":{\"@id\":\"https:\\\/\\\/archiviocassano.lavocedelpaese.info\\\/#\\\/schema\\\/logo\\\/image\\\/\"},\"sameAs\":[\"https:\\\/\\\/www.facebook.com\\\/redazione.cassanoweb\"]},{\"@type\":\"Person\",\"@id\":\"https:\\\/\\\/archiviocassano.lavocedelpaese.info\\\/#\\\/schema\\\/person\\\/df195bc79a9b4c35127cf005f92e041b\",\"name\":\"admin\",\"image\":{\"@type\":\"ImageObject\",\"inLanguage\":\"it-IT\",\"@id\":\"https:\\\/\\\/secure.gravatar.com\\\/avatar\\\/eabba89a432e8eaa1b0207cc55f7e5340b22712b1ed80677efcf63e02ff5b235?s=96&d=mm&r=g\",\"url\":\"https:\\\/\\\/secure.gravatar.com\\\/avatar\\\/eabba89a432e8eaa1b0207cc55f7e5340b22712b1ed80677efcf63e02ff5b235?s=96&d=mm&r=g\",\"contentUrl\":\"https:\\\/\\\/secure.gravatar.com\\\/avatar\\\/eabba89a432e8eaa1b0207cc55f7e5340b22712b1ed80677efcf63e02ff5b235?s=96&d=mm&r=g\",\"caption\":\"admin\"},\"sameAs\":[\"https:\\\/\\\/archiviocassano.lavocedelpaese.info\"],\"url\":\"https:\\\/\\\/archiviocassano.lavocedelpaese.info\\\/index.php\\\/author\\\/admin_0qgz1xdp\\\/\"}]}<\/script>\n<!-- \/ Yoast SEO plugin. -->","yoast_head_json":{"title":"\"L'Altra Cassano\" ai nastri di partenza per fare pi\u00f9 bello il paese - Archivio CassanoWeb","robots":{"index":"index","follow":"follow","max-snippet":"max-snippet:-1","max-image-preview":"max-image-preview:large","max-video-preview":"max-video-preview:-1"},"canonical":"https:\/\/archiviocassano.lavocedelpaese.info\/index.php\/2017\/03\/20\/qlaltra-cassanoq-ai-nastri-di-partenza-per-fare-piu-bello-il-paese\/","og_locale":"it_IT","og_type":"article","og_title":"\"L'Altra Cassano\" ai nastri di partenza per fare pi\u00f9 bello il paese - Archivio CassanoWeb","og_url":"https:\/\/archiviocassano.lavocedelpaese.info\/index.php\/2017\/03\/20\/qlaltra-cassanoq-ai-nastri-di-partenza-per-fare-piu-bello-il-paese\/","og_site_name":"Archivio CassanoWeb","article_publisher":"https:\/\/www.facebook.com\/redazione.cassanoweb","article_published_time":"2017-03-20T07:09:22+00:00","og_image":[{"width":320,"height":317,"url":"https:\/\/archiviocassano.lavocedelpaese.info\/wp-content\/uploads\/2017\/03\/logo_laltra_cassano_piccolo.jpg","type":"image\/jpeg"}],"author":"admin","twitter_card":"summary_large_image","twitter_misc":{"Scritto da":"admin","Tempo di lettura stimato":"2 minuti"},"schema":{"@context":"https:\/\/schema.org","@graph":[{"@type":"Article","@id":"https:\/\/archiviocassano.lavocedelpaese.info\/index.php\/2017\/03\/20\/qlaltra-cassanoq-ai-nastri-di-partenza-per-fare-piu-bello-il-paese\/#article","isPartOf":{"@id":"https:\/\/archiviocassano.lavocedelpaese.info\/index.php\/2017\/03\/20\/qlaltra-cassanoq-ai-nastri-di-partenza-per-fare-piu-bello-il-paese\/"},"author":{"name":"admin","@id":"https:\/\/archiviocassano.lavocedelpaese.info\/#\/schema\/person\/df195bc79a9b4c35127cf005f92e041b"},"headline":"&#8220;L&#8217;Altra Cassano&#8221; ai nastri di partenza per fare pi\u00f9 bello il paese","datePublished":"2017-03-20T07:09:22+00:00","mainEntityOfPage":{"@id":"https:\/\/archiviocassano.lavocedelpaese.info\/index.php\/2017\/03\/20\/qlaltra-cassanoq-ai-nastri-di-partenza-per-fare-piu-bello-il-paese\/"},"wordCount":388,"commentCount":0,"publisher":{"@id":"https:\/\/archiviocassano.lavocedelpaese.info\/#organization"},"image":{"@id":"https:\/\/archiviocassano.lavocedelpaese.info\/index.php\/2017\/03\/20\/qlaltra-cassanoq-ai-nastri-di-partenza-per-fare-piu-bello-il-paese\/#primaryimage"},"thumbnailUrl":"https:\/\/archiviocassano.lavocedelpaese.info\/wp-content\/uploads\/2017\/03\/logo_laltra_cassano_piccolo.jpg","articleSection":["Attualit\u00e0"],"inLanguage":"it-IT","potentialAction":[{"@type":"CommentAction","name":"Comment","target":["https:\/\/archiviocassano.lavocedelpaese.info\/index.php\/2017\/03\/20\/qlaltra-cassanoq-ai-nastri-di-partenza-per-fare-piu-bello-il-paese\/#respond"]}]},{"@type":"WebPage","@id":"https:\/\/archiviocassano.lavocedelpaese.info\/index.php\/2017\/03\/20\/qlaltra-cassanoq-ai-nastri-di-partenza-per-fare-piu-bello-il-paese\/","url":"https:\/\/archiviocassano.lavocedelpaese.info\/index.php\/2017\/03\/20\/qlaltra-cassanoq-ai-nastri-di-partenza-per-fare-piu-bello-il-paese\/","name":"\"L'Altra Cassano\" ai nastri di partenza per fare pi\u00f9 bello il paese - Archivio CassanoWeb","isPartOf":{"@id":"https:\/\/archiviocassano.lavocedelpaese.info\/#website"},"primaryImageOfPage":{"@id":"https:\/\/archiviocassano.lavocedelpaese.info\/index.php\/2017\/03\/20\/qlaltra-cassanoq-ai-nastri-di-partenza-per-fare-piu-bello-il-paese\/#primaryimage"},"image":{"@id":"https:\/\/archiviocassano.lavocedelpaese.info\/index.php\/2017\/03\/20\/qlaltra-cassanoq-ai-nastri-di-partenza-per-fare-piu-bello-il-paese\/#primaryimage"},"thumbnailUrl":"https:\/\/archiviocassano.lavocedelpaese.info\/wp-content\/uploads\/2017\/03\/logo_laltra_cassano_piccolo.jpg","datePublished":"2017-03-20T07:09:22+00:00","breadcrumb":{"@id":"https:\/\/archiviocassano.lavocedelpaese.info\/index.php\/2017\/03\/20\/qlaltra-cassanoq-ai-nastri-di-partenza-per-fare-piu-bello-il-paese\/#breadcrumb"},"inLanguage":"it-IT","potentialAction":[{"@type":"ReadAction","target":["https:\/\/archiviocassano.lavocedelpaese.info\/index.php\/2017\/03\/20\/qlaltra-cassanoq-ai-nastri-di-partenza-per-fare-piu-bello-il-paese\/"]}]},{"@type":"ImageObject","inLanguage":"it-IT","@id":"https:\/\/archiviocassano.lavocedelpaese.info\/index.php\/2017\/03\/20\/qlaltra-cassanoq-ai-nastri-di-partenza-per-fare-piu-bello-il-paese\/#primaryimage","url":"https:\/\/archiviocassano.lavocedelpaese.info\/wp-content\/uploads\/2017\/03\/logo_laltra_cassano_piccolo.jpg","contentUrl":"https:\/\/archiviocassano.lavocedelpaese.info\/wp-content\/uploads\/2017\/03\/logo_laltra_cassano_piccolo.jpg","width":320,"height":317,"caption":"logo laltra cassano piccolo"},{"@type":"BreadcrumbList","@id":"https:\/\/archiviocassano.lavocedelpaese.info\/index.php\/2017\/03\/20\/qlaltra-cassanoq-ai-nastri-di-partenza-per-fare-piu-bello-il-paese\/#breadcrumb","itemListElement":[{"@type":"ListItem","position":1,"name":"Home","item":"https:\/\/archiviocassano.lavocedelpaese.info\/"},{"@type":"ListItem","position":2,"name":"&#8220;L&#8217;Altra Cassano&#8221; ai nastri di partenza per fare pi\u00f9 bello il paese"}]},{"@type":"WebSite","@id":"https:\/\/archiviocassano.lavocedelpaese.info\/#website","url":"https:\/\/archiviocassano.lavocedelpaese.info\/","name":"Archivio CassanoWeb","description":"La Voce del Paese - un network di idee","publisher":{"@id":"https:\/\/archiviocassano.lavocedelpaese.info\/#organization"},"potentialAction":[{"@type":"SearchAction","target":{"@type":"EntryPoint","urlTemplate":"https:\/\/archiviocassano.lavocedelpaese.info\/?s={search_term_string}"},"query-input":{"@type":"PropertyValueSpecification","valueRequired":true,"valueName":"search_term_string"}}],"inLanguage":"it-IT"},{"@type":"Organization","@id":"https:\/\/archiviocassano.lavocedelpaese.info\/#organization","name":"Archivio CassanoWeb","url":"https:\/\/archiviocassano.lavocedelpaese.info\/","logo":{"@type":"ImageObject","inLanguage":"it-IT","@id":"https:\/\/archiviocassano.lavocedelpaese.info\/#\/schema\/logo\/image\/","url":"https:\/\/archiviocassano.lavocedelpaese.info\/wp-content\/uploads\/2024\/08\/logo-rosso-2.png","contentUrl":"https:\/\/archiviocassano.lavocedelpaese.info\/wp-content\/uploads\/2024\/08\/logo-rosso-2.png","width":491,"height":432,"caption":"Archivio CassanoWeb"},"image":{"@id":"https:\/\/archiviocassano.lavocedelpaese.info\/#\/schema\/logo\/image\/"},"sameAs":["https:\/\/www.facebook.com\/redazione.cassanoweb"]},{"@type":"Person","@id":"https:\/\/archiviocassano.lavocedelpaese.info\/#\/schema\/person\/df195bc79a9b4c35127cf005f92e041b","name":"admin","image":{"@type":"ImageObject","inLanguage":"it-IT","@id":"https:\/\/secure.gravatar.com\/avatar\/eabba89a432e8eaa1b0207cc55f7e5340b22712b1ed80677efcf63e02ff5b235?s=96&d=mm&r=g","url":"https:\/\/secure.gravatar.com\/avatar\/eabba89a432e8eaa1b0207cc55f7e5340b22712b1ed80677efcf63e02ff5b235?s=96&d=mm&r=g","contentUrl":"https:\/\/secure.gravatar.com\/avatar\/eabba89a432e8eaa1b0207cc55f7e5340b22712b1ed80677efcf63e02ff5b235?s=96&d=mm&r=g","caption":"admin"},"sameAs":["https:\/\/archiviocassano.lavocedelpaese.info"],"url":"https:\/\/archiviocassano.lavocedelpaese.info\/index.php\/author\/admin_0qgz1xdp\/"}]}},"_links":{"self":[{"href":"https:\/\/archiviocassano.lavocedelpaese.info\/index.php\/wp-json\/wp\/v2\/posts\/13805","targetHints":{"allow":["GET"]}}],"collection":[{"href":"https:\/\/archiviocassano.lavocedelpaese.info\/index.php\/wp-json\/wp\/v2\/posts"}],"about":[{"href":"https:\/\/archiviocassano.lavocedelpaese.info\/index.php\/wp-json\/wp\/v2\/types\/post"}],"author":[{"embeddable":true,"href":"https:\/\/archiviocassano.lavocedelpaese.info\/index.php\/wp-json\/wp\/v2\/users\/1"}],"replies":[{"embeddable":true,"href":"https:\/\/archiviocassano.lavocedelpaese.info\/index.php\/wp-json\/wp\/v2\/comments?post=13805"}],"version-history":[{"count":0,"href":"https:\/\/archiviocassano.lavocedelpaese.info\/index.php\/wp-json\/wp\/v2\/posts\/13805\/revisions"}],"wp:featuredmedia":[{"embeddable":true,"href":"https:\/\/archiviocassano.lavocedelpaese.info\/index.php\/wp-json\/wp\/v2\/media\/13804"}],"wp:attachment":[{"href":"https:\/\/archiviocassano.lavocedelpaese.info\/index.php\/wp-json\/wp\/v2\/media?parent=13805"}],"wp:term":[{"taxonomy":"category","embeddable":true,"href":"https:\/\/archiviocassano.lavocedelpaese.info\/index.php\/wp-json\/wp\/v2\/categories?post=13805"},{"taxonomy":"post_tag","embeddable":true,"href":"https:\/\/archiviocassano.lavocedelpaese.info\/index.php\/wp-json\/wp\/v2\/tags?post=13805"}],"curies":[{"name":"wp","href":"https:\/\/api.w.org\/{rel}","templated":true}]}}