{"id":14222,"date":"2017-06-20T09:50:32","date_gmt":"2017-06-20T09:50:32","guid":{"rendered":"https:\/\/archiviocassano.lavocedelpaese.info\/index.php\/2017\/06\/20\/madonna-degli-angeli-tutte-le-novita-della-festa-patronale-2017\/"},"modified":"2017-06-20T09:50:32","modified_gmt":"2017-06-20T09:50:32","slug":"madonna-degli-angeli-tutte-le-novita-della-festa-patronale-2017","status":"publish","type":"post","link":"https:\/\/archiviocassano.lavocedelpaese.info\/index.php\/2017\/06\/20\/madonna-degli-angeli-tutte-le-novita-della-festa-patronale-2017\/","title":{"rendered":"Tutte le novit\u00e0 della Festa patronale 2017"},"content":{"rendered":"<p style=\"text-align: justify;\"><img loading=\"lazy\" decoding=\"async\" class=\" size-full wp-image-14221\" src=\"https:\/\/archiviocassano.lavocedelpaese.info\/wp-content\/uploads\/2017\/06\/madonn_d_basce_piccola.jpg\" alt=\"madonn d basce piccola\" style=\"margin-right: 2px; margin-left: 2px;\" width=\"320\" height=\"150\" srcset=\"https:\/\/archiviocassano.lavocedelpaese.info\/wp-content\/uploads\/2017\/06\/madonn_d_basce_piccola.jpg 320w, https:\/\/archiviocassano.lavocedelpaese.info\/wp-content\/uploads\/2017\/06\/madonn_d_basce_piccola-300x141.jpg 300w\" sizes=\"auto, (max-width: 320px) 100vw, 320px\" \/><\/p>\n<p><!--more--><\/p>\n<p>Pi\u00f9 musica e tante attivit\u00e0 di accoglienza e solidariet\u00e0, il tutto nella secolare tradizione della \u201cFesta Grann\u201d che ogni anno accende la devozione e la fede di tanti cassanesi.<\/p>\n<p style=\"text-align: justify;\">Sono queste le novit\u00e0 del programma 2017 della festa patronale dedicata alla Madonna degli Angeli reso noto nei giorni scorsi dall\u2019Arciprete <strong>don Francesco<\/strong> Gramegna, dal Presidente Delegato <strong>Damiano Baldassarre e dal Comitato Festa Patronale.<\/strong><\/p>\n<p style=\"text-align: justify;\">Nei giorni 1-2-3-4 agosto prossimi, la comunit\u00e0 cassanese torner\u00e0 a riconoscersi nei segni della festa e della tradizione <em>\u201ccon pazienza e nella preghiera\u201d<\/em>, ricorda don Francesco nel suo messaggio ai cassanesi, in cui si sottolinea il carattere eminentemente religioso della festa della Patrona, da vivere con gesti concreti di accoglienza e solidariet\u00e0.<\/p>\n<p style=\"text-align: justify;\">Per questo motivo, nei giorni di preparazione alla festa, ci saranno incontri e iniziative che vedono coinvolte associazioni locali, migranti e richiedenti asilo (quelli minori non accompagnati e quelli pi\u00f9 grandi, dello Sprar) in una vera e propria <strong>\u201cFesta dei Popoli\u201d che si terr\u00e0 il 31 luglio<\/strong>. Ma nei giorni precedenti ci sar\u00e0 spazio anche per i giovani, le famiglie, i problemi legati alla ludopatia e al ritrovato splendore di alcune opere custodite nella Chiesa madre e restaurate con il contributo di enti e associazioni cassanesi.<\/p>\n<p style=\"text-align: justify;\">Per quel che riguarda il programma religioso, non&nbsp; ci sono grandi cambiamenti: la novena comincer\u00e0 il 23 luglio presso il Santuario (alle ore 18.00) e presso le due Parrocchie (alle ore 18.30) mentre celebrazioni e processioni si susseguiranno nei primi quattro giorni di agosto. A proposito della questione processione del 2 agosto: resta invariato l\u2019itinerario dello scorso anno che tante proteste provoc\u00f2 fra i residenti (anche con una raccolta di firme con cui si chiedeva il ripristino del percorso tagliato) ovvero via Gramsci (e non pi\u00f9 via Piave, via Trieste, via Capitano Galietti) quindi via Diaz al fine, dicono al Comitato, di accorciare il percorso e renderlo meno faticoso.<\/p>\n<p style=\"text-align: justify;\">Il programma civile, invece, prevede <strong>il ritorno della \u201cmusica leggera\u201d nella serata dell\u2019ultima giornata<\/strong> di festeggiamenti, il 4 agosto: a partire dalle ore 21.00 prima il gruppo funky-blues dei \u201cTNT\u201d poi la \u201ctribute band\u201d di Ligabue, \u201cCondotto 7\u201d, animeranno la piazza, nella speranza di attirare giovani e appassionati.<\/p>\n<p style=\"text-align: justify;\">Ci sar\u00e0 anche una banda in pi\u00f9, nei giorni della Festa: oltre ai \u201cpadroni di casa\u201d del <strong>Concerto bandistico \u201cCitt\u00e0 di Cassano Murge\u201d<\/strong> con il capo-banda Vito D\u2019ambrosio, saliranno sulla cassa armonica anche la Banda di Rutigliano, quella di recente ri-costituzione di Acquaviva delle Fonti, quella di Francavilla Fontana e l\u2019Orchestra di fiati di Palazzo San Gervasio. La \u201cbassa musica\u201d di Mola, come sempre, aprir\u00e0 le diverse processioni.<\/p>\n<p style=\"text-align: justify;\">I fuochi d\u2019artificio solo in una notte, quella del 2 agosto (oltre le \u201cdiana\u201d ad inizio novena e nella mattinata del 2 agosto) mentre le giostre saranno posizionate anche quest\u2019anno presso la \u201crotonda\u201d nel quartiere \u201cSacro Cuore\u201d.<\/p>\n<p style=\"text-align: justify;\">&nbsp;<\/p>\n<p>&nbsp;<\/p>\n","protected":false},"excerpt":{"rendered":"","protected":false},"author":1,"featured_media":14221,"comment_status":"open","ping_status":"closed","sticky":false,"template":"","format":"standard","meta":{"colormag_page_container_layout":"default_layout","colormag_page_sidebar_layout":"default_layout","footnotes":""},"categories":[7],"tags":[],"class_list":["post-14222","post","type-post","status-publish","format-standard","has-post-thumbnail","hentry","category-attualita"],"yoast_head":"<!-- This site is optimized with the Yoast SEO plugin v27.5 - https:\/\/yoast.com\/product\/yoast-seo-wordpress\/ -->\n<title>Tutte le novit\u00e0 della Festa patronale 2017 - Archivio CassanoWeb<\/title>\n<meta name=\"robots\" content=\"index, follow, max-snippet:-1, max-image-preview:large, max-video-preview:-1\" \/>\n<link rel=\"canonical\" href=\"https:\/\/archiviocassano.lavocedelpaese.info\/index.php\/2017\/06\/20\/madonna-degli-angeli-tutte-le-novita-della-festa-patronale-2017\/\" \/>\n<meta property=\"og:locale\" content=\"it_IT\" \/>\n<meta property=\"og:type\" content=\"article\" \/>\n<meta property=\"og:title\" content=\"Tutte le novit\u00e0 della Festa patronale 2017 - Archivio CassanoWeb\" \/>\n<meta property=\"og:url\" content=\"https:\/\/archiviocassano.lavocedelpaese.info\/index.php\/2017\/06\/20\/madonna-degli-angeli-tutte-le-novita-della-festa-patronale-2017\/\" \/>\n<meta property=\"og:site_name\" content=\"Archivio CassanoWeb\" \/>\n<meta property=\"article:publisher\" content=\"https:\/\/www.facebook.com\/redazione.cassanoweb\" \/>\n<meta property=\"article:published_time\" content=\"2017-06-20T09:50:32+00:00\" \/>\n<meta property=\"og:image\" content=\"https:\/\/archiviocassano.lavocedelpaese.info\/wp-content\/uploads\/2017\/06\/madonn_d_basce_piccola.jpg\" \/>\n\t<meta property=\"og:image:width\" content=\"320\" \/>\n\t<meta property=\"og:image:height\" content=\"150\" \/>\n\t<meta property=\"og:image:type\" content=\"image\/jpeg\" \/>\n<meta name=\"author\" content=\"admin\" \/>\n<meta name=\"twitter:card\" content=\"summary_large_image\" \/>\n<meta name=\"twitter:label1\" content=\"Scritto da\" \/>\n\t<meta name=\"twitter:data1\" content=\"admin\" \/>\n\t<meta name=\"twitter:label2\" content=\"Tempo di lettura stimato\" \/>\n\t<meta name=\"twitter:data2\" content=\"2 minuti\" \/>\n<script type=\"application\/ld+json\" class=\"yoast-schema-graph\">{\"@context\":\"https:\\\/\\\/schema.org\",\"@graph\":[{\"@type\":\"Article\",\"@id\":\"https:\\\/\\\/archiviocassano.lavocedelpaese.info\\\/index.php\\\/2017\\\/06\\\/20\\\/madonna-degli-angeli-tutte-le-novita-della-festa-patronale-2017\\\/#article\",\"isPartOf\":{\"@id\":\"https:\\\/\\\/archiviocassano.lavocedelpaese.info\\\/index.php\\\/2017\\\/06\\\/20\\\/madonna-degli-angeli-tutte-le-novita-della-festa-patronale-2017\\\/\"},\"author\":{\"name\":\"admin\",\"@id\":\"https:\\\/\\\/archiviocassano.lavocedelpaese.info\\\/#\\\/schema\\\/person\\\/df195bc79a9b4c35127cf005f92e041b\"},\"headline\":\"Tutte le novit\u00e0 della Festa patronale 2017\",\"datePublished\":\"2017-06-20T09:50:32+00:00\",\"mainEntityOfPage\":{\"@id\":\"https:\\\/\\\/archiviocassano.lavocedelpaese.info\\\/index.php\\\/2017\\\/06\\\/20\\\/madonna-degli-angeli-tutte-le-novita-della-festa-patronale-2017\\\/\"},\"wordCount\":470,\"commentCount\":0,\"publisher\":{\"@id\":\"https:\\\/\\\/archiviocassano.lavocedelpaese.info\\\/#organization\"},\"image\":{\"@id\":\"https:\\\/\\\/archiviocassano.lavocedelpaese.info\\\/index.php\\\/2017\\\/06\\\/20\\\/madonna-degli-angeli-tutte-le-novita-della-festa-patronale-2017\\\/#primaryimage\"},\"thumbnailUrl\":\"https:\\\/\\\/archiviocassano.lavocedelpaese.info\\\/wp-content\\\/uploads\\\/2017\\\/06\\\/madonn_d_basce_piccola.jpg\",\"articleSection\":[\"Attualit\u00e0\"],\"inLanguage\":\"it-IT\",\"potentialAction\":[{\"@type\":\"CommentAction\",\"name\":\"Comment\",\"target\":[\"https:\\\/\\\/archiviocassano.lavocedelpaese.info\\\/index.php\\\/2017\\\/06\\\/20\\\/madonna-degli-angeli-tutte-le-novita-della-festa-patronale-2017\\\/#respond\"]}]},{\"@type\":\"WebPage\",\"@id\":\"https:\\\/\\\/archiviocassano.lavocedelpaese.info\\\/index.php\\\/2017\\\/06\\\/20\\\/madonna-degli-angeli-tutte-le-novita-della-festa-patronale-2017\\\/\",\"url\":\"https:\\\/\\\/archiviocassano.lavocedelpaese.info\\\/index.php\\\/2017\\\/06\\\/20\\\/madonna-degli-angeli-tutte-le-novita-della-festa-patronale-2017\\\/\",\"name\":\"Tutte le novit\u00e0 della Festa patronale 2017 - Archivio CassanoWeb\",\"isPartOf\":{\"@id\":\"https:\\\/\\\/archiviocassano.lavocedelpaese.info\\\/#website\"},\"primaryImageOfPage\":{\"@id\":\"https:\\\/\\\/archiviocassano.lavocedelpaese.info\\\/index.php\\\/2017\\\/06\\\/20\\\/madonna-degli-angeli-tutte-le-novita-della-festa-patronale-2017\\\/#primaryimage\"},\"image\":{\"@id\":\"https:\\\/\\\/archiviocassano.lavocedelpaese.info\\\/index.php\\\/2017\\\/06\\\/20\\\/madonna-degli-angeli-tutte-le-novita-della-festa-patronale-2017\\\/#primaryimage\"},\"thumbnailUrl\":\"https:\\\/\\\/archiviocassano.lavocedelpaese.info\\\/wp-content\\\/uploads\\\/2017\\\/06\\\/madonn_d_basce_piccola.jpg\",\"datePublished\":\"2017-06-20T09:50:32+00:00\",\"breadcrumb\":{\"@id\":\"https:\\\/\\\/archiviocassano.lavocedelpaese.info\\\/index.php\\\/2017\\\/06\\\/20\\\/madonna-degli-angeli-tutte-le-novita-della-festa-patronale-2017\\\/#breadcrumb\"},\"inLanguage\":\"it-IT\",\"potentialAction\":[{\"@type\":\"ReadAction\",\"target\":[\"https:\\\/\\\/archiviocassano.lavocedelpaese.info\\\/index.php\\\/2017\\\/06\\\/20\\\/madonna-degli-angeli-tutte-le-novita-della-festa-patronale-2017\\\/\"]}]},{\"@type\":\"ImageObject\",\"inLanguage\":\"it-IT\",\"@id\":\"https:\\\/\\\/archiviocassano.lavocedelpaese.info\\\/index.php\\\/2017\\\/06\\\/20\\\/madonna-degli-angeli-tutte-le-novita-della-festa-patronale-2017\\\/#primaryimage\",\"url\":\"https:\\\/\\\/archiviocassano.lavocedelpaese.info\\\/wp-content\\\/uploads\\\/2017\\\/06\\\/madonn_d_basce_piccola.jpg\",\"contentUrl\":\"https:\\\/\\\/archiviocassano.lavocedelpaese.info\\\/wp-content\\\/uploads\\\/2017\\\/06\\\/madonn_d_basce_piccola.jpg\",\"width\":320,\"height\":150,\"caption\":\"madonn d basce piccola\"},{\"@type\":\"BreadcrumbList\",\"@id\":\"https:\\\/\\\/archiviocassano.lavocedelpaese.info\\\/index.php\\\/2017\\\/06\\\/20\\\/madonna-degli-angeli-tutte-le-novita-della-festa-patronale-2017\\\/#breadcrumb\",\"itemListElement\":[{\"@type\":\"ListItem\",\"position\":1,\"name\":\"Home\",\"item\":\"https:\\\/\\\/archiviocassano.lavocedelpaese.info\\\/\"},{\"@type\":\"ListItem\",\"position\":2,\"name\":\"Tutte le novit\u00e0 della Festa patronale 2017\"}]},{\"@type\":\"WebSite\",\"@id\":\"https:\\\/\\\/archiviocassano.lavocedelpaese.info\\\/#website\",\"url\":\"https:\\\/\\\/archiviocassano.lavocedelpaese.info\\\/\",\"name\":\"Archivio CassanoWeb\",\"description\":\"La Voce del Paese - un network di idee\",\"publisher\":{\"@id\":\"https:\\\/\\\/archiviocassano.lavocedelpaese.info\\\/#organization\"},\"potentialAction\":[{\"@type\":\"SearchAction\",\"target\":{\"@type\":\"EntryPoint\",\"urlTemplate\":\"https:\\\/\\\/archiviocassano.lavocedelpaese.info\\\/?s={search_term_string}\"},\"query-input\":{\"@type\":\"PropertyValueSpecification\",\"valueRequired\":true,\"valueName\":\"search_term_string\"}}],\"inLanguage\":\"it-IT\"},{\"@type\":\"Organization\",\"@id\":\"https:\\\/\\\/archiviocassano.lavocedelpaese.info\\\/#organization\",\"name\":\"Archivio CassanoWeb\",\"url\":\"https:\\\/\\\/archiviocassano.lavocedelpaese.info\\\/\",\"logo\":{\"@type\":\"ImageObject\",\"inLanguage\":\"it-IT\",\"@id\":\"https:\\\/\\\/archiviocassano.lavocedelpaese.info\\\/#\\\/schema\\\/logo\\\/image\\\/\",\"url\":\"https:\\\/\\\/archiviocassano.lavocedelpaese.info\\\/wp-content\\\/uploads\\\/2024\\\/08\\\/logo-rosso-2.png\",\"contentUrl\":\"https:\\\/\\\/archiviocassano.lavocedelpaese.info\\\/wp-content\\\/uploads\\\/2024\\\/08\\\/logo-rosso-2.png\",\"width\":491,\"height\":432,\"caption\":\"Archivio CassanoWeb\"},\"image\":{\"@id\":\"https:\\\/\\\/archiviocassano.lavocedelpaese.info\\\/#\\\/schema\\\/logo\\\/image\\\/\"},\"sameAs\":[\"https:\\\/\\\/www.facebook.com\\\/redazione.cassanoweb\"]},{\"@type\":\"Person\",\"@id\":\"https:\\\/\\\/archiviocassano.lavocedelpaese.info\\\/#\\\/schema\\\/person\\\/df195bc79a9b4c35127cf005f92e041b\",\"name\":\"admin\",\"image\":{\"@type\":\"ImageObject\",\"inLanguage\":\"it-IT\",\"@id\":\"https:\\\/\\\/secure.gravatar.com\\\/avatar\\\/eabba89a432e8eaa1b0207cc55f7e5340b22712b1ed80677efcf63e02ff5b235?s=96&d=mm&r=g\",\"url\":\"https:\\\/\\\/secure.gravatar.com\\\/avatar\\\/eabba89a432e8eaa1b0207cc55f7e5340b22712b1ed80677efcf63e02ff5b235?s=96&d=mm&r=g\",\"contentUrl\":\"https:\\\/\\\/secure.gravatar.com\\\/avatar\\\/eabba89a432e8eaa1b0207cc55f7e5340b22712b1ed80677efcf63e02ff5b235?s=96&d=mm&r=g\",\"caption\":\"admin\"},\"sameAs\":[\"https:\\\/\\\/archiviocassano.lavocedelpaese.info\"],\"url\":\"https:\\\/\\\/archiviocassano.lavocedelpaese.info\\\/index.php\\\/author\\\/admin_0qgz1xdp\\\/\"}]}<\/script>\n<!-- \/ Yoast SEO plugin. -->","yoast_head_json":{"title":"Tutte le novit\u00e0 della Festa patronale 2017 - Archivio CassanoWeb","robots":{"index":"index","follow":"follow","max-snippet":"max-snippet:-1","max-image-preview":"max-image-preview:large","max-video-preview":"max-video-preview:-1"},"canonical":"https:\/\/archiviocassano.lavocedelpaese.info\/index.php\/2017\/06\/20\/madonna-degli-angeli-tutte-le-novita-della-festa-patronale-2017\/","og_locale":"it_IT","og_type":"article","og_title":"Tutte le novit\u00e0 della Festa patronale 2017 - Archivio CassanoWeb","og_url":"https:\/\/archiviocassano.lavocedelpaese.info\/index.php\/2017\/06\/20\/madonna-degli-angeli-tutte-le-novita-della-festa-patronale-2017\/","og_site_name":"Archivio CassanoWeb","article_publisher":"https:\/\/www.facebook.com\/redazione.cassanoweb","article_published_time":"2017-06-20T09:50:32+00:00","og_image":[{"width":320,"height":150,"url":"https:\/\/archiviocassano.lavocedelpaese.info\/wp-content\/uploads\/2017\/06\/madonn_d_basce_piccola.jpg","type":"image\/jpeg"}],"author":"admin","twitter_card":"summary_large_image","twitter_misc":{"Scritto da":"admin","Tempo di lettura stimato":"2 minuti"},"schema":{"@context":"https:\/\/schema.org","@graph":[{"@type":"Article","@id":"https:\/\/archiviocassano.lavocedelpaese.info\/index.php\/2017\/06\/20\/madonna-degli-angeli-tutte-le-novita-della-festa-patronale-2017\/#article","isPartOf":{"@id":"https:\/\/archiviocassano.lavocedelpaese.info\/index.php\/2017\/06\/20\/madonna-degli-angeli-tutte-le-novita-della-festa-patronale-2017\/"},"author":{"name":"admin","@id":"https:\/\/archiviocassano.lavocedelpaese.info\/#\/schema\/person\/df195bc79a9b4c35127cf005f92e041b"},"headline":"Tutte le novit\u00e0 della Festa patronale 2017","datePublished":"2017-06-20T09:50:32+00:00","mainEntityOfPage":{"@id":"https:\/\/archiviocassano.lavocedelpaese.info\/index.php\/2017\/06\/20\/madonna-degli-angeli-tutte-le-novita-della-festa-patronale-2017\/"},"wordCount":470,"commentCount":0,"publisher":{"@id":"https:\/\/archiviocassano.lavocedelpaese.info\/#organization"},"image":{"@id":"https:\/\/archiviocassano.lavocedelpaese.info\/index.php\/2017\/06\/20\/madonna-degli-angeli-tutte-le-novita-della-festa-patronale-2017\/#primaryimage"},"thumbnailUrl":"https:\/\/archiviocassano.lavocedelpaese.info\/wp-content\/uploads\/2017\/06\/madonn_d_basce_piccola.jpg","articleSection":["Attualit\u00e0"],"inLanguage":"it-IT","potentialAction":[{"@type":"CommentAction","name":"Comment","target":["https:\/\/archiviocassano.lavocedelpaese.info\/index.php\/2017\/06\/20\/madonna-degli-angeli-tutte-le-novita-della-festa-patronale-2017\/#respond"]}]},{"@type":"WebPage","@id":"https:\/\/archiviocassano.lavocedelpaese.info\/index.php\/2017\/06\/20\/madonna-degli-angeli-tutte-le-novita-della-festa-patronale-2017\/","url":"https:\/\/archiviocassano.lavocedelpaese.info\/index.php\/2017\/06\/20\/madonna-degli-angeli-tutte-le-novita-della-festa-patronale-2017\/","name":"Tutte le novit\u00e0 della Festa patronale 2017 - Archivio CassanoWeb","isPartOf":{"@id":"https:\/\/archiviocassano.lavocedelpaese.info\/#website"},"primaryImageOfPage":{"@id":"https:\/\/archiviocassano.lavocedelpaese.info\/index.php\/2017\/06\/20\/madonna-degli-angeli-tutte-le-novita-della-festa-patronale-2017\/#primaryimage"},"image":{"@id":"https:\/\/archiviocassano.lavocedelpaese.info\/index.php\/2017\/06\/20\/madonna-degli-angeli-tutte-le-novita-della-festa-patronale-2017\/#primaryimage"},"thumbnailUrl":"https:\/\/archiviocassano.lavocedelpaese.info\/wp-content\/uploads\/2017\/06\/madonn_d_basce_piccola.jpg","datePublished":"2017-06-20T09:50:32+00:00","breadcrumb":{"@id":"https:\/\/archiviocassano.lavocedelpaese.info\/index.php\/2017\/06\/20\/madonna-degli-angeli-tutte-le-novita-della-festa-patronale-2017\/#breadcrumb"},"inLanguage":"it-IT","potentialAction":[{"@type":"ReadAction","target":["https:\/\/archiviocassano.lavocedelpaese.info\/index.php\/2017\/06\/20\/madonna-degli-angeli-tutte-le-novita-della-festa-patronale-2017\/"]}]},{"@type":"ImageObject","inLanguage":"it-IT","@id":"https:\/\/archiviocassano.lavocedelpaese.info\/index.php\/2017\/06\/20\/madonna-degli-angeli-tutte-le-novita-della-festa-patronale-2017\/#primaryimage","url":"https:\/\/archiviocassano.lavocedelpaese.info\/wp-content\/uploads\/2017\/06\/madonn_d_basce_piccola.jpg","contentUrl":"https:\/\/archiviocassano.lavocedelpaese.info\/wp-content\/uploads\/2017\/06\/madonn_d_basce_piccola.jpg","width":320,"height":150,"caption":"madonn d basce piccola"},{"@type":"BreadcrumbList","@id":"https:\/\/archiviocassano.lavocedelpaese.info\/index.php\/2017\/06\/20\/madonna-degli-angeli-tutte-le-novita-della-festa-patronale-2017\/#breadcrumb","itemListElement":[{"@type":"ListItem","position":1,"name":"Home","item":"https:\/\/archiviocassano.lavocedelpaese.info\/"},{"@type":"ListItem","position":2,"name":"Tutte le novit\u00e0 della Festa patronale 2017"}]},{"@type":"WebSite","@id":"https:\/\/archiviocassano.lavocedelpaese.info\/#website","url":"https:\/\/archiviocassano.lavocedelpaese.info\/","name":"Archivio CassanoWeb","description":"La Voce del Paese - un network di idee","publisher":{"@id":"https:\/\/archiviocassano.lavocedelpaese.info\/#organization"},"potentialAction":[{"@type":"SearchAction","target":{"@type":"EntryPoint","urlTemplate":"https:\/\/archiviocassano.lavocedelpaese.info\/?s={search_term_string}"},"query-input":{"@type":"PropertyValueSpecification","valueRequired":true,"valueName":"search_term_string"}}],"inLanguage":"it-IT"},{"@type":"Organization","@id":"https:\/\/archiviocassano.lavocedelpaese.info\/#organization","name":"Archivio CassanoWeb","url":"https:\/\/archiviocassano.lavocedelpaese.info\/","logo":{"@type":"ImageObject","inLanguage":"it-IT","@id":"https:\/\/archiviocassano.lavocedelpaese.info\/#\/schema\/logo\/image\/","url":"https:\/\/archiviocassano.lavocedelpaese.info\/wp-content\/uploads\/2024\/08\/logo-rosso-2.png","contentUrl":"https:\/\/archiviocassano.lavocedelpaese.info\/wp-content\/uploads\/2024\/08\/logo-rosso-2.png","width":491,"height":432,"caption":"Archivio CassanoWeb"},"image":{"@id":"https:\/\/archiviocassano.lavocedelpaese.info\/#\/schema\/logo\/image\/"},"sameAs":["https:\/\/www.facebook.com\/redazione.cassanoweb"]},{"@type":"Person","@id":"https:\/\/archiviocassano.lavocedelpaese.info\/#\/schema\/person\/df195bc79a9b4c35127cf005f92e041b","name":"admin","image":{"@type":"ImageObject","inLanguage":"it-IT","@id":"https:\/\/secure.gravatar.com\/avatar\/eabba89a432e8eaa1b0207cc55f7e5340b22712b1ed80677efcf63e02ff5b235?s=96&d=mm&r=g","url":"https:\/\/secure.gravatar.com\/avatar\/eabba89a432e8eaa1b0207cc55f7e5340b22712b1ed80677efcf63e02ff5b235?s=96&d=mm&r=g","contentUrl":"https:\/\/secure.gravatar.com\/avatar\/eabba89a432e8eaa1b0207cc55f7e5340b22712b1ed80677efcf63e02ff5b235?s=96&d=mm&r=g","caption":"admin"},"sameAs":["https:\/\/archiviocassano.lavocedelpaese.info"],"url":"https:\/\/archiviocassano.lavocedelpaese.info\/index.php\/author\/admin_0qgz1xdp\/"}]}},"_links":{"self":[{"href":"https:\/\/archiviocassano.lavocedelpaese.info\/index.php\/wp-json\/wp\/v2\/posts\/14222","targetHints":{"allow":["GET"]}}],"collection":[{"href":"https:\/\/archiviocassano.lavocedelpaese.info\/index.php\/wp-json\/wp\/v2\/posts"}],"about":[{"href":"https:\/\/archiviocassano.lavocedelpaese.info\/index.php\/wp-json\/wp\/v2\/types\/post"}],"author":[{"embeddable":true,"href":"https:\/\/archiviocassano.lavocedelpaese.info\/index.php\/wp-json\/wp\/v2\/users\/1"}],"replies":[{"embeddable":true,"href":"https:\/\/archiviocassano.lavocedelpaese.info\/index.php\/wp-json\/wp\/v2\/comments?post=14222"}],"version-history":[{"count":0,"href":"https:\/\/archiviocassano.lavocedelpaese.info\/index.php\/wp-json\/wp\/v2\/posts\/14222\/revisions"}],"wp:featuredmedia":[{"embeddable":true,"href":"https:\/\/archiviocassano.lavocedelpaese.info\/index.php\/wp-json\/wp\/v2\/media\/14221"}],"wp:attachment":[{"href":"https:\/\/archiviocassano.lavocedelpaese.info\/index.php\/wp-json\/wp\/v2\/media?parent=14222"}],"wp:term":[{"taxonomy":"category","embeddable":true,"href":"https:\/\/archiviocassano.lavocedelpaese.info\/index.php\/wp-json\/wp\/v2\/categories?post=14222"},{"taxonomy":"post_tag","embeddable":true,"href":"https:\/\/archiviocassano.lavocedelpaese.info\/index.php\/wp-json\/wp\/v2\/tags?post=14222"}],"curies":[{"name":"wp","href":"https:\/\/api.w.org\/{rel}","templated":true}]}}